{"id":68121,"date":"2025-05-28T21:48:43","date_gmt":"2025-05-28T20:48:43","guid":{"rendered":"https:\/\/lasentinelle.dz\/?p=68121"},"modified":"2025-05-28T21:48:43","modified_gmt":"2025-05-28T20:48:43","slug":"programmes-culturels-lire-en-fete-promouvoir-la-lecture-chez-les-jeunes","status":"publish","type":"post","link":"https:\/\/lasentinelle.dz\/index.php\/2025\/05\/28\/programmes-culturels-lire-en-fete-promouvoir-la-lecture-chez-les-jeunes\/","title":{"rendered":"Programmes culturels \u00ab\u00a0Lire en f\u00eate\u00a0\u00bb : Promouvoir la lecture chez les jeunes"},"content":{"rendered":"\n<p>L&rsquo;Alg\u00e9rie vit actuellement une v\u00e9ritable effervescence autour de la promotion de la lecture chez les plus jeunes, avec deux festivals majeurs qui transforment les biblioth\u00e8ques en v\u00e9ritables terrains de jeu culturels. \u00c0 Ouargla, la douzi\u00e8me \u00e9dition du festival \u00ab\u00a0Lecture en f\u00eate\u00a0\u00bb a ouvert ses portes lundi \u00e0 la biblioth\u00e8que principale de lecture publique \u00ab\u00a0Tijani Mohamed\u00a0\u00bb, sous le slogan \u00e9vocateur \u00ab\u00a0Lisez pour conna\u00eetre\u00a0\u00bb. Plac\u00e9 sous l&rsquo;\u00e9gide du minist\u00e8re de la Culture et des Arts, cet \u00e9v\u00e9nement s&rsquo;inscrit parfaitement dans la politique culturelle nationale visant \u00e0 ancrer durablement l&rsquo;habitude de lecture chez les enfants. L&rsquo;initiative t\u00e9moigne d&rsquo;une approche moderne et ludique de l&rsquo;\u00e9ducation culturelle, o\u00f9 l&rsquo;apprentissage devient synonyme de plaisir et de d\u00e9couverte. La manifestation, qui se d\u00e9roule jusqu&rsquo;au 1er juin, propose une programmation riche et vari\u00e9e con\u00e7ue sp\u00e9cialement pour captiver l&rsquo;attention des jeunes lecteurs en herbe. L&rsquo;ouverture du festival ouargli a rassembl\u00e9 un public diversifi\u00e9 d&rsquo;acteurs culturels, incluant le directeur de la maison de culture \u00ab\u00a0Moufdi Zakaria\u00a0\u00bb, des repr\u00e9sentants d&rsquo;institutions partenaires, des universitaires, des journalistes et des cadres du secteur culturel. Cette mobilisation t\u00e9moigne de l&rsquo;engouement suscit\u00e9 par cette initiative qui d\u00e9passe largement le cadre d&rsquo;un simple \u00e9v\u00e9nement culturel pour devenir un v\u00e9ritable mouvement social en faveur de la lecture. Les participants ont pu d\u00e9couvrir des expositions vari\u00e9es pr\u00e9sentant les affiches des \u00e9ditions pr\u00e9c\u00e9dentes, les dessins d&rsquo;enfants et des stands de librairies locales, cr\u00e9ant un environnement immersif propice \u00e0 l&rsquo;\u00e9veil de la curiosit\u00e9 litt\u00e9raire.<\/p>\n\n\n\n<p>L&rsquo;aspect le plus s\u00e9duisant du festival r\u00e9side dans sa programmation d&rsquo;ateliers interactifs qui transforment l&rsquo;acte de lire en v\u00e9ritable aventure. Les enfants peuvent participer \u00e0 des sessions de dessin, coloriage, lecture et conte, encadr\u00e9es par des animateurs exp\u00e9riment\u00e9s qui savent allier p\u00e9dagogie et divertissement. Le clou du spectacle reste sans conteste la prestation acrobatique de la troupe \u00ab\u00a0Lou et Simo\u00a0\u00bb qui a litt\u00e9ralement envo\u00fbt\u00e9 le jeune public, prouvant que la culture peut parfaitement s&rsquo;associer au spectacle vivant pour cr\u00e9er des exp\u00e9riences m\u00e9morables.<\/p>\n\n\n\n<p>La c\u00e9r\u00e9monie d&rsquo;ouverture a \u00e9galement \u00e9t\u00e9 marqu\u00e9e par un moment particuli\u00e8rement \u00e9mouvant avec la distinction du jeune Setara Oussama, couronn\u00e9 \u00ab\u00a0pionnier de la lecture\u00a0\u00bb pour avoir d\u00e9vor\u00e9 plus de 100 ouvrages. Cette reconnaissance symbolique illustre parfaitement l&rsquo;esprit du festival qui c\u00e9l\u00e8bre la passion authentique pour les livres et encourage l&rsquo;\u00e9mulation positive entre les jeunes lecteurs. Cette initiative de valorisation des gros lecteurs constitue un formidable levier de motivation pour inciter d&rsquo;autres enfants \u00e0 suivre cet exemple inspirant.<\/p>\n\n\n\n<p>Le programme se d\u00e9ploie sur plus de vingt activit\u00e9s r\u00e9parties dans diff\u00e9rentes biblioth\u00e8ques annexes et communes, avec la participation de troupes artistiques et d&rsquo;associations sp\u00e9cialis\u00e9es dans la culture enfantine. Cette d\u00e9centralisation permet de toucher un public plus large et de d\u00e9mocratiser l&rsquo;acc\u00e8s \u00e0 ces activit\u00e9s culturelles enrichissantes. Les organisateurs ont particuli\u00e8rement veill\u00e9 \u00e0 inclure les enfants \u00e0 besoins sp\u00e9cifiques dans les ateliers, concr\u00e9tisant ainsi le principe d&rsquo;inclusion culturelle pr\u00f4n\u00e9 par le minist\u00e8re de la Culture et des Arts. Parall\u00e8lement, Oran s&rsquo;appr\u00eate \u00e0 vivre sa propre f\u00eate litt\u00e9raire avec la onzi\u00e8me \u00e9dition du festival culturel local \u00ab\u00a0Lecture en f\u00eate\u00a0\u00bb, programm\u00e9e du 1er au 5 juin \u00e0 la maison de culture et des arts \u00ab\u00a0Zeddour Brahim Belkacem\u00a0\u00bb. Sous la supervision de la direction de la Culture et des Arts, cet \u00e9v\u00e9nement co\u00efncide symboliquement avec la Journ\u00e9e de l&rsquo;Enfance, renfor\u00e7ant son caract\u00e8re \u00e9ducatif et culturel. Le commissaire du festival, Djamel Eddine Berka, souligne que cette manifestation vise \u00e0 renforcer le r\u00f4le de la lecture dans la dynamique culturelle oranaise tout en sensibilisant les jeunes g\u00e9n\u00e9rations \u00e0 l&rsquo;importance de la culture.<\/p>\n\n\n\n<p>Le programme oranais promet une s\u00e9rie d&rsquo;activit\u00e9s interactives particuli\u00e8rement attrayantes, incluant des expositions de livres, des spectacles de conteurs et diverses initiatives d&rsquo;encouragement \u00e0 la lecture. Les ateliers litt\u00e9raires autour de la lecture \u00e0 haute voix, du r\u00e9sum\u00e9 de contes et de la calligraphie arabe c\u00f4toient des activit\u00e9s plus cr\u00e9atives comme le dessin, le coloriage et les travaux manuels, le tout agr\u00e9ment\u00e9 de spectacles artistiques \u00e9ducatifs et de concours culturels stimulants.<\/p>\n\n\n\n<p>M.S.<\/p>\n","protected":false},"excerpt":{"rendered":"<p>L&rsquo;Alg\u00e9rie vit actuellement une v\u00e9ritable effervescence autour de la promotion de la lecture chez les plus jeunes, avec deux festivals<\/p>\n","protected":false},"author":6,"featured_media":68122,"comment_status":"open","ping_status":"closed","sticky":false,"template":"","format":"standard","meta":{"colormag_page_container_layout":"default_layout","colormag_page_sidebar_layout":"default_layout","om_disable_all_campaigns":false,"_monsterinsights_skip_tracking":false,"_monsterinsights_sitenote_active":false,"_monsterinsights_sitenote_note":"","_monsterinsights_sitenote_category":0,"footnotes":"","_wpscppro_dont_share_socialmedia":false,"_wpscppro_custom_social_share_image":0,"_facebook_share_type":"default","_twitter_share_type":"default","_linkedin_share_type":"default","_pinterest_share_type":"default","_linkedin_share_type_page":"","_instagram_share_type":"default","_medium_share_type":"default","_threads_share_type":"","_google_business_share_type":"","_selected_social_profile":[],"_wpsp_enable_custom_social_template":false,"_wpsp_social_scheduling":{"enabled":false,"datetime":null,"platforms":[],"status":"template_only","dateOption":"today","timeOption":"now","customDays":"","customHours":"","customDate":"","customTime":"","schedulingType":"absolute"},"_wpsp_active_default_template":true},"categories":[36],"tags":[],"class_list":["post-68121","post","type-post","status-publish","format-standard","has-post-thumbnail","hentry","category-culture"],"aioseo_notices":[],"yoast_head":"<!-- This site is optimized with the Yoast SEO plugin v27.5 - https:\/\/yoast.com\/product\/yoast-seo-wordpress\/ -->\n<title>Programmes culturels \u00ab\u00a0Lire en f\u00eate\u00a0\u00bb : Promouvoir la lecture chez les jeunes - La Sentinelle<\/title>\n<meta name=\"robots\" content=\"index, follow, max-snippet:-1, max-image-preview:large, max-video-preview:-1\" \/>\n<link rel=\"canonical\" href=\"https:\/\/lasentinelle.dz\/index.php\/2025\/05\/28\/programmes-culturels-lire-en-fete-promouvoir-la-lecture-chez-les-jeunes\/\" \/>\n<meta property=\"og:locale\" content=\"fr_FR\" \/>\n<meta property=\"og:type\" content=\"article\" \/>\n<meta property=\"og:title\" content=\"Programmes culturels \u00ab\u00a0Lire en f\u00eate\u00a0\u00bb : Promouvoir la lecture chez les jeunes - La Sentinelle\" \/>\n<meta property=\"og:description\" content=\"L&rsquo;Alg\u00e9rie vit actuellement une v\u00e9ritable effervescence autour de la promotion de la lecture chez les plus jeunes, avec deux festivals\" \/>\n<meta property=\"og:url\" content=\"https:\/\/lasentinelle.dz\/index.php\/2025\/05\/28\/programmes-culturels-lire-en-fete-promouvoir-la-lecture-chez-les-jeunes\/\" \/>\n<meta property=\"og:site_name\" content=\"La Sentinelle\" \/>\n<meta property=\"article:publisher\" content=\"https:\/\/www.facebook.com\/La-Sentinelle-104059864394773\" \/>\n<meta property=\"article:published_time\" content=\"2025-05-28T20:48:43+00:00\" \/>\n<meta property=\"og:image\" content=\"https:\/\/lasentinelle.dz\/wp-content\/uploads\/2025\/05\/enfants-lecture.webp\" \/>\n\t<meta property=\"og:image:width\" content=\"580\" \/>\n\t<meta property=\"og:image:height\" content=\"387\" \/>\n\t<meta property=\"og:image:type\" content=\"image\/webp\" \/>\n<meta name=\"author\" content=\"admin\" \/>\n<meta name=\"twitter:card\" content=\"summary_large_image\" \/>\n<meta name=\"twitter:label1\" content=\"\u00c9crit par\" \/>\n\t<meta name=\"twitter:data1\" content=\"admin\" \/>\n\t<meta name=\"twitter:label2\" content=\"Dur\u00e9e de lecture estim\u00e9e\" \/>\n\t<meta name=\"twitter:data2\" content=\"4 minutes\" \/>\n<script type=\"application\/ld+json\" class=\"yoast-schema-graph\">{\"@context\":\"https:\\\/\\\/schema.org\",\"@graph\":[{\"@type\":\"Article\",\"@id\":\"https:\\\/\\\/lasentinelle.dz\\\/index.php\\\/2025\\\/05\\\/28\\\/programmes-culturels-lire-en-fete-promouvoir-la-lecture-chez-les-jeunes\\\/#article\",\"isPartOf\":{\"@id\":\"https:\\\/\\\/lasentinelle.dz\\\/index.php\\\/2025\\\/05\\\/28\\\/programmes-culturels-lire-en-fete-promouvoir-la-lecture-chez-les-jeunes\\\/\"},\"author\":{\"name\":\"admin\",\"@id\":\"https:\\\/\\\/lasentinelle.dz\\\/#\\\/schema\\\/person\\\/729ee0024f24e0b8c5ec17232f8e8b41\"},\"headline\":\"Programmes culturels \u00ab\u00a0Lire en f\u00eate\u00a0\u00bb : Promouvoir la lecture chez les jeunes\",\"datePublished\":\"2025-05-28T20:48:43+00:00\",\"mainEntityOfPage\":{\"@id\":\"https:\\\/\\\/lasentinelle.dz\\\/index.php\\\/2025\\\/05\\\/28\\\/programmes-culturels-lire-en-fete-promouvoir-la-lecture-chez-les-jeunes\\\/\"},\"wordCount\":757,\"commentCount\":0,\"publisher\":{\"@id\":\"https:\\\/\\\/lasentinelle.dz\\\/#organization\"},\"image\":{\"@id\":\"https:\\\/\\\/lasentinelle.dz\\\/index.php\\\/2025\\\/05\\\/28\\\/programmes-culturels-lire-en-fete-promouvoir-la-lecture-chez-les-jeunes\\\/#primaryimage\"},\"thumbnailUrl\":\"https:\\\/\\\/lasentinelle.dz\\\/wp-content\\\/uploads\\\/2025\\\/05\\\/enfants-lecture.webp\",\"articleSection\":[\"Culture\"],\"inLanguage\":\"fr-FR\",\"potentialAction\":[{\"@type\":\"CommentAction\",\"name\":\"Comment\",\"target\":[\"https:\\\/\\\/lasentinelle.dz\\\/index.php\\\/2025\\\/05\\\/28\\\/programmes-culturels-lire-en-fete-promouvoir-la-lecture-chez-les-jeunes\\\/#respond\"]}]},{\"@type\":\"WebPage\",\"@id\":\"https:\\\/\\\/lasentinelle.dz\\\/index.php\\\/2025\\\/05\\\/28\\\/programmes-culturels-lire-en-fete-promouvoir-la-lecture-chez-les-jeunes\\\/\",\"url\":\"https:\\\/\\\/lasentinelle.dz\\\/index.php\\\/2025\\\/05\\\/28\\\/programmes-culturels-lire-en-fete-promouvoir-la-lecture-chez-les-jeunes\\\/\",\"name\":\"Programmes culturels \u00ab\u00a0Lire en f\u00eate\u00a0\u00bb : Promouvoir la lecture chez les jeunes - La Sentinelle\",\"isPartOf\":{\"@id\":\"https:\\\/\\\/lasentinelle.dz\\\/#website\"},\"primaryImageOfPage\":{\"@id\":\"https:\\\/\\\/lasentinelle.dz\\\/index.php\\\/2025\\\/05\\\/28\\\/programmes-culturels-lire-en-fete-promouvoir-la-lecture-chez-les-jeunes\\\/#primaryimage\"},\"image\":{\"@id\":\"https:\\\/\\\/lasentinelle.dz\\\/index.php\\\/2025\\\/05\\\/28\\\/programmes-culturels-lire-en-fete-promouvoir-la-lecture-chez-les-jeunes\\\/#primaryimage\"},\"thumbnailUrl\":\"https:\\\/\\\/lasentinelle.dz\\\/wp-content\\\/uploads\\\/2025\\\/05\\\/enfants-lecture.webp\",\"datePublished\":\"2025-05-28T20:48:43+00:00\",\"breadcrumb\":{\"@id\":\"https:\\\/\\\/lasentinelle.dz\\\/index.php\\\/2025\\\/05\\\/28\\\/programmes-culturels-lire-en-fete-promouvoir-la-lecture-chez-les-jeunes\\\/#breadcrumb\"},\"inLanguage\":\"fr-FR\",\"potentialAction\":[{\"@type\":\"ReadAction\",\"target\":[\"https:\\\/\\\/lasentinelle.dz\\\/index.php\\\/2025\\\/05\\\/28\\\/programmes-culturels-lire-en-fete-promouvoir-la-lecture-chez-les-jeunes\\\/\"]}]},{\"@type\":\"ImageObject\",\"inLanguage\":\"fr-FR\",\"@id\":\"https:\\\/\\\/lasentinelle.dz\\\/index.php\\\/2025\\\/05\\\/28\\\/programmes-culturels-lire-en-fete-promouvoir-la-lecture-chez-les-jeunes\\\/#primaryimage\",\"url\":\"https:\\\/\\\/lasentinelle.dz\\\/wp-content\\\/uploads\\\/2025\\\/05\\\/enfants-lecture.webp\",\"contentUrl\":\"https:\\\/\\\/lasentinelle.dz\\\/wp-content\\\/uploads\\\/2025\\\/05\\\/enfants-lecture.webp\",\"width\":580,\"height\":387},{\"@type\":\"BreadcrumbList\",\"@id\":\"https:\\\/\\\/lasentinelle.dz\\\/index.php\\\/2025\\\/05\\\/28\\\/programmes-culturels-lire-en-fete-promouvoir-la-lecture-chez-les-jeunes\\\/#breadcrumb\",\"itemListElement\":[{\"@type\":\"ListItem\",\"position\":1,\"name\":\"Accueil\",\"item\":\"https:\\\/\\\/lasentinelle.dz\\\/\"},{\"@type\":\"ListItem\",\"position\":2,\"name\":\"Programmes culturels \u00ab\u00a0Lire en f\u00eate\u00a0\u00bb : Promouvoir la lecture chez les jeunes\"}]},{\"@type\":\"WebSite\",\"@id\":\"https:\\\/\\\/lasentinelle.dz\\\/#website\",\"url\":\"https:\\\/\\\/lasentinelle.dz\\\/\",\"name\":\"La Sentinelle\",\"description\":\"Quotidien national d&#039;information\",\"publisher\":{\"@id\":\"https:\\\/\\\/lasentinelle.dz\\\/#organization\"},\"potentialAction\":[{\"@type\":\"SearchAction\",\"target\":{\"@type\":\"EntryPoint\",\"urlTemplate\":\"https:\\\/\\\/lasentinelle.dz\\\/?s={search_term_string}\"},\"query-input\":{\"@type\":\"PropertyValueSpecification\",\"valueRequired\":true,\"valueName\":\"search_term_string\"}}],\"inLanguage\":\"fr-FR\"},{\"@type\":\"Organization\",\"@id\":\"https:\\\/\\\/lasentinelle.dz\\\/#organization\",\"name\":\"Quotidien La Sentinelle\",\"url\":\"https:\\\/\\\/lasentinelle.dz\\\/\",\"logo\":{\"@type\":\"ImageObject\",\"inLanguage\":\"fr-FR\",\"@id\":\"https:\\\/\\\/lasentinelle.dz\\\/#\\\/schema\\\/logo\\\/image\\\/\",\"url\":\"https:\\\/\\\/lasentinelle.dz\\\/wp-content\\\/uploads\\\/2021\\\/09\\\/logo-sentinelleSLOGAN-1.png\",\"contentUrl\":\"https:\\\/\\\/lasentinelle.dz\\\/wp-content\\\/uploads\\\/2021\\\/09\\\/logo-sentinelleSLOGAN-1.png\",\"width\":615,\"height\":142,\"caption\":\"Quotidien La Sentinelle\"},\"image\":{\"@id\":\"https:\\\/\\\/lasentinelle.dz\\\/#\\\/schema\\\/logo\\\/image\\\/\"},\"sameAs\":[\"https:\\\/\\\/www.facebook.com\\\/La-Sentinelle-104059864394773\"]},{\"@type\":\"Person\",\"@id\":\"https:\\\/\\\/lasentinelle.dz\\\/#\\\/schema\\\/person\\\/729ee0024f24e0b8c5ec17232f8e8b41\",\"name\":\"admin\",\"image\":{\"@type\":\"ImageObject\",\"inLanguage\":\"fr-FR\",\"@id\":\"https:\\\/\\\/secure.gravatar.com\\\/avatar\\\/4c81fed838786e9b53f540bf46533e750f5d292099ae3b66cfc6fb1982e29df7?s=96&d=mm&r=g\",\"url\":\"https:\\\/\\\/secure.gravatar.com\\\/avatar\\\/4c81fed838786e9b53f540bf46533e750f5d292099ae3b66cfc6fb1982e29df7?s=96&d=mm&r=g\",\"contentUrl\":\"https:\\\/\\\/secure.gravatar.com\\\/avatar\\\/4c81fed838786e9b53f540bf46533e750f5d292099ae3b66cfc6fb1982e29df7?s=96&d=mm&r=g\",\"caption\":\"admin\"},\"description\":\"admin\",\"url\":\"https:\\\/\\\/lasentinelle.dz\\\/author\\\/admin\\\/\"}]}<\/script>\n<!-- \/ Yoast SEO plugin. -->","yoast_head_json":{"title":"Programmes culturels \u00ab\u00a0Lire en f\u00eate\u00a0\u00bb : Promouvoir la lecture chez les jeunes - La Sentinelle","robots":{"index":"index","follow":"follow","max-snippet":"max-snippet:-1","max-image-preview":"max-image-preview:large","max-video-preview":"max-video-preview:-1"},"canonical":"https:\/\/lasentinelle.dz\/index.php\/2025\/05\/28\/programmes-culturels-lire-en-fete-promouvoir-la-lecture-chez-les-jeunes\/","og_locale":"fr_FR","og_type":"article","og_title":"Programmes culturels \u00ab\u00a0Lire en f\u00eate\u00a0\u00bb : Promouvoir la lecture chez les jeunes - La Sentinelle","og_description":"L&rsquo;Alg\u00e9rie vit actuellement une v\u00e9ritable effervescence autour de la promotion de la lecture chez les plus jeunes, avec deux festivals","og_url":"https:\/\/lasentinelle.dz\/index.php\/2025\/05\/28\/programmes-culturels-lire-en-fete-promouvoir-la-lecture-chez-les-jeunes\/","og_site_name":"La Sentinelle","article_publisher":"https:\/\/www.facebook.com\/La-Sentinelle-104059864394773","article_published_time":"2025-05-28T20:48:43+00:00","og_image":[{"width":580,"height":387,"url":"https:\/\/lasentinelle.dz\/wp-content\/uploads\/2025\/05\/enfants-lecture.webp","type":"image\/webp"}],"author":"admin","twitter_card":"summary_large_image","twitter_misc":{"\u00c9crit par":"admin","Dur\u00e9e de lecture estim\u00e9e":"4 minutes"},"schema":{"@context":"https:\/\/schema.org","@graph":[{"@type":"Article","@id":"https:\/\/lasentinelle.dz\/index.php\/2025\/05\/28\/programmes-culturels-lire-en-fete-promouvoir-la-lecture-chez-les-jeunes\/#article","isPartOf":{"@id":"https:\/\/lasentinelle.dz\/index.php\/2025\/05\/28\/programmes-culturels-lire-en-fete-promouvoir-la-lecture-chez-les-jeunes\/"},"author":{"name":"admin","@id":"https:\/\/lasentinelle.dz\/#\/schema\/person\/729ee0024f24e0b8c5ec17232f8e8b41"},"headline":"Programmes culturels \u00ab\u00a0Lire en f\u00eate\u00a0\u00bb : Promouvoir la lecture chez les jeunes","datePublished":"2025-05-28T20:48:43+00:00","mainEntityOfPage":{"@id":"https:\/\/lasentinelle.dz\/index.php\/2025\/05\/28\/programmes-culturels-lire-en-fete-promouvoir-la-lecture-chez-les-jeunes\/"},"wordCount":757,"commentCount":0,"publisher":{"@id":"https:\/\/lasentinelle.dz\/#organization"},"image":{"@id":"https:\/\/lasentinelle.dz\/index.php\/2025\/05\/28\/programmes-culturels-lire-en-fete-promouvoir-la-lecture-chez-les-jeunes\/#primaryimage"},"thumbnailUrl":"https:\/\/lasentinelle.dz\/wp-content\/uploads\/2025\/05\/enfants-lecture.webp","articleSection":["Culture"],"inLanguage":"fr-FR","potentialAction":[{"@type":"CommentAction","name":"Comment","target":["https:\/\/lasentinelle.dz\/index.php\/2025\/05\/28\/programmes-culturels-lire-en-fete-promouvoir-la-lecture-chez-les-jeunes\/#respond"]}]},{"@type":"WebPage","@id":"https:\/\/lasentinelle.dz\/index.php\/2025\/05\/28\/programmes-culturels-lire-en-fete-promouvoir-la-lecture-chez-les-jeunes\/","url":"https:\/\/lasentinelle.dz\/index.php\/2025\/05\/28\/programmes-culturels-lire-en-fete-promouvoir-la-lecture-chez-les-jeunes\/","name":"Programmes culturels \u00ab\u00a0Lire en f\u00eate\u00a0\u00bb : Promouvoir la lecture chez les jeunes - La Sentinelle","isPartOf":{"@id":"https:\/\/lasentinelle.dz\/#website"},"primaryImageOfPage":{"@id":"https:\/\/lasentinelle.dz\/index.php\/2025\/05\/28\/programmes-culturels-lire-en-fete-promouvoir-la-lecture-chez-les-jeunes\/#primaryimage"},"image":{"@id":"https:\/\/lasentinelle.dz\/index.php\/2025\/05\/28\/programmes-culturels-lire-en-fete-promouvoir-la-lecture-chez-les-jeunes\/#primaryimage"},"thumbnailUrl":"https:\/\/lasentinelle.dz\/wp-content\/uploads\/2025\/05\/enfants-lecture.webp","datePublished":"2025-05-28T20:48:43+00:00","breadcrumb":{"@id":"https:\/\/lasentinelle.dz\/index.php\/2025\/05\/28\/programmes-culturels-lire-en-fete-promouvoir-la-lecture-chez-les-jeunes\/#breadcrumb"},"inLanguage":"fr-FR","potentialAction":[{"@type":"ReadAction","target":["https:\/\/lasentinelle.dz\/index.php\/2025\/05\/28\/programmes-culturels-lire-en-fete-promouvoir-la-lecture-chez-les-jeunes\/"]}]},{"@type":"ImageObject","inLanguage":"fr-FR","@id":"https:\/\/lasentinelle.dz\/index.php\/2025\/05\/28\/programmes-culturels-lire-en-fete-promouvoir-la-lecture-chez-les-jeunes\/#primaryimage","url":"https:\/\/lasentinelle.dz\/wp-content\/uploads\/2025\/05\/enfants-lecture.webp","contentUrl":"https:\/\/lasentinelle.dz\/wp-content\/uploads\/2025\/05\/enfants-lecture.webp","width":580,"height":387},{"@type":"BreadcrumbList","@id":"https:\/\/lasentinelle.dz\/index.php\/2025\/05\/28\/programmes-culturels-lire-en-fete-promouvoir-la-lecture-chez-les-jeunes\/#breadcrumb","itemListElement":[{"@type":"ListItem","position":1,"name":"Accueil","item":"https:\/\/lasentinelle.dz\/"},{"@type":"ListItem","position":2,"name":"Programmes culturels \u00ab\u00a0Lire en f\u00eate\u00a0\u00bb : Promouvoir la lecture chez les jeunes"}]},{"@type":"WebSite","@id":"https:\/\/lasentinelle.dz\/#website","url":"https:\/\/lasentinelle.dz\/","name":"La Sentinelle","description":"Quotidien national d&#039;information","publisher":{"@id":"https:\/\/lasentinelle.dz\/#organization"},"potentialAction":[{"@type":"SearchAction","target":{"@type":"EntryPoint","urlTemplate":"https:\/\/lasentinelle.dz\/?s={search_term_string}"},"query-input":{"@type":"PropertyValueSpecification","valueRequired":true,"valueName":"search_term_string"}}],"inLanguage":"fr-FR"},{"@type":"Organization","@id":"https:\/\/lasentinelle.dz\/#organization","name":"Quotidien La Sentinelle","url":"https:\/\/lasentinelle.dz\/","logo":{"@type":"ImageObject","inLanguage":"fr-FR","@id":"https:\/\/lasentinelle.dz\/#\/schema\/logo\/image\/","url":"https:\/\/lasentinelle.dz\/wp-content\/uploads\/2021\/09\/logo-sentinelleSLOGAN-1.png","contentUrl":"https:\/\/lasentinelle.dz\/wp-content\/uploads\/2021\/09\/logo-sentinelleSLOGAN-1.png","width":615,"height":142,"caption":"Quotidien La Sentinelle"},"image":{"@id":"https:\/\/lasentinelle.dz\/#\/schema\/logo\/image\/"},"sameAs":["https:\/\/www.facebook.com\/La-Sentinelle-104059864394773"]},{"@type":"Person","@id":"https:\/\/lasentinelle.dz\/#\/schema\/person\/729ee0024f24e0b8c5ec17232f8e8b41","name":"admin","image":{"@type":"ImageObject","inLanguage":"fr-FR","@id":"https:\/\/secure.gravatar.com\/avatar\/4c81fed838786e9b53f540bf46533e750f5d292099ae3b66cfc6fb1982e29df7?s=96&d=mm&r=g","url":"https:\/\/secure.gravatar.com\/avatar\/4c81fed838786e9b53f540bf46533e750f5d292099ae3b66cfc6fb1982e29df7?s=96&d=mm&r=g","contentUrl":"https:\/\/secure.gravatar.com\/avatar\/4c81fed838786e9b53f540bf46533e750f5d292099ae3b66cfc6fb1982e29df7?s=96&d=mm&r=g","caption":"admin"},"description":"admin","url":"https:\/\/lasentinelle.dz\/author\/admin\/"}]}},"_links":{"self":[{"href":"https:\/\/lasentinelle.dz\/index.php\/wp-json\/wp\/v2\/posts\/68121","targetHints":{"allow":["GET"]}}],"collection":[{"href":"https:\/\/lasentinelle.dz\/index.php\/wp-json\/wp\/v2\/posts"}],"about":[{"href":"https:\/\/lasentinelle.dz\/index.php\/wp-json\/wp\/v2\/types\/post"}],"author":[{"embeddable":true,"href":"https:\/\/lasentinelle.dz\/index.php\/wp-json\/wp\/v2\/users\/6"}],"replies":[{"embeddable":true,"href":"https:\/\/lasentinelle.dz\/index.php\/wp-json\/wp\/v2\/comments?post=68121"}],"version-history":[{"count":2,"href":"https:\/\/lasentinelle.dz\/index.php\/wp-json\/wp\/v2\/posts\/68121\/revisions"}],"predecessor-version":[{"id":68124,"href":"https:\/\/lasentinelle.dz\/index.php\/wp-json\/wp\/v2\/posts\/68121\/revisions\/68124"}],"wp:featuredmedia":[{"embeddable":true,"href":"https:\/\/lasentinelle.dz\/index.php\/wp-json\/wp\/v2\/media\/68122"}],"wp:attachment":[{"href":"https:\/\/lasentinelle.dz\/index.php\/wp-json\/wp\/v2\/media?parent=68121"}],"wp:term":[{"taxonomy":"category","embeddable":true,"href":"https:\/\/lasentinelle.dz\/index.php\/wp-json\/wp\/v2\/categories?post=68121"},{"taxonomy":"post_tag","embeddable":true,"href":"https:\/\/lasentinelle.dz\/index.php\/wp-json\/wp\/v2\/tags?post=68121"}],"curies":[{"name":"wp","href":"https:\/\/api.w.org\/{rel}","templated":true}]}}