{"id":68125,"date":"2025-05-28T21:49:22","date_gmt":"2025-05-28T20:49:22","guid":{"rendered":"https:\/\/lasentinelle.dz\/?p=68125"},"modified":"2025-05-28T21:49:23","modified_gmt":"2025-05-28T20:49:23","slug":"8e-edition-du-festival-national-de-litterature-et-cinema-de-la-femme-saida-celebre-la-creation-feminine","status":"publish","type":"post","link":"https:\/\/lasentinelle.dz\/index.php\/2025\/05\/28\/8e-edition-du-festival-national-de-litterature-et-cinema-de-la-femme-saida-celebre-la-creation-feminine\/","title":{"rendered":"8e \u00e9dition du Festival national de litt\u00e9rature et cin\u00e9ma de la femme : Sa\u00efda c\u00e9l\u00e8bre la cr\u00e9ation f\u00e9minine"},"content":{"rendered":"\n<p>Sous le haut patronage du ministre de la Culture et des Arts, le th\u00e9\u00e2tre r\u00e9gional \u00ab\u00a0Sirat Boumediene\u00a0\u00bb de Sa\u00efda s&rsquo;est transform\u00e9 lundi en temple de la cr\u00e9ation f\u00e9minine alg\u00e9rienne. L&rsquo;ouverture de la huiti\u00e8me \u00e9dition du Festival national de litt\u00e9rature et cin\u00e9ma de la femme a marqu\u00e9 un moment d&rsquo;\u00e9motion et de reconnaissance pour les talents f\u00e9minins qui enrichissent le paysage culturel national. Cette c\u00e9r\u00e9monie inaugurale, pr\u00e9sid\u00e9e par Sma\u00efl Yabrire, conseiller au minist\u00e8re repr\u00e9sentant le ministre, en pr\u00e9sence du wali de Sa\u00efda M. Amoumen Mermouri et de nombreuses personnalit\u00e9s culturelles venues de tout le territoire national, a donn\u00e9 le ton d&rsquo;une \u00e9dition plac\u00e9e sous le signe de la m\u00e9moire et de l&rsquo;innovation artistique. La soir\u00e9e a d\u00e9but\u00e9 par un moment de recueillement particuli\u00e8rement \u00e9mouvant, une minute de silence observ\u00e9e en hommage au regrett\u00e9 r\u00e9alisateur et producteur Mohamed Lakhdar Hamina, figure embl\u00e9matique du septi\u00e8me art alg\u00e9rien. Dans son discours officiel prononc\u00e9 au nom du ministre, M. Yabrire a soulign\u00e9 l&rsquo;importance capitale des manifestations culturelles dans l&rsquo;\u00e9dification d&rsquo;une industrie culturelle nationale ambitieuse et durable. Il a qualifi\u00e9 ce festival de pierre angulaire dans le soutien \u00e0 l&rsquo;action culturelle qualitative, insistant sur son r\u00f4le d\u00e9terminant dans la cons\u00e9cration de la pr\u00e9sence f\u00e9minine dans les domaines de l&rsquo;\u00e9criture et de la r\u00e9alisation cin\u00e9matographique. Le repr\u00e9sentant minist\u00e9riel a \u00e9galement rappel\u00e9 l&rsquo;engagement ferme de l&rsquo;\u00c9tat, conform\u00e9ment aux orientations pr\u00e9sidentielles, \u00e0 promouvoir la litt\u00e9rature et le cin\u00e9ma comme leviers strat\u00e9giques du d\u00e9veloppement \u00e9conomique et culturel durable du pays.<\/p>\n\n\n\n<p>La c\u00e9r\u00e9monie a \u00e9galement rendu hommage \u00e0 la famille du d\u00e9funt critique cin\u00e9matographique Mohamed Ben Salah, reconnaissance m\u00e9rit\u00e9e de ses contributions substantielles au champ critique et analytique du cin\u00e9ma alg\u00e9rien. Cette distinction posthume illustre la volont\u00e9 du festival de maintenir vivante la m\u00e9moire des personnalit\u00e9s qui ont contribu\u00e9 \u00e0 l&rsquo;essor de la culture cin\u00e9matographique nationale. Parall\u00e8lement, la projection d&rsquo;un reportage documentaire consacr\u00e9 au parcours artistique exceptionnel de Mohamed Lakhdar Hamina a permis au public de red\u00e9couvrir l&rsquo;\u0153uvre de ce ma\u00eetre du cin\u00e9ma alg\u00e9rien, dont les films embl\u00e9matiques comme \u00ab\u00a0Chronique des ann\u00e9es de braise\u00a0\u00bb et \u00ab\u00a0Le Vent des Aur\u00e8s\u00a0\u00bb ont marqu\u00e9 \u00e0 jamais la m\u00e9moire visuelle du septi\u00e8me art national.<\/p>\n\n\n\n<p>Le commissaire du festival, M. Belkacem Moulay, a chaleureusement accueilli les invit\u00e9s de cette manifestation culturelle, consid\u00e9rant cette huiti\u00e8me \u00e9dition comme une \u00e9tape de cons\u00e9cration d&rsquo;un parcours d&rsquo;accompagnement institutionnel des talents f\u00e9minins dans les domaines litt\u00e9raire et cin\u00e9matographique. Son intervention a mis en exergue l&rsquo;\u00e9volution remarquable du festival au fil des \u00e9ditions, devenu aujourd&rsquo;hui un rendez-vous incontournable pour la cr\u00e9ation f\u00e9minine alg\u00e9rienne. De son c\u00f4t\u00e9, le wali de Sa\u00efda a insist\u00e9 sur l&rsquo;importance cruciale d&rsquo;articuler l&rsquo;action culturelle avec les enjeux \u00e9conomiques, pr\u00f4nant l&rsquo;adoption de visions productives novatrices qui garantissent la p\u00e9rennit\u00e9 de tels rendez-vous culturels d&rsquo;envergure.<\/p>\n\n\n\n<p>La soir\u00e9e s&rsquo;est poursuivie avec la pr\u00e9sentation officielle du jury charg\u00e9 d&rsquo;attribuer le prestigieux prix du \u00ab\u00a0Khalkal d&rsquo;or\u00a0\u00bb r\u00e9compensant le meilleur long-m\u00e9trage, ainsi que la remise du prix de la nouvelle litt\u00e9raire. Ces moments ont \u00e9t\u00e9 ponctu\u00e9s par la diffusion du spot officiel du festival et la projection d&rsquo;une s\u00e9lection de films participants, cr\u00e9ant une atmosph\u00e8re festive et un dialogue enrichissant entre le public passionn\u00e9 de litt\u00e9rature et de cin\u00e9ma. Cette huiti\u00e8me \u00e9dition s&rsquo;annonce comme un \u00e9v\u00e9nement majeur c\u00e9l\u00e9brant la cr\u00e9ativit\u00e9 f\u00e9minine alg\u00e9rienne dans toute sa diversit\u00e9 et sa richesse artistique.<\/p>\n\n\n\n<p>Mohand S.<\/p>\n","protected":false},"excerpt":{"rendered":"<p>Sous le haut patronage du ministre de la Culture et des Arts, le th\u00e9\u00e2tre r\u00e9gional \u00ab\u00a0Sirat Boumediene\u00a0\u00bb de Sa\u00efda s&rsquo;est<\/p>\n","protected":false},"author":6,"featured_media":68126,"comment_status":"open","ping_status":"closed","sticky":false,"template":"","format":"standard","meta":{"colormag_page_container_layout":"default_layout","colormag_page_sidebar_layout":"default_layout","om_disable_all_campaigns":false,"_monsterinsights_skip_tracking":false,"_monsterinsights_sitenote_active":false,"_monsterinsights_sitenote_note":"","_monsterinsights_sitenote_category":0,"footnotes":"","_wpscppro_dont_share_socialmedia":false,"_wpscppro_custom_social_share_image":0,"_facebook_share_type":"default","_twitter_share_type":"default","_linkedin_share_type":"default","_pinterest_share_type":"default","_linkedin_share_type_page":"","_instagram_share_type":"default","_medium_share_type":"default","_threads_share_type":"","_google_business_share_type":"","_selected_social_profile":[],"_wpsp_enable_custom_social_template":false,"_wpsp_social_scheduling":{"enabled":false,"datetime":null,"platforms":[],"status":"template_only","dateOption":"today","timeOption":"now","customDays":"","customHours":"","customDate":"","customTime":"","schedulingType":"absolute"},"_wpsp_active_default_template":true},"categories":[36],"tags":[],"class_list":["post-68125","post","type-post","status-publish","format-standard","has-post-thumbnail","hentry","category-culture"],"aioseo_notices":[],"yoast_head":"<!-- This site is optimized with the Yoast SEO plugin v27.5 - https:\/\/yoast.com\/product\/yoast-seo-wordpress\/ -->\n<title>8e \u00e9dition du Festival national de litt\u00e9rature et cin\u00e9ma de la femme : Sa\u00efda c\u00e9l\u00e8bre la cr\u00e9ation f\u00e9minine - La Sentinelle<\/title>\n<meta name=\"robots\" content=\"index, follow, max-snippet:-1, max-image-preview:large, max-video-preview:-1\" \/>\n<link rel=\"canonical\" href=\"https:\/\/lasentinelle.dz\/index.php\/2025\/05\/28\/8e-edition-du-festival-national-de-litterature-et-cinema-de-la-femme-saida-celebre-la-creation-feminine\/\" \/>\n<meta property=\"og:locale\" content=\"fr_FR\" \/>\n<meta property=\"og:type\" content=\"article\" \/>\n<meta property=\"og:title\" content=\"8e \u00e9dition du Festival national de litt\u00e9rature et cin\u00e9ma de la femme : Sa\u00efda c\u00e9l\u00e8bre la cr\u00e9ation f\u00e9minine - La Sentinelle\" \/>\n<meta property=\"og:description\" content=\"Sous le haut patronage du ministre de la Culture et des Arts, le th\u00e9\u00e2tre r\u00e9gional \u00ab\u00a0Sirat Boumediene\u00a0\u00bb de Sa\u00efda s&rsquo;est\" \/>\n<meta property=\"og:url\" content=\"https:\/\/lasentinelle.dz\/index.php\/2025\/05\/28\/8e-edition-du-festival-national-de-litterature-et-cinema-de-la-femme-saida-celebre-la-creation-feminine\/\" \/>\n<meta property=\"og:site_name\" content=\"La Sentinelle\" \/>\n<meta property=\"article:publisher\" content=\"https:\/\/www.facebook.com\/La-Sentinelle-104059864394773\" \/>\n<meta property=\"article:published_time\" content=\"2025-05-28T20:49:22+00:00\" \/>\n<meta property=\"article:modified_time\" content=\"2025-05-28T20:49:23+00:00\" \/>\n<meta property=\"og:image\" content=\"https:\/\/lasentinelle.dz\/wp-content\/uploads\/2025\/05\/IMG_0099.jpeg\" \/>\n\t<meta property=\"og:image:width\" content=\"1600\" \/>\n\t<meta property=\"og:image:height\" content=\"1066\" \/>\n\t<meta property=\"og:image:type\" content=\"image\/jpeg\" \/>\n<meta name=\"author\" content=\"admin\" \/>\n<meta name=\"twitter:card\" content=\"summary_large_image\" \/>\n<meta name=\"twitter:label1\" content=\"\u00c9crit par\" \/>\n\t<meta name=\"twitter:data1\" content=\"admin\" \/>\n\t<meta name=\"twitter:label2\" content=\"Dur\u00e9e de lecture estim\u00e9e\" \/>\n\t<meta name=\"twitter:data2\" content=\"3 minutes\" \/>\n<script type=\"application\/ld+json\" class=\"yoast-schema-graph\">{\"@context\":\"https:\\\/\\\/schema.org\",\"@graph\":[{\"@type\":\"Article\",\"@id\":\"https:\\\/\\\/lasentinelle.dz\\\/index.php\\\/2025\\\/05\\\/28\\\/8e-edition-du-festival-national-de-litterature-et-cinema-de-la-femme-saida-celebre-la-creation-feminine\\\/#article\",\"isPartOf\":{\"@id\":\"https:\\\/\\\/lasentinelle.dz\\\/index.php\\\/2025\\\/05\\\/28\\\/8e-edition-du-festival-national-de-litterature-et-cinema-de-la-femme-saida-celebre-la-creation-feminine\\\/\"},\"author\":{\"name\":\"admin\",\"@id\":\"https:\\\/\\\/lasentinelle.dz\\\/#\\\/schema\\\/person\\\/729ee0024f24e0b8c5ec17232f8e8b41\"},\"headline\":\"8e \u00e9dition du Festival national de litt\u00e9rature et cin\u00e9ma de la femme : Sa\u00efda c\u00e9l\u00e8bre la cr\u00e9ation f\u00e9minine\",\"datePublished\":\"2025-05-28T20:49:22+00:00\",\"dateModified\":\"2025-05-28T20:49:23+00:00\",\"mainEntityOfPage\":{\"@id\":\"https:\\\/\\\/lasentinelle.dz\\\/index.php\\\/2025\\\/05\\\/28\\\/8e-edition-du-festival-national-de-litterature-et-cinema-de-la-femme-saida-celebre-la-creation-feminine\\\/\"},\"wordCount\":684,\"commentCount\":0,\"publisher\":{\"@id\":\"https:\\\/\\\/lasentinelle.dz\\\/#organization\"},\"image\":{\"@id\":\"https:\\\/\\\/lasentinelle.dz\\\/index.php\\\/2025\\\/05\\\/28\\\/8e-edition-du-festival-national-de-litterature-et-cinema-de-la-femme-saida-celebre-la-creation-feminine\\\/#primaryimage\"},\"thumbnailUrl\":\"https:\\\/\\\/lasentinelle.dz\\\/wp-content\\\/uploads\\\/2025\\\/05\\\/IMG_0099.jpeg\",\"articleSection\":[\"Culture\"],\"inLanguage\":\"fr-FR\",\"potentialAction\":[{\"@type\":\"CommentAction\",\"name\":\"Comment\",\"target\":[\"https:\\\/\\\/lasentinelle.dz\\\/index.php\\\/2025\\\/05\\\/28\\\/8e-edition-du-festival-national-de-litterature-et-cinema-de-la-femme-saida-celebre-la-creation-feminine\\\/#respond\"]}]},{\"@type\":\"WebPage\",\"@id\":\"https:\\\/\\\/lasentinelle.dz\\\/index.php\\\/2025\\\/05\\\/28\\\/8e-edition-du-festival-national-de-litterature-et-cinema-de-la-femme-saida-celebre-la-creation-feminine\\\/\",\"url\":\"https:\\\/\\\/lasentinelle.dz\\\/index.php\\\/2025\\\/05\\\/28\\\/8e-edition-du-festival-national-de-litterature-et-cinema-de-la-femme-saida-celebre-la-creation-feminine\\\/\",\"name\":\"8e \u00e9dition du Festival national de litt\u00e9rature et cin\u00e9ma de la femme : Sa\u00efda c\u00e9l\u00e8bre la cr\u00e9ation f\u00e9minine - La Sentinelle\",\"isPartOf\":{\"@id\":\"https:\\\/\\\/lasentinelle.dz\\\/#website\"},\"primaryImageOfPage\":{\"@id\":\"https:\\\/\\\/lasentinelle.dz\\\/index.php\\\/2025\\\/05\\\/28\\\/8e-edition-du-festival-national-de-litterature-et-cinema-de-la-femme-saida-celebre-la-creation-feminine\\\/#primaryimage\"},\"image\":{\"@id\":\"https:\\\/\\\/lasentinelle.dz\\\/index.php\\\/2025\\\/05\\\/28\\\/8e-edition-du-festival-national-de-litterature-et-cinema-de-la-femme-saida-celebre-la-creation-feminine\\\/#primaryimage\"},\"thumbnailUrl\":\"https:\\\/\\\/lasentinelle.dz\\\/wp-content\\\/uploads\\\/2025\\\/05\\\/IMG_0099.jpeg\",\"datePublished\":\"2025-05-28T20:49:22+00:00\",\"dateModified\":\"2025-05-28T20:49:23+00:00\",\"breadcrumb\":{\"@id\":\"https:\\\/\\\/lasentinelle.dz\\\/index.php\\\/2025\\\/05\\\/28\\\/8e-edition-du-festival-national-de-litterature-et-cinema-de-la-femme-saida-celebre-la-creation-feminine\\\/#breadcrumb\"},\"inLanguage\":\"fr-FR\",\"potentialAction\":[{\"@type\":\"ReadAction\",\"target\":[\"https:\\\/\\\/lasentinelle.dz\\\/index.php\\\/2025\\\/05\\\/28\\\/8e-edition-du-festival-national-de-litterature-et-cinema-de-la-femme-saida-celebre-la-creation-feminine\\\/\"]}]},{\"@type\":\"ImageObject\",\"inLanguage\":\"fr-FR\",\"@id\":\"https:\\\/\\\/lasentinelle.dz\\\/index.php\\\/2025\\\/05\\\/28\\\/8e-edition-du-festival-national-de-litterature-et-cinema-de-la-femme-saida-celebre-la-creation-feminine\\\/#primaryimage\",\"url\":\"https:\\\/\\\/lasentinelle.dz\\\/wp-content\\\/uploads\\\/2025\\\/05\\\/IMG_0099.jpeg\",\"contentUrl\":\"https:\\\/\\\/lasentinelle.dz\\\/wp-content\\\/uploads\\\/2025\\\/05\\\/IMG_0099.jpeg\",\"width\":1600,\"height\":1066},{\"@type\":\"BreadcrumbList\",\"@id\":\"https:\\\/\\\/lasentinelle.dz\\\/index.php\\\/2025\\\/05\\\/28\\\/8e-edition-du-festival-national-de-litterature-et-cinema-de-la-femme-saida-celebre-la-creation-feminine\\\/#breadcrumb\",\"itemListElement\":[{\"@type\":\"ListItem\",\"position\":1,\"name\":\"Accueil\",\"item\":\"https:\\\/\\\/lasentinelle.dz\\\/\"},{\"@type\":\"ListItem\",\"position\":2,\"name\":\"8e \u00e9dition du Festival national de litt\u00e9rature et cin\u00e9ma de la femme : Sa\u00efda c\u00e9l\u00e8bre la cr\u00e9ation f\u00e9minine\"}]},{\"@type\":\"WebSite\",\"@id\":\"https:\\\/\\\/lasentinelle.dz\\\/#website\",\"url\":\"https:\\\/\\\/lasentinelle.dz\\\/\",\"name\":\"La Sentinelle\",\"description\":\"Quotidien national d&#039;information\",\"publisher\":{\"@id\":\"https:\\\/\\\/lasentinelle.dz\\\/#organization\"},\"potentialAction\":[{\"@type\":\"SearchAction\",\"target\":{\"@type\":\"EntryPoint\",\"urlTemplate\":\"https:\\\/\\\/lasentinelle.dz\\\/?s={search_term_string}\"},\"query-input\":{\"@type\":\"PropertyValueSpecification\",\"valueRequired\":true,\"valueName\":\"search_term_string\"}}],\"inLanguage\":\"fr-FR\"},{\"@type\":\"Organization\",\"@id\":\"https:\\\/\\\/lasentinelle.dz\\\/#organization\",\"name\":\"Quotidien La Sentinelle\",\"url\":\"https:\\\/\\\/lasentinelle.dz\\\/\",\"logo\":{\"@type\":\"ImageObject\",\"inLanguage\":\"fr-FR\",\"@id\":\"https:\\\/\\\/lasentinelle.dz\\\/#\\\/schema\\\/logo\\\/image\\\/\",\"url\":\"https:\\\/\\\/lasentinelle.dz\\\/wp-content\\\/uploads\\\/2021\\\/09\\\/logo-sentinelleSLOGAN-1.png\",\"contentUrl\":\"https:\\\/\\\/lasentinelle.dz\\\/wp-content\\\/uploads\\\/2021\\\/09\\\/logo-sentinelleSLOGAN-1.png\",\"width\":615,\"height\":142,\"caption\":\"Quotidien La Sentinelle\"},\"image\":{\"@id\":\"https:\\\/\\\/lasentinelle.dz\\\/#\\\/schema\\\/logo\\\/image\\\/\"},\"sameAs\":[\"https:\\\/\\\/www.facebook.com\\\/La-Sentinelle-104059864394773\"]},{\"@type\":\"Person\",\"@id\":\"https:\\\/\\\/lasentinelle.dz\\\/#\\\/schema\\\/person\\\/729ee0024f24e0b8c5ec17232f8e8b41\",\"name\":\"admin\",\"image\":{\"@type\":\"ImageObject\",\"inLanguage\":\"fr-FR\",\"@id\":\"https:\\\/\\\/secure.gravatar.com\\\/avatar\\\/4c81fed838786e9b53f540bf46533e750f5d292099ae3b66cfc6fb1982e29df7?s=96&d=mm&r=g\",\"url\":\"https:\\\/\\\/secure.gravatar.com\\\/avatar\\\/4c81fed838786e9b53f540bf46533e750f5d292099ae3b66cfc6fb1982e29df7?s=96&d=mm&r=g\",\"contentUrl\":\"https:\\\/\\\/secure.gravatar.com\\\/avatar\\\/4c81fed838786e9b53f540bf46533e750f5d292099ae3b66cfc6fb1982e29df7?s=96&d=mm&r=g\",\"caption\":\"admin\"},\"description\":\"admin\",\"url\":\"https:\\\/\\\/lasentinelle.dz\\\/author\\\/admin\\\/\"}]}<\/script>\n<!-- \/ Yoast SEO plugin. -->","yoast_head_json":{"title":"8e \u00e9dition du Festival national de litt\u00e9rature et cin\u00e9ma de la femme : Sa\u00efda c\u00e9l\u00e8bre la cr\u00e9ation f\u00e9minine - La Sentinelle","robots":{"index":"index","follow":"follow","max-snippet":"max-snippet:-1","max-image-preview":"max-image-preview:large","max-video-preview":"max-video-preview:-1"},"canonical":"https:\/\/lasentinelle.dz\/index.php\/2025\/05\/28\/8e-edition-du-festival-national-de-litterature-et-cinema-de-la-femme-saida-celebre-la-creation-feminine\/","og_locale":"fr_FR","og_type":"article","og_title":"8e \u00e9dition du Festival national de litt\u00e9rature et cin\u00e9ma de la femme : Sa\u00efda c\u00e9l\u00e8bre la cr\u00e9ation f\u00e9minine - La Sentinelle","og_description":"Sous le haut patronage du ministre de la Culture et des Arts, le th\u00e9\u00e2tre r\u00e9gional \u00ab\u00a0Sirat Boumediene\u00a0\u00bb de Sa\u00efda s&rsquo;est","og_url":"https:\/\/lasentinelle.dz\/index.php\/2025\/05\/28\/8e-edition-du-festival-national-de-litterature-et-cinema-de-la-femme-saida-celebre-la-creation-feminine\/","og_site_name":"La Sentinelle","article_publisher":"https:\/\/www.facebook.com\/La-Sentinelle-104059864394773","article_published_time":"2025-05-28T20:49:22+00:00","article_modified_time":"2025-05-28T20:49:23+00:00","og_image":[{"width":1600,"height":1066,"url":"https:\/\/lasentinelle.dz\/wp-content\/uploads\/2025\/05\/IMG_0099.jpeg","type":"image\/jpeg"}],"author":"admin","twitter_card":"summary_large_image","twitter_misc":{"\u00c9crit par":"admin","Dur\u00e9e de lecture estim\u00e9e":"3 minutes"},"schema":{"@context":"https:\/\/schema.org","@graph":[{"@type":"Article","@id":"https:\/\/lasentinelle.dz\/index.php\/2025\/05\/28\/8e-edition-du-festival-national-de-litterature-et-cinema-de-la-femme-saida-celebre-la-creation-feminine\/#article","isPartOf":{"@id":"https:\/\/lasentinelle.dz\/index.php\/2025\/05\/28\/8e-edition-du-festival-national-de-litterature-et-cinema-de-la-femme-saida-celebre-la-creation-feminine\/"},"author":{"name":"admin","@id":"https:\/\/lasentinelle.dz\/#\/schema\/person\/729ee0024f24e0b8c5ec17232f8e8b41"},"headline":"8e \u00e9dition du Festival national de litt\u00e9rature et cin\u00e9ma de la femme : Sa\u00efda c\u00e9l\u00e8bre la cr\u00e9ation f\u00e9minine","datePublished":"2025-05-28T20:49:22+00:00","dateModified":"2025-05-28T20:49:23+00:00","mainEntityOfPage":{"@id":"https:\/\/lasentinelle.dz\/index.php\/2025\/05\/28\/8e-edition-du-festival-national-de-litterature-et-cinema-de-la-femme-saida-celebre-la-creation-feminine\/"},"wordCount":684,"commentCount":0,"publisher":{"@id":"https:\/\/lasentinelle.dz\/#organization"},"image":{"@id":"https:\/\/lasentinelle.dz\/index.php\/2025\/05\/28\/8e-edition-du-festival-national-de-litterature-et-cinema-de-la-femme-saida-celebre-la-creation-feminine\/#primaryimage"},"thumbnailUrl":"https:\/\/lasentinelle.dz\/wp-content\/uploads\/2025\/05\/IMG_0099.jpeg","articleSection":["Culture"],"inLanguage":"fr-FR","potentialAction":[{"@type":"CommentAction","name":"Comment","target":["https:\/\/lasentinelle.dz\/index.php\/2025\/05\/28\/8e-edition-du-festival-national-de-litterature-et-cinema-de-la-femme-saida-celebre-la-creation-feminine\/#respond"]}]},{"@type":"WebPage","@id":"https:\/\/lasentinelle.dz\/index.php\/2025\/05\/28\/8e-edition-du-festival-national-de-litterature-et-cinema-de-la-femme-saida-celebre-la-creation-feminine\/","url":"https:\/\/lasentinelle.dz\/index.php\/2025\/05\/28\/8e-edition-du-festival-national-de-litterature-et-cinema-de-la-femme-saida-celebre-la-creation-feminine\/","name":"8e \u00e9dition du Festival national de litt\u00e9rature et cin\u00e9ma de la femme : Sa\u00efda c\u00e9l\u00e8bre la cr\u00e9ation f\u00e9minine - La Sentinelle","isPartOf":{"@id":"https:\/\/lasentinelle.dz\/#website"},"primaryImageOfPage":{"@id":"https:\/\/lasentinelle.dz\/index.php\/2025\/05\/28\/8e-edition-du-festival-national-de-litterature-et-cinema-de-la-femme-saida-celebre-la-creation-feminine\/#primaryimage"},"image":{"@id":"https:\/\/lasentinelle.dz\/index.php\/2025\/05\/28\/8e-edition-du-festival-national-de-litterature-et-cinema-de-la-femme-saida-celebre-la-creation-feminine\/#primaryimage"},"thumbnailUrl":"https:\/\/lasentinelle.dz\/wp-content\/uploads\/2025\/05\/IMG_0099.jpeg","datePublished":"2025-05-28T20:49:22+00:00","dateModified":"2025-05-28T20:49:23+00:00","breadcrumb":{"@id":"https:\/\/lasentinelle.dz\/index.php\/2025\/05\/28\/8e-edition-du-festival-national-de-litterature-et-cinema-de-la-femme-saida-celebre-la-creation-feminine\/#breadcrumb"},"inLanguage":"fr-FR","potentialAction":[{"@type":"ReadAction","target":["https:\/\/lasentinelle.dz\/index.php\/2025\/05\/28\/8e-edition-du-festival-national-de-litterature-et-cinema-de-la-femme-saida-celebre-la-creation-feminine\/"]}]},{"@type":"ImageObject","inLanguage":"fr-FR","@id":"https:\/\/lasentinelle.dz\/index.php\/2025\/05\/28\/8e-edition-du-festival-national-de-litterature-et-cinema-de-la-femme-saida-celebre-la-creation-feminine\/#primaryimage","url":"https:\/\/lasentinelle.dz\/wp-content\/uploads\/2025\/05\/IMG_0099.jpeg","contentUrl":"https:\/\/lasentinelle.dz\/wp-content\/uploads\/2025\/05\/IMG_0099.jpeg","width":1600,"height":1066},{"@type":"BreadcrumbList","@id":"https:\/\/lasentinelle.dz\/index.php\/2025\/05\/28\/8e-edition-du-festival-national-de-litterature-et-cinema-de-la-femme-saida-celebre-la-creation-feminine\/#breadcrumb","itemListElement":[{"@type":"ListItem","position":1,"name":"Accueil","item":"https:\/\/lasentinelle.dz\/"},{"@type":"ListItem","position":2,"name":"8e \u00e9dition du Festival national de litt\u00e9rature et cin\u00e9ma de la femme : Sa\u00efda c\u00e9l\u00e8bre la cr\u00e9ation f\u00e9minine"}]},{"@type":"WebSite","@id":"https:\/\/lasentinelle.dz\/#website","url":"https:\/\/lasentinelle.dz\/","name":"La Sentinelle","description":"Quotidien national d&#039;information","publisher":{"@id":"https:\/\/lasentinelle.dz\/#organization"},"potentialAction":[{"@type":"SearchAction","target":{"@type":"EntryPoint","urlTemplate":"https:\/\/lasentinelle.dz\/?s={search_term_string}"},"query-input":{"@type":"PropertyValueSpecification","valueRequired":true,"valueName":"search_term_string"}}],"inLanguage":"fr-FR"},{"@type":"Organization","@id":"https:\/\/lasentinelle.dz\/#organization","name":"Quotidien La Sentinelle","url":"https:\/\/lasentinelle.dz\/","logo":{"@type":"ImageObject","inLanguage":"fr-FR","@id":"https:\/\/lasentinelle.dz\/#\/schema\/logo\/image\/","url":"https:\/\/lasentinelle.dz\/wp-content\/uploads\/2021\/09\/logo-sentinelleSLOGAN-1.png","contentUrl":"https:\/\/lasentinelle.dz\/wp-content\/uploads\/2021\/09\/logo-sentinelleSLOGAN-1.png","width":615,"height":142,"caption":"Quotidien La Sentinelle"},"image":{"@id":"https:\/\/lasentinelle.dz\/#\/schema\/logo\/image\/"},"sameAs":["https:\/\/www.facebook.com\/La-Sentinelle-104059864394773"]},{"@type":"Person","@id":"https:\/\/lasentinelle.dz\/#\/schema\/person\/729ee0024f24e0b8c5ec17232f8e8b41","name":"admin","image":{"@type":"ImageObject","inLanguage":"fr-FR","@id":"https:\/\/secure.gravatar.com\/avatar\/4c81fed838786e9b53f540bf46533e750f5d292099ae3b66cfc6fb1982e29df7?s=96&d=mm&r=g","url":"https:\/\/secure.gravatar.com\/avatar\/4c81fed838786e9b53f540bf46533e750f5d292099ae3b66cfc6fb1982e29df7?s=96&d=mm&r=g","contentUrl":"https:\/\/secure.gravatar.com\/avatar\/4c81fed838786e9b53f540bf46533e750f5d292099ae3b66cfc6fb1982e29df7?s=96&d=mm&r=g","caption":"admin"},"description":"admin","url":"https:\/\/lasentinelle.dz\/author\/admin\/"}]}},"_links":{"self":[{"href":"https:\/\/lasentinelle.dz\/index.php\/wp-json\/wp\/v2\/posts\/68125","targetHints":{"allow":["GET"]}}],"collection":[{"href":"https:\/\/lasentinelle.dz\/index.php\/wp-json\/wp\/v2\/posts"}],"about":[{"href":"https:\/\/lasentinelle.dz\/index.php\/wp-json\/wp\/v2\/types\/post"}],"author":[{"embeddable":true,"href":"https:\/\/lasentinelle.dz\/index.php\/wp-json\/wp\/v2\/users\/6"}],"replies":[{"embeddable":true,"href":"https:\/\/lasentinelle.dz\/index.php\/wp-json\/wp\/v2\/comments?post=68125"}],"version-history":[{"count":1,"href":"https:\/\/lasentinelle.dz\/index.php\/wp-json\/wp\/v2\/posts\/68125\/revisions"}],"predecessor-version":[{"id":68127,"href":"https:\/\/lasentinelle.dz\/index.php\/wp-json\/wp\/v2\/posts\/68125\/revisions\/68127"}],"wp:featuredmedia":[{"embeddable":true,"href":"https:\/\/lasentinelle.dz\/index.php\/wp-json\/wp\/v2\/media\/68126"}],"wp:attachment":[{"href":"https:\/\/lasentinelle.dz\/index.php\/wp-json\/wp\/v2\/media?parent=68125"}],"wp:term":[{"taxonomy":"category","embeddable":true,"href":"https:\/\/lasentinelle.dz\/index.php\/wp-json\/wp\/v2\/categories?post=68125"},{"taxonomy":"post_tag","embeddable":true,"href":"https:\/\/lasentinelle.dz\/index.php\/wp-json\/wp\/v2\/tags?post=68125"}],"curies":[{"name":"wp","href":"https:\/\/api.w.org\/{rel}","templated":true}]}}