{"id":68137,"date":"2025-05-28T21:52:54","date_gmt":"2025-05-28T20:52:54","guid":{"rendered":"https:\/\/lasentinelle.dz\/?p=68137"},"modified":"2025-05-28T21:52:54","modified_gmt":"2025-05-28T20:52:54","slug":"competitions-sportives-internationales-le-coa-intensifie-les-preparatifs","status":"publish","type":"post","link":"https:\/\/lasentinelle.dz\/index.php\/2025\/05\/28\/competitions-sportives-internationales-le-coa-intensifie-les-preparatifs\/","title":{"rendered":"Comp\u00e9titions sportives internationales: Le COA intensifie les pr\u00e9paratifs"},"content":{"rendered":"\n<p>Le Comit\u00e9 Olympique et Sportif Alg\u00e9rien (COA) intensifie ses pr\u00e9paratifs pour les grandes \u00e9ch\u00e9ances internationales qui attendent les athl\u00e8tes alg\u00e9riens dans les mois \u00e0 venir. Une r\u00e9union de coordination s&rsquo;est ainsi tenue mercredi au si\u00e8ge de l&rsquo;instance olympique, rassemblant les repr\u00e9sentants des f\u00e9d\u00e9rations sportives nationales pour orchestrer la pr\u00e9paration des prochains rendez-vous officiels majeurs.<\/p>\n\n\n\n<p>Cette rencontre a \u00e9t\u00e9 dirig\u00e9e par Yacine Arab, Directeur des Sports au sein du COA, qui \u00e9tait accompagn\u00e9 de deux membres du Comit\u00e9 ex\u00e9cutif : Mahdi Oucif, repr\u00e9sentant le basketball, et Noureddine Zehafi, d\u00e9l\u00e9gu\u00e9 de la natation. L&rsquo;objectif principal consistait \u00e0 synchroniser les efforts de toutes les f\u00e9d\u00e9rations concern\u00e9es et \u00e0 \u00e9tablir une feuille de route commune pour optimiser les performances des athl\u00e8tes alg\u00e9riens sur la sc\u00e8ne continentale et internationale. L&rsquo;agenda sportif du COA s&rsquo;annonce particuli\u00e8rement charg\u00e9 avec trois \u00e9v\u00e9nements phares qui mobiliseront l&rsquo;attention du mouvement sportif national. En premier lieu, les premiers Jeux scolaires africains-Alger 2025, pr\u00e9vus du 26 juillet au 5 ao\u00fbt, repr\u00e9sentent un d\u00e9fi organisationnel et sportif de taille pour l&rsquo;Alg\u00e9rie. Cette comp\u00e9tition inaugurale se d\u00e9roulera dans quatre wilayas de l&rsquo;Est du pays : Skikda, Annaba, S\u00e9tif et Constantine, sous l&rsquo;\u00e9gide de l&rsquo;Association des Comit\u00e9s Nationaux Olympiques d&rsquo;Afrique (ACNOA) et en collaboration avec la F\u00e9d\u00e9ration Internationale du Sport Scolaire.<\/p>\n\n\n\n<p>Le programme de ces Jeux scolaires africains s&rsquo;av\u00e8re ambitieux avec 24 disciplines sportives vari\u00e9es qui refl\u00e9teront la diversit\u00e9 du sport continental. Les comp\u00e9titions s&rsquo;\u00e9tendront de l&rsquo;athl\u00e9tisme traditionnel \u00e0 la natation, en passant par les arts martiaux comme le judo et le taekwondo, sans oublier les sports \u00e9mergents tels que le skateboard, le beach-volley, le basketball 3&#215;3 et le football.<\/p>\n\n\n\n<p>Au-del\u00e0 de cet \u00e9v\u00e9nement continental organis\u00e9 sur le sol alg\u00e9rien, les athl\u00e8tes nationaux se pr\u00e9parent \u00e9galement pour les Jeux africains de la jeunesse (JAJ-2025) qui auront lieu en d\u00e9cembre prochain \u00e0 Luanda en Angola. Enfin, les Jeux olympiques de la jeunesse (JOJ-2026) programm\u00e9s \u00e0 Dakar au S\u00e9n\u00e9gal.<\/p>\n\n\n\n<p>Durant cette r\u00e9union de coordination, les repr\u00e9sentants des f\u00e9d\u00e9rations sportives, accompagn\u00e9s des directeurs techniques nationaux (DTN) et des directeurs des \u00e9quipes nationales (DEN), ont pu exprimer leurs pr\u00e9occupations sp\u00e9cifiques et pr\u00e9senter tous les documents n\u00e9cessaires pour optimiser la prise en charge individuelle de chaque athl\u00e8te. Cette approche personnalis\u00e9e refl\u00e8te la volont\u00e9 du COA d&rsquo;adapter sa strat\u00e9gie aux besoins particuliers de chaque discipline sportive et de chaque comp\u00e9titeur.<\/p>\n\n\n\n<p>M. Dahleb<\/p>\n","protected":false},"excerpt":{"rendered":"<p>Le Comit\u00e9 Olympique et Sportif Alg\u00e9rien (COA) intensifie ses pr\u00e9paratifs pour les grandes \u00e9ch\u00e9ances internationales qui attendent les athl\u00e8tes alg\u00e9riens<\/p>\n","protected":false},"author":6,"featured_media":68138,"comment_status":"open","ping_status":"closed","sticky":false,"template":"","format":"standard","meta":{"colormag_page_container_layout":"default_layout","colormag_page_sidebar_layout":"default_layout","om_disable_all_campaigns":false,"_monsterinsights_skip_tracking":false,"_monsterinsights_sitenote_active":false,"_monsterinsights_sitenote_note":"","_monsterinsights_sitenote_category":0,"footnotes":"","_wpscppro_dont_share_socialmedia":false,"_wpscppro_custom_social_share_image":0,"_facebook_share_type":"default","_twitter_share_type":"default","_linkedin_share_type":"default","_pinterest_share_type":"default","_linkedin_share_type_page":"","_instagram_share_type":"default","_medium_share_type":"default","_threads_share_type":"","_google_business_share_type":"","_selected_social_profile":[],"_wpsp_enable_custom_social_template":false,"_wpsp_social_scheduling":{"enabled":false,"datetime":null,"platforms":[],"status":"template_only","dateOption":"today","timeOption":"now","customDays":"","customHours":"","customDate":"","customTime":"","schedulingType":"absolute"},"_wpsp_active_default_template":true},"categories":[33],"tags":[],"class_list":["post-68137","post","type-post","status-publish","format-standard","has-post-thumbnail","hentry","category-sports"],"aioseo_notices":[],"yoast_head":"<!-- This site is optimized with the Yoast SEO plugin v27.5 - https:\/\/yoast.com\/product\/yoast-seo-wordpress\/ -->\n<title>Comp\u00e9titions sportives internationales: Le COA intensifie les pr\u00e9paratifs - La Sentinelle<\/title>\n<meta name=\"robots\" content=\"index, follow, max-snippet:-1, max-image-preview:large, max-video-preview:-1\" \/>\n<link rel=\"canonical\" href=\"https:\/\/lasentinelle.dz\/index.php\/2025\/05\/28\/competitions-sportives-internationales-le-coa-intensifie-les-preparatifs\/\" \/>\n<meta property=\"og:locale\" content=\"fr_FR\" \/>\n<meta property=\"og:type\" content=\"article\" \/>\n<meta property=\"og:title\" content=\"Comp\u00e9titions sportives internationales: Le COA intensifie les pr\u00e9paratifs - La Sentinelle\" \/>\n<meta property=\"og:description\" content=\"Le Comit\u00e9 Olympique et Sportif Alg\u00e9rien (COA) intensifie ses pr\u00e9paratifs pour les grandes \u00e9ch\u00e9ances internationales qui attendent les athl\u00e8tes alg\u00e9riens\" \/>\n<meta property=\"og:url\" content=\"https:\/\/lasentinelle.dz\/index.php\/2025\/05\/28\/competitions-sportives-internationales-le-coa-intensifie-les-preparatifs\/\" \/>\n<meta property=\"og:site_name\" content=\"La Sentinelle\" \/>\n<meta property=\"article:publisher\" content=\"https:\/\/www.facebook.com\/La-Sentinelle-104059864394773\" \/>\n<meta property=\"article:published_time\" content=\"2025-05-28T20:52:54+00:00\" \/>\n<meta property=\"og:image\" content=\"https:\/\/lasentinelle.dz\/wp-content\/uploads\/2025\/05\/COA.jpg\" \/>\n\t<meta property=\"og:image:width\" content=\"2048\" \/>\n\t<meta property=\"og:image:height\" content=\"1536\" \/>\n\t<meta property=\"og:image:type\" content=\"image\/jpeg\" \/>\n<meta name=\"author\" content=\"admin\" \/>\n<meta name=\"twitter:card\" content=\"summary_large_image\" \/>\n<meta name=\"twitter:label1\" content=\"\u00c9crit par\" \/>\n\t<meta name=\"twitter:data1\" content=\"admin\" \/>\n\t<meta name=\"twitter:label2\" content=\"Dur\u00e9e de lecture estim\u00e9e\" \/>\n\t<meta name=\"twitter:data2\" content=\"3 minutes\" \/>\n<script type=\"application\/ld+json\" class=\"yoast-schema-graph\">{\"@context\":\"https:\\\/\\\/schema.org\",\"@graph\":[{\"@type\":\"Article\",\"@id\":\"https:\\\/\\\/lasentinelle.dz\\\/index.php\\\/2025\\\/05\\\/28\\\/competitions-sportives-internationales-le-coa-intensifie-les-preparatifs\\\/#article\",\"isPartOf\":{\"@id\":\"https:\\\/\\\/lasentinelle.dz\\\/index.php\\\/2025\\\/05\\\/28\\\/competitions-sportives-internationales-le-coa-intensifie-les-preparatifs\\\/\"},\"author\":{\"name\":\"admin\",\"@id\":\"https:\\\/\\\/lasentinelle.dz\\\/#\\\/schema\\\/person\\\/729ee0024f24e0b8c5ec17232f8e8b41\"},\"headline\":\"Comp\u00e9titions sportives internationales: Le COA intensifie les pr\u00e9paratifs\",\"datePublished\":\"2025-05-28T20:52:54+00:00\",\"mainEntityOfPage\":{\"@id\":\"https:\\\/\\\/lasentinelle.dz\\\/index.php\\\/2025\\\/05\\\/28\\\/competitions-sportives-internationales-le-coa-intensifie-les-preparatifs\\\/\"},\"wordCount\":456,\"commentCount\":0,\"publisher\":{\"@id\":\"https:\\\/\\\/lasentinelle.dz\\\/#organization\"},\"image\":{\"@id\":\"https:\\\/\\\/lasentinelle.dz\\\/index.php\\\/2025\\\/05\\\/28\\\/competitions-sportives-internationales-le-coa-intensifie-les-preparatifs\\\/#primaryimage\"},\"thumbnailUrl\":\"https:\\\/\\\/lasentinelle.dz\\\/wp-content\\\/uploads\\\/2025\\\/05\\\/COA.jpg\",\"articleSection\":[\"Sports\"],\"inLanguage\":\"fr-FR\",\"potentialAction\":[{\"@type\":\"CommentAction\",\"name\":\"Comment\",\"target\":[\"https:\\\/\\\/lasentinelle.dz\\\/index.php\\\/2025\\\/05\\\/28\\\/competitions-sportives-internationales-le-coa-intensifie-les-preparatifs\\\/#respond\"]}]},{\"@type\":\"WebPage\",\"@id\":\"https:\\\/\\\/lasentinelle.dz\\\/index.php\\\/2025\\\/05\\\/28\\\/competitions-sportives-internationales-le-coa-intensifie-les-preparatifs\\\/\",\"url\":\"https:\\\/\\\/lasentinelle.dz\\\/index.php\\\/2025\\\/05\\\/28\\\/competitions-sportives-internationales-le-coa-intensifie-les-preparatifs\\\/\",\"name\":\"Comp\u00e9titions sportives internationales: Le COA intensifie les pr\u00e9paratifs - La Sentinelle\",\"isPartOf\":{\"@id\":\"https:\\\/\\\/lasentinelle.dz\\\/#website\"},\"primaryImageOfPage\":{\"@id\":\"https:\\\/\\\/lasentinelle.dz\\\/index.php\\\/2025\\\/05\\\/28\\\/competitions-sportives-internationales-le-coa-intensifie-les-preparatifs\\\/#primaryimage\"},\"image\":{\"@id\":\"https:\\\/\\\/lasentinelle.dz\\\/index.php\\\/2025\\\/05\\\/28\\\/competitions-sportives-internationales-le-coa-intensifie-les-preparatifs\\\/#primaryimage\"},\"thumbnailUrl\":\"https:\\\/\\\/lasentinelle.dz\\\/wp-content\\\/uploads\\\/2025\\\/05\\\/COA.jpg\",\"datePublished\":\"2025-05-28T20:52:54+00:00\",\"breadcrumb\":{\"@id\":\"https:\\\/\\\/lasentinelle.dz\\\/index.php\\\/2025\\\/05\\\/28\\\/competitions-sportives-internationales-le-coa-intensifie-les-preparatifs\\\/#breadcrumb\"},\"inLanguage\":\"fr-FR\",\"potentialAction\":[{\"@type\":\"ReadAction\",\"target\":[\"https:\\\/\\\/lasentinelle.dz\\\/index.php\\\/2025\\\/05\\\/28\\\/competitions-sportives-internationales-le-coa-intensifie-les-preparatifs\\\/\"]}]},{\"@type\":\"ImageObject\",\"inLanguage\":\"fr-FR\",\"@id\":\"https:\\\/\\\/lasentinelle.dz\\\/index.php\\\/2025\\\/05\\\/28\\\/competitions-sportives-internationales-le-coa-intensifie-les-preparatifs\\\/#primaryimage\",\"url\":\"https:\\\/\\\/lasentinelle.dz\\\/wp-content\\\/uploads\\\/2025\\\/05\\\/COA.jpg\",\"contentUrl\":\"https:\\\/\\\/lasentinelle.dz\\\/wp-content\\\/uploads\\\/2025\\\/05\\\/COA.jpg\",\"width\":2048,\"height\":1536},{\"@type\":\"BreadcrumbList\",\"@id\":\"https:\\\/\\\/lasentinelle.dz\\\/index.php\\\/2025\\\/05\\\/28\\\/competitions-sportives-internationales-le-coa-intensifie-les-preparatifs\\\/#breadcrumb\",\"itemListElement\":[{\"@type\":\"ListItem\",\"position\":1,\"name\":\"Accueil\",\"item\":\"https:\\\/\\\/lasentinelle.dz\\\/\"},{\"@type\":\"ListItem\",\"position\":2,\"name\":\"Comp\u00e9titions sportives internationales: Le COA intensifie les pr\u00e9paratifs\"}]},{\"@type\":\"WebSite\",\"@id\":\"https:\\\/\\\/lasentinelle.dz\\\/#website\",\"url\":\"https:\\\/\\\/lasentinelle.dz\\\/\",\"name\":\"La Sentinelle\",\"description\":\"Quotidien national d&#039;information\",\"publisher\":{\"@id\":\"https:\\\/\\\/lasentinelle.dz\\\/#organization\"},\"potentialAction\":[{\"@type\":\"SearchAction\",\"target\":{\"@type\":\"EntryPoint\",\"urlTemplate\":\"https:\\\/\\\/lasentinelle.dz\\\/?s={search_term_string}\"},\"query-input\":{\"@type\":\"PropertyValueSpecification\",\"valueRequired\":true,\"valueName\":\"search_term_string\"}}],\"inLanguage\":\"fr-FR\"},{\"@type\":\"Organization\",\"@id\":\"https:\\\/\\\/lasentinelle.dz\\\/#organization\",\"name\":\"Quotidien La Sentinelle\",\"url\":\"https:\\\/\\\/lasentinelle.dz\\\/\",\"logo\":{\"@type\":\"ImageObject\",\"inLanguage\":\"fr-FR\",\"@id\":\"https:\\\/\\\/lasentinelle.dz\\\/#\\\/schema\\\/logo\\\/image\\\/\",\"url\":\"https:\\\/\\\/lasentinelle.dz\\\/wp-content\\\/uploads\\\/2021\\\/09\\\/logo-sentinelleSLOGAN-1.png\",\"contentUrl\":\"https:\\\/\\\/lasentinelle.dz\\\/wp-content\\\/uploads\\\/2021\\\/09\\\/logo-sentinelleSLOGAN-1.png\",\"width\":615,\"height\":142,\"caption\":\"Quotidien La Sentinelle\"},\"image\":{\"@id\":\"https:\\\/\\\/lasentinelle.dz\\\/#\\\/schema\\\/logo\\\/image\\\/\"},\"sameAs\":[\"https:\\\/\\\/www.facebook.com\\\/La-Sentinelle-104059864394773\"]},{\"@type\":\"Person\",\"@id\":\"https:\\\/\\\/lasentinelle.dz\\\/#\\\/schema\\\/person\\\/729ee0024f24e0b8c5ec17232f8e8b41\",\"name\":\"admin\",\"image\":{\"@type\":\"ImageObject\",\"inLanguage\":\"fr-FR\",\"@id\":\"https:\\\/\\\/secure.gravatar.com\\\/avatar\\\/4c81fed838786e9b53f540bf46533e750f5d292099ae3b66cfc6fb1982e29df7?s=96&d=mm&r=g\",\"url\":\"https:\\\/\\\/secure.gravatar.com\\\/avatar\\\/4c81fed838786e9b53f540bf46533e750f5d292099ae3b66cfc6fb1982e29df7?s=96&d=mm&r=g\",\"contentUrl\":\"https:\\\/\\\/secure.gravatar.com\\\/avatar\\\/4c81fed838786e9b53f540bf46533e750f5d292099ae3b66cfc6fb1982e29df7?s=96&d=mm&r=g\",\"caption\":\"admin\"},\"description\":\"admin\",\"url\":\"https:\\\/\\\/lasentinelle.dz\\\/author\\\/admin\\\/\"}]}<\/script>\n<!-- \/ Yoast SEO plugin. -->","yoast_head_json":{"title":"Comp\u00e9titions sportives internationales: Le COA intensifie les pr\u00e9paratifs - La Sentinelle","robots":{"index":"index","follow":"follow","max-snippet":"max-snippet:-1","max-image-preview":"max-image-preview:large","max-video-preview":"max-video-preview:-1"},"canonical":"https:\/\/lasentinelle.dz\/index.php\/2025\/05\/28\/competitions-sportives-internationales-le-coa-intensifie-les-preparatifs\/","og_locale":"fr_FR","og_type":"article","og_title":"Comp\u00e9titions sportives internationales: Le COA intensifie les pr\u00e9paratifs - La Sentinelle","og_description":"Le Comit\u00e9 Olympique et Sportif Alg\u00e9rien (COA) intensifie ses pr\u00e9paratifs pour les grandes \u00e9ch\u00e9ances internationales qui attendent les athl\u00e8tes alg\u00e9riens","og_url":"https:\/\/lasentinelle.dz\/index.php\/2025\/05\/28\/competitions-sportives-internationales-le-coa-intensifie-les-preparatifs\/","og_site_name":"La Sentinelle","article_publisher":"https:\/\/www.facebook.com\/La-Sentinelle-104059864394773","article_published_time":"2025-05-28T20:52:54+00:00","og_image":[{"width":2048,"height":1536,"url":"https:\/\/lasentinelle.dz\/wp-content\/uploads\/2025\/05\/COA.jpg","type":"image\/jpeg"}],"author":"admin","twitter_card":"summary_large_image","twitter_misc":{"\u00c9crit par":"admin","Dur\u00e9e de lecture estim\u00e9e":"3 minutes"},"schema":{"@context":"https:\/\/schema.org","@graph":[{"@type":"Article","@id":"https:\/\/lasentinelle.dz\/index.php\/2025\/05\/28\/competitions-sportives-internationales-le-coa-intensifie-les-preparatifs\/#article","isPartOf":{"@id":"https:\/\/lasentinelle.dz\/index.php\/2025\/05\/28\/competitions-sportives-internationales-le-coa-intensifie-les-preparatifs\/"},"author":{"name":"admin","@id":"https:\/\/lasentinelle.dz\/#\/schema\/person\/729ee0024f24e0b8c5ec17232f8e8b41"},"headline":"Comp\u00e9titions sportives internationales: Le COA intensifie les pr\u00e9paratifs","datePublished":"2025-05-28T20:52:54+00:00","mainEntityOfPage":{"@id":"https:\/\/lasentinelle.dz\/index.php\/2025\/05\/28\/competitions-sportives-internationales-le-coa-intensifie-les-preparatifs\/"},"wordCount":456,"commentCount":0,"publisher":{"@id":"https:\/\/lasentinelle.dz\/#organization"},"image":{"@id":"https:\/\/lasentinelle.dz\/index.php\/2025\/05\/28\/competitions-sportives-internationales-le-coa-intensifie-les-preparatifs\/#primaryimage"},"thumbnailUrl":"https:\/\/lasentinelle.dz\/wp-content\/uploads\/2025\/05\/COA.jpg","articleSection":["Sports"],"inLanguage":"fr-FR","potentialAction":[{"@type":"CommentAction","name":"Comment","target":["https:\/\/lasentinelle.dz\/index.php\/2025\/05\/28\/competitions-sportives-internationales-le-coa-intensifie-les-preparatifs\/#respond"]}]},{"@type":"WebPage","@id":"https:\/\/lasentinelle.dz\/index.php\/2025\/05\/28\/competitions-sportives-internationales-le-coa-intensifie-les-preparatifs\/","url":"https:\/\/lasentinelle.dz\/index.php\/2025\/05\/28\/competitions-sportives-internationales-le-coa-intensifie-les-preparatifs\/","name":"Comp\u00e9titions sportives internationales: Le COA intensifie les pr\u00e9paratifs - La Sentinelle","isPartOf":{"@id":"https:\/\/lasentinelle.dz\/#website"},"primaryImageOfPage":{"@id":"https:\/\/lasentinelle.dz\/index.php\/2025\/05\/28\/competitions-sportives-internationales-le-coa-intensifie-les-preparatifs\/#primaryimage"},"image":{"@id":"https:\/\/lasentinelle.dz\/index.php\/2025\/05\/28\/competitions-sportives-internationales-le-coa-intensifie-les-preparatifs\/#primaryimage"},"thumbnailUrl":"https:\/\/lasentinelle.dz\/wp-content\/uploads\/2025\/05\/COA.jpg","datePublished":"2025-05-28T20:52:54+00:00","breadcrumb":{"@id":"https:\/\/lasentinelle.dz\/index.php\/2025\/05\/28\/competitions-sportives-internationales-le-coa-intensifie-les-preparatifs\/#breadcrumb"},"inLanguage":"fr-FR","potentialAction":[{"@type":"ReadAction","target":["https:\/\/lasentinelle.dz\/index.php\/2025\/05\/28\/competitions-sportives-internationales-le-coa-intensifie-les-preparatifs\/"]}]},{"@type":"ImageObject","inLanguage":"fr-FR","@id":"https:\/\/lasentinelle.dz\/index.php\/2025\/05\/28\/competitions-sportives-internationales-le-coa-intensifie-les-preparatifs\/#primaryimage","url":"https:\/\/lasentinelle.dz\/wp-content\/uploads\/2025\/05\/COA.jpg","contentUrl":"https:\/\/lasentinelle.dz\/wp-content\/uploads\/2025\/05\/COA.jpg","width":2048,"height":1536},{"@type":"BreadcrumbList","@id":"https:\/\/lasentinelle.dz\/index.php\/2025\/05\/28\/competitions-sportives-internationales-le-coa-intensifie-les-preparatifs\/#breadcrumb","itemListElement":[{"@type":"ListItem","position":1,"name":"Accueil","item":"https:\/\/lasentinelle.dz\/"},{"@type":"ListItem","position":2,"name":"Comp\u00e9titions sportives internationales: Le COA intensifie les pr\u00e9paratifs"}]},{"@type":"WebSite","@id":"https:\/\/lasentinelle.dz\/#website","url":"https:\/\/lasentinelle.dz\/","name":"La Sentinelle","description":"Quotidien national d&#039;information","publisher":{"@id":"https:\/\/lasentinelle.dz\/#organization"},"potentialAction":[{"@type":"SearchAction","target":{"@type":"EntryPoint","urlTemplate":"https:\/\/lasentinelle.dz\/?s={search_term_string}"},"query-input":{"@type":"PropertyValueSpecification","valueRequired":true,"valueName":"search_term_string"}}],"inLanguage":"fr-FR"},{"@type":"Organization","@id":"https:\/\/lasentinelle.dz\/#organization","name":"Quotidien La Sentinelle","url":"https:\/\/lasentinelle.dz\/","logo":{"@type":"ImageObject","inLanguage":"fr-FR","@id":"https:\/\/lasentinelle.dz\/#\/schema\/logo\/image\/","url":"https:\/\/lasentinelle.dz\/wp-content\/uploads\/2021\/09\/logo-sentinelleSLOGAN-1.png","contentUrl":"https:\/\/lasentinelle.dz\/wp-content\/uploads\/2021\/09\/logo-sentinelleSLOGAN-1.png","width":615,"height":142,"caption":"Quotidien La Sentinelle"},"image":{"@id":"https:\/\/lasentinelle.dz\/#\/schema\/logo\/image\/"},"sameAs":["https:\/\/www.facebook.com\/La-Sentinelle-104059864394773"]},{"@type":"Person","@id":"https:\/\/lasentinelle.dz\/#\/schema\/person\/729ee0024f24e0b8c5ec17232f8e8b41","name":"admin","image":{"@type":"ImageObject","inLanguage":"fr-FR","@id":"https:\/\/secure.gravatar.com\/avatar\/4c81fed838786e9b53f540bf46533e750f5d292099ae3b66cfc6fb1982e29df7?s=96&d=mm&r=g","url":"https:\/\/secure.gravatar.com\/avatar\/4c81fed838786e9b53f540bf46533e750f5d292099ae3b66cfc6fb1982e29df7?s=96&d=mm&r=g","contentUrl":"https:\/\/secure.gravatar.com\/avatar\/4c81fed838786e9b53f540bf46533e750f5d292099ae3b66cfc6fb1982e29df7?s=96&d=mm&r=g","caption":"admin"},"description":"admin","url":"https:\/\/lasentinelle.dz\/author\/admin\/"}]}},"_links":{"self":[{"href":"https:\/\/lasentinelle.dz\/index.php\/wp-json\/wp\/v2\/posts\/68137","targetHints":{"allow":["GET"]}}],"collection":[{"href":"https:\/\/lasentinelle.dz\/index.php\/wp-json\/wp\/v2\/posts"}],"about":[{"href":"https:\/\/lasentinelle.dz\/index.php\/wp-json\/wp\/v2\/types\/post"}],"author":[{"embeddable":true,"href":"https:\/\/lasentinelle.dz\/index.php\/wp-json\/wp\/v2\/users\/6"}],"replies":[{"embeddable":true,"href":"https:\/\/lasentinelle.dz\/index.php\/wp-json\/wp\/v2\/comments?post=68137"}],"version-history":[{"count":1,"href":"https:\/\/lasentinelle.dz\/index.php\/wp-json\/wp\/v2\/posts\/68137\/revisions"}],"predecessor-version":[{"id":68139,"href":"https:\/\/lasentinelle.dz\/index.php\/wp-json\/wp\/v2\/posts\/68137\/revisions\/68139"}],"wp:featuredmedia":[{"embeddable":true,"href":"https:\/\/lasentinelle.dz\/index.php\/wp-json\/wp\/v2\/media\/68138"}],"wp:attachment":[{"href":"https:\/\/lasentinelle.dz\/index.php\/wp-json\/wp\/v2\/media?parent=68137"}],"wp:term":[{"taxonomy":"category","embeddable":true,"href":"https:\/\/lasentinelle.dz\/index.php\/wp-json\/wp\/v2\/categories?post=68137"},{"taxonomy":"post_tag","embeddable":true,"href":"https:\/\/lasentinelle.dz\/index.php\/wp-json\/wp\/v2\/tags?post=68137"}],"curies":[{"name":"wp","href":"https:\/\/api.w.org\/{rel}","templated":true}]}}