{"id":68156,"date":"2025-05-28T21:59:45","date_gmt":"2025-05-28T20:59:45","guid":{"rendered":"https:\/\/lasentinelle.dz\/?p=68156"},"modified":"2025-05-28T21:59:45","modified_gmt":"2025-05-28T20:59:45","slug":"baisser-de-rideau-sur-la-foire-des-produits-algeriens-a-nouakchott-les-entreprises-algeriennes-font-le-plein-de-contrats","status":"publish","type":"post","link":"https:\/\/lasentinelle.dz\/index.php\/2025\/05\/28\/baisser-de-rideau-sur-la-foire-des-produits-algeriens-a-nouakchott-les-entreprises-algeriennes-font-le-plein-de-contrats\/","title":{"rendered":"Baisser de rideau sur la Foire des produits alg\u00e9riens \u00e0 Nouakchott : Les entreprises alg\u00e9riennes font le plein de contrats !"},"content":{"rendered":"\n<p>La septi\u00e8me \u00e9dition de la Foire des produits alg\u00e9riens \u00e0 Nouakchott s&rsquo;est achev\u00e9e mercredi sur un bilan particuli\u00e8rement positif, avec la signature de plus de quarante m\u00e9morandums d&rsquo;entente entre op\u00e9rateurs \u00e9conomiques alg\u00e9riens et mauritaniens. &nbsp;Organis\u00e9e du 22 au 28 mai par le minist\u00e8re du Commerce ext\u00e9rieur et de la Promotion des exportations, cette manifestation commerciale a confirm\u00e9 l&rsquo;attractivit\u00e9 croissante des produits alg\u00e9riens sur le march\u00e9 mauritanien et ouvert de nouvelles perspectives d&rsquo;expansion en Afrique de l&rsquo;Ouest.<\/p>\n\n\n\n<p>La c\u00e9r\u00e9monie de signature des accords, qui s&rsquo;est d\u00e9roul\u00e9e en pr\u00e9sence de l&rsquo;ambassadeur d&rsquo;Alg\u00e9rie en Mauritanie Amine Sid et de repr\u00e9sentants des minist\u00e8res mauritaniens du Commerce et des Affaires \u00e9trang\u00e8res, a formalis\u00e9 les partenariats entre quarante-trois entreprises alg\u00e9riennes publiques et priv\u00e9es et leurs homologues mauritaniennes. Ces m\u00e9morandums d&rsquo;entente couvrent un large \u00e9ventail de secteurs strat\u00e9giques, allant des produits alimentaires aux \u00e9quipements industriels, en passant par les cosm\u00e9tiques, les d\u00e9tergents, les produits en plastique, les dispositifs m\u00e9dicaux, les mat\u00e9riaux de construction et les dattes. L&rsquo;accord porte \u00e9galement sur l&rsquo;exportation et la distribution de carrelage, de fournitures scolaires, de machines industrielles, de textile et cuir, de literie, d&rsquo;\u00e9quipements \u00e9lectrom\u00e9nagers, d&rsquo;insecticides, d&rsquo;\u00e9quipements \u00e9lectriques et de services informatiques.<\/p>\n\n\n\n<p>Parmi les succ\u00e8s les plus remarquables de cette \u00e9dition figure la performance du Holding Algeria Chemical Specialities qui a conclu trois nouveaux contrats commerciaux majeurs avec des partenaires mauritaniens. Ces accords pr\u00e9voient l&rsquo;exportation de plus de cinquante-cinq millions d&rsquo;unit\u00e9s de produits fabriqu\u00e9s par ses filiales DIPROCHIM pour les produits plastiques, SOCOTHYD pour les fournitures m\u00e9dicales et TONIC INDUSTRIE pour le carton ondul\u00e9. Ces nouveaux contrats font suite aux pr\u00e9c\u00e9dentes op\u00e9rations d&rsquo;exportation vers la Mauritanie effectu\u00e9es fin 2024 et d\u00e9but 2025, t\u00e9moignant de la satisfaction des partenaires mauritaniens quant \u00e0 la qualit\u00e9 des produits alg\u00e9riens et au professionnalisme des entreprises nationales. Saidal a aussi sign\u00e9 avec le mauritanien \u00ab\u00a0Chinguity Pharma\u00a0\u00bb, un accord pour la commercialisation de ses produits en Mauritanie. Cet accord, fruit d&rsquo;une ann\u00e9e de n\u00e9gociations, constitue un point de d\u00e9part important pour la distribution des m\u00e9dicaments de SAIDAL en Mauritanie, selon le m\u00eame responsable qui a indiqu\u00e9 que \u00ab\u00a0l&rsquo;enregistrement de 220 produits pharmaceutiques aupr\u00e8s des autorit\u00e9s sanitaires mauritaniennes sera bient\u00f4t finalis\u00e9, en vue de leur distribution sur l&rsquo;ensemble du territoire mauritanien\u00a0\u00bb.<\/p>\n\n\n\n<p><strong>March\u00e9 alg\u00e9rien permanent en Mauritanie<\/strong><\/p>\n\n\n\n<p>Au-del\u00e0 des contrats imm\u00e9diats, la foire a \u00e9galement \u00e9t\u00e9 l&rsquo;occasion d&rsquo;annoncer plusieurs projets d&rsquo;investissement \u00e0 long terme qui marquent une nouvelle \u00e9tape dans les relations \u00e9conomiques alg\u00e9ro-mauritaniennes. Le projet le plus ambitieux concerne la cr\u00e9ation d&rsquo;un march\u00e9 alg\u00e9rien permanent \u00e0 Nouakchott, comprenant plus de deux cents points de vente exclusivement d\u00e9di\u00e9s \u00e0 la commercialisation des produits alg\u00e9riens. Selon Bilal Fateh Chennouf, pr\u00e9sident de l&rsquo;Association des commer\u00e7ants alg\u00e9riens en Mauritanie, ce projet en phase finale sera r\u00e9alis\u00e9 dans les prochains mois et viendra compl\u00e9ter le r\u00f4le de la foire permanente des produits alg\u00e9riens \u00e0 Nouakchott, offrant des facilit\u00e9s de location aux commer\u00e7ants alg\u00e9riens d\u00e9sireux de s&rsquo;implanter durablement sur le march\u00e9 mauritanien.<\/p>\n\n\n\n<p>Le secteur textile n&rsquo;est pas en reste avec l&rsquo;annonce par Slimane Hadri, secr\u00e9taire g\u00e9n\u00e9ral de la F\u00e9d\u00e9ration alg\u00e9rienne des textiles et cuirs, d&rsquo;un projet de centre de production, d&rsquo;exposition et de distribution \u00e0 Nouakchott. Cette initiative, qui b\u00e9n\u00e9ficiera de la contribution d&rsquo;industriels de plusieurs wilayas alg\u00e9riennes et s&rsquo;appuiera sur des mati\u00e8res premi\u00e8res locales, devrait d\u00e9marrer dans deux mois et vise \u00e0 p\u00e9renniser la pr\u00e9sence des produits textiles alg\u00e9riens sur le march\u00e9 mauritanien, notamment apr\u00e8s l&rsquo;engouement remarquable observ\u00e9 durant la foire.<\/p>\n\n\n\n<p>Dans le domaine agricole, Hamza Moussous, g\u00e9rant d&rsquo;une soci\u00e9t\u00e9 d&rsquo;exportation de produits agricoles alg\u00e9riens, a conclu un accord avec un partenaire mauritanien pour cr\u00e9er un grand espace commercial \u00e0 Nouadhibou d\u00e9di\u00e9 \u00e0 la commercialisation des produits agricoles alg\u00e9riens, avec une extension pr\u00e9vue dans d&rsquo;autres villes mauritaniennes \u00e0 travers la vente en gros et au d\u00e9tail. Cette initiative s&rsquo;inscrit dans une dynamique plus large d&rsquo;implantation des entreprises alg\u00e9riennes en Mauritanie, illustr\u00e9e par l&rsquo;exemple du Groupe Belaid, actif depuis trois ans dans les domaines de la construction, de l&rsquo;agriculture, de l&rsquo;exportation et de l&rsquo;importation. Le Groupe Belaid a notamment lanc\u00e9 l&rsquo;ann\u00e9e derni\u00e8re un projet agricole dans la r\u00e9gion de Keur Macene, \u00e0 la fronti\u00e8re mauritano-s\u00e9n\u00e9galaise, sur une superficie de trente hectares o\u00f9 la r\u00e9colte de pommes de terre a \u00e9t\u00e9 initi\u00e9e comme premi\u00e8re \u00e9tape d&rsquo;exploration du march\u00e9 local. L&rsquo;entreprise travaille actuellement sur un projet immobilier int\u00e9gr\u00e9 de mille unit\u00e9s de logements divers, repr\u00e9sentant une petite ville dot\u00e9e de l&rsquo;ensemble des structures et services, projet actuellement en cours d&rsquo;\u00e9tude par le minist\u00e8re mauritanien de l&rsquo;Habitat.<\/p>\n\n\n\n<p>Les quelque deux cents entreprises alg\u00e9riennes repr\u00e9sentant divers secteurs de production et de services qui ont particip\u00e9 \u00e0 cette septi\u00e8me \u00e9dition peuvent se f\u00e9liciter d&rsquo;un bilan exceptionnel qui confirme la strat\u00e9gie alg\u00e9rienne d&rsquo;acc\u00e8s aux march\u00e9s africains et positionne la Mauritanie comme une porte d&rsquo;entr\u00e9e privil\u00e9gi\u00e9e vers l&rsquo;Afrique de l&rsquo;Ouest. Cette manifestation commerciale d\u00e9montre la capacit\u00e9 des entreprises alg\u00e9riennes \u00e0 conqu\u00e9rir de nouveaux march\u00e9s et \u00e0 \u00e9tablir des partenariats durables au-del\u00e0 des fronti\u00e8res nationales.<\/p>\n\n\n\n<p>Sabrina Aziouez<\/p>\n","protected":false},"excerpt":{"rendered":"<p>La septi\u00e8me \u00e9dition de la Foire des produits alg\u00e9riens \u00e0 Nouakchott s&rsquo;est achev\u00e9e mercredi sur un bilan particuli\u00e8rement positif, avec<\/p>\n","protected":false},"author":6,"featured_media":68157,"comment_status":"open","ping_status":"closed","sticky":false,"template":"","format":"standard","meta":{"colormag_page_container_layout":"default_layout","colormag_page_sidebar_layout":"default_layout","om_disable_all_campaigns":false,"_monsterinsights_skip_tracking":false,"_monsterinsights_sitenote_active":false,"_monsterinsights_sitenote_note":"","_monsterinsights_sitenote_category":0,"footnotes":"","_wpscppro_dont_share_socialmedia":false,"_wpscppro_custom_social_share_image":0,"_facebook_share_type":"default","_twitter_share_type":"default","_linkedin_share_type":"default","_pinterest_share_type":"default","_linkedin_share_type_page":"","_instagram_share_type":"default","_medium_share_type":"default","_threads_share_type":"","_google_business_share_type":"","_selected_social_profile":[],"_wpsp_enable_custom_social_template":false,"_wpsp_social_scheduling":{"enabled":false,"datetime":null,"platforms":[],"status":"template_only","dateOption":"today","timeOption":"now","customDays":"","customHours":"","customDate":"","customTime":"","schedulingType":"absolute"},"_wpsp_active_default_template":true},"categories":[52,29],"tags":[],"class_list":["post-68156","post","type-post","status-publish","format-standard","has-post-thumbnail","hentry","category-a-la-une","category-economie"],"aioseo_notices":[],"yoast_head":"<!-- This site is optimized with the Yoast SEO plugin v27.5 - https:\/\/yoast.com\/product\/yoast-seo-wordpress\/ -->\n<title>Baisser de rideau sur la Foire des produits alg\u00e9riens \u00e0 Nouakchott : Les entreprises alg\u00e9riennes font le plein de contrats ! - La Sentinelle<\/title>\n<meta name=\"robots\" content=\"index, follow, max-snippet:-1, max-image-preview:large, max-video-preview:-1\" \/>\n<link rel=\"canonical\" href=\"https:\/\/lasentinelle.dz\/index.php\/2025\/05\/28\/baisser-de-rideau-sur-la-foire-des-produits-algeriens-a-nouakchott-les-entreprises-algeriennes-font-le-plein-de-contrats\/\" \/>\n<meta property=\"og:locale\" content=\"fr_FR\" \/>\n<meta property=\"og:type\" content=\"article\" \/>\n<meta property=\"og:title\" content=\"Baisser de rideau sur la Foire des produits alg\u00e9riens \u00e0 Nouakchott : Les entreprises alg\u00e9riennes font le plein de contrats ! - La Sentinelle\" \/>\n<meta property=\"og:description\" content=\"La septi\u00e8me \u00e9dition de la Foire des produits alg\u00e9riens \u00e0 Nouakchott s&rsquo;est achev\u00e9e mercredi sur un bilan particuli\u00e8rement positif, avec\" \/>\n<meta property=\"og:url\" content=\"https:\/\/lasentinelle.dz\/index.php\/2025\/05\/28\/baisser-de-rideau-sur-la-foire-des-produits-algeriens-a-nouakchott-les-entreprises-algeriennes-font-le-plein-de-contrats\/\" \/>\n<meta property=\"og:site_name\" content=\"La Sentinelle\" \/>\n<meta property=\"article:publisher\" content=\"https:\/\/www.facebook.com\/La-Sentinelle-104059864394773\" \/>\n<meta property=\"article:published_time\" content=\"2025-05-28T20:59:45+00:00\" \/>\n<meta property=\"og:image\" content=\"https:\/\/lasentinelle.dz\/wp-content\/uploads\/2025\/05\/Foire-1.jpg\" \/>\n\t<meta property=\"og:image:width\" content=\"1047\" \/>\n\t<meta property=\"og:image:height\" content=\"610\" \/>\n\t<meta property=\"og:image:type\" content=\"image\/jpeg\" \/>\n<meta name=\"author\" content=\"admin\" \/>\n<meta name=\"twitter:card\" content=\"summary_large_image\" \/>\n<meta name=\"twitter:label1\" content=\"\u00c9crit par\" \/>\n\t<meta name=\"twitter:data1\" content=\"admin\" \/>\n\t<meta name=\"twitter:label2\" content=\"Dur\u00e9e de lecture estim\u00e9e\" \/>\n\t<meta name=\"twitter:data2\" content=\"5 minutes\" \/>\n<script type=\"application\/ld+json\" class=\"yoast-schema-graph\">{\"@context\":\"https:\\\/\\\/schema.org\",\"@graph\":[{\"@type\":\"Article\",\"@id\":\"https:\\\/\\\/lasentinelle.dz\\\/index.php\\\/2025\\\/05\\\/28\\\/baisser-de-rideau-sur-la-foire-des-produits-algeriens-a-nouakchott-les-entreprises-algeriennes-font-le-plein-de-contrats\\\/#article\",\"isPartOf\":{\"@id\":\"https:\\\/\\\/lasentinelle.dz\\\/index.php\\\/2025\\\/05\\\/28\\\/baisser-de-rideau-sur-la-foire-des-produits-algeriens-a-nouakchott-les-entreprises-algeriennes-font-le-plein-de-contrats\\\/\"},\"author\":{\"name\":\"admin\",\"@id\":\"https:\\\/\\\/lasentinelle.dz\\\/#\\\/schema\\\/person\\\/729ee0024f24e0b8c5ec17232f8e8b41\"},\"headline\":\"Baisser de rideau sur la Foire des produits alg\u00e9riens \u00e0 Nouakchott : Les entreprises alg\u00e9riennes font le plein de contrats !\",\"datePublished\":\"2025-05-28T20:59:45+00:00\",\"mainEntityOfPage\":{\"@id\":\"https:\\\/\\\/lasentinelle.dz\\\/index.php\\\/2025\\\/05\\\/28\\\/baisser-de-rideau-sur-la-foire-des-produits-algeriens-a-nouakchott-les-entreprises-algeriennes-font-le-plein-de-contrats\\\/\"},\"wordCount\":982,\"commentCount\":0,\"publisher\":{\"@id\":\"https:\\\/\\\/lasentinelle.dz\\\/#organization\"},\"image\":{\"@id\":\"https:\\\/\\\/lasentinelle.dz\\\/index.php\\\/2025\\\/05\\\/28\\\/baisser-de-rideau-sur-la-foire-des-produits-algeriens-a-nouakchott-les-entreprises-algeriennes-font-le-plein-de-contrats\\\/#primaryimage\"},\"thumbnailUrl\":\"https:\\\/\\\/lasentinelle.dz\\\/wp-content\\\/uploads\\\/2025\\\/05\\\/Foire-1.jpg\",\"articleSection\":[\"\u00c0 la Une\",\"\u00c9conomie\"],\"inLanguage\":\"fr-FR\",\"potentialAction\":[{\"@type\":\"CommentAction\",\"name\":\"Comment\",\"target\":[\"https:\\\/\\\/lasentinelle.dz\\\/index.php\\\/2025\\\/05\\\/28\\\/baisser-de-rideau-sur-la-foire-des-produits-algeriens-a-nouakchott-les-entreprises-algeriennes-font-le-plein-de-contrats\\\/#respond\"]}]},{\"@type\":\"WebPage\",\"@id\":\"https:\\\/\\\/lasentinelle.dz\\\/index.php\\\/2025\\\/05\\\/28\\\/baisser-de-rideau-sur-la-foire-des-produits-algeriens-a-nouakchott-les-entreprises-algeriennes-font-le-plein-de-contrats\\\/\",\"url\":\"https:\\\/\\\/lasentinelle.dz\\\/index.php\\\/2025\\\/05\\\/28\\\/baisser-de-rideau-sur-la-foire-des-produits-algeriens-a-nouakchott-les-entreprises-algeriennes-font-le-plein-de-contrats\\\/\",\"name\":\"Baisser de rideau sur la Foire des produits alg\u00e9riens \u00e0 Nouakchott : Les entreprises alg\u00e9riennes font le plein de contrats ! - La Sentinelle\",\"isPartOf\":{\"@id\":\"https:\\\/\\\/lasentinelle.dz\\\/#website\"},\"primaryImageOfPage\":{\"@id\":\"https:\\\/\\\/lasentinelle.dz\\\/index.php\\\/2025\\\/05\\\/28\\\/baisser-de-rideau-sur-la-foire-des-produits-algeriens-a-nouakchott-les-entreprises-algeriennes-font-le-plein-de-contrats\\\/#primaryimage\"},\"image\":{\"@id\":\"https:\\\/\\\/lasentinelle.dz\\\/index.php\\\/2025\\\/05\\\/28\\\/baisser-de-rideau-sur-la-foire-des-produits-algeriens-a-nouakchott-les-entreprises-algeriennes-font-le-plein-de-contrats\\\/#primaryimage\"},\"thumbnailUrl\":\"https:\\\/\\\/lasentinelle.dz\\\/wp-content\\\/uploads\\\/2025\\\/05\\\/Foire-1.jpg\",\"datePublished\":\"2025-05-28T20:59:45+00:00\",\"breadcrumb\":{\"@id\":\"https:\\\/\\\/lasentinelle.dz\\\/index.php\\\/2025\\\/05\\\/28\\\/baisser-de-rideau-sur-la-foire-des-produits-algeriens-a-nouakchott-les-entreprises-algeriennes-font-le-plein-de-contrats\\\/#breadcrumb\"},\"inLanguage\":\"fr-FR\",\"potentialAction\":[{\"@type\":\"ReadAction\",\"target\":[\"https:\\\/\\\/lasentinelle.dz\\\/index.php\\\/2025\\\/05\\\/28\\\/baisser-de-rideau-sur-la-foire-des-produits-algeriens-a-nouakchott-les-entreprises-algeriennes-font-le-plein-de-contrats\\\/\"]}]},{\"@type\":\"ImageObject\",\"inLanguage\":\"fr-FR\",\"@id\":\"https:\\\/\\\/lasentinelle.dz\\\/index.php\\\/2025\\\/05\\\/28\\\/baisser-de-rideau-sur-la-foire-des-produits-algeriens-a-nouakchott-les-entreprises-algeriennes-font-le-plein-de-contrats\\\/#primaryimage\",\"url\":\"https:\\\/\\\/lasentinelle.dz\\\/wp-content\\\/uploads\\\/2025\\\/05\\\/Foire-1.jpg\",\"contentUrl\":\"https:\\\/\\\/lasentinelle.dz\\\/wp-content\\\/uploads\\\/2025\\\/05\\\/Foire-1.jpg\",\"width\":1047,\"height\":610},{\"@type\":\"BreadcrumbList\",\"@id\":\"https:\\\/\\\/lasentinelle.dz\\\/index.php\\\/2025\\\/05\\\/28\\\/baisser-de-rideau-sur-la-foire-des-produits-algeriens-a-nouakchott-les-entreprises-algeriennes-font-le-plein-de-contrats\\\/#breadcrumb\",\"itemListElement\":[{\"@type\":\"ListItem\",\"position\":1,\"name\":\"Accueil\",\"item\":\"https:\\\/\\\/lasentinelle.dz\\\/\"},{\"@type\":\"ListItem\",\"position\":2,\"name\":\"Baisser de rideau sur la Foire des produits alg\u00e9riens \u00e0 Nouakchott : Les entreprises alg\u00e9riennes font le plein de contrats !\"}]},{\"@type\":\"WebSite\",\"@id\":\"https:\\\/\\\/lasentinelle.dz\\\/#website\",\"url\":\"https:\\\/\\\/lasentinelle.dz\\\/\",\"name\":\"La Sentinelle\",\"description\":\"Quotidien national d&#039;information\",\"publisher\":{\"@id\":\"https:\\\/\\\/lasentinelle.dz\\\/#organization\"},\"potentialAction\":[{\"@type\":\"SearchAction\",\"target\":{\"@type\":\"EntryPoint\",\"urlTemplate\":\"https:\\\/\\\/lasentinelle.dz\\\/?s={search_term_string}\"},\"query-input\":{\"@type\":\"PropertyValueSpecification\",\"valueRequired\":true,\"valueName\":\"search_term_string\"}}],\"inLanguage\":\"fr-FR\"},{\"@type\":\"Organization\",\"@id\":\"https:\\\/\\\/lasentinelle.dz\\\/#organization\",\"name\":\"Quotidien La Sentinelle\",\"url\":\"https:\\\/\\\/lasentinelle.dz\\\/\",\"logo\":{\"@type\":\"ImageObject\",\"inLanguage\":\"fr-FR\",\"@id\":\"https:\\\/\\\/lasentinelle.dz\\\/#\\\/schema\\\/logo\\\/image\\\/\",\"url\":\"https:\\\/\\\/lasentinelle.dz\\\/wp-content\\\/uploads\\\/2021\\\/09\\\/logo-sentinelleSLOGAN-1.png\",\"contentUrl\":\"https:\\\/\\\/lasentinelle.dz\\\/wp-content\\\/uploads\\\/2021\\\/09\\\/logo-sentinelleSLOGAN-1.png\",\"width\":615,\"height\":142,\"caption\":\"Quotidien La Sentinelle\"},\"image\":{\"@id\":\"https:\\\/\\\/lasentinelle.dz\\\/#\\\/schema\\\/logo\\\/image\\\/\"},\"sameAs\":[\"https:\\\/\\\/www.facebook.com\\\/La-Sentinelle-104059864394773\"]},{\"@type\":\"Person\",\"@id\":\"https:\\\/\\\/lasentinelle.dz\\\/#\\\/schema\\\/person\\\/729ee0024f24e0b8c5ec17232f8e8b41\",\"name\":\"admin\",\"image\":{\"@type\":\"ImageObject\",\"inLanguage\":\"fr-FR\",\"@id\":\"https:\\\/\\\/secure.gravatar.com\\\/avatar\\\/4c81fed838786e9b53f540bf46533e750f5d292099ae3b66cfc6fb1982e29df7?s=96&d=mm&r=g\",\"url\":\"https:\\\/\\\/secure.gravatar.com\\\/avatar\\\/4c81fed838786e9b53f540bf46533e750f5d292099ae3b66cfc6fb1982e29df7?s=96&d=mm&r=g\",\"contentUrl\":\"https:\\\/\\\/secure.gravatar.com\\\/avatar\\\/4c81fed838786e9b53f540bf46533e750f5d292099ae3b66cfc6fb1982e29df7?s=96&d=mm&r=g\",\"caption\":\"admin\"},\"description\":\"admin\",\"url\":\"https:\\\/\\\/lasentinelle.dz\\\/author\\\/admin\\\/\"}]}<\/script>\n<!-- \/ Yoast SEO plugin. -->","yoast_head_json":{"title":"Baisser de rideau sur la Foire des produits alg\u00e9riens \u00e0 Nouakchott : Les entreprises alg\u00e9riennes font le plein de contrats ! - La Sentinelle","robots":{"index":"index","follow":"follow","max-snippet":"max-snippet:-1","max-image-preview":"max-image-preview:large","max-video-preview":"max-video-preview:-1"},"canonical":"https:\/\/lasentinelle.dz\/index.php\/2025\/05\/28\/baisser-de-rideau-sur-la-foire-des-produits-algeriens-a-nouakchott-les-entreprises-algeriennes-font-le-plein-de-contrats\/","og_locale":"fr_FR","og_type":"article","og_title":"Baisser de rideau sur la Foire des produits alg\u00e9riens \u00e0 Nouakchott : Les entreprises alg\u00e9riennes font le plein de contrats ! - La Sentinelle","og_description":"La septi\u00e8me \u00e9dition de la Foire des produits alg\u00e9riens \u00e0 Nouakchott s&rsquo;est achev\u00e9e mercredi sur un bilan particuli\u00e8rement positif, avec","og_url":"https:\/\/lasentinelle.dz\/index.php\/2025\/05\/28\/baisser-de-rideau-sur-la-foire-des-produits-algeriens-a-nouakchott-les-entreprises-algeriennes-font-le-plein-de-contrats\/","og_site_name":"La Sentinelle","article_publisher":"https:\/\/www.facebook.com\/La-Sentinelle-104059864394773","article_published_time":"2025-05-28T20:59:45+00:00","og_image":[{"width":1047,"height":610,"url":"https:\/\/lasentinelle.dz\/wp-content\/uploads\/2025\/05\/Foire-1.jpg","type":"image\/jpeg"}],"author":"admin","twitter_card":"summary_large_image","twitter_misc":{"\u00c9crit par":"admin","Dur\u00e9e de lecture estim\u00e9e":"5 minutes"},"schema":{"@context":"https:\/\/schema.org","@graph":[{"@type":"Article","@id":"https:\/\/lasentinelle.dz\/index.php\/2025\/05\/28\/baisser-de-rideau-sur-la-foire-des-produits-algeriens-a-nouakchott-les-entreprises-algeriennes-font-le-plein-de-contrats\/#article","isPartOf":{"@id":"https:\/\/lasentinelle.dz\/index.php\/2025\/05\/28\/baisser-de-rideau-sur-la-foire-des-produits-algeriens-a-nouakchott-les-entreprises-algeriennes-font-le-plein-de-contrats\/"},"author":{"name":"admin","@id":"https:\/\/lasentinelle.dz\/#\/schema\/person\/729ee0024f24e0b8c5ec17232f8e8b41"},"headline":"Baisser de rideau sur la Foire des produits alg\u00e9riens \u00e0 Nouakchott : Les entreprises alg\u00e9riennes font le plein de contrats !","datePublished":"2025-05-28T20:59:45+00:00","mainEntityOfPage":{"@id":"https:\/\/lasentinelle.dz\/index.php\/2025\/05\/28\/baisser-de-rideau-sur-la-foire-des-produits-algeriens-a-nouakchott-les-entreprises-algeriennes-font-le-plein-de-contrats\/"},"wordCount":982,"commentCount":0,"publisher":{"@id":"https:\/\/lasentinelle.dz\/#organization"},"image":{"@id":"https:\/\/lasentinelle.dz\/index.php\/2025\/05\/28\/baisser-de-rideau-sur-la-foire-des-produits-algeriens-a-nouakchott-les-entreprises-algeriennes-font-le-plein-de-contrats\/#primaryimage"},"thumbnailUrl":"https:\/\/lasentinelle.dz\/wp-content\/uploads\/2025\/05\/Foire-1.jpg","articleSection":["\u00c0 la Une","\u00c9conomie"],"inLanguage":"fr-FR","potentialAction":[{"@type":"CommentAction","name":"Comment","target":["https:\/\/lasentinelle.dz\/index.php\/2025\/05\/28\/baisser-de-rideau-sur-la-foire-des-produits-algeriens-a-nouakchott-les-entreprises-algeriennes-font-le-plein-de-contrats\/#respond"]}]},{"@type":"WebPage","@id":"https:\/\/lasentinelle.dz\/index.php\/2025\/05\/28\/baisser-de-rideau-sur-la-foire-des-produits-algeriens-a-nouakchott-les-entreprises-algeriennes-font-le-plein-de-contrats\/","url":"https:\/\/lasentinelle.dz\/index.php\/2025\/05\/28\/baisser-de-rideau-sur-la-foire-des-produits-algeriens-a-nouakchott-les-entreprises-algeriennes-font-le-plein-de-contrats\/","name":"Baisser de rideau sur la Foire des produits alg\u00e9riens \u00e0 Nouakchott : Les entreprises alg\u00e9riennes font le plein de contrats ! - La Sentinelle","isPartOf":{"@id":"https:\/\/lasentinelle.dz\/#website"},"primaryImageOfPage":{"@id":"https:\/\/lasentinelle.dz\/index.php\/2025\/05\/28\/baisser-de-rideau-sur-la-foire-des-produits-algeriens-a-nouakchott-les-entreprises-algeriennes-font-le-plein-de-contrats\/#primaryimage"},"image":{"@id":"https:\/\/lasentinelle.dz\/index.php\/2025\/05\/28\/baisser-de-rideau-sur-la-foire-des-produits-algeriens-a-nouakchott-les-entreprises-algeriennes-font-le-plein-de-contrats\/#primaryimage"},"thumbnailUrl":"https:\/\/lasentinelle.dz\/wp-content\/uploads\/2025\/05\/Foire-1.jpg","datePublished":"2025-05-28T20:59:45+00:00","breadcrumb":{"@id":"https:\/\/lasentinelle.dz\/index.php\/2025\/05\/28\/baisser-de-rideau-sur-la-foire-des-produits-algeriens-a-nouakchott-les-entreprises-algeriennes-font-le-plein-de-contrats\/#breadcrumb"},"inLanguage":"fr-FR","potentialAction":[{"@type":"ReadAction","target":["https:\/\/lasentinelle.dz\/index.php\/2025\/05\/28\/baisser-de-rideau-sur-la-foire-des-produits-algeriens-a-nouakchott-les-entreprises-algeriennes-font-le-plein-de-contrats\/"]}]},{"@type":"ImageObject","inLanguage":"fr-FR","@id":"https:\/\/lasentinelle.dz\/index.php\/2025\/05\/28\/baisser-de-rideau-sur-la-foire-des-produits-algeriens-a-nouakchott-les-entreprises-algeriennes-font-le-plein-de-contrats\/#primaryimage","url":"https:\/\/lasentinelle.dz\/wp-content\/uploads\/2025\/05\/Foire-1.jpg","contentUrl":"https:\/\/lasentinelle.dz\/wp-content\/uploads\/2025\/05\/Foire-1.jpg","width":1047,"height":610},{"@type":"BreadcrumbList","@id":"https:\/\/lasentinelle.dz\/index.php\/2025\/05\/28\/baisser-de-rideau-sur-la-foire-des-produits-algeriens-a-nouakchott-les-entreprises-algeriennes-font-le-plein-de-contrats\/#breadcrumb","itemListElement":[{"@type":"ListItem","position":1,"name":"Accueil","item":"https:\/\/lasentinelle.dz\/"},{"@type":"ListItem","position":2,"name":"Baisser de rideau sur la Foire des produits alg\u00e9riens \u00e0 Nouakchott : Les entreprises alg\u00e9riennes font le plein de contrats !"}]},{"@type":"WebSite","@id":"https:\/\/lasentinelle.dz\/#website","url":"https:\/\/lasentinelle.dz\/","name":"La Sentinelle","description":"Quotidien national d&#039;information","publisher":{"@id":"https:\/\/lasentinelle.dz\/#organization"},"potentialAction":[{"@type":"SearchAction","target":{"@type":"EntryPoint","urlTemplate":"https:\/\/lasentinelle.dz\/?s={search_term_string}"},"query-input":{"@type":"PropertyValueSpecification","valueRequired":true,"valueName":"search_term_string"}}],"inLanguage":"fr-FR"},{"@type":"Organization","@id":"https:\/\/lasentinelle.dz\/#organization","name":"Quotidien La Sentinelle","url":"https:\/\/lasentinelle.dz\/","logo":{"@type":"ImageObject","inLanguage":"fr-FR","@id":"https:\/\/lasentinelle.dz\/#\/schema\/logo\/image\/","url":"https:\/\/lasentinelle.dz\/wp-content\/uploads\/2021\/09\/logo-sentinelleSLOGAN-1.png","contentUrl":"https:\/\/lasentinelle.dz\/wp-content\/uploads\/2021\/09\/logo-sentinelleSLOGAN-1.png","width":615,"height":142,"caption":"Quotidien La Sentinelle"},"image":{"@id":"https:\/\/lasentinelle.dz\/#\/schema\/logo\/image\/"},"sameAs":["https:\/\/www.facebook.com\/La-Sentinelle-104059864394773"]},{"@type":"Person","@id":"https:\/\/lasentinelle.dz\/#\/schema\/person\/729ee0024f24e0b8c5ec17232f8e8b41","name":"admin","image":{"@type":"ImageObject","inLanguage":"fr-FR","@id":"https:\/\/secure.gravatar.com\/avatar\/4c81fed838786e9b53f540bf46533e750f5d292099ae3b66cfc6fb1982e29df7?s=96&d=mm&r=g","url":"https:\/\/secure.gravatar.com\/avatar\/4c81fed838786e9b53f540bf46533e750f5d292099ae3b66cfc6fb1982e29df7?s=96&d=mm&r=g","contentUrl":"https:\/\/secure.gravatar.com\/avatar\/4c81fed838786e9b53f540bf46533e750f5d292099ae3b66cfc6fb1982e29df7?s=96&d=mm&r=g","caption":"admin"},"description":"admin","url":"https:\/\/lasentinelle.dz\/author\/admin\/"}]}},"_links":{"self":[{"href":"https:\/\/lasentinelle.dz\/index.php\/wp-json\/wp\/v2\/posts\/68156","targetHints":{"allow":["GET"]}}],"collection":[{"href":"https:\/\/lasentinelle.dz\/index.php\/wp-json\/wp\/v2\/posts"}],"about":[{"href":"https:\/\/lasentinelle.dz\/index.php\/wp-json\/wp\/v2\/types\/post"}],"author":[{"embeddable":true,"href":"https:\/\/lasentinelle.dz\/index.php\/wp-json\/wp\/v2\/users\/6"}],"replies":[{"embeddable":true,"href":"https:\/\/lasentinelle.dz\/index.php\/wp-json\/wp\/v2\/comments?post=68156"}],"version-history":[{"count":1,"href":"https:\/\/lasentinelle.dz\/index.php\/wp-json\/wp\/v2\/posts\/68156\/revisions"}],"predecessor-version":[{"id":68158,"href":"https:\/\/lasentinelle.dz\/index.php\/wp-json\/wp\/v2\/posts\/68156\/revisions\/68158"}],"wp:featuredmedia":[{"embeddable":true,"href":"https:\/\/lasentinelle.dz\/index.php\/wp-json\/wp\/v2\/media\/68157"}],"wp:attachment":[{"href":"https:\/\/lasentinelle.dz\/index.php\/wp-json\/wp\/v2\/media?parent=68156"}],"wp:term":[{"taxonomy":"category","embeddable":true,"href":"https:\/\/lasentinelle.dz\/index.php\/wp-json\/wp\/v2\/categories?post=68156"},{"taxonomy":"post_tag","embeddable":true,"href":"https:\/\/lasentinelle.dz\/index.php\/wp-json\/wp\/v2\/tags?post=68156"}],"curies":[{"name":"wp","href":"https:\/\/api.w.org\/{rel}","templated":true}]}}