{"id":68159,"date":"2025-05-28T22:01:15","date_gmt":"2025-05-28T21:01:15","guid":{"rendered":"https:\/\/lasentinelle.dz\/?p=68159"},"modified":"2025-05-28T22:01:16","modified_gmt":"2025-05-28T21:01:16","slug":"collecte-des-peaux-de-moutons-deux-applications-lancees","status":"publish","type":"post","link":"https:\/\/lasentinelle.dz\/index.php\/2025\/05\/28\/collecte-des-peaux-de-moutons-deux-applications-lancees\/","title":{"rendered":"Collecte des peaux de moutons: Deux applications lanc\u00e9es"},"content":{"rendered":"\n<p>L&rsquo;op\u00e9ration de collecte des peaux de moutons durant l&rsquo;A\u00efd El-Adha se conjugue au futur avec le lancement de deux applications num\u00e9riques innovantes. Cette initiative s&rsquo;inscrit dans une d\u00e9marche globale de valorisation des ressources locales et de pr\u00e9servation environnementale, tout en facilitant la participation des citoyens \u00e0 cette op\u00e9ration d&rsquo;envergure nationale. La premi\u00e8re application, baptis\u00e9e \u00ab\u00a0Mriguel Hidora\u00a0\u00bb, r\u00e9volutionne l&rsquo;identification des points de collecte en proposant aux citoyens une carte interactive bas\u00e9e sur la g\u00e9olocalisation. Cette technologie permet aux familles de localiser facilement et rapidement le point de collecte le plus proche de leur domicile, \u00e9liminant ainsi les difficult\u00e9s traditionnellement rencontr\u00e9es pour trouver ces emplacements d\u00e9sign\u00e9s par les autorit\u00e9s locales. L&rsquo;interface intuitive guide l&rsquo;utilisateur vers le centre de collecte appropri\u00e9, optimisant les d\u00e9placements et r\u00e9duisant les pertes de temps.<\/p>\n\n\n\n<p>La seconde application, \u00ab\u00a0Moustafid\u00a0\u00bb, introduit un service encore plus pratique en offrant la possibilit\u00e9 de faire don de la peau directement en ligne. Une fois la demande enregistr\u00e9e via l&rsquo;application, un collecteur professionnel est automatiquement d\u00e9p\u00each\u00e9 au domicile du citoyen pour r\u00e9cup\u00e9rer la peau. Cette solution r\u00e9pond particuli\u00e8rement aux besoins des personnes \u00e2g\u00e9es, des familles sans moyen de transport ou de celles r\u00e9sidant dans des zones \u00e9loign\u00e9es des points de collecte traditionnels.<\/p>\n\n\n\n<p>Cette op\u00e9ration de grande envergure est pilot\u00e9e conjointement par les directions de l&rsquo;Industrie des wilayas et le groupe public Getex, sp\u00e9cialis\u00e9 dans le textile et le cuir. La coordination s&rsquo;\u00e9tend \u00e0 huit minist\u00e8res. Les minist\u00e8res de l&rsquo;Int\u00e9rieur, de l&rsquo;\u00c9nergie, des Affaires religieuses, de l&rsquo;Agriculture, de la Formation professionnelle, du Commerce, de la Communication et de l&rsquo;Environnement collaborent \u00e9troitement pour assurer le succ\u00e8s de cette campagne nationale. Cette synergie interminist\u00e9rielle garantit une couverture compl\u00e8te du territoire et une harmonisation des efforts dans toutes les wilayas du pays.<\/p>\n\n\n\n<p>L&rsquo;implication des associations professionnelles et de la soci\u00e9t\u00e9 civile renforce encore davantage ce dispositif, cr\u00e9ant un v\u00e9ritable r\u00e9seau de solidarit\u00e9 et de participation citoyenne. Cette approche participative transforme une contrainte logistique en opportunit\u00e9 de mobilisation collective autour d&rsquo;un objectif \u00e9conomique et environnemental commun.<\/p>\n\n\n\n<p>Les enjeux \u00e9conomiques de cette collecte sont consid\u00e9rables. La valorisation des peaux de moutons constitue une source importante de mati\u00e8res premi\u00e8res pour les industries nationales du cuir, du textile, de la chaussure et de la maroquinerie. Cette r\u00e9cup\u00e9ration syst\u00e9matique contribue directement \u00e0 la r\u00e9duction des importations de mati\u00e8res premi\u00e8res, renfor\u00e7ant l&rsquo;autonomie industrielle du pays et g\u00e9n\u00e9rant des \u00e9conomies substantielles de devises. L&rsquo;Alg\u00e9rienne des cuirs et d\u00e9riv\u00e9s ACED, filiale du groupe Gitex, anticipe d&rsquo;ailleurs une collecte largement sup\u00e9rieure aux 500.000 peaux r\u00e9cup\u00e9r\u00e9es l&rsquo;ann\u00e9e pr\u00e9c\u00e9dente, gr\u00e2ce notamment \u00e0 l&rsquo;importation d&rsquo;une quantit\u00e9 importante de t\u00eates ovines pour cette \u00e9dition de l&rsquo;A\u00efd El-Adha.<\/p>\n\n\n\n<p>La collecte organis\u00e9e des peaux \u00e9vite leur abandon dans la nature ou leur enfouissement anarchique, pr\u00e9venant ainsi la pollution des sols et des nappes phr\u00e9atiques. Cette d\u00e9marche s&rsquo;inscrit parfaitement dans les objectifs de d\u00e9veloppement durable et de protection de l&rsquo;environnement. Des conventions ont \u00e9t\u00e9 \u00e9tablies avec les centres d&rsquo;enfouissement technique pour structurer efficacement la collecte dans tous les quartiers du pays, assurant une gestion optimale des d\u00e9chets organiques.<\/p>\n\n\n\n<p>Le succ\u00e8s de cette op\u00e9ration repose \u00e9galement sur la sensibilisation et la participation active des citoyens. Le minist\u00e8re de l&rsquo;Industrie insiste sur l&rsquo;importance d&rsquo;une \u00ab\u00a0contribution positive et organis\u00e9e\u00a0\u00bb de la part des familles. Les recommandations techniques sont pr\u00e9cises : \u00e9viter d&rsquo;endommager la peau lors de l&rsquo;\u00e9corchage, ne pas la mouiller pour pr\u00e9server sa qualit\u00e9, et saler correctement sa face interne avant le d\u00e9p\u00f4t. Ces gestes simples mais essentiels garantissent la qualit\u00e9 de la mati\u00e8re premi\u00e8re r\u00e9cup\u00e9r\u00e9e et maximisent sa valeur commerciale.<\/p>\n\n\n\n<p>Lyna Larbi<\/p>\n","protected":false},"excerpt":{"rendered":"<p>L&rsquo;op\u00e9ration de collecte des peaux de moutons durant l&rsquo;A\u00efd El-Adha se conjugue au futur avec le lancement de deux applications<\/p>\n","protected":false},"author":6,"featured_media":68160,"comment_status":"open","ping_status":"closed","sticky":false,"template":"","format":"standard","meta":{"colormag_page_container_layout":"default_layout","colormag_page_sidebar_layout":"default_layout","om_disable_all_campaigns":false,"_monsterinsights_skip_tracking":false,"_monsterinsights_sitenote_active":false,"_monsterinsights_sitenote_note":"","_monsterinsights_sitenote_category":0,"footnotes":"","_wpscppro_dont_share_socialmedia":false,"_wpscppro_custom_social_share_image":0,"_facebook_share_type":"default","_twitter_share_type":"default","_linkedin_share_type":"default","_pinterest_share_type":"default","_linkedin_share_type_page":"","_instagram_share_type":"default","_medium_share_type":"default","_threads_share_type":"","_google_business_share_type":"","_selected_social_profile":[],"_wpsp_enable_custom_social_template":false,"_wpsp_social_scheduling":{"enabled":false,"datetime":null,"platforms":[],"status":"template_only","dateOption":"today","timeOption":"now","customDays":"","customHours":"","customDate":"","customTime":"","schedulingType":"absolute"},"_wpsp_active_default_template":true},"categories":[27],"tags":[],"class_list":["post-68159","post","type-post","status-publish","format-standard","has-post-thumbnail","hentry","category-actualite"],"aioseo_notices":[],"yoast_head":"<!-- This site is optimized with the Yoast SEO plugin v27.5 - https:\/\/yoast.com\/product\/yoast-seo-wordpress\/ -->\n<title>Collecte des peaux de moutons: Deux applications lanc\u00e9es - La Sentinelle<\/title>\n<meta name=\"robots\" content=\"index, follow, max-snippet:-1, max-image-preview:large, max-video-preview:-1\" \/>\n<link rel=\"canonical\" href=\"https:\/\/lasentinelle.dz\/index.php\/2025\/05\/28\/collecte-des-peaux-de-moutons-deux-applications-lancees\/\" \/>\n<meta property=\"og:locale\" content=\"fr_FR\" \/>\n<meta property=\"og:type\" content=\"article\" \/>\n<meta property=\"og:title\" content=\"Collecte des peaux de moutons: Deux applications lanc\u00e9es - La Sentinelle\" \/>\n<meta property=\"og:description\" content=\"L&rsquo;op\u00e9ration de collecte des peaux de moutons durant l&rsquo;A\u00efd El-Adha se conjugue au futur avec le lancement de deux applications\" \/>\n<meta property=\"og:url\" content=\"https:\/\/lasentinelle.dz\/index.php\/2025\/05\/28\/collecte-des-peaux-de-moutons-deux-applications-lancees\/\" \/>\n<meta property=\"og:site_name\" content=\"La Sentinelle\" \/>\n<meta property=\"article:publisher\" content=\"https:\/\/www.facebook.com\/La-Sentinelle-104059864394773\" \/>\n<meta property=\"article:published_time\" content=\"2025-05-28T21:01:15+00:00\" \/>\n<meta property=\"article:modified_time\" content=\"2025-05-28T21:01:16+00:00\" \/>\n<meta property=\"og:image\" content=\"https:\/\/lasentinelle.dz\/wp-content\/uploads\/2025\/05\/peaux-de-moutons.jpg\" \/>\n\t<meta property=\"og:image:width\" content=\"580\" \/>\n\t<meta property=\"og:image:height\" content=\"350\" \/>\n\t<meta property=\"og:image:type\" content=\"image\/jpeg\" \/>\n<meta name=\"author\" content=\"admin\" \/>\n<meta name=\"twitter:card\" content=\"summary_large_image\" \/>\n<meta name=\"twitter:label1\" content=\"\u00c9crit par\" \/>\n\t<meta name=\"twitter:data1\" content=\"admin\" \/>\n\t<meta name=\"twitter:label2\" content=\"Dur\u00e9e de lecture estim\u00e9e\" \/>\n\t<meta name=\"twitter:data2\" content=\"4 minutes\" \/>\n<script type=\"application\/ld+json\" class=\"yoast-schema-graph\">{\"@context\":\"https:\\\/\\\/schema.org\",\"@graph\":[{\"@type\":\"Article\",\"@id\":\"https:\\\/\\\/lasentinelle.dz\\\/index.php\\\/2025\\\/05\\\/28\\\/collecte-des-peaux-de-moutons-deux-applications-lancees\\\/#article\",\"isPartOf\":{\"@id\":\"https:\\\/\\\/lasentinelle.dz\\\/index.php\\\/2025\\\/05\\\/28\\\/collecte-des-peaux-de-moutons-deux-applications-lancees\\\/\"},\"author\":{\"name\":\"admin\",\"@id\":\"https:\\\/\\\/lasentinelle.dz\\\/#\\\/schema\\\/person\\\/729ee0024f24e0b8c5ec17232f8e8b41\"},\"headline\":\"Collecte des peaux de moutons: Deux applications lanc\u00e9es\",\"datePublished\":\"2025-05-28T21:01:15+00:00\",\"dateModified\":\"2025-05-28T21:01:16+00:00\",\"mainEntityOfPage\":{\"@id\":\"https:\\\/\\\/lasentinelle.dz\\\/index.php\\\/2025\\\/05\\\/28\\\/collecte-des-peaux-de-moutons-deux-applications-lancees\\\/\"},\"wordCount\":697,\"commentCount\":0,\"publisher\":{\"@id\":\"https:\\\/\\\/lasentinelle.dz\\\/#organization\"},\"image\":{\"@id\":\"https:\\\/\\\/lasentinelle.dz\\\/index.php\\\/2025\\\/05\\\/28\\\/collecte-des-peaux-de-moutons-deux-applications-lancees\\\/#primaryimage\"},\"thumbnailUrl\":\"https:\\\/\\\/lasentinelle.dz\\\/wp-content\\\/uploads\\\/2025\\\/05\\\/peaux-de-moutons.jpg\",\"articleSection\":[\"Actualit\u00e9\"],\"inLanguage\":\"fr-FR\",\"potentialAction\":[{\"@type\":\"CommentAction\",\"name\":\"Comment\",\"target\":[\"https:\\\/\\\/lasentinelle.dz\\\/index.php\\\/2025\\\/05\\\/28\\\/collecte-des-peaux-de-moutons-deux-applications-lancees\\\/#respond\"]}]},{\"@type\":\"WebPage\",\"@id\":\"https:\\\/\\\/lasentinelle.dz\\\/index.php\\\/2025\\\/05\\\/28\\\/collecte-des-peaux-de-moutons-deux-applications-lancees\\\/\",\"url\":\"https:\\\/\\\/lasentinelle.dz\\\/index.php\\\/2025\\\/05\\\/28\\\/collecte-des-peaux-de-moutons-deux-applications-lancees\\\/\",\"name\":\"Collecte des peaux de moutons: Deux applications lanc\u00e9es - La Sentinelle\",\"isPartOf\":{\"@id\":\"https:\\\/\\\/lasentinelle.dz\\\/#website\"},\"primaryImageOfPage\":{\"@id\":\"https:\\\/\\\/lasentinelle.dz\\\/index.php\\\/2025\\\/05\\\/28\\\/collecte-des-peaux-de-moutons-deux-applications-lancees\\\/#primaryimage\"},\"image\":{\"@id\":\"https:\\\/\\\/lasentinelle.dz\\\/index.php\\\/2025\\\/05\\\/28\\\/collecte-des-peaux-de-moutons-deux-applications-lancees\\\/#primaryimage\"},\"thumbnailUrl\":\"https:\\\/\\\/lasentinelle.dz\\\/wp-content\\\/uploads\\\/2025\\\/05\\\/peaux-de-moutons.jpg\",\"datePublished\":\"2025-05-28T21:01:15+00:00\",\"dateModified\":\"2025-05-28T21:01:16+00:00\",\"breadcrumb\":{\"@id\":\"https:\\\/\\\/lasentinelle.dz\\\/index.php\\\/2025\\\/05\\\/28\\\/collecte-des-peaux-de-moutons-deux-applications-lancees\\\/#breadcrumb\"},\"inLanguage\":\"fr-FR\",\"potentialAction\":[{\"@type\":\"ReadAction\",\"target\":[\"https:\\\/\\\/lasentinelle.dz\\\/index.php\\\/2025\\\/05\\\/28\\\/collecte-des-peaux-de-moutons-deux-applications-lancees\\\/\"]}]},{\"@type\":\"ImageObject\",\"inLanguage\":\"fr-FR\",\"@id\":\"https:\\\/\\\/lasentinelle.dz\\\/index.php\\\/2025\\\/05\\\/28\\\/collecte-des-peaux-de-moutons-deux-applications-lancees\\\/#primaryimage\",\"url\":\"https:\\\/\\\/lasentinelle.dz\\\/wp-content\\\/uploads\\\/2025\\\/05\\\/peaux-de-moutons.jpg\",\"contentUrl\":\"https:\\\/\\\/lasentinelle.dz\\\/wp-content\\\/uploads\\\/2025\\\/05\\\/peaux-de-moutons.jpg\",\"width\":580,\"height\":350},{\"@type\":\"BreadcrumbList\",\"@id\":\"https:\\\/\\\/lasentinelle.dz\\\/index.php\\\/2025\\\/05\\\/28\\\/collecte-des-peaux-de-moutons-deux-applications-lancees\\\/#breadcrumb\",\"itemListElement\":[{\"@type\":\"ListItem\",\"position\":1,\"name\":\"Accueil\",\"item\":\"https:\\\/\\\/lasentinelle.dz\\\/\"},{\"@type\":\"ListItem\",\"position\":2,\"name\":\"Collecte des peaux de moutons: Deux applications lanc\u00e9es\"}]},{\"@type\":\"WebSite\",\"@id\":\"https:\\\/\\\/lasentinelle.dz\\\/#website\",\"url\":\"https:\\\/\\\/lasentinelle.dz\\\/\",\"name\":\"La Sentinelle\",\"description\":\"Quotidien national d&#039;information\",\"publisher\":{\"@id\":\"https:\\\/\\\/lasentinelle.dz\\\/#organization\"},\"potentialAction\":[{\"@type\":\"SearchAction\",\"target\":{\"@type\":\"EntryPoint\",\"urlTemplate\":\"https:\\\/\\\/lasentinelle.dz\\\/?s={search_term_string}\"},\"query-input\":{\"@type\":\"PropertyValueSpecification\",\"valueRequired\":true,\"valueName\":\"search_term_string\"}}],\"inLanguage\":\"fr-FR\"},{\"@type\":\"Organization\",\"@id\":\"https:\\\/\\\/lasentinelle.dz\\\/#organization\",\"name\":\"Quotidien La Sentinelle\",\"url\":\"https:\\\/\\\/lasentinelle.dz\\\/\",\"logo\":{\"@type\":\"ImageObject\",\"inLanguage\":\"fr-FR\",\"@id\":\"https:\\\/\\\/lasentinelle.dz\\\/#\\\/schema\\\/logo\\\/image\\\/\",\"url\":\"https:\\\/\\\/lasentinelle.dz\\\/wp-content\\\/uploads\\\/2021\\\/09\\\/logo-sentinelleSLOGAN-1.png\",\"contentUrl\":\"https:\\\/\\\/lasentinelle.dz\\\/wp-content\\\/uploads\\\/2021\\\/09\\\/logo-sentinelleSLOGAN-1.png\",\"width\":615,\"height\":142,\"caption\":\"Quotidien La Sentinelle\"},\"image\":{\"@id\":\"https:\\\/\\\/lasentinelle.dz\\\/#\\\/schema\\\/logo\\\/image\\\/\"},\"sameAs\":[\"https:\\\/\\\/www.facebook.com\\\/La-Sentinelle-104059864394773\"]},{\"@type\":\"Person\",\"@id\":\"https:\\\/\\\/lasentinelle.dz\\\/#\\\/schema\\\/person\\\/729ee0024f24e0b8c5ec17232f8e8b41\",\"name\":\"admin\",\"image\":{\"@type\":\"ImageObject\",\"inLanguage\":\"fr-FR\",\"@id\":\"https:\\\/\\\/secure.gravatar.com\\\/avatar\\\/4c81fed838786e9b53f540bf46533e750f5d292099ae3b66cfc6fb1982e29df7?s=96&d=mm&r=g\",\"url\":\"https:\\\/\\\/secure.gravatar.com\\\/avatar\\\/4c81fed838786e9b53f540bf46533e750f5d292099ae3b66cfc6fb1982e29df7?s=96&d=mm&r=g\",\"contentUrl\":\"https:\\\/\\\/secure.gravatar.com\\\/avatar\\\/4c81fed838786e9b53f540bf46533e750f5d292099ae3b66cfc6fb1982e29df7?s=96&d=mm&r=g\",\"caption\":\"admin\"},\"description\":\"admin\",\"url\":\"https:\\\/\\\/lasentinelle.dz\\\/author\\\/admin\\\/\"}]}<\/script>\n<!-- \/ Yoast SEO plugin. -->","yoast_head_json":{"title":"Collecte des peaux de moutons: Deux applications lanc\u00e9es - La Sentinelle","robots":{"index":"index","follow":"follow","max-snippet":"max-snippet:-1","max-image-preview":"max-image-preview:large","max-video-preview":"max-video-preview:-1"},"canonical":"https:\/\/lasentinelle.dz\/index.php\/2025\/05\/28\/collecte-des-peaux-de-moutons-deux-applications-lancees\/","og_locale":"fr_FR","og_type":"article","og_title":"Collecte des peaux de moutons: Deux applications lanc\u00e9es - La Sentinelle","og_description":"L&rsquo;op\u00e9ration de collecte des peaux de moutons durant l&rsquo;A\u00efd El-Adha se conjugue au futur avec le lancement de deux applications","og_url":"https:\/\/lasentinelle.dz\/index.php\/2025\/05\/28\/collecte-des-peaux-de-moutons-deux-applications-lancees\/","og_site_name":"La Sentinelle","article_publisher":"https:\/\/www.facebook.com\/La-Sentinelle-104059864394773","article_published_time":"2025-05-28T21:01:15+00:00","article_modified_time":"2025-05-28T21:01:16+00:00","og_image":[{"width":580,"height":350,"url":"https:\/\/lasentinelle.dz\/wp-content\/uploads\/2025\/05\/peaux-de-moutons.jpg","type":"image\/jpeg"}],"author":"admin","twitter_card":"summary_large_image","twitter_misc":{"\u00c9crit par":"admin","Dur\u00e9e de lecture estim\u00e9e":"4 minutes"},"schema":{"@context":"https:\/\/schema.org","@graph":[{"@type":"Article","@id":"https:\/\/lasentinelle.dz\/index.php\/2025\/05\/28\/collecte-des-peaux-de-moutons-deux-applications-lancees\/#article","isPartOf":{"@id":"https:\/\/lasentinelle.dz\/index.php\/2025\/05\/28\/collecte-des-peaux-de-moutons-deux-applications-lancees\/"},"author":{"name":"admin","@id":"https:\/\/lasentinelle.dz\/#\/schema\/person\/729ee0024f24e0b8c5ec17232f8e8b41"},"headline":"Collecte des peaux de moutons: Deux applications lanc\u00e9es","datePublished":"2025-05-28T21:01:15+00:00","dateModified":"2025-05-28T21:01:16+00:00","mainEntityOfPage":{"@id":"https:\/\/lasentinelle.dz\/index.php\/2025\/05\/28\/collecte-des-peaux-de-moutons-deux-applications-lancees\/"},"wordCount":697,"commentCount":0,"publisher":{"@id":"https:\/\/lasentinelle.dz\/#organization"},"image":{"@id":"https:\/\/lasentinelle.dz\/index.php\/2025\/05\/28\/collecte-des-peaux-de-moutons-deux-applications-lancees\/#primaryimage"},"thumbnailUrl":"https:\/\/lasentinelle.dz\/wp-content\/uploads\/2025\/05\/peaux-de-moutons.jpg","articleSection":["Actualit\u00e9"],"inLanguage":"fr-FR","potentialAction":[{"@type":"CommentAction","name":"Comment","target":["https:\/\/lasentinelle.dz\/index.php\/2025\/05\/28\/collecte-des-peaux-de-moutons-deux-applications-lancees\/#respond"]}]},{"@type":"WebPage","@id":"https:\/\/lasentinelle.dz\/index.php\/2025\/05\/28\/collecte-des-peaux-de-moutons-deux-applications-lancees\/","url":"https:\/\/lasentinelle.dz\/index.php\/2025\/05\/28\/collecte-des-peaux-de-moutons-deux-applications-lancees\/","name":"Collecte des peaux de moutons: Deux applications lanc\u00e9es - La Sentinelle","isPartOf":{"@id":"https:\/\/lasentinelle.dz\/#website"},"primaryImageOfPage":{"@id":"https:\/\/lasentinelle.dz\/index.php\/2025\/05\/28\/collecte-des-peaux-de-moutons-deux-applications-lancees\/#primaryimage"},"image":{"@id":"https:\/\/lasentinelle.dz\/index.php\/2025\/05\/28\/collecte-des-peaux-de-moutons-deux-applications-lancees\/#primaryimage"},"thumbnailUrl":"https:\/\/lasentinelle.dz\/wp-content\/uploads\/2025\/05\/peaux-de-moutons.jpg","datePublished":"2025-05-28T21:01:15+00:00","dateModified":"2025-05-28T21:01:16+00:00","breadcrumb":{"@id":"https:\/\/lasentinelle.dz\/index.php\/2025\/05\/28\/collecte-des-peaux-de-moutons-deux-applications-lancees\/#breadcrumb"},"inLanguage":"fr-FR","potentialAction":[{"@type":"ReadAction","target":["https:\/\/lasentinelle.dz\/index.php\/2025\/05\/28\/collecte-des-peaux-de-moutons-deux-applications-lancees\/"]}]},{"@type":"ImageObject","inLanguage":"fr-FR","@id":"https:\/\/lasentinelle.dz\/index.php\/2025\/05\/28\/collecte-des-peaux-de-moutons-deux-applications-lancees\/#primaryimage","url":"https:\/\/lasentinelle.dz\/wp-content\/uploads\/2025\/05\/peaux-de-moutons.jpg","contentUrl":"https:\/\/lasentinelle.dz\/wp-content\/uploads\/2025\/05\/peaux-de-moutons.jpg","width":580,"height":350},{"@type":"BreadcrumbList","@id":"https:\/\/lasentinelle.dz\/index.php\/2025\/05\/28\/collecte-des-peaux-de-moutons-deux-applications-lancees\/#breadcrumb","itemListElement":[{"@type":"ListItem","position":1,"name":"Accueil","item":"https:\/\/lasentinelle.dz\/"},{"@type":"ListItem","position":2,"name":"Collecte des peaux de moutons: Deux applications lanc\u00e9es"}]},{"@type":"WebSite","@id":"https:\/\/lasentinelle.dz\/#website","url":"https:\/\/lasentinelle.dz\/","name":"La Sentinelle","description":"Quotidien national d&#039;information","publisher":{"@id":"https:\/\/lasentinelle.dz\/#organization"},"potentialAction":[{"@type":"SearchAction","target":{"@type":"EntryPoint","urlTemplate":"https:\/\/lasentinelle.dz\/?s={search_term_string}"},"query-input":{"@type":"PropertyValueSpecification","valueRequired":true,"valueName":"search_term_string"}}],"inLanguage":"fr-FR"},{"@type":"Organization","@id":"https:\/\/lasentinelle.dz\/#organization","name":"Quotidien La Sentinelle","url":"https:\/\/lasentinelle.dz\/","logo":{"@type":"ImageObject","inLanguage":"fr-FR","@id":"https:\/\/lasentinelle.dz\/#\/schema\/logo\/image\/","url":"https:\/\/lasentinelle.dz\/wp-content\/uploads\/2021\/09\/logo-sentinelleSLOGAN-1.png","contentUrl":"https:\/\/lasentinelle.dz\/wp-content\/uploads\/2021\/09\/logo-sentinelleSLOGAN-1.png","width":615,"height":142,"caption":"Quotidien La Sentinelle"},"image":{"@id":"https:\/\/lasentinelle.dz\/#\/schema\/logo\/image\/"},"sameAs":["https:\/\/www.facebook.com\/La-Sentinelle-104059864394773"]},{"@type":"Person","@id":"https:\/\/lasentinelle.dz\/#\/schema\/person\/729ee0024f24e0b8c5ec17232f8e8b41","name":"admin","image":{"@type":"ImageObject","inLanguage":"fr-FR","@id":"https:\/\/secure.gravatar.com\/avatar\/4c81fed838786e9b53f540bf46533e750f5d292099ae3b66cfc6fb1982e29df7?s=96&d=mm&r=g","url":"https:\/\/secure.gravatar.com\/avatar\/4c81fed838786e9b53f540bf46533e750f5d292099ae3b66cfc6fb1982e29df7?s=96&d=mm&r=g","contentUrl":"https:\/\/secure.gravatar.com\/avatar\/4c81fed838786e9b53f540bf46533e750f5d292099ae3b66cfc6fb1982e29df7?s=96&d=mm&r=g","caption":"admin"},"description":"admin","url":"https:\/\/lasentinelle.dz\/author\/admin\/"}]}},"_links":{"self":[{"href":"https:\/\/lasentinelle.dz\/index.php\/wp-json\/wp\/v2\/posts\/68159","targetHints":{"allow":["GET"]}}],"collection":[{"href":"https:\/\/lasentinelle.dz\/index.php\/wp-json\/wp\/v2\/posts"}],"about":[{"href":"https:\/\/lasentinelle.dz\/index.php\/wp-json\/wp\/v2\/types\/post"}],"author":[{"embeddable":true,"href":"https:\/\/lasentinelle.dz\/index.php\/wp-json\/wp\/v2\/users\/6"}],"replies":[{"embeddable":true,"href":"https:\/\/lasentinelle.dz\/index.php\/wp-json\/wp\/v2\/comments?post=68159"}],"version-history":[{"count":1,"href":"https:\/\/lasentinelle.dz\/index.php\/wp-json\/wp\/v2\/posts\/68159\/revisions"}],"predecessor-version":[{"id":68161,"href":"https:\/\/lasentinelle.dz\/index.php\/wp-json\/wp\/v2\/posts\/68159\/revisions\/68161"}],"wp:featuredmedia":[{"embeddable":true,"href":"https:\/\/lasentinelle.dz\/index.php\/wp-json\/wp\/v2\/media\/68160"}],"wp:attachment":[{"href":"https:\/\/lasentinelle.dz\/index.php\/wp-json\/wp\/v2\/media?parent=68159"}],"wp:term":[{"taxonomy":"category","embeddable":true,"href":"https:\/\/lasentinelle.dz\/index.php\/wp-json\/wp\/v2\/categories?post=68159"},{"taxonomy":"post_tag","embeddable":true,"href":"https:\/\/lasentinelle.dz\/index.php\/wp-json\/wp\/v2\/tags?post=68159"}],"curies":[{"name":"wp","href":"https:\/\/api.w.org\/{rel}","templated":true}]}}