{"id":68162,"date":"2025-05-28T22:02:10","date_gmt":"2025-05-28T21:02:10","guid":{"rendered":"https:\/\/lasentinelle.dz\/?p=68162"},"modified":"2025-05-28T22:02:11","modified_gmt":"2025-05-28T21:02:11","slug":"approvisionnement-en-eau-durant-laid-et-lete-un-plan-special-mis-en-place","status":"publish","type":"post","link":"https:\/\/lasentinelle.dz\/index.php\/2025\/05\/28\/approvisionnement-en-eau-durant-laid-et-lete-un-plan-special-mis-en-place\/","title":{"rendered":"Approvisionnement en eau durant l&rsquo;Aid et l&rsquo;\u00e9t\u00e9: Un plan sp\u00e9cial mis en place"},"content":{"rendered":"\n<p>L&rsquo;Ex\u00e9cutif met en place un plan sp\u00e9cial pour assurer un approvisionnement optimal en eau potable durant la p\u00e9riode de l&rsquo;A\u00efd Al-Adha et la saison estivale 2025.<\/p>\n\n\n\n<p>Abdelaziz Ardjoum, directeur central au minist\u00e8re de l&rsquo;Hydraulique, a d\u00e9taill\u00e9 hier lors de son intervention sur les ondes de la Radio alg\u00e9rienne les mesures exceptionnelles mises en place pour faire face \u00e0 cette p\u00e9riode de forte demande. Selonce dernier, les autorit\u00e9s publiques ont \u00e9lev\u00e9 le niveau de pr\u00e9paration au maximum pour anticiper tout probl\u00e8me susceptible de survenir dans les r\u00e9seaux et stations de distribution d&rsquo;eau en pr\u00e9vision de l&rsquo;A\u00efd Al-Adha. Le responsable s&rsquo;est montr\u00e9 rassurant envers les familles alg\u00e9riennes : \u00ab\u00a0Nous rassurons les familles que l&rsquo;eau sera disponible d\u00e8s la veille de l&rsquo;A\u00efd dans les meilleures conditions, aussi bien dans les grandes villes que dans les autres r\u00e9gions, avec une attention particuli\u00e8re accord\u00e9e aux zones qui connaissent une p\u00e9nurie d&rsquo;eau, notamment les r\u00e9gions recul\u00e9es.\u00a0\u00bb<\/p>\n\n\n\n<p><strong>Le dessalement \u00e0 la rescousse<\/strong><\/p>\n\n\n\n<p>La strat\u00e9gie gouvernementale repose principalement sur l&rsquo;augmentation significative des capacit\u00e9s de production, particuli\u00e8rement celle des stations de dessalement d&rsquo;eau de mer. Ardjoum a expliqu\u00e9 que cette d\u00e9marche vise \u00e0 \u00ab\u00a0pomper des quantit\u00e9s suppl\u00e9mentaires, y compris l&rsquo;augmentation de la capacit\u00e9 de production des stations de dessalement d&rsquo;eau de mer pour faire face \u00e0 l&rsquo;intensit\u00e9 de la demande.\u00a0\u00bb Cette approche s&rsquo;inscrit dans une dynamique plus large d&rsquo;am\u00e9lioration du secteur hydraulique national qui conna\u00eet une stabilit\u00e9 et une am\u00e9lioration remarquables depuis la fin de l&rsquo;ann\u00e9e 2024. Cette am\u00e9lioration structurelle r\u00e9sulte directement de la mise en service de quatre nouvelles stations de dessalement d&rsquo;eau de mer, r\u00e9parties entre Oran, El Tarf et deux \u00e0 Alger, avec l&rsquo;attente du lancement d&rsquo;une cinqui\u00e8me station \u00e0 B\u00e9ja\u00efa au mois de juin prochain. Ces infrastructures renforcent consid\u00e9rablement les capacit\u00e9s hydriques globales du pays, permettant une production quotidienne de neuf millions de m\u00e8tres cubes d&rsquo;eau potable destin\u00e9e \u00e0 satisfaire les besoins croissants des citoyens. \u00ab\u00a0Nous produisons l&rsquo;\u00e9quivalent de 9 millions de m\u00e8tres cubes d&rsquo;eau potable par jour dans le but de prendre en charge les besoins croissants des citoyens, ce qui signifie que le pays dispose de suffisamment d&rsquo;eau pour la prochaine saison estivale et peut en b\u00e9n\u00e9ficier pendant les vacances de l&rsquo;A\u00efd Al-Adha\u00a0\u00bb, pr\u00e9cise le responsable. L&rsquo;am\u00e9lioration du service se traduit concr\u00e8tement par une diminution notable du nombre de plaintes et de demandes de renseignements des citoyens via le num\u00e9ro vert et les r\u00e9seaux sociaux au cours de l&rsquo;ann\u00e9e \u00e9coul\u00e9e. \u00ab\u00a0Nous avons \u00e9galement constat\u00e9 une am\u00e9lioration du service gr\u00e2ce \u00e0 la diminution du nombre de plaintes et de demandes de renseignements des citoyens via le num\u00e9ro vert et les r\u00e9seaux sociaux au cours de l&rsquo;ann\u00e9e \u00e9coul\u00e9e, ce qui constitue un indicateur fort que le secteur conna\u00eet une dynamique importante et croissante\u00a0\u00bb, a-t-il ajout\u00e9.<\/p>\n\n\n\n<p>Aussi, face aux d\u00e9fis climatiques actuels, notamment le fait que le taux de remplissage des barrages ne d\u00e9passe pas actuellement 42%, l&rsquo;Alg\u00e9rie a opt\u00e9 pour une diversification de ses ressources hydriques en privil\u00e9giant le dessalement d&rsquo;eau de mer, une source non soumise aux pressions climatiques. Ardjoum a expliqu\u00e9 cette orientation par \u00ab\u00a0la limitation des ressources hydriques, qu&rsquo;elles soient de surface ou souterraines, bas\u00e9es sur les pr\u00e9cipitations qui ont connu une rar\u00e9faction ces derni\u00e8res ann\u00e9es, ce qui a consid\u00e9rablement affect\u00e9 ces ressources.\u00a0\u00bb Les d\u00e9fis futurs identifi\u00e9s par le responsable incluent la croissance d\u00e9mographique, l&rsquo;expansion urbaine, les nouveaux p\u00f4les urbains et la n\u00e9cessit\u00e9 d&rsquo;accompagner les besoins des secteurs agricole et industriel. Il a soulign\u00e9 qu&rsquo;il existe \u00ab\u00a0d&rsquo;autres grands d\u00e9fis qu&rsquo;il faut relever et auxquels il faut r\u00e9pondre, en premier lieu la croissance d\u00e9mographique, l&rsquo;expansion urbaine et les nouveaux p\u00f4les urbains, ainsi que la n\u00e9cessit\u00e9 d&rsquo;accompagner les besoins des secteurs agricole et industriel.\u00a0\u00bb<\/p>\n\n\n\n<p><strong>Un programme d&rsquo;urgence pour 26 wilayas<\/strong><\/p>\n\n\n\n<p>Pour y r\u00e9pondre, un programme d&rsquo;urgence a \u00e9t\u00e9 lanc\u00e9 en 2024, couvrant 26 wilayas confront\u00e9es \u00e0 des difficult\u00e9s importantes d&rsquo;approvisionnement en eau. Arjoum a d\u00e9taill\u00e9 cette initiative : \u00ab\u00a0Nous avons commenc\u00e9 en 2024 la r\u00e9alisation d&rsquo;un programme d&rsquo;urgence concernant 26 wilayas qui souffrent de grandes difficult\u00e9s d&rsquo;approvisionnement en eau et qui a inclus la mise en \u0153uvre de plus de 3000 projets dans ces r\u00e9gions dans le cadre du programme du pr\u00e9sident de la R\u00e9publique pour la prise en charge des zones recul\u00e9es. Nous pouvons dire que ce programme a commenc\u00e9 \u00e0 porter ses fruits dans de nombreuses wilayas, notamment Bordj Bou Arr\u00e9ridj, Sa\u00efda et Tiaret.\u00a0\u00bb<\/p>\n\n\n\n<p>Parall\u00e8lement \u00e0 ces mesures structurelles, Ardjoum a appel\u00e9 les citoyens \u00e0 la rationalisation de la consommation d&rsquo;eau et \u00e0 sa pr\u00e9servation, particuli\u00e8rement lors des pr\u00e9paratifs de l&rsquo;A\u00efd Al-Adha. Il a insist\u00e9 sur la n\u00e9cessit\u00e9 \u00ab\u00a0de rationaliser la consommation d&rsquo;eau et de la pr\u00e9server lors du nettoyage et de la pr\u00e9paration de l&rsquo;A\u00efd Al-Adha b\u00e9ni, en \u00e9vitant de laisser l&rsquo;eau couler en permanence pendant l&rsquo;usage domestique et l&rsquo;abattage du sacrifice pour garantir la durabilit\u00e9 des services fournis.\u00a0\u00bb<\/p>\n\n\n\n<p>Cette mobilisation s&rsquo;inscrit dans la continuit\u00e9 des efforts du ministre de l&rsquo;Hydraulique Taha Derbal, qui a pr\u00e9sid\u00e9 lundi une r\u00e9union de coordination r\u00e9unissant les cadres centraux de l&rsquo;administration minist\u00e9rielle. Cette rencontre vise \u00e0 garantir le bon fonctionnement et la continuit\u00e9 du service public de l&rsquo;eau potable \u00e0 travers l&rsquo;ensemble des wilayas, face aux d\u00e9fis combin\u00e9s de l&rsquo;afflux touristique estival dans les r\u00e9gions c\u00f4ti\u00e8res et des besoins sp\u00e9cifiques li\u00e9s aux rassemblements familiaux et abattages rituels de l&rsquo;A\u00efd Al-Adha.<\/p>\n\n\n\n<p>Samir Benisid<\/p>\n","protected":false},"excerpt":{"rendered":"<p>L&rsquo;Ex\u00e9cutif met en place un plan sp\u00e9cial pour assurer un approvisionnement optimal en eau potable durant la p\u00e9riode de l&rsquo;A\u00efd<\/p>\n","protected":false},"author":6,"featured_media":68163,"comment_status":"open","ping_status":"closed","sticky":false,"template":"","format":"standard","meta":{"colormag_page_container_layout":"default_layout","colormag_page_sidebar_layout":"default_layout","om_disable_all_campaigns":false,"_monsterinsights_skip_tracking":false,"_monsterinsights_sitenote_active":false,"_monsterinsights_sitenote_note":"","_monsterinsights_sitenote_category":0,"footnotes":"","_wpscppro_dont_share_socialmedia":false,"_wpscppro_custom_social_share_image":0,"_facebook_share_type":"default","_twitter_share_type":"default","_linkedin_share_type":"default","_pinterest_share_type":"default","_linkedin_share_type_page":"","_instagram_share_type":"default","_medium_share_type":"default","_threads_share_type":"","_google_business_share_type":"","_selected_social_profile":[],"_wpsp_enable_custom_social_template":false,"_wpsp_social_scheduling":{"enabled":false,"datetime":null,"platforms":[],"status":"template_only","dateOption":"today","timeOption":"now","customDays":"","customHours":"","customDate":"","customTime":"","schedulingType":"absolute"},"_wpsp_active_default_template":true},"categories":[52,27],"tags":[],"class_list":["post-68162","post","type-post","status-publish","format-standard","has-post-thumbnail","hentry","category-a-la-une","category-actualite"],"aioseo_notices":[],"yoast_head":"<!-- This site is optimized with the Yoast SEO plugin v27.5 - https:\/\/yoast.com\/product\/yoast-seo-wordpress\/ -->\n<title>Approvisionnement en eau durant l&rsquo;Aid et l&rsquo;\u00e9t\u00e9: Un plan sp\u00e9cial mis en place - La Sentinelle<\/title>\n<meta name=\"robots\" content=\"index, follow, max-snippet:-1, max-image-preview:large, max-video-preview:-1\" \/>\n<link rel=\"canonical\" href=\"https:\/\/lasentinelle.dz\/index.php\/2025\/05\/28\/approvisionnement-en-eau-durant-laid-et-lete-un-plan-special-mis-en-place\/\" \/>\n<meta property=\"og:locale\" content=\"fr_FR\" \/>\n<meta property=\"og:type\" content=\"article\" \/>\n<meta property=\"og:title\" content=\"Approvisionnement en eau durant l&rsquo;Aid et l&rsquo;\u00e9t\u00e9: Un plan sp\u00e9cial mis en place - La Sentinelle\" \/>\n<meta property=\"og:description\" content=\"L&rsquo;Ex\u00e9cutif met en place un plan sp\u00e9cial pour assurer un approvisionnement optimal en eau potable durant la p\u00e9riode de l&rsquo;A\u00efd\" \/>\n<meta property=\"og:url\" content=\"https:\/\/lasentinelle.dz\/index.php\/2025\/05\/28\/approvisionnement-en-eau-durant-laid-et-lete-un-plan-special-mis-en-place\/\" \/>\n<meta property=\"og:site_name\" content=\"La Sentinelle\" \/>\n<meta property=\"article:publisher\" content=\"https:\/\/www.facebook.com\/La-Sentinelle-104059864394773\" \/>\n<meta property=\"article:published_time\" content=\"2025-05-28T21:02:10+00:00\" \/>\n<meta property=\"article:modified_time\" content=\"2025-05-28T21:02:11+00:00\" \/>\n<meta property=\"og:image\" content=\"https:\/\/lasentinelle.dz\/wp-content\/uploads\/2025\/05\/eau.jpg\" \/>\n\t<meta property=\"og:image:width\" content=\"1000\" \/>\n\t<meta property=\"og:image:height\" content=\"667\" \/>\n\t<meta property=\"og:image:type\" content=\"image\/jpeg\" \/>\n<meta name=\"author\" content=\"admin\" \/>\n<meta name=\"twitter:card\" content=\"summary_large_image\" \/>\n<meta name=\"twitter:label1\" content=\"\u00c9crit par\" \/>\n\t<meta name=\"twitter:data1\" content=\"admin\" \/>\n\t<meta name=\"twitter:label2\" content=\"Dur\u00e9e de lecture estim\u00e9e\" \/>\n\t<meta name=\"twitter:data2\" content=\"5 minutes\" \/>\n<script type=\"application\/ld+json\" class=\"yoast-schema-graph\">{\"@context\":\"https:\\\/\\\/schema.org\",\"@graph\":[{\"@type\":\"Article\",\"@id\":\"https:\\\/\\\/lasentinelle.dz\\\/index.php\\\/2025\\\/05\\\/28\\\/approvisionnement-en-eau-durant-laid-et-lete-un-plan-special-mis-en-place\\\/#article\",\"isPartOf\":{\"@id\":\"https:\\\/\\\/lasentinelle.dz\\\/index.php\\\/2025\\\/05\\\/28\\\/approvisionnement-en-eau-durant-laid-et-lete-un-plan-special-mis-en-place\\\/\"},\"author\":{\"name\":\"admin\",\"@id\":\"https:\\\/\\\/lasentinelle.dz\\\/#\\\/schema\\\/person\\\/729ee0024f24e0b8c5ec17232f8e8b41\"},\"headline\":\"Approvisionnement en eau durant l&rsquo;Aid et l&rsquo;\u00e9t\u00e9: Un plan sp\u00e9cial mis en place\",\"datePublished\":\"2025-05-28T21:02:10+00:00\",\"dateModified\":\"2025-05-28T21:02:11+00:00\",\"mainEntityOfPage\":{\"@id\":\"https:\\\/\\\/lasentinelle.dz\\\/index.php\\\/2025\\\/05\\\/28\\\/approvisionnement-en-eau-durant-laid-et-lete-un-plan-special-mis-en-place\\\/\"},\"wordCount\":1031,\"commentCount\":0,\"publisher\":{\"@id\":\"https:\\\/\\\/lasentinelle.dz\\\/#organization\"},\"image\":{\"@id\":\"https:\\\/\\\/lasentinelle.dz\\\/index.php\\\/2025\\\/05\\\/28\\\/approvisionnement-en-eau-durant-laid-et-lete-un-plan-special-mis-en-place\\\/#primaryimage\"},\"thumbnailUrl\":\"https:\\\/\\\/lasentinelle.dz\\\/wp-content\\\/uploads\\\/2025\\\/05\\\/eau.jpg\",\"articleSection\":[\"\u00c0 la Une\",\"Actualit\u00e9\"],\"inLanguage\":\"fr-FR\",\"potentialAction\":[{\"@type\":\"CommentAction\",\"name\":\"Comment\",\"target\":[\"https:\\\/\\\/lasentinelle.dz\\\/index.php\\\/2025\\\/05\\\/28\\\/approvisionnement-en-eau-durant-laid-et-lete-un-plan-special-mis-en-place\\\/#respond\"]}]},{\"@type\":\"WebPage\",\"@id\":\"https:\\\/\\\/lasentinelle.dz\\\/index.php\\\/2025\\\/05\\\/28\\\/approvisionnement-en-eau-durant-laid-et-lete-un-plan-special-mis-en-place\\\/\",\"url\":\"https:\\\/\\\/lasentinelle.dz\\\/index.php\\\/2025\\\/05\\\/28\\\/approvisionnement-en-eau-durant-laid-et-lete-un-plan-special-mis-en-place\\\/\",\"name\":\"Approvisionnement en eau durant l&rsquo;Aid et l&rsquo;\u00e9t\u00e9: Un plan sp\u00e9cial mis en place - La Sentinelle\",\"isPartOf\":{\"@id\":\"https:\\\/\\\/lasentinelle.dz\\\/#website\"},\"primaryImageOfPage\":{\"@id\":\"https:\\\/\\\/lasentinelle.dz\\\/index.php\\\/2025\\\/05\\\/28\\\/approvisionnement-en-eau-durant-laid-et-lete-un-plan-special-mis-en-place\\\/#primaryimage\"},\"image\":{\"@id\":\"https:\\\/\\\/lasentinelle.dz\\\/index.php\\\/2025\\\/05\\\/28\\\/approvisionnement-en-eau-durant-laid-et-lete-un-plan-special-mis-en-place\\\/#primaryimage\"},\"thumbnailUrl\":\"https:\\\/\\\/lasentinelle.dz\\\/wp-content\\\/uploads\\\/2025\\\/05\\\/eau.jpg\",\"datePublished\":\"2025-05-28T21:02:10+00:00\",\"dateModified\":\"2025-05-28T21:02:11+00:00\",\"breadcrumb\":{\"@id\":\"https:\\\/\\\/lasentinelle.dz\\\/index.php\\\/2025\\\/05\\\/28\\\/approvisionnement-en-eau-durant-laid-et-lete-un-plan-special-mis-en-place\\\/#breadcrumb\"},\"inLanguage\":\"fr-FR\",\"potentialAction\":[{\"@type\":\"ReadAction\",\"target\":[\"https:\\\/\\\/lasentinelle.dz\\\/index.php\\\/2025\\\/05\\\/28\\\/approvisionnement-en-eau-durant-laid-et-lete-un-plan-special-mis-en-place\\\/\"]}]},{\"@type\":\"ImageObject\",\"inLanguage\":\"fr-FR\",\"@id\":\"https:\\\/\\\/lasentinelle.dz\\\/index.php\\\/2025\\\/05\\\/28\\\/approvisionnement-en-eau-durant-laid-et-lete-un-plan-special-mis-en-place\\\/#primaryimage\",\"url\":\"https:\\\/\\\/lasentinelle.dz\\\/wp-content\\\/uploads\\\/2025\\\/05\\\/eau.jpg\",\"contentUrl\":\"https:\\\/\\\/lasentinelle.dz\\\/wp-content\\\/uploads\\\/2025\\\/05\\\/eau.jpg\",\"width\":1000,\"height\":667},{\"@type\":\"BreadcrumbList\",\"@id\":\"https:\\\/\\\/lasentinelle.dz\\\/index.php\\\/2025\\\/05\\\/28\\\/approvisionnement-en-eau-durant-laid-et-lete-un-plan-special-mis-en-place\\\/#breadcrumb\",\"itemListElement\":[{\"@type\":\"ListItem\",\"position\":1,\"name\":\"Accueil\",\"item\":\"https:\\\/\\\/lasentinelle.dz\\\/\"},{\"@type\":\"ListItem\",\"position\":2,\"name\":\"Approvisionnement en eau durant l&rsquo;Aid et l&rsquo;\u00e9t\u00e9: Un plan sp\u00e9cial mis en place\"}]},{\"@type\":\"WebSite\",\"@id\":\"https:\\\/\\\/lasentinelle.dz\\\/#website\",\"url\":\"https:\\\/\\\/lasentinelle.dz\\\/\",\"name\":\"La Sentinelle\",\"description\":\"Quotidien national d&#039;information\",\"publisher\":{\"@id\":\"https:\\\/\\\/lasentinelle.dz\\\/#organization\"},\"potentialAction\":[{\"@type\":\"SearchAction\",\"target\":{\"@type\":\"EntryPoint\",\"urlTemplate\":\"https:\\\/\\\/lasentinelle.dz\\\/?s={search_term_string}\"},\"query-input\":{\"@type\":\"PropertyValueSpecification\",\"valueRequired\":true,\"valueName\":\"search_term_string\"}}],\"inLanguage\":\"fr-FR\"},{\"@type\":\"Organization\",\"@id\":\"https:\\\/\\\/lasentinelle.dz\\\/#organization\",\"name\":\"Quotidien La Sentinelle\",\"url\":\"https:\\\/\\\/lasentinelle.dz\\\/\",\"logo\":{\"@type\":\"ImageObject\",\"inLanguage\":\"fr-FR\",\"@id\":\"https:\\\/\\\/lasentinelle.dz\\\/#\\\/schema\\\/logo\\\/image\\\/\",\"url\":\"https:\\\/\\\/lasentinelle.dz\\\/wp-content\\\/uploads\\\/2021\\\/09\\\/logo-sentinelleSLOGAN-1.png\",\"contentUrl\":\"https:\\\/\\\/lasentinelle.dz\\\/wp-content\\\/uploads\\\/2021\\\/09\\\/logo-sentinelleSLOGAN-1.png\",\"width\":615,\"height\":142,\"caption\":\"Quotidien La Sentinelle\"},\"image\":{\"@id\":\"https:\\\/\\\/lasentinelle.dz\\\/#\\\/schema\\\/logo\\\/image\\\/\"},\"sameAs\":[\"https:\\\/\\\/www.facebook.com\\\/La-Sentinelle-104059864394773\"]},{\"@type\":\"Person\",\"@id\":\"https:\\\/\\\/lasentinelle.dz\\\/#\\\/schema\\\/person\\\/729ee0024f24e0b8c5ec17232f8e8b41\",\"name\":\"admin\",\"image\":{\"@type\":\"ImageObject\",\"inLanguage\":\"fr-FR\",\"@id\":\"https:\\\/\\\/secure.gravatar.com\\\/avatar\\\/4c81fed838786e9b53f540bf46533e750f5d292099ae3b66cfc6fb1982e29df7?s=96&d=mm&r=g\",\"url\":\"https:\\\/\\\/secure.gravatar.com\\\/avatar\\\/4c81fed838786e9b53f540bf46533e750f5d292099ae3b66cfc6fb1982e29df7?s=96&d=mm&r=g\",\"contentUrl\":\"https:\\\/\\\/secure.gravatar.com\\\/avatar\\\/4c81fed838786e9b53f540bf46533e750f5d292099ae3b66cfc6fb1982e29df7?s=96&d=mm&r=g\",\"caption\":\"admin\"},\"description\":\"admin\",\"url\":\"https:\\\/\\\/lasentinelle.dz\\\/author\\\/admin\\\/\"}]}<\/script>\n<!-- \/ Yoast SEO plugin. -->","yoast_head_json":{"title":"Approvisionnement en eau durant l&rsquo;Aid et l&rsquo;\u00e9t\u00e9: Un plan sp\u00e9cial mis en place - La Sentinelle","robots":{"index":"index","follow":"follow","max-snippet":"max-snippet:-1","max-image-preview":"max-image-preview:large","max-video-preview":"max-video-preview:-1"},"canonical":"https:\/\/lasentinelle.dz\/index.php\/2025\/05\/28\/approvisionnement-en-eau-durant-laid-et-lete-un-plan-special-mis-en-place\/","og_locale":"fr_FR","og_type":"article","og_title":"Approvisionnement en eau durant l&rsquo;Aid et l&rsquo;\u00e9t\u00e9: Un plan sp\u00e9cial mis en place - La Sentinelle","og_description":"L&rsquo;Ex\u00e9cutif met en place un plan sp\u00e9cial pour assurer un approvisionnement optimal en eau potable durant la p\u00e9riode de l&rsquo;A\u00efd","og_url":"https:\/\/lasentinelle.dz\/index.php\/2025\/05\/28\/approvisionnement-en-eau-durant-laid-et-lete-un-plan-special-mis-en-place\/","og_site_name":"La Sentinelle","article_publisher":"https:\/\/www.facebook.com\/La-Sentinelle-104059864394773","article_published_time":"2025-05-28T21:02:10+00:00","article_modified_time":"2025-05-28T21:02:11+00:00","og_image":[{"width":1000,"height":667,"url":"https:\/\/lasentinelle.dz\/wp-content\/uploads\/2025\/05\/eau.jpg","type":"image\/jpeg"}],"author":"admin","twitter_card":"summary_large_image","twitter_misc":{"\u00c9crit par":"admin","Dur\u00e9e de lecture estim\u00e9e":"5 minutes"},"schema":{"@context":"https:\/\/schema.org","@graph":[{"@type":"Article","@id":"https:\/\/lasentinelle.dz\/index.php\/2025\/05\/28\/approvisionnement-en-eau-durant-laid-et-lete-un-plan-special-mis-en-place\/#article","isPartOf":{"@id":"https:\/\/lasentinelle.dz\/index.php\/2025\/05\/28\/approvisionnement-en-eau-durant-laid-et-lete-un-plan-special-mis-en-place\/"},"author":{"name":"admin","@id":"https:\/\/lasentinelle.dz\/#\/schema\/person\/729ee0024f24e0b8c5ec17232f8e8b41"},"headline":"Approvisionnement en eau durant l&rsquo;Aid et l&rsquo;\u00e9t\u00e9: Un plan sp\u00e9cial mis en place","datePublished":"2025-05-28T21:02:10+00:00","dateModified":"2025-05-28T21:02:11+00:00","mainEntityOfPage":{"@id":"https:\/\/lasentinelle.dz\/index.php\/2025\/05\/28\/approvisionnement-en-eau-durant-laid-et-lete-un-plan-special-mis-en-place\/"},"wordCount":1031,"commentCount":0,"publisher":{"@id":"https:\/\/lasentinelle.dz\/#organization"},"image":{"@id":"https:\/\/lasentinelle.dz\/index.php\/2025\/05\/28\/approvisionnement-en-eau-durant-laid-et-lete-un-plan-special-mis-en-place\/#primaryimage"},"thumbnailUrl":"https:\/\/lasentinelle.dz\/wp-content\/uploads\/2025\/05\/eau.jpg","articleSection":["\u00c0 la Une","Actualit\u00e9"],"inLanguage":"fr-FR","potentialAction":[{"@type":"CommentAction","name":"Comment","target":["https:\/\/lasentinelle.dz\/index.php\/2025\/05\/28\/approvisionnement-en-eau-durant-laid-et-lete-un-plan-special-mis-en-place\/#respond"]}]},{"@type":"WebPage","@id":"https:\/\/lasentinelle.dz\/index.php\/2025\/05\/28\/approvisionnement-en-eau-durant-laid-et-lete-un-plan-special-mis-en-place\/","url":"https:\/\/lasentinelle.dz\/index.php\/2025\/05\/28\/approvisionnement-en-eau-durant-laid-et-lete-un-plan-special-mis-en-place\/","name":"Approvisionnement en eau durant l&rsquo;Aid et l&rsquo;\u00e9t\u00e9: Un plan sp\u00e9cial mis en place - La Sentinelle","isPartOf":{"@id":"https:\/\/lasentinelle.dz\/#website"},"primaryImageOfPage":{"@id":"https:\/\/lasentinelle.dz\/index.php\/2025\/05\/28\/approvisionnement-en-eau-durant-laid-et-lete-un-plan-special-mis-en-place\/#primaryimage"},"image":{"@id":"https:\/\/lasentinelle.dz\/index.php\/2025\/05\/28\/approvisionnement-en-eau-durant-laid-et-lete-un-plan-special-mis-en-place\/#primaryimage"},"thumbnailUrl":"https:\/\/lasentinelle.dz\/wp-content\/uploads\/2025\/05\/eau.jpg","datePublished":"2025-05-28T21:02:10+00:00","dateModified":"2025-05-28T21:02:11+00:00","breadcrumb":{"@id":"https:\/\/lasentinelle.dz\/index.php\/2025\/05\/28\/approvisionnement-en-eau-durant-laid-et-lete-un-plan-special-mis-en-place\/#breadcrumb"},"inLanguage":"fr-FR","potentialAction":[{"@type":"ReadAction","target":["https:\/\/lasentinelle.dz\/index.php\/2025\/05\/28\/approvisionnement-en-eau-durant-laid-et-lete-un-plan-special-mis-en-place\/"]}]},{"@type":"ImageObject","inLanguage":"fr-FR","@id":"https:\/\/lasentinelle.dz\/index.php\/2025\/05\/28\/approvisionnement-en-eau-durant-laid-et-lete-un-plan-special-mis-en-place\/#primaryimage","url":"https:\/\/lasentinelle.dz\/wp-content\/uploads\/2025\/05\/eau.jpg","contentUrl":"https:\/\/lasentinelle.dz\/wp-content\/uploads\/2025\/05\/eau.jpg","width":1000,"height":667},{"@type":"BreadcrumbList","@id":"https:\/\/lasentinelle.dz\/index.php\/2025\/05\/28\/approvisionnement-en-eau-durant-laid-et-lete-un-plan-special-mis-en-place\/#breadcrumb","itemListElement":[{"@type":"ListItem","position":1,"name":"Accueil","item":"https:\/\/lasentinelle.dz\/"},{"@type":"ListItem","position":2,"name":"Approvisionnement en eau durant l&rsquo;Aid et l&rsquo;\u00e9t\u00e9: Un plan sp\u00e9cial mis en place"}]},{"@type":"WebSite","@id":"https:\/\/lasentinelle.dz\/#website","url":"https:\/\/lasentinelle.dz\/","name":"La Sentinelle","description":"Quotidien national d&#039;information","publisher":{"@id":"https:\/\/lasentinelle.dz\/#organization"},"potentialAction":[{"@type":"SearchAction","target":{"@type":"EntryPoint","urlTemplate":"https:\/\/lasentinelle.dz\/?s={search_term_string}"},"query-input":{"@type":"PropertyValueSpecification","valueRequired":true,"valueName":"search_term_string"}}],"inLanguage":"fr-FR"},{"@type":"Organization","@id":"https:\/\/lasentinelle.dz\/#organization","name":"Quotidien La Sentinelle","url":"https:\/\/lasentinelle.dz\/","logo":{"@type":"ImageObject","inLanguage":"fr-FR","@id":"https:\/\/lasentinelle.dz\/#\/schema\/logo\/image\/","url":"https:\/\/lasentinelle.dz\/wp-content\/uploads\/2021\/09\/logo-sentinelleSLOGAN-1.png","contentUrl":"https:\/\/lasentinelle.dz\/wp-content\/uploads\/2021\/09\/logo-sentinelleSLOGAN-1.png","width":615,"height":142,"caption":"Quotidien La Sentinelle"},"image":{"@id":"https:\/\/lasentinelle.dz\/#\/schema\/logo\/image\/"},"sameAs":["https:\/\/www.facebook.com\/La-Sentinelle-104059864394773"]},{"@type":"Person","@id":"https:\/\/lasentinelle.dz\/#\/schema\/person\/729ee0024f24e0b8c5ec17232f8e8b41","name":"admin","image":{"@type":"ImageObject","inLanguage":"fr-FR","@id":"https:\/\/secure.gravatar.com\/avatar\/4c81fed838786e9b53f540bf46533e750f5d292099ae3b66cfc6fb1982e29df7?s=96&d=mm&r=g","url":"https:\/\/secure.gravatar.com\/avatar\/4c81fed838786e9b53f540bf46533e750f5d292099ae3b66cfc6fb1982e29df7?s=96&d=mm&r=g","contentUrl":"https:\/\/secure.gravatar.com\/avatar\/4c81fed838786e9b53f540bf46533e750f5d292099ae3b66cfc6fb1982e29df7?s=96&d=mm&r=g","caption":"admin"},"description":"admin","url":"https:\/\/lasentinelle.dz\/author\/admin\/"}]}},"_links":{"self":[{"href":"https:\/\/lasentinelle.dz\/index.php\/wp-json\/wp\/v2\/posts\/68162","targetHints":{"allow":["GET"]}}],"collection":[{"href":"https:\/\/lasentinelle.dz\/index.php\/wp-json\/wp\/v2\/posts"}],"about":[{"href":"https:\/\/lasentinelle.dz\/index.php\/wp-json\/wp\/v2\/types\/post"}],"author":[{"embeddable":true,"href":"https:\/\/lasentinelle.dz\/index.php\/wp-json\/wp\/v2\/users\/6"}],"replies":[{"embeddable":true,"href":"https:\/\/lasentinelle.dz\/index.php\/wp-json\/wp\/v2\/comments?post=68162"}],"version-history":[{"count":2,"href":"https:\/\/lasentinelle.dz\/index.php\/wp-json\/wp\/v2\/posts\/68162\/revisions"}],"predecessor-version":[{"id":68165,"href":"https:\/\/lasentinelle.dz\/index.php\/wp-json\/wp\/v2\/posts\/68162\/revisions\/68165"}],"wp:featuredmedia":[{"embeddable":true,"href":"https:\/\/lasentinelle.dz\/index.php\/wp-json\/wp\/v2\/media\/68163"}],"wp:attachment":[{"href":"https:\/\/lasentinelle.dz\/index.php\/wp-json\/wp\/v2\/media?parent=68162"}],"wp:term":[{"taxonomy":"category","embeddable":true,"href":"https:\/\/lasentinelle.dz\/index.php\/wp-json\/wp\/v2\/categories?post=68162"},{"taxonomy":"post_tag","embeddable":true,"href":"https:\/\/lasentinelle.dz\/index.php\/wp-json\/wp\/v2\/tags?post=68162"}],"curies":[{"name":"wp","href":"https:\/\/api.w.org\/{rel}","templated":true}]}}