{"id":68166,"date":"2025-05-28T22:03:35","date_gmt":"2025-05-28T21:03:35","guid":{"rendered":"https:\/\/lasentinelle.dz\/?p=68166"},"modified":"2025-05-28T22:03:36","modified_gmt":"2025-05-28T21:03:36","slug":"conference-nationale-sur-la-promotion-de-lamazighite-des-recommandations-pour-contrer-les-discours-de-division-et-consolider-le-front-interieur","status":"publish","type":"post","link":"https:\/\/lasentinelle.dz\/index.php\/2025\/05\/28\/conference-nationale-sur-la-promotion-de-lamazighite-des-recommandations-pour-contrer-les-discours-de-division-et-consolider-le-front-interieur\/","title":{"rendered":"Conf\u00e9rence nationale sur la promotion de l&rsquo;amazighit\u00e9 : Des recommandations pour contrer les discours de division et consolider le front int\u00e9rieur"},"content":{"rendered":"\n<p>La conf\u00e9rence nationale sur la promotion de l&rsquo;amazighit\u00e9 qui s&rsquo;est achev\u00e9e mercredi \u00e0 Alger a trac\u00e9 une feuille de route ambitieuse pour renforcer l&rsquo;identit\u00e9 alg\u00e9rienne dans toutes ses dimensions. Les experts r\u00e9unis autour de cette th\u00e9matique cruciale ont formul\u00e9 des recommandations strat\u00e9giques visant \u00e0 contrer les discours de division et \u00e0 consolider le front int\u00e9rieur du pays. Cette initiative s&rsquo;inscrit dans une d\u00e9marche globale de s\u00e9curit\u00e9 identitaire, pla\u00e7ant l&rsquo;amazighit\u00e9 au c\u0153ur d&rsquo;un triptyque fondamental aux c\u00f4t\u00e9s de l&rsquo;Islam et de l&rsquo;Arabit\u00e9. Les participants, issus du monde acad\u00e9mique, des institutions nationales et des d\u00e9partements minist\u00e9riels, ont insist\u00e9 sur l&rsquo;urgence de d\u00e9velopper une approche scientifique rigoureuse pour pr\u00e9server et promouvoir cette composante essentielle de l&rsquo;h\u00e9ritage culturel alg\u00e9rien. Parmi les mesures phares adopt\u00e9es figure la cr\u00e9ation d&rsquo;un comit\u00e9 scientifique national charg\u00e9 d&rsquo;unifier les r\u00e9f\u00e9rentiels linguistiques et de d\u00e9velopper la terminologie amazighe. Cette structure aura pour mission de former une nouvelle g\u00e9n\u00e9ration de chercheurs multidisciplinaires capables de porter cette langue vers de nouveaux horizons acad\u00e9miques et soci\u00e9taux. L&rsquo;accent a \u00e9galement \u00e9t\u00e9 mis sur le renforcement des formations universitaires en sciences de l&rsquo;\u00e9ducation et en linguistique amazighe, t\u00e9moignant d&rsquo;une volont\u00e9 politique de donner les moyens humains et techniques n\u00e9cessaires \u00e0 cette ambition culturelle. Le Haut Commissariat \u00e0 l&rsquo;Amazighit\u00e9, repr\u00e9sent\u00e9 par son secr\u00e9taire g\u00e9n\u00e9ral Si El Hachemi Assad, s&rsquo;est vu confier un r\u00f4le d&rsquo;accompagnement de l&rsquo;Acad\u00e9mie alg\u00e9rienne de la langue amazighe, marquant une coordination renforc\u00e9e entre les institutions sp\u00e9cialis\u00e9es. Cette convergence institutionnelle vise \u00e0 optimiser les efforts de normalisation et de diffusion de la langue amazighe dans l&rsquo;espace public et \u00e9ducatif. La mise en \u0153uvre de ces recommandations s&rsquo;effectuera selon une approche progressive, permettant d&rsquo;adapter les mesures aux r\u00e9alit\u00e9s du terrain tout en maintenant le cap sur les objectifs fix\u00e9s.<\/p>\n\n\n\n<p>R.N.<\/p>\n","protected":false},"excerpt":{"rendered":"<p>La conf\u00e9rence nationale sur la promotion de l&rsquo;amazighit\u00e9 qui s&rsquo;est achev\u00e9e mercredi \u00e0 Alger a trac\u00e9 une feuille de route<\/p>\n","protected":false},"author":6,"featured_media":3540,"comment_status":"open","ping_status":"closed","sticky":false,"template":"","format":"standard","meta":{"colormag_page_container_layout":"default_layout","colormag_page_sidebar_layout":"default_layout","om_disable_all_campaigns":false,"_monsterinsights_skip_tracking":false,"_monsterinsights_sitenote_active":false,"_monsterinsights_sitenote_note":"","_monsterinsights_sitenote_category":0,"footnotes":"","_wpscppro_dont_share_socialmedia":false,"_wpscppro_custom_social_share_image":0,"_facebook_share_type":"default","_twitter_share_type":"default","_linkedin_share_type":"default","_pinterest_share_type":"default","_linkedin_share_type_page":"","_instagram_share_type":"default","_medium_share_type":"default","_threads_share_type":"","_google_business_share_type":"","_selected_social_profile":[],"_wpsp_enable_custom_social_template":false,"_wpsp_social_scheduling":{"enabled":false,"datetime":null,"platforms":[],"status":"template_only","dateOption":"today","timeOption":"now","customDays":"","customHours":"","customDate":"","customTime":"","schedulingType":"absolute"},"_wpsp_active_default_template":true},"categories":[27],"tags":[],"class_list":["post-68166","post","type-post","status-publish","format-standard","has-post-thumbnail","hentry","category-actualite"],"aioseo_notices":[],"yoast_head":"<!-- This site is optimized with the Yoast SEO plugin v27.5 - https:\/\/yoast.com\/product\/yoast-seo-wordpress\/ -->\n<title>Conf\u00e9rence nationale sur la promotion de l&rsquo;amazighit\u00e9 : Des recommandations pour contrer les discours de division et consolider le front int\u00e9rieur - La Sentinelle<\/title>\n<meta name=\"robots\" content=\"index, follow, max-snippet:-1, max-image-preview:large, max-video-preview:-1\" \/>\n<link rel=\"canonical\" href=\"https:\/\/lasentinelle.dz\/index.php\/2025\/05\/28\/conference-nationale-sur-la-promotion-de-lamazighite-des-recommandations-pour-contrer-les-discours-de-division-et-consolider-le-front-interieur\/\" \/>\n<meta property=\"og:locale\" content=\"fr_FR\" \/>\n<meta property=\"og:type\" content=\"article\" \/>\n<meta property=\"og:title\" content=\"Conf\u00e9rence nationale sur la promotion de l&rsquo;amazighit\u00e9 : Des recommandations pour contrer les discours de division et consolider le front int\u00e9rieur - La Sentinelle\" \/>\n<meta property=\"og:description\" content=\"La conf\u00e9rence nationale sur la promotion de l&rsquo;amazighit\u00e9 qui s&rsquo;est achev\u00e9e mercredi \u00e0 Alger a trac\u00e9 une feuille de route\" \/>\n<meta property=\"og:url\" content=\"https:\/\/lasentinelle.dz\/index.php\/2025\/05\/28\/conference-nationale-sur-la-promotion-de-lamazighite-des-recommandations-pour-contrer-les-discours-de-division-et-consolider-le-front-interieur\/\" \/>\n<meta property=\"og:site_name\" content=\"La Sentinelle\" \/>\n<meta property=\"article:publisher\" content=\"https:\/\/www.facebook.com\/La-Sentinelle-104059864394773\" \/>\n<meta property=\"article:published_time\" content=\"2025-05-28T21:03:35+00:00\" \/>\n<meta property=\"article:modified_time\" content=\"2025-05-28T21:03:36+00:00\" \/>\n<meta property=\"og:image\" content=\"https:\/\/lasentinelle.dz\/wp-content\/uploads\/2021\/08\/HCA.png\" \/>\n\t<meta property=\"og:image:width\" content=\"1351\" \/>\n\t<meta property=\"og:image:height\" content=\"900\" \/>\n\t<meta property=\"og:image:type\" content=\"image\/png\" \/>\n<meta name=\"author\" content=\"admin\" \/>\n<meta name=\"twitter:card\" content=\"summary_large_image\" \/>\n<meta name=\"twitter:label1\" content=\"\u00c9crit par\" \/>\n\t<meta name=\"twitter:data1\" content=\"admin\" \/>\n\t<meta name=\"twitter:label2\" content=\"Dur\u00e9e de lecture estim\u00e9e\" \/>\n\t<meta name=\"twitter:data2\" content=\"2 minutes\" \/>\n<script type=\"application\/ld+json\" class=\"yoast-schema-graph\">{\"@context\":\"https:\\\/\\\/schema.org\",\"@graph\":[{\"@type\":\"Article\",\"@id\":\"https:\\\/\\\/lasentinelle.dz\\\/index.php\\\/2025\\\/05\\\/28\\\/conference-nationale-sur-la-promotion-de-lamazighite-des-recommandations-pour-contrer-les-discours-de-division-et-consolider-le-front-interieur\\\/#article\",\"isPartOf\":{\"@id\":\"https:\\\/\\\/lasentinelle.dz\\\/index.php\\\/2025\\\/05\\\/28\\\/conference-nationale-sur-la-promotion-de-lamazighite-des-recommandations-pour-contrer-les-discours-de-division-et-consolider-le-front-interieur\\\/\"},\"author\":{\"name\":\"admin\",\"@id\":\"https:\\\/\\\/lasentinelle.dz\\\/#\\\/schema\\\/person\\\/729ee0024f24e0b8c5ec17232f8e8b41\"},\"headline\":\"Conf\u00e9rence nationale sur la promotion de l&rsquo;amazighit\u00e9 : Des recommandations pour contrer les discours de division et consolider le front int\u00e9rieur\",\"datePublished\":\"2025-05-28T21:03:35+00:00\",\"dateModified\":\"2025-05-28T21:03:36+00:00\",\"mainEntityOfPage\":{\"@id\":\"https:\\\/\\\/lasentinelle.dz\\\/index.php\\\/2025\\\/05\\\/28\\\/conference-nationale-sur-la-promotion-de-lamazighite-des-recommandations-pour-contrer-les-discours-de-division-et-consolider-le-front-interieur\\\/\"},\"wordCount\":370,\"commentCount\":0,\"publisher\":{\"@id\":\"https:\\\/\\\/lasentinelle.dz\\\/#organization\"},\"image\":{\"@id\":\"https:\\\/\\\/lasentinelle.dz\\\/index.php\\\/2025\\\/05\\\/28\\\/conference-nationale-sur-la-promotion-de-lamazighite-des-recommandations-pour-contrer-les-discours-de-division-et-consolider-le-front-interieur\\\/#primaryimage\"},\"thumbnailUrl\":\"https:\\\/\\\/lasentinelle.dz\\\/wp-content\\\/uploads\\\/2021\\\/08\\\/HCA.png\",\"articleSection\":[\"Actualit\u00e9\"],\"inLanguage\":\"fr-FR\",\"potentialAction\":[{\"@type\":\"CommentAction\",\"name\":\"Comment\",\"target\":[\"https:\\\/\\\/lasentinelle.dz\\\/index.php\\\/2025\\\/05\\\/28\\\/conference-nationale-sur-la-promotion-de-lamazighite-des-recommandations-pour-contrer-les-discours-de-division-et-consolider-le-front-interieur\\\/#respond\"]}]},{\"@type\":\"WebPage\",\"@id\":\"https:\\\/\\\/lasentinelle.dz\\\/index.php\\\/2025\\\/05\\\/28\\\/conference-nationale-sur-la-promotion-de-lamazighite-des-recommandations-pour-contrer-les-discours-de-division-et-consolider-le-front-interieur\\\/\",\"url\":\"https:\\\/\\\/lasentinelle.dz\\\/index.php\\\/2025\\\/05\\\/28\\\/conference-nationale-sur-la-promotion-de-lamazighite-des-recommandations-pour-contrer-les-discours-de-division-et-consolider-le-front-interieur\\\/\",\"name\":\"Conf\u00e9rence nationale sur la promotion de l&rsquo;amazighit\u00e9 : Des recommandations pour contrer les discours de division et consolider le front int\u00e9rieur - La Sentinelle\",\"isPartOf\":{\"@id\":\"https:\\\/\\\/lasentinelle.dz\\\/#website\"},\"primaryImageOfPage\":{\"@id\":\"https:\\\/\\\/lasentinelle.dz\\\/index.php\\\/2025\\\/05\\\/28\\\/conference-nationale-sur-la-promotion-de-lamazighite-des-recommandations-pour-contrer-les-discours-de-division-et-consolider-le-front-interieur\\\/#primaryimage\"},\"image\":{\"@id\":\"https:\\\/\\\/lasentinelle.dz\\\/index.php\\\/2025\\\/05\\\/28\\\/conference-nationale-sur-la-promotion-de-lamazighite-des-recommandations-pour-contrer-les-discours-de-division-et-consolider-le-front-interieur\\\/#primaryimage\"},\"thumbnailUrl\":\"https:\\\/\\\/lasentinelle.dz\\\/wp-content\\\/uploads\\\/2021\\\/08\\\/HCA.png\",\"datePublished\":\"2025-05-28T21:03:35+00:00\",\"dateModified\":\"2025-05-28T21:03:36+00:00\",\"breadcrumb\":{\"@id\":\"https:\\\/\\\/lasentinelle.dz\\\/index.php\\\/2025\\\/05\\\/28\\\/conference-nationale-sur-la-promotion-de-lamazighite-des-recommandations-pour-contrer-les-discours-de-division-et-consolider-le-front-interieur\\\/#breadcrumb\"},\"inLanguage\":\"fr-FR\",\"potentialAction\":[{\"@type\":\"ReadAction\",\"target\":[\"https:\\\/\\\/lasentinelle.dz\\\/index.php\\\/2025\\\/05\\\/28\\\/conference-nationale-sur-la-promotion-de-lamazighite-des-recommandations-pour-contrer-les-discours-de-division-et-consolider-le-front-interieur\\\/\"]}]},{\"@type\":\"ImageObject\",\"inLanguage\":\"fr-FR\",\"@id\":\"https:\\\/\\\/lasentinelle.dz\\\/index.php\\\/2025\\\/05\\\/28\\\/conference-nationale-sur-la-promotion-de-lamazighite-des-recommandations-pour-contrer-les-discours-de-division-et-consolider-le-front-interieur\\\/#primaryimage\",\"url\":\"https:\\\/\\\/lasentinelle.dz\\\/wp-content\\\/uploads\\\/2021\\\/08\\\/HCA.png\",\"contentUrl\":\"https:\\\/\\\/lasentinelle.dz\\\/wp-content\\\/uploads\\\/2021\\\/08\\\/HCA.png\",\"width\":1351,\"height\":900},{\"@type\":\"BreadcrumbList\",\"@id\":\"https:\\\/\\\/lasentinelle.dz\\\/index.php\\\/2025\\\/05\\\/28\\\/conference-nationale-sur-la-promotion-de-lamazighite-des-recommandations-pour-contrer-les-discours-de-division-et-consolider-le-front-interieur\\\/#breadcrumb\",\"itemListElement\":[{\"@type\":\"ListItem\",\"position\":1,\"name\":\"Accueil\",\"item\":\"https:\\\/\\\/lasentinelle.dz\\\/\"},{\"@type\":\"ListItem\",\"position\":2,\"name\":\"Conf\u00e9rence nationale sur la promotion de l&rsquo;amazighit\u00e9 : Des recommandations pour contrer les discours de division et consolider le front int\u00e9rieur\"}]},{\"@type\":\"WebSite\",\"@id\":\"https:\\\/\\\/lasentinelle.dz\\\/#website\",\"url\":\"https:\\\/\\\/lasentinelle.dz\\\/\",\"name\":\"La Sentinelle\",\"description\":\"Quotidien national d&#039;information\",\"publisher\":{\"@id\":\"https:\\\/\\\/lasentinelle.dz\\\/#organization\"},\"potentialAction\":[{\"@type\":\"SearchAction\",\"target\":{\"@type\":\"EntryPoint\",\"urlTemplate\":\"https:\\\/\\\/lasentinelle.dz\\\/?s={search_term_string}\"},\"query-input\":{\"@type\":\"PropertyValueSpecification\",\"valueRequired\":true,\"valueName\":\"search_term_string\"}}],\"inLanguage\":\"fr-FR\"},{\"@type\":\"Organization\",\"@id\":\"https:\\\/\\\/lasentinelle.dz\\\/#organization\",\"name\":\"Quotidien La Sentinelle\",\"url\":\"https:\\\/\\\/lasentinelle.dz\\\/\",\"logo\":{\"@type\":\"ImageObject\",\"inLanguage\":\"fr-FR\",\"@id\":\"https:\\\/\\\/lasentinelle.dz\\\/#\\\/schema\\\/logo\\\/image\\\/\",\"url\":\"https:\\\/\\\/lasentinelle.dz\\\/wp-content\\\/uploads\\\/2021\\\/09\\\/logo-sentinelleSLOGAN-1.png\",\"contentUrl\":\"https:\\\/\\\/lasentinelle.dz\\\/wp-content\\\/uploads\\\/2021\\\/09\\\/logo-sentinelleSLOGAN-1.png\",\"width\":615,\"height\":142,\"caption\":\"Quotidien La Sentinelle\"},\"image\":{\"@id\":\"https:\\\/\\\/lasentinelle.dz\\\/#\\\/schema\\\/logo\\\/image\\\/\"},\"sameAs\":[\"https:\\\/\\\/www.facebook.com\\\/La-Sentinelle-104059864394773\"]},{\"@type\":\"Person\",\"@id\":\"https:\\\/\\\/lasentinelle.dz\\\/#\\\/schema\\\/person\\\/729ee0024f24e0b8c5ec17232f8e8b41\",\"name\":\"admin\",\"image\":{\"@type\":\"ImageObject\",\"inLanguage\":\"fr-FR\",\"@id\":\"https:\\\/\\\/secure.gravatar.com\\\/avatar\\\/4c81fed838786e9b53f540bf46533e750f5d292099ae3b66cfc6fb1982e29df7?s=96&d=mm&r=g\",\"url\":\"https:\\\/\\\/secure.gravatar.com\\\/avatar\\\/4c81fed838786e9b53f540bf46533e750f5d292099ae3b66cfc6fb1982e29df7?s=96&d=mm&r=g\",\"contentUrl\":\"https:\\\/\\\/secure.gravatar.com\\\/avatar\\\/4c81fed838786e9b53f540bf46533e750f5d292099ae3b66cfc6fb1982e29df7?s=96&d=mm&r=g\",\"caption\":\"admin\"},\"description\":\"admin\",\"url\":\"https:\\\/\\\/lasentinelle.dz\\\/author\\\/admin\\\/\"}]}<\/script>\n<!-- \/ Yoast SEO plugin. -->","yoast_head_json":{"title":"Conf\u00e9rence nationale sur la promotion de l&rsquo;amazighit\u00e9 : Des recommandations pour contrer les discours de division et consolider le front int\u00e9rieur - La Sentinelle","robots":{"index":"index","follow":"follow","max-snippet":"max-snippet:-1","max-image-preview":"max-image-preview:large","max-video-preview":"max-video-preview:-1"},"canonical":"https:\/\/lasentinelle.dz\/index.php\/2025\/05\/28\/conference-nationale-sur-la-promotion-de-lamazighite-des-recommandations-pour-contrer-les-discours-de-division-et-consolider-le-front-interieur\/","og_locale":"fr_FR","og_type":"article","og_title":"Conf\u00e9rence nationale sur la promotion de l&rsquo;amazighit\u00e9 : Des recommandations pour contrer les discours de division et consolider le front int\u00e9rieur - La Sentinelle","og_description":"La conf\u00e9rence nationale sur la promotion de l&rsquo;amazighit\u00e9 qui s&rsquo;est achev\u00e9e mercredi \u00e0 Alger a trac\u00e9 une feuille de route","og_url":"https:\/\/lasentinelle.dz\/index.php\/2025\/05\/28\/conference-nationale-sur-la-promotion-de-lamazighite-des-recommandations-pour-contrer-les-discours-de-division-et-consolider-le-front-interieur\/","og_site_name":"La Sentinelle","article_publisher":"https:\/\/www.facebook.com\/La-Sentinelle-104059864394773","article_published_time":"2025-05-28T21:03:35+00:00","article_modified_time":"2025-05-28T21:03:36+00:00","og_image":[{"width":1351,"height":900,"url":"https:\/\/lasentinelle.dz\/wp-content\/uploads\/2021\/08\/HCA.png","type":"image\/png"}],"author":"admin","twitter_card":"summary_large_image","twitter_misc":{"\u00c9crit par":"admin","Dur\u00e9e de lecture estim\u00e9e":"2 minutes"},"schema":{"@context":"https:\/\/schema.org","@graph":[{"@type":"Article","@id":"https:\/\/lasentinelle.dz\/index.php\/2025\/05\/28\/conference-nationale-sur-la-promotion-de-lamazighite-des-recommandations-pour-contrer-les-discours-de-division-et-consolider-le-front-interieur\/#article","isPartOf":{"@id":"https:\/\/lasentinelle.dz\/index.php\/2025\/05\/28\/conference-nationale-sur-la-promotion-de-lamazighite-des-recommandations-pour-contrer-les-discours-de-division-et-consolider-le-front-interieur\/"},"author":{"name":"admin","@id":"https:\/\/lasentinelle.dz\/#\/schema\/person\/729ee0024f24e0b8c5ec17232f8e8b41"},"headline":"Conf\u00e9rence nationale sur la promotion de l&rsquo;amazighit\u00e9 : Des recommandations pour contrer les discours de division et consolider le front int\u00e9rieur","datePublished":"2025-05-28T21:03:35+00:00","dateModified":"2025-05-28T21:03:36+00:00","mainEntityOfPage":{"@id":"https:\/\/lasentinelle.dz\/index.php\/2025\/05\/28\/conference-nationale-sur-la-promotion-de-lamazighite-des-recommandations-pour-contrer-les-discours-de-division-et-consolider-le-front-interieur\/"},"wordCount":370,"commentCount":0,"publisher":{"@id":"https:\/\/lasentinelle.dz\/#organization"},"image":{"@id":"https:\/\/lasentinelle.dz\/index.php\/2025\/05\/28\/conference-nationale-sur-la-promotion-de-lamazighite-des-recommandations-pour-contrer-les-discours-de-division-et-consolider-le-front-interieur\/#primaryimage"},"thumbnailUrl":"https:\/\/lasentinelle.dz\/wp-content\/uploads\/2021\/08\/HCA.png","articleSection":["Actualit\u00e9"],"inLanguage":"fr-FR","potentialAction":[{"@type":"CommentAction","name":"Comment","target":["https:\/\/lasentinelle.dz\/index.php\/2025\/05\/28\/conference-nationale-sur-la-promotion-de-lamazighite-des-recommandations-pour-contrer-les-discours-de-division-et-consolider-le-front-interieur\/#respond"]}]},{"@type":"WebPage","@id":"https:\/\/lasentinelle.dz\/index.php\/2025\/05\/28\/conference-nationale-sur-la-promotion-de-lamazighite-des-recommandations-pour-contrer-les-discours-de-division-et-consolider-le-front-interieur\/","url":"https:\/\/lasentinelle.dz\/index.php\/2025\/05\/28\/conference-nationale-sur-la-promotion-de-lamazighite-des-recommandations-pour-contrer-les-discours-de-division-et-consolider-le-front-interieur\/","name":"Conf\u00e9rence nationale sur la promotion de l&rsquo;amazighit\u00e9 : Des recommandations pour contrer les discours de division et consolider le front int\u00e9rieur - La Sentinelle","isPartOf":{"@id":"https:\/\/lasentinelle.dz\/#website"},"primaryImageOfPage":{"@id":"https:\/\/lasentinelle.dz\/index.php\/2025\/05\/28\/conference-nationale-sur-la-promotion-de-lamazighite-des-recommandations-pour-contrer-les-discours-de-division-et-consolider-le-front-interieur\/#primaryimage"},"image":{"@id":"https:\/\/lasentinelle.dz\/index.php\/2025\/05\/28\/conference-nationale-sur-la-promotion-de-lamazighite-des-recommandations-pour-contrer-les-discours-de-division-et-consolider-le-front-interieur\/#primaryimage"},"thumbnailUrl":"https:\/\/lasentinelle.dz\/wp-content\/uploads\/2021\/08\/HCA.png","datePublished":"2025-05-28T21:03:35+00:00","dateModified":"2025-05-28T21:03:36+00:00","breadcrumb":{"@id":"https:\/\/lasentinelle.dz\/index.php\/2025\/05\/28\/conference-nationale-sur-la-promotion-de-lamazighite-des-recommandations-pour-contrer-les-discours-de-division-et-consolider-le-front-interieur\/#breadcrumb"},"inLanguage":"fr-FR","potentialAction":[{"@type":"ReadAction","target":["https:\/\/lasentinelle.dz\/index.php\/2025\/05\/28\/conference-nationale-sur-la-promotion-de-lamazighite-des-recommandations-pour-contrer-les-discours-de-division-et-consolider-le-front-interieur\/"]}]},{"@type":"ImageObject","inLanguage":"fr-FR","@id":"https:\/\/lasentinelle.dz\/index.php\/2025\/05\/28\/conference-nationale-sur-la-promotion-de-lamazighite-des-recommandations-pour-contrer-les-discours-de-division-et-consolider-le-front-interieur\/#primaryimage","url":"https:\/\/lasentinelle.dz\/wp-content\/uploads\/2021\/08\/HCA.png","contentUrl":"https:\/\/lasentinelle.dz\/wp-content\/uploads\/2021\/08\/HCA.png","width":1351,"height":900},{"@type":"BreadcrumbList","@id":"https:\/\/lasentinelle.dz\/index.php\/2025\/05\/28\/conference-nationale-sur-la-promotion-de-lamazighite-des-recommandations-pour-contrer-les-discours-de-division-et-consolider-le-front-interieur\/#breadcrumb","itemListElement":[{"@type":"ListItem","position":1,"name":"Accueil","item":"https:\/\/lasentinelle.dz\/"},{"@type":"ListItem","position":2,"name":"Conf\u00e9rence nationale sur la promotion de l&rsquo;amazighit\u00e9 : Des recommandations pour contrer les discours de division et consolider le front int\u00e9rieur"}]},{"@type":"WebSite","@id":"https:\/\/lasentinelle.dz\/#website","url":"https:\/\/lasentinelle.dz\/","name":"La Sentinelle","description":"Quotidien national d&#039;information","publisher":{"@id":"https:\/\/lasentinelle.dz\/#organization"},"potentialAction":[{"@type":"SearchAction","target":{"@type":"EntryPoint","urlTemplate":"https:\/\/lasentinelle.dz\/?s={search_term_string}"},"query-input":{"@type":"PropertyValueSpecification","valueRequired":true,"valueName":"search_term_string"}}],"inLanguage":"fr-FR"},{"@type":"Organization","@id":"https:\/\/lasentinelle.dz\/#organization","name":"Quotidien La Sentinelle","url":"https:\/\/lasentinelle.dz\/","logo":{"@type":"ImageObject","inLanguage":"fr-FR","@id":"https:\/\/lasentinelle.dz\/#\/schema\/logo\/image\/","url":"https:\/\/lasentinelle.dz\/wp-content\/uploads\/2021\/09\/logo-sentinelleSLOGAN-1.png","contentUrl":"https:\/\/lasentinelle.dz\/wp-content\/uploads\/2021\/09\/logo-sentinelleSLOGAN-1.png","width":615,"height":142,"caption":"Quotidien La Sentinelle"},"image":{"@id":"https:\/\/lasentinelle.dz\/#\/schema\/logo\/image\/"},"sameAs":["https:\/\/www.facebook.com\/La-Sentinelle-104059864394773"]},{"@type":"Person","@id":"https:\/\/lasentinelle.dz\/#\/schema\/person\/729ee0024f24e0b8c5ec17232f8e8b41","name":"admin","image":{"@type":"ImageObject","inLanguage":"fr-FR","@id":"https:\/\/secure.gravatar.com\/avatar\/4c81fed838786e9b53f540bf46533e750f5d292099ae3b66cfc6fb1982e29df7?s=96&d=mm&r=g","url":"https:\/\/secure.gravatar.com\/avatar\/4c81fed838786e9b53f540bf46533e750f5d292099ae3b66cfc6fb1982e29df7?s=96&d=mm&r=g","contentUrl":"https:\/\/secure.gravatar.com\/avatar\/4c81fed838786e9b53f540bf46533e750f5d292099ae3b66cfc6fb1982e29df7?s=96&d=mm&r=g","caption":"admin"},"description":"admin","url":"https:\/\/lasentinelle.dz\/author\/admin\/"}]}},"_links":{"self":[{"href":"https:\/\/lasentinelle.dz\/index.php\/wp-json\/wp\/v2\/posts\/68166","targetHints":{"allow":["GET"]}}],"collection":[{"href":"https:\/\/lasentinelle.dz\/index.php\/wp-json\/wp\/v2\/posts"}],"about":[{"href":"https:\/\/lasentinelle.dz\/index.php\/wp-json\/wp\/v2\/types\/post"}],"author":[{"embeddable":true,"href":"https:\/\/lasentinelle.dz\/index.php\/wp-json\/wp\/v2\/users\/6"}],"replies":[{"embeddable":true,"href":"https:\/\/lasentinelle.dz\/index.php\/wp-json\/wp\/v2\/comments?post=68166"}],"version-history":[{"count":2,"href":"https:\/\/lasentinelle.dz\/index.php\/wp-json\/wp\/v2\/posts\/68166\/revisions"}],"predecessor-version":[{"id":68168,"href":"https:\/\/lasentinelle.dz\/index.php\/wp-json\/wp\/v2\/posts\/68166\/revisions\/68168"}],"wp:featuredmedia":[{"embeddable":true,"href":"https:\/\/lasentinelle.dz\/index.php\/wp-json\/wp\/v2\/media\/3540"}],"wp:attachment":[{"href":"https:\/\/lasentinelle.dz\/index.php\/wp-json\/wp\/v2\/media?parent=68166"}],"wp:term":[{"taxonomy":"category","embeddable":true,"href":"https:\/\/lasentinelle.dz\/index.php\/wp-json\/wp\/v2\/categories?post=68166"},{"taxonomy":"post_tag","embeddable":true,"href":"https:\/\/lasentinelle.dz\/index.php\/wp-json\/wp\/v2\/tags?post=68166"}],"curies":[{"name":"wp","href":"https:\/\/api.w.org\/{rel}","templated":true}]}}