{"id":68169,"date":"2025-05-28T22:05:19","date_gmt":"2025-05-28T21:05:19","guid":{"rendered":"https:\/\/lasentinelle.dz\/?p=68169"},"modified":"2025-05-28T22:05:20","modified_gmt":"2025-05-28T21:05:20","slug":"ugta-takdjout-appelle-a-lunification-des-rangs","status":"publish","type":"post","link":"https:\/\/lasentinelle.dz\/index.php\/2025\/05\/28\/ugta-takdjout-appelle-a-lunification-des-rangs\/","title":{"rendered":"UGTA : Takdjout appelle \u00e0 \u00ab\u00a0l&rsquo;unification des rangs\u00a0\u00bb"},"content":{"rendered":"\n<p>Face aux mutations \u00e9conomiques que traverse l&rsquo;Alg\u00e9rie, l&rsquo;Union g\u00e9n\u00e9rale des travailleurs alg\u00e9riens intensifie ses efforts pour retrouver son influence historique et consolider le front social. Mercredi \u00e0 S\u00e9tif, le secr\u00e9taire g\u00e9n\u00e9ral de l&rsquo;UGTA, Amar Takdjout, a lanc\u00e9 un appel pressant devant les responsables syndicaux de dix-sept wilayas de l&rsquo;est du pays, pr\u00f4nant \u00ab\u00a0l&rsquo;unification des rangs pour faire face aux d\u00e9fis de l&rsquo;heure\u00a0\u00bb. Cette rencontre r\u00e9gionale s&rsquo;inscrit dans une strat\u00e9gie plus large de restructuration et de redynamisation du mouvement syndical alg\u00e9rien, confront\u00e9 aux transformations du march\u00e9 du travail et aux nouvelles r\u00e9alit\u00e9s socio-\u00e9conomiques du pays. Le dirigeant syndical a insist\u00e9 sur l&rsquo;imp\u00e9ratif pour l&rsquo;organisation de \u00ab\u00a0tenir pleinement son r\u00f4le historique de force de proposition\u00a0\u00bb, marquant ainsi une volont\u00e9 de repositionner l&rsquo;UGTA comme un acteur incontournable du dialogue social. Cette ambition passe selon lui par la construction de \u00ab\u00a0passerelles de confiance entre syndicalistes et travailleurs pour cr\u00e9er un nouveau climat, \u00e0 m\u00eame de servir les int\u00e9r\u00eats des travailleurs et de renforcer l&rsquo;unit\u00e9 nationale\u00a0\u00bb. Cette approche r\u00e9v\u00e8le une prise de conscience de la n\u00e9cessit\u00e9 de renouer avec la base ouvri\u00e8re et de restaurer la cr\u00e9dibilit\u00e9 du syndicat aupr\u00e8s des salari\u00e9s alg\u00e9riens. Takdjout a \u00e9galement mis l&rsquo;accent sur l&rsquo;importance \u00ab\u00a0d&rsquo;adh\u00e9rer aux valeurs syndicales et de faire preuve d&rsquo;un esprit de responsabilit\u00e9\u00a0\u00bb, soulignant ainsi les exigences \u00e9thiques qui doivent guider l&rsquo;action syndicale contemporaine. Les organisateurs de cette rencontre ont pr\u00e9cis\u00e9 que l&rsquo;objectif \u00e9tait de \u00ab\u00a0renforcer la coordination syndicale et d&rsquo;unifier la vision autour des diff\u00e9rentes questions sociales et professionnelles\u00a0\u00bb, tout en proc\u00e9dant \u00e0 \u00ab\u00a0l&rsquo;\u00e9valuation du travail syndical aux niveaux local et r\u00e9gional\u00a0\u00bb. Cette d\u00e9marche d&rsquo;introspection t\u00e9moigne d&rsquo;une volont\u00e9 de modernisation des pratiques syndicales et d&rsquo;adaptation aux nouveaux enjeux du monde du travail. L&rsquo;initiative vise \u00e9galement \u00e0 \u00ab\u00a0relancer la dynamique organisationnelle au sein de l&rsquo;UGTA par l&rsquo;\u00e9change d&rsquo;exp\u00e9riences et la motivation des comp\u00e9tences syndicales \u00e0 s&rsquo;engager activement dans la d\u00e9fense des droits des travailleurs\u00a0\u00bb. Cette dimension formative et mobilisatrice s&rsquo;accompagne d&rsquo;une ouverture internationale avec l&rsquo;annonce par Takdjout d&rsquo;un s\u00e9minaire pr\u00e9vu en octobre, qui r\u00e9unira des organisations et syndicats africains et arabes pour d\u00e9battre de plusieurs questions li\u00e9es au monde du travail, t\u00e9moignant de la volont\u00e9 de l&rsquo;UGTA de s&rsquo;inscrire dans une dynamique r\u00e9gionale plus large.<\/p>\n\n\n\n<p>Salim Amokrane<\/p>\n\n\n\n<p><\/p>\n","protected":false},"excerpt":{"rendered":"<p>Face aux mutations \u00e9conomiques que traverse l&rsquo;Alg\u00e9rie, l&rsquo;Union g\u00e9n\u00e9rale des travailleurs alg\u00e9riens intensifie ses efforts pour retrouver son influence historique<\/p>\n","protected":false},"author":6,"featured_media":51917,"comment_status":"open","ping_status":"closed","sticky":false,"template":"","format":"standard","meta":{"colormag_page_container_layout":"default_layout","colormag_page_sidebar_layout":"default_layout","om_disable_all_campaigns":false,"_monsterinsights_skip_tracking":false,"_monsterinsights_sitenote_active":false,"_monsterinsights_sitenote_note":"","_monsterinsights_sitenote_category":0,"footnotes":"","_wpscppro_dont_share_socialmedia":false,"_wpscppro_custom_social_share_image":0,"_facebook_share_type":"default","_twitter_share_type":"default","_linkedin_share_type":"default","_pinterest_share_type":"default","_linkedin_share_type_page":"","_instagram_share_type":"default","_medium_share_type":"default","_threads_share_type":"","_google_business_share_type":"","_selected_social_profile":[],"_wpsp_enable_custom_social_template":false,"_wpsp_social_scheduling":{"enabled":false,"datetime":null,"platforms":[],"status":"template_only","dateOption":"today","timeOption":"now","customDays":"","customHours":"","customDate":"","customTime":"","schedulingType":"absolute"},"_wpsp_active_default_template":true},"categories":[27],"tags":[],"class_list":["post-68169","post","type-post","status-publish","format-standard","has-post-thumbnail","hentry","category-actualite"],"aioseo_notices":[],"yoast_head":"<!-- This site is optimized with the Yoast SEO plugin v27.5 - https:\/\/yoast.com\/product\/yoast-seo-wordpress\/ -->\n<title>UGTA : Takdjout appelle \u00e0 \u00ab\u00a0l&rsquo;unification des rangs\u00a0\u00bb - La Sentinelle<\/title>\n<meta name=\"robots\" content=\"index, follow, max-snippet:-1, max-image-preview:large, max-video-preview:-1\" \/>\n<link rel=\"canonical\" href=\"https:\/\/lasentinelle.dz\/index.php\/2025\/05\/28\/ugta-takdjout-appelle-a-lunification-des-rangs\/\" \/>\n<meta property=\"og:locale\" content=\"fr_FR\" \/>\n<meta property=\"og:type\" content=\"article\" \/>\n<meta property=\"og:title\" content=\"UGTA : Takdjout appelle \u00e0 \u00ab\u00a0l&rsquo;unification des rangs\u00a0\u00bb - La Sentinelle\" \/>\n<meta property=\"og:description\" content=\"Face aux mutations \u00e9conomiques que traverse l&rsquo;Alg\u00e9rie, l&rsquo;Union g\u00e9n\u00e9rale des travailleurs alg\u00e9riens intensifie ses efforts pour retrouver son influence historique\" \/>\n<meta property=\"og:url\" content=\"https:\/\/lasentinelle.dz\/index.php\/2025\/05\/28\/ugta-takdjout-appelle-a-lunification-des-rangs\/\" \/>\n<meta property=\"og:site_name\" content=\"La Sentinelle\" \/>\n<meta property=\"article:publisher\" content=\"https:\/\/www.facebook.com\/La-Sentinelle-104059864394773\" \/>\n<meta property=\"article:published_time\" content=\"2025-05-28T21:05:19+00:00\" \/>\n<meta property=\"article:modified_time\" content=\"2025-05-28T21:05:20+00:00\" \/>\n<meta property=\"og:image\" content=\"https:\/\/lasentinelle.dz\/wp-content\/uploads\/2024\/05\/Amar-Takdjout.jpeg\" \/>\n\t<meta property=\"og:image:width\" content=\"1920\" \/>\n\t<meta property=\"og:image:height\" content=\"1080\" \/>\n\t<meta property=\"og:image:type\" content=\"image\/jpeg\" \/>\n<meta name=\"author\" content=\"admin\" \/>\n<meta name=\"twitter:card\" content=\"summary_large_image\" \/>\n<meta name=\"twitter:label1\" content=\"\u00c9crit par\" \/>\n\t<meta name=\"twitter:data1\" content=\"admin\" \/>\n\t<meta name=\"twitter:label2\" content=\"Dur\u00e9e de lecture estim\u00e9e\" \/>\n\t<meta name=\"twitter:data2\" content=\"3 minutes\" \/>\n<script type=\"application\/ld+json\" class=\"yoast-schema-graph\">{\"@context\":\"https:\\\/\\\/schema.org\",\"@graph\":[{\"@type\":\"Article\",\"@id\":\"https:\\\/\\\/lasentinelle.dz\\\/index.php\\\/2025\\\/05\\\/28\\\/ugta-takdjout-appelle-a-lunification-des-rangs\\\/#article\",\"isPartOf\":{\"@id\":\"https:\\\/\\\/lasentinelle.dz\\\/index.php\\\/2025\\\/05\\\/28\\\/ugta-takdjout-appelle-a-lunification-des-rangs\\\/\"},\"author\":{\"name\":\"admin\",\"@id\":\"https:\\\/\\\/lasentinelle.dz\\\/#\\\/schema\\\/person\\\/729ee0024f24e0b8c5ec17232f8e8b41\"},\"headline\":\"UGTA : Takdjout appelle \u00e0 \u00ab\u00a0l&rsquo;unification des rangs\u00a0\u00bb\",\"datePublished\":\"2025-05-28T21:05:19+00:00\",\"dateModified\":\"2025-05-28T21:05:20+00:00\",\"mainEntityOfPage\":{\"@id\":\"https:\\\/\\\/lasentinelle.dz\\\/index.php\\\/2025\\\/05\\\/28\\\/ugta-takdjout-appelle-a-lunification-des-rangs\\\/\"},\"wordCount\":444,\"commentCount\":0,\"publisher\":{\"@id\":\"https:\\\/\\\/lasentinelle.dz\\\/#organization\"},\"image\":{\"@id\":\"https:\\\/\\\/lasentinelle.dz\\\/index.php\\\/2025\\\/05\\\/28\\\/ugta-takdjout-appelle-a-lunification-des-rangs\\\/#primaryimage\"},\"thumbnailUrl\":\"https:\\\/\\\/lasentinelle.dz\\\/wp-content\\\/uploads\\\/2024\\\/05\\\/Amar-Takdjout.jpeg\",\"articleSection\":[\"Actualit\u00e9\"],\"inLanguage\":\"fr-FR\",\"potentialAction\":[{\"@type\":\"CommentAction\",\"name\":\"Comment\",\"target\":[\"https:\\\/\\\/lasentinelle.dz\\\/index.php\\\/2025\\\/05\\\/28\\\/ugta-takdjout-appelle-a-lunification-des-rangs\\\/#respond\"]}]},{\"@type\":\"WebPage\",\"@id\":\"https:\\\/\\\/lasentinelle.dz\\\/index.php\\\/2025\\\/05\\\/28\\\/ugta-takdjout-appelle-a-lunification-des-rangs\\\/\",\"url\":\"https:\\\/\\\/lasentinelle.dz\\\/index.php\\\/2025\\\/05\\\/28\\\/ugta-takdjout-appelle-a-lunification-des-rangs\\\/\",\"name\":\"UGTA : Takdjout appelle \u00e0 \u00ab\u00a0l&rsquo;unification des rangs\u00a0\u00bb - La Sentinelle\",\"isPartOf\":{\"@id\":\"https:\\\/\\\/lasentinelle.dz\\\/#website\"},\"primaryImageOfPage\":{\"@id\":\"https:\\\/\\\/lasentinelle.dz\\\/index.php\\\/2025\\\/05\\\/28\\\/ugta-takdjout-appelle-a-lunification-des-rangs\\\/#primaryimage\"},\"image\":{\"@id\":\"https:\\\/\\\/lasentinelle.dz\\\/index.php\\\/2025\\\/05\\\/28\\\/ugta-takdjout-appelle-a-lunification-des-rangs\\\/#primaryimage\"},\"thumbnailUrl\":\"https:\\\/\\\/lasentinelle.dz\\\/wp-content\\\/uploads\\\/2024\\\/05\\\/Amar-Takdjout.jpeg\",\"datePublished\":\"2025-05-28T21:05:19+00:00\",\"dateModified\":\"2025-05-28T21:05:20+00:00\",\"breadcrumb\":{\"@id\":\"https:\\\/\\\/lasentinelle.dz\\\/index.php\\\/2025\\\/05\\\/28\\\/ugta-takdjout-appelle-a-lunification-des-rangs\\\/#breadcrumb\"},\"inLanguage\":\"fr-FR\",\"potentialAction\":[{\"@type\":\"ReadAction\",\"target\":[\"https:\\\/\\\/lasentinelle.dz\\\/index.php\\\/2025\\\/05\\\/28\\\/ugta-takdjout-appelle-a-lunification-des-rangs\\\/\"]}]},{\"@type\":\"ImageObject\",\"inLanguage\":\"fr-FR\",\"@id\":\"https:\\\/\\\/lasentinelle.dz\\\/index.php\\\/2025\\\/05\\\/28\\\/ugta-takdjout-appelle-a-lunification-des-rangs\\\/#primaryimage\",\"url\":\"https:\\\/\\\/lasentinelle.dz\\\/wp-content\\\/uploads\\\/2024\\\/05\\\/Amar-Takdjout.jpeg\",\"contentUrl\":\"https:\\\/\\\/lasentinelle.dz\\\/wp-content\\\/uploads\\\/2024\\\/05\\\/Amar-Takdjout.jpeg\",\"width\":1920,\"height\":1080},{\"@type\":\"BreadcrumbList\",\"@id\":\"https:\\\/\\\/lasentinelle.dz\\\/index.php\\\/2025\\\/05\\\/28\\\/ugta-takdjout-appelle-a-lunification-des-rangs\\\/#breadcrumb\",\"itemListElement\":[{\"@type\":\"ListItem\",\"position\":1,\"name\":\"Accueil\",\"item\":\"https:\\\/\\\/lasentinelle.dz\\\/\"},{\"@type\":\"ListItem\",\"position\":2,\"name\":\"UGTA : Takdjout appelle \u00e0 \u00ab\u00a0l&rsquo;unification des rangs\u00a0\u00bb\"}]},{\"@type\":\"WebSite\",\"@id\":\"https:\\\/\\\/lasentinelle.dz\\\/#website\",\"url\":\"https:\\\/\\\/lasentinelle.dz\\\/\",\"name\":\"La Sentinelle\",\"description\":\"Quotidien national d&#039;information\",\"publisher\":{\"@id\":\"https:\\\/\\\/lasentinelle.dz\\\/#organization\"},\"potentialAction\":[{\"@type\":\"SearchAction\",\"target\":{\"@type\":\"EntryPoint\",\"urlTemplate\":\"https:\\\/\\\/lasentinelle.dz\\\/?s={search_term_string}\"},\"query-input\":{\"@type\":\"PropertyValueSpecification\",\"valueRequired\":true,\"valueName\":\"search_term_string\"}}],\"inLanguage\":\"fr-FR\"},{\"@type\":\"Organization\",\"@id\":\"https:\\\/\\\/lasentinelle.dz\\\/#organization\",\"name\":\"Quotidien La Sentinelle\",\"url\":\"https:\\\/\\\/lasentinelle.dz\\\/\",\"logo\":{\"@type\":\"ImageObject\",\"inLanguage\":\"fr-FR\",\"@id\":\"https:\\\/\\\/lasentinelle.dz\\\/#\\\/schema\\\/logo\\\/image\\\/\",\"url\":\"https:\\\/\\\/lasentinelle.dz\\\/wp-content\\\/uploads\\\/2021\\\/09\\\/logo-sentinelleSLOGAN-1.png\",\"contentUrl\":\"https:\\\/\\\/lasentinelle.dz\\\/wp-content\\\/uploads\\\/2021\\\/09\\\/logo-sentinelleSLOGAN-1.png\",\"width\":615,\"height\":142,\"caption\":\"Quotidien La Sentinelle\"},\"image\":{\"@id\":\"https:\\\/\\\/lasentinelle.dz\\\/#\\\/schema\\\/logo\\\/image\\\/\"},\"sameAs\":[\"https:\\\/\\\/www.facebook.com\\\/La-Sentinelle-104059864394773\"]},{\"@type\":\"Person\",\"@id\":\"https:\\\/\\\/lasentinelle.dz\\\/#\\\/schema\\\/person\\\/729ee0024f24e0b8c5ec17232f8e8b41\",\"name\":\"admin\",\"image\":{\"@type\":\"ImageObject\",\"inLanguage\":\"fr-FR\",\"@id\":\"https:\\\/\\\/secure.gravatar.com\\\/avatar\\\/4c81fed838786e9b53f540bf46533e750f5d292099ae3b66cfc6fb1982e29df7?s=96&d=mm&r=g\",\"url\":\"https:\\\/\\\/secure.gravatar.com\\\/avatar\\\/4c81fed838786e9b53f540bf46533e750f5d292099ae3b66cfc6fb1982e29df7?s=96&d=mm&r=g\",\"contentUrl\":\"https:\\\/\\\/secure.gravatar.com\\\/avatar\\\/4c81fed838786e9b53f540bf46533e750f5d292099ae3b66cfc6fb1982e29df7?s=96&d=mm&r=g\",\"caption\":\"admin\"},\"description\":\"admin\",\"url\":\"https:\\\/\\\/lasentinelle.dz\\\/author\\\/admin\\\/\"}]}<\/script>\n<!-- \/ Yoast SEO plugin. -->","yoast_head_json":{"title":"UGTA : Takdjout appelle \u00e0 \u00ab\u00a0l&rsquo;unification des rangs\u00a0\u00bb - La Sentinelle","robots":{"index":"index","follow":"follow","max-snippet":"max-snippet:-1","max-image-preview":"max-image-preview:large","max-video-preview":"max-video-preview:-1"},"canonical":"https:\/\/lasentinelle.dz\/index.php\/2025\/05\/28\/ugta-takdjout-appelle-a-lunification-des-rangs\/","og_locale":"fr_FR","og_type":"article","og_title":"UGTA : Takdjout appelle \u00e0 \u00ab\u00a0l&rsquo;unification des rangs\u00a0\u00bb - La Sentinelle","og_description":"Face aux mutations \u00e9conomiques que traverse l&rsquo;Alg\u00e9rie, l&rsquo;Union g\u00e9n\u00e9rale des travailleurs alg\u00e9riens intensifie ses efforts pour retrouver son influence historique","og_url":"https:\/\/lasentinelle.dz\/index.php\/2025\/05\/28\/ugta-takdjout-appelle-a-lunification-des-rangs\/","og_site_name":"La Sentinelle","article_publisher":"https:\/\/www.facebook.com\/La-Sentinelle-104059864394773","article_published_time":"2025-05-28T21:05:19+00:00","article_modified_time":"2025-05-28T21:05:20+00:00","og_image":[{"width":1920,"height":1080,"url":"https:\/\/lasentinelle.dz\/wp-content\/uploads\/2024\/05\/Amar-Takdjout.jpeg","type":"image\/jpeg"}],"author":"admin","twitter_card":"summary_large_image","twitter_misc":{"\u00c9crit par":"admin","Dur\u00e9e de lecture estim\u00e9e":"3 minutes"},"schema":{"@context":"https:\/\/schema.org","@graph":[{"@type":"Article","@id":"https:\/\/lasentinelle.dz\/index.php\/2025\/05\/28\/ugta-takdjout-appelle-a-lunification-des-rangs\/#article","isPartOf":{"@id":"https:\/\/lasentinelle.dz\/index.php\/2025\/05\/28\/ugta-takdjout-appelle-a-lunification-des-rangs\/"},"author":{"name":"admin","@id":"https:\/\/lasentinelle.dz\/#\/schema\/person\/729ee0024f24e0b8c5ec17232f8e8b41"},"headline":"UGTA : Takdjout appelle \u00e0 \u00ab\u00a0l&rsquo;unification des rangs\u00a0\u00bb","datePublished":"2025-05-28T21:05:19+00:00","dateModified":"2025-05-28T21:05:20+00:00","mainEntityOfPage":{"@id":"https:\/\/lasentinelle.dz\/index.php\/2025\/05\/28\/ugta-takdjout-appelle-a-lunification-des-rangs\/"},"wordCount":444,"commentCount":0,"publisher":{"@id":"https:\/\/lasentinelle.dz\/#organization"},"image":{"@id":"https:\/\/lasentinelle.dz\/index.php\/2025\/05\/28\/ugta-takdjout-appelle-a-lunification-des-rangs\/#primaryimage"},"thumbnailUrl":"https:\/\/lasentinelle.dz\/wp-content\/uploads\/2024\/05\/Amar-Takdjout.jpeg","articleSection":["Actualit\u00e9"],"inLanguage":"fr-FR","potentialAction":[{"@type":"CommentAction","name":"Comment","target":["https:\/\/lasentinelle.dz\/index.php\/2025\/05\/28\/ugta-takdjout-appelle-a-lunification-des-rangs\/#respond"]}]},{"@type":"WebPage","@id":"https:\/\/lasentinelle.dz\/index.php\/2025\/05\/28\/ugta-takdjout-appelle-a-lunification-des-rangs\/","url":"https:\/\/lasentinelle.dz\/index.php\/2025\/05\/28\/ugta-takdjout-appelle-a-lunification-des-rangs\/","name":"UGTA : Takdjout appelle \u00e0 \u00ab\u00a0l&rsquo;unification des rangs\u00a0\u00bb - La Sentinelle","isPartOf":{"@id":"https:\/\/lasentinelle.dz\/#website"},"primaryImageOfPage":{"@id":"https:\/\/lasentinelle.dz\/index.php\/2025\/05\/28\/ugta-takdjout-appelle-a-lunification-des-rangs\/#primaryimage"},"image":{"@id":"https:\/\/lasentinelle.dz\/index.php\/2025\/05\/28\/ugta-takdjout-appelle-a-lunification-des-rangs\/#primaryimage"},"thumbnailUrl":"https:\/\/lasentinelle.dz\/wp-content\/uploads\/2024\/05\/Amar-Takdjout.jpeg","datePublished":"2025-05-28T21:05:19+00:00","dateModified":"2025-05-28T21:05:20+00:00","breadcrumb":{"@id":"https:\/\/lasentinelle.dz\/index.php\/2025\/05\/28\/ugta-takdjout-appelle-a-lunification-des-rangs\/#breadcrumb"},"inLanguage":"fr-FR","potentialAction":[{"@type":"ReadAction","target":["https:\/\/lasentinelle.dz\/index.php\/2025\/05\/28\/ugta-takdjout-appelle-a-lunification-des-rangs\/"]}]},{"@type":"ImageObject","inLanguage":"fr-FR","@id":"https:\/\/lasentinelle.dz\/index.php\/2025\/05\/28\/ugta-takdjout-appelle-a-lunification-des-rangs\/#primaryimage","url":"https:\/\/lasentinelle.dz\/wp-content\/uploads\/2024\/05\/Amar-Takdjout.jpeg","contentUrl":"https:\/\/lasentinelle.dz\/wp-content\/uploads\/2024\/05\/Amar-Takdjout.jpeg","width":1920,"height":1080},{"@type":"BreadcrumbList","@id":"https:\/\/lasentinelle.dz\/index.php\/2025\/05\/28\/ugta-takdjout-appelle-a-lunification-des-rangs\/#breadcrumb","itemListElement":[{"@type":"ListItem","position":1,"name":"Accueil","item":"https:\/\/lasentinelle.dz\/"},{"@type":"ListItem","position":2,"name":"UGTA : Takdjout appelle \u00e0 \u00ab\u00a0l&rsquo;unification des rangs\u00a0\u00bb"}]},{"@type":"WebSite","@id":"https:\/\/lasentinelle.dz\/#website","url":"https:\/\/lasentinelle.dz\/","name":"La Sentinelle","description":"Quotidien national d&#039;information","publisher":{"@id":"https:\/\/lasentinelle.dz\/#organization"},"potentialAction":[{"@type":"SearchAction","target":{"@type":"EntryPoint","urlTemplate":"https:\/\/lasentinelle.dz\/?s={search_term_string}"},"query-input":{"@type":"PropertyValueSpecification","valueRequired":true,"valueName":"search_term_string"}}],"inLanguage":"fr-FR"},{"@type":"Organization","@id":"https:\/\/lasentinelle.dz\/#organization","name":"Quotidien La Sentinelle","url":"https:\/\/lasentinelle.dz\/","logo":{"@type":"ImageObject","inLanguage":"fr-FR","@id":"https:\/\/lasentinelle.dz\/#\/schema\/logo\/image\/","url":"https:\/\/lasentinelle.dz\/wp-content\/uploads\/2021\/09\/logo-sentinelleSLOGAN-1.png","contentUrl":"https:\/\/lasentinelle.dz\/wp-content\/uploads\/2021\/09\/logo-sentinelleSLOGAN-1.png","width":615,"height":142,"caption":"Quotidien La Sentinelle"},"image":{"@id":"https:\/\/lasentinelle.dz\/#\/schema\/logo\/image\/"},"sameAs":["https:\/\/www.facebook.com\/La-Sentinelle-104059864394773"]},{"@type":"Person","@id":"https:\/\/lasentinelle.dz\/#\/schema\/person\/729ee0024f24e0b8c5ec17232f8e8b41","name":"admin","image":{"@type":"ImageObject","inLanguage":"fr-FR","@id":"https:\/\/secure.gravatar.com\/avatar\/4c81fed838786e9b53f540bf46533e750f5d292099ae3b66cfc6fb1982e29df7?s=96&d=mm&r=g","url":"https:\/\/secure.gravatar.com\/avatar\/4c81fed838786e9b53f540bf46533e750f5d292099ae3b66cfc6fb1982e29df7?s=96&d=mm&r=g","contentUrl":"https:\/\/secure.gravatar.com\/avatar\/4c81fed838786e9b53f540bf46533e750f5d292099ae3b66cfc6fb1982e29df7?s=96&d=mm&r=g","caption":"admin"},"description":"admin","url":"https:\/\/lasentinelle.dz\/author\/admin\/"}]}},"_links":{"self":[{"href":"https:\/\/lasentinelle.dz\/index.php\/wp-json\/wp\/v2\/posts\/68169","targetHints":{"allow":["GET"]}}],"collection":[{"href":"https:\/\/lasentinelle.dz\/index.php\/wp-json\/wp\/v2\/posts"}],"about":[{"href":"https:\/\/lasentinelle.dz\/index.php\/wp-json\/wp\/v2\/types\/post"}],"author":[{"embeddable":true,"href":"https:\/\/lasentinelle.dz\/index.php\/wp-json\/wp\/v2\/users\/6"}],"replies":[{"embeddable":true,"href":"https:\/\/lasentinelle.dz\/index.php\/wp-json\/wp\/v2\/comments?post=68169"}],"version-history":[{"count":2,"href":"https:\/\/lasentinelle.dz\/index.php\/wp-json\/wp\/v2\/posts\/68169\/revisions"}],"predecessor-version":[{"id":68171,"href":"https:\/\/lasentinelle.dz\/index.php\/wp-json\/wp\/v2\/posts\/68169\/revisions\/68171"}],"wp:featuredmedia":[{"embeddable":true,"href":"https:\/\/lasentinelle.dz\/index.php\/wp-json\/wp\/v2\/media\/51917"}],"wp:attachment":[{"href":"https:\/\/lasentinelle.dz\/index.php\/wp-json\/wp\/v2\/media?parent=68169"}],"wp:term":[{"taxonomy":"category","embeddable":true,"href":"https:\/\/lasentinelle.dz\/index.php\/wp-json\/wp\/v2\/categories?post=68169"},{"taxonomy":"post_tag","embeddable":true,"href":"https:\/\/lasentinelle.dz\/index.php\/wp-json\/wp\/v2\/tags?post=68169"}],"curies":[{"name":"wp","href":"https:\/\/api.w.org\/{rel}","templated":true}]}}