{"id":68172,"date":"2025-05-28T22:06:12","date_gmt":"2025-05-28T21:06:12","guid":{"rendered":"https:\/\/lasentinelle.dz\/?p=68172"},"modified":"2025-05-28T22:06:13","modified_gmt":"2025-05-28T21:06:13","slug":"conseil-de-la-nation-nasri-fixe-les-priorites","status":"publish","type":"post","link":"https:\/\/lasentinelle.dz\/index.php\/2025\/05\/28\/conseil-de-la-nation-nasri-fixe-les-priorites\/","title":{"rendered":"Conseil de la Nation : Nasri fixe les priorit\u00e9s"},"content":{"rendered":"\n<p>Le nouveau pr\u00e9sident du Conseil de la Nation, Azouz Nasri, a trac\u00e9 mercredi les grandes orientations de la chambre haute du Parlement pour la nouvelle p\u00e9riode parlementaire, pla\u00e7ant le contr\u00f4le de l&rsquo;action gouvernementale et l&rsquo;efficacit\u00e9 l\u00e9gislative au c\u0153ur des priorit\u00e9s institutionnelles.<\/p>\n\n\n\n<p>Lors d&rsquo;une s\u00e9ance pl\u00e9ni\u00e8re consacr\u00e9e \u00e0 l&rsquo;installation des nouvelles instances, puis d&rsquo;une r\u00e9union du bureau \u00e9largi, le responsable a d\u00e9fini une feuille de route ambitieuse visant \u00e0 renforcer le r\u00f4le constitutionnel du Conseil dans l&rsquo;architecture d\u00e9mocratique alg\u00e9rienne. Cette d\u00e9marche s&rsquo;inscrit dans le cadre du renouvellement par moiti\u00e9 des membres de la chambre haute, offrant l&rsquo;opportunit\u00e9 d&rsquo;impulser une nouvelle dynamique parlementaire adapt\u00e9e aux d\u00e9fis contemporains du pays. Nasri a particuli\u00e8rement insist\u00e9 sur \u00ab\u00a0l&rsquo;importance d&rsquo;accorder une attention particuli\u00e8re \u00e0 la question du contr\u00f4le de l&rsquo;action gouvernementale, qu&rsquo;il s&rsquo;agisse des questions orales ou de suivi sur le terrain\u00a0\u00bb, r\u00e9v\u00e9lant ainsi la volont\u00e9 de la chambre haute d&rsquo;exercer pleinement ses pr\u00e9rogatives de surveillance de l&rsquo;Ex\u00e9cutif. Le pr\u00e9sident du Conseil a \u00e9galement exprim\u00e9 sa \u00ab\u00a0ferme conviction que les organes et instances du Conseil \u0153uvreront pour le renforcement de sa position, l&rsquo;\u00e9l\u00e9vation du statut de ses membres et l&rsquo;am\u00e9lioration de leur rendement, en consid\u00e9rant l&rsquo;expression responsable comme fondement, et la transparence et la clart\u00e9 comme principes et finalit\u00e9s\u00a0\u00bb. Le programme l\u00e9gislatif annonc\u00e9 r\u00e9v\u00e8le les priorit\u00e9s th\u00e9matiques retenues par la nouvelle \u00e9quipe dirigeante. Cinq textes majeurs ont \u00e9t\u00e9 imm\u00e9diatement soumis aux commissions sp\u00e9cialis\u00e9es, t\u00e9moignant d&rsquo;un agenda dense qui doit permettre de rattraper le retard prix. La commission des affaires juridiques et administratives, des droits de l&rsquo;Homme, de l&rsquo;organisation locale, de l&rsquo;am\u00e9nagement du territoire et du d\u00e9coupage territorial se voit confier trois dossiers strat\u00e9giques : un nouveau code de proc\u00e9dure p\u00e9nale, une modification de la loi organique relative au tribunal des conflits, et une r\u00e9vision de la l\u00e9gislation sur les stup\u00e9fiants et substances psychotropes. Ces textes touchent aux fondements m\u00eame du syst\u00e8me judiciaire alg\u00e9rien et \u00e0 la lutte contre les fl\u00e9aux sociaux, illustrant la volont\u00e9 du Conseil de s&rsquo;attaquer aux questions de soci\u00e9t\u00e9 les plus sensibles.<\/p>\n\n\n\n<p>Parall\u00e8lement, la commission de l&rsquo;\u00e9ducation, de la formation, de l&rsquo;enseignement sup\u00e9rieur, de la recherche scientifique et des affaires religieuses examinera le projet de loi relatif aux Wakfs, dossier qui cristallise les enjeux li\u00e9s \u00e0 la gestion du patrimoine religieux et \u00e0 la modernisation des institutions islamiques en Alg\u00e9rie. Enfin, la commission de la sant\u00e9, des affaires sociales, du travail et de la solidarit\u00e9 nationale traitera la modification de la loi sur les assurances sociales, sujet crucial dans le contexte des r\u00e9formes \u00e9conomiques en cours et des pr\u00e9occupations sociales des citoyens alg\u00e9riens.<\/p>\n\n\n\n<p>Nasri a aussi tenu \u00e0 rendre hommage \u00e0 ses pr\u00e9d\u00e9cesseurs tout en marquant une rupture dans les m\u00e9thodes de travail. Le pr\u00e9sident a salu\u00e9 \u00ab\u00a0les efforts de l&rsquo;ensemble des membres sortants, lesquels ont accompli leur devoir avec abn\u00e9gation, loyaut\u00e9 et sens des responsabilit\u00e9s\u00a0\u00bb, gr\u00e2ce \u00e0 \u00ab\u00a0la sagesse et \u00e0 la culture de l&rsquo;Etat dont ils ont fait preuve\u00a0\u00bb. Il a particuli\u00e8rement honor\u00e9 l&rsquo;ancien pr\u00e9sident Salah Goudjil, qui \u00ab\u00a0n&rsquo;a jamais cess\u00e9 d&rsquo;insister sur la n\u00e9cessit\u00e9 de faire preuve de sagesse et de culture de l&rsquo;Etat, et de placer l&rsquo;int\u00e9r\u00eat g\u00e9n\u00e9ral avant tout\u00a0\u00bb. Il a \u00e9galement donn\u00e9 instruction aux nouveaux responsables de \u00ab\u00a0proc\u00e9der, imm\u00e9diatement, \u00e0 l&rsquo;installation des bureaux des commissions permanentes du Conseil de la nation et du contr\u00f4leur parlementaire, conform\u00e9ment au calendrier \u00e9tabli \u00e0 cet effet\u00a0\u00bb.<\/p>\n\n\n\n<p>La recomposition institutionnelle accompagne cette nouvelle orientation. La cr\u00e9ation du groupe parlementaire du Front El-Moustakbal, dirig\u00e9 par Issam Nechma, modifie l&rsquo;\u00e9quilibre politique de la chambre haute. Les autres formations politiques voient leurs responsabilit\u00e9s redistribu\u00e9es avec Saed Arous \u00e0 la t\u00eate du tiers pr\u00e9sidentiel, Larbi Mouaz pour le FLN, Abderrahmane Guenchouba pour le RND et Lazhar Bettahar pour les ind\u00e9pendants. Les neuf commissions permanentes ont \u00e9galement vu leurs directions renouvel\u00e9es, avec notamment Mohamed Rebah aux affaires juridiques, Noureddine Tadj aux finances, Nour El Hadj \u00e0 la d\u00e9fense, Omar Dadi Aadoun aux affaires \u00e9trang\u00e8res, Lakhdar Moulay Saadoun \u00e0 l&rsquo;agriculture, Nabil Khoualdia \u00e0 l&rsquo;\u00e9ducation, Yahia Charef \u00e0 l&rsquo;\u00e9quipement, Habib Douagui \u00e0 la sant\u00e9 et Mohamed Boukrou \u00e0 la culture. Le nouveau bureau compte \u00e9galement cinq vice-pr\u00e9sidents : Rabah Beghali, Miloud Hanafi, Omar Khemayas, Mourad Lekhal et Abdelkrim Boughanem.<\/p>\n\n\n\n<p>Hocine Fadheli<\/p>\n","protected":false},"excerpt":{"rendered":"<p>Le nouveau pr\u00e9sident du Conseil de la Nation, Azouz Nasri, a trac\u00e9 mercredi les grandes orientations de la chambre haute<\/p>\n","protected":false},"author":6,"featured_media":68173,"comment_status":"open","ping_status":"closed","sticky":false,"template":"","format":"standard","meta":{"colormag_page_container_layout":"default_layout","colormag_page_sidebar_layout":"default_layout","om_disable_all_campaigns":false,"_monsterinsights_skip_tracking":false,"_monsterinsights_sitenote_active":false,"_monsterinsights_sitenote_note":"","_monsterinsights_sitenote_category":0,"footnotes":"","_wpscppro_dont_share_socialmedia":false,"_wpscppro_custom_social_share_image":0,"_facebook_share_type":"default","_twitter_share_type":"default","_linkedin_share_type":"default","_pinterest_share_type":"default","_linkedin_share_type_page":"","_instagram_share_type":"default","_medium_share_type":"default","_threads_share_type":"","_google_business_share_type":"","_selected_social_profile":[],"_wpsp_enable_custom_social_template":false,"_wpsp_social_scheduling":{"enabled":false,"datetime":null,"platforms":[],"status":"template_only","dateOption":"today","timeOption":"now","customDays":"","customHours":"","customDate":"","customTime":"","schedulingType":"absolute"},"_wpsp_active_default_template":true},"categories":[52,27],"tags":[],"class_list":["post-68172","post","type-post","status-publish","format-standard","has-post-thumbnail","hentry","category-a-la-une","category-actualite"],"aioseo_notices":[],"yoast_head":"<!-- This site is optimized with the Yoast SEO plugin v27.5 - https:\/\/yoast.com\/product\/yoast-seo-wordpress\/ -->\n<title>Conseil de la Nation : Nasri fixe les priorit\u00e9s - La Sentinelle<\/title>\n<meta name=\"robots\" content=\"index, follow, max-snippet:-1, max-image-preview:large, max-video-preview:-1\" \/>\n<link rel=\"canonical\" href=\"https:\/\/lasentinelle.dz\/index.php\/2025\/05\/28\/conseil-de-la-nation-nasri-fixe-les-priorites\/\" \/>\n<meta property=\"og:locale\" content=\"fr_FR\" \/>\n<meta property=\"og:type\" content=\"article\" \/>\n<meta property=\"og:title\" content=\"Conseil de la Nation : Nasri fixe les priorit\u00e9s - La Sentinelle\" \/>\n<meta property=\"og:description\" content=\"Le nouveau pr\u00e9sident du Conseil de la Nation, Azouz Nasri, a trac\u00e9 mercredi les grandes orientations de la chambre haute\" \/>\n<meta property=\"og:url\" content=\"https:\/\/lasentinelle.dz\/index.php\/2025\/05\/28\/conseil-de-la-nation-nasri-fixe-les-priorites\/\" \/>\n<meta property=\"og:site_name\" content=\"La Sentinelle\" \/>\n<meta property=\"article:publisher\" content=\"https:\/\/www.facebook.com\/La-Sentinelle-104059864394773\" \/>\n<meta property=\"article:published_time\" content=\"2025-05-28T21:06:12+00:00\" \/>\n<meta property=\"article:modified_time\" content=\"2025-05-28T21:06:13+00:00\" \/>\n<meta property=\"og:image\" content=\"https:\/\/lasentinelle.dz\/wp-content\/uploads\/2025\/05\/Nasri-1.jpg\" \/>\n\t<meta property=\"og:image:width\" content=\"580\" \/>\n\t<meta property=\"og:image:height\" content=\"360\" \/>\n\t<meta property=\"og:image:type\" content=\"image\/jpeg\" \/>\n<meta name=\"author\" content=\"admin\" \/>\n<meta name=\"twitter:card\" content=\"summary_large_image\" \/>\n<meta name=\"twitter:label1\" content=\"\u00c9crit par\" \/>\n\t<meta name=\"twitter:data1\" content=\"admin\" \/>\n\t<meta name=\"twitter:label2\" content=\"Dur\u00e9e de lecture estim\u00e9e\" \/>\n\t<meta name=\"twitter:data2\" content=\"4 minutes\" \/>\n<script type=\"application\/ld+json\" class=\"yoast-schema-graph\">{\"@context\":\"https:\\\/\\\/schema.org\",\"@graph\":[{\"@type\":\"Article\",\"@id\":\"https:\\\/\\\/lasentinelle.dz\\\/index.php\\\/2025\\\/05\\\/28\\\/conseil-de-la-nation-nasri-fixe-les-priorites\\\/#article\",\"isPartOf\":{\"@id\":\"https:\\\/\\\/lasentinelle.dz\\\/index.php\\\/2025\\\/05\\\/28\\\/conseil-de-la-nation-nasri-fixe-les-priorites\\\/\"},\"author\":{\"name\":\"admin\",\"@id\":\"https:\\\/\\\/lasentinelle.dz\\\/#\\\/schema\\\/person\\\/729ee0024f24e0b8c5ec17232f8e8b41\"},\"headline\":\"Conseil de la Nation : Nasri fixe les priorit\u00e9s\",\"datePublished\":\"2025-05-28T21:06:12+00:00\",\"dateModified\":\"2025-05-28T21:06:13+00:00\",\"mainEntityOfPage\":{\"@id\":\"https:\\\/\\\/lasentinelle.dz\\\/index.php\\\/2025\\\/05\\\/28\\\/conseil-de-la-nation-nasri-fixe-les-priorites\\\/\"},\"wordCount\":796,\"commentCount\":0,\"publisher\":{\"@id\":\"https:\\\/\\\/lasentinelle.dz\\\/#organization\"},\"image\":{\"@id\":\"https:\\\/\\\/lasentinelle.dz\\\/index.php\\\/2025\\\/05\\\/28\\\/conseil-de-la-nation-nasri-fixe-les-priorites\\\/#primaryimage\"},\"thumbnailUrl\":\"https:\\\/\\\/lasentinelle.dz\\\/wp-content\\\/uploads\\\/2025\\\/05\\\/Nasri-1.jpg\",\"articleSection\":[\"\u00c0 la Une\",\"Actualit\u00e9\"],\"inLanguage\":\"fr-FR\",\"potentialAction\":[{\"@type\":\"CommentAction\",\"name\":\"Comment\",\"target\":[\"https:\\\/\\\/lasentinelle.dz\\\/index.php\\\/2025\\\/05\\\/28\\\/conseil-de-la-nation-nasri-fixe-les-priorites\\\/#respond\"]}]},{\"@type\":\"WebPage\",\"@id\":\"https:\\\/\\\/lasentinelle.dz\\\/index.php\\\/2025\\\/05\\\/28\\\/conseil-de-la-nation-nasri-fixe-les-priorites\\\/\",\"url\":\"https:\\\/\\\/lasentinelle.dz\\\/index.php\\\/2025\\\/05\\\/28\\\/conseil-de-la-nation-nasri-fixe-les-priorites\\\/\",\"name\":\"Conseil de la Nation : Nasri fixe les priorit\u00e9s - La Sentinelle\",\"isPartOf\":{\"@id\":\"https:\\\/\\\/lasentinelle.dz\\\/#website\"},\"primaryImageOfPage\":{\"@id\":\"https:\\\/\\\/lasentinelle.dz\\\/index.php\\\/2025\\\/05\\\/28\\\/conseil-de-la-nation-nasri-fixe-les-priorites\\\/#primaryimage\"},\"image\":{\"@id\":\"https:\\\/\\\/lasentinelle.dz\\\/index.php\\\/2025\\\/05\\\/28\\\/conseil-de-la-nation-nasri-fixe-les-priorites\\\/#primaryimage\"},\"thumbnailUrl\":\"https:\\\/\\\/lasentinelle.dz\\\/wp-content\\\/uploads\\\/2025\\\/05\\\/Nasri-1.jpg\",\"datePublished\":\"2025-05-28T21:06:12+00:00\",\"dateModified\":\"2025-05-28T21:06:13+00:00\",\"breadcrumb\":{\"@id\":\"https:\\\/\\\/lasentinelle.dz\\\/index.php\\\/2025\\\/05\\\/28\\\/conseil-de-la-nation-nasri-fixe-les-priorites\\\/#breadcrumb\"},\"inLanguage\":\"fr-FR\",\"potentialAction\":[{\"@type\":\"ReadAction\",\"target\":[\"https:\\\/\\\/lasentinelle.dz\\\/index.php\\\/2025\\\/05\\\/28\\\/conseil-de-la-nation-nasri-fixe-les-priorites\\\/\"]}]},{\"@type\":\"ImageObject\",\"inLanguage\":\"fr-FR\",\"@id\":\"https:\\\/\\\/lasentinelle.dz\\\/index.php\\\/2025\\\/05\\\/28\\\/conseil-de-la-nation-nasri-fixe-les-priorites\\\/#primaryimage\",\"url\":\"https:\\\/\\\/lasentinelle.dz\\\/wp-content\\\/uploads\\\/2025\\\/05\\\/Nasri-1.jpg\",\"contentUrl\":\"https:\\\/\\\/lasentinelle.dz\\\/wp-content\\\/uploads\\\/2025\\\/05\\\/Nasri-1.jpg\",\"width\":580,\"height\":360},{\"@type\":\"BreadcrumbList\",\"@id\":\"https:\\\/\\\/lasentinelle.dz\\\/index.php\\\/2025\\\/05\\\/28\\\/conseil-de-la-nation-nasri-fixe-les-priorites\\\/#breadcrumb\",\"itemListElement\":[{\"@type\":\"ListItem\",\"position\":1,\"name\":\"Accueil\",\"item\":\"https:\\\/\\\/lasentinelle.dz\\\/\"},{\"@type\":\"ListItem\",\"position\":2,\"name\":\"Conseil de la Nation : Nasri fixe les priorit\u00e9s\"}]},{\"@type\":\"WebSite\",\"@id\":\"https:\\\/\\\/lasentinelle.dz\\\/#website\",\"url\":\"https:\\\/\\\/lasentinelle.dz\\\/\",\"name\":\"La Sentinelle\",\"description\":\"Quotidien national d&#039;information\",\"publisher\":{\"@id\":\"https:\\\/\\\/lasentinelle.dz\\\/#organization\"},\"potentialAction\":[{\"@type\":\"SearchAction\",\"target\":{\"@type\":\"EntryPoint\",\"urlTemplate\":\"https:\\\/\\\/lasentinelle.dz\\\/?s={search_term_string}\"},\"query-input\":{\"@type\":\"PropertyValueSpecification\",\"valueRequired\":true,\"valueName\":\"search_term_string\"}}],\"inLanguage\":\"fr-FR\"},{\"@type\":\"Organization\",\"@id\":\"https:\\\/\\\/lasentinelle.dz\\\/#organization\",\"name\":\"Quotidien La Sentinelle\",\"url\":\"https:\\\/\\\/lasentinelle.dz\\\/\",\"logo\":{\"@type\":\"ImageObject\",\"inLanguage\":\"fr-FR\",\"@id\":\"https:\\\/\\\/lasentinelle.dz\\\/#\\\/schema\\\/logo\\\/image\\\/\",\"url\":\"https:\\\/\\\/lasentinelle.dz\\\/wp-content\\\/uploads\\\/2021\\\/09\\\/logo-sentinelleSLOGAN-1.png\",\"contentUrl\":\"https:\\\/\\\/lasentinelle.dz\\\/wp-content\\\/uploads\\\/2021\\\/09\\\/logo-sentinelleSLOGAN-1.png\",\"width\":615,\"height\":142,\"caption\":\"Quotidien La Sentinelle\"},\"image\":{\"@id\":\"https:\\\/\\\/lasentinelle.dz\\\/#\\\/schema\\\/logo\\\/image\\\/\"},\"sameAs\":[\"https:\\\/\\\/www.facebook.com\\\/La-Sentinelle-104059864394773\"]},{\"@type\":\"Person\",\"@id\":\"https:\\\/\\\/lasentinelle.dz\\\/#\\\/schema\\\/person\\\/729ee0024f24e0b8c5ec17232f8e8b41\",\"name\":\"admin\",\"image\":{\"@type\":\"ImageObject\",\"inLanguage\":\"fr-FR\",\"@id\":\"https:\\\/\\\/secure.gravatar.com\\\/avatar\\\/4c81fed838786e9b53f540bf46533e750f5d292099ae3b66cfc6fb1982e29df7?s=96&d=mm&r=g\",\"url\":\"https:\\\/\\\/secure.gravatar.com\\\/avatar\\\/4c81fed838786e9b53f540bf46533e750f5d292099ae3b66cfc6fb1982e29df7?s=96&d=mm&r=g\",\"contentUrl\":\"https:\\\/\\\/secure.gravatar.com\\\/avatar\\\/4c81fed838786e9b53f540bf46533e750f5d292099ae3b66cfc6fb1982e29df7?s=96&d=mm&r=g\",\"caption\":\"admin\"},\"description\":\"admin\",\"url\":\"https:\\\/\\\/lasentinelle.dz\\\/author\\\/admin\\\/\"}]}<\/script>\n<!-- \/ Yoast SEO plugin. -->","yoast_head_json":{"title":"Conseil de la Nation : Nasri fixe les priorit\u00e9s - La Sentinelle","robots":{"index":"index","follow":"follow","max-snippet":"max-snippet:-1","max-image-preview":"max-image-preview:large","max-video-preview":"max-video-preview:-1"},"canonical":"https:\/\/lasentinelle.dz\/index.php\/2025\/05\/28\/conseil-de-la-nation-nasri-fixe-les-priorites\/","og_locale":"fr_FR","og_type":"article","og_title":"Conseil de la Nation : Nasri fixe les priorit\u00e9s - La Sentinelle","og_description":"Le nouveau pr\u00e9sident du Conseil de la Nation, Azouz Nasri, a trac\u00e9 mercredi les grandes orientations de la chambre haute","og_url":"https:\/\/lasentinelle.dz\/index.php\/2025\/05\/28\/conseil-de-la-nation-nasri-fixe-les-priorites\/","og_site_name":"La Sentinelle","article_publisher":"https:\/\/www.facebook.com\/La-Sentinelle-104059864394773","article_published_time":"2025-05-28T21:06:12+00:00","article_modified_time":"2025-05-28T21:06:13+00:00","og_image":[{"width":580,"height":360,"url":"https:\/\/lasentinelle.dz\/wp-content\/uploads\/2025\/05\/Nasri-1.jpg","type":"image\/jpeg"}],"author":"admin","twitter_card":"summary_large_image","twitter_misc":{"\u00c9crit par":"admin","Dur\u00e9e de lecture estim\u00e9e":"4 minutes"},"schema":{"@context":"https:\/\/schema.org","@graph":[{"@type":"Article","@id":"https:\/\/lasentinelle.dz\/index.php\/2025\/05\/28\/conseil-de-la-nation-nasri-fixe-les-priorites\/#article","isPartOf":{"@id":"https:\/\/lasentinelle.dz\/index.php\/2025\/05\/28\/conseil-de-la-nation-nasri-fixe-les-priorites\/"},"author":{"name":"admin","@id":"https:\/\/lasentinelle.dz\/#\/schema\/person\/729ee0024f24e0b8c5ec17232f8e8b41"},"headline":"Conseil de la Nation : Nasri fixe les priorit\u00e9s","datePublished":"2025-05-28T21:06:12+00:00","dateModified":"2025-05-28T21:06:13+00:00","mainEntityOfPage":{"@id":"https:\/\/lasentinelle.dz\/index.php\/2025\/05\/28\/conseil-de-la-nation-nasri-fixe-les-priorites\/"},"wordCount":796,"commentCount":0,"publisher":{"@id":"https:\/\/lasentinelle.dz\/#organization"},"image":{"@id":"https:\/\/lasentinelle.dz\/index.php\/2025\/05\/28\/conseil-de-la-nation-nasri-fixe-les-priorites\/#primaryimage"},"thumbnailUrl":"https:\/\/lasentinelle.dz\/wp-content\/uploads\/2025\/05\/Nasri-1.jpg","articleSection":["\u00c0 la Une","Actualit\u00e9"],"inLanguage":"fr-FR","potentialAction":[{"@type":"CommentAction","name":"Comment","target":["https:\/\/lasentinelle.dz\/index.php\/2025\/05\/28\/conseil-de-la-nation-nasri-fixe-les-priorites\/#respond"]}]},{"@type":"WebPage","@id":"https:\/\/lasentinelle.dz\/index.php\/2025\/05\/28\/conseil-de-la-nation-nasri-fixe-les-priorites\/","url":"https:\/\/lasentinelle.dz\/index.php\/2025\/05\/28\/conseil-de-la-nation-nasri-fixe-les-priorites\/","name":"Conseil de la Nation : Nasri fixe les priorit\u00e9s - La Sentinelle","isPartOf":{"@id":"https:\/\/lasentinelle.dz\/#website"},"primaryImageOfPage":{"@id":"https:\/\/lasentinelle.dz\/index.php\/2025\/05\/28\/conseil-de-la-nation-nasri-fixe-les-priorites\/#primaryimage"},"image":{"@id":"https:\/\/lasentinelle.dz\/index.php\/2025\/05\/28\/conseil-de-la-nation-nasri-fixe-les-priorites\/#primaryimage"},"thumbnailUrl":"https:\/\/lasentinelle.dz\/wp-content\/uploads\/2025\/05\/Nasri-1.jpg","datePublished":"2025-05-28T21:06:12+00:00","dateModified":"2025-05-28T21:06:13+00:00","breadcrumb":{"@id":"https:\/\/lasentinelle.dz\/index.php\/2025\/05\/28\/conseil-de-la-nation-nasri-fixe-les-priorites\/#breadcrumb"},"inLanguage":"fr-FR","potentialAction":[{"@type":"ReadAction","target":["https:\/\/lasentinelle.dz\/index.php\/2025\/05\/28\/conseil-de-la-nation-nasri-fixe-les-priorites\/"]}]},{"@type":"ImageObject","inLanguage":"fr-FR","@id":"https:\/\/lasentinelle.dz\/index.php\/2025\/05\/28\/conseil-de-la-nation-nasri-fixe-les-priorites\/#primaryimage","url":"https:\/\/lasentinelle.dz\/wp-content\/uploads\/2025\/05\/Nasri-1.jpg","contentUrl":"https:\/\/lasentinelle.dz\/wp-content\/uploads\/2025\/05\/Nasri-1.jpg","width":580,"height":360},{"@type":"BreadcrumbList","@id":"https:\/\/lasentinelle.dz\/index.php\/2025\/05\/28\/conseil-de-la-nation-nasri-fixe-les-priorites\/#breadcrumb","itemListElement":[{"@type":"ListItem","position":1,"name":"Accueil","item":"https:\/\/lasentinelle.dz\/"},{"@type":"ListItem","position":2,"name":"Conseil de la Nation : Nasri fixe les priorit\u00e9s"}]},{"@type":"WebSite","@id":"https:\/\/lasentinelle.dz\/#website","url":"https:\/\/lasentinelle.dz\/","name":"La Sentinelle","description":"Quotidien national d&#039;information","publisher":{"@id":"https:\/\/lasentinelle.dz\/#organization"},"potentialAction":[{"@type":"SearchAction","target":{"@type":"EntryPoint","urlTemplate":"https:\/\/lasentinelle.dz\/?s={search_term_string}"},"query-input":{"@type":"PropertyValueSpecification","valueRequired":true,"valueName":"search_term_string"}}],"inLanguage":"fr-FR"},{"@type":"Organization","@id":"https:\/\/lasentinelle.dz\/#organization","name":"Quotidien La Sentinelle","url":"https:\/\/lasentinelle.dz\/","logo":{"@type":"ImageObject","inLanguage":"fr-FR","@id":"https:\/\/lasentinelle.dz\/#\/schema\/logo\/image\/","url":"https:\/\/lasentinelle.dz\/wp-content\/uploads\/2021\/09\/logo-sentinelleSLOGAN-1.png","contentUrl":"https:\/\/lasentinelle.dz\/wp-content\/uploads\/2021\/09\/logo-sentinelleSLOGAN-1.png","width":615,"height":142,"caption":"Quotidien La Sentinelle"},"image":{"@id":"https:\/\/lasentinelle.dz\/#\/schema\/logo\/image\/"},"sameAs":["https:\/\/www.facebook.com\/La-Sentinelle-104059864394773"]},{"@type":"Person","@id":"https:\/\/lasentinelle.dz\/#\/schema\/person\/729ee0024f24e0b8c5ec17232f8e8b41","name":"admin","image":{"@type":"ImageObject","inLanguage":"fr-FR","@id":"https:\/\/secure.gravatar.com\/avatar\/4c81fed838786e9b53f540bf46533e750f5d292099ae3b66cfc6fb1982e29df7?s=96&d=mm&r=g","url":"https:\/\/secure.gravatar.com\/avatar\/4c81fed838786e9b53f540bf46533e750f5d292099ae3b66cfc6fb1982e29df7?s=96&d=mm&r=g","contentUrl":"https:\/\/secure.gravatar.com\/avatar\/4c81fed838786e9b53f540bf46533e750f5d292099ae3b66cfc6fb1982e29df7?s=96&d=mm&r=g","caption":"admin"},"description":"admin","url":"https:\/\/lasentinelle.dz\/author\/admin\/"}]}},"_links":{"self":[{"href":"https:\/\/lasentinelle.dz\/index.php\/wp-json\/wp\/v2\/posts\/68172","targetHints":{"allow":["GET"]}}],"collection":[{"href":"https:\/\/lasentinelle.dz\/index.php\/wp-json\/wp\/v2\/posts"}],"about":[{"href":"https:\/\/lasentinelle.dz\/index.php\/wp-json\/wp\/v2\/types\/post"}],"author":[{"embeddable":true,"href":"https:\/\/lasentinelle.dz\/index.php\/wp-json\/wp\/v2\/users\/6"}],"replies":[{"embeddable":true,"href":"https:\/\/lasentinelle.dz\/index.php\/wp-json\/wp\/v2\/comments?post=68172"}],"version-history":[{"count":1,"href":"https:\/\/lasentinelle.dz\/index.php\/wp-json\/wp\/v2\/posts\/68172\/revisions"}],"predecessor-version":[{"id":68174,"href":"https:\/\/lasentinelle.dz\/index.php\/wp-json\/wp\/v2\/posts\/68172\/revisions\/68174"}],"wp:featuredmedia":[{"embeddable":true,"href":"https:\/\/lasentinelle.dz\/index.php\/wp-json\/wp\/v2\/media\/68173"}],"wp:attachment":[{"href":"https:\/\/lasentinelle.dz\/index.php\/wp-json\/wp\/v2\/media?parent=68172"}],"wp:term":[{"taxonomy":"category","embeddable":true,"href":"https:\/\/lasentinelle.dz\/index.php\/wp-json\/wp\/v2\/categories?post=68172"},{"taxonomy":"post_tag","embeddable":true,"href":"https:\/\/lasentinelle.dz\/index.php\/wp-json\/wp\/v2\/tags?post=68172"}],"curies":[{"name":"wp","href":"https:\/\/api.w.org\/{rel}","templated":true}]}}