{"id":68178,"date":"2025-05-28T22:07:46","date_gmt":"2025-05-28T21:07:46","guid":{"rendered":"https:\/\/lasentinelle.dz\/?p=68178"},"modified":"2025-05-28T22:07:47","modified_gmt":"2025-05-28T21:07:47","slug":"reunion-du-gouvernement-plusieurs-dossiers-strategiques-a-lordre-du-jour","status":"publish","type":"post","link":"https:\/\/lasentinelle.dz\/index.php\/2025\/05\/28\/reunion-du-gouvernement-plusieurs-dossiers-strategiques-a-lordre-du-jour\/","title":{"rendered":"R\u00e9union du gouvernement : Plusieurs dossiers strat\u00e9giques \u00e0 l&rsquo;ordre du jour"},"content":{"rendered":"\n<p>Le Premier ministre Nadir Larbaoui a pr\u00e9sid\u00e9 mercredi une r\u00e9union gouvernementale d\u00e9di\u00e9e \u00e0 l&rsquo;examen de cinq dossiers majeurs qui dessinent les contours de la politique \u00e9conomique et sociale alg\u00e9rienne pour les prochains mois. Cette session de travail a mis l&rsquo;accent sur des secteurs cl\u00e9s de l&rsquo;\u00e9conomie nationale, depuis l&rsquo;inclusion sociale jusqu&rsquo;\u00e0 la comp\u00e9titivit\u00e9 internationale des entreprises alg\u00e9riennes, en passant par la s\u00e9curit\u00e9 alimentaire et hydrique du pays. Le programme de la famille productive constitue le premier axe d&rsquo;intervention gouvernementale examin\u00e9 lors de cette r\u00e9union. L&rsquo;ex\u00e9cutif s&rsquo;est pench\u00e9 sur \u00ab\u00a0l&rsquo;examen du cadre r\u00e9glementaire relatif aux conditions et modalit\u00e9s du b\u00e9n\u00e9fice du programme de la famille productive, qui pr\u00e9voit l&rsquo;octroi d&rsquo;aides au profit de certaines cat\u00e9gories, notamment les femmes rurales et les femmes au foyer, leur permettant d&rsquo;exercer des activit\u00e9s g\u00e9n\u00e9ratrices de revenus et d&rsquo;am\u00e9liorer leur statut social et \u00e9conomique\u00a0\u00bb. Cette initiative s&rsquo;inscrit dans \u00ab\u00a0le cadre de la mise en \u0153uvre de l&rsquo;engagement ind\u00e9fectible de Monsieur le Pr\u00e9sident de la R\u00e9publique \u00e0 maintenir le caract\u00e8re social de l&rsquo;\u00c9tat\u00a0\u00bb, soulignant la volont\u00e9 des pouvoirs publics de concilier d\u00e9veloppement \u00e9conomique et justice sociale.<\/p>\n\n\n\n<p>La formation professionnelle repr\u00e9sente le deuxi\u00e8me volet strat\u00e9gique abord\u00e9 par le gouvernement. Les ministres ont \u00e9t\u00e9 inform\u00e9s d&rsquo;une \u00ab\u00a0communication sur la cr\u00e9ation de centres d&rsquo;excellence de formation professionnelle, s&rsquo;inscrivant dans le cadre de la mise en \u0153uvre de l&rsquo;approche visant \u00e0 offrir une formation professionnelle de qualit\u00e9, permettant de r\u00e9pondre aux besoins du march\u00e9 du travail et d&rsquo;accompagner la dynamique de d\u00e9veloppement local et national que conna\u00eet le pays\u00a0\u00bb. La s\u00e9curit\u00e9 hydrique, enjeu crucial pour l&rsquo;Alg\u00e9rie, a fait l&rsquo;objet d&rsquo;une attention particuli\u00e8re avec une communication portant sur \u00ab\u00a0la fabrication locale des membranes de stations de dessalement d&rsquo;eau de mer, \u00e9tant l&rsquo;un des axes cl\u00e9s pour le renforcement de l&rsquo;autonomie strat\u00e9gique de l&rsquo;Alg\u00e9rie en mati\u00e8re de production des membranes, tout en optimisant les co\u00fbts et les d\u00e9lais d&rsquo;approvisionnement\u00a0\u00bb. Cette orientation s&rsquo;inscrit dans \u00ab\u00a0le cadre du suivi de la mise en \u0153uvre de la politique nationale de s\u00e9curit\u00e9 hydrique impuls\u00e9e par Monsieur le Pr\u00e9sident de la R\u00e9publique\u00a0\u00bb et r\u00e9v\u00e8le la volont\u00e9 de r\u00e9duire la d\u00e9pendance vis-\u00e0-vis des fournisseurs \u00e9trangers dans ce secteur strat\u00e9gique. La ma\u00eetrise de cette technologie critique permettrait \u00e0 l&rsquo;Alg\u00e9rie de s\u00e9curiser ses approvisionnements en eau dessal\u00e9e tout en d\u00e9veloppant une expertise industrielle transf\u00e9rable vers d&rsquo;autres domaines.<\/p>\n\n\n\n<p>Le secteur agricole n&rsquo;a pas \u00e9t\u00e9 en reste avec l&rsquo;examen de \u00ab\u00a0la campagne de moisson-battage 2025, qui a permis d&rsquo;examiner les conditions de d\u00e9roulement de cette op\u00e9ration au niveau des wilayas du Sud, et les moyens mobilis\u00e9s par les Pouvoirs publics pour en assurer la r\u00e9ussite, ainsi que le suivi des pr\u00e9paratifs en cours pour le lancement de l&rsquo;op\u00e9ration dans les autres wilayas du pays\u00a0\u00bb. Enfin, la dimension internationale de l&rsquo;\u00e9conomie alg\u00e9rienne a \u00e9t\u00e9 abord\u00e9e \u00e0 travers une communication sur \u00ab\u00a0la situation de la certification et de l&rsquo;accr\u00e9ditation, ainsi que sur les perspectives de d\u00e9veloppement du cadre r\u00e9glementaire et op\u00e9rationnel y aff\u00e9rent de mani\u00e8re \u00e0 permettre aux entreprises nationales d&rsquo;am\u00e9liorer leur comp\u00e9titivit\u00e9 et de garantir la conformit\u00e9 de la qualit\u00e9 de leurs produits aux normes internationales\u00a0\u00bb. Cette pr\u00e9occupation s&rsquo;inscrit dans \u00ab\u00a0le cadre des efforts d\u00e9ploy\u00e9s pour le renforcement de la pr\u00e9sence des entreprises nationales sur les march\u00e9s internationaux et la promotion des exportations\u00a0\u00bb, objectif central de la strat\u00e9gie de diversification \u00e9conomique du pays. La certification et l&rsquo;accr\u00e9ditation constituent des pr\u00e9alables indispensables \u00e0 la conqu\u00eate des march\u00e9s ext\u00e9rieurs et \u00e0 la cr\u00e9dibilisation de l&rsquo;offre alg\u00e9rienne face \u00e0 la concurrence internationale.<\/p>\n\n\n\n<p>R.N.<\/p>\n","protected":false},"excerpt":{"rendered":"<p>Le Premier ministre Nadir Larbaoui a pr\u00e9sid\u00e9 mercredi une r\u00e9union gouvernementale d\u00e9di\u00e9e \u00e0 l&rsquo;examen de cinq dossiers majeurs qui dessinent<\/p>\n","protected":false},"author":6,"featured_media":48448,"comment_status":"open","ping_status":"closed","sticky":false,"template":"","format":"standard","meta":{"colormag_page_container_layout":"default_layout","colormag_page_sidebar_layout":"default_layout","om_disable_all_campaigns":false,"_monsterinsights_skip_tracking":false,"_monsterinsights_sitenote_active":false,"_monsterinsights_sitenote_note":"","_monsterinsights_sitenote_category":0,"footnotes":"","_wpscppro_dont_share_socialmedia":false,"_wpscppro_custom_social_share_image":0,"_facebook_share_type":"default","_twitter_share_type":"default","_linkedin_share_type":"default","_pinterest_share_type":"default","_linkedin_share_type_page":"","_instagram_share_type":"default","_medium_share_type":"default","_threads_share_type":"","_google_business_share_type":"","_selected_social_profile":[],"_wpsp_enable_custom_social_template":false,"_wpsp_social_scheduling":{"enabled":false,"datetime":null,"platforms":[],"status":"template_only","dateOption":"today","timeOption":"now","customDays":"","customHours":"","customDate":"","customTime":"","schedulingType":"absolute"},"_wpsp_active_default_template":true},"categories":[27],"tags":[],"class_list":["post-68178","post","type-post","status-publish","format-standard","has-post-thumbnail","hentry","category-actualite"],"aioseo_notices":[],"yoast_head":"<!-- This site is optimized with the Yoast SEO plugin v27.5 - https:\/\/yoast.com\/product\/yoast-seo-wordpress\/ -->\n<title>R\u00e9union du gouvernement : Plusieurs dossiers strat\u00e9giques \u00e0 l&rsquo;ordre du jour - La Sentinelle<\/title>\n<meta name=\"robots\" content=\"index, follow, max-snippet:-1, max-image-preview:large, max-video-preview:-1\" \/>\n<link rel=\"canonical\" href=\"https:\/\/lasentinelle.dz\/index.php\/2025\/05\/28\/reunion-du-gouvernement-plusieurs-dossiers-strategiques-a-lordre-du-jour\/\" \/>\n<meta property=\"og:locale\" content=\"fr_FR\" \/>\n<meta property=\"og:type\" content=\"article\" \/>\n<meta property=\"og:title\" content=\"R\u00e9union du gouvernement : Plusieurs dossiers strat\u00e9giques \u00e0 l&rsquo;ordre du jour - La Sentinelle\" \/>\n<meta property=\"og:description\" content=\"Le Premier ministre Nadir Larbaoui a pr\u00e9sid\u00e9 mercredi une r\u00e9union gouvernementale d\u00e9di\u00e9e \u00e0 l&rsquo;examen de cinq dossiers majeurs qui dessinent\" \/>\n<meta property=\"og:url\" content=\"https:\/\/lasentinelle.dz\/index.php\/2025\/05\/28\/reunion-du-gouvernement-plusieurs-dossiers-strategiques-a-lordre-du-jour\/\" \/>\n<meta property=\"og:site_name\" content=\"La Sentinelle\" \/>\n<meta property=\"article:publisher\" content=\"https:\/\/www.facebook.com\/La-Sentinelle-104059864394773\" \/>\n<meta property=\"article:published_time\" content=\"2025-05-28T21:07:46+00:00\" \/>\n<meta property=\"article:modified_time\" content=\"2025-05-28T21:07:47+00:00\" \/>\n<meta property=\"og:image\" content=\"https:\/\/lasentinelle.dz\/wp-content\/uploads\/2024\/01\/palais-du-Gouvernement.jpeg\" \/>\n\t<meta property=\"og:image:width\" content=\"580\" \/>\n\t<meta property=\"og:image:height\" content=\"350\" \/>\n\t<meta property=\"og:image:type\" content=\"image\/jpeg\" \/>\n<meta name=\"author\" content=\"admin\" \/>\n<meta name=\"twitter:card\" content=\"summary_large_image\" \/>\n<meta name=\"twitter:label1\" content=\"\u00c9crit par\" \/>\n\t<meta name=\"twitter:data1\" content=\"admin\" \/>\n\t<meta name=\"twitter:label2\" content=\"Dur\u00e9e de lecture estim\u00e9e\" \/>\n\t<meta name=\"twitter:data2\" content=\"4 minutes\" \/>\n<script type=\"application\/ld+json\" class=\"yoast-schema-graph\">{\"@context\":\"https:\\\/\\\/schema.org\",\"@graph\":[{\"@type\":\"Article\",\"@id\":\"https:\\\/\\\/lasentinelle.dz\\\/index.php\\\/2025\\\/05\\\/28\\\/reunion-du-gouvernement-plusieurs-dossiers-strategiques-a-lordre-du-jour\\\/#article\",\"isPartOf\":{\"@id\":\"https:\\\/\\\/lasentinelle.dz\\\/index.php\\\/2025\\\/05\\\/28\\\/reunion-du-gouvernement-plusieurs-dossiers-strategiques-a-lordre-du-jour\\\/\"},\"author\":{\"name\":\"admin\",\"@id\":\"https:\\\/\\\/lasentinelle.dz\\\/#\\\/schema\\\/person\\\/729ee0024f24e0b8c5ec17232f8e8b41\"},\"headline\":\"R\u00e9union du gouvernement : Plusieurs dossiers strat\u00e9giques \u00e0 l&rsquo;ordre du jour\",\"datePublished\":\"2025-05-28T21:07:46+00:00\",\"dateModified\":\"2025-05-28T21:07:47+00:00\",\"mainEntityOfPage\":{\"@id\":\"https:\\\/\\\/lasentinelle.dz\\\/index.php\\\/2025\\\/05\\\/28\\\/reunion-du-gouvernement-plusieurs-dossiers-strategiques-a-lordre-du-jour\\\/\"},\"wordCount\":699,\"commentCount\":0,\"publisher\":{\"@id\":\"https:\\\/\\\/lasentinelle.dz\\\/#organization\"},\"image\":{\"@id\":\"https:\\\/\\\/lasentinelle.dz\\\/index.php\\\/2025\\\/05\\\/28\\\/reunion-du-gouvernement-plusieurs-dossiers-strategiques-a-lordre-du-jour\\\/#primaryimage\"},\"thumbnailUrl\":\"https:\\\/\\\/lasentinelle.dz\\\/wp-content\\\/uploads\\\/2024\\\/01\\\/palais-du-Gouvernement.jpeg\",\"articleSection\":[\"Actualit\u00e9\"],\"inLanguage\":\"fr-FR\",\"potentialAction\":[{\"@type\":\"CommentAction\",\"name\":\"Comment\",\"target\":[\"https:\\\/\\\/lasentinelle.dz\\\/index.php\\\/2025\\\/05\\\/28\\\/reunion-du-gouvernement-plusieurs-dossiers-strategiques-a-lordre-du-jour\\\/#respond\"]}]},{\"@type\":\"WebPage\",\"@id\":\"https:\\\/\\\/lasentinelle.dz\\\/index.php\\\/2025\\\/05\\\/28\\\/reunion-du-gouvernement-plusieurs-dossiers-strategiques-a-lordre-du-jour\\\/\",\"url\":\"https:\\\/\\\/lasentinelle.dz\\\/index.php\\\/2025\\\/05\\\/28\\\/reunion-du-gouvernement-plusieurs-dossiers-strategiques-a-lordre-du-jour\\\/\",\"name\":\"R\u00e9union du gouvernement : Plusieurs dossiers strat\u00e9giques \u00e0 l&rsquo;ordre du jour - La Sentinelle\",\"isPartOf\":{\"@id\":\"https:\\\/\\\/lasentinelle.dz\\\/#website\"},\"primaryImageOfPage\":{\"@id\":\"https:\\\/\\\/lasentinelle.dz\\\/index.php\\\/2025\\\/05\\\/28\\\/reunion-du-gouvernement-plusieurs-dossiers-strategiques-a-lordre-du-jour\\\/#primaryimage\"},\"image\":{\"@id\":\"https:\\\/\\\/lasentinelle.dz\\\/index.php\\\/2025\\\/05\\\/28\\\/reunion-du-gouvernement-plusieurs-dossiers-strategiques-a-lordre-du-jour\\\/#primaryimage\"},\"thumbnailUrl\":\"https:\\\/\\\/lasentinelle.dz\\\/wp-content\\\/uploads\\\/2024\\\/01\\\/palais-du-Gouvernement.jpeg\",\"datePublished\":\"2025-05-28T21:07:46+00:00\",\"dateModified\":\"2025-05-28T21:07:47+00:00\",\"breadcrumb\":{\"@id\":\"https:\\\/\\\/lasentinelle.dz\\\/index.php\\\/2025\\\/05\\\/28\\\/reunion-du-gouvernement-plusieurs-dossiers-strategiques-a-lordre-du-jour\\\/#breadcrumb\"},\"inLanguage\":\"fr-FR\",\"potentialAction\":[{\"@type\":\"ReadAction\",\"target\":[\"https:\\\/\\\/lasentinelle.dz\\\/index.php\\\/2025\\\/05\\\/28\\\/reunion-du-gouvernement-plusieurs-dossiers-strategiques-a-lordre-du-jour\\\/\"]}]},{\"@type\":\"ImageObject\",\"inLanguage\":\"fr-FR\",\"@id\":\"https:\\\/\\\/lasentinelle.dz\\\/index.php\\\/2025\\\/05\\\/28\\\/reunion-du-gouvernement-plusieurs-dossiers-strategiques-a-lordre-du-jour\\\/#primaryimage\",\"url\":\"https:\\\/\\\/lasentinelle.dz\\\/wp-content\\\/uploads\\\/2024\\\/01\\\/palais-du-Gouvernement.jpeg\",\"contentUrl\":\"https:\\\/\\\/lasentinelle.dz\\\/wp-content\\\/uploads\\\/2024\\\/01\\\/palais-du-Gouvernement.jpeg\",\"width\":580,\"height\":350},{\"@type\":\"BreadcrumbList\",\"@id\":\"https:\\\/\\\/lasentinelle.dz\\\/index.php\\\/2025\\\/05\\\/28\\\/reunion-du-gouvernement-plusieurs-dossiers-strategiques-a-lordre-du-jour\\\/#breadcrumb\",\"itemListElement\":[{\"@type\":\"ListItem\",\"position\":1,\"name\":\"Accueil\",\"item\":\"https:\\\/\\\/lasentinelle.dz\\\/\"},{\"@type\":\"ListItem\",\"position\":2,\"name\":\"R\u00e9union du gouvernement : Plusieurs dossiers strat\u00e9giques \u00e0 l&rsquo;ordre du jour\"}]},{\"@type\":\"WebSite\",\"@id\":\"https:\\\/\\\/lasentinelle.dz\\\/#website\",\"url\":\"https:\\\/\\\/lasentinelle.dz\\\/\",\"name\":\"La Sentinelle\",\"description\":\"Quotidien national d&#039;information\",\"publisher\":{\"@id\":\"https:\\\/\\\/lasentinelle.dz\\\/#organization\"},\"potentialAction\":[{\"@type\":\"SearchAction\",\"target\":{\"@type\":\"EntryPoint\",\"urlTemplate\":\"https:\\\/\\\/lasentinelle.dz\\\/?s={search_term_string}\"},\"query-input\":{\"@type\":\"PropertyValueSpecification\",\"valueRequired\":true,\"valueName\":\"search_term_string\"}}],\"inLanguage\":\"fr-FR\"},{\"@type\":\"Organization\",\"@id\":\"https:\\\/\\\/lasentinelle.dz\\\/#organization\",\"name\":\"Quotidien La Sentinelle\",\"url\":\"https:\\\/\\\/lasentinelle.dz\\\/\",\"logo\":{\"@type\":\"ImageObject\",\"inLanguage\":\"fr-FR\",\"@id\":\"https:\\\/\\\/lasentinelle.dz\\\/#\\\/schema\\\/logo\\\/image\\\/\",\"url\":\"https:\\\/\\\/lasentinelle.dz\\\/wp-content\\\/uploads\\\/2021\\\/09\\\/logo-sentinelleSLOGAN-1.png\",\"contentUrl\":\"https:\\\/\\\/lasentinelle.dz\\\/wp-content\\\/uploads\\\/2021\\\/09\\\/logo-sentinelleSLOGAN-1.png\",\"width\":615,\"height\":142,\"caption\":\"Quotidien La Sentinelle\"},\"image\":{\"@id\":\"https:\\\/\\\/lasentinelle.dz\\\/#\\\/schema\\\/logo\\\/image\\\/\"},\"sameAs\":[\"https:\\\/\\\/www.facebook.com\\\/La-Sentinelle-104059864394773\"]},{\"@type\":\"Person\",\"@id\":\"https:\\\/\\\/lasentinelle.dz\\\/#\\\/schema\\\/person\\\/729ee0024f24e0b8c5ec17232f8e8b41\",\"name\":\"admin\",\"image\":{\"@type\":\"ImageObject\",\"inLanguage\":\"fr-FR\",\"@id\":\"https:\\\/\\\/secure.gravatar.com\\\/avatar\\\/4c81fed838786e9b53f540bf46533e750f5d292099ae3b66cfc6fb1982e29df7?s=96&d=mm&r=g\",\"url\":\"https:\\\/\\\/secure.gravatar.com\\\/avatar\\\/4c81fed838786e9b53f540bf46533e750f5d292099ae3b66cfc6fb1982e29df7?s=96&d=mm&r=g\",\"contentUrl\":\"https:\\\/\\\/secure.gravatar.com\\\/avatar\\\/4c81fed838786e9b53f540bf46533e750f5d292099ae3b66cfc6fb1982e29df7?s=96&d=mm&r=g\",\"caption\":\"admin\"},\"description\":\"admin\",\"url\":\"https:\\\/\\\/lasentinelle.dz\\\/author\\\/admin\\\/\"}]}<\/script>\n<!-- \/ Yoast SEO plugin. -->","yoast_head_json":{"title":"R\u00e9union du gouvernement : Plusieurs dossiers strat\u00e9giques \u00e0 l&rsquo;ordre du jour - La Sentinelle","robots":{"index":"index","follow":"follow","max-snippet":"max-snippet:-1","max-image-preview":"max-image-preview:large","max-video-preview":"max-video-preview:-1"},"canonical":"https:\/\/lasentinelle.dz\/index.php\/2025\/05\/28\/reunion-du-gouvernement-plusieurs-dossiers-strategiques-a-lordre-du-jour\/","og_locale":"fr_FR","og_type":"article","og_title":"R\u00e9union du gouvernement : Plusieurs dossiers strat\u00e9giques \u00e0 l&rsquo;ordre du jour - La Sentinelle","og_description":"Le Premier ministre Nadir Larbaoui a pr\u00e9sid\u00e9 mercredi une r\u00e9union gouvernementale d\u00e9di\u00e9e \u00e0 l&rsquo;examen de cinq dossiers majeurs qui dessinent","og_url":"https:\/\/lasentinelle.dz\/index.php\/2025\/05\/28\/reunion-du-gouvernement-plusieurs-dossiers-strategiques-a-lordre-du-jour\/","og_site_name":"La Sentinelle","article_publisher":"https:\/\/www.facebook.com\/La-Sentinelle-104059864394773","article_published_time":"2025-05-28T21:07:46+00:00","article_modified_time":"2025-05-28T21:07:47+00:00","og_image":[{"width":580,"height":350,"url":"https:\/\/lasentinelle.dz\/wp-content\/uploads\/2024\/01\/palais-du-Gouvernement.jpeg","type":"image\/jpeg"}],"author":"admin","twitter_card":"summary_large_image","twitter_misc":{"\u00c9crit par":"admin","Dur\u00e9e de lecture estim\u00e9e":"4 minutes"},"schema":{"@context":"https:\/\/schema.org","@graph":[{"@type":"Article","@id":"https:\/\/lasentinelle.dz\/index.php\/2025\/05\/28\/reunion-du-gouvernement-plusieurs-dossiers-strategiques-a-lordre-du-jour\/#article","isPartOf":{"@id":"https:\/\/lasentinelle.dz\/index.php\/2025\/05\/28\/reunion-du-gouvernement-plusieurs-dossiers-strategiques-a-lordre-du-jour\/"},"author":{"name":"admin","@id":"https:\/\/lasentinelle.dz\/#\/schema\/person\/729ee0024f24e0b8c5ec17232f8e8b41"},"headline":"R\u00e9union du gouvernement : Plusieurs dossiers strat\u00e9giques \u00e0 l&rsquo;ordre du jour","datePublished":"2025-05-28T21:07:46+00:00","dateModified":"2025-05-28T21:07:47+00:00","mainEntityOfPage":{"@id":"https:\/\/lasentinelle.dz\/index.php\/2025\/05\/28\/reunion-du-gouvernement-plusieurs-dossiers-strategiques-a-lordre-du-jour\/"},"wordCount":699,"commentCount":0,"publisher":{"@id":"https:\/\/lasentinelle.dz\/#organization"},"image":{"@id":"https:\/\/lasentinelle.dz\/index.php\/2025\/05\/28\/reunion-du-gouvernement-plusieurs-dossiers-strategiques-a-lordre-du-jour\/#primaryimage"},"thumbnailUrl":"https:\/\/lasentinelle.dz\/wp-content\/uploads\/2024\/01\/palais-du-Gouvernement.jpeg","articleSection":["Actualit\u00e9"],"inLanguage":"fr-FR","potentialAction":[{"@type":"CommentAction","name":"Comment","target":["https:\/\/lasentinelle.dz\/index.php\/2025\/05\/28\/reunion-du-gouvernement-plusieurs-dossiers-strategiques-a-lordre-du-jour\/#respond"]}]},{"@type":"WebPage","@id":"https:\/\/lasentinelle.dz\/index.php\/2025\/05\/28\/reunion-du-gouvernement-plusieurs-dossiers-strategiques-a-lordre-du-jour\/","url":"https:\/\/lasentinelle.dz\/index.php\/2025\/05\/28\/reunion-du-gouvernement-plusieurs-dossiers-strategiques-a-lordre-du-jour\/","name":"R\u00e9union du gouvernement : Plusieurs dossiers strat\u00e9giques \u00e0 l&rsquo;ordre du jour - La Sentinelle","isPartOf":{"@id":"https:\/\/lasentinelle.dz\/#website"},"primaryImageOfPage":{"@id":"https:\/\/lasentinelle.dz\/index.php\/2025\/05\/28\/reunion-du-gouvernement-plusieurs-dossiers-strategiques-a-lordre-du-jour\/#primaryimage"},"image":{"@id":"https:\/\/lasentinelle.dz\/index.php\/2025\/05\/28\/reunion-du-gouvernement-plusieurs-dossiers-strategiques-a-lordre-du-jour\/#primaryimage"},"thumbnailUrl":"https:\/\/lasentinelle.dz\/wp-content\/uploads\/2024\/01\/palais-du-Gouvernement.jpeg","datePublished":"2025-05-28T21:07:46+00:00","dateModified":"2025-05-28T21:07:47+00:00","breadcrumb":{"@id":"https:\/\/lasentinelle.dz\/index.php\/2025\/05\/28\/reunion-du-gouvernement-plusieurs-dossiers-strategiques-a-lordre-du-jour\/#breadcrumb"},"inLanguage":"fr-FR","potentialAction":[{"@type":"ReadAction","target":["https:\/\/lasentinelle.dz\/index.php\/2025\/05\/28\/reunion-du-gouvernement-plusieurs-dossiers-strategiques-a-lordre-du-jour\/"]}]},{"@type":"ImageObject","inLanguage":"fr-FR","@id":"https:\/\/lasentinelle.dz\/index.php\/2025\/05\/28\/reunion-du-gouvernement-plusieurs-dossiers-strategiques-a-lordre-du-jour\/#primaryimage","url":"https:\/\/lasentinelle.dz\/wp-content\/uploads\/2024\/01\/palais-du-Gouvernement.jpeg","contentUrl":"https:\/\/lasentinelle.dz\/wp-content\/uploads\/2024\/01\/palais-du-Gouvernement.jpeg","width":580,"height":350},{"@type":"BreadcrumbList","@id":"https:\/\/lasentinelle.dz\/index.php\/2025\/05\/28\/reunion-du-gouvernement-plusieurs-dossiers-strategiques-a-lordre-du-jour\/#breadcrumb","itemListElement":[{"@type":"ListItem","position":1,"name":"Accueil","item":"https:\/\/lasentinelle.dz\/"},{"@type":"ListItem","position":2,"name":"R\u00e9union du gouvernement : Plusieurs dossiers strat\u00e9giques \u00e0 l&rsquo;ordre du jour"}]},{"@type":"WebSite","@id":"https:\/\/lasentinelle.dz\/#website","url":"https:\/\/lasentinelle.dz\/","name":"La Sentinelle","description":"Quotidien national d&#039;information","publisher":{"@id":"https:\/\/lasentinelle.dz\/#organization"},"potentialAction":[{"@type":"SearchAction","target":{"@type":"EntryPoint","urlTemplate":"https:\/\/lasentinelle.dz\/?s={search_term_string}"},"query-input":{"@type":"PropertyValueSpecification","valueRequired":true,"valueName":"search_term_string"}}],"inLanguage":"fr-FR"},{"@type":"Organization","@id":"https:\/\/lasentinelle.dz\/#organization","name":"Quotidien La Sentinelle","url":"https:\/\/lasentinelle.dz\/","logo":{"@type":"ImageObject","inLanguage":"fr-FR","@id":"https:\/\/lasentinelle.dz\/#\/schema\/logo\/image\/","url":"https:\/\/lasentinelle.dz\/wp-content\/uploads\/2021\/09\/logo-sentinelleSLOGAN-1.png","contentUrl":"https:\/\/lasentinelle.dz\/wp-content\/uploads\/2021\/09\/logo-sentinelleSLOGAN-1.png","width":615,"height":142,"caption":"Quotidien La Sentinelle"},"image":{"@id":"https:\/\/lasentinelle.dz\/#\/schema\/logo\/image\/"},"sameAs":["https:\/\/www.facebook.com\/La-Sentinelle-104059864394773"]},{"@type":"Person","@id":"https:\/\/lasentinelle.dz\/#\/schema\/person\/729ee0024f24e0b8c5ec17232f8e8b41","name":"admin","image":{"@type":"ImageObject","inLanguage":"fr-FR","@id":"https:\/\/secure.gravatar.com\/avatar\/4c81fed838786e9b53f540bf46533e750f5d292099ae3b66cfc6fb1982e29df7?s=96&d=mm&r=g","url":"https:\/\/secure.gravatar.com\/avatar\/4c81fed838786e9b53f540bf46533e750f5d292099ae3b66cfc6fb1982e29df7?s=96&d=mm&r=g","contentUrl":"https:\/\/secure.gravatar.com\/avatar\/4c81fed838786e9b53f540bf46533e750f5d292099ae3b66cfc6fb1982e29df7?s=96&d=mm&r=g","caption":"admin"},"description":"admin","url":"https:\/\/lasentinelle.dz\/author\/admin\/"}]}},"_links":{"self":[{"href":"https:\/\/lasentinelle.dz\/index.php\/wp-json\/wp\/v2\/posts\/68178","targetHints":{"allow":["GET"]}}],"collection":[{"href":"https:\/\/lasentinelle.dz\/index.php\/wp-json\/wp\/v2\/posts"}],"about":[{"href":"https:\/\/lasentinelle.dz\/index.php\/wp-json\/wp\/v2\/types\/post"}],"author":[{"embeddable":true,"href":"https:\/\/lasentinelle.dz\/index.php\/wp-json\/wp\/v2\/users\/6"}],"replies":[{"embeddable":true,"href":"https:\/\/lasentinelle.dz\/index.php\/wp-json\/wp\/v2\/comments?post=68178"}],"version-history":[{"count":2,"href":"https:\/\/lasentinelle.dz\/index.php\/wp-json\/wp\/v2\/posts\/68178\/revisions"}],"predecessor-version":[{"id":68180,"href":"https:\/\/lasentinelle.dz\/index.php\/wp-json\/wp\/v2\/posts\/68178\/revisions\/68180"}],"wp:featuredmedia":[{"embeddable":true,"href":"https:\/\/lasentinelle.dz\/index.php\/wp-json\/wp\/v2\/media\/48448"}],"wp:attachment":[{"href":"https:\/\/lasentinelle.dz\/index.php\/wp-json\/wp\/v2\/media?parent=68178"}],"wp:term":[{"taxonomy":"category","embeddable":true,"href":"https:\/\/lasentinelle.dz\/index.php\/wp-json\/wp\/v2\/categories?post=68178"},{"taxonomy":"post_tag","embeddable":true,"href":"https:\/\/lasentinelle.dz\/index.php\/wp-json\/wp\/v2\/tags?post=68178"}],"curies":[{"name":"wp","href":"https:\/\/api.w.org\/{rel}","templated":true}]}}