{"id":68181,"date":"2025-05-28T22:15:14","date_gmt":"2025-05-28T21:15:14","guid":{"rendered":"https:\/\/lasentinelle.dz\/?p=68181"},"modified":"2025-05-28T22:15:30","modified_gmt":"2025-05-28T21:15:30","slug":"lutte-contre-la-triche-au-bac-et-au-bem-la-justice-musc-le-son-dispositif","status":"publish","type":"post","link":"https:\/\/lasentinelle.dz\/index.php\/2025\/05\/28\/lutte-contre-la-triche-au-bac-et-au-bem-la-justice-musc-le-son-dispositif\/","title":{"rendered":"Lutte contre la triche au BAC et au BEM: La Justice musc le son dispositif !"},"content":{"rendered":"\n<p>Face \u00e0 l&rsquo;ampleur que prend le recours aux nouvelles technologies de fraude lors des examens de fin d&rsquo;ann\u00e9e, la justice annonce un durcissement sans pr\u00e9c\u00e9dent de son arsenal r\u00e9pressif pour pr\u00e9server l&rsquo;int\u00e9grit\u00e9 du baccalaur\u00e9at et du brevet d&rsquo;enseignement moyen. Cette offensive r\u00e9v\u00e8le l&rsquo;ampleur du d\u00e9fi pos\u00e9 par la digitalisation des m\u00e9thodes de triche et la n\u00e9cessit\u00e9 d&rsquo;adapter les r\u00e9ponses institutionnelles \u00e0 cette mutation technologique.<\/p>\n\n\n\n<p>Le procureur g\u00e9n\u00e9ral pr\u00e8s la cour d&rsquo;Alger, Mohamed El Kamel Ben Boudiaf, a dress\u00e9 mercredi lors d&rsquo;une journ\u00e9e d&rsquo;\u00e9tude organis\u00e9e au si\u00e8ge de la cour d&rsquo;Alger, un constat alarmant de l&rsquo;\u00e9volution des pratiques frauduleuses, soulignant que \u00ab\u00a0les nouvelles m\u00e9thodes de fraude aux examens, apparues avec les avanc\u00e9es technologiques, allant de l&rsquo;usage d&rsquo;appareils \u00e9lectroniques \u00e0 la manipulation de plateformes num\u00e9riques et \u00e0 la fuite de sujets via les r\u00e9seaux sociaux, exigent le renforcement des cadres juridiques pour y faire face\u00a0\u00bb. Un constat qui r\u00e9v\u00e8le la sophistication croissante des techniques employ\u00e9es par les fraudeurs, qui exploitent d\u00e9sormais l&rsquo;ensemble de l&rsquo;\u00e9cosyst\u00e8me num\u00e9rique pour contourner les dispositifs de surveillance traditionnels. L&rsquo;utilisation d&rsquo;objets connect\u00e9s miniaturis\u00e9s, la coordination via les messageries instantan\u00e9es et la diffusion virale des sujets d&rsquo;examens sur les plateformes sociales constituent autant de d\u00e9fis in\u00e9dits pour les autorit\u00e9s \u00e9ducatives et judiciaires.<\/p>\n\n\n\n<p>La riposte annonc\u00e9e s&rsquo;articule autour d&rsquo;une approche multidimensionnelle combinant modernisation technologique et renforcement des capacit\u00e9s humaines. Ben Boudiaf a insist\u00e9 sur l&rsquo;importance de \u00ab\u00a0la coop\u00e9ration entre les instances judiciaires, \u00e9ducatives et s\u00e9curitaires dans un cadre global et int\u00e9gr\u00e9\u00a0\u00bb, marquant une rupture avec les approches sectorielles ant\u00e9rieures. Cette coordination renforc\u00e9e vise \u00e0 cr\u00e9er une synergie op\u00e9rationnelle entre tous les acteurs impliqu\u00e9s dans la s\u00e9curisation des examens, depuis la conception des sujets jusqu&rsquo;\u00e0 leur correction, en passant par leur stockage et leur acheminement vers les centres d&rsquo;examen. Le magistrat a \u00e9galement appel\u00e9 \u00e0 \u00ab\u00a0renforcer les comp\u00e9tences des cadres judiciaires et s\u00e9curitaires \u00e0 travers des programmes de formation sp\u00e9cialis\u00e9s, leur permettant de faire face aux nouvelles m\u00e9thodes de ces infractions\u00a0\u00bb, reconnaissant ainsi la n\u00e9cessit\u00e9 d&rsquo;une mont\u00e9e en comp\u00e9tences pour appr\u00e9hender la dimension technique de ces nouvelles formes de criminalit\u00e9.<\/p>\n\n\n\n<p>L&rsquo;arsenal juridique alg\u00e9rien a d\u00e9j\u00e0 \u00e9t\u00e9 adapt\u00e9 pour r\u00e9pondre \u00e0 ces \u00e9volutions, comme l&rsquo;a rappel\u00e9 le procureur de la R\u00e9publique adjoint pr\u00e8s le tribunal de Sidi M&rsquo;hamed, Ouada Tourki, pr\u00e9cisant que \u00ab\u00a0le l\u00e9gislateur alg\u00e9rien a modifi\u00e9, en 2020, le code p\u00e9nal, afin d&rsquo;y introduire des dispositions p\u00e9nales relatives \u00e0 la publication et \u00e0 la fuite des sujets d&rsquo;examens et de concours\u00a0\u00bb. Cette r\u00e9vision l\u00e9gislative t\u00e9moigne de la volont\u00e9 des pouvoirs publics de criminaliser sp\u00e9cifiquement les nouvelles formes de fraude li\u00e9es au num\u00e9rique, comblant ainsi un vide juridique qui permettait aux fraudeurs d&rsquo;\u00e9chapper aux poursuites. Ces dispositions renforcent significativement les moyens d&rsquo;action du parquet dans la lutte contre les r\u00e9seaux organis\u00e9s de triche et les individus qui exploitent les failles technologiques du syst\u00e8me d&rsquo;examen. Du c\u00f4t\u00e9 \u00e9ducatif, le repr\u00e9sentant de la direction de l&rsquo;\u00e9ducation Alger-Centre, Samir Saadi, a r\u00e9v\u00e9l\u00e9 que \u00ab\u00a0le minist\u00e8re de l&rsquo;Education a mis en place un arsenal de mesures pr\u00e9ventives et dissuasives avec l&rsquo;implication de plusieurs corps de s\u00e9curit\u00e9 ainsi que des partenaires juridiques pour faire partie int\u00e9grante de ces mesures\u00a0\u00bb. Cette approche pr\u00e9ventive compl\u00e8te le volet r\u00e9pressif en agissant en amont pour d\u00e9courager les tentatives de fraude et renforcer la culture de l&rsquo;int\u00e9grit\u00e9 acad\u00e9mique.<\/p>\n\n\n\n<p>Les recommandations adopt\u00e9es \u00e0 l&rsquo;issue de cette journ\u00e9e d&rsquo;\u00e9tude dessinent les contours d&rsquo;une strat\u00e9gie technologique ambitieuse. Les participants ont pr\u00e9conis\u00e9 \u00ab\u00a0la n\u00e9cessit\u00e9 de doter les centres d&rsquo;examens et de concours de dispositifs \u00e9lectroniques de d\u00e9tection de la triche\u00a0\u00bb et de \u00ab\u00a0fournir des syst\u00e8mes de brouillage des communications\u00a0\u00bb, transformant ainsi les centres d&rsquo;examen en v\u00e9ritables forteresses technologiques. Cette modernisation s&rsquo;accompagne d&rsquo;une exhortation aux \u00ab\u00a0\u00e9tablissements du secteur de l&rsquo;enseignement sup\u00e9rieur et de l&rsquo;\u00e9ducation nationale \u00e0 adopter une strat\u00e9gie globale de lutte contre la triche\u00a0\u00bb, \u00e9tendant la d\u00e9marche \u00e0 l&rsquo;ensemble du syst\u00e8me \u00e9ducatif alg\u00e9rien.<\/p>\n\n\n\n<p>La dimension \u00e9thique et religieuse n&rsquo;a pas \u00e9t\u00e9 n\u00e9glig\u00e9e dans cette approche globale, les participants recommandant \u00ab\u00a0d&rsquo;impliquer les mosqu\u00e9es dans l&rsquo;organisation de s\u00e9minaires religieux pour expliquer que la triche est contraire aux principes de notre religion\u00a0\u00bb.<\/p>\n\n\n\n<p>Chokri Hafed<\/p>\n","protected":false},"excerpt":{"rendered":"<p>Face \u00e0 l&rsquo;ampleur que prend le recours aux nouvelles technologies de fraude lors des examens de fin d&rsquo;ann\u00e9e, la justice<\/p>\n","protected":false},"author":6,"featured_media":68183,"comment_status":"open","ping_status":"closed","sticky":false,"template":"","format":"standard","meta":{"colormag_page_container_layout":"default_layout","colormag_page_sidebar_layout":"default_layout","om_disable_all_campaigns":false,"_monsterinsights_skip_tracking":false,"_monsterinsights_sitenote_active":false,"_monsterinsights_sitenote_note":"","_monsterinsights_sitenote_category":0,"footnotes":"","_wpscppro_dont_share_socialmedia":false,"_wpscppro_custom_social_share_image":0,"_facebook_share_type":"default","_twitter_share_type":"default","_linkedin_share_type":"default","_pinterest_share_type":"default","_linkedin_share_type_page":"","_instagram_share_type":"default","_medium_share_type":"default","_threads_share_type":"","_google_business_share_type":"","_selected_social_profile":[],"_wpsp_enable_custom_social_template":false,"_wpsp_social_scheduling":{"enabled":false,"datetime":null,"platforms":[],"status":"template_only","dateOption":"today","timeOption":"now","customDays":"","customHours":"","customDate":"","customTime":"","schedulingType":"absolute"},"_wpsp_active_default_template":true},"categories":[52,27],"tags":[],"class_list":["post-68181","post","type-post","status-publish","format-standard","has-post-thumbnail","hentry","category-a-la-une","category-actualite"],"aioseo_notices":[],"yoast_head":"<!-- This site is optimized with the Yoast SEO plugin v27.5 - https:\/\/yoast.com\/product\/yoast-seo-wordpress\/ -->\n<title>Lutte contre la triche au BAC et au BEM: La Justice musc le son dispositif ! - La Sentinelle<\/title>\n<meta name=\"robots\" content=\"index, follow, max-snippet:-1, max-image-preview:large, max-video-preview:-1\" \/>\n<link rel=\"canonical\" href=\"https:\/\/lasentinelle.dz\/index.php\/2025\/05\/28\/lutte-contre-la-triche-au-bac-et-au-bem-la-justice-musc-le-son-dispositif\/\" \/>\n<meta property=\"og:locale\" content=\"fr_FR\" \/>\n<meta property=\"og:type\" content=\"article\" \/>\n<meta property=\"og:title\" content=\"Lutte contre la triche au BAC et au BEM: La Justice musc le son dispositif ! - La Sentinelle\" \/>\n<meta property=\"og:description\" content=\"Face \u00e0 l&rsquo;ampleur que prend le recours aux nouvelles technologies de fraude lors des examens de fin d&rsquo;ann\u00e9e, la justice\" \/>\n<meta property=\"og:url\" content=\"https:\/\/lasentinelle.dz\/index.php\/2025\/05\/28\/lutte-contre-la-triche-au-bac-et-au-bem-la-justice-musc-le-son-dispositif\/\" \/>\n<meta property=\"og:site_name\" content=\"La Sentinelle\" \/>\n<meta property=\"article:publisher\" content=\"https:\/\/www.facebook.com\/La-Sentinelle-104059864394773\" \/>\n<meta property=\"article:published_time\" content=\"2025-05-28T21:15:14+00:00\" \/>\n<meta property=\"article:modified_time\" content=\"2025-05-28T21:15:30+00:00\" \/>\n<meta property=\"og:image\" content=\"https:\/\/lasentinelle.dz\/wp-content\/uploads\/2025\/05\/bac.jpg\" \/>\n\t<meta property=\"og:image:width\" content=\"567\" \/>\n\t<meta property=\"og:image:height\" content=\"294\" \/>\n\t<meta property=\"og:image:type\" content=\"image\/jpeg\" \/>\n<meta name=\"author\" content=\"admin\" \/>\n<meta name=\"twitter:card\" content=\"summary_large_image\" \/>\n<meta name=\"twitter:label1\" content=\"\u00c9crit par\" \/>\n\t<meta name=\"twitter:data1\" content=\"admin\" \/>\n\t<meta name=\"twitter:label2\" content=\"Dur\u00e9e de lecture estim\u00e9e\" \/>\n\t<meta name=\"twitter:data2\" content=\"4 minutes\" \/>\n<script type=\"application\/ld+json\" class=\"yoast-schema-graph\">{\"@context\":\"https:\\\/\\\/schema.org\",\"@graph\":[{\"@type\":\"Article\",\"@id\":\"https:\\\/\\\/lasentinelle.dz\\\/index.php\\\/2025\\\/05\\\/28\\\/lutte-contre-la-triche-au-bac-et-au-bem-la-justice-musc-le-son-dispositif\\\/#article\",\"isPartOf\":{\"@id\":\"https:\\\/\\\/lasentinelle.dz\\\/index.php\\\/2025\\\/05\\\/28\\\/lutte-contre-la-triche-au-bac-et-au-bem-la-justice-musc-le-son-dispositif\\\/\"},\"author\":{\"name\":\"admin\",\"@id\":\"https:\\\/\\\/lasentinelle.dz\\\/#\\\/schema\\\/person\\\/729ee0024f24e0b8c5ec17232f8e8b41\"},\"headline\":\"Lutte contre la triche au BAC et au BEM: La Justice musc le son dispositif !\",\"datePublished\":\"2025-05-28T21:15:14+00:00\",\"dateModified\":\"2025-05-28T21:15:30+00:00\",\"mainEntityOfPage\":{\"@id\":\"https:\\\/\\\/lasentinelle.dz\\\/index.php\\\/2025\\\/05\\\/28\\\/lutte-contre-la-triche-au-bac-et-au-bem-la-justice-musc-le-son-dispositif\\\/\"},\"wordCount\":818,\"commentCount\":0,\"publisher\":{\"@id\":\"https:\\\/\\\/lasentinelle.dz\\\/#organization\"},\"image\":{\"@id\":\"https:\\\/\\\/lasentinelle.dz\\\/index.php\\\/2025\\\/05\\\/28\\\/lutte-contre-la-triche-au-bac-et-au-bem-la-justice-musc-le-son-dispositif\\\/#primaryimage\"},\"thumbnailUrl\":\"https:\\\/\\\/lasentinelle.dz\\\/wp-content\\\/uploads\\\/2025\\\/05\\\/bac.jpg\",\"articleSection\":[\"\u00c0 la Une\",\"Actualit\u00e9\"],\"inLanguage\":\"fr-FR\",\"potentialAction\":[{\"@type\":\"CommentAction\",\"name\":\"Comment\",\"target\":[\"https:\\\/\\\/lasentinelle.dz\\\/index.php\\\/2025\\\/05\\\/28\\\/lutte-contre-la-triche-au-bac-et-au-bem-la-justice-musc-le-son-dispositif\\\/#respond\"]}]},{\"@type\":\"WebPage\",\"@id\":\"https:\\\/\\\/lasentinelle.dz\\\/index.php\\\/2025\\\/05\\\/28\\\/lutte-contre-la-triche-au-bac-et-au-bem-la-justice-musc-le-son-dispositif\\\/\",\"url\":\"https:\\\/\\\/lasentinelle.dz\\\/index.php\\\/2025\\\/05\\\/28\\\/lutte-contre-la-triche-au-bac-et-au-bem-la-justice-musc-le-son-dispositif\\\/\",\"name\":\"Lutte contre la triche au BAC et au BEM: La Justice musc le son dispositif ! - La Sentinelle\",\"isPartOf\":{\"@id\":\"https:\\\/\\\/lasentinelle.dz\\\/#website\"},\"primaryImageOfPage\":{\"@id\":\"https:\\\/\\\/lasentinelle.dz\\\/index.php\\\/2025\\\/05\\\/28\\\/lutte-contre-la-triche-au-bac-et-au-bem-la-justice-musc-le-son-dispositif\\\/#primaryimage\"},\"image\":{\"@id\":\"https:\\\/\\\/lasentinelle.dz\\\/index.php\\\/2025\\\/05\\\/28\\\/lutte-contre-la-triche-au-bac-et-au-bem-la-justice-musc-le-son-dispositif\\\/#primaryimage\"},\"thumbnailUrl\":\"https:\\\/\\\/lasentinelle.dz\\\/wp-content\\\/uploads\\\/2025\\\/05\\\/bac.jpg\",\"datePublished\":\"2025-05-28T21:15:14+00:00\",\"dateModified\":\"2025-05-28T21:15:30+00:00\",\"breadcrumb\":{\"@id\":\"https:\\\/\\\/lasentinelle.dz\\\/index.php\\\/2025\\\/05\\\/28\\\/lutte-contre-la-triche-au-bac-et-au-bem-la-justice-musc-le-son-dispositif\\\/#breadcrumb\"},\"inLanguage\":\"fr-FR\",\"potentialAction\":[{\"@type\":\"ReadAction\",\"target\":[\"https:\\\/\\\/lasentinelle.dz\\\/index.php\\\/2025\\\/05\\\/28\\\/lutte-contre-la-triche-au-bac-et-au-bem-la-justice-musc-le-son-dispositif\\\/\"]}]},{\"@type\":\"ImageObject\",\"inLanguage\":\"fr-FR\",\"@id\":\"https:\\\/\\\/lasentinelle.dz\\\/index.php\\\/2025\\\/05\\\/28\\\/lutte-contre-la-triche-au-bac-et-au-bem-la-justice-musc-le-son-dispositif\\\/#primaryimage\",\"url\":\"https:\\\/\\\/lasentinelle.dz\\\/wp-content\\\/uploads\\\/2025\\\/05\\\/bac.jpg\",\"contentUrl\":\"https:\\\/\\\/lasentinelle.dz\\\/wp-content\\\/uploads\\\/2025\\\/05\\\/bac.jpg\",\"width\":567,\"height\":294},{\"@type\":\"BreadcrumbList\",\"@id\":\"https:\\\/\\\/lasentinelle.dz\\\/index.php\\\/2025\\\/05\\\/28\\\/lutte-contre-la-triche-au-bac-et-au-bem-la-justice-musc-le-son-dispositif\\\/#breadcrumb\",\"itemListElement\":[{\"@type\":\"ListItem\",\"position\":1,\"name\":\"Accueil\",\"item\":\"https:\\\/\\\/lasentinelle.dz\\\/\"},{\"@type\":\"ListItem\",\"position\":2,\"name\":\"Lutte contre la triche au BAC et au BEM: La Justice musc le son dispositif !\"}]},{\"@type\":\"WebSite\",\"@id\":\"https:\\\/\\\/lasentinelle.dz\\\/#website\",\"url\":\"https:\\\/\\\/lasentinelle.dz\\\/\",\"name\":\"La Sentinelle\",\"description\":\"Quotidien national d&#039;information\",\"publisher\":{\"@id\":\"https:\\\/\\\/lasentinelle.dz\\\/#organization\"},\"potentialAction\":[{\"@type\":\"SearchAction\",\"target\":{\"@type\":\"EntryPoint\",\"urlTemplate\":\"https:\\\/\\\/lasentinelle.dz\\\/?s={search_term_string}\"},\"query-input\":{\"@type\":\"PropertyValueSpecification\",\"valueRequired\":true,\"valueName\":\"search_term_string\"}}],\"inLanguage\":\"fr-FR\"},{\"@type\":\"Organization\",\"@id\":\"https:\\\/\\\/lasentinelle.dz\\\/#organization\",\"name\":\"Quotidien La Sentinelle\",\"url\":\"https:\\\/\\\/lasentinelle.dz\\\/\",\"logo\":{\"@type\":\"ImageObject\",\"inLanguage\":\"fr-FR\",\"@id\":\"https:\\\/\\\/lasentinelle.dz\\\/#\\\/schema\\\/logo\\\/image\\\/\",\"url\":\"https:\\\/\\\/lasentinelle.dz\\\/wp-content\\\/uploads\\\/2021\\\/09\\\/logo-sentinelleSLOGAN-1.png\",\"contentUrl\":\"https:\\\/\\\/lasentinelle.dz\\\/wp-content\\\/uploads\\\/2021\\\/09\\\/logo-sentinelleSLOGAN-1.png\",\"width\":615,\"height\":142,\"caption\":\"Quotidien La Sentinelle\"},\"image\":{\"@id\":\"https:\\\/\\\/lasentinelle.dz\\\/#\\\/schema\\\/logo\\\/image\\\/\"},\"sameAs\":[\"https:\\\/\\\/www.facebook.com\\\/La-Sentinelle-104059864394773\"]},{\"@type\":\"Person\",\"@id\":\"https:\\\/\\\/lasentinelle.dz\\\/#\\\/schema\\\/person\\\/729ee0024f24e0b8c5ec17232f8e8b41\",\"name\":\"admin\",\"image\":{\"@type\":\"ImageObject\",\"inLanguage\":\"fr-FR\",\"@id\":\"https:\\\/\\\/secure.gravatar.com\\\/avatar\\\/4c81fed838786e9b53f540bf46533e750f5d292099ae3b66cfc6fb1982e29df7?s=96&d=mm&r=g\",\"url\":\"https:\\\/\\\/secure.gravatar.com\\\/avatar\\\/4c81fed838786e9b53f540bf46533e750f5d292099ae3b66cfc6fb1982e29df7?s=96&d=mm&r=g\",\"contentUrl\":\"https:\\\/\\\/secure.gravatar.com\\\/avatar\\\/4c81fed838786e9b53f540bf46533e750f5d292099ae3b66cfc6fb1982e29df7?s=96&d=mm&r=g\",\"caption\":\"admin\"},\"description\":\"admin\",\"url\":\"https:\\\/\\\/lasentinelle.dz\\\/author\\\/admin\\\/\"}]}<\/script>\n<!-- \/ Yoast SEO plugin. -->","yoast_head_json":{"title":"Lutte contre la triche au BAC et au BEM: La Justice musc le son dispositif ! - La Sentinelle","robots":{"index":"index","follow":"follow","max-snippet":"max-snippet:-1","max-image-preview":"max-image-preview:large","max-video-preview":"max-video-preview:-1"},"canonical":"https:\/\/lasentinelle.dz\/index.php\/2025\/05\/28\/lutte-contre-la-triche-au-bac-et-au-bem-la-justice-musc-le-son-dispositif\/","og_locale":"fr_FR","og_type":"article","og_title":"Lutte contre la triche au BAC et au BEM: La Justice musc le son dispositif ! - La Sentinelle","og_description":"Face \u00e0 l&rsquo;ampleur que prend le recours aux nouvelles technologies de fraude lors des examens de fin d&rsquo;ann\u00e9e, la justice","og_url":"https:\/\/lasentinelle.dz\/index.php\/2025\/05\/28\/lutte-contre-la-triche-au-bac-et-au-bem-la-justice-musc-le-son-dispositif\/","og_site_name":"La Sentinelle","article_publisher":"https:\/\/www.facebook.com\/La-Sentinelle-104059864394773","article_published_time":"2025-05-28T21:15:14+00:00","article_modified_time":"2025-05-28T21:15:30+00:00","og_image":[{"width":567,"height":294,"url":"https:\/\/lasentinelle.dz\/wp-content\/uploads\/2025\/05\/bac.jpg","type":"image\/jpeg"}],"author":"admin","twitter_card":"summary_large_image","twitter_misc":{"\u00c9crit par":"admin","Dur\u00e9e de lecture estim\u00e9e":"4 minutes"},"schema":{"@context":"https:\/\/schema.org","@graph":[{"@type":"Article","@id":"https:\/\/lasentinelle.dz\/index.php\/2025\/05\/28\/lutte-contre-la-triche-au-bac-et-au-bem-la-justice-musc-le-son-dispositif\/#article","isPartOf":{"@id":"https:\/\/lasentinelle.dz\/index.php\/2025\/05\/28\/lutte-contre-la-triche-au-bac-et-au-bem-la-justice-musc-le-son-dispositif\/"},"author":{"name":"admin","@id":"https:\/\/lasentinelle.dz\/#\/schema\/person\/729ee0024f24e0b8c5ec17232f8e8b41"},"headline":"Lutte contre la triche au BAC et au BEM: La Justice musc le son dispositif !","datePublished":"2025-05-28T21:15:14+00:00","dateModified":"2025-05-28T21:15:30+00:00","mainEntityOfPage":{"@id":"https:\/\/lasentinelle.dz\/index.php\/2025\/05\/28\/lutte-contre-la-triche-au-bac-et-au-bem-la-justice-musc-le-son-dispositif\/"},"wordCount":818,"commentCount":0,"publisher":{"@id":"https:\/\/lasentinelle.dz\/#organization"},"image":{"@id":"https:\/\/lasentinelle.dz\/index.php\/2025\/05\/28\/lutte-contre-la-triche-au-bac-et-au-bem-la-justice-musc-le-son-dispositif\/#primaryimage"},"thumbnailUrl":"https:\/\/lasentinelle.dz\/wp-content\/uploads\/2025\/05\/bac.jpg","articleSection":["\u00c0 la Une","Actualit\u00e9"],"inLanguage":"fr-FR","potentialAction":[{"@type":"CommentAction","name":"Comment","target":["https:\/\/lasentinelle.dz\/index.php\/2025\/05\/28\/lutte-contre-la-triche-au-bac-et-au-bem-la-justice-musc-le-son-dispositif\/#respond"]}]},{"@type":"WebPage","@id":"https:\/\/lasentinelle.dz\/index.php\/2025\/05\/28\/lutte-contre-la-triche-au-bac-et-au-bem-la-justice-musc-le-son-dispositif\/","url":"https:\/\/lasentinelle.dz\/index.php\/2025\/05\/28\/lutte-contre-la-triche-au-bac-et-au-bem-la-justice-musc-le-son-dispositif\/","name":"Lutte contre la triche au BAC et au BEM: La Justice musc le son dispositif ! - La Sentinelle","isPartOf":{"@id":"https:\/\/lasentinelle.dz\/#website"},"primaryImageOfPage":{"@id":"https:\/\/lasentinelle.dz\/index.php\/2025\/05\/28\/lutte-contre-la-triche-au-bac-et-au-bem-la-justice-musc-le-son-dispositif\/#primaryimage"},"image":{"@id":"https:\/\/lasentinelle.dz\/index.php\/2025\/05\/28\/lutte-contre-la-triche-au-bac-et-au-bem-la-justice-musc-le-son-dispositif\/#primaryimage"},"thumbnailUrl":"https:\/\/lasentinelle.dz\/wp-content\/uploads\/2025\/05\/bac.jpg","datePublished":"2025-05-28T21:15:14+00:00","dateModified":"2025-05-28T21:15:30+00:00","breadcrumb":{"@id":"https:\/\/lasentinelle.dz\/index.php\/2025\/05\/28\/lutte-contre-la-triche-au-bac-et-au-bem-la-justice-musc-le-son-dispositif\/#breadcrumb"},"inLanguage":"fr-FR","potentialAction":[{"@type":"ReadAction","target":["https:\/\/lasentinelle.dz\/index.php\/2025\/05\/28\/lutte-contre-la-triche-au-bac-et-au-bem-la-justice-musc-le-son-dispositif\/"]}]},{"@type":"ImageObject","inLanguage":"fr-FR","@id":"https:\/\/lasentinelle.dz\/index.php\/2025\/05\/28\/lutte-contre-la-triche-au-bac-et-au-bem-la-justice-musc-le-son-dispositif\/#primaryimage","url":"https:\/\/lasentinelle.dz\/wp-content\/uploads\/2025\/05\/bac.jpg","contentUrl":"https:\/\/lasentinelle.dz\/wp-content\/uploads\/2025\/05\/bac.jpg","width":567,"height":294},{"@type":"BreadcrumbList","@id":"https:\/\/lasentinelle.dz\/index.php\/2025\/05\/28\/lutte-contre-la-triche-au-bac-et-au-bem-la-justice-musc-le-son-dispositif\/#breadcrumb","itemListElement":[{"@type":"ListItem","position":1,"name":"Accueil","item":"https:\/\/lasentinelle.dz\/"},{"@type":"ListItem","position":2,"name":"Lutte contre la triche au BAC et au BEM: La Justice musc le son dispositif !"}]},{"@type":"WebSite","@id":"https:\/\/lasentinelle.dz\/#website","url":"https:\/\/lasentinelle.dz\/","name":"La Sentinelle","description":"Quotidien national d&#039;information","publisher":{"@id":"https:\/\/lasentinelle.dz\/#organization"},"potentialAction":[{"@type":"SearchAction","target":{"@type":"EntryPoint","urlTemplate":"https:\/\/lasentinelle.dz\/?s={search_term_string}"},"query-input":{"@type":"PropertyValueSpecification","valueRequired":true,"valueName":"search_term_string"}}],"inLanguage":"fr-FR"},{"@type":"Organization","@id":"https:\/\/lasentinelle.dz\/#organization","name":"Quotidien La Sentinelle","url":"https:\/\/lasentinelle.dz\/","logo":{"@type":"ImageObject","inLanguage":"fr-FR","@id":"https:\/\/lasentinelle.dz\/#\/schema\/logo\/image\/","url":"https:\/\/lasentinelle.dz\/wp-content\/uploads\/2021\/09\/logo-sentinelleSLOGAN-1.png","contentUrl":"https:\/\/lasentinelle.dz\/wp-content\/uploads\/2021\/09\/logo-sentinelleSLOGAN-1.png","width":615,"height":142,"caption":"Quotidien La Sentinelle"},"image":{"@id":"https:\/\/lasentinelle.dz\/#\/schema\/logo\/image\/"},"sameAs":["https:\/\/www.facebook.com\/La-Sentinelle-104059864394773"]},{"@type":"Person","@id":"https:\/\/lasentinelle.dz\/#\/schema\/person\/729ee0024f24e0b8c5ec17232f8e8b41","name":"admin","image":{"@type":"ImageObject","inLanguage":"fr-FR","@id":"https:\/\/secure.gravatar.com\/avatar\/4c81fed838786e9b53f540bf46533e750f5d292099ae3b66cfc6fb1982e29df7?s=96&d=mm&r=g","url":"https:\/\/secure.gravatar.com\/avatar\/4c81fed838786e9b53f540bf46533e750f5d292099ae3b66cfc6fb1982e29df7?s=96&d=mm&r=g","contentUrl":"https:\/\/secure.gravatar.com\/avatar\/4c81fed838786e9b53f540bf46533e750f5d292099ae3b66cfc6fb1982e29df7?s=96&d=mm&r=g","caption":"admin"},"description":"admin","url":"https:\/\/lasentinelle.dz\/author\/admin\/"}]}},"_links":{"self":[{"href":"https:\/\/lasentinelle.dz\/index.php\/wp-json\/wp\/v2\/posts\/68181","targetHints":{"allow":["GET"]}}],"collection":[{"href":"https:\/\/lasentinelle.dz\/index.php\/wp-json\/wp\/v2\/posts"}],"about":[{"href":"https:\/\/lasentinelle.dz\/index.php\/wp-json\/wp\/v2\/types\/post"}],"author":[{"embeddable":true,"href":"https:\/\/lasentinelle.dz\/index.php\/wp-json\/wp\/v2\/users\/6"}],"replies":[{"embeddable":true,"href":"https:\/\/lasentinelle.dz\/index.php\/wp-json\/wp\/v2\/comments?post=68181"}],"version-history":[{"count":1,"href":"https:\/\/lasentinelle.dz\/index.php\/wp-json\/wp\/v2\/posts\/68181\/revisions"}],"predecessor-version":[{"id":68184,"href":"https:\/\/lasentinelle.dz\/index.php\/wp-json\/wp\/v2\/posts\/68181\/revisions\/68184"}],"wp:featuredmedia":[{"embeddable":true,"href":"https:\/\/lasentinelle.dz\/index.php\/wp-json\/wp\/v2\/media\/68183"}],"wp:attachment":[{"href":"https:\/\/lasentinelle.dz\/index.php\/wp-json\/wp\/v2\/media?parent=68181"}],"wp:term":[{"taxonomy":"category","embeddable":true,"href":"https:\/\/lasentinelle.dz\/index.php\/wp-json\/wp\/v2\/categories?post=68181"},{"taxonomy":"post_tag","embeddable":true,"href":"https:\/\/lasentinelle.dz\/index.php\/wp-json\/wp\/v2\/tags?post=68181"}],"curies":[{"name":"wp","href":"https:\/\/api.w.org\/{rel}","templated":true}]}}