{"id":68190,"date":"2025-05-31T20:49:04","date_gmt":"2025-05-31T19:49:04","guid":{"rendered":"https:\/\/lasentinelle.dz\/?p=68190"},"modified":"2025-05-31T20:49:05","modified_gmt":"2025-05-31T19:49:05","slug":"ghaza-barcelone-rompt-ses-relations-avec-lentite-sioniste","status":"publish","type":"post","link":"https:\/\/lasentinelle.dz\/index.php\/2025\/05\/31\/ghaza-barcelone-rompt-ses-relations-avec-lentite-sioniste\/","title":{"rendered":"Ghaza : Barcelone rompt ses relations avec l&rsquo;entit\u00e9 sioniste"},"content":{"rendered":"\n<p>La solidarit\u00e9 internationale avec le peuple palestinien s&rsquo;intensifie alors que la crise humanitaire \u00e0 Ghaza atteint des niveaux sans pr\u00e9c\u00e9dent. La municipalit\u00e9 de Barcelone a franchi un pas historique vendredi en rompant officiellement ses relations avec l&rsquo;entit\u00e9 sioniste et en suspendant un accord de jumelage, d\u00e9non\u00e7ant l&rsquo;agression g\u00e9nocidaire men\u00e9e contre Ghaza depuis octobre 2023. Le conseil municipal de Barcelone a vot\u00e9 la rupture des relations suite aux violations graves du droit international commises par l&rsquo;entit\u00e9 sioniste. La motion, soutenue par le parti socialiste au pouvoir et des groupes d&rsquo;extr\u00eame gauche, appelle \u00e0 la fin de toutes les relations officielles jusqu&rsquo;\u00e0 ce que le respect du droit international et les droits fondamentaux du peuple palestinien soient r\u00e9tablis. Le maire Jaume Collboni a justifi\u00e9 cette d\u00e9cision en d\u00e9clarant que les souffrances et les morts \u00e0 Ghaza au cours de la derni\u00e8re ann\u00e9e et demie rendent toute relation non viable. Barcelone a \u00e9galement demand\u00e9 \u00e0 l&rsquo;organisateur de la foire commerciale Fira de ne pas accueillir de pavillons isra\u00e9liens ou d&rsquo;entreprises impliqu\u00e9es dans le commerce des armes.<\/p>\n\n\n\n<p>Cette initiative s&rsquo;inscrit dans un mouvement de reconnaissance croissant des droits palestiniens, un an apr\u00e8s que l&rsquo;Espagne, l&rsquo;Irlande et la Norv\u00e8ge aient officiellement reconnu l&rsquo;\u00c9tat palestinien. Simultan\u00e9ment, les Nations Unies tirent la sonnette d&rsquo;alarme sur l&rsquo;aggravation dramatique de la situation humanitaire dans l&rsquo;enclave palestinienne.<\/p>\n\n\n\n<p>St\u00e9phane Dujarric, porte-parole du Secr\u00e9taire g\u00e9n\u00e9ral de l&rsquo;ONU, a averti que la crise humanitaire \u00e0 Ghaza a atteint son point le plus critique depuis le d\u00e9but de l&rsquo;agression. Les rapports du Bureau de la coordination des affaires humanitaires confirment que la situation n&rsquo;a jamais \u00e9t\u00e9 aussi grave en termes de besoins humanitaires et de souffrances. Le besoin d&rsquo;aide humanitaire a atteint des niveaux sans pr\u00e9c\u00e9dent apr\u00e8s plus de 80 jours de blocus presque complet sur les livraisons d&rsquo;aide. Les quantit\u00e9s limit\u00e9es autoris\u00e9es \u00e0 entrer sont terriblement insuffisantes pour soutenir les 2,1 millions de Palestiniens qui ont d\u00e9sesp\u00e9r\u00e9ment besoin d&rsquo;assistance vitale.<\/p>\n\n\n\n<p>La reprise de l&rsquo;agression isra\u00e9lienne le 18 mars, apr\u00e8s une interruption de deux mois cons\u00e9cutive \u00e0 un accord de cessez-le-feu, a provoqu\u00e9 de nouveaux d\u00e9placements massifs. Environ 200 000 personnes ont \u00e9t\u00e9 d\u00e9plac\u00e9es de force au cours des deux derni\u00e8res semaines seulement, notamment suite \u00e0 l&rsquo;\u00e9vacuation forc\u00e9e de l&rsquo;h\u00f4pital Al-Awda dans le nord de Ghaza. Depuis le 2 mars, Il&rsquo;entit\u00e9 sioniste impose un blocus humanitaire \u00e9touffant emp\u00eachant l&rsquo;entr\u00e9e de toute aide humanitaire, mena\u00e7ant la population de famine.<\/p>\n\n\n\n<p>Les bombardements quotidiens continuent de faire des victimes civiles. Samedi, sept membres d&rsquo;une m\u00eame famille, dont Arafat Deeb, sa femme et leurs trois enfants, sont tomb\u00e9s martyrs lorsque des avions isra\u00e9liens ont bombard\u00e9 leur tente pr\u00e8s de la mosqu\u00e9e Omar dans le quartier d&rsquo;Al-Shanti. D&rsquo;autres frappes \u00e0 Khan Younes et Beit Lahia ont fait des victimes suppl\u00e9mentaires. Vendredi, cinq Palestiniens \u00e9taient d\u00e9j\u00e0 tomb\u00e9s martyrs dans des bombardements sur les quartiers d&rsquo;Al-Daraj \u00e0 Ghaza et d&rsquo;Al-Amal \u00e0 Khan Younes.<\/p>\n\n\n\n<p>Le bilan total de l&rsquo;agression s&rsquo;est alourdi \u00e0 54.381 martyrs et 124.054 bless\u00e9s depuis le 7 octobre 2023, selon les autorit\u00e9s sanitaires palestiniennes. Depuis la reprise des hostilit\u00e9s le 18 mars, 4.117 Palestiniens sont tomb\u00e9s martyrs et 12.013 autres ont \u00e9t\u00e9 bless\u00e9s. Au cours des derni\u00e8res 24 heures seulement, les corps de 60 martyrs et 284 bless\u00e9s sont arriv\u00e9s dans les h\u00f4pitaux de Ghaza, t\u00e9moignant de l&rsquo;intensit\u00e9 continue des bombardements sur une population civile prise au pi\u00e8ge.<\/p>\n\n\n\n<p>L. Sa\u00efdi<\/p>\n","protected":false},"excerpt":{"rendered":"<p>La solidarit\u00e9 internationale avec le peuple palestinien s&rsquo;intensifie alors que la crise humanitaire \u00e0 Ghaza atteint des niveaux sans pr\u00e9c\u00e9dent.<\/p>\n","protected":false},"author":6,"featured_media":68191,"comment_status":"open","ping_status":"closed","sticky":false,"template":"","format":"standard","meta":{"colormag_page_container_layout":"default_layout","colormag_page_sidebar_layout":"default_layout","om_disable_all_campaigns":false,"_monsterinsights_skip_tracking":false,"_monsterinsights_sitenote_active":false,"_monsterinsights_sitenote_note":"","_monsterinsights_sitenote_category":0,"footnotes":"","_wpscppro_dont_share_socialmedia":false,"_wpscppro_custom_social_share_image":0,"_facebook_share_type":"default","_twitter_share_type":"default","_linkedin_share_type":"default","_pinterest_share_type":"default","_linkedin_share_type_page":"","_instagram_share_type":"default","_medium_share_type":"default","_threads_share_type":"","_google_business_share_type":"","_selected_social_profile":[],"_wpsp_enable_custom_social_template":false,"_wpsp_social_scheduling":{"enabled":false,"datetime":null,"platforms":[],"status":"template_only","dateOption":"today","timeOption":"now","customDays":"","customHours":"","customDate":"","customTime":"","schedulingType":"absolute"},"_wpsp_active_default_template":true},"categories":[37],"tags":[],"class_list":["post-68190","post","type-post","status-publish","format-standard","has-post-thumbnail","hentry","category-monde"],"aioseo_notices":[],"yoast_head":"<!-- This site is optimized with the Yoast SEO plugin v27.5 - https:\/\/yoast.com\/product\/yoast-seo-wordpress\/ -->\n<title>Ghaza : Barcelone rompt ses relations avec l&rsquo;entit\u00e9 sioniste - La Sentinelle<\/title>\n<meta name=\"robots\" content=\"index, follow, max-snippet:-1, max-image-preview:large, max-video-preview:-1\" \/>\n<link rel=\"canonical\" href=\"https:\/\/lasentinelle.dz\/index.php\/2025\/05\/31\/ghaza-barcelone-rompt-ses-relations-avec-lentite-sioniste\/\" \/>\n<meta property=\"og:locale\" content=\"fr_FR\" \/>\n<meta property=\"og:type\" content=\"article\" \/>\n<meta property=\"og:title\" content=\"Ghaza : Barcelone rompt ses relations avec l&rsquo;entit\u00e9 sioniste - La Sentinelle\" \/>\n<meta property=\"og:description\" content=\"La solidarit\u00e9 internationale avec le peuple palestinien s&rsquo;intensifie alors que la crise humanitaire \u00e0 Ghaza atteint des niveaux sans pr\u00e9c\u00e9dent.\" \/>\n<meta property=\"og:url\" content=\"https:\/\/lasentinelle.dz\/index.php\/2025\/05\/31\/ghaza-barcelone-rompt-ses-relations-avec-lentite-sioniste\/\" \/>\n<meta property=\"og:site_name\" content=\"La Sentinelle\" \/>\n<meta property=\"article:publisher\" content=\"https:\/\/www.facebook.com\/La-Sentinelle-104059864394773\" \/>\n<meta property=\"article:published_time\" content=\"2025-05-31T19:49:04+00:00\" \/>\n<meta property=\"article:modified_time\" content=\"2025-05-31T19:49:05+00:00\" \/>\n<meta property=\"og:image\" content=\"https:\/\/lasentinelle.dz\/wp-content\/uploads\/2025\/05\/barcelone.jpg\" \/>\n\t<meta property=\"og:image:width\" content=\"665\" \/>\n\t<meta property=\"og:image:height\" content=\"374\" \/>\n\t<meta property=\"og:image:type\" content=\"image\/jpeg\" \/>\n<meta name=\"author\" content=\"admin\" \/>\n<meta name=\"twitter:card\" content=\"summary_large_image\" \/>\n<meta name=\"twitter:label1\" content=\"\u00c9crit par\" \/>\n\t<meta name=\"twitter:data1\" content=\"admin\" \/>\n\t<meta name=\"twitter:label2\" content=\"Dur\u00e9e de lecture estim\u00e9e\" \/>\n\t<meta name=\"twitter:data2\" content=\"4 minutes\" \/>\n<script type=\"application\/ld+json\" class=\"yoast-schema-graph\">{\"@context\":\"https:\\\/\\\/schema.org\",\"@graph\":[{\"@type\":\"Article\",\"@id\":\"https:\\\/\\\/lasentinelle.dz\\\/index.php\\\/2025\\\/05\\\/31\\\/ghaza-barcelone-rompt-ses-relations-avec-lentite-sioniste\\\/#article\",\"isPartOf\":{\"@id\":\"https:\\\/\\\/lasentinelle.dz\\\/index.php\\\/2025\\\/05\\\/31\\\/ghaza-barcelone-rompt-ses-relations-avec-lentite-sioniste\\\/\"},\"author\":{\"name\":\"admin\",\"@id\":\"https:\\\/\\\/lasentinelle.dz\\\/#\\\/schema\\\/person\\\/729ee0024f24e0b8c5ec17232f8e8b41\"},\"headline\":\"Ghaza : Barcelone rompt ses relations avec l&rsquo;entit\u00e9 sioniste\",\"datePublished\":\"2025-05-31T19:49:04+00:00\",\"dateModified\":\"2025-05-31T19:49:05+00:00\",\"mainEntityOfPage\":{\"@id\":\"https:\\\/\\\/lasentinelle.dz\\\/index.php\\\/2025\\\/05\\\/31\\\/ghaza-barcelone-rompt-ses-relations-avec-lentite-sioniste\\\/\"},\"wordCount\":628,\"commentCount\":0,\"publisher\":{\"@id\":\"https:\\\/\\\/lasentinelle.dz\\\/#organization\"},\"image\":{\"@id\":\"https:\\\/\\\/lasentinelle.dz\\\/index.php\\\/2025\\\/05\\\/31\\\/ghaza-barcelone-rompt-ses-relations-avec-lentite-sioniste\\\/#primaryimage\"},\"thumbnailUrl\":\"https:\\\/\\\/lasentinelle.dz\\\/wp-content\\\/uploads\\\/2025\\\/05\\\/barcelone.jpg\",\"articleSection\":[\"Monde\"],\"inLanguage\":\"fr-FR\",\"potentialAction\":[{\"@type\":\"CommentAction\",\"name\":\"Comment\",\"target\":[\"https:\\\/\\\/lasentinelle.dz\\\/index.php\\\/2025\\\/05\\\/31\\\/ghaza-barcelone-rompt-ses-relations-avec-lentite-sioniste\\\/#respond\"]}]},{\"@type\":\"WebPage\",\"@id\":\"https:\\\/\\\/lasentinelle.dz\\\/index.php\\\/2025\\\/05\\\/31\\\/ghaza-barcelone-rompt-ses-relations-avec-lentite-sioniste\\\/\",\"url\":\"https:\\\/\\\/lasentinelle.dz\\\/index.php\\\/2025\\\/05\\\/31\\\/ghaza-barcelone-rompt-ses-relations-avec-lentite-sioniste\\\/\",\"name\":\"Ghaza : Barcelone rompt ses relations avec l&rsquo;entit\u00e9 sioniste - La Sentinelle\",\"isPartOf\":{\"@id\":\"https:\\\/\\\/lasentinelle.dz\\\/#website\"},\"primaryImageOfPage\":{\"@id\":\"https:\\\/\\\/lasentinelle.dz\\\/index.php\\\/2025\\\/05\\\/31\\\/ghaza-barcelone-rompt-ses-relations-avec-lentite-sioniste\\\/#primaryimage\"},\"image\":{\"@id\":\"https:\\\/\\\/lasentinelle.dz\\\/index.php\\\/2025\\\/05\\\/31\\\/ghaza-barcelone-rompt-ses-relations-avec-lentite-sioniste\\\/#primaryimage\"},\"thumbnailUrl\":\"https:\\\/\\\/lasentinelle.dz\\\/wp-content\\\/uploads\\\/2025\\\/05\\\/barcelone.jpg\",\"datePublished\":\"2025-05-31T19:49:04+00:00\",\"dateModified\":\"2025-05-31T19:49:05+00:00\",\"breadcrumb\":{\"@id\":\"https:\\\/\\\/lasentinelle.dz\\\/index.php\\\/2025\\\/05\\\/31\\\/ghaza-barcelone-rompt-ses-relations-avec-lentite-sioniste\\\/#breadcrumb\"},\"inLanguage\":\"fr-FR\",\"potentialAction\":[{\"@type\":\"ReadAction\",\"target\":[\"https:\\\/\\\/lasentinelle.dz\\\/index.php\\\/2025\\\/05\\\/31\\\/ghaza-barcelone-rompt-ses-relations-avec-lentite-sioniste\\\/\"]}]},{\"@type\":\"ImageObject\",\"inLanguage\":\"fr-FR\",\"@id\":\"https:\\\/\\\/lasentinelle.dz\\\/index.php\\\/2025\\\/05\\\/31\\\/ghaza-barcelone-rompt-ses-relations-avec-lentite-sioniste\\\/#primaryimage\",\"url\":\"https:\\\/\\\/lasentinelle.dz\\\/wp-content\\\/uploads\\\/2025\\\/05\\\/barcelone.jpg\",\"contentUrl\":\"https:\\\/\\\/lasentinelle.dz\\\/wp-content\\\/uploads\\\/2025\\\/05\\\/barcelone.jpg\",\"width\":665,\"height\":374},{\"@type\":\"BreadcrumbList\",\"@id\":\"https:\\\/\\\/lasentinelle.dz\\\/index.php\\\/2025\\\/05\\\/31\\\/ghaza-barcelone-rompt-ses-relations-avec-lentite-sioniste\\\/#breadcrumb\",\"itemListElement\":[{\"@type\":\"ListItem\",\"position\":1,\"name\":\"Accueil\",\"item\":\"https:\\\/\\\/lasentinelle.dz\\\/\"},{\"@type\":\"ListItem\",\"position\":2,\"name\":\"Ghaza : Barcelone rompt ses relations avec l&rsquo;entit\u00e9 sioniste\"}]},{\"@type\":\"WebSite\",\"@id\":\"https:\\\/\\\/lasentinelle.dz\\\/#website\",\"url\":\"https:\\\/\\\/lasentinelle.dz\\\/\",\"name\":\"La Sentinelle\",\"description\":\"Quotidien national d&#039;information\",\"publisher\":{\"@id\":\"https:\\\/\\\/lasentinelle.dz\\\/#organization\"},\"potentialAction\":[{\"@type\":\"SearchAction\",\"target\":{\"@type\":\"EntryPoint\",\"urlTemplate\":\"https:\\\/\\\/lasentinelle.dz\\\/?s={search_term_string}\"},\"query-input\":{\"@type\":\"PropertyValueSpecification\",\"valueRequired\":true,\"valueName\":\"search_term_string\"}}],\"inLanguage\":\"fr-FR\"},{\"@type\":\"Organization\",\"@id\":\"https:\\\/\\\/lasentinelle.dz\\\/#organization\",\"name\":\"Quotidien La Sentinelle\",\"url\":\"https:\\\/\\\/lasentinelle.dz\\\/\",\"logo\":{\"@type\":\"ImageObject\",\"inLanguage\":\"fr-FR\",\"@id\":\"https:\\\/\\\/lasentinelle.dz\\\/#\\\/schema\\\/logo\\\/image\\\/\",\"url\":\"https:\\\/\\\/lasentinelle.dz\\\/wp-content\\\/uploads\\\/2021\\\/09\\\/logo-sentinelleSLOGAN-1.png\",\"contentUrl\":\"https:\\\/\\\/lasentinelle.dz\\\/wp-content\\\/uploads\\\/2021\\\/09\\\/logo-sentinelleSLOGAN-1.png\",\"width\":615,\"height\":142,\"caption\":\"Quotidien La Sentinelle\"},\"image\":{\"@id\":\"https:\\\/\\\/lasentinelle.dz\\\/#\\\/schema\\\/logo\\\/image\\\/\"},\"sameAs\":[\"https:\\\/\\\/www.facebook.com\\\/La-Sentinelle-104059864394773\"]},{\"@type\":\"Person\",\"@id\":\"https:\\\/\\\/lasentinelle.dz\\\/#\\\/schema\\\/person\\\/729ee0024f24e0b8c5ec17232f8e8b41\",\"name\":\"admin\",\"image\":{\"@type\":\"ImageObject\",\"inLanguage\":\"fr-FR\",\"@id\":\"https:\\\/\\\/secure.gravatar.com\\\/avatar\\\/4c81fed838786e9b53f540bf46533e750f5d292099ae3b66cfc6fb1982e29df7?s=96&d=mm&r=g\",\"url\":\"https:\\\/\\\/secure.gravatar.com\\\/avatar\\\/4c81fed838786e9b53f540bf46533e750f5d292099ae3b66cfc6fb1982e29df7?s=96&d=mm&r=g\",\"contentUrl\":\"https:\\\/\\\/secure.gravatar.com\\\/avatar\\\/4c81fed838786e9b53f540bf46533e750f5d292099ae3b66cfc6fb1982e29df7?s=96&d=mm&r=g\",\"caption\":\"admin\"},\"description\":\"admin\",\"url\":\"https:\\\/\\\/lasentinelle.dz\\\/author\\\/admin\\\/\"}]}<\/script>\n<!-- \/ Yoast SEO plugin. -->","yoast_head_json":{"title":"Ghaza : Barcelone rompt ses relations avec l&rsquo;entit\u00e9 sioniste - La Sentinelle","robots":{"index":"index","follow":"follow","max-snippet":"max-snippet:-1","max-image-preview":"max-image-preview:large","max-video-preview":"max-video-preview:-1"},"canonical":"https:\/\/lasentinelle.dz\/index.php\/2025\/05\/31\/ghaza-barcelone-rompt-ses-relations-avec-lentite-sioniste\/","og_locale":"fr_FR","og_type":"article","og_title":"Ghaza : Barcelone rompt ses relations avec l&rsquo;entit\u00e9 sioniste - La Sentinelle","og_description":"La solidarit\u00e9 internationale avec le peuple palestinien s&rsquo;intensifie alors que la crise humanitaire \u00e0 Ghaza atteint des niveaux sans pr\u00e9c\u00e9dent.","og_url":"https:\/\/lasentinelle.dz\/index.php\/2025\/05\/31\/ghaza-barcelone-rompt-ses-relations-avec-lentite-sioniste\/","og_site_name":"La Sentinelle","article_publisher":"https:\/\/www.facebook.com\/La-Sentinelle-104059864394773","article_published_time":"2025-05-31T19:49:04+00:00","article_modified_time":"2025-05-31T19:49:05+00:00","og_image":[{"width":665,"height":374,"url":"https:\/\/lasentinelle.dz\/wp-content\/uploads\/2025\/05\/barcelone.jpg","type":"image\/jpeg"}],"author":"admin","twitter_card":"summary_large_image","twitter_misc":{"\u00c9crit par":"admin","Dur\u00e9e de lecture estim\u00e9e":"4 minutes"},"schema":{"@context":"https:\/\/schema.org","@graph":[{"@type":"Article","@id":"https:\/\/lasentinelle.dz\/index.php\/2025\/05\/31\/ghaza-barcelone-rompt-ses-relations-avec-lentite-sioniste\/#article","isPartOf":{"@id":"https:\/\/lasentinelle.dz\/index.php\/2025\/05\/31\/ghaza-barcelone-rompt-ses-relations-avec-lentite-sioniste\/"},"author":{"name":"admin","@id":"https:\/\/lasentinelle.dz\/#\/schema\/person\/729ee0024f24e0b8c5ec17232f8e8b41"},"headline":"Ghaza : Barcelone rompt ses relations avec l&rsquo;entit\u00e9 sioniste","datePublished":"2025-05-31T19:49:04+00:00","dateModified":"2025-05-31T19:49:05+00:00","mainEntityOfPage":{"@id":"https:\/\/lasentinelle.dz\/index.php\/2025\/05\/31\/ghaza-barcelone-rompt-ses-relations-avec-lentite-sioniste\/"},"wordCount":628,"commentCount":0,"publisher":{"@id":"https:\/\/lasentinelle.dz\/#organization"},"image":{"@id":"https:\/\/lasentinelle.dz\/index.php\/2025\/05\/31\/ghaza-barcelone-rompt-ses-relations-avec-lentite-sioniste\/#primaryimage"},"thumbnailUrl":"https:\/\/lasentinelle.dz\/wp-content\/uploads\/2025\/05\/barcelone.jpg","articleSection":["Monde"],"inLanguage":"fr-FR","potentialAction":[{"@type":"CommentAction","name":"Comment","target":["https:\/\/lasentinelle.dz\/index.php\/2025\/05\/31\/ghaza-barcelone-rompt-ses-relations-avec-lentite-sioniste\/#respond"]}]},{"@type":"WebPage","@id":"https:\/\/lasentinelle.dz\/index.php\/2025\/05\/31\/ghaza-barcelone-rompt-ses-relations-avec-lentite-sioniste\/","url":"https:\/\/lasentinelle.dz\/index.php\/2025\/05\/31\/ghaza-barcelone-rompt-ses-relations-avec-lentite-sioniste\/","name":"Ghaza : Barcelone rompt ses relations avec l&rsquo;entit\u00e9 sioniste - La Sentinelle","isPartOf":{"@id":"https:\/\/lasentinelle.dz\/#website"},"primaryImageOfPage":{"@id":"https:\/\/lasentinelle.dz\/index.php\/2025\/05\/31\/ghaza-barcelone-rompt-ses-relations-avec-lentite-sioniste\/#primaryimage"},"image":{"@id":"https:\/\/lasentinelle.dz\/index.php\/2025\/05\/31\/ghaza-barcelone-rompt-ses-relations-avec-lentite-sioniste\/#primaryimage"},"thumbnailUrl":"https:\/\/lasentinelle.dz\/wp-content\/uploads\/2025\/05\/barcelone.jpg","datePublished":"2025-05-31T19:49:04+00:00","dateModified":"2025-05-31T19:49:05+00:00","breadcrumb":{"@id":"https:\/\/lasentinelle.dz\/index.php\/2025\/05\/31\/ghaza-barcelone-rompt-ses-relations-avec-lentite-sioniste\/#breadcrumb"},"inLanguage":"fr-FR","potentialAction":[{"@type":"ReadAction","target":["https:\/\/lasentinelle.dz\/index.php\/2025\/05\/31\/ghaza-barcelone-rompt-ses-relations-avec-lentite-sioniste\/"]}]},{"@type":"ImageObject","inLanguage":"fr-FR","@id":"https:\/\/lasentinelle.dz\/index.php\/2025\/05\/31\/ghaza-barcelone-rompt-ses-relations-avec-lentite-sioniste\/#primaryimage","url":"https:\/\/lasentinelle.dz\/wp-content\/uploads\/2025\/05\/barcelone.jpg","contentUrl":"https:\/\/lasentinelle.dz\/wp-content\/uploads\/2025\/05\/barcelone.jpg","width":665,"height":374},{"@type":"BreadcrumbList","@id":"https:\/\/lasentinelle.dz\/index.php\/2025\/05\/31\/ghaza-barcelone-rompt-ses-relations-avec-lentite-sioniste\/#breadcrumb","itemListElement":[{"@type":"ListItem","position":1,"name":"Accueil","item":"https:\/\/lasentinelle.dz\/"},{"@type":"ListItem","position":2,"name":"Ghaza : Barcelone rompt ses relations avec l&rsquo;entit\u00e9 sioniste"}]},{"@type":"WebSite","@id":"https:\/\/lasentinelle.dz\/#website","url":"https:\/\/lasentinelle.dz\/","name":"La Sentinelle","description":"Quotidien national d&#039;information","publisher":{"@id":"https:\/\/lasentinelle.dz\/#organization"},"potentialAction":[{"@type":"SearchAction","target":{"@type":"EntryPoint","urlTemplate":"https:\/\/lasentinelle.dz\/?s={search_term_string}"},"query-input":{"@type":"PropertyValueSpecification","valueRequired":true,"valueName":"search_term_string"}}],"inLanguage":"fr-FR"},{"@type":"Organization","@id":"https:\/\/lasentinelle.dz\/#organization","name":"Quotidien La Sentinelle","url":"https:\/\/lasentinelle.dz\/","logo":{"@type":"ImageObject","inLanguage":"fr-FR","@id":"https:\/\/lasentinelle.dz\/#\/schema\/logo\/image\/","url":"https:\/\/lasentinelle.dz\/wp-content\/uploads\/2021\/09\/logo-sentinelleSLOGAN-1.png","contentUrl":"https:\/\/lasentinelle.dz\/wp-content\/uploads\/2021\/09\/logo-sentinelleSLOGAN-1.png","width":615,"height":142,"caption":"Quotidien La Sentinelle"},"image":{"@id":"https:\/\/lasentinelle.dz\/#\/schema\/logo\/image\/"},"sameAs":["https:\/\/www.facebook.com\/La-Sentinelle-104059864394773"]},{"@type":"Person","@id":"https:\/\/lasentinelle.dz\/#\/schema\/person\/729ee0024f24e0b8c5ec17232f8e8b41","name":"admin","image":{"@type":"ImageObject","inLanguage":"fr-FR","@id":"https:\/\/secure.gravatar.com\/avatar\/4c81fed838786e9b53f540bf46533e750f5d292099ae3b66cfc6fb1982e29df7?s=96&d=mm&r=g","url":"https:\/\/secure.gravatar.com\/avatar\/4c81fed838786e9b53f540bf46533e750f5d292099ae3b66cfc6fb1982e29df7?s=96&d=mm&r=g","contentUrl":"https:\/\/secure.gravatar.com\/avatar\/4c81fed838786e9b53f540bf46533e750f5d292099ae3b66cfc6fb1982e29df7?s=96&d=mm&r=g","caption":"admin"},"description":"admin","url":"https:\/\/lasentinelle.dz\/author\/admin\/"}]}},"_links":{"self":[{"href":"https:\/\/lasentinelle.dz\/index.php\/wp-json\/wp\/v2\/posts\/68190","targetHints":{"allow":["GET"]}}],"collection":[{"href":"https:\/\/lasentinelle.dz\/index.php\/wp-json\/wp\/v2\/posts"}],"about":[{"href":"https:\/\/lasentinelle.dz\/index.php\/wp-json\/wp\/v2\/types\/post"}],"author":[{"embeddable":true,"href":"https:\/\/lasentinelle.dz\/index.php\/wp-json\/wp\/v2\/users\/6"}],"replies":[{"embeddable":true,"href":"https:\/\/lasentinelle.dz\/index.php\/wp-json\/wp\/v2\/comments?post=68190"}],"version-history":[{"count":2,"href":"https:\/\/lasentinelle.dz\/index.php\/wp-json\/wp\/v2\/posts\/68190\/revisions"}],"predecessor-version":[{"id":68193,"href":"https:\/\/lasentinelle.dz\/index.php\/wp-json\/wp\/v2\/posts\/68190\/revisions\/68193"}],"wp:featuredmedia":[{"embeddable":true,"href":"https:\/\/lasentinelle.dz\/index.php\/wp-json\/wp\/v2\/media\/68191"}],"wp:attachment":[{"href":"https:\/\/lasentinelle.dz\/index.php\/wp-json\/wp\/v2\/media?parent=68190"}],"wp:term":[{"taxonomy":"category","embeddable":true,"href":"https:\/\/lasentinelle.dz\/index.php\/wp-json\/wp\/v2\/categories?post=68190"},{"taxonomy":"post_tag","embeddable":true,"href":"https:\/\/lasentinelle.dz\/index.php\/wp-json\/wp\/v2\/tags?post=68190"}],"curies":[{"name":"wp","href":"https:\/\/api.w.org\/{rel}","templated":true}]}}