{"id":68194,"date":"2025-05-31T20:49:47","date_gmt":"2025-05-31T19:49:47","guid":{"rendered":"https:\/\/lasentinelle.dz\/?p=68194"},"modified":"2025-05-31T20:49:47","modified_gmt":"2025-05-31T19:49:47","slug":"prix-nelson-mandela-2025-brenda-reynolds-et-kennedy-odede-laureats-la-candidate-marocaine-exclue","status":"publish","type":"post","link":"https:\/\/lasentinelle.dz\/index.php\/2025\/05\/31\/prix-nelson-mandela-2025-brenda-reynolds-et-kennedy-odede-laureats-la-candidate-marocaine-exclue\/","title":{"rendered":"Prix Nelson-Mandela 2025 : Brenda Reynolds et Kennedy Odede laur\u00e9ats, la candidate marocaine exclue"},"content":{"rendered":"\n<p>Les Nations Unies ont officiellement d\u00e9cern\u00e9 le Prix Nelson Mandela 2025 \u00e0 deux personnalit\u00e9s reconnues pour leur engagement en faveur des droits humains, excluant ainsi la candidate marocaine dont la nomination avait provoqu\u00e9 une vague d&rsquo;indignation sans pr\u00e9c\u00e9dent. Brenda Reynolds, travailleuse sociale autochtone du Canada, et Kennedy Odede, entrepreneur social du Kenya, ont \u00e9t\u00e9 d\u00e9sign\u00e9s laur\u00e9ats de ce prestigieux prix cr\u00e9\u00e9 en 2014 et d\u00e9cern\u00e9 tous les cinq ans \u00e0 deux personnes dont l&rsquo;\u0153uvre refl\u00e8te l&rsquo;h\u00e9ritage de leadership, d&rsquo;humilit\u00e9, de sens du service et d&rsquo;unit\u00e9 transfrontali\u00e8re de l&rsquo;ancien pr\u00e9sident sud-africain.<\/p>\n\n\n\n<p>La candidature de la Marocaine Amina Bouayach avait suscit\u00e9 une mobilisation internationale d&rsquo;ampleur exceptionnelle. Des organisations sahraouies et des d\u00e9fenseurs marocains des droits humains, rejoints par de nombreuses ONG internationales de d\u00e9fense des droits de l&rsquo;homme, ont envoy\u00e9 des lettres, des p\u00e9titions et des d\u00e9clarations de condamnation au jury de ce prix. Toutes ont qualifi\u00e9 la candidature marocaine de trahison des valeurs du grand militant sud-africain et d&rsquo;insulte directe aux sacrifices des peuples qui vivent encore sous le joug colonial.<\/p>\n\n\n\n<p>Cette campagne d&rsquo;opposition a \u00e9t\u00e9 men\u00e9e par des victimes de violations des droits humains, sahraouies et rifaines, des journalistes et d&rsquo;anciens prisonniers politiques qui ont exprim\u00e9 leur profonde indignation \u00e0 l&rsquo;id\u00e9e qu&rsquo;une personnalit\u00e9 associ\u00e9e \u00e0 la dissimulation des violations persistantes au Maroc puisse \u00eatre candidate \u00e0 un prix prestigieux destin\u00e9 \u00e0 honorer les d\u00e9fenseurs de la dignit\u00e9 humaine et de la libert\u00e9. Le Conseil national sahraoui et la Commission nationale sahraouie des droits de l&rsquo;homme avaient qualifi\u00e9 la nomination de Bouayach d&rsquo;insulte \u00e0 Mandela et de l\u00e9gitimation de la r\u00e9pression au Sahara occidental et au Maroc. Des militants marocains ont \u00e9galement critiqu\u00e9 cette candidature, la qualifiant de distorsion de la cr\u00e9dibilit\u00e9 des Nations Unies et des id\u00e9aux de Mandela. La contestation s&rsquo;est \u00e9galement manifest\u00e9e en Espagne o\u00f9 l&rsquo;Union progressiste espagnole des procureurs a d\u00e9nonc\u00e9 l&rsquo;utilisation par le Maroc des Nations unies et de l&rsquo;h\u00e9ritage de Mandela dans une campagne publicitaire pour blanchir l&rsquo;image de l&rsquo;occupation marocaine, affirmant que la conduite du Makhzen est un scandale majeur qui ne peut \u00eatre tol\u00e9r\u00e9. Le parti espagnol de gauche Sumar a exprim\u00e9 sa forte opposition \u00e0 la candidature marocaine, la qualifiant d&rsquo;inf\u00e2me d\u00e9shonneur \u00e0 l&rsquo;h\u00e9ritage de ce grand militant des droits de l&rsquo;homme.<\/p>\n\n\n\n<p>Le Secr\u00e9taire g\u00e9n\u00e9ral de l&rsquo;ONU, Antonio Guterres, remettra ce prestigieux prix aux deux laur\u00e9ats le 18 juillet, \u00e0 l&rsquo;occasion de la Journ\u00e9e internationale Nelson-Mandela.<\/p>\n\n\n\n<p>R.I.<\/p>\n","protected":false},"excerpt":{"rendered":"<p>Les Nations Unies ont officiellement d\u00e9cern\u00e9 le Prix Nelson Mandela 2025 \u00e0 deux personnalit\u00e9s reconnues pour leur engagement en faveur<\/p>\n","protected":false},"author":6,"featured_media":67291,"comment_status":"open","ping_status":"closed","sticky":false,"template":"","format":"standard","meta":{"colormag_page_container_layout":"default_layout","colormag_page_sidebar_layout":"default_layout","om_disable_all_campaigns":false,"_monsterinsights_skip_tracking":false,"_monsterinsights_sitenote_active":false,"_monsterinsights_sitenote_note":"","_monsterinsights_sitenote_category":0,"footnotes":"","_wpscppro_dont_share_socialmedia":false,"_wpscppro_custom_social_share_image":0,"_facebook_share_type":"default","_twitter_share_type":"default","_linkedin_share_type":"default","_pinterest_share_type":"default","_linkedin_share_type_page":"","_instagram_share_type":"default","_medium_share_type":"default","_threads_share_type":"","_google_business_share_type":"","_selected_social_profile":[],"_wpsp_enable_custom_social_template":false,"_wpsp_social_scheduling":{"enabled":false,"datetime":null,"platforms":[],"status":"template_only","dateOption":"today","timeOption":"now","customDays":"","customHours":"","customDate":"","customTime":"","schedulingType":"absolute"},"_wpsp_active_default_template":true},"categories":[37],"tags":[],"class_list":["post-68194","post","type-post","status-publish","format-standard","has-post-thumbnail","hentry","category-monde"],"aioseo_notices":[],"yoast_head":"<!-- This site is optimized with the Yoast SEO plugin v27.5 - https:\/\/yoast.com\/product\/yoast-seo-wordpress\/ -->\n<title>Prix Nelson-Mandela 2025 : Brenda Reynolds et Kennedy Odede laur\u00e9ats, la candidate marocaine exclue - La Sentinelle<\/title>\n<meta name=\"robots\" content=\"index, follow, max-snippet:-1, max-image-preview:large, max-video-preview:-1\" \/>\n<link rel=\"canonical\" href=\"https:\/\/lasentinelle.dz\/index.php\/2025\/05\/31\/prix-nelson-mandela-2025-brenda-reynolds-et-kennedy-odede-laureats-la-candidate-marocaine-exclue\/\" \/>\n<meta property=\"og:locale\" content=\"fr_FR\" \/>\n<meta property=\"og:type\" content=\"article\" \/>\n<meta property=\"og:title\" content=\"Prix Nelson-Mandela 2025 : Brenda Reynolds et Kennedy Odede laur\u00e9ats, la candidate marocaine exclue - La Sentinelle\" \/>\n<meta property=\"og:description\" content=\"Les Nations Unies ont officiellement d\u00e9cern\u00e9 le Prix Nelson Mandela 2025 \u00e0 deux personnalit\u00e9s reconnues pour leur engagement en faveur\" \/>\n<meta property=\"og:url\" content=\"https:\/\/lasentinelle.dz\/index.php\/2025\/05\/31\/prix-nelson-mandela-2025-brenda-reynolds-et-kennedy-odede-laureats-la-candidate-marocaine-exclue\/\" \/>\n<meta property=\"og:site_name\" content=\"La Sentinelle\" \/>\n<meta property=\"article:publisher\" content=\"https:\/\/www.facebook.com\/La-Sentinelle-104059864394773\" \/>\n<meta property=\"article:published_time\" content=\"2025-05-31T19:49:47+00:00\" \/>\n<meta property=\"og:image\" content=\"https:\/\/lasentinelle.dz\/wp-content\/uploads\/2025\/05\/nelson-mandela.jpg\" \/>\n\t<meta property=\"og:image:width\" content=\"745\" \/>\n\t<meta property=\"og:image:height\" content=\"470\" \/>\n\t<meta property=\"og:image:type\" content=\"image\/jpeg\" \/>\n<meta name=\"author\" content=\"admin\" \/>\n<meta name=\"twitter:card\" content=\"summary_large_image\" \/>\n<meta name=\"twitter:label1\" content=\"\u00c9crit par\" \/>\n\t<meta name=\"twitter:data1\" content=\"admin\" \/>\n\t<meta name=\"twitter:label2\" content=\"Dur\u00e9e de lecture estim\u00e9e\" \/>\n\t<meta name=\"twitter:data2\" content=\"3 minutes\" \/>\n<script type=\"application\/ld+json\" class=\"yoast-schema-graph\">{\"@context\":\"https:\\\/\\\/schema.org\",\"@graph\":[{\"@type\":\"Article\",\"@id\":\"https:\\\/\\\/lasentinelle.dz\\\/index.php\\\/2025\\\/05\\\/31\\\/prix-nelson-mandela-2025-brenda-reynolds-et-kennedy-odede-laureats-la-candidate-marocaine-exclue\\\/#article\",\"isPartOf\":{\"@id\":\"https:\\\/\\\/lasentinelle.dz\\\/index.php\\\/2025\\\/05\\\/31\\\/prix-nelson-mandela-2025-brenda-reynolds-et-kennedy-odede-laureats-la-candidate-marocaine-exclue\\\/\"},\"author\":{\"name\":\"admin\",\"@id\":\"https:\\\/\\\/lasentinelle.dz\\\/#\\\/schema\\\/person\\\/729ee0024f24e0b8c5ec17232f8e8b41\"},\"headline\":\"Prix Nelson-Mandela 2025 : Brenda Reynolds et Kennedy Odede laur\u00e9ats, la candidate marocaine exclue\",\"datePublished\":\"2025-05-31T19:49:47+00:00\",\"mainEntityOfPage\":{\"@id\":\"https:\\\/\\\/lasentinelle.dz\\\/index.php\\\/2025\\\/05\\\/31\\\/prix-nelson-mandela-2025-brenda-reynolds-et-kennedy-odede-laureats-la-candidate-marocaine-exclue\\\/\"},\"wordCount\":458,\"commentCount\":0,\"publisher\":{\"@id\":\"https:\\\/\\\/lasentinelle.dz\\\/#organization\"},\"image\":{\"@id\":\"https:\\\/\\\/lasentinelle.dz\\\/index.php\\\/2025\\\/05\\\/31\\\/prix-nelson-mandela-2025-brenda-reynolds-et-kennedy-odede-laureats-la-candidate-marocaine-exclue\\\/#primaryimage\"},\"thumbnailUrl\":\"https:\\\/\\\/lasentinelle.dz\\\/wp-content\\\/uploads\\\/2025\\\/05\\\/nelson-mandela.jpg\",\"articleSection\":[\"Monde\"],\"inLanguage\":\"fr-FR\",\"potentialAction\":[{\"@type\":\"CommentAction\",\"name\":\"Comment\",\"target\":[\"https:\\\/\\\/lasentinelle.dz\\\/index.php\\\/2025\\\/05\\\/31\\\/prix-nelson-mandela-2025-brenda-reynolds-et-kennedy-odede-laureats-la-candidate-marocaine-exclue\\\/#respond\"]}]},{\"@type\":\"WebPage\",\"@id\":\"https:\\\/\\\/lasentinelle.dz\\\/index.php\\\/2025\\\/05\\\/31\\\/prix-nelson-mandela-2025-brenda-reynolds-et-kennedy-odede-laureats-la-candidate-marocaine-exclue\\\/\",\"url\":\"https:\\\/\\\/lasentinelle.dz\\\/index.php\\\/2025\\\/05\\\/31\\\/prix-nelson-mandela-2025-brenda-reynolds-et-kennedy-odede-laureats-la-candidate-marocaine-exclue\\\/\",\"name\":\"Prix Nelson-Mandela 2025 : Brenda Reynolds et Kennedy Odede laur\u00e9ats, la candidate marocaine exclue - La Sentinelle\",\"isPartOf\":{\"@id\":\"https:\\\/\\\/lasentinelle.dz\\\/#website\"},\"primaryImageOfPage\":{\"@id\":\"https:\\\/\\\/lasentinelle.dz\\\/index.php\\\/2025\\\/05\\\/31\\\/prix-nelson-mandela-2025-brenda-reynolds-et-kennedy-odede-laureats-la-candidate-marocaine-exclue\\\/#primaryimage\"},\"image\":{\"@id\":\"https:\\\/\\\/lasentinelle.dz\\\/index.php\\\/2025\\\/05\\\/31\\\/prix-nelson-mandela-2025-brenda-reynolds-et-kennedy-odede-laureats-la-candidate-marocaine-exclue\\\/#primaryimage\"},\"thumbnailUrl\":\"https:\\\/\\\/lasentinelle.dz\\\/wp-content\\\/uploads\\\/2025\\\/05\\\/nelson-mandela.jpg\",\"datePublished\":\"2025-05-31T19:49:47+00:00\",\"breadcrumb\":{\"@id\":\"https:\\\/\\\/lasentinelle.dz\\\/index.php\\\/2025\\\/05\\\/31\\\/prix-nelson-mandela-2025-brenda-reynolds-et-kennedy-odede-laureats-la-candidate-marocaine-exclue\\\/#breadcrumb\"},\"inLanguage\":\"fr-FR\",\"potentialAction\":[{\"@type\":\"ReadAction\",\"target\":[\"https:\\\/\\\/lasentinelle.dz\\\/index.php\\\/2025\\\/05\\\/31\\\/prix-nelson-mandela-2025-brenda-reynolds-et-kennedy-odede-laureats-la-candidate-marocaine-exclue\\\/\"]}]},{\"@type\":\"ImageObject\",\"inLanguage\":\"fr-FR\",\"@id\":\"https:\\\/\\\/lasentinelle.dz\\\/index.php\\\/2025\\\/05\\\/31\\\/prix-nelson-mandela-2025-brenda-reynolds-et-kennedy-odede-laureats-la-candidate-marocaine-exclue\\\/#primaryimage\",\"url\":\"https:\\\/\\\/lasentinelle.dz\\\/wp-content\\\/uploads\\\/2025\\\/05\\\/nelson-mandela.jpg\",\"contentUrl\":\"https:\\\/\\\/lasentinelle.dz\\\/wp-content\\\/uploads\\\/2025\\\/05\\\/nelson-mandela.jpg\",\"width\":745,\"height\":470},{\"@type\":\"BreadcrumbList\",\"@id\":\"https:\\\/\\\/lasentinelle.dz\\\/index.php\\\/2025\\\/05\\\/31\\\/prix-nelson-mandela-2025-brenda-reynolds-et-kennedy-odede-laureats-la-candidate-marocaine-exclue\\\/#breadcrumb\",\"itemListElement\":[{\"@type\":\"ListItem\",\"position\":1,\"name\":\"Accueil\",\"item\":\"https:\\\/\\\/lasentinelle.dz\\\/\"},{\"@type\":\"ListItem\",\"position\":2,\"name\":\"Prix Nelson-Mandela 2025 : Brenda Reynolds et Kennedy Odede laur\u00e9ats, la candidate marocaine exclue\"}]},{\"@type\":\"WebSite\",\"@id\":\"https:\\\/\\\/lasentinelle.dz\\\/#website\",\"url\":\"https:\\\/\\\/lasentinelle.dz\\\/\",\"name\":\"La Sentinelle\",\"description\":\"Quotidien national d&#039;information\",\"publisher\":{\"@id\":\"https:\\\/\\\/lasentinelle.dz\\\/#organization\"},\"potentialAction\":[{\"@type\":\"SearchAction\",\"target\":{\"@type\":\"EntryPoint\",\"urlTemplate\":\"https:\\\/\\\/lasentinelle.dz\\\/?s={search_term_string}\"},\"query-input\":{\"@type\":\"PropertyValueSpecification\",\"valueRequired\":true,\"valueName\":\"search_term_string\"}}],\"inLanguage\":\"fr-FR\"},{\"@type\":\"Organization\",\"@id\":\"https:\\\/\\\/lasentinelle.dz\\\/#organization\",\"name\":\"Quotidien La Sentinelle\",\"url\":\"https:\\\/\\\/lasentinelle.dz\\\/\",\"logo\":{\"@type\":\"ImageObject\",\"inLanguage\":\"fr-FR\",\"@id\":\"https:\\\/\\\/lasentinelle.dz\\\/#\\\/schema\\\/logo\\\/image\\\/\",\"url\":\"https:\\\/\\\/lasentinelle.dz\\\/wp-content\\\/uploads\\\/2021\\\/09\\\/logo-sentinelleSLOGAN-1.png\",\"contentUrl\":\"https:\\\/\\\/lasentinelle.dz\\\/wp-content\\\/uploads\\\/2021\\\/09\\\/logo-sentinelleSLOGAN-1.png\",\"width\":615,\"height\":142,\"caption\":\"Quotidien La Sentinelle\"},\"image\":{\"@id\":\"https:\\\/\\\/lasentinelle.dz\\\/#\\\/schema\\\/logo\\\/image\\\/\"},\"sameAs\":[\"https:\\\/\\\/www.facebook.com\\\/La-Sentinelle-104059864394773\"]},{\"@type\":\"Person\",\"@id\":\"https:\\\/\\\/lasentinelle.dz\\\/#\\\/schema\\\/person\\\/729ee0024f24e0b8c5ec17232f8e8b41\",\"name\":\"admin\",\"image\":{\"@type\":\"ImageObject\",\"inLanguage\":\"fr-FR\",\"@id\":\"https:\\\/\\\/secure.gravatar.com\\\/avatar\\\/4c81fed838786e9b53f540bf46533e750f5d292099ae3b66cfc6fb1982e29df7?s=96&d=mm&r=g\",\"url\":\"https:\\\/\\\/secure.gravatar.com\\\/avatar\\\/4c81fed838786e9b53f540bf46533e750f5d292099ae3b66cfc6fb1982e29df7?s=96&d=mm&r=g\",\"contentUrl\":\"https:\\\/\\\/secure.gravatar.com\\\/avatar\\\/4c81fed838786e9b53f540bf46533e750f5d292099ae3b66cfc6fb1982e29df7?s=96&d=mm&r=g\",\"caption\":\"admin\"},\"description\":\"admin\",\"url\":\"https:\\\/\\\/lasentinelle.dz\\\/author\\\/admin\\\/\"}]}<\/script>\n<!-- \/ Yoast SEO plugin. -->","yoast_head_json":{"title":"Prix Nelson-Mandela 2025 : Brenda Reynolds et Kennedy Odede laur\u00e9ats, la candidate marocaine exclue - La Sentinelle","robots":{"index":"index","follow":"follow","max-snippet":"max-snippet:-1","max-image-preview":"max-image-preview:large","max-video-preview":"max-video-preview:-1"},"canonical":"https:\/\/lasentinelle.dz\/index.php\/2025\/05\/31\/prix-nelson-mandela-2025-brenda-reynolds-et-kennedy-odede-laureats-la-candidate-marocaine-exclue\/","og_locale":"fr_FR","og_type":"article","og_title":"Prix Nelson-Mandela 2025 : Brenda Reynolds et Kennedy Odede laur\u00e9ats, la candidate marocaine exclue - La Sentinelle","og_description":"Les Nations Unies ont officiellement d\u00e9cern\u00e9 le Prix Nelson Mandela 2025 \u00e0 deux personnalit\u00e9s reconnues pour leur engagement en faveur","og_url":"https:\/\/lasentinelle.dz\/index.php\/2025\/05\/31\/prix-nelson-mandela-2025-brenda-reynolds-et-kennedy-odede-laureats-la-candidate-marocaine-exclue\/","og_site_name":"La Sentinelle","article_publisher":"https:\/\/www.facebook.com\/La-Sentinelle-104059864394773","article_published_time":"2025-05-31T19:49:47+00:00","og_image":[{"width":745,"height":470,"url":"https:\/\/lasentinelle.dz\/wp-content\/uploads\/2025\/05\/nelson-mandela.jpg","type":"image\/jpeg"}],"author":"admin","twitter_card":"summary_large_image","twitter_misc":{"\u00c9crit par":"admin","Dur\u00e9e de lecture estim\u00e9e":"3 minutes"},"schema":{"@context":"https:\/\/schema.org","@graph":[{"@type":"Article","@id":"https:\/\/lasentinelle.dz\/index.php\/2025\/05\/31\/prix-nelson-mandela-2025-brenda-reynolds-et-kennedy-odede-laureats-la-candidate-marocaine-exclue\/#article","isPartOf":{"@id":"https:\/\/lasentinelle.dz\/index.php\/2025\/05\/31\/prix-nelson-mandela-2025-brenda-reynolds-et-kennedy-odede-laureats-la-candidate-marocaine-exclue\/"},"author":{"name":"admin","@id":"https:\/\/lasentinelle.dz\/#\/schema\/person\/729ee0024f24e0b8c5ec17232f8e8b41"},"headline":"Prix Nelson-Mandela 2025 : Brenda Reynolds et Kennedy Odede laur\u00e9ats, la candidate marocaine exclue","datePublished":"2025-05-31T19:49:47+00:00","mainEntityOfPage":{"@id":"https:\/\/lasentinelle.dz\/index.php\/2025\/05\/31\/prix-nelson-mandela-2025-brenda-reynolds-et-kennedy-odede-laureats-la-candidate-marocaine-exclue\/"},"wordCount":458,"commentCount":0,"publisher":{"@id":"https:\/\/lasentinelle.dz\/#organization"},"image":{"@id":"https:\/\/lasentinelle.dz\/index.php\/2025\/05\/31\/prix-nelson-mandela-2025-brenda-reynolds-et-kennedy-odede-laureats-la-candidate-marocaine-exclue\/#primaryimage"},"thumbnailUrl":"https:\/\/lasentinelle.dz\/wp-content\/uploads\/2025\/05\/nelson-mandela.jpg","articleSection":["Monde"],"inLanguage":"fr-FR","potentialAction":[{"@type":"CommentAction","name":"Comment","target":["https:\/\/lasentinelle.dz\/index.php\/2025\/05\/31\/prix-nelson-mandela-2025-brenda-reynolds-et-kennedy-odede-laureats-la-candidate-marocaine-exclue\/#respond"]}]},{"@type":"WebPage","@id":"https:\/\/lasentinelle.dz\/index.php\/2025\/05\/31\/prix-nelson-mandela-2025-brenda-reynolds-et-kennedy-odede-laureats-la-candidate-marocaine-exclue\/","url":"https:\/\/lasentinelle.dz\/index.php\/2025\/05\/31\/prix-nelson-mandela-2025-brenda-reynolds-et-kennedy-odede-laureats-la-candidate-marocaine-exclue\/","name":"Prix Nelson-Mandela 2025 : Brenda Reynolds et Kennedy Odede laur\u00e9ats, la candidate marocaine exclue - La Sentinelle","isPartOf":{"@id":"https:\/\/lasentinelle.dz\/#website"},"primaryImageOfPage":{"@id":"https:\/\/lasentinelle.dz\/index.php\/2025\/05\/31\/prix-nelson-mandela-2025-brenda-reynolds-et-kennedy-odede-laureats-la-candidate-marocaine-exclue\/#primaryimage"},"image":{"@id":"https:\/\/lasentinelle.dz\/index.php\/2025\/05\/31\/prix-nelson-mandela-2025-brenda-reynolds-et-kennedy-odede-laureats-la-candidate-marocaine-exclue\/#primaryimage"},"thumbnailUrl":"https:\/\/lasentinelle.dz\/wp-content\/uploads\/2025\/05\/nelson-mandela.jpg","datePublished":"2025-05-31T19:49:47+00:00","breadcrumb":{"@id":"https:\/\/lasentinelle.dz\/index.php\/2025\/05\/31\/prix-nelson-mandela-2025-brenda-reynolds-et-kennedy-odede-laureats-la-candidate-marocaine-exclue\/#breadcrumb"},"inLanguage":"fr-FR","potentialAction":[{"@type":"ReadAction","target":["https:\/\/lasentinelle.dz\/index.php\/2025\/05\/31\/prix-nelson-mandela-2025-brenda-reynolds-et-kennedy-odede-laureats-la-candidate-marocaine-exclue\/"]}]},{"@type":"ImageObject","inLanguage":"fr-FR","@id":"https:\/\/lasentinelle.dz\/index.php\/2025\/05\/31\/prix-nelson-mandela-2025-brenda-reynolds-et-kennedy-odede-laureats-la-candidate-marocaine-exclue\/#primaryimage","url":"https:\/\/lasentinelle.dz\/wp-content\/uploads\/2025\/05\/nelson-mandela.jpg","contentUrl":"https:\/\/lasentinelle.dz\/wp-content\/uploads\/2025\/05\/nelson-mandela.jpg","width":745,"height":470},{"@type":"BreadcrumbList","@id":"https:\/\/lasentinelle.dz\/index.php\/2025\/05\/31\/prix-nelson-mandela-2025-brenda-reynolds-et-kennedy-odede-laureats-la-candidate-marocaine-exclue\/#breadcrumb","itemListElement":[{"@type":"ListItem","position":1,"name":"Accueil","item":"https:\/\/lasentinelle.dz\/"},{"@type":"ListItem","position":2,"name":"Prix Nelson-Mandela 2025 : Brenda Reynolds et Kennedy Odede laur\u00e9ats, la candidate marocaine exclue"}]},{"@type":"WebSite","@id":"https:\/\/lasentinelle.dz\/#website","url":"https:\/\/lasentinelle.dz\/","name":"La Sentinelle","description":"Quotidien national d&#039;information","publisher":{"@id":"https:\/\/lasentinelle.dz\/#organization"},"potentialAction":[{"@type":"SearchAction","target":{"@type":"EntryPoint","urlTemplate":"https:\/\/lasentinelle.dz\/?s={search_term_string}"},"query-input":{"@type":"PropertyValueSpecification","valueRequired":true,"valueName":"search_term_string"}}],"inLanguage":"fr-FR"},{"@type":"Organization","@id":"https:\/\/lasentinelle.dz\/#organization","name":"Quotidien La Sentinelle","url":"https:\/\/lasentinelle.dz\/","logo":{"@type":"ImageObject","inLanguage":"fr-FR","@id":"https:\/\/lasentinelle.dz\/#\/schema\/logo\/image\/","url":"https:\/\/lasentinelle.dz\/wp-content\/uploads\/2021\/09\/logo-sentinelleSLOGAN-1.png","contentUrl":"https:\/\/lasentinelle.dz\/wp-content\/uploads\/2021\/09\/logo-sentinelleSLOGAN-1.png","width":615,"height":142,"caption":"Quotidien La Sentinelle"},"image":{"@id":"https:\/\/lasentinelle.dz\/#\/schema\/logo\/image\/"},"sameAs":["https:\/\/www.facebook.com\/La-Sentinelle-104059864394773"]},{"@type":"Person","@id":"https:\/\/lasentinelle.dz\/#\/schema\/person\/729ee0024f24e0b8c5ec17232f8e8b41","name":"admin","image":{"@type":"ImageObject","inLanguage":"fr-FR","@id":"https:\/\/secure.gravatar.com\/avatar\/4c81fed838786e9b53f540bf46533e750f5d292099ae3b66cfc6fb1982e29df7?s=96&d=mm&r=g","url":"https:\/\/secure.gravatar.com\/avatar\/4c81fed838786e9b53f540bf46533e750f5d292099ae3b66cfc6fb1982e29df7?s=96&d=mm&r=g","contentUrl":"https:\/\/secure.gravatar.com\/avatar\/4c81fed838786e9b53f540bf46533e750f5d292099ae3b66cfc6fb1982e29df7?s=96&d=mm&r=g","caption":"admin"},"description":"admin","url":"https:\/\/lasentinelle.dz\/author\/admin\/"}]}},"_links":{"self":[{"href":"https:\/\/lasentinelle.dz\/index.php\/wp-json\/wp\/v2\/posts\/68194","targetHints":{"allow":["GET"]}}],"collection":[{"href":"https:\/\/lasentinelle.dz\/index.php\/wp-json\/wp\/v2\/posts"}],"about":[{"href":"https:\/\/lasentinelle.dz\/index.php\/wp-json\/wp\/v2\/types\/post"}],"author":[{"embeddable":true,"href":"https:\/\/lasentinelle.dz\/index.php\/wp-json\/wp\/v2\/users\/6"}],"replies":[{"embeddable":true,"href":"https:\/\/lasentinelle.dz\/index.php\/wp-json\/wp\/v2\/comments?post=68194"}],"version-history":[{"count":1,"href":"https:\/\/lasentinelle.dz\/index.php\/wp-json\/wp\/v2\/posts\/68194\/revisions"}],"predecessor-version":[{"id":68195,"href":"https:\/\/lasentinelle.dz\/index.php\/wp-json\/wp\/v2\/posts\/68194\/revisions\/68195"}],"wp:featuredmedia":[{"embeddable":true,"href":"https:\/\/lasentinelle.dz\/index.php\/wp-json\/wp\/v2\/media\/67291"}],"wp:attachment":[{"href":"https:\/\/lasentinelle.dz\/index.php\/wp-json\/wp\/v2\/media?parent=68194"}],"wp:term":[{"taxonomy":"category","embeddable":true,"href":"https:\/\/lasentinelle.dz\/index.php\/wp-json\/wp\/v2\/categories?post=68194"},{"taxonomy":"post_tag","embeddable":true,"href":"https:\/\/lasentinelle.dz\/index.php\/wp-json\/wp\/v2\/tags?post=68194"}],"curies":[{"name":"wp","href":"https:\/\/api.w.org\/{rel}","templated":true}]}}