{"id":68196,"date":"2025-05-31T20:50:40","date_gmt":"2025-05-31T19:50:40","guid":{"rendered":"https:\/\/lasentinelle.dz\/?p=68196"},"modified":"2025-05-31T20:50:41","modified_gmt":"2025-05-31T19:50:41","slug":"sahara-occidental-le-conseil-de-securite-reaffirme-le-droit-fondamental-a-lautodetermination","status":"publish","type":"post","link":"https:\/\/lasentinelle.dz\/index.php\/2025\/05\/31\/sahara-occidental-le-conseil-de-securite-reaffirme-le-droit-fondamental-a-lautodetermination\/","title":{"rendered":"Sahara occidental: Le Conseil de s\u00e9curit\u00e9 r\u00e9affirme le droit fondamental \u00e0 l&rsquo;autod\u00e9termination"},"content":{"rendered":"\n<p>Le Conseil de s\u00e9curit\u00e9 des Nations Unies a officiellement adopt\u00e9 vendredi son rapport annuel pour 2024, \u00e9tablissant clairement les param\u00e8tres d&rsquo;un r\u00e8glement de la question du Sahara occidental qui garantisse le droit fondamental \u00e0 l&rsquo;autod\u00e9termination.<\/p>\n\n\n\n<p>Cette d\u00e9cision unanime lors d&rsquo;une s\u00e9ance publique constitue une avanc\u00e9e significative. Le document, qui compile les d\u00e9lib\u00e9rations et r\u00e9solutions du Conseil sur l&rsquo;ensemble des dossiers inscrits \u00e0 son agenda, consacre un chapitre entier au conflit du Sahara occidental, soulignant l&rsquo;importance accord\u00e9e par la communaut\u00e9 internationale \u00e0 cette question de d\u00e9colonisation inachev\u00e9e. Les consultations semestrielles men\u00e9es par le Conseil ont permis d&rsquo;entendre les briefings d&rsquo;Alexander Ivanko, repr\u00e9sentant sp\u00e9cial du Secr\u00e9taire g\u00e9n\u00e9ral et chef de la MINURSO, ainsi que de Staffan de Mistura, envoy\u00e9 personnel pour le Sahara occidental. Le rapport r\u00e9affirme explicitement l&rsquo;objectif d&rsquo;un r\u00e8glement politique \u00e9quitable, durable et mutuellement acceptable entre le Maroc et le Front Polisario, condition sine qua non pour cr\u00e9er les circonstances n\u00e9cessaires \u00e0 l&rsquo;exercice du droit \u00e0 l&rsquo;autod\u00e9termination du peuple du Sahara occidental. Cette formulation claire confirme que toute solution doit imp\u00e9rativement respecter la volont\u00e9 populaire sahraouie. L&rsquo;adoption de la r\u00e9solution 2756 le 31 octobre dernier par 12 voix favorables, sans opposition et avec seulement deux abstentions, d\u00e9montre le large consensus international sur cette approche. Cette r\u00e9solution prolonge le mandat de la MINURSO jusqu&rsquo;au 31 octobre 2025. La position du Conseil de s\u00e9curit\u00e9 ne laisse place \u00e0 aucune ambigu\u00eft\u00e9 : le r\u00e8glement du conflit du Sahara occidental passe n\u00e9cessairement par une solution politique juste et durable, accept\u00e9e par les deux parties, qui garantisse l&rsquo;exercice effectif du droit \u00e0 l&rsquo;autod\u00e9termination du peuple sahraoui, conform\u00e9ment aux r\u00e9solutions onusiennes et aux principes de d\u00e9colonisation \u00e9tablis par l&rsquo;Organisation des Nations Unies.<\/p>\n\n\n\n<p>Lyes Sa\u00efdi<\/p>\n","protected":false},"excerpt":{"rendered":"<p>Le Conseil de s\u00e9curit\u00e9 des Nations Unies a officiellement adopt\u00e9 vendredi son rapport annuel pour 2024, \u00e9tablissant clairement les param\u00e8tres<\/p>\n","protected":false},"author":6,"featured_media":56566,"comment_status":"open","ping_status":"closed","sticky":false,"template":"","format":"standard","meta":{"colormag_page_container_layout":"default_layout","colormag_page_sidebar_layout":"default_layout","om_disable_all_campaigns":false,"_monsterinsights_skip_tracking":false,"_monsterinsights_sitenote_active":false,"_monsterinsights_sitenote_note":"","_monsterinsights_sitenote_category":0,"footnotes":"","_wpscppro_dont_share_socialmedia":false,"_wpscppro_custom_social_share_image":0,"_facebook_share_type":"default","_twitter_share_type":"default","_linkedin_share_type":"default","_pinterest_share_type":"default","_linkedin_share_type_page":"","_instagram_share_type":"default","_medium_share_type":"default","_threads_share_type":"","_google_business_share_type":"","_selected_social_profile":[],"_wpsp_enable_custom_social_template":false,"_wpsp_social_scheduling":{"enabled":false,"datetime":null,"platforms":[],"status":"template_only","dateOption":"today","timeOption":"now","customDays":"","customHours":"","customDate":"","customTime":"","schedulingType":"absolute"},"_wpsp_active_default_template":true},"categories":[52,37],"tags":[],"class_list":["post-68196","post","type-post","status-publish","format-standard","has-post-thumbnail","hentry","category-a-la-une","category-monde"],"aioseo_notices":[],"yoast_head":"<!-- This site is optimized with the Yoast SEO plugin v27.4 - https:\/\/yoast.com\/product\/yoast-seo-wordpress\/ -->\n<title>Sahara occidental: Le Conseil de s\u00e9curit\u00e9 r\u00e9affirme le droit fondamental \u00e0 l&rsquo;autod\u00e9termination - La Sentinelle<\/title>\n<meta name=\"robots\" content=\"index, follow, max-snippet:-1, max-image-preview:large, max-video-preview:-1\" \/>\n<link rel=\"canonical\" href=\"https:\/\/lasentinelle.dz\/index.php\/2025\/05\/31\/sahara-occidental-le-conseil-de-securite-reaffirme-le-droit-fondamental-a-lautodetermination\/\" \/>\n<meta property=\"og:locale\" content=\"fr_FR\" \/>\n<meta property=\"og:type\" content=\"article\" \/>\n<meta property=\"og:title\" content=\"Sahara occidental: Le Conseil de s\u00e9curit\u00e9 r\u00e9affirme le droit fondamental \u00e0 l&rsquo;autod\u00e9termination - La Sentinelle\" \/>\n<meta property=\"og:description\" content=\"Le Conseil de s\u00e9curit\u00e9 des Nations Unies a officiellement adopt\u00e9 vendredi son rapport annuel pour 2024, \u00e9tablissant clairement les param\u00e8tres\" \/>\n<meta property=\"og:url\" content=\"https:\/\/lasentinelle.dz\/index.php\/2025\/05\/31\/sahara-occidental-le-conseil-de-securite-reaffirme-le-droit-fondamental-a-lautodetermination\/\" \/>\n<meta property=\"og:site_name\" content=\"La Sentinelle\" \/>\n<meta property=\"article:publisher\" content=\"https:\/\/www.facebook.com\/La-Sentinelle-104059864394773\" \/>\n<meta property=\"article:published_time\" content=\"2025-05-31T19:50:40+00:00\" \/>\n<meta property=\"article:modified_time\" content=\"2025-05-31T19:50:41+00:00\" \/>\n<meta property=\"og:image\" content=\"https:\/\/lasentinelle.dz\/wp-content\/uploads\/2024\/09\/Conseil-de-securite.webp\" \/>\n\t<meta property=\"og:image:width\" content=\"1656\" \/>\n\t<meta property=\"og:image:height\" content=\"1060\" \/>\n\t<meta property=\"og:image:type\" content=\"image\/webp\" \/>\n<meta name=\"author\" content=\"admin\" \/>\n<meta name=\"twitter:card\" content=\"summary_large_image\" \/>\n<meta name=\"twitter:label1\" content=\"\u00c9crit par\" \/>\n\t<meta name=\"twitter:data1\" content=\"admin\" \/>\n\t<meta name=\"twitter:label2\" content=\"Dur\u00e9e de lecture estim\u00e9e\" \/>\n\t<meta name=\"twitter:data2\" content=\"2 minutes\" \/>\n<script type=\"application\/ld+json\" class=\"yoast-schema-graph\">{\"@context\":\"https:\\\/\\\/schema.org\",\"@graph\":[{\"@type\":\"Article\",\"@id\":\"https:\\\/\\\/lasentinelle.dz\\\/index.php\\\/2025\\\/05\\\/31\\\/sahara-occidental-le-conseil-de-securite-reaffirme-le-droit-fondamental-a-lautodetermination\\\/#article\",\"isPartOf\":{\"@id\":\"https:\\\/\\\/lasentinelle.dz\\\/index.php\\\/2025\\\/05\\\/31\\\/sahara-occidental-le-conseil-de-securite-reaffirme-le-droit-fondamental-a-lautodetermination\\\/\"},\"author\":{\"name\":\"admin\",\"@id\":\"https:\\\/\\\/lasentinelle.dz\\\/#\\\/schema\\\/person\\\/729ee0024f24e0b8c5ec17232f8e8b41\"},\"headline\":\"Sahara occidental: Le Conseil de s\u00e9curit\u00e9 r\u00e9affirme le droit fondamental \u00e0 l&rsquo;autod\u00e9termination\",\"datePublished\":\"2025-05-31T19:50:40+00:00\",\"dateModified\":\"2025-05-31T19:50:41+00:00\",\"mainEntityOfPage\":{\"@id\":\"https:\\\/\\\/lasentinelle.dz\\\/index.php\\\/2025\\\/05\\\/31\\\/sahara-occidental-le-conseil-de-securite-reaffirme-le-droit-fondamental-a-lautodetermination\\\/\"},\"wordCount\":334,\"commentCount\":0,\"publisher\":{\"@id\":\"https:\\\/\\\/lasentinelle.dz\\\/#organization\"},\"image\":{\"@id\":\"https:\\\/\\\/lasentinelle.dz\\\/index.php\\\/2025\\\/05\\\/31\\\/sahara-occidental-le-conseil-de-securite-reaffirme-le-droit-fondamental-a-lautodetermination\\\/#primaryimage\"},\"thumbnailUrl\":\"https:\\\/\\\/lasentinelle.dz\\\/wp-content\\\/uploads\\\/2024\\\/09\\\/Conseil-de-securite.webp\",\"articleSection\":[\"\u00c0 la Une\",\"Monde\"],\"inLanguage\":\"fr-FR\",\"potentialAction\":[{\"@type\":\"CommentAction\",\"name\":\"Comment\",\"target\":[\"https:\\\/\\\/lasentinelle.dz\\\/index.php\\\/2025\\\/05\\\/31\\\/sahara-occidental-le-conseil-de-securite-reaffirme-le-droit-fondamental-a-lautodetermination\\\/#respond\"]}]},{\"@type\":\"WebPage\",\"@id\":\"https:\\\/\\\/lasentinelle.dz\\\/index.php\\\/2025\\\/05\\\/31\\\/sahara-occidental-le-conseil-de-securite-reaffirme-le-droit-fondamental-a-lautodetermination\\\/\",\"url\":\"https:\\\/\\\/lasentinelle.dz\\\/index.php\\\/2025\\\/05\\\/31\\\/sahara-occidental-le-conseil-de-securite-reaffirme-le-droit-fondamental-a-lautodetermination\\\/\",\"name\":\"Sahara occidental: Le Conseil de s\u00e9curit\u00e9 r\u00e9affirme le droit fondamental \u00e0 l&rsquo;autod\u00e9termination - La Sentinelle\",\"isPartOf\":{\"@id\":\"https:\\\/\\\/lasentinelle.dz\\\/#website\"},\"primaryImageOfPage\":{\"@id\":\"https:\\\/\\\/lasentinelle.dz\\\/index.php\\\/2025\\\/05\\\/31\\\/sahara-occidental-le-conseil-de-securite-reaffirme-le-droit-fondamental-a-lautodetermination\\\/#primaryimage\"},\"image\":{\"@id\":\"https:\\\/\\\/lasentinelle.dz\\\/index.php\\\/2025\\\/05\\\/31\\\/sahara-occidental-le-conseil-de-securite-reaffirme-le-droit-fondamental-a-lautodetermination\\\/#primaryimage\"},\"thumbnailUrl\":\"https:\\\/\\\/lasentinelle.dz\\\/wp-content\\\/uploads\\\/2024\\\/09\\\/Conseil-de-securite.webp\",\"datePublished\":\"2025-05-31T19:50:40+00:00\",\"dateModified\":\"2025-05-31T19:50:41+00:00\",\"breadcrumb\":{\"@id\":\"https:\\\/\\\/lasentinelle.dz\\\/index.php\\\/2025\\\/05\\\/31\\\/sahara-occidental-le-conseil-de-securite-reaffirme-le-droit-fondamental-a-lautodetermination\\\/#breadcrumb\"},\"inLanguage\":\"fr-FR\",\"potentialAction\":[{\"@type\":\"ReadAction\",\"target\":[\"https:\\\/\\\/lasentinelle.dz\\\/index.php\\\/2025\\\/05\\\/31\\\/sahara-occidental-le-conseil-de-securite-reaffirme-le-droit-fondamental-a-lautodetermination\\\/\"]}]},{\"@type\":\"ImageObject\",\"inLanguage\":\"fr-FR\",\"@id\":\"https:\\\/\\\/lasentinelle.dz\\\/index.php\\\/2025\\\/05\\\/31\\\/sahara-occidental-le-conseil-de-securite-reaffirme-le-droit-fondamental-a-lautodetermination\\\/#primaryimage\",\"url\":\"https:\\\/\\\/lasentinelle.dz\\\/wp-content\\\/uploads\\\/2024\\\/09\\\/Conseil-de-securite.webp\",\"contentUrl\":\"https:\\\/\\\/lasentinelle.dz\\\/wp-content\\\/uploads\\\/2024\\\/09\\\/Conseil-de-securite.webp\",\"width\":1656,\"height\":1060},{\"@type\":\"BreadcrumbList\",\"@id\":\"https:\\\/\\\/lasentinelle.dz\\\/index.php\\\/2025\\\/05\\\/31\\\/sahara-occidental-le-conseil-de-securite-reaffirme-le-droit-fondamental-a-lautodetermination\\\/#breadcrumb\",\"itemListElement\":[{\"@type\":\"ListItem\",\"position\":1,\"name\":\"Accueil\",\"item\":\"https:\\\/\\\/lasentinelle.dz\\\/\"},{\"@type\":\"ListItem\",\"position\":2,\"name\":\"Sahara occidental: Le Conseil de s\u00e9curit\u00e9 r\u00e9affirme le droit fondamental \u00e0 l&rsquo;autod\u00e9termination\"}]},{\"@type\":\"WebSite\",\"@id\":\"https:\\\/\\\/lasentinelle.dz\\\/#website\",\"url\":\"https:\\\/\\\/lasentinelle.dz\\\/\",\"name\":\"La Sentinelle\",\"description\":\"Quotidien national d&#039;information\",\"publisher\":{\"@id\":\"https:\\\/\\\/lasentinelle.dz\\\/#organization\"},\"potentialAction\":[{\"@type\":\"SearchAction\",\"target\":{\"@type\":\"EntryPoint\",\"urlTemplate\":\"https:\\\/\\\/lasentinelle.dz\\\/?s={search_term_string}\"},\"query-input\":{\"@type\":\"PropertyValueSpecification\",\"valueRequired\":true,\"valueName\":\"search_term_string\"}}],\"inLanguage\":\"fr-FR\"},{\"@type\":\"Organization\",\"@id\":\"https:\\\/\\\/lasentinelle.dz\\\/#organization\",\"name\":\"Quotidien La Sentinelle\",\"url\":\"https:\\\/\\\/lasentinelle.dz\\\/\",\"logo\":{\"@type\":\"ImageObject\",\"inLanguage\":\"fr-FR\",\"@id\":\"https:\\\/\\\/lasentinelle.dz\\\/#\\\/schema\\\/logo\\\/image\\\/\",\"url\":\"https:\\\/\\\/lasentinelle.dz\\\/wp-content\\\/uploads\\\/2021\\\/09\\\/logo-sentinelleSLOGAN-1.png\",\"contentUrl\":\"https:\\\/\\\/lasentinelle.dz\\\/wp-content\\\/uploads\\\/2021\\\/09\\\/logo-sentinelleSLOGAN-1.png\",\"width\":615,\"height\":142,\"caption\":\"Quotidien La Sentinelle\"},\"image\":{\"@id\":\"https:\\\/\\\/lasentinelle.dz\\\/#\\\/schema\\\/logo\\\/image\\\/\"},\"sameAs\":[\"https:\\\/\\\/www.facebook.com\\\/La-Sentinelle-104059864394773\"]},{\"@type\":\"Person\",\"@id\":\"https:\\\/\\\/lasentinelle.dz\\\/#\\\/schema\\\/person\\\/729ee0024f24e0b8c5ec17232f8e8b41\",\"name\":\"admin\",\"image\":{\"@type\":\"ImageObject\",\"inLanguage\":\"fr-FR\",\"@id\":\"https:\\\/\\\/secure.gravatar.com\\\/avatar\\\/4c81fed838786e9b53f540bf46533e750f5d292099ae3b66cfc6fb1982e29df7?s=96&d=mm&r=g\",\"url\":\"https:\\\/\\\/secure.gravatar.com\\\/avatar\\\/4c81fed838786e9b53f540bf46533e750f5d292099ae3b66cfc6fb1982e29df7?s=96&d=mm&r=g\",\"contentUrl\":\"https:\\\/\\\/secure.gravatar.com\\\/avatar\\\/4c81fed838786e9b53f540bf46533e750f5d292099ae3b66cfc6fb1982e29df7?s=96&d=mm&r=g\",\"caption\":\"admin\"},\"description\":\"admin\",\"url\":\"https:\\\/\\\/lasentinelle.dz\\\/author\\\/admin\\\/\"}]}<\/script>\n<!-- \/ Yoast SEO plugin. -->","yoast_head_json":{"title":"Sahara occidental: Le Conseil de s\u00e9curit\u00e9 r\u00e9affirme le droit fondamental \u00e0 l&rsquo;autod\u00e9termination - La Sentinelle","robots":{"index":"index","follow":"follow","max-snippet":"max-snippet:-1","max-image-preview":"max-image-preview:large","max-video-preview":"max-video-preview:-1"},"canonical":"https:\/\/lasentinelle.dz\/index.php\/2025\/05\/31\/sahara-occidental-le-conseil-de-securite-reaffirme-le-droit-fondamental-a-lautodetermination\/","og_locale":"fr_FR","og_type":"article","og_title":"Sahara occidental: Le Conseil de s\u00e9curit\u00e9 r\u00e9affirme le droit fondamental \u00e0 l&rsquo;autod\u00e9termination - La Sentinelle","og_description":"Le Conseil de s\u00e9curit\u00e9 des Nations Unies a officiellement adopt\u00e9 vendredi son rapport annuel pour 2024, \u00e9tablissant clairement les param\u00e8tres","og_url":"https:\/\/lasentinelle.dz\/index.php\/2025\/05\/31\/sahara-occidental-le-conseil-de-securite-reaffirme-le-droit-fondamental-a-lautodetermination\/","og_site_name":"La Sentinelle","article_publisher":"https:\/\/www.facebook.com\/La-Sentinelle-104059864394773","article_published_time":"2025-05-31T19:50:40+00:00","article_modified_time":"2025-05-31T19:50:41+00:00","og_image":[{"width":1656,"height":1060,"url":"https:\/\/lasentinelle.dz\/wp-content\/uploads\/2024\/09\/Conseil-de-securite.webp","type":"image\/webp"}],"author":"admin","twitter_card":"summary_large_image","twitter_misc":{"\u00c9crit par":"admin","Dur\u00e9e de lecture estim\u00e9e":"2 minutes"},"schema":{"@context":"https:\/\/schema.org","@graph":[{"@type":"Article","@id":"https:\/\/lasentinelle.dz\/index.php\/2025\/05\/31\/sahara-occidental-le-conseil-de-securite-reaffirme-le-droit-fondamental-a-lautodetermination\/#article","isPartOf":{"@id":"https:\/\/lasentinelle.dz\/index.php\/2025\/05\/31\/sahara-occidental-le-conseil-de-securite-reaffirme-le-droit-fondamental-a-lautodetermination\/"},"author":{"name":"admin","@id":"https:\/\/lasentinelle.dz\/#\/schema\/person\/729ee0024f24e0b8c5ec17232f8e8b41"},"headline":"Sahara occidental: Le Conseil de s\u00e9curit\u00e9 r\u00e9affirme le droit fondamental \u00e0 l&rsquo;autod\u00e9termination","datePublished":"2025-05-31T19:50:40+00:00","dateModified":"2025-05-31T19:50:41+00:00","mainEntityOfPage":{"@id":"https:\/\/lasentinelle.dz\/index.php\/2025\/05\/31\/sahara-occidental-le-conseil-de-securite-reaffirme-le-droit-fondamental-a-lautodetermination\/"},"wordCount":334,"commentCount":0,"publisher":{"@id":"https:\/\/lasentinelle.dz\/#organization"},"image":{"@id":"https:\/\/lasentinelle.dz\/index.php\/2025\/05\/31\/sahara-occidental-le-conseil-de-securite-reaffirme-le-droit-fondamental-a-lautodetermination\/#primaryimage"},"thumbnailUrl":"https:\/\/lasentinelle.dz\/wp-content\/uploads\/2024\/09\/Conseil-de-securite.webp","articleSection":["\u00c0 la Une","Monde"],"inLanguage":"fr-FR","potentialAction":[{"@type":"CommentAction","name":"Comment","target":["https:\/\/lasentinelle.dz\/index.php\/2025\/05\/31\/sahara-occidental-le-conseil-de-securite-reaffirme-le-droit-fondamental-a-lautodetermination\/#respond"]}]},{"@type":"WebPage","@id":"https:\/\/lasentinelle.dz\/index.php\/2025\/05\/31\/sahara-occidental-le-conseil-de-securite-reaffirme-le-droit-fondamental-a-lautodetermination\/","url":"https:\/\/lasentinelle.dz\/index.php\/2025\/05\/31\/sahara-occidental-le-conseil-de-securite-reaffirme-le-droit-fondamental-a-lautodetermination\/","name":"Sahara occidental: Le Conseil de s\u00e9curit\u00e9 r\u00e9affirme le droit fondamental \u00e0 l&rsquo;autod\u00e9termination - La Sentinelle","isPartOf":{"@id":"https:\/\/lasentinelle.dz\/#website"},"primaryImageOfPage":{"@id":"https:\/\/lasentinelle.dz\/index.php\/2025\/05\/31\/sahara-occidental-le-conseil-de-securite-reaffirme-le-droit-fondamental-a-lautodetermination\/#primaryimage"},"image":{"@id":"https:\/\/lasentinelle.dz\/index.php\/2025\/05\/31\/sahara-occidental-le-conseil-de-securite-reaffirme-le-droit-fondamental-a-lautodetermination\/#primaryimage"},"thumbnailUrl":"https:\/\/lasentinelle.dz\/wp-content\/uploads\/2024\/09\/Conseil-de-securite.webp","datePublished":"2025-05-31T19:50:40+00:00","dateModified":"2025-05-31T19:50:41+00:00","breadcrumb":{"@id":"https:\/\/lasentinelle.dz\/index.php\/2025\/05\/31\/sahara-occidental-le-conseil-de-securite-reaffirme-le-droit-fondamental-a-lautodetermination\/#breadcrumb"},"inLanguage":"fr-FR","potentialAction":[{"@type":"ReadAction","target":["https:\/\/lasentinelle.dz\/index.php\/2025\/05\/31\/sahara-occidental-le-conseil-de-securite-reaffirme-le-droit-fondamental-a-lautodetermination\/"]}]},{"@type":"ImageObject","inLanguage":"fr-FR","@id":"https:\/\/lasentinelle.dz\/index.php\/2025\/05\/31\/sahara-occidental-le-conseil-de-securite-reaffirme-le-droit-fondamental-a-lautodetermination\/#primaryimage","url":"https:\/\/lasentinelle.dz\/wp-content\/uploads\/2024\/09\/Conseil-de-securite.webp","contentUrl":"https:\/\/lasentinelle.dz\/wp-content\/uploads\/2024\/09\/Conseil-de-securite.webp","width":1656,"height":1060},{"@type":"BreadcrumbList","@id":"https:\/\/lasentinelle.dz\/index.php\/2025\/05\/31\/sahara-occidental-le-conseil-de-securite-reaffirme-le-droit-fondamental-a-lautodetermination\/#breadcrumb","itemListElement":[{"@type":"ListItem","position":1,"name":"Accueil","item":"https:\/\/lasentinelle.dz\/"},{"@type":"ListItem","position":2,"name":"Sahara occidental: Le Conseil de s\u00e9curit\u00e9 r\u00e9affirme le droit fondamental \u00e0 l&rsquo;autod\u00e9termination"}]},{"@type":"WebSite","@id":"https:\/\/lasentinelle.dz\/#website","url":"https:\/\/lasentinelle.dz\/","name":"La Sentinelle","description":"Quotidien national d&#039;information","publisher":{"@id":"https:\/\/lasentinelle.dz\/#organization"},"potentialAction":[{"@type":"SearchAction","target":{"@type":"EntryPoint","urlTemplate":"https:\/\/lasentinelle.dz\/?s={search_term_string}"},"query-input":{"@type":"PropertyValueSpecification","valueRequired":true,"valueName":"search_term_string"}}],"inLanguage":"fr-FR"},{"@type":"Organization","@id":"https:\/\/lasentinelle.dz\/#organization","name":"Quotidien La Sentinelle","url":"https:\/\/lasentinelle.dz\/","logo":{"@type":"ImageObject","inLanguage":"fr-FR","@id":"https:\/\/lasentinelle.dz\/#\/schema\/logo\/image\/","url":"https:\/\/lasentinelle.dz\/wp-content\/uploads\/2021\/09\/logo-sentinelleSLOGAN-1.png","contentUrl":"https:\/\/lasentinelle.dz\/wp-content\/uploads\/2021\/09\/logo-sentinelleSLOGAN-1.png","width":615,"height":142,"caption":"Quotidien La Sentinelle"},"image":{"@id":"https:\/\/lasentinelle.dz\/#\/schema\/logo\/image\/"},"sameAs":["https:\/\/www.facebook.com\/La-Sentinelle-104059864394773"]},{"@type":"Person","@id":"https:\/\/lasentinelle.dz\/#\/schema\/person\/729ee0024f24e0b8c5ec17232f8e8b41","name":"admin","image":{"@type":"ImageObject","inLanguage":"fr-FR","@id":"https:\/\/secure.gravatar.com\/avatar\/4c81fed838786e9b53f540bf46533e750f5d292099ae3b66cfc6fb1982e29df7?s=96&d=mm&r=g","url":"https:\/\/secure.gravatar.com\/avatar\/4c81fed838786e9b53f540bf46533e750f5d292099ae3b66cfc6fb1982e29df7?s=96&d=mm&r=g","contentUrl":"https:\/\/secure.gravatar.com\/avatar\/4c81fed838786e9b53f540bf46533e750f5d292099ae3b66cfc6fb1982e29df7?s=96&d=mm&r=g","caption":"admin"},"description":"admin","url":"https:\/\/lasentinelle.dz\/author\/admin\/"}]}},"_links":{"self":[{"href":"https:\/\/lasentinelle.dz\/index.php\/wp-json\/wp\/v2\/posts\/68196","targetHints":{"allow":["GET"]}}],"collection":[{"href":"https:\/\/lasentinelle.dz\/index.php\/wp-json\/wp\/v2\/posts"}],"about":[{"href":"https:\/\/lasentinelle.dz\/index.php\/wp-json\/wp\/v2\/types\/post"}],"author":[{"embeddable":true,"href":"https:\/\/lasentinelle.dz\/index.php\/wp-json\/wp\/v2\/users\/6"}],"replies":[{"embeddable":true,"href":"https:\/\/lasentinelle.dz\/index.php\/wp-json\/wp\/v2\/comments?post=68196"}],"version-history":[{"count":2,"href":"https:\/\/lasentinelle.dz\/index.php\/wp-json\/wp\/v2\/posts\/68196\/revisions"}],"predecessor-version":[{"id":68198,"href":"https:\/\/lasentinelle.dz\/index.php\/wp-json\/wp\/v2\/posts\/68196\/revisions\/68198"}],"wp:featuredmedia":[{"embeddable":true,"href":"https:\/\/lasentinelle.dz\/index.php\/wp-json\/wp\/v2\/media\/56566"}],"wp:attachment":[{"href":"https:\/\/lasentinelle.dz\/index.php\/wp-json\/wp\/v2\/media?parent=68196"}],"wp:term":[{"taxonomy":"category","embeddable":true,"href":"https:\/\/lasentinelle.dz\/index.php\/wp-json\/wp\/v2\/categories?post=68196"},{"taxonomy":"post_tag","embeddable":true,"href":"https:\/\/lasentinelle.dz\/index.php\/wp-json\/wp\/v2\/tags?post=68196"}],"curies":[{"name":"wp","href":"https:\/\/api.w.org\/{rel}","templated":true}]}}