{"id":68199,"date":"2025-05-31T20:51:43","date_gmt":"2025-05-31T19:51:43","guid":{"rendered":"https:\/\/lasentinelle.dz\/?p=68199"},"modified":"2025-05-31T20:51:43","modified_gmt":"2025-05-31T19:51:43","slug":"projection-de-la-version-restauree-de-chronique-des-annees-de-braise-a-lopera-dalger-un-prix-lakhdar-hamina-pour-la-creation-instaure","status":"publish","type":"post","link":"https:\/\/lasentinelle.dz\/index.php\/2025\/05\/31\/projection-de-la-version-restauree-de-chronique-des-annees-de-braise-a-lopera-dalger-un-prix-lakhdar-hamina-pour-la-creation-instaure\/","title":{"rendered":"Projection de la version restaur\u00e9e de \u00ab\u00a0Chronique des Ann\u00e9es de Braise\u00a0\u00bb \u00e0 l&rsquo;Op\u00e9ra d&rsquo;Alger : Un \u00ab\u00a0Prix Lakhdar Hamina pour la cr\u00e9ation\u00a0\u00bb instaur\u00e9"},"content":{"rendered":"\n<p>L&rsquo;Op\u00e9ra d&rsquo;Alger a accueilli jeudi soir une c\u00e9r\u00e9monie d&rsquo;exception marquant le cinquanti\u00e8me anniversaire de la cons\u00e9cration de \u00ab\u00a0Chronique des Ann\u00e9es de Braise\u00a0\u00bb par la Palme d&rsquo;Or au Festival de Cannes en 1975. Cette projection de la version restaur\u00e9e du chef-d&rsquo;\u0153uvre de Mohamed Lakhdar Hamina, d\u00e9c\u00e9d\u00e9 la semaine derni\u00e8re, a rassembl\u00e9 les plus hautes personnalit\u00e9s de l&rsquo;\u00c9tat dans un vibrant hommage au cin\u00e9aste qui a port\u00e9 l&rsquo;Alg\u00e9rie sur les \u00e9crans du monde entier. Organis\u00e9e par le minist\u00e8re de la Culture et des Arts, cette soir\u00e9e exceptionnelle a r\u00e9uni le pr\u00e9sident du Conseil de la nation Azouz Nasri, le conseiller du pr\u00e9sident de la R\u00e9publique charg\u00e9 des affaires politiques Zoheir Bouamama, le ministre de la Culture et des Arts Zouhir Ballalou, le ministre des Moudjahidine La\u00efd Rebiga, ainsi que les pr\u00e9sidents du CNESE et du CNDH.<\/p>\n\n\n\n<p>La soir\u00e9e a \u00e9t\u00e9 marqu\u00e9e par l&rsquo;annonce du ministre de la Culture concernant l&rsquo;institution du \u00a0\u00bb une distinction qui rendra \u00ab\u00a0hommage \u00e0 ce r\u00e9alisateur universel et encouragera les talents et le paysage cin\u00e9matographique en Alg\u00e9rie qui conna\u00eet un essor remarquable ces derni\u00e8res ann\u00e9es\u00a0\u00bb. Cette r\u00e9compense annuelle distinguera les meilleurs films dans les cat\u00e9gories court et long m\u00e9trages ainsi que le documentaire, tout en d\u00e9cernant des prix aux meilleurs sc\u00e9narios, interpr\u00e9tations et r\u00e9alisations, s&rsquo;inscrivant dans une d\u00e9marche de promotion continue de l&rsquo;art cin\u00e9matographique alg\u00e9rien. Le ministre Ballalou a rendu un hommage appuy\u00e9 au d\u00e9funt r\u00e9alisateur, le qualifiant de \u00ab\u00a0personnalit\u00e9 exceptionnelle qui a marqu\u00e9 la sc\u00e8ne culturelle par sa vision clairvoyante\u00a0\u00bb. Il a soulign\u00e9 que Hamina \u00ab\u00a0a profond\u00e9ment cru en son pays l&rsquo;Alg\u00e9rie et en a fait sa boussole et son guide\u00a0\u00bb et que ses \u0153uvres \u00ab\u00a0sont ancr\u00e9es dans la m\u00e9moire\u00a0\u00bb collective. Face \u00e0 cette disparition, le ministre a insist\u00e9 sur le fait qu&rsquo;il \u00ab\u00a0nous incombe de pr\u00e9server et de c\u00e9l\u00e9brer son legs\u00a0\u00bb, rappelant que l&rsquo;Institut national sup\u00e9rieur du cin\u00e9ma de Kol\u00e9a porte le nom de ce moudjahid et artiste depuis sa cr\u00e9ation, conform\u00e9ment aux orientations pr\u00e9sidentielles. Le public a pu d\u00e9couvrir pendant trois heures la splendeur retrouv\u00e9e de cette \u00e9pop\u00e9e cin\u00e9matographique gr\u00e2ce aux travaux de restauration financ\u00e9s par l&rsquo;entreprise \u00ab\u00a0Locas&rsquo;s Family\u00a0\u00bb dans le cadre du projet \u00ab\u00a0African film heritage\u00a0\u00bb. Cette initiative port\u00e9e par \u00ab\u00a0World cinema project\u00a0\u00bb, la fondation africaine des r\u00e9alisateurs et l&rsquo;UNESCO, en coop\u00e9ration avec la cin\u00e9math\u00e8que de Bologne, t\u00e9moigne de la reconnaissance internationale de l&rsquo;\u0153uvre de Hamina et de la n\u00e9cessit\u00e9 de pr\u00e9server ce patrimoine audiovisuel exceptionnel pour les g\u00e9n\u00e9rations futures.<\/p>\n\n\n\n<p>La version restaur\u00e9e a r\u00e9v\u00e9l\u00e9 avec une acuit\u00e9 nouvelle les aspects esth\u00e9tiques de l&rsquo;image cin\u00e9matographique sur laquelle le d\u00e9funt Lakhdar Hamina avait travaill\u00e9 avec un soin minutieux, d\u00e9voilant son g\u00e9nie en tant qu&rsquo;artisan d&rsquo;une sc\u00e9nographie inspirante et porteuse d&rsquo;un discours artistique et po\u00e9tique d&rsquo;une profondeur saisissante. Cette restauration permet d&rsquo;appr\u00e9cier pleinement la ma\u00eetrise technique du r\u00e9alisateur et sa capacit\u00e9 \u00e0 transcender le simple r\u00e9cit historique pour cr\u00e9er une v\u00e9ritable \u0153uvre d&rsquo;art cin\u00e9matographique universelle.<\/p>\n\n\n\n<p>\u00ab\u00a0Chronique des Ann\u00e9es de Braise\u00a0\u00bb demeure une \u00e9pop\u00e9e historique bouleversante qui relate la trag\u00e9die du peuple alg\u00e9rien et ses conditions de vie sous le joug colonial. Le film d\u00e9nonce avec force la politique de la terre br\u00fbl\u00e9e utilis\u00e9e par le colonisateur pour diviser les familles alg\u00e9riennes, les priver de leurs terres ancestrales et leur infliger les pires formes d&rsquo;injustice et de discrimination. Mohamed Lakhdar Hamina avait film\u00e9 ces faits tragiques avec une haute technicit\u00e9 remarquable, mettant particuli\u00e8rement en avant le processus de formation de la conscience nationale face \u00e0 l&rsquo;oppression.<\/p>\n\n\n\n<p>L&rsquo;\u0153uvre r\u00e9unit un casting exceptionnel de figures artistiques alg\u00e9riennes, notamment Larbi Zekkal, Hassan El-Hassani, Sid Ali Kouiret, Kalthoum, Nadia Talbi, Yahia Benmabrouk, Cheikh Nourredine et Boualem Rais, qui ont su donner vie aux personnages avec une authenticit\u00e9 et une \u00e9motion saisissantes. La soir\u00e9e s&rsquo;est enrichie de la projection d&rsquo;un documentaire de court m\u00e9trage intitul\u00e9 \u00ab\u00a0Un homme exceptionnel\u00a0\u00bb, produit par la famille du regrett\u00e9 cin\u00e9aste, offrant un \u00e9clairage intime sur la personnalit\u00e9 et l&rsquo;\u0153uvre de ce g\u00e9ant du septi\u00e8me art alg\u00e9rien. L&rsquo;hommage s&rsquo;est poursuivi avec une lecture \u00e9mouvante de po\u00e8mes populaires extraits des films \u00ab\u00a0Chroniques des Ann\u00e9es de Braise\u00a0\u00bb et \u00ab\u00a0Vent de sable\u00a0\u00bb, interpr\u00e9t\u00e9s par les artistes Hassan Kechache et Mohamed Mahboub, cr\u00e9ant une atmosph\u00e8re de recueillement et de c\u00e9l\u00e9bration digne de l&rsquo;h\u00e9ritage laiss\u00e9 par le ma\u00eetre disparu.<\/p>\n\n\n\n<p>R.C.<\/p>\n","protected":false},"excerpt":{"rendered":"<p>L&rsquo;Op\u00e9ra d&rsquo;Alger a accueilli jeudi soir une c\u00e9r\u00e9monie d&rsquo;exception marquant le cinquanti\u00e8me anniversaire de la cons\u00e9cration de \u00ab\u00a0Chronique des Ann\u00e9es<\/p>\n","protected":false},"author":6,"featured_media":67845,"comment_status":"open","ping_status":"closed","sticky":false,"template":"","format":"standard","meta":{"colormag_page_container_layout":"default_layout","colormag_page_sidebar_layout":"default_layout","om_disable_all_campaigns":false,"_monsterinsights_skip_tracking":false,"_monsterinsights_sitenote_active":false,"_monsterinsights_sitenote_note":"","_monsterinsights_sitenote_category":0,"footnotes":"","_wpscppro_dont_share_socialmedia":false,"_wpscppro_custom_social_share_image":0,"_facebook_share_type":"default","_twitter_share_type":"default","_linkedin_share_type":"default","_pinterest_share_type":"default","_linkedin_share_type_page":"","_instagram_share_type":"default","_medium_share_type":"default","_threads_share_type":"","_google_business_share_type":"","_selected_social_profile":[],"_wpsp_enable_custom_social_template":false,"_wpsp_social_scheduling":{"enabled":false,"datetime":null,"platforms":[],"status":"template_only","dateOption":"today","timeOption":"now","customDays":"","customHours":"","customDate":"","customTime":"","schedulingType":"absolute"},"_wpsp_active_default_template":true},"categories":[36],"tags":[],"class_list":["post-68199","post","type-post","status-publish","format-standard","has-post-thumbnail","hentry","category-culture"],"aioseo_notices":[],"yoast_head":"<!-- This site is optimized with the Yoast SEO plugin v27.5 - https:\/\/yoast.com\/product\/yoast-seo-wordpress\/ -->\n<title>Projection de la version restaur\u00e9e de \u00ab\u00a0Chronique des Ann\u00e9es de Braise\u00a0\u00bb \u00e0 l&rsquo;Op\u00e9ra d&rsquo;Alger : Un \u00ab\u00a0Prix Lakhdar Hamina pour la cr\u00e9ation\u00a0\u00bb instaur\u00e9 - La Sentinelle<\/title>\n<meta name=\"robots\" content=\"index, follow, max-snippet:-1, max-image-preview:large, max-video-preview:-1\" \/>\n<link rel=\"canonical\" href=\"https:\/\/lasentinelle.dz\/index.php\/2025\/05\/31\/projection-de-la-version-restauree-de-chronique-des-annees-de-braise-a-lopera-dalger-un-prix-lakhdar-hamina-pour-la-creation-instaure\/\" \/>\n<meta property=\"og:locale\" content=\"fr_FR\" \/>\n<meta property=\"og:type\" content=\"article\" \/>\n<meta property=\"og:title\" content=\"Projection de la version restaur\u00e9e de \u00ab\u00a0Chronique des Ann\u00e9es de Braise\u00a0\u00bb \u00e0 l&rsquo;Op\u00e9ra d&rsquo;Alger : Un \u00ab\u00a0Prix Lakhdar Hamina pour la cr\u00e9ation\u00a0\u00bb instaur\u00e9 - La Sentinelle\" \/>\n<meta property=\"og:description\" content=\"L&rsquo;Op\u00e9ra d&rsquo;Alger a accueilli jeudi soir une c\u00e9r\u00e9monie d&rsquo;exception marquant le cinquanti\u00e8me anniversaire de la cons\u00e9cration de \u00ab\u00a0Chronique des Ann\u00e9es\" \/>\n<meta property=\"og:url\" content=\"https:\/\/lasentinelle.dz\/index.php\/2025\/05\/31\/projection-de-la-version-restauree-de-chronique-des-annees-de-braise-a-lopera-dalger-un-prix-lakhdar-hamina-pour-la-creation-instaure\/\" \/>\n<meta property=\"og:site_name\" content=\"La Sentinelle\" \/>\n<meta property=\"article:publisher\" content=\"https:\/\/www.facebook.com\/La-Sentinelle-104059864394773\" \/>\n<meta property=\"article:published_time\" content=\"2025-05-31T19:51:43+00:00\" \/>\n<meta property=\"og:image\" content=\"https:\/\/lasentinelle.dz\/wp-content\/uploads\/2025\/05\/hamina.webp\" \/>\n\t<meta property=\"og:image:width\" content=\"900\" \/>\n\t<meta property=\"og:image:height\" content=\"675\" \/>\n\t<meta property=\"og:image:type\" content=\"image\/webp\" \/>\n<meta name=\"author\" content=\"admin\" \/>\n<meta name=\"twitter:card\" content=\"summary_large_image\" \/>\n<meta name=\"twitter:label1\" content=\"\u00c9crit par\" \/>\n\t<meta name=\"twitter:data1\" content=\"admin\" \/>\n\t<meta name=\"twitter:label2\" content=\"Dur\u00e9e de lecture estim\u00e9e\" \/>\n\t<meta name=\"twitter:data2\" content=\"4 minutes\" \/>\n<script type=\"application\/ld+json\" class=\"yoast-schema-graph\">{\"@context\":\"https:\\\/\\\/schema.org\",\"@graph\":[{\"@type\":\"Article\",\"@id\":\"https:\\\/\\\/lasentinelle.dz\\\/index.php\\\/2025\\\/05\\\/31\\\/projection-de-la-version-restauree-de-chronique-des-annees-de-braise-a-lopera-dalger-un-prix-lakhdar-hamina-pour-la-creation-instaure\\\/#article\",\"isPartOf\":{\"@id\":\"https:\\\/\\\/lasentinelle.dz\\\/index.php\\\/2025\\\/05\\\/31\\\/projection-de-la-version-restauree-de-chronique-des-annees-de-braise-a-lopera-dalger-un-prix-lakhdar-hamina-pour-la-creation-instaure\\\/\"},\"author\":{\"name\":\"admin\",\"@id\":\"https:\\\/\\\/lasentinelle.dz\\\/#\\\/schema\\\/person\\\/729ee0024f24e0b8c5ec17232f8e8b41\"},\"headline\":\"Projection de la version restaur\u00e9e de \u00ab\u00a0Chronique des Ann\u00e9es de Braise\u00a0\u00bb \u00e0 l&rsquo;Op\u00e9ra d&rsquo;Alger : Un \u00ab\u00a0Prix Lakhdar Hamina pour la cr\u00e9ation\u00a0\u00bb instaur\u00e9\",\"datePublished\":\"2025-05-31T19:51:43+00:00\",\"mainEntityOfPage\":{\"@id\":\"https:\\\/\\\/lasentinelle.dz\\\/index.php\\\/2025\\\/05\\\/31\\\/projection-de-la-version-restauree-de-chronique-des-annees-de-braise-a-lopera-dalger-un-prix-lakhdar-hamina-pour-la-creation-instaure\\\/\"},\"wordCount\":862,\"commentCount\":0,\"publisher\":{\"@id\":\"https:\\\/\\\/lasentinelle.dz\\\/#organization\"},\"image\":{\"@id\":\"https:\\\/\\\/lasentinelle.dz\\\/index.php\\\/2025\\\/05\\\/31\\\/projection-de-la-version-restauree-de-chronique-des-annees-de-braise-a-lopera-dalger-un-prix-lakhdar-hamina-pour-la-creation-instaure\\\/#primaryimage\"},\"thumbnailUrl\":\"https:\\\/\\\/lasentinelle.dz\\\/wp-content\\\/uploads\\\/2025\\\/05\\\/hamina.webp\",\"articleSection\":[\"Culture\"],\"inLanguage\":\"fr-FR\",\"potentialAction\":[{\"@type\":\"CommentAction\",\"name\":\"Comment\",\"target\":[\"https:\\\/\\\/lasentinelle.dz\\\/index.php\\\/2025\\\/05\\\/31\\\/projection-de-la-version-restauree-de-chronique-des-annees-de-braise-a-lopera-dalger-un-prix-lakhdar-hamina-pour-la-creation-instaure\\\/#respond\"]}]},{\"@type\":\"WebPage\",\"@id\":\"https:\\\/\\\/lasentinelle.dz\\\/index.php\\\/2025\\\/05\\\/31\\\/projection-de-la-version-restauree-de-chronique-des-annees-de-braise-a-lopera-dalger-un-prix-lakhdar-hamina-pour-la-creation-instaure\\\/\",\"url\":\"https:\\\/\\\/lasentinelle.dz\\\/index.php\\\/2025\\\/05\\\/31\\\/projection-de-la-version-restauree-de-chronique-des-annees-de-braise-a-lopera-dalger-un-prix-lakhdar-hamina-pour-la-creation-instaure\\\/\",\"name\":\"Projection de la version restaur\u00e9e de \u00ab\u00a0Chronique des Ann\u00e9es de Braise\u00a0\u00bb \u00e0 l&rsquo;Op\u00e9ra d&rsquo;Alger : Un \u00ab\u00a0Prix Lakhdar Hamina pour la cr\u00e9ation\u00a0\u00bb instaur\u00e9 - La Sentinelle\",\"isPartOf\":{\"@id\":\"https:\\\/\\\/lasentinelle.dz\\\/#website\"},\"primaryImageOfPage\":{\"@id\":\"https:\\\/\\\/lasentinelle.dz\\\/index.php\\\/2025\\\/05\\\/31\\\/projection-de-la-version-restauree-de-chronique-des-annees-de-braise-a-lopera-dalger-un-prix-lakhdar-hamina-pour-la-creation-instaure\\\/#primaryimage\"},\"image\":{\"@id\":\"https:\\\/\\\/lasentinelle.dz\\\/index.php\\\/2025\\\/05\\\/31\\\/projection-de-la-version-restauree-de-chronique-des-annees-de-braise-a-lopera-dalger-un-prix-lakhdar-hamina-pour-la-creation-instaure\\\/#primaryimage\"},\"thumbnailUrl\":\"https:\\\/\\\/lasentinelle.dz\\\/wp-content\\\/uploads\\\/2025\\\/05\\\/hamina.webp\",\"datePublished\":\"2025-05-31T19:51:43+00:00\",\"breadcrumb\":{\"@id\":\"https:\\\/\\\/lasentinelle.dz\\\/index.php\\\/2025\\\/05\\\/31\\\/projection-de-la-version-restauree-de-chronique-des-annees-de-braise-a-lopera-dalger-un-prix-lakhdar-hamina-pour-la-creation-instaure\\\/#breadcrumb\"},\"inLanguage\":\"fr-FR\",\"potentialAction\":[{\"@type\":\"ReadAction\",\"target\":[\"https:\\\/\\\/lasentinelle.dz\\\/index.php\\\/2025\\\/05\\\/31\\\/projection-de-la-version-restauree-de-chronique-des-annees-de-braise-a-lopera-dalger-un-prix-lakhdar-hamina-pour-la-creation-instaure\\\/\"]}]},{\"@type\":\"ImageObject\",\"inLanguage\":\"fr-FR\",\"@id\":\"https:\\\/\\\/lasentinelle.dz\\\/index.php\\\/2025\\\/05\\\/31\\\/projection-de-la-version-restauree-de-chronique-des-annees-de-braise-a-lopera-dalger-un-prix-lakhdar-hamina-pour-la-creation-instaure\\\/#primaryimage\",\"url\":\"https:\\\/\\\/lasentinelle.dz\\\/wp-content\\\/uploads\\\/2025\\\/05\\\/hamina.webp\",\"contentUrl\":\"https:\\\/\\\/lasentinelle.dz\\\/wp-content\\\/uploads\\\/2025\\\/05\\\/hamina.webp\",\"width\":900,\"height\":675},{\"@type\":\"BreadcrumbList\",\"@id\":\"https:\\\/\\\/lasentinelle.dz\\\/index.php\\\/2025\\\/05\\\/31\\\/projection-de-la-version-restauree-de-chronique-des-annees-de-braise-a-lopera-dalger-un-prix-lakhdar-hamina-pour-la-creation-instaure\\\/#breadcrumb\",\"itemListElement\":[{\"@type\":\"ListItem\",\"position\":1,\"name\":\"Accueil\",\"item\":\"https:\\\/\\\/lasentinelle.dz\\\/\"},{\"@type\":\"ListItem\",\"position\":2,\"name\":\"Projection de la version restaur\u00e9e de \u00ab\u00a0Chronique des Ann\u00e9es de Braise\u00a0\u00bb \u00e0 l&rsquo;Op\u00e9ra d&rsquo;Alger : Un \u00ab\u00a0Prix Lakhdar Hamina pour la cr\u00e9ation\u00a0\u00bb instaur\u00e9\"}]},{\"@type\":\"WebSite\",\"@id\":\"https:\\\/\\\/lasentinelle.dz\\\/#website\",\"url\":\"https:\\\/\\\/lasentinelle.dz\\\/\",\"name\":\"La Sentinelle\",\"description\":\"Quotidien national d&#039;information\",\"publisher\":{\"@id\":\"https:\\\/\\\/lasentinelle.dz\\\/#organization\"},\"potentialAction\":[{\"@type\":\"SearchAction\",\"target\":{\"@type\":\"EntryPoint\",\"urlTemplate\":\"https:\\\/\\\/lasentinelle.dz\\\/?s={search_term_string}\"},\"query-input\":{\"@type\":\"PropertyValueSpecification\",\"valueRequired\":true,\"valueName\":\"search_term_string\"}}],\"inLanguage\":\"fr-FR\"},{\"@type\":\"Organization\",\"@id\":\"https:\\\/\\\/lasentinelle.dz\\\/#organization\",\"name\":\"Quotidien La Sentinelle\",\"url\":\"https:\\\/\\\/lasentinelle.dz\\\/\",\"logo\":{\"@type\":\"ImageObject\",\"inLanguage\":\"fr-FR\",\"@id\":\"https:\\\/\\\/lasentinelle.dz\\\/#\\\/schema\\\/logo\\\/image\\\/\",\"url\":\"https:\\\/\\\/lasentinelle.dz\\\/wp-content\\\/uploads\\\/2021\\\/09\\\/logo-sentinelleSLOGAN-1.png\",\"contentUrl\":\"https:\\\/\\\/lasentinelle.dz\\\/wp-content\\\/uploads\\\/2021\\\/09\\\/logo-sentinelleSLOGAN-1.png\",\"width\":615,\"height\":142,\"caption\":\"Quotidien La Sentinelle\"},\"image\":{\"@id\":\"https:\\\/\\\/lasentinelle.dz\\\/#\\\/schema\\\/logo\\\/image\\\/\"},\"sameAs\":[\"https:\\\/\\\/www.facebook.com\\\/La-Sentinelle-104059864394773\"]},{\"@type\":\"Person\",\"@id\":\"https:\\\/\\\/lasentinelle.dz\\\/#\\\/schema\\\/person\\\/729ee0024f24e0b8c5ec17232f8e8b41\",\"name\":\"admin\",\"image\":{\"@type\":\"ImageObject\",\"inLanguage\":\"fr-FR\",\"@id\":\"https:\\\/\\\/secure.gravatar.com\\\/avatar\\\/4c81fed838786e9b53f540bf46533e750f5d292099ae3b66cfc6fb1982e29df7?s=96&d=mm&r=g\",\"url\":\"https:\\\/\\\/secure.gravatar.com\\\/avatar\\\/4c81fed838786e9b53f540bf46533e750f5d292099ae3b66cfc6fb1982e29df7?s=96&d=mm&r=g\",\"contentUrl\":\"https:\\\/\\\/secure.gravatar.com\\\/avatar\\\/4c81fed838786e9b53f540bf46533e750f5d292099ae3b66cfc6fb1982e29df7?s=96&d=mm&r=g\",\"caption\":\"admin\"},\"description\":\"admin\",\"url\":\"https:\\\/\\\/lasentinelle.dz\\\/author\\\/admin\\\/\"}]}<\/script>\n<!-- \/ Yoast SEO plugin. -->","yoast_head_json":{"title":"Projection de la version restaur\u00e9e de \u00ab\u00a0Chronique des Ann\u00e9es de Braise\u00a0\u00bb \u00e0 l&rsquo;Op\u00e9ra d&rsquo;Alger : Un \u00ab\u00a0Prix Lakhdar Hamina pour la cr\u00e9ation\u00a0\u00bb instaur\u00e9 - La Sentinelle","robots":{"index":"index","follow":"follow","max-snippet":"max-snippet:-1","max-image-preview":"max-image-preview:large","max-video-preview":"max-video-preview:-1"},"canonical":"https:\/\/lasentinelle.dz\/index.php\/2025\/05\/31\/projection-de-la-version-restauree-de-chronique-des-annees-de-braise-a-lopera-dalger-un-prix-lakhdar-hamina-pour-la-creation-instaure\/","og_locale":"fr_FR","og_type":"article","og_title":"Projection de la version restaur\u00e9e de \u00ab\u00a0Chronique des Ann\u00e9es de Braise\u00a0\u00bb \u00e0 l&rsquo;Op\u00e9ra d&rsquo;Alger : Un \u00ab\u00a0Prix Lakhdar Hamina pour la cr\u00e9ation\u00a0\u00bb instaur\u00e9 - La Sentinelle","og_description":"L&rsquo;Op\u00e9ra d&rsquo;Alger a accueilli jeudi soir une c\u00e9r\u00e9monie d&rsquo;exception marquant le cinquanti\u00e8me anniversaire de la cons\u00e9cration de \u00ab\u00a0Chronique des Ann\u00e9es","og_url":"https:\/\/lasentinelle.dz\/index.php\/2025\/05\/31\/projection-de-la-version-restauree-de-chronique-des-annees-de-braise-a-lopera-dalger-un-prix-lakhdar-hamina-pour-la-creation-instaure\/","og_site_name":"La Sentinelle","article_publisher":"https:\/\/www.facebook.com\/La-Sentinelle-104059864394773","article_published_time":"2025-05-31T19:51:43+00:00","og_image":[{"width":900,"height":675,"url":"https:\/\/lasentinelle.dz\/wp-content\/uploads\/2025\/05\/hamina.webp","type":"image\/webp"}],"author":"admin","twitter_card":"summary_large_image","twitter_misc":{"\u00c9crit par":"admin","Dur\u00e9e de lecture estim\u00e9e":"4 minutes"},"schema":{"@context":"https:\/\/schema.org","@graph":[{"@type":"Article","@id":"https:\/\/lasentinelle.dz\/index.php\/2025\/05\/31\/projection-de-la-version-restauree-de-chronique-des-annees-de-braise-a-lopera-dalger-un-prix-lakhdar-hamina-pour-la-creation-instaure\/#article","isPartOf":{"@id":"https:\/\/lasentinelle.dz\/index.php\/2025\/05\/31\/projection-de-la-version-restauree-de-chronique-des-annees-de-braise-a-lopera-dalger-un-prix-lakhdar-hamina-pour-la-creation-instaure\/"},"author":{"name":"admin","@id":"https:\/\/lasentinelle.dz\/#\/schema\/person\/729ee0024f24e0b8c5ec17232f8e8b41"},"headline":"Projection de la version restaur\u00e9e de \u00ab\u00a0Chronique des Ann\u00e9es de Braise\u00a0\u00bb \u00e0 l&rsquo;Op\u00e9ra d&rsquo;Alger : Un \u00ab\u00a0Prix Lakhdar Hamina pour la cr\u00e9ation\u00a0\u00bb instaur\u00e9","datePublished":"2025-05-31T19:51:43+00:00","mainEntityOfPage":{"@id":"https:\/\/lasentinelle.dz\/index.php\/2025\/05\/31\/projection-de-la-version-restauree-de-chronique-des-annees-de-braise-a-lopera-dalger-un-prix-lakhdar-hamina-pour-la-creation-instaure\/"},"wordCount":862,"commentCount":0,"publisher":{"@id":"https:\/\/lasentinelle.dz\/#organization"},"image":{"@id":"https:\/\/lasentinelle.dz\/index.php\/2025\/05\/31\/projection-de-la-version-restauree-de-chronique-des-annees-de-braise-a-lopera-dalger-un-prix-lakhdar-hamina-pour-la-creation-instaure\/#primaryimage"},"thumbnailUrl":"https:\/\/lasentinelle.dz\/wp-content\/uploads\/2025\/05\/hamina.webp","articleSection":["Culture"],"inLanguage":"fr-FR","potentialAction":[{"@type":"CommentAction","name":"Comment","target":["https:\/\/lasentinelle.dz\/index.php\/2025\/05\/31\/projection-de-la-version-restauree-de-chronique-des-annees-de-braise-a-lopera-dalger-un-prix-lakhdar-hamina-pour-la-creation-instaure\/#respond"]}]},{"@type":"WebPage","@id":"https:\/\/lasentinelle.dz\/index.php\/2025\/05\/31\/projection-de-la-version-restauree-de-chronique-des-annees-de-braise-a-lopera-dalger-un-prix-lakhdar-hamina-pour-la-creation-instaure\/","url":"https:\/\/lasentinelle.dz\/index.php\/2025\/05\/31\/projection-de-la-version-restauree-de-chronique-des-annees-de-braise-a-lopera-dalger-un-prix-lakhdar-hamina-pour-la-creation-instaure\/","name":"Projection de la version restaur\u00e9e de \u00ab\u00a0Chronique des Ann\u00e9es de Braise\u00a0\u00bb \u00e0 l&rsquo;Op\u00e9ra d&rsquo;Alger : Un \u00ab\u00a0Prix Lakhdar Hamina pour la cr\u00e9ation\u00a0\u00bb instaur\u00e9 - La Sentinelle","isPartOf":{"@id":"https:\/\/lasentinelle.dz\/#website"},"primaryImageOfPage":{"@id":"https:\/\/lasentinelle.dz\/index.php\/2025\/05\/31\/projection-de-la-version-restauree-de-chronique-des-annees-de-braise-a-lopera-dalger-un-prix-lakhdar-hamina-pour-la-creation-instaure\/#primaryimage"},"image":{"@id":"https:\/\/lasentinelle.dz\/index.php\/2025\/05\/31\/projection-de-la-version-restauree-de-chronique-des-annees-de-braise-a-lopera-dalger-un-prix-lakhdar-hamina-pour-la-creation-instaure\/#primaryimage"},"thumbnailUrl":"https:\/\/lasentinelle.dz\/wp-content\/uploads\/2025\/05\/hamina.webp","datePublished":"2025-05-31T19:51:43+00:00","breadcrumb":{"@id":"https:\/\/lasentinelle.dz\/index.php\/2025\/05\/31\/projection-de-la-version-restauree-de-chronique-des-annees-de-braise-a-lopera-dalger-un-prix-lakhdar-hamina-pour-la-creation-instaure\/#breadcrumb"},"inLanguage":"fr-FR","potentialAction":[{"@type":"ReadAction","target":["https:\/\/lasentinelle.dz\/index.php\/2025\/05\/31\/projection-de-la-version-restauree-de-chronique-des-annees-de-braise-a-lopera-dalger-un-prix-lakhdar-hamina-pour-la-creation-instaure\/"]}]},{"@type":"ImageObject","inLanguage":"fr-FR","@id":"https:\/\/lasentinelle.dz\/index.php\/2025\/05\/31\/projection-de-la-version-restauree-de-chronique-des-annees-de-braise-a-lopera-dalger-un-prix-lakhdar-hamina-pour-la-creation-instaure\/#primaryimage","url":"https:\/\/lasentinelle.dz\/wp-content\/uploads\/2025\/05\/hamina.webp","contentUrl":"https:\/\/lasentinelle.dz\/wp-content\/uploads\/2025\/05\/hamina.webp","width":900,"height":675},{"@type":"BreadcrumbList","@id":"https:\/\/lasentinelle.dz\/index.php\/2025\/05\/31\/projection-de-la-version-restauree-de-chronique-des-annees-de-braise-a-lopera-dalger-un-prix-lakhdar-hamina-pour-la-creation-instaure\/#breadcrumb","itemListElement":[{"@type":"ListItem","position":1,"name":"Accueil","item":"https:\/\/lasentinelle.dz\/"},{"@type":"ListItem","position":2,"name":"Projection de la version restaur\u00e9e de \u00ab\u00a0Chronique des Ann\u00e9es de Braise\u00a0\u00bb \u00e0 l&rsquo;Op\u00e9ra d&rsquo;Alger : Un \u00ab\u00a0Prix Lakhdar Hamina pour la cr\u00e9ation\u00a0\u00bb instaur\u00e9"}]},{"@type":"WebSite","@id":"https:\/\/lasentinelle.dz\/#website","url":"https:\/\/lasentinelle.dz\/","name":"La Sentinelle","description":"Quotidien national d&#039;information","publisher":{"@id":"https:\/\/lasentinelle.dz\/#organization"},"potentialAction":[{"@type":"SearchAction","target":{"@type":"EntryPoint","urlTemplate":"https:\/\/lasentinelle.dz\/?s={search_term_string}"},"query-input":{"@type":"PropertyValueSpecification","valueRequired":true,"valueName":"search_term_string"}}],"inLanguage":"fr-FR"},{"@type":"Organization","@id":"https:\/\/lasentinelle.dz\/#organization","name":"Quotidien La Sentinelle","url":"https:\/\/lasentinelle.dz\/","logo":{"@type":"ImageObject","inLanguage":"fr-FR","@id":"https:\/\/lasentinelle.dz\/#\/schema\/logo\/image\/","url":"https:\/\/lasentinelle.dz\/wp-content\/uploads\/2021\/09\/logo-sentinelleSLOGAN-1.png","contentUrl":"https:\/\/lasentinelle.dz\/wp-content\/uploads\/2021\/09\/logo-sentinelleSLOGAN-1.png","width":615,"height":142,"caption":"Quotidien La Sentinelle"},"image":{"@id":"https:\/\/lasentinelle.dz\/#\/schema\/logo\/image\/"},"sameAs":["https:\/\/www.facebook.com\/La-Sentinelle-104059864394773"]},{"@type":"Person","@id":"https:\/\/lasentinelle.dz\/#\/schema\/person\/729ee0024f24e0b8c5ec17232f8e8b41","name":"admin","image":{"@type":"ImageObject","inLanguage":"fr-FR","@id":"https:\/\/secure.gravatar.com\/avatar\/4c81fed838786e9b53f540bf46533e750f5d292099ae3b66cfc6fb1982e29df7?s=96&d=mm&r=g","url":"https:\/\/secure.gravatar.com\/avatar\/4c81fed838786e9b53f540bf46533e750f5d292099ae3b66cfc6fb1982e29df7?s=96&d=mm&r=g","contentUrl":"https:\/\/secure.gravatar.com\/avatar\/4c81fed838786e9b53f540bf46533e750f5d292099ae3b66cfc6fb1982e29df7?s=96&d=mm&r=g","caption":"admin"},"description":"admin","url":"https:\/\/lasentinelle.dz\/author\/admin\/"}]}},"_links":{"self":[{"href":"https:\/\/lasentinelle.dz\/index.php\/wp-json\/wp\/v2\/posts\/68199","targetHints":{"allow":["GET"]}}],"collection":[{"href":"https:\/\/lasentinelle.dz\/index.php\/wp-json\/wp\/v2\/posts"}],"about":[{"href":"https:\/\/lasentinelle.dz\/index.php\/wp-json\/wp\/v2\/types\/post"}],"author":[{"embeddable":true,"href":"https:\/\/lasentinelle.dz\/index.php\/wp-json\/wp\/v2\/users\/6"}],"replies":[{"embeddable":true,"href":"https:\/\/lasentinelle.dz\/index.php\/wp-json\/wp\/v2\/comments?post=68199"}],"version-history":[{"count":2,"href":"https:\/\/lasentinelle.dz\/index.php\/wp-json\/wp\/v2\/posts\/68199\/revisions"}],"predecessor-version":[{"id":68201,"href":"https:\/\/lasentinelle.dz\/index.php\/wp-json\/wp\/v2\/posts\/68199\/revisions\/68201"}],"wp:featuredmedia":[{"embeddable":true,"href":"https:\/\/lasentinelle.dz\/index.php\/wp-json\/wp\/v2\/media\/67845"}],"wp:attachment":[{"href":"https:\/\/lasentinelle.dz\/index.php\/wp-json\/wp\/v2\/media?parent=68199"}],"wp:term":[{"taxonomy":"category","embeddable":true,"href":"https:\/\/lasentinelle.dz\/index.php\/wp-json\/wp\/v2\/categories?post=68199"},{"taxonomy":"post_tag","embeddable":true,"href":"https:\/\/lasentinelle.dz\/index.php\/wp-json\/wp\/v2\/tags?post=68199"}],"curies":[{"name":"wp","href":"https:\/\/api.w.org\/{rel}","templated":true}]}}