{"id":68202,"date":"2025-05-31T20:53:28","date_gmt":"2025-05-31T19:53:28","guid":{"rendered":"https:\/\/lasentinelle.dz\/?p=68202"},"modified":"2025-05-31T20:53:28","modified_gmt":"2025-05-31T19:53:28","slug":"festival-national-de-litterature-et-cinema-de-la-femme-de-saida-terre-de-vengeance-danis-djaad-triomphe","status":"publish","type":"post","link":"https:\/\/lasentinelle.dz\/index.php\/2025\/05\/31\/festival-national-de-litterature-et-cinema-de-la-femme-de-saida-terre-de-vengeance-danis-djaad-triomphe\/","title":{"rendered":"Festival national de litt\u00e9rature et cin\u00e9ma de la femme de Sa\u00efda : \u00ab\u00a0Terre de vengeance\u00a0\u00bb d&rsquo;Anis Dj\u00e2ad triomphe"},"content":{"rendered":"\n<p>Le long-m\u00e9trage \u00ab\u00a0Terre de vengeance\u00a0\u00bb du r\u00e9alisateur alg\u00e9rien Anis Dj\u00e2ad a remport\u00e9 le prestigieux \u00ab\u00a0Khalkh\u00e2l d&rsquo;or\u00a0\u00bb du meilleur film lors de la huiti\u00e8me \u00e9dition du Festival national de litt\u00e9rature et cin\u00e9ma de la femme, dont la c\u00e9r\u00e9monie de cl\u00f4ture s&rsquo;est d\u00e9roul\u00e9e vendredi soir au Th\u00e9\u00e2tre r\u00e9gional Sirat Boumediene de Sa\u00efda. Cette distinction vient couronner un \u00e9v\u00e9nement culturel d&rsquo;envergure qui a mobilis\u00e9 pendant cinq jours de nombreux cr\u00e9ateurs du secteur audiovisuel et litt\u00e9raire alg\u00e9rien. L&rsquo;\u0153uvre prim\u00e9e raconte l&rsquo;histoire poignante de Djamel, un homme confront\u00e9 aux difficult\u00e9s de r\u00e9insertion sociale apr\u00e8s sa sortie de prison. Ce personnage au caract\u00e8re obstin\u00e9 dissimule une col\u00e8re profonde et un d\u00e9sir de vengeance, aliment\u00e9s par sa volont\u00e9 de r\u00e9cup\u00e9rer ce qui lui a \u00e9t\u00e9 d\u00e9rob\u00e9 suite \u00e0 une s\u00e9rie de trahisons et d&rsquo;exploitations. Les responsables de sa chute ne sont autres que son ancien patron et sa propre \u00e9pouse, qui l&rsquo;a abandonn\u00e9 en le privant non seulement de ses biens mais \u00e9galement de tout contact avec son fils unique. Cette trame dramatique explore avec finesse les m\u00e9canismes psychologiques de la ranc\u0153ur et les cons\u00e9quences destructrices de l&rsquo;injustice sociale. Le r\u00e9cit prend une nouvelle dimension lorsque Djamel d\u00e9cide de retourner dans son village natal pour tenter de cultiver une parcelle de terre et reconstruire sa vie. Cependant, ses efforts se heurtent \u00e0 des obstacles qu&rsquo;il d\u00e9couvre progressivement comme \u00e9tant intentionnels, r\u00e9v\u00e9lant l&rsquo;existence d&rsquo;un conflit ancestral entre familles locales qui l&rsquo;oblige \u00e0 reconsid\u00e9rer enti\u00e8rement son projet de renaissance personnelle.<\/p>\n\n\n\n<p>Anis Dj\u00e2ad, sc\u00e9nariste et r\u00e9alisateur accompli, s&rsquo;est forg\u00e9 une solide r\u00e9putation dans le paysage cin\u00e9matographique national depuis son premier court-m\u00e9trage \u00ab\u00a0La Br\u00e8che\u00a0\u00bb r\u00e9alis\u00e9 en 2012. Sa filmographie s&rsquo;est ensuite enrichie avec \u00ab\u00a0Le Passage\u00a0\u00bb en 2014, puis \u00ab\u00a0Le Voyage de Kaltoum\u00a0\u00bb en 2016, \u0153uvre qui lui a permis de participer \u00e0 plusieurs festivals internationaux prestigieux en Tunisie, Jordanie et France, ainsi qu&rsquo;\u00e0 diverses manifestations culturelles organis\u00e9es sur le territoire alg\u00e9rien.<\/p>\n\n\n\n<p>La c\u00e9r\u00e9monie a \u00e9galement mis \u00e0 l&rsquo;honneur l&rsquo;\u00e9crivaine Hattab Hadjer Nour El Houda, laur\u00e9ate du prix de la nouvelle pour son \u0153uvre \u00ab\u00a0Ailes cendr\u00e9es\u00a0\u00bb.<\/p>\n\n\n\n<p>Le wali de Sa\u00efda, Ammoun Marmouri, a pr\u00e9sid\u00e9 cette c\u00e9r\u00e9monie de cl\u00f4ture en pr\u00e9sence des autorit\u00e9s civiles et militaires locales. Dans son intervention, le responsable local a exhort\u00e9 l&rsquo;ensemble des acteurs culturels \u00e0 investir r\u00e9ellement dans les domaines artistique et culturel, appelant \u00e0 une mobilisation collective pour faire de la wilaya de Sa\u00efda un v\u00e9ritable p\u00f4le d&rsquo;attraction culturelle et artistique. La soir\u00e9e a \u00e9galement rendu hommage \u00e0 la romanci\u00e8re Kheira Hawasnia ainsi qu&rsquo;aux membres du jury du Khalkh\u00e2l d&rsquo;or, soulignant l&rsquo;importance de leur contribution \u00e0 la promotion de la cr\u00e9ation artistique f\u00e9minine. Le public pr\u00e9sent a pu appr\u00e9cier des interm\u00e8des musicaux qui ont ponctu\u00e9 cette c\u00e9l\u00e9bration de la huiti\u00e8me \u00e9dition du festival, cr\u00e9ant une atmosph\u00e8re festive et conviviale propice aux \u00e9changes entre artistes et spectateurs.<\/p>\n\n\n\n<p>Cette manifestation culturelle s&rsquo;est distingu\u00e9e par la participation remarquable de nombreux r\u00e9alisateurs, r\u00e9alisatrices, artistes, \u00e9crivains et romanciers qui ont enrichi la programmation de leurs interventions et cr\u00e9ations. L&rsquo;\u00e9v\u00e9nement, organis\u00e9 par le commissariat du festival culturel de litt\u00e9rature et cin\u00e9ma de la femme de Sa\u00efda, a propos\u00e9 tout au long de ces cinq journ\u00e9es des s\u00e9ances intellectuelles et litt\u00e9raires ainsi que des master classes \u00e0 la Maison de la culture et des arts. Ces rencontres ont \u00e9t\u00e9 anim\u00e9es par les romanci\u00e8res Khaoula Hawasnia, Hattab Hadjer Nour El Houda et Kheira Hamr El A\u00efn, offrant au public des moments d&rsquo;\u00e9change privil\u00e9gi\u00e9s avec des figures embl\u00e9matiques de la litt\u00e9rature f\u00e9minine alg\u00e9rienne contemporaine.<\/p>\n\n\n\n<p>Mohand S.<\/p>\n","protected":false},"excerpt":{"rendered":"<p>Le long-m\u00e9trage \u00ab\u00a0Terre de vengeance\u00a0\u00bb du r\u00e9alisateur alg\u00e9rien Anis Dj\u00e2ad a remport\u00e9 le prestigieux \u00ab\u00a0Khalkh\u00e2l d&rsquo;or\u00a0\u00bb du meilleur film lors<\/p>\n","protected":false},"author":6,"featured_media":68203,"comment_status":"open","ping_status":"closed","sticky":false,"template":"","format":"standard","meta":{"colormag_page_container_layout":"default_layout","colormag_page_sidebar_layout":"default_layout","om_disable_all_campaigns":false,"_monsterinsights_skip_tracking":false,"_monsterinsights_sitenote_active":false,"_monsterinsights_sitenote_note":"","_monsterinsights_sitenote_category":0,"footnotes":"","_wpscppro_dont_share_socialmedia":false,"_wpscppro_custom_social_share_image":0,"_facebook_share_type":"default","_twitter_share_type":"default","_linkedin_share_type":"default","_pinterest_share_type":"default","_linkedin_share_type_page":"","_instagram_share_type":"default","_medium_share_type":"default","_threads_share_type":"","_google_business_share_type":"","_selected_social_profile":[],"_wpsp_enable_custom_social_template":false,"_wpsp_social_scheduling":{"enabled":false,"datetime":null,"platforms":[],"status":"template_only","dateOption":"today","timeOption":"now","customDays":"","customHours":"","customDate":"","customTime":"","schedulingType":"absolute"},"_wpsp_active_default_template":true},"categories":[36],"tags":[],"class_list":["post-68202","post","type-post","status-publish","format-standard","has-post-thumbnail","hentry","category-culture"],"aioseo_notices":[],"yoast_head":"<!-- This site is optimized with the Yoast SEO plugin v27.5 - https:\/\/yoast.com\/product\/yoast-seo-wordpress\/ -->\n<title>Festival national de litt\u00e9rature et cin\u00e9ma de la femme de Sa\u00efda : \u00ab\u00a0Terre de vengeance\u00a0\u00bb d&rsquo;Anis Dj\u00e2ad triomphe - La Sentinelle<\/title>\n<meta name=\"robots\" content=\"index, follow, max-snippet:-1, max-image-preview:large, max-video-preview:-1\" \/>\n<link rel=\"canonical\" href=\"https:\/\/lasentinelle.dz\/index.php\/2025\/05\/31\/festival-national-de-litterature-et-cinema-de-la-femme-de-saida-terre-de-vengeance-danis-djaad-triomphe\/\" \/>\n<meta property=\"og:locale\" content=\"fr_FR\" \/>\n<meta property=\"og:type\" content=\"article\" \/>\n<meta property=\"og:title\" content=\"Festival national de litt\u00e9rature et cin\u00e9ma de la femme de Sa\u00efda : \u00ab\u00a0Terre de vengeance\u00a0\u00bb d&rsquo;Anis Dj\u00e2ad triomphe - La Sentinelle\" \/>\n<meta property=\"og:description\" content=\"Le long-m\u00e9trage \u00ab\u00a0Terre de vengeance\u00a0\u00bb du r\u00e9alisateur alg\u00e9rien Anis Dj\u00e2ad a remport\u00e9 le prestigieux \u00ab\u00a0Khalkh\u00e2l d&rsquo;or\u00a0\u00bb du meilleur film lors\" \/>\n<meta property=\"og:url\" content=\"https:\/\/lasentinelle.dz\/index.php\/2025\/05\/31\/festival-national-de-litterature-et-cinema-de-la-femme-de-saida-terre-de-vengeance-danis-djaad-triomphe\/\" \/>\n<meta property=\"og:site_name\" content=\"La Sentinelle\" \/>\n<meta property=\"article:publisher\" content=\"https:\/\/www.facebook.com\/La-Sentinelle-104059864394773\" \/>\n<meta property=\"article:published_time\" content=\"2025-05-31T19:53:28+00:00\" \/>\n<meta property=\"og:image\" content=\"https:\/\/lasentinelle.dz\/wp-content\/uploads\/2025\/05\/Capture-decran-2025-05-31-a-12.15.42.png\" \/>\n\t<meta property=\"og:image:width\" content=\"1200\" \/>\n\t<meta property=\"og:image:height\" content=\"885\" \/>\n\t<meta property=\"og:image:type\" content=\"image\/png\" \/>\n<meta name=\"author\" content=\"admin\" \/>\n<meta name=\"twitter:card\" content=\"summary_large_image\" \/>\n<meta name=\"twitter:label1\" content=\"\u00c9crit par\" \/>\n\t<meta name=\"twitter:data1\" content=\"admin\" \/>\n\t<meta name=\"twitter:label2\" content=\"Dur\u00e9e de lecture estim\u00e9e\" \/>\n\t<meta name=\"twitter:data2\" content=\"4 minutes\" \/>\n<script type=\"application\/ld+json\" class=\"yoast-schema-graph\">{\"@context\":\"https:\\\/\\\/schema.org\",\"@graph\":[{\"@type\":\"Article\",\"@id\":\"https:\\\/\\\/lasentinelle.dz\\\/index.php\\\/2025\\\/05\\\/31\\\/festival-national-de-litterature-et-cinema-de-la-femme-de-saida-terre-de-vengeance-danis-djaad-triomphe\\\/#article\",\"isPartOf\":{\"@id\":\"https:\\\/\\\/lasentinelle.dz\\\/index.php\\\/2025\\\/05\\\/31\\\/festival-national-de-litterature-et-cinema-de-la-femme-de-saida-terre-de-vengeance-danis-djaad-triomphe\\\/\"},\"author\":{\"name\":\"admin\",\"@id\":\"https:\\\/\\\/lasentinelle.dz\\\/#\\\/schema\\\/person\\\/729ee0024f24e0b8c5ec17232f8e8b41\"},\"headline\":\"Festival national de litt\u00e9rature et cin\u00e9ma de la femme de Sa\u00efda : \u00ab\u00a0Terre de vengeance\u00a0\u00bb d&rsquo;Anis Dj\u00e2ad triomphe\",\"datePublished\":\"2025-05-31T19:53:28+00:00\",\"mainEntityOfPage\":{\"@id\":\"https:\\\/\\\/lasentinelle.dz\\\/index.php\\\/2025\\\/05\\\/31\\\/festival-national-de-litterature-et-cinema-de-la-femme-de-saida-terre-de-vengeance-danis-djaad-triomphe\\\/\"},\"wordCount\":704,\"commentCount\":0,\"publisher\":{\"@id\":\"https:\\\/\\\/lasentinelle.dz\\\/#organization\"},\"image\":{\"@id\":\"https:\\\/\\\/lasentinelle.dz\\\/index.php\\\/2025\\\/05\\\/31\\\/festival-national-de-litterature-et-cinema-de-la-femme-de-saida-terre-de-vengeance-danis-djaad-triomphe\\\/#primaryimage\"},\"thumbnailUrl\":\"https:\\\/\\\/lasentinelle.dz\\\/wp-content\\\/uploads\\\/2025\\\/05\\\/Capture-decran-2025-05-31-a-12.15.42.png\",\"articleSection\":[\"Culture\"],\"inLanguage\":\"fr-FR\",\"potentialAction\":[{\"@type\":\"CommentAction\",\"name\":\"Comment\",\"target\":[\"https:\\\/\\\/lasentinelle.dz\\\/index.php\\\/2025\\\/05\\\/31\\\/festival-national-de-litterature-et-cinema-de-la-femme-de-saida-terre-de-vengeance-danis-djaad-triomphe\\\/#respond\"]}]},{\"@type\":\"WebPage\",\"@id\":\"https:\\\/\\\/lasentinelle.dz\\\/index.php\\\/2025\\\/05\\\/31\\\/festival-national-de-litterature-et-cinema-de-la-femme-de-saida-terre-de-vengeance-danis-djaad-triomphe\\\/\",\"url\":\"https:\\\/\\\/lasentinelle.dz\\\/index.php\\\/2025\\\/05\\\/31\\\/festival-national-de-litterature-et-cinema-de-la-femme-de-saida-terre-de-vengeance-danis-djaad-triomphe\\\/\",\"name\":\"Festival national de litt\u00e9rature et cin\u00e9ma de la femme de Sa\u00efda : \u00ab\u00a0Terre de vengeance\u00a0\u00bb d&rsquo;Anis Dj\u00e2ad triomphe - La Sentinelle\",\"isPartOf\":{\"@id\":\"https:\\\/\\\/lasentinelle.dz\\\/#website\"},\"primaryImageOfPage\":{\"@id\":\"https:\\\/\\\/lasentinelle.dz\\\/index.php\\\/2025\\\/05\\\/31\\\/festival-national-de-litterature-et-cinema-de-la-femme-de-saida-terre-de-vengeance-danis-djaad-triomphe\\\/#primaryimage\"},\"image\":{\"@id\":\"https:\\\/\\\/lasentinelle.dz\\\/index.php\\\/2025\\\/05\\\/31\\\/festival-national-de-litterature-et-cinema-de-la-femme-de-saida-terre-de-vengeance-danis-djaad-triomphe\\\/#primaryimage\"},\"thumbnailUrl\":\"https:\\\/\\\/lasentinelle.dz\\\/wp-content\\\/uploads\\\/2025\\\/05\\\/Capture-decran-2025-05-31-a-12.15.42.png\",\"datePublished\":\"2025-05-31T19:53:28+00:00\",\"breadcrumb\":{\"@id\":\"https:\\\/\\\/lasentinelle.dz\\\/index.php\\\/2025\\\/05\\\/31\\\/festival-national-de-litterature-et-cinema-de-la-femme-de-saida-terre-de-vengeance-danis-djaad-triomphe\\\/#breadcrumb\"},\"inLanguage\":\"fr-FR\",\"potentialAction\":[{\"@type\":\"ReadAction\",\"target\":[\"https:\\\/\\\/lasentinelle.dz\\\/index.php\\\/2025\\\/05\\\/31\\\/festival-national-de-litterature-et-cinema-de-la-femme-de-saida-terre-de-vengeance-danis-djaad-triomphe\\\/\"]}]},{\"@type\":\"ImageObject\",\"inLanguage\":\"fr-FR\",\"@id\":\"https:\\\/\\\/lasentinelle.dz\\\/index.php\\\/2025\\\/05\\\/31\\\/festival-national-de-litterature-et-cinema-de-la-femme-de-saida-terre-de-vengeance-danis-djaad-triomphe\\\/#primaryimage\",\"url\":\"https:\\\/\\\/lasentinelle.dz\\\/wp-content\\\/uploads\\\/2025\\\/05\\\/Capture-decran-2025-05-31-a-12.15.42.png\",\"contentUrl\":\"https:\\\/\\\/lasentinelle.dz\\\/wp-content\\\/uploads\\\/2025\\\/05\\\/Capture-decran-2025-05-31-a-12.15.42.png\",\"width\":1200,\"height\":885},{\"@type\":\"BreadcrumbList\",\"@id\":\"https:\\\/\\\/lasentinelle.dz\\\/index.php\\\/2025\\\/05\\\/31\\\/festival-national-de-litterature-et-cinema-de-la-femme-de-saida-terre-de-vengeance-danis-djaad-triomphe\\\/#breadcrumb\",\"itemListElement\":[{\"@type\":\"ListItem\",\"position\":1,\"name\":\"Accueil\",\"item\":\"https:\\\/\\\/lasentinelle.dz\\\/\"},{\"@type\":\"ListItem\",\"position\":2,\"name\":\"Festival national de litt\u00e9rature et cin\u00e9ma de la femme de Sa\u00efda : \u00ab\u00a0Terre de vengeance\u00a0\u00bb d&rsquo;Anis Dj\u00e2ad triomphe\"}]},{\"@type\":\"WebSite\",\"@id\":\"https:\\\/\\\/lasentinelle.dz\\\/#website\",\"url\":\"https:\\\/\\\/lasentinelle.dz\\\/\",\"name\":\"La Sentinelle\",\"description\":\"Quotidien national d&#039;information\",\"publisher\":{\"@id\":\"https:\\\/\\\/lasentinelle.dz\\\/#organization\"},\"potentialAction\":[{\"@type\":\"SearchAction\",\"target\":{\"@type\":\"EntryPoint\",\"urlTemplate\":\"https:\\\/\\\/lasentinelle.dz\\\/?s={search_term_string}\"},\"query-input\":{\"@type\":\"PropertyValueSpecification\",\"valueRequired\":true,\"valueName\":\"search_term_string\"}}],\"inLanguage\":\"fr-FR\"},{\"@type\":\"Organization\",\"@id\":\"https:\\\/\\\/lasentinelle.dz\\\/#organization\",\"name\":\"Quotidien La Sentinelle\",\"url\":\"https:\\\/\\\/lasentinelle.dz\\\/\",\"logo\":{\"@type\":\"ImageObject\",\"inLanguage\":\"fr-FR\",\"@id\":\"https:\\\/\\\/lasentinelle.dz\\\/#\\\/schema\\\/logo\\\/image\\\/\",\"url\":\"https:\\\/\\\/lasentinelle.dz\\\/wp-content\\\/uploads\\\/2021\\\/09\\\/logo-sentinelleSLOGAN-1.png\",\"contentUrl\":\"https:\\\/\\\/lasentinelle.dz\\\/wp-content\\\/uploads\\\/2021\\\/09\\\/logo-sentinelleSLOGAN-1.png\",\"width\":615,\"height\":142,\"caption\":\"Quotidien La Sentinelle\"},\"image\":{\"@id\":\"https:\\\/\\\/lasentinelle.dz\\\/#\\\/schema\\\/logo\\\/image\\\/\"},\"sameAs\":[\"https:\\\/\\\/www.facebook.com\\\/La-Sentinelle-104059864394773\"]},{\"@type\":\"Person\",\"@id\":\"https:\\\/\\\/lasentinelle.dz\\\/#\\\/schema\\\/person\\\/729ee0024f24e0b8c5ec17232f8e8b41\",\"name\":\"admin\",\"image\":{\"@type\":\"ImageObject\",\"inLanguage\":\"fr-FR\",\"@id\":\"https:\\\/\\\/secure.gravatar.com\\\/avatar\\\/4c81fed838786e9b53f540bf46533e750f5d292099ae3b66cfc6fb1982e29df7?s=96&d=mm&r=g\",\"url\":\"https:\\\/\\\/secure.gravatar.com\\\/avatar\\\/4c81fed838786e9b53f540bf46533e750f5d292099ae3b66cfc6fb1982e29df7?s=96&d=mm&r=g\",\"contentUrl\":\"https:\\\/\\\/secure.gravatar.com\\\/avatar\\\/4c81fed838786e9b53f540bf46533e750f5d292099ae3b66cfc6fb1982e29df7?s=96&d=mm&r=g\",\"caption\":\"admin\"},\"description\":\"admin\",\"url\":\"https:\\\/\\\/lasentinelle.dz\\\/author\\\/admin\\\/\"}]}<\/script>\n<!-- \/ Yoast SEO plugin. -->","yoast_head_json":{"title":"Festival national de litt\u00e9rature et cin\u00e9ma de la femme de Sa\u00efda : \u00ab\u00a0Terre de vengeance\u00a0\u00bb d&rsquo;Anis Dj\u00e2ad triomphe - La Sentinelle","robots":{"index":"index","follow":"follow","max-snippet":"max-snippet:-1","max-image-preview":"max-image-preview:large","max-video-preview":"max-video-preview:-1"},"canonical":"https:\/\/lasentinelle.dz\/index.php\/2025\/05\/31\/festival-national-de-litterature-et-cinema-de-la-femme-de-saida-terre-de-vengeance-danis-djaad-triomphe\/","og_locale":"fr_FR","og_type":"article","og_title":"Festival national de litt\u00e9rature et cin\u00e9ma de la femme de Sa\u00efda : \u00ab\u00a0Terre de vengeance\u00a0\u00bb d&rsquo;Anis Dj\u00e2ad triomphe - La Sentinelle","og_description":"Le long-m\u00e9trage \u00ab\u00a0Terre de vengeance\u00a0\u00bb du r\u00e9alisateur alg\u00e9rien Anis Dj\u00e2ad a remport\u00e9 le prestigieux \u00ab\u00a0Khalkh\u00e2l d&rsquo;or\u00a0\u00bb du meilleur film lors","og_url":"https:\/\/lasentinelle.dz\/index.php\/2025\/05\/31\/festival-national-de-litterature-et-cinema-de-la-femme-de-saida-terre-de-vengeance-danis-djaad-triomphe\/","og_site_name":"La Sentinelle","article_publisher":"https:\/\/www.facebook.com\/La-Sentinelle-104059864394773","article_published_time":"2025-05-31T19:53:28+00:00","og_image":[{"width":1200,"height":885,"url":"https:\/\/lasentinelle.dz\/wp-content\/uploads\/2025\/05\/Capture-decran-2025-05-31-a-12.15.42.png","type":"image\/png"}],"author":"admin","twitter_card":"summary_large_image","twitter_misc":{"\u00c9crit par":"admin","Dur\u00e9e de lecture estim\u00e9e":"4 minutes"},"schema":{"@context":"https:\/\/schema.org","@graph":[{"@type":"Article","@id":"https:\/\/lasentinelle.dz\/index.php\/2025\/05\/31\/festival-national-de-litterature-et-cinema-de-la-femme-de-saida-terre-de-vengeance-danis-djaad-triomphe\/#article","isPartOf":{"@id":"https:\/\/lasentinelle.dz\/index.php\/2025\/05\/31\/festival-national-de-litterature-et-cinema-de-la-femme-de-saida-terre-de-vengeance-danis-djaad-triomphe\/"},"author":{"name":"admin","@id":"https:\/\/lasentinelle.dz\/#\/schema\/person\/729ee0024f24e0b8c5ec17232f8e8b41"},"headline":"Festival national de litt\u00e9rature et cin\u00e9ma de la femme de Sa\u00efda : \u00ab\u00a0Terre de vengeance\u00a0\u00bb d&rsquo;Anis Dj\u00e2ad triomphe","datePublished":"2025-05-31T19:53:28+00:00","mainEntityOfPage":{"@id":"https:\/\/lasentinelle.dz\/index.php\/2025\/05\/31\/festival-national-de-litterature-et-cinema-de-la-femme-de-saida-terre-de-vengeance-danis-djaad-triomphe\/"},"wordCount":704,"commentCount":0,"publisher":{"@id":"https:\/\/lasentinelle.dz\/#organization"},"image":{"@id":"https:\/\/lasentinelle.dz\/index.php\/2025\/05\/31\/festival-national-de-litterature-et-cinema-de-la-femme-de-saida-terre-de-vengeance-danis-djaad-triomphe\/#primaryimage"},"thumbnailUrl":"https:\/\/lasentinelle.dz\/wp-content\/uploads\/2025\/05\/Capture-decran-2025-05-31-a-12.15.42.png","articleSection":["Culture"],"inLanguage":"fr-FR","potentialAction":[{"@type":"CommentAction","name":"Comment","target":["https:\/\/lasentinelle.dz\/index.php\/2025\/05\/31\/festival-national-de-litterature-et-cinema-de-la-femme-de-saida-terre-de-vengeance-danis-djaad-triomphe\/#respond"]}]},{"@type":"WebPage","@id":"https:\/\/lasentinelle.dz\/index.php\/2025\/05\/31\/festival-national-de-litterature-et-cinema-de-la-femme-de-saida-terre-de-vengeance-danis-djaad-triomphe\/","url":"https:\/\/lasentinelle.dz\/index.php\/2025\/05\/31\/festival-national-de-litterature-et-cinema-de-la-femme-de-saida-terre-de-vengeance-danis-djaad-triomphe\/","name":"Festival national de litt\u00e9rature et cin\u00e9ma de la femme de Sa\u00efda : \u00ab\u00a0Terre de vengeance\u00a0\u00bb d&rsquo;Anis Dj\u00e2ad triomphe - La Sentinelle","isPartOf":{"@id":"https:\/\/lasentinelle.dz\/#website"},"primaryImageOfPage":{"@id":"https:\/\/lasentinelle.dz\/index.php\/2025\/05\/31\/festival-national-de-litterature-et-cinema-de-la-femme-de-saida-terre-de-vengeance-danis-djaad-triomphe\/#primaryimage"},"image":{"@id":"https:\/\/lasentinelle.dz\/index.php\/2025\/05\/31\/festival-national-de-litterature-et-cinema-de-la-femme-de-saida-terre-de-vengeance-danis-djaad-triomphe\/#primaryimage"},"thumbnailUrl":"https:\/\/lasentinelle.dz\/wp-content\/uploads\/2025\/05\/Capture-decran-2025-05-31-a-12.15.42.png","datePublished":"2025-05-31T19:53:28+00:00","breadcrumb":{"@id":"https:\/\/lasentinelle.dz\/index.php\/2025\/05\/31\/festival-national-de-litterature-et-cinema-de-la-femme-de-saida-terre-de-vengeance-danis-djaad-triomphe\/#breadcrumb"},"inLanguage":"fr-FR","potentialAction":[{"@type":"ReadAction","target":["https:\/\/lasentinelle.dz\/index.php\/2025\/05\/31\/festival-national-de-litterature-et-cinema-de-la-femme-de-saida-terre-de-vengeance-danis-djaad-triomphe\/"]}]},{"@type":"ImageObject","inLanguage":"fr-FR","@id":"https:\/\/lasentinelle.dz\/index.php\/2025\/05\/31\/festival-national-de-litterature-et-cinema-de-la-femme-de-saida-terre-de-vengeance-danis-djaad-triomphe\/#primaryimage","url":"https:\/\/lasentinelle.dz\/wp-content\/uploads\/2025\/05\/Capture-decran-2025-05-31-a-12.15.42.png","contentUrl":"https:\/\/lasentinelle.dz\/wp-content\/uploads\/2025\/05\/Capture-decran-2025-05-31-a-12.15.42.png","width":1200,"height":885},{"@type":"BreadcrumbList","@id":"https:\/\/lasentinelle.dz\/index.php\/2025\/05\/31\/festival-national-de-litterature-et-cinema-de-la-femme-de-saida-terre-de-vengeance-danis-djaad-triomphe\/#breadcrumb","itemListElement":[{"@type":"ListItem","position":1,"name":"Accueil","item":"https:\/\/lasentinelle.dz\/"},{"@type":"ListItem","position":2,"name":"Festival national de litt\u00e9rature et cin\u00e9ma de la femme de Sa\u00efda : \u00ab\u00a0Terre de vengeance\u00a0\u00bb d&rsquo;Anis Dj\u00e2ad triomphe"}]},{"@type":"WebSite","@id":"https:\/\/lasentinelle.dz\/#website","url":"https:\/\/lasentinelle.dz\/","name":"La Sentinelle","description":"Quotidien national d&#039;information","publisher":{"@id":"https:\/\/lasentinelle.dz\/#organization"},"potentialAction":[{"@type":"SearchAction","target":{"@type":"EntryPoint","urlTemplate":"https:\/\/lasentinelle.dz\/?s={search_term_string}"},"query-input":{"@type":"PropertyValueSpecification","valueRequired":true,"valueName":"search_term_string"}}],"inLanguage":"fr-FR"},{"@type":"Organization","@id":"https:\/\/lasentinelle.dz\/#organization","name":"Quotidien La Sentinelle","url":"https:\/\/lasentinelle.dz\/","logo":{"@type":"ImageObject","inLanguage":"fr-FR","@id":"https:\/\/lasentinelle.dz\/#\/schema\/logo\/image\/","url":"https:\/\/lasentinelle.dz\/wp-content\/uploads\/2021\/09\/logo-sentinelleSLOGAN-1.png","contentUrl":"https:\/\/lasentinelle.dz\/wp-content\/uploads\/2021\/09\/logo-sentinelleSLOGAN-1.png","width":615,"height":142,"caption":"Quotidien La Sentinelle"},"image":{"@id":"https:\/\/lasentinelle.dz\/#\/schema\/logo\/image\/"},"sameAs":["https:\/\/www.facebook.com\/La-Sentinelle-104059864394773"]},{"@type":"Person","@id":"https:\/\/lasentinelle.dz\/#\/schema\/person\/729ee0024f24e0b8c5ec17232f8e8b41","name":"admin","image":{"@type":"ImageObject","inLanguage":"fr-FR","@id":"https:\/\/secure.gravatar.com\/avatar\/4c81fed838786e9b53f540bf46533e750f5d292099ae3b66cfc6fb1982e29df7?s=96&d=mm&r=g","url":"https:\/\/secure.gravatar.com\/avatar\/4c81fed838786e9b53f540bf46533e750f5d292099ae3b66cfc6fb1982e29df7?s=96&d=mm&r=g","contentUrl":"https:\/\/secure.gravatar.com\/avatar\/4c81fed838786e9b53f540bf46533e750f5d292099ae3b66cfc6fb1982e29df7?s=96&d=mm&r=g","caption":"admin"},"description":"admin","url":"https:\/\/lasentinelle.dz\/author\/admin\/"}]}},"_links":{"self":[{"href":"https:\/\/lasentinelle.dz\/index.php\/wp-json\/wp\/v2\/posts\/68202","targetHints":{"allow":["GET"]}}],"collection":[{"href":"https:\/\/lasentinelle.dz\/index.php\/wp-json\/wp\/v2\/posts"}],"about":[{"href":"https:\/\/lasentinelle.dz\/index.php\/wp-json\/wp\/v2\/types\/post"}],"author":[{"embeddable":true,"href":"https:\/\/lasentinelle.dz\/index.php\/wp-json\/wp\/v2\/users\/6"}],"replies":[{"embeddable":true,"href":"https:\/\/lasentinelle.dz\/index.php\/wp-json\/wp\/v2\/comments?post=68202"}],"version-history":[{"count":2,"href":"https:\/\/lasentinelle.dz\/index.php\/wp-json\/wp\/v2\/posts\/68202\/revisions"}],"predecessor-version":[{"id":68205,"href":"https:\/\/lasentinelle.dz\/index.php\/wp-json\/wp\/v2\/posts\/68202\/revisions\/68205"}],"wp:featuredmedia":[{"embeddable":true,"href":"https:\/\/lasentinelle.dz\/index.php\/wp-json\/wp\/v2\/media\/68203"}],"wp:attachment":[{"href":"https:\/\/lasentinelle.dz\/index.php\/wp-json\/wp\/v2\/media?parent=68202"}],"wp:term":[{"taxonomy":"category","embeddable":true,"href":"https:\/\/lasentinelle.dz\/index.php\/wp-json\/wp\/v2\/categories?post=68202"},{"taxonomy":"post_tag","embeddable":true,"href":"https:\/\/lasentinelle.dz\/index.php\/wp-json\/wp\/v2\/tags?post=68202"}],"curies":[{"name":"wp","href":"https:\/\/api.w.org\/{rel}","templated":true}]}}