{"id":68206,"date":"2025-05-31T20:54:12","date_gmt":"2025-05-31T19:54:12","guid":{"rendered":"https:\/\/lasentinelle.dz\/?p=68206"},"modified":"2025-05-31T20:54:13","modified_gmt":"2025-05-31T19:54:13","slug":"yasmina-khadra-lecriture-doit-servir-dinstrument-de-conscience","status":"publish","type":"post","link":"https:\/\/lasentinelle.dz\/index.php\/2025\/05\/31\/yasmina-khadra-lecriture-doit-servir-dinstrument-de-conscience\/","title":{"rendered":"Yasmina Khadra \u00a0: \u00ab\u00a0L&rsquo;\u00e9criture doit servir d&rsquo;instrument de conscience\u00a0\u00bb"},"content":{"rendered":"\n<p>Yasmina Khadra a anim\u00e9 une conf\u00e9rence de presse en marge du Festival national de litt\u00e9rature et cin\u00e9ma f\u00e9minins organis\u00e9 dans la wilaya de Sa\u00efda. Cette rencontre a constitu\u00e9 un moment culturel et intellectuel particuli\u00e8rement riche, permettant \u00e0 l&rsquo;auteur d&rsquo;aborder diverses probl\u00e9matiques nationales et internationales tout en exposant sa vision du r\u00f4le transformateur de l&rsquo;art et de la litt\u00e9rature dans nos soci\u00e9t\u00e9s contemporaines.<\/p>\n\n\n\n<p>D\u00e8s l&rsquo;ouverture de cette rencontre, Yasmina Khadra a exprim\u00e9 sa satisfaction de participer \u00e0 cet espace culturel d\u00e9di\u00e9 \u00e0 la c\u00e9l\u00e9bration de la femme alg\u00e9rienne, soulignant l&rsquo;importance cruciale de ce festival comme plateforme de convergence entre cr\u00e9ation litt\u00e9raire et cin\u00e9matographique. Il a particuli\u00e8rement insist\u00e9 sur la valeur de cet \u00e9v\u00e9nement comme terrain d&rsquo;exploration des enjeux f\u00e9minins sous diff\u00e9rents angles, permettant ainsi une approche plurielle et nuanc\u00e9e des questions li\u00e9es \u00e0 la condition f\u00e9minine dans la soci\u00e9t\u00e9 alg\u00e9rienne. L&rsquo;intervention du romancier s&rsquo;est articul\u00e9e autour d&rsquo;une conception exigeante de la litt\u00e9rature, qu&rsquo;il refuse de cantonner au seul plaisir esth\u00e9tique. Pour Khadra, l&rsquo;\u00e9criture doit imp\u00e9rativement servir d&rsquo;instrument de conscience et d&rsquo;\u00e9mancipation, constituant un espace privil\u00e9gi\u00e9 de critique sociale et de d\u00e9passement du r\u00e9el. Cette vision militante de l&rsquo;art litt\u00e9raire s&rsquo;accompagne d&rsquo;une r\u00e9flexion approfondie sur le roman comme miroir des mutations sociales et politiques, l&rsquo;auteur insistant sur la responsabilit\u00e9 fondamentale qui incombe \u00e0 l&rsquo;\u00e9crivain face au pouvoir des mots, particuli\u00e8rement dans les p\u00e9riodes troubl\u00e9es que traversent les peuples.<\/p>\n\n\n\n<p>La th\u00e9matique centrale du festival consacr\u00e9 \u00e0 l&rsquo;art f\u00e9minin a naturellement conduit Yasmina Khadra \u00e0 d\u00e9velopper longuement sa conception de la place des femmes dans son \u0153uvre romanesque. L&rsquo;\u00e9crivain a pr\u00e9cis\u00e9 que les personnages f\u00e9minins occupent g\u00e9n\u00e9ralement une position centrale dans ses r\u00e9cits, incarnant des figures de force et de r\u00e9sistance face aux contraintes du r\u00e9el. Ces h\u00e9ro\u00efnes litt\u00e9raires se distinguent par leur capacit\u00e9 \u00e0 d\u00e9fier les conventions \u00e9tablies et \u00e0 porter un regard critique sur leur environnement social et politique.<\/p>\n\n\n\n<p>La conf\u00e9rence n&rsquo;a pas \u00e9chapp\u00e9 \u00e0 une dimension critique concernant l&rsquo;\u00e9tat actuel de la culture dans le monde arabe. Yasmina Khadra a manifest\u00e9 ses pr\u00e9occupations face au d\u00e9clin observable de la pratique de lecture et \u00e0 l&rsquo;affaiblissement g\u00e9n\u00e9ral de l&rsquo;activit\u00e9 culturelle, ph\u00e9nom\u00e8nes qu&rsquo;il attribue en partie \u00e0 l&#8217;emprise croissante d&rsquo;une technologie souvent superficielle. Face \u00e0 ce constat alarmant, l&rsquo;auteur a plaid\u00e9 avec force pour une revalorisation urgente de la culture, qu&rsquo;il consid\u00e8re comme un pilier indispensable au d\u00e9veloppement et \u00e0 la renaissance des soci\u00e9t\u00e9s contemporaines.<\/p>\n\n\n\n<p>Les \u00e9changes avec les journalistes et participants pr\u00e9sents ont permis d&rsquo;approfondir les r\u00e9flexions de l&rsquo;\u00e9crivain sur plusieurs sujets cruciaux pour l&rsquo;avenir litt\u00e9raire du pays. Les discussions ont notamment port\u00e9 sur les perspectives d&rsquo;\u00e9volution de la litt\u00e9rature alg\u00e9rienne, les d\u00e9fis actuels du secteur \u00e9ditorial, ainsi que sur le r\u00f4le d\u00e9terminant que devraient jouer les institutions dans l&rsquo;accompagnement et le soutien aux cr\u00e9ateurs. Cette s\u00e9ance de questions-r\u00e9ponses a \u00e9galement \u00e9t\u00e9 l&rsquo;occasion pour Yasmina Khadra d&rsquo;exprimer son espoir de voir de telles manifestations culturelles contribuer efficacement \u00e0 la diffusion d&rsquo;un esprit de dialogue constructif et de cr\u00e9ativit\u00e9, tout en favorisant l&rsquo;\u00e9tablissement de liens durables entre les diff\u00e9rentes g\u00e9n\u00e9rations d&rsquo;artistes et d&rsquo;intellectuels alg\u00e9riens.<\/p>\n\n\n\n<p>Mohand Seghir<\/p>\n","protected":false},"excerpt":{"rendered":"<p>Yasmina Khadra a anim\u00e9 une conf\u00e9rence de presse en marge du Festival national de litt\u00e9rature et cin\u00e9ma f\u00e9minins organis\u00e9 dans<\/p>\n","protected":false},"author":6,"featured_media":16994,"comment_status":"open","ping_status":"closed","sticky":false,"template":"","format":"standard","meta":{"colormag_page_container_layout":"default_layout","colormag_page_sidebar_layout":"default_layout","om_disable_all_campaigns":false,"_monsterinsights_skip_tracking":false,"_monsterinsights_sitenote_active":false,"_monsterinsights_sitenote_note":"","_monsterinsights_sitenote_category":0,"footnotes":"","_wpscppro_dont_share_socialmedia":false,"_wpscppro_custom_social_share_image":0,"_facebook_share_type":"default","_twitter_share_type":"default","_linkedin_share_type":"default","_pinterest_share_type":"default","_linkedin_share_type_page":"","_instagram_share_type":"default","_medium_share_type":"default","_threads_share_type":"","_google_business_share_type":"","_selected_social_profile":[],"_wpsp_enable_custom_social_template":false,"_wpsp_social_scheduling":{"enabled":false,"datetime":null,"platforms":[],"status":"template_only","dateOption":"today","timeOption":"now","customDays":"","customHours":"","customDate":"","customTime":"","schedulingType":"absolute"},"_wpsp_active_default_template":true},"categories":[36],"tags":[],"class_list":["post-68206","post","type-post","status-publish","format-standard","has-post-thumbnail","hentry","category-culture"],"aioseo_notices":[],"yoast_head":"<!-- This site is optimized with the Yoast SEO plugin v27.5 - https:\/\/yoast.com\/product\/yoast-seo-wordpress\/ -->\n<title>Yasmina Khadra \u00a0: \u00ab\u00a0L&rsquo;\u00e9criture doit servir d&rsquo;instrument de conscience\u00a0\u00bb - La Sentinelle<\/title>\n<meta name=\"robots\" content=\"index, follow, max-snippet:-1, max-image-preview:large, max-video-preview:-1\" \/>\n<link rel=\"canonical\" href=\"https:\/\/lasentinelle.dz\/index.php\/2025\/05\/31\/yasmina-khadra-lecriture-doit-servir-dinstrument-de-conscience\/\" \/>\n<meta property=\"og:locale\" content=\"fr_FR\" \/>\n<meta property=\"og:type\" content=\"article\" \/>\n<meta property=\"og:title\" content=\"Yasmina Khadra \u00a0: \u00ab\u00a0L&rsquo;\u00e9criture doit servir d&rsquo;instrument de conscience\u00a0\u00bb - La Sentinelle\" \/>\n<meta property=\"og:description\" content=\"Yasmina Khadra a anim\u00e9 une conf\u00e9rence de presse en marge du Festival national de litt\u00e9rature et cin\u00e9ma f\u00e9minins organis\u00e9 dans\" \/>\n<meta property=\"og:url\" content=\"https:\/\/lasentinelle.dz\/index.php\/2025\/05\/31\/yasmina-khadra-lecriture-doit-servir-dinstrument-de-conscience\/\" \/>\n<meta property=\"og:site_name\" content=\"La Sentinelle\" \/>\n<meta property=\"article:publisher\" content=\"https:\/\/www.facebook.com\/La-Sentinelle-104059864394773\" \/>\n<meta property=\"article:published_time\" content=\"2025-05-31T19:54:12+00:00\" \/>\n<meta property=\"article:modified_time\" content=\"2025-05-31T19:54:13+00:00\" \/>\n<meta property=\"og:image\" content=\"https:\/\/lasentinelle.dz\/wp-content\/uploads\/2022\/02\/yasmina-khadra.png\" \/>\n\t<meta property=\"og:image:width\" content=\"1350\" \/>\n\t<meta property=\"og:image:height\" content=\"900\" \/>\n\t<meta property=\"og:image:type\" content=\"image\/png\" \/>\n<meta name=\"author\" content=\"admin\" \/>\n<meta name=\"twitter:card\" content=\"summary_large_image\" \/>\n<meta name=\"twitter:label1\" content=\"\u00c9crit par\" \/>\n\t<meta name=\"twitter:data1\" content=\"admin\" \/>\n\t<meta name=\"twitter:label2\" content=\"Dur\u00e9e de lecture estim\u00e9e\" \/>\n\t<meta name=\"twitter:data2\" content=\"3 minutes\" \/>\n<script type=\"application\/ld+json\" class=\"yoast-schema-graph\">{\"@context\":\"https:\\\/\\\/schema.org\",\"@graph\":[{\"@type\":\"Article\",\"@id\":\"https:\\\/\\\/lasentinelle.dz\\\/index.php\\\/2025\\\/05\\\/31\\\/yasmina-khadra-lecriture-doit-servir-dinstrument-de-conscience\\\/#article\",\"isPartOf\":{\"@id\":\"https:\\\/\\\/lasentinelle.dz\\\/index.php\\\/2025\\\/05\\\/31\\\/yasmina-khadra-lecriture-doit-servir-dinstrument-de-conscience\\\/\"},\"author\":{\"name\":\"admin\",\"@id\":\"https:\\\/\\\/lasentinelle.dz\\\/#\\\/schema\\\/person\\\/729ee0024f24e0b8c5ec17232f8e8b41\"},\"headline\":\"Yasmina Khadra \u00a0: \u00ab\u00a0L&rsquo;\u00e9criture doit servir d&rsquo;instrument de conscience\u00a0\u00bb\",\"datePublished\":\"2025-05-31T19:54:12+00:00\",\"dateModified\":\"2025-05-31T19:54:13+00:00\",\"mainEntityOfPage\":{\"@id\":\"https:\\\/\\\/lasentinelle.dz\\\/index.php\\\/2025\\\/05\\\/31\\\/yasmina-khadra-lecriture-doit-servir-dinstrument-de-conscience\\\/\"},\"wordCount\":621,\"commentCount\":0,\"publisher\":{\"@id\":\"https:\\\/\\\/lasentinelle.dz\\\/#organization\"},\"image\":{\"@id\":\"https:\\\/\\\/lasentinelle.dz\\\/index.php\\\/2025\\\/05\\\/31\\\/yasmina-khadra-lecriture-doit-servir-dinstrument-de-conscience\\\/#primaryimage\"},\"thumbnailUrl\":\"https:\\\/\\\/lasentinelle.dz\\\/wp-content\\\/uploads\\\/2022\\\/02\\\/yasmina-khadra.png\",\"articleSection\":[\"Culture\"],\"inLanguage\":\"fr-FR\",\"potentialAction\":[{\"@type\":\"CommentAction\",\"name\":\"Comment\",\"target\":[\"https:\\\/\\\/lasentinelle.dz\\\/index.php\\\/2025\\\/05\\\/31\\\/yasmina-khadra-lecriture-doit-servir-dinstrument-de-conscience\\\/#respond\"]}]},{\"@type\":\"WebPage\",\"@id\":\"https:\\\/\\\/lasentinelle.dz\\\/index.php\\\/2025\\\/05\\\/31\\\/yasmina-khadra-lecriture-doit-servir-dinstrument-de-conscience\\\/\",\"url\":\"https:\\\/\\\/lasentinelle.dz\\\/index.php\\\/2025\\\/05\\\/31\\\/yasmina-khadra-lecriture-doit-servir-dinstrument-de-conscience\\\/\",\"name\":\"Yasmina Khadra \u00a0: \u00ab\u00a0L&rsquo;\u00e9criture doit servir d&rsquo;instrument de conscience\u00a0\u00bb - La Sentinelle\",\"isPartOf\":{\"@id\":\"https:\\\/\\\/lasentinelle.dz\\\/#website\"},\"primaryImageOfPage\":{\"@id\":\"https:\\\/\\\/lasentinelle.dz\\\/index.php\\\/2025\\\/05\\\/31\\\/yasmina-khadra-lecriture-doit-servir-dinstrument-de-conscience\\\/#primaryimage\"},\"image\":{\"@id\":\"https:\\\/\\\/lasentinelle.dz\\\/index.php\\\/2025\\\/05\\\/31\\\/yasmina-khadra-lecriture-doit-servir-dinstrument-de-conscience\\\/#primaryimage\"},\"thumbnailUrl\":\"https:\\\/\\\/lasentinelle.dz\\\/wp-content\\\/uploads\\\/2022\\\/02\\\/yasmina-khadra.png\",\"datePublished\":\"2025-05-31T19:54:12+00:00\",\"dateModified\":\"2025-05-31T19:54:13+00:00\",\"breadcrumb\":{\"@id\":\"https:\\\/\\\/lasentinelle.dz\\\/index.php\\\/2025\\\/05\\\/31\\\/yasmina-khadra-lecriture-doit-servir-dinstrument-de-conscience\\\/#breadcrumb\"},\"inLanguage\":\"fr-FR\",\"potentialAction\":[{\"@type\":\"ReadAction\",\"target\":[\"https:\\\/\\\/lasentinelle.dz\\\/index.php\\\/2025\\\/05\\\/31\\\/yasmina-khadra-lecriture-doit-servir-dinstrument-de-conscience\\\/\"]}]},{\"@type\":\"ImageObject\",\"inLanguage\":\"fr-FR\",\"@id\":\"https:\\\/\\\/lasentinelle.dz\\\/index.php\\\/2025\\\/05\\\/31\\\/yasmina-khadra-lecriture-doit-servir-dinstrument-de-conscience\\\/#primaryimage\",\"url\":\"https:\\\/\\\/lasentinelle.dz\\\/wp-content\\\/uploads\\\/2022\\\/02\\\/yasmina-khadra.png\",\"contentUrl\":\"https:\\\/\\\/lasentinelle.dz\\\/wp-content\\\/uploads\\\/2022\\\/02\\\/yasmina-khadra.png\",\"width\":1350,\"height\":900},{\"@type\":\"BreadcrumbList\",\"@id\":\"https:\\\/\\\/lasentinelle.dz\\\/index.php\\\/2025\\\/05\\\/31\\\/yasmina-khadra-lecriture-doit-servir-dinstrument-de-conscience\\\/#breadcrumb\",\"itemListElement\":[{\"@type\":\"ListItem\",\"position\":1,\"name\":\"Accueil\",\"item\":\"https:\\\/\\\/lasentinelle.dz\\\/\"},{\"@type\":\"ListItem\",\"position\":2,\"name\":\"Yasmina Khadra \u00a0: \u00ab\u00a0L&rsquo;\u00e9criture doit servir d&rsquo;instrument de conscience\u00a0\u00bb\"}]},{\"@type\":\"WebSite\",\"@id\":\"https:\\\/\\\/lasentinelle.dz\\\/#website\",\"url\":\"https:\\\/\\\/lasentinelle.dz\\\/\",\"name\":\"La Sentinelle\",\"description\":\"Quotidien national d&#039;information\",\"publisher\":{\"@id\":\"https:\\\/\\\/lasentinelle.dz\\\/#organization\"},\"potentialAction\":[{\"@type\":\"SearchAction\",\"target\":{\"@type\":\"EntryPoint\",\"urlTemplate\":\"https:\\\/\\\/lasentinelle.dz\\\/?s={search_term_string}\"},\"query-input\":{\"@type\":\"PropertyValueSpecification\",\"valueRequired\":true,\"valueName\":\"search_term_string\"}}],\"inLanguage\":\"fr-FR\"},{\"@type\":\"Organization\",\"@id\":\"https:\\\/\\\/lasentinelle.dz\\\/#organization\",\"name\":\"Quotidien La Sentinelle\",\"url\":\"https:\\\/\\\/lasentinelle.dz\\\/\",\"logo\":{\"@type\":\"ImageObject\",\"inLanguage\":\"fr-FR\",\"@id\":\"https:\\\/\\\/lasentinelle.dz\\\/#\\\/schema\\\/logo\\\/image\\\/\",\"url\":\"https:\\\/\\\/lasentinelle.dz\\\/wp-content\\\/uploads\\\/2021\\\/09\\\/logo-sentinelleSLOGAN-1.png\",\"contentUrl\":\"https:\\\/\\\/lasentinelle.dz\\\/wp-content\\\/uploads\\\/2021\\\/09\\\/logo-sentinelleSLOGAN-1.png\",\"width\":615,\"height\":142,\"caption\":\"Quotidien La Sentinelle\"},\"image\":{\"@id\":\"https:\\\/\\\/lasentinelle.dz\\\/#\\\/schema\\\/logo\\\/image\\\/\"},\"sameAs\":[\"https:\\\/\\\/www.facebook.com\\\/La-Sentinelle-104059864394773\"]},{\"@type\":\"Person\",\"@id\":\"https:\\\/\\\/lasentinelle.dz\\\/#\\\/schema\\\/person\\\/729ee0024f24e0b8c5ec17232f8e8b41\",\"name\":\"admin\",\"image\":{\"@type\":\"ImageObject\",\"inLanguage\":\"fr-FR\",\"@id\":\"https:\\\/\\\/secure.gravatar.com\\\/avatar\\\/4c81fed838786e9b53f540bf46533e750f5d292099ae3b66cfc6fb1982e29df7?s=96&d=mm&r=g\",\"url\":\"https:\\\/\\\/secure.gravatar.com\\\/avatar\\\/4c81fed838786e9b53f540bf46533e750f5d292099ae3b66cfc6fb1982e29df7?s=96&d=mm&r=g\",\"contentUrl\":\"https:\\\/\\\/secure.gravatar.com\\\/avatar\\\/4c81fed838786e9b53f540bf46533e750f5d292099ae3b66cfc6fb1982e29df7?s=96&d=mm&r=g\",\"caption\":\"admin\"},\"description\":\"admin\",\"url\":\"https:\\\/\\\/lasentinelle.dz\\\/author\\\/admin\\\/\"}]}<\/script>\n<!-- \/ Yoast SEO plugin. -->","yoast_head_json":{"title":"Yasmina Khadra \u00a0: \u00ab\u00a0L&rsquo;\u00e9criture doit servir d&rsquo;instrument de conscience\u00a0\u00bb - La Sentinelle","robots":{"index":"index","follow":"follow","max-snippet":"max-snippet:-1","max-image-preview":"max-image-preview:large","max-video-preview":"max-video-preview:-1"},"canonical":"https:\/\/lasentinelle.dz\/index.php\/2025\/05\/31\/yasmina-khadra-lecriture-doit-servir-dinstrument-de-conscience\/","og_locale":"fr_FR","og_type":"article","og_title":"Yasmina Khadra \u00a0: \u00ab\u00a0L&rsquo;\u00e9criture doit servir d&rsquo;instrument de conscience\u00a0\u00bb - La Sentinelle","og_description":"Yasmina Khadra a anim\u00e9 une conf\u00e9rence de presse en marge du Festival national de litt\u00e9rature et cin\u00e9ma f\u00e9minins organis\u00e9 dans","og_url":"https:\/\/lasentinelle.dz\/index.php\/2025\/05\/31\/yasmina-khadra-lecriture-doit-servir-dinstrument-de-conscience\/","og_site_name":"La Sentinelle","article_publisher":"https:\/\/www.facebook.com\/La-Sentinelle-104059864394773","article_published_time":"2025-05-31T19:54:12+00:00","article_modified_time":"2025-05-31T19:54:13+00:00","og_image":[{"width":1350,"height":900,"url":"https:\/\/lasentinelle.dz\/wp-content\/uploads\/2022\/02\/yasmina-khadra.png","type":"image\/png"}],"author":"admin","twitter_card":"summary_large_image","twitter_misc":{"\u00c9crit par":"admin","Dur\u00e9e de lecture estim\u00e9e":"3 minutes"},"schema":{"@context":"https:\/\/schema.org","@graph":[{"@type":"Article","@id":"https:\/\/lasentinelle.dz\/index.php\/2025\/05\/31\/yasmina-khadra-lecriture-doit-servir-dinstrument-de-conscience\/#article","isPartOf":{"@id":"https:\/\/lasentinelle.dz\/index.php\/2025\/05\/31\/yasmina-khadra-lecriture-doit-servir-dinstrument-de-conscience\/"},"author":{"name":"admin","@id":"https:\/\/lasentinelle.dz\/#\/schema\/person\/729ee0024f24e0b8c5ec17232f8e8b41"},"headline":"Yasmina Khadra \u00a0: \u00ab\u00a0L&rsquo;\u00e9criture doit servir d&rsquo;instrument de conscience\u00a0\u00bb","datePublished":"2025-05-31T19:54:12+00:00","dateModified":"2025-05-31T19:54:13+00:00","mainEntityOfPage":{"@id":"https:\/\/lasentinelle.dz\/index.php\/2025\/05\/31\/yasmina-khadra-lecriture-doit-servir-dinstrument-de-conscience\/"},"wordCount":621,"commentCount":0,"publisher":{"@id":"https:\/\/lasentinelle.dz\/#organization"},"image":{"@id":"https:\/\/lasentinelle.dz\/index.php\/2025\/05\/31\/yasmina-khadra-lecriture-doit-servir-dinstrument-de-conscience\/#primaryimage"},"thumbnailUrl":"https:\/\/lasentinelle.dz\/wp-content\/uploads\/2022\/02\/yasmina-khadra.png","articleSection":["Culture"],"inLanguage":"fr-FR","potentialAction":[{"@type":"CommentAction","name":"Comment","target":["https:\/\/lasentinelle.dz\/index.php\/2025\/05\/31\/yasmina-khadra-lecriture-doit-servir-dinstrument-de-conscience\/#respond"]}]},{"@type":"WebPage","@id":"https:\/\/lasentinelle.dz\/index.php\/2025\/05\/31\/yasmina-khadra-lecriture-doit-servir-dinstrument-de-conscience\/","url":"https:\/\/lasentinelle.dz\/index.php\/2025\/05\/31\/yasmina-khadra-lecriture-doit-servir-dinstrument-de-conscience\/","name":"Yasmina Khadra \u00a0: \u00ab\u00a0L&rsquo;\u00e9criture doit servir d&rsquo;instrument de conscience\u00a0\u00bb - La Sentinelle","isPartOf":{"@id":"https:\/\/lasentinelle.dz\/#website"},"primaryImageOfPage":{"@id":"https:\/\/lasentinelle.dz\/index.php\/2025\/05\/31\/yasmina-khadra-lecriture-doit-servir-dinstrument-de-conscience\/#primaryimage"},"image":{"@id":"https:\/\/lasentinelle.dz\/index.php\/2025\/05\/31\/yasmina-khadra-lecriture-doit-servir-dinstrument-de-conscience\/#primaryimage"},"thumbnailUrl":"https:\/\/lasentinelle.dz\/wp-content\/uploads\/2022\/02\/yasmina-khadra.png","datePublished":"2025-05-31T19:54:12+00:00","dateModified":"2025-05-31T19:54:13+00:00","breadcrumb":{"@id":"https:\/\/lasentinelle.dz\/index.php\/2025\/05\/31\/yasmina-khadra-lecriture-doit-servir-dinstrument-de-conscience\/#breadcrumb"},"inLanguage":"fr-FR","potentialAction":[{"@type":"ReadAction","target":["https:\/\/lasentinelle.dz\/index.php\/2025\/05\/31\/yasmina-khadra-lecriture-doit-servir-dinstrument-de-conscience\/"]}]},{"@type":"ImageObject","inLanguage":"fr-FR","@id":"https:\/\/lasentinelle.dz\/index.php\/2025\/05\/31\/yasmina-khadra-lecriture-doit-servir-dinstrument-de-conscience\/#primaryimage","url":"https:\/\/lasentinelle.dz\/wp-content\/uploads\/2022\/02\/yasmina-khadra.png","contentUrl":"https:\/\/lasentinelle.dz\/wp-content\/uploads\/2022\/02\/yasmina-khadra.png","width":1350,"height":900},{"@type":"BreadcrumbList","@id":"https:\/\/lasentinelle.dz\/index.php\/2025\/05\/31\/yasmina-khadra-lecriture-doit-servir-dinstrument-de-conscience\/#breadcrumb","itemListElement":[{"@type":"ListItem","position":1,"name":"Accueil","item":"https:\/\/lasentinelle.dz\/"},{"@type":"ListItem","position":2,"name":"Yasmina Khadra \u00a0: \u00ab\u00a0L&rsquo;\u00e9criture doit servir d&rsquo;instrument de conscience\u00a0\u00bb"}]},{"@type":"WebSite","@id":"https:\/\/lasentinelle.dz\/#website","url":"https:\/\/lasentinelle.dz\/","name":"La Sentinelle","description":"Quotidien national d&#039;information","publisher":{"@id":"https:\/\/lasentinelle.dz\/#organization"},"potentialAction":[{"@type":"SearchAction","target":{"@type":"EntryPoint","urlTemplate":"https:\/\/lasentinelle.dz\/?s={search_term_string}"},"query-input":{"@type":"PropertyValueSpecification","valueRequired":true,"valueName":"search_term_string"}}],"inLanguage":"fr-FR"},{"@type":"Organization","@id":"https:\/\/lasentinelle.dz\/#organization","name":"Quotidien La Sentinelle","url":"https:\/\/lasentinelle.dz\/","logo":{"@type":"ImageObject","inLanguage":"fr-FR","@id":"https:\/\/lasentinelle.dz\/#\/schema\/logo\/image\/","url":"https:\/\/lasentinelle.dz\/wp-content\/uploads\/2021\/09\/logo-sentinelleSLOGAN-1.png","contentUrl":"https:\/\/lasentinelle.dz\/wp-content\/uploads\/2021\/09\/logo-sentinelleSLOGAN-1.png","width":615,"height":142,"caption":"Quotidien La Sentinelle"},"image":{"@id":"https:\/\/lasentinelle.dz\/#\/schema\/logo\/image\/"},"sameAs":["https:\/\/www.facebook.com\/La-Sentinelle-104059864394773"]},{"@type":"Person","@id":"https:\/\/lasentinelle.dz\/#\/schema\/person\/729ee0024f24e0b8c5ec17232f8e8b41","name":"admin","image":{"@type":"ImageObject","inLanguage":"fr-FR","@id":"https:\/\/secure.gravatar.com\/avatar\/4c81fed838786e9b53f540bf46533e750f5d292099ae3b66cfc6fb1982e29df7?s=96&d=mm&r=g","url":"https:\/\/secure.gravatar.com\/avatar\/4c81fed838786e9b53f540bf46533e750f5d292099ae3b66cfc6fb1982e29df7?s=96&d=mm&r=g","contentUrl":"https:\/\/secure.gravatar.com\/avatar\/4c81fed838786e9b53f540bf46533e750f5d292099ae3b66cfc6fb1982e29df7?s=96&d=mm&r=g","caption":"admin"},"description":"admin","url":"https:\/\/lasentinelle.dz\/author\/admin\/"}]}},"_links":{"self":[{"href":"https:\/\/lasentinelle.dz\/index.php\/wp-json\/wp\/v2\/posts\/68206","targetHints":{"allow":["GET"]}}],"collection":[{"href":"https:\/\/lasentinelle.dz\/index.php\/wp-json\/wp\/v2\/posts"}],"about":[{"href":"https:\/\/lasentinelle.dz\/index.php\/wp-json\/wp\/v2\/types\/post"}],"author":[{"embeddable":true,"href":"https:\/\/lasentinelle.dz\/index.php\/wp-json\/wp\/v2\/users\/6"}],"replies":[{"embeddable":true,"href":"https:\/\/lasentinelle.dz\/index.php\/wp-json\/wp\/v2\/comments?post=68206"}],"version-history":[{"count":2,"href":"https:\/\/lasentinelle.dz\/index.php\/wp-json\/wp\/v2\/posts\/68206\/revisions"}],"predecessor-version":[{"id":68208,"href":"https:\/\/lasentinelle.dz\/index.php\/wp-json\/wp\/v2\/posts\/68206\/revisions\/68208"}],"wp:featuredmedia":[{"embeddable":true,"href":"https:\/\/lasentinelle.dz\/index.php\/wp-json\/wp\/v2\/media\/16994"}],"wp:attachment":[{"href":"https:\/\/lasentinelle.dz\/index.php\/wp-json\/wp\/v2\/media?parent=68206"}],"wp:term":[{"taxonomy":"category","embeddable":true,"href":"https:\/\/lasentinelle.dz\/index.php\/wp-json\/wp\/v2\/categories?post=68206"},{"taxonomy":"post_tag","embeddable":true,"href":"https:\/\/lasentinelle.dz\/index.php\/wp-json\/wp\/v2\/tags?post=68206"}],"curies":[{"name":"wp","href":"https:\/\/api.w.org\/{rel}","templated":true}]}}