{"id":68209,"date":"2025-05-31T20:58:41","date_gmt":"2025-05-31T19:58:41","guid":{"rendered":"https:\/\/lasentinelle.dz\/?p=68209"},"modified":"2025-05-31T20:58:42","modified_gmt":"2025-05-31T19:58:42","slug":"en-u20-les-verts-peaufinent-leur-preparation-a-annaba","status":"publish","type":"post","link":"https:\/\/lasentinelle.dz\/index.php\/2025\/05\/31\/en-u20-les-verts-peaufinent-leur-preparation-a-annaba\/","title":{"rendered":"EN U20 : Les Verts peaufinent leur pr\u00e9paration \u00e0 Annaba"},"content":{"rendered":"\n<p><\/p>\n\n\n\n<p>Le stage de pr\u00e9paration de la s\u00e9lection nationale des moins de 20 ans entre dans sa phase cruciale \u00e0 Annaba o\u00f9 les jeunes Fennecs multiplient les s\u00e9ances de travail dans des conditions optimales qui permettent au staff technique de peaufiner les automatismes et d&rsquo;\u00e9valuer les diff\u00e9rentes options tactiques en vue des prochaines \u00e9ch\u00e9ances internationales. Au troisi\u00e8me jour de regroupement confirme la mont\u00e9e en puissance progressive de cette g\u00e9n\u00e9ration prometteuse qui \u00e9volue dans une atmosph\u00e8re studieuse et d\u00e9termin\u00e9e, t\u00e9moignant de l&rsquo;engagement total des joueurs convoqu\u00e9s pour cette pr\u00e9paration intensive qui s&rsquo;annonce d\u00e9terminante pour la suite de leur parcours en s\u00e9lection. La matin\u00e9e de ce vendredi a \u00e9t\u00e9 consacr\u00e9e \u00e0 une s\u00e9ance d&rsquo;entra\u00eenement particuli\u00e8rement exigeante sur le terrain annexe du complexe du 19 Mai 1956, s\u00e9ance qui a mis l&rsquo;accent sur les aspects tactiques fondamentaux avec un travail sp\u00e9cifique sur les phases de jeu collectives et les automatismes offensifs et d\u00e9fensifs que le staff souhaite voir int\u00e9gr\u00e9s par l&rsquo;ensemble du groupe. Cette s\u00e9ance technique s&rsquo;est cl\u00f4tur\u00e9e par un match d&rsquo;application sur terrain r\u00e9duit qui a r\u00e9v\u00e9l\u00e9 une concurrence acharn\u00e9e entre les joueurs, chacun cherchant \u00e0 tirer son \u00e9pingle du jeu et \u00e0 d\u00e9montrer ses qualit\u00e9s individuelles pour esp\u00e9rer gagner la confiance du staff technique et d\u00e9crocher une place dans les compositions futures. L&rsquo;intensit\u00e9 affich\u00e9e lors de ces oppositions internes t\u00e9moigne de l&rsquo;\u00e9tat d&rsquo;esprit exemplaire qui r\u00e8gne au sein de cette s\u00e9lection U20 o\u00f9 aucune place n&rsquo;est acquise et o\u00f9 chaque joueur doit prouver quotidiennement qu&rsquo;il m\u00e9rite sa convocation. L&rsquo;apr\u00e8s-midi a pris une tonalit\u00e9 diff\u00e9rente avec une activit\u00e9 r\u00e9cr\u00e9ative organis\u00e9e sur la magnifique plage situ\u00e9e \u00e0 proximit\u00e9 imm\u00e9diate de l&rsquo;h\u00f4tel d&rsquo;h\u00e9bergement, moment de d\u00e9tente et de d\u00e9compression qui s&rsquo;inscrit parfaitement dans la philosophie moderne de pr\u00e9paration des \u00e9quipes nationales o\u00f9 l&rsquo;aspect psychologique et la coh\u00e9sion du groupe occupent une place aussi importante que le travail purement technique et physique. Le programme \u00e9tabli par le staff technique pr\u00e9voit une mont\u00e9e en puissance avec deux tests grandeur nature qui permettront d&rsquo;\u00e9valuer concr\u00e8tement le niveau de pr\u00e9paration atteint par cette s\u00e9lection U20. Le premier rendez-vous est fix\u00e9 ce dimanche sur la pelouse du stade du 19 Mai 1956 face au CS Constantine, club pensionnaire de Ligue 1 Mobilis qui offrira une opposition de qualit\u00e9 et permettra aux jeunes Verts de se frotter \u00e0 des joueurs exp\u00e9riment\u00e9s \u00e9voluant au plus haut niveau national. Cette confrontation repr\u00e9sente un test int\u00e9ressant pour jauger les progr\u00e8s accomplis depuis le d\u00e9but du stage et identifier les derniers r\u00e9glages n\u00e9cessaires avant l&rsquo;\u00e9ch\u00e9ance majeure. Le point d&rsquo;orgue de cette pr\u00e9paration annabaise interviendra le mercredi 4 juin avec la r\u00e9ception de la Tunisie dans le cadre d&rsquo;un match amical international qui rev\u00eat une importance particuli\u00e8re pour ces jeunes joueurs qui auront l&rsquo;opportunit\u00e9 de porter le maillot national face \u00e0 des voisins tunisiens traditionnellement redoutables \u00e0 ce niveau d&rsquo;\u00e2ge.<\/p>\n\n\n\n<p>M.D.<\/p>\n","protected":false},"excerpt":{"rendered":"<p>Le stage de pr\u00e9paration de la s\u00e9lection nationale des moins de 20 ans entre dans sa phase cruciale \u00e0 Annaba<\/p>\n","protected":false},"author":6,"featured_media":68210,"comment_status":"open","ping_status":"closed","sticky":false,"template":"","format":"standard","meta":{"colormag_page_container_layout":"default_layout","colormag_page_sidebar_layout":"default_layout","om_disable_all_campaigns":false,"_monsterinsights_skip_tracking":false,"_monsterinsights_sitenote_active":false,"_monsterinsights_sitenote_note":"","_monsterinsights_sitenote_category":0,"footnotes":"","_wpscppro_dont_share_socialmedia":false,"_wpscppro_custom_social_share_image":0,"_facebook_share_type":"default","_twitter_share_type":"default","_linkedin_share_type":"default","_pinterest_share_type":"default","_linkedin_share_type_page":"","_instagram_share_type":"default","_medium_share_type":"default","_threads_share_type":"","_google_business_share_type":"","_selected_social_profile":[],"_wpsp_enable_custom_social_template":false,"_wpsp_social_scheduling":{"enabled":false,"datetime":null,"platforms":[],"status":"template_only","dateOption":"today","timeOption":"now","customDays":"","customHours":"","customDate":"","customTime":"","schedulingType":"absolute"},"_wpsp_active_default_template":true},"categories":[33],"tags":[],"class_list":["post-68209","post","type-post","status-publish","format-standard","has-post-thumbnail","hentry","category-sports"],"aioseo_notices":[],"yoast_head":"<!-- This site is optimized with the Yoast SEO plugin v27.5 - https:\/\/yoast.com\/product\/yoast-seo-wordpress\/ -->\n<title>EN U20 : Les Verts peaufinent leur pr\u00e9paration \u00e0 Annaba - La Sentinelle<\/title>\n<meta name=\"robots\" content=\"index, follow, max-snippet:-1, max-image-preview:large, max-video-preview:-1\" \/>\n<link rel=\"canonical\" href=\"https:\/\/lasentinelle.dz\/index.php\/2025\/05\/31\/en-u20-les-verts-peaufinent-leur-preparation-a-annaba\/\" \/>\n<meta property=\"og:locale\" content=\"fr_FR\" \/>\n<meta property=\"og:type\" content=\"article\" \/>\n<meta property=\"og:title\" content=\"EN U20 : Les Verts peaufinent leur pr\u00e9paration \u00e0 Annaba - La Sentinelle\" \/>\n<meta property=\"og:description\" content=\"Le stage de pr\u00e9paration de la s\u00e9lection nationale des moins de 20 ans entre dans sa phase cruciale \u00e0 Annaba\" \/>\n<meta property=\"og:url\" content=\"https:\/\/lasentinelle.dz\/index.php\/2025\/05\/31\/en-u20-les-verts-peaufinent-leur-preparation-a-annaba\/\" \/>\n<meta property=\"og:site_name\" content=\"La Sentinelle\" \/>\n<meta property=\"article:publisher\" content=\"https:\/\/www.facebook.com\/La-Sentinelle-104059864394773\" \/>\n<meta property=\"article:published_time\" content=\"2025-05-31T19:58:41+00:00\" \/>\n<meta property=\"article:modified_time\" content=\"2025-05-31T19:58:42+00:00\" \/>\n<meta property=\"og:image\" content=\"https:\/\/lasentinelle.dz\/wp-content\/uploads\/2025\/05\/U20.jpg\" \/>\n\t<meta property=\"og:image:width\" content=\"1373\" \/>\n\t<meta property=\"og:image:height\" content=\"915\" \/>\n\t<meta property=\"og:image:type\" content=\"image\/jpeg\" \/>\n<meta name=\"author\" content=\"admin\" \/>\n<meta name=\"twitter:card\" content=\"summary_large_image\" \/>\n<meta name=\"twitter:label1\" content=\"\u00c9crit par\" \/>\n\t<meta name=\"twitter:data1\" content=\"admin\" \/>\n\t<meta name=\"twitter:label2\" content=\"Dur\u00e9e de lecture estim\u00e9e\" \/>\n\t<meta name=\"twitter:data2\" content=\"3 minutes\" \/>\n<script type=\"application\/ld+json\" class=\"yoast-schema-graph\">{\"@context\":\"https:\\\/\\\/schema.org\",\"@graph\":[{\"@type\":\"Article\",\"@id\":\"https:\\\/\\\/lasentinelle.dz\\\/index.php\\\/2025\\\/05\\\/31\\\/en-u20-les-verts-peaufinent-leur-preparation-a-annaba\\\/#article\",\"isPartOf\":{\"@id\":\"https:\\\/\\\/lasentinelle.dz\\\/index.php\\\/2025\\\/05\\\/31\\\/en-u20-les-verts-peaufinent-leur-preparation-a-annaba\\\/\"},\"author\":{\"name\":\"admin\",\"@id\":\"https:\\\/\\\/lasentinelle.dz\\\/#\\\/schema\\\/person\\\/729ee0024f24e0b8c5ec17232f8e8b41\"},\"headline\":\"EN U20 : Les Verts peaufinent leur pr\u00e9paration \u00e0 Annaba\",\"datePublished\":\"2025-05-31T19:58:41+00:00\",\"dateModified\":\"2025-05-31T19:58:42+00:00\",\"mainEntityOfPage\":{\"@id\":\"https:\\\/\\\/lasentinelle.dz\\\/index.php\\\/2025\\\/05\\\/31\\\/en-u20-les-verts-peaufinent-leur-preparation-a-annaba\\\/\"},\"wordCount\":558,\"commentCount\":0,\"publisher\":{\"@id\":\"https:\\\/\\\/lasentinelle.dz\\\/#organization\"},\"image\":{\"@id\":\"https:\\\/\\\/lasentinelle.dz\\\/index.php\\\/2025\\\/05\\\/31\\\/en-u20-les-verts-peaufinent-leur-preparation-a-annaba\\\/#primaryimage\"},\"thumbnailUrl\":\"https:\\\/\\\/lasentinelle.dz\\\/wp-content\\\/uploads\\\/2025\\\/05\\\/U20.jpg\",\"articleSection\":[\"Sports\"],\"inLanguage\":\"fr-FR\",\"potentialAction\":[{\"@type\":\"CommentAction\",\"name\":\"Comment\",\"target\":[\"https:\\\/\\\/lasentinelle.dz\\\/index.php\\\/2025\\\/05\\\/31\\\/en-u20-les-verts-peaufinent-leur-preparation-a-annaba\\\/#respond\"]}]},{\"@type\":\"WebPage\",\"@id\":\"https:\\\/\\\/lasentinelle.dz\\\/index.php\\\/2025\\\/05\\\/31\\\/en-u20-les-verts-peaufinent-leur-preparation-a-annaba\\\/\",\"url\":\"https:\\\/\\\/lasentinelle.dz\\\/index.php\\\/2025\\\/05\\\/31\\\/en-u20-les-verts-peaufinent-leur-preparation-a-annaba\\\/\",\"name\":\"EN U20 : Les Verts peaufinent leur pr\u00e9paration \u00e0 Annaba - La Sentinelle\",\"isPartOf\":{\"@id\":\"https:\\\/\\\/lasentinelle.dz\\\/#website\"},\"primaryImageOfPage\":{\"@id\":\"https:\\\/\\\/lasentinelle.dz\\\/index.php\\\/2025\\\/05\\\/31\\\/en-u20-les-verts-peaufinent-leur-preparation-a-annaba\\\/#primaryimage\"},\"image\":{\"@id\":\"https:\\\/\\\/lasentinelle.dz\\\/index.php\\\/2025\\\/05\\\/31\\\/en-u20-les-verts-peaufinent-leur-preparation-a-annaba\\\/#primaryimage\"},\"thumbnailUrl\":\"https:\\\/\\\/lasentinelle.dz\\\/wp-content\\\/uploads\\\/2025\\\/05\\\/U20.jpg\",\"datePublished\":\"2025-05-31T19:58:41+00:00\",\"dateModified\":\"2025-05-31T19:58:42+00:00\",\"breadcrumb\":{\"@id\":\"https:\\\/\\\/lasentinelle.dz\\\/index.php\\\/2025\\\/05\\\/31\\\/en-u20-les-verts-peaufinent-leur-preparation-a-annaba\\\/#breadcrumb\"},\"inLanguage\":\"fr-FR\",\"potentialAction\":[{\"@type\":\"ReadAction\",\"target\":[\"https:\\\/\\\/lasentinelle.dz\\\/index.php\\\/2025\\\/05\\\/31\\\/en-u20-les-verts-peaufinent-leur-preparation-a-annaba\\\/\"]}]},{\"@type\":\"ImageObject\",\"inLanguage\":\"fr-FR\",\"@id\":\"https:\\\/\\\/lasentinelle.dz\\\/index.php\\\/2025\\\/05\\\/31\\\/en-u20-les-verts-peaufinent-leur-preparation-a-annaba\\\/#primaryimage\",\"url\":\"https:\\\/\\\/lasentinelle.dz\\\/wp-content\\\/uploads\\\/2025\\\/05\\\/U20.jpg\",\"contentUrl\":\"https:\\\/\\\/lasentinelle.dz\\\/wp-content\\\/uploads\\\/2025\\\/05\\\/U20.jpg\",\"width\":1373,\"height\":915},{\"@type\":\"BreadcrumbList\",\"@id\":\"https:\\\/\\\/lasentinelle.dz\\\/index.php\\\/2025\\\/05\\\/31\\\/en-u20-les-verts-peaufinent-leur-preparation-a-annaba\\\/#breadcrumb\",\"itemListElement\":[{\"@type\":\"ListItem\",\"position\":1,\"name\":\"Accueil\",\"item\":\"https:\\\/\\\/lasentinelle.dz\\\/\"},{\"@type\":\"ListItem\",\"position\":2,\"name\":\"EN U20 : Les Verts peaufinent leur pr\u00e9paration \u00e0 Annaba\"}]},{\"@type\":\"WebSite\",\"@id\":\"https:\\\/\\\/lasentinelle.dz\\\/#website\",\"url\":\"https:\\\/\\\/lasentinelle.dz\\\/\",\"name\":\"La Sentinelle\",\"description\":\"Quotidien national d&#039;information\",\"publisher\":{\"@id\":\"https:\\\/\\\/lasentinelle.dz\\\/#organization\"},\"potentialAction\":[{\"@type\":\"SearchAction\",\"target\":{\"@type\":\"EntryPoint\",\"urlTemplate\":\"https:\\\/\\\/lasentinelle.dz\\\/?s={search_term_string}\"},\"query-input\":{\"@type\":\"PropertyValueSpecification\",\"valueRequired\":true,\"valueName\":\"search_term_string\"}}],\"inLanguage\":\"fr-FR\"},{\"@type\":\"Organization\",\"@id\":\"https:\\\/\\\/lasentinelle.dz\\\/#organization\",\"name\":\"Quotidien La Sentinelle\",\"url\":\"https:\\\/\\\/lasentinelle.dz\\\/\",\"logo\":{\"@type\":\"ImageObject\",\"inLanguage\":\"fr-FR\",\"@id\":\"https:\\\/\\\/lasentinelle.dz\\\/#\\\/schema\\\/logo\\\/image\\\/\",\"url\":\"https:\\\/\\\/lasentinelle.dz\\\/wp-content\\\/uploads\\\/2021\\\/09\\\/logo-sentinelleSLOGAN-1.png\",\"contentUrl\":\"https:\\\/\\\/lasentinelle.dz\\\/wp-content\\\/uploads\\\/2021\\\/09\\\/logo-sentinelleSLOGAN-1.png\",\"width\":615,\"height\":142,\"caption\":\"Quotidien La Sentinelle\"},\"image\":{\"@id\":\"https:\\\/\\\/lasentinelle.dz\\\/#\\\/schema\\\/logo\\\/image\\\/\"},\"sameAs\":[\"https:\\\/\\\/www.facebook.com\\\/La-Sentinelle-104059864394773\"]},{\"@type\":\"Person\",\"@id\":\"https:\\\/\\\/lasentinelle.dz\\\/#\\\/schema\\\/person\\\/729ee0024f24e0b8c5ec17232f8e8b41\",\"name\":\"admin\",\"image\":{\"@type\":\"ImageObject\",\"inLanguage\":\"fr-FR\",\"@id\":\"https:\\\/\\\/secure.gravatar.com\\\/avatar\\\/4c81fed838786e9b53f540bf46533e750f5d292099ae3b66cfc6fb1982e29df7?s=96&d=mm&r=g\",\"url\":\"https:\\\/\\\/secure.gravatar.com\\\/avatar\\\/4c81fed838786e9b53f540bf46533e750f5d292099ae3b66cfc6fb1982e29df7?s=96&d=mm&r=g\",\"contentUrl\":\"https:\\\/\\\/secure.gravatar.com\\\/avatar\\\/4c81fed838786e9b53f540bf46533e750f5d292099ae3b66cfc6fb1982e29df7?s=96&d=mm&r=g\",\"caption\":\"admin\"},\"description\":\"admin\",\"url\":\"https:\\\/\\\/lasentinelle.dz\\\/author\\\/admin\\\/\"}]}<\/script>\n<!-- \/ Yoast SEO plugin. -->","yoast_head_json":{"title":"EN U20 : Les Verts peaufinent leur pr\u00e9paration \u00e0 Annaba - La Sentinelle","robots":{"index":"index","follow":"follow","max-snippet":"max-snippet:-1","max-image-preview":"max-image-preview:large","max-video-preview":"max-video-preview:-1"},"canonical":"https:\/\/lasentinelle.dz\/index.php\/2025\/05\/31\/en-u20-les-verts-peaufinent-leur-preparation-a-annaba\/","og_locale":"fr_FR","og_type":"article","og_title":"EN U20 : Les Verts peaufinent leur pr\u00e9paration \u00e0 Annaba - La Sentinelle","og_description":"Le stage de pr\u00e9paration de la s\u00e9lection nationale des moins de 20 ans entre dans sa phase cruciale \u00e0 Annaba","og_url":"https:\/\/lasentinelle.dz\/index.php\/2025\/05\/31\/en-u20-les-verts-peaufinent-leur-preparation-a-annaba\/","og_site_name":"La Sentinelle","article_publisher":"https:\/\/www.facebook.com\/La-Sentinelle-104059864394773","article_published_time":"2025-05-31T19:58:41+00:00","article_modified_time":"2025-05-31T19:58:42+00:00","og_image":[{"width":1373,"height":915,"url":"https:\/\/lasentinelle.dz\/wp-content\/uploads\/2025\/05\/U20.jpg","type":"image\/jpeg"}],"author":"admin","twitter_card":"summary_large_image","twitter_misc":{"\u00c9crit par":"admin","Dur\u00e9e de lecture estim\u00e9e":"3 minutes"},"schema":{"@context":"https:\/\/schema.org","@graph":[{"@type":"Article","@id":"https:\/\/lasentinelle.dz\/index.php\/2025\/05\/31\/en-u20-les-verts-peaufinent-leur-preparation-a-annaba\/#article","isPartOf":{"@id":"https:\/\/lasentinelle.dz\/index.php\/2025\/05\/31\/en-u20-les-verts-peaufinent-leur-preparation-a-annaba\/"},"author":{"name":"admin","@id":"https:\/\/lasentinelle.dz\/#\/schema\/person\/729ee0024f24e0b8c5ec17232f8e8b41"},"headline":"EN U20 : Les Verts peaufinent leur pr\u00e9paration \u00e0 Annaba","datePublished":"2025-05-31T19:58:41+00:00","dateModified":"2025-05-31T19:58:42+00:00","mainEntityOfPage":{"@id":"https:\/\/lasentinelle.dz\/index.php\/2025\/05\/31\/en-u20-les-verts-peaufinent-leur-preparation-a-annaba\/"},"wordCount":558,"commentCount":0,"publisher":{"@id":"https:\/\/lasentinelle.dz\/#organization"},"image":{"@id":"https:\/\/lasentinelle.dz\/index.php\/2025\/05\/31\/en-u20-les-verts-peaufinent-leur-preparation-a-annaba\/#primaryimage"},"thumbnailUrl":"https:\/\/lasentinelle.dz\/wp-content\/uploads\/2025\/05\/U20.jpg","articleSection":["Sports"],"inLanguage":"fr-FR","potentialAction":[{"@type":"CommentAction","name":"Comment","target":["https:\/\/lasentinelle.dz\/index.php\/2025\/05\/31\/en-u20-les-verts-peaufinent-leur-preparation-a-annaba\/#respond"]}]},{"@type":"WebPage","@id":"https:\/\/lasentinelle.dz\/index.php\/2025\/05\/31\/en-u20-les-verts-peaufinent-leur-preparation-a-annaba\/","url":"https:\/\/lasentinelle.dz\/index.php\/2025\/05\/31\/en-u20-les-verts-peaufinent-leur-preparation-a-annaba\/","name":"EN U20 : Les Verts peaufinent leur pr\u00e9paration \u00e0 Annaba - La Sentinelle","isPartOf":{"@id":"https:\/\/lasentinelle.dz\/#website"},"primaryImageOfPage":{"@id":"https:\/\/lasentinelle.dz\/index.php\/2025\/05\/31\/en-u20-les-verts-peaufinent-leur-preparation-a-annaba\/#primaryimage"},"image":{"@id":"https:\/\/lasentinelle.dz\/index.php\/2025\/05\/31\/en-u20-les-verts-peaufinent-leur-preparation-a-annaba\/#primaryimage"},"thumbnailUrl":"https:\/\/lasentinelle.dz\/wp-content\/uploads\/2025\/05\/U20.jpg","datePublished":"2025-05-31T19:58:41+00:00","dateModified":"2025-05-31T19:58:42+00:00","breadcrumb":{"@id":"https:\/\/lasentinelle.dz\/index.php\/2025\/05\/31\/en-u20-les-verts-peaufinent-leur-preparation-a-annaba\/#breadcrumb"},"inLanguage":"fr-FR","potentialAction":[{"@type":"ReadAction","target":["https:\/\/lasentinelle.dz\/index.php\/2025\/05\/31\/en-u20-les-verts-peaufinent-leur-preparation-a-annaba\/"]}]},{"@type":"ImageObject","inLanguage":"fr-FR","@id":"https:\/\/lasentinelle.dz\/index.php\/2025\/05\/31\/en-u20-les-verts-peaufinent-leur-preparation-a-annaba\/#primaryimage","url":"https:\/\/lasentinelle.dz\/wp-content\/uploads\/2025\/05\/U20.jpg","contentUrl":"https:\/\/lasentinelle.dz\/wp-content\/uploads\/2025\/05\/U20.jpg","width":1373,"height":915},{"@type":"BreadcrumbList","@id":"https:\/\/lasentinelle.dz\/index.php\/2025\/05\/31\/en-u20-les-verts-peaufinent-leur-preparation-a-annaba\/#breadcrumb","itemListElement":[{"@type":"ListItem","position":1,"name":"Accueil","item":"https:\/\/lasentinelle.dz\/"},{"@type":"ListItem","position":2,"name":"EN U20 : Les Verts peaufinent leur pr\u00e9paration \u00e0 Annaba"}]},{"@type":"WebSite","@id":"https:\/\/lasentinelle.dz\/#website","url":"https:\/\/lasentinelle.dz\/","name":"La Sentinelle","description":"Quotidien national d&#039;information","publisher":{"@id":"https:\/\/lasentinelle.dz\/#organization"},"potentialAction":[{"@type":"SearchAction","target":{"@type":"EntryPoint","urlTemplate":"https:\/\/lasentinelle.dz\/?s={search_term_string}"},"query-input":{"@type":"PropertyValueSpecification","valueRequired":true,"valueName":"search_term_string"}}],"inLanguage":"fr-FR"},{"@type":"Organization","@id":"https:\/\/lasentinelle.dz\/#organization","name":"Quotidien La Sentinelle","url":"https:\/\/lasentinelle.dz\/","logo":{"@type":"ImageObject","inLanguage":"fr-FR","@id":"https:\/\/lasentinelle.dz\/#\/schema\/logo\/image\/","url":"https:\/\/lasentinelle.dz\/wp-content\/uploads\/2021\/09\/logo-sentinelleSLOGAN-1.png","contentUrl":"https:\/\/lasentinelle.dz\/wp-content\/uploads\/2021\/09\/logo-sentinelleSLOGAN-1.png","width":615,"height":142,"caption":"Quotidien La Sentinelle"},"image":{"@id":"https:\/\/lasentinelle.dz\/#\/schema\/logo\/image\/"},"sameAs":["https:\/\/www.facebook.com\/La-Sentinelle-104059864394773"]},{"@type":"Person","@id":"https:\/\/lasentinelle.dz\/#\/schema\/person\/729ee0024f24e0b8c5ec17232f8e8b41","name":"admin","image":{"@type":"ImageObject","inLanguage":"fr-FR","@id":"https:\/\/secure.gravatar.com\/avatar\/4c81fed838786e9b53f540bf46533e750f5d292099ae3b66cfc6fb1982e29df7?s=96&d=mm&r=g","url":"https:\/\/secure.gravatar.com\/avatar\/4c81fed838786e9b53f540bf46533e750f5d292099ae3b66cfc6fb1982e29df7?s=96&d=mm&r=g","contentUrl":"https:\/\/secure.gravatar.com\/avatar\/4c81fed838786e9b53f540bf46533e750f5d292099ae3b66cfc6fb1982e29df7?s=96&d=mm&r=g","caption":"admin"},"description":"admin","url":"https:\/\/lasentinelle.dz\/author\/admin\/"}]}},"_links":{"self":[{"href":"https:\/\/lasentinelle.dz\/index.php\/wp-json\/wp\/v2\/posts\/68209","targetHints":{"allow":["GET"]}}],"collection":[{"href":"https:\/\/lasentinelle.dz\/index.php\/wp-json\/wp\/v2\/posts"}],"about":[{"href":"https:\/\/lasentinelle.dz\/index.php\/wp-json\/wp\/v2\/types\/post"}],"author":[{"embeddable":true,"href":"https:\/\/lasentinelle.dz\/index.php\/wp-json\/wp\/v2\/users\/6"}],"replies":[{"embeddable":true,"href":"https:\/\/lasentinelle.dz\/index.php\/wp-json\/wp\/v2\/comments?post=68209"}],"version-history":[{"count":1,"href":"https:\/\/lasentinelle.dz\/index.php\/wp-json\/wp\/v2\/posts\/68209\/revisions"}],"predecessor-version":[{"id":68211,"href":"https:\/\/lasentinelle.dz\/index.php\/wp-json\/wp\/v2\/posts\/68209\/revisions\/68211"}],"wp:featuredmedia":[{"embeddable":true,"href":"https:\/\/lasentinelle.dz\/index.php\/wp-json\/wp\/v2\/media\/68210"}],"wp:attachment":[{"href":"https:\/\/lasentinelle.dz\/index.php\/wp-json\/wp\/v2\/media?parent=68209"}],"wp:term":[{"taxonomy":"category","embeddable":true,"href":"https:\/\/lasentinelle.dz\/index.php\/wp-json\/wp\/v2\/categories?post=68209"},{"taxonomy":"post_tag","embeddable":true,"href":"https:\/\/lasentinelle.dz\/index.php\/wp-json\/wp\/v2\/tags?post=68209"}],"curies":[{"name":"wp","href":"https:\/\/api.w.org\/{rel}","templated":true}]}}