{"id":68215,"date":"2025-05-31T21:00:36","date_gmt":"2025-05-31T20:00:36","guid":{"rendered":"https:\/\/lasentinelle.dz\/?p=68215"},"modified":"2025-05-31T21:02:08","modified_gmt":"2025-05-31T20:02:08","slug":"walid-sadi-reunit-les-presidents-de-ligues-nationales-et-regionales-la-strategie-de-developpement-du-football-national-en-question","status":"publish","type":"post","link":"https:\/\/lasentinelle.dz\/index.php\/2025\/05\/31\/walid-sadi-reunit-les-presidents-de-ligues-nationales-et-regionales-la-strategie-de-developpement-du-football-national-en-question\/","title":{"rendered":"Walid Sadi r\u00e9unit les pr\u00e9sidents de ligues nationales et r\u00e9gionales: La strat\u00e9gie de d\u00e9veloppement du football national en question"},"content":{"rendered":"\n<p>La F\u00e9d\u00e9ration alg\u00e9rienne de football poursuit le processus de structuration et d&rsquo;am\u00e9lioration du football national avec l&rsquo;organisation d&rsquo;une rencontre in\u00e9dite entre le pr\u00e9sident de l&rsquo;instance Walid Sadi et l&rsquo;ensemble des pr\u00e9sidents des ligues nationales et r\u00e9gionales, r\u00e9union qui s&rsquo;est tenue vendredi \u00e0 Oran dans une atmosph\u00e8re constructive et prometteuse pour l&rsquo;avenir du ballon rond alg\u00e9rien.<\/p>\n\n\n\n<p>Cette initiative, lanc\u00e9e \u00e0 l&rsquo;initiative personnelle du patron de la FAF, t\u00e9moigne de la volont\u00e9 affich\u00e9e de la nouvelle direction f\u00e9d\u00e9rale de placer les instances r\u00e9gionales au centre de sa politique de d\u00e9veloppement et de modernisation du football alg\u00e9rien, reconnaissant ainsi le r\u00f4le fondamental que jouent ces structures dans l&rsquo;\u00e9cosyst\u00e8me footballistique national. L&rsquo;objectif principal de cette rencontre \u00e9tait d&rsquo;\u00e9tablir un bilan exhaustif et transparent de la gestion des diff\u00e9rents championnats au titre de la saison 2024-2025, permettant ainsi \u00e0 la direction f\u00e9d\u00e9rale d&rsquo;avoir une vision globale et pr\u00e9cise de l&rsquo;\u00e9tat de sant\u00e9 du football alg\u00e9rien \u00e0 tous les niveaux de la pyramide. Cette \u00e9valuation collective a permis d&rsquo;identifier les points forts et les axes d&rsquo;am\u00e9lioration n\u00e9cessaires pour optimiser le fonctionnement des comp\u00e9titions r\u00e9gionales qui constituent le socle de formation et de d\u00e9tection des talents dans le football alg\u00e9rien. Les d\u00e9bats ont port\u00e9 sur les conditions concr\u00e8tes de d\u00e9roulement des championnats au niveau r\u00e9gional, sujet crucial qui impact directement la qualit\u00e9 du spectacle offert et la progression des joueurs \u00e9voluant dans ces divisions inf\u00e9rieures mais n\u00e9anmoins essentielles pour la sant\u00e9 globale du football national. Cette approche participative d\u00e9montre la volont\u00e9 de Walid Sadi d&rsquo;instaurer une gouvernance plus collaborative et moins verticale, donnant la parole aux acteurs de terrain qui connaissent parfaitement les r\u00e9alit\u00e9s et les difficult\u00e9s quotidiennes auxquelles font face les clubs et les joueurs \u00e9voluant loin des projecteurs de l&rsquo;\u00e9lite. Les discussions ont mis en lumi\u00e8re les efforts consid\u00e9rables d\u00e9ploy\u00e9s par les diff\u00e9rentes ligues pour maintenir un niveau de comp\u00e9tition d\u00e9cent malgr\u00e9 les nombreuses contraintes budg\u00e9taires et logistiques qui p\u00e8sent sur leurs activit\u00e9s, efforts qui m\u00e9ritent d&rsquo;\u00eatre reconnus et soutenus par l&rsquo;instance f\u00e9d\u00e9rale. Parmi les probl\u00e9matiques majeures \u00e9voqu\u00e9es lors de cette rencontre figurent les questions cruciales de l&rsquo;homologation des stades, v\u00e9ritable casse-t\u00eate pour de nombreuses ligues r\u00e9gionales qui peinent \u00e0 mettre leurs installations aux normes exig\u00e9es par les r\u00e8glements f\u00e9d\u00e9raux, cr\u00e9ant ainsi des disparit\u00e9s importantes entre les diff\u00e9rentes r\u00e9gions du pays. La question des droits d&rsquo;engagement constitue \u00e9galement un point sensible qui influence directement la participation des clubs aux diff\u00e9rentes comp\u00e9titions, certaines formations \u00e9tant contraintes de renoncer \u00e0 leurs ambitions sportives faute de moyens financiers suffisants pour honorer ces obligations administratives. Le syst\u00e8me de comp\u00e9tition lui-m\u00eame a fait l&rsquo;objet de discussions approfondies, les participants \u00e9changeant sur les formats les plus adapt\u00e9s pour optimiser l&rsquo;attractivit\u00e9 des championnats r\u00e9gionaux tout en pr\u00e9servant l&rsquo;\u00e9quit\u00e9 sportive et en tenant compte des contraintes g\u00e9ographiques et \u00e9conomiques sp\u00e9cifiques \u00e0 chaque r\u00e9gion. Walid Sadi n&rsquo;a pas manqu\u00e9 de saluer publiquement l&rsquo;engagement et le d\u00e9vouement des pr\u00e9sidents des ligues r\u00e9gionales, reconnaissant ainsi leur contribution essentielle au d\u00e9veloppement du football alg\u00e9rien et leur r\u00f4le de v\u00e9ritables ambassadeurs de la discipline dans leurs territoires respectifs. Cette reconnaissance officielle s&rsquo;accompagne d&rsquo;un appel \u00e0 la mobilisation continue pour am\u00e9liorer encore davantage le niveau d&rsquo;organisation et de structuration des ligues, objectif ambitieux qui n\u00e9cessitera des efforts soutenus de la part de tous les acteurs concern\u00e9s. L&rsquo;annonce de l&rsquo;institutionnalisation de cette rencontre annuelle constitue une excellente nouvelle pour l&rsquo;avenir du football alg\u00e9rien, cr\u00e9ant ainsi un rendez-vous r\u00e9gulier qui permettra de maintenir un dialogue permanent entre la f\u00e9d\u00e9ration et ses structures r\u00e9gionales, garantissant une meilleure coordination des politiques sportives \u00e0 l&rsquo;\u00e9chelle nationale.<\/p>\n\n\n\n<p>M. Dahleb<\/p>\n","protected":false},"excerpt":{"rendered":"<p>La F\u00e9d\u00e9ration alg\u00e9rienne de football poursuit le processus de structuration et d&rsquo;am\u00e9lioration du football national avec l&rsquo;organisation d&rsquo;une rencontre in\u00e9dite<\/p>\n","protected":false},"author":6,"featured_media":68216,"comment_status":"open","ping_status":"closed","sticky":false,"template":"","format":"standard","meta":{"colormag_page_container_layout":"default_layout","colormag_page_sidebar_layout":"default_layout","om_disable_all_campaigns":false,"_monsterinsights_skip_tracking":false,"_monsterinsights_sitenote_active":false,"_monsterinsights_sitenote_note":"","_monsterinsights_sitenote_category":0,"footnotes":"","_wpscppro_dont_share_socialmedia":false,"_wpscppro_custom_social_share_image":0,"_facebook_share_type":"default","_twitter_share_type":"default","_linkedin_share_type":"default","_pinterest_share_type":"default","_linkedin_share_type_page":"","_instagram_share_type":"default","_medium_share_type":"default","_threads_share_type":"","_google_business_share_type":"","_selected_social_profile":[],"_wpsp_enable_custom_social_template":false,"_wpsp_social_scheduling":{"enabled":false,"datetime":null,"platforms":[],"status":"template_only","dateOption":"today","timeOption":"now","customDays":"","customHours":"","customDate":"","customTime":"","schedulingType":"absolute"},"_wpsp_active_default_template":true},"categories":[33],"tags":[],"class_list":["post-68215","post","type-post","status-publish","format-standard","has-post-thumbnail","hentry","category-sports"],"aioseo_notices":[],"yoast_head":"<!-- This site is optimized with the Yoast SEO plugin v27.5 - https:\/\/yoast.com\/product\/yoast-seo-wordpress\/ -->\n<title>Walid Sadi r\u00e9unit les pr\u00e9sidents de ligues nationales et r\u00e9gionales: La strat\u00e9gie de d\u00e9veloppement du football national en question - La Sentinelle<\/title>\n<meta name=\"robots\" content=\"index, follow, max-snippet:-1, max-image-preview:large, max-video-preview:-1\" \/>\n<link rel=\"canonical\" href=\"https:\/\/lasentinelle.dz\/index.php\/2025\/05\/31\/walid-sadi-reunit-les-presidents-de-ligues-nationales-et-regionales-la-strategie-de-developpement-du-football-national-en-question\/\" \/>\n<meta property=\"og:locale\" content=\"fr_FR\" \/>\n<meta property=\"og:type\" content=\"article\" \/>\n<meta property=\"og:title\" content=\"Walid Sadi r\u00e9unit les pr\u00e9sidents de ligues nationales et r\u00e9gionales: La strat\u00e9gie de d\u00e9veloppement du football national en question - La Sentinelle\" \/>\n<meta property=\"og:description\" content=\"La F\u00e9d\u00e9ration alg\u00e9rienne de football poursuit le processus de structuration et d&rsquo;am\u00e9lioration du football national avec l&rsquo;organisation d&rsquo;une rencontre in\u00e9dite\" \/>\n<meta property=\"og:url\" content=\"https:\/\/lasentinelle.dz\/index.php\/2025\/05\/31\/walid-sadi-reunit-les-presidents-de-ligues-nationales-et-regionales-la-strategie-de-developpement-du-football-national-en-question\/\" \/>\n<meta property=\"og:site_name\" content=\"La Sentinelle\" \/>\n<meta property=\"article:publisher\" content=\"https:\/\/www.facebook.com\/La-Sentinelle-104059864394773\" \/>\n<meta property=\"article:published_time\" content=\"2025-05-31T20:00:36+00:00\" \/>\n<meta property=\"article:modified_time\" content=\"2025-05-31T20:02:08+00:00\" \/>\n<meta property=\"og:image\" content=\"https:\/\/lasentinelle.dz\/wp-content\/uploads\/2025\/05\/Sadi-copie.jpg\" \/>\n\t<meta property=\"og:image:width\" content=\"1373\" \/>\n\t<meta property=\"og:image:height\" content=\"915\" \/>\n\t<meta property=\"og:image:type\" content=\"image\/jpeg\" \/>\n<meta name=\"author\" content=\"admin\" \/>\n<meta name=\"twitter:card\" content=\"summary_large_image\" \/>\n<meta name=\"twitter:label1\" content=\"\u00c9crit par\" \/>\n\t<meta name=\"twitter:data1\" content=\"admin\" \/>\n\t<meta name=\"twitter:label2\" content=\"Dur\u00e9e de lecture estim\u00e9e\" \/>\n\t<meta name=\"twitter:data2\" content=\"4 minutes\" \/>\n<script type=\"application\/ld+json\" class=\"yoast-schema-graph\">{\"@context\":\"https:\\\/\\\/schema.org\",\"@graph\":[{\"@type\":\"Article\",\"@id\":\"https:\\\/\\\/lasentinelle.dz\\\/index.php\\\/2025\\\/05\\\/31\\\/walid-sadi-reunit-les-presidents-de-ligues-nationales-et-regionales-la-strategie-de-developpement-du-football-national-en-question\\\/#article\",\"isPartOf\":{\"@id\":\"https:\\\/\\\/lasentinelle.dz\\\/index.php\\\/2025\\\/05\\\/31\\\/walid-sadi-reunit-les-presidents-de-ligues-nationales-et-regionales-la-strategie-de-developpement-du-football-national-en-question\\\/\"},\"author\":{\"name\":\"admin\",\"@id\":\"https:\\\/\\\/lasentinelle.dz\\\/#\\\/schema\\\/person\\\/729ee0024f24e0b8c5ec17232f8e8b41\"},\"headline\":\"Walid Sadi r\u00e9unit les pr\u00e9sidents de ligues nationales et r\u00e9gionales: La strat\u00e9gie de d\u00e9veloppement du football national en question\",\"datePublished\":\"2025-05-31T20:00:36+00:00\",\"dateModified\":\"2025-05-31T20:02:08+00:00\",\"mainEntityOfPage\":{\"@id\":\"https:\\\/\\\/lasentinelle.dz\\\/index.php\\\/2025\\\/05\\\/31\\\/walid-sadi-reunit-les-presidents-de-ligues-nationales-et-regionales-la-strategie-de-developpement-du-football-national-en-question\\\/\"},\"wordCount\":727,\"commentCount\":0,\"publisher\":{\"@id\":\"https:\\\/\\\/lasentinelle.dz\\\/#organization\"},\"image\":{\"@id\":\"https:\\\/\\\/lasentinelle.dz\\\/index.php\\\/2025\\\/05\\\/31\\\/walid-sadi-reunit-les-presidents-de-ligues-nationales-et-regionales-la-strategie-de-developpement-du-football-national-en-question\\\/#primaryimage\"},\"thumbnailUrl\":\"https:\\\/\\\/lasentinelle.dz\\\/wp-content\\\/uploads\\\/2025\\\/05\\\/Sadi-copie.jpg\",\"articleSection\":[\"Sports\"],\"inLanguage\":\"fr-FR\",\"potentialAction\":[{\"@type\":\"CommentAction\",\"name\":\"Comment\",\"target\":[\"https:\\\/\\\/lasentinelle.dz\\\/index.php\\\/2025\\\/05\\\/31\\\/walid-sadi-reunit-les-presidents-de-ligues-nationales-et-regionales-la-strategie-de-developpement-du-football-national-en-question\\\/#respond\"]}]},{\"@type\":\"WebPage\",\"@id\":\"https:\\\/\\\/lasentinelle.dz\\\/index.php\\\/2025\\\/05\\\/31\\\/walid-sadi-reunit-les-presidents-de-ligues-nationales-et-regionales-la-strategie-de-developpement-du-football-national-en-question\\\/\",\"url\":\"https:\\\/\\\/lasentinelle.dz\\\/index.php\\\/2025\\\/05\\\/31\\\/walid-sadi-reunit-les-presidents-de-ligues-nationales-et-regionales-la-strategie-de-developpement-du-football-national-en-question\\\/\",\"name\":\"Walid Sadi r\u00e9unit les pr\u00e9sidents de ligues nationales et r\u00e9gionales: La strat\u00e9gie de d\u00e9veloppement du football national en question - La Sentinelle\",\"isPartOf\":{\"@id\":\"https:\\\/\\\/lasentinelle.dz\\\/#website\"},\"primaryImageOfPage\":{\"@id\":\"https:\\\/\\\/lasentinelle.dz\\\/index.php\\\/2025\\\/05\\\/31\\\/walid-sadi-reunit-les-presidents-de-ligues-nationales-et-regionales-la-strategie-de-developpement-du-football-national-en-question\\\/#primaryimage\"},\"image\":{\"@id\":\"https:\\\/\\\/lasentinelle.dz\\\/index.php\\\/2025\\\/05\\\/31\\\/walid-sadi-reunit-les-presidents-de-ligues-nationales-et-regionales-la-strategie-de-developpement-du-football-national-en-question\\\/#primaryimage\"},\"thumbnailUrl\":\"https:\\\/\\\/lasentinelle.dz\\\/wp-content\\\/uploads\\\/2025\\\/05\\\/Sadi-copie.jpg\",\"datePublished\":\"2025-05-31T20:00:36+00:00\",\"dateModified\":\"2025-05-31T20:02:08+00:00\",\"breadcrumb\":{\"@id\":\"https:\\\/\\\/lasentinelle.dz\\\/index.php\\\/2025\\\/05\\\/31\\\/walid-sadi-reunit-les-presidents-de-ligues-nationales-et-regionales-la-strategie-de-developpement-du-football-national-en-question\\\/#breadcrumb\"},\"inLanguage\":\"fr-FR\",\"potentialAction\":[{\"@type\":\"ReadAction\",\"target\":[\"https:\\\/\\\/lasentinelle.dz\\\/index.php\\\/2025\\\/05\\\/31\\\/walid-sadi-reunit-les-presidents-de-ligues-nationales-et-regionales-la-strategie-de-developpement-du-football-national-en-question\\\/\"]}]},{\"@type\":\"ImageObject\",\"inLanguage\":\"fr-FR\",\"@id\":\"https:\\\/\\\/lasentinelle.dz\\\/index.php\\\/2025\\\/05\\\/31\\\/walid-sadi-reunit-les-presidents-de-ligues-nationales-et-regionales-la-strategie-de-developpement-du-football-national-en-question\\\/#primaryimage\",\"url\":\"https:\\\/\\\/lasentinelle.dz\\\/wp-content\\\/uploads\\\/2025\\\/05\\\/Sadi-copie.jpg\",\"contentUrl\":\"https:\\\/\\\/lasentinelle.dz\\\/wp-content\\\/uploads\\\/2025\\\/05\\\/Sadi-copie.jpg\",\"width\":1373,\"height\":915},{\"@type\":\"BreadcrumbList\",\"@id\":\"https:\\\/\\\/lasentinelle.dz\\\/index.php\\\/2025\\\/05\\\/31\\\/walid-sadi-reunit-les-presidents-de-ligues-nationales-et-regionales-la-strategie-de-developpement-du-football-national-en-question\\\/#breadcrumb\",\"itemListElement\":[{\"@type\":\"ListItem\",\"position\":1,\"name\":\"Accueil\",\"item\":\"https:\\\/\\\/lasentinelle.dz\\\/\"},{\"@type\":\"ListItem\",\"position\":2,\"name\":\"Walid Sadi r\u00e9unit les pr\u00e9sidents de ligues nationales et r\u00e9gionales: La strat\u00e9gie de d\u00e9veloppement du football national en question\"}]},{\"@type\":\"WebSite\",\"@id\":\"https:\\\/\\\/lasentinelle.dz\\\/#website\",\"url\":\"https:\\\/\\\/lasentinelle.dz\\\/\",\"name\":\"La Sentinelle\",\"description\":\"Quotidien national d&#039;information\",\"publisher\":{\"@id\":\"https:\\\/\\\/lasentinelle.dz\\\/#organization\"},\"potentialAction\":[{\"@type\":\"SearchAction\",\"target\":{\"@type\":\"EntryPoint\",\"urlTemplate\":\"https:\\\/\\\/lasentinelle.dz\\\/?s={search_term_string}\"},\"query-input\":{\"@type\":\"PropertyValueSpecification\",\"valueRequired\":true,\"valueName\":\"search_term_string\"}}],\"inLanguage\":\"fr-FR\"},{\"@type\":\"Organization\",\"@id\":\"https:\\\/\\\/lasentinelle.dz\\\/#organization\",\"name\":\"Quotidien La Sentinelle\",\"url\":\"https:\\\/\\\/lasentinelle.dz\\\/\",\"logo\":{\"@type\":\"ImageObject\",\"inLanguage\":\"fr-FR\",\"@id\":\"https:\\\/\\\/lasentinelle.dz\\\/#\\\/schema\\\/logo\\\/image\\\/\",\"url\":\"https:\\\/\\\/lasentinelle.dz\\\/wp-content\\\/uploads\\\/2021\\\/09\\\/logo-sentinelleSLOGAN-1.png\",\"contentUrl\":\"https:\\\/\\\/lasentinelle.dz\\\/wp-content\\\/uploads\\\/2021\\\/09\\\/logo-sentinelleSLOGAN-1.png\",\"width\":615,\"height\":142,\"caption\":\"Quotidien La Sentinelle\"},\"image\":{\"@id\":\"https:\\\/\\\/lasentinelle.dz\\\/#\\\/schema\\\/logo\\\/image\\\/\"},\"sameAs\":[\"https:\\\/\\\/www.facebook.com\\\/La-Sentinelle-104059864394773\"]},{\"@type\":\"Person\",\"@id\":\"https:\\\/\\\/lasentinelle.dz\\\/#\\\/schema\\\/person\\\/729ee0024f24e0b8c5ec17232f8e8b41\",\"name\":\"admin\",\"image\":{\"@type\":\"ImageObject\",\"inLanguage\":\"fr-FR\",\"@id\":\"https:\\\/\\\/secure.gravatar.com\\\/avatar\\\/4c81fed838786e9b53f540bf46533e750f5d292099ae3b66cfc6fb1982e29df7?s=96&d=mm&r=g\",\"url\":\"https:\\\/\\\/secure.gravatar.com\\\/avatar\\\/4c81fed838786e9b53f540bf46533e750f5d292099ae3b66cfc6fb1982e29df7?s=96&d=mm&r=g\",\"contentUrl\":\"https:\\\/\\\/secure.gravatar.com\\\/avatar\\\/4c81fed838786e9b53f540bf46533e750f5d292099ae3b66cfc6fb1982e29df7?s=96&d=mm&r=g\",\"caption\":\"admin\"},\"description\":\"admin\",\"url\":\"https:\\\/\\\/lasentinelle.dz\\\/author\\\/admin\\\/\"}]}<\/script>\n<!-- \/ Yoast SEO plugin. -->","yoast_head_json":{"title":"Walid Sadi r\u00e9unit les pr\u00e9sidents de ligues nationales et r\u00e9gionales: La strat\u00e9gie de d\u00e9veloppement du football national en question - La Sentinelle","robots":{"index":"index","follow":"follow","max-snippet":"max-snippet:-1","max-image-preview":"max-image-preview:large","max-video-preview":"max-video-preview:-1"},"canonical":"https:\/\/lasentinelle.dz\/index.php\/2025\/05\/31\/walid-sadi-reunit-les-presidents-de-ligues-nationales-et-regionales-la-strategie-de-developpement-du-football-national-en-question\/","og_locale":"fr_FR","og_type":"article","og_title":"Walid Sadi r\u00e9unit les pr\u00e9sidents de ligues nationales et r\u00e9gionales: La strat\u00e9gie de d\u00e9veloppement du football national en question - La Sentinelle","og_description":"La F\u00e9d\u00e9ration alg\u00e9rienne de football poursuit le processus de structuration et d&rsquo;am\u00e9lioration du football national avec l&rsquo;organisation d&rsquo;une rencontre in\u00e9dite","og_url":"https:\/\/lasentinelle.dz\/index.php\/2025\/05\/31\/walid-sadi-reunit-les-presidents-de-ligues-nationales-et-regionales-la-strategie-de-developpement-du-football-national-en-question\/","og_site_name":"La Sentinelle","article_publisher":"https:\/\/www.facebook.com\/La-Sentinelle-104059864394773","article_published_time":"2025-05-31T20:00:36+00:00","article_modified_time":"2025-05-31T20:02:08+00:00","og_image":[{"width":1373,"height":915,"url":"https:\/\/lasentinelle.dz\/wp-content\/uploads\/2025\/05\/Sadi-copie.jpg","type":"image\/jpeg"}],"author":"admin","twitter_card":"summary_large_image","twitter_misc":{"\u00c9crit par":"admin","Dur\u00e9e de lecture estim\u00e9e":"4 minutes"},"schema":{"@context":"https:\/\/schema.org","@graph":[{"@type":"Article","@id":"https:\/\/lasentinelle.dz\/index.php\/2025\/05\/31\/walid-sadi-reunit-les-presidents-de-ligues-nationales-et-regionales-la-strategie-de-developpement-du-football-national-en-question\/#article","isPartOf":{"@id":"https:\/\/lasentinelle.dz\/index.php\/2025\/05\/31\/walid-sadi-reunit-les-presidents-de-ligues-nationales-et-regionales-la-strategie-de-developpement-du-football-national-en-question\/"},"author":{"name":"admin","@id":"https:\/\/lasentinelle.dz\/#\/schema\/person\/729ee0024f24e0b8c5ec17232f8e8b41"},"headline":"Walid Sadi r\u00e9unit les pr\u00e9sidents de ligues nationales et r\u00e9gionales: La strat\u00e9gie de d\u00e9veloppement du football national en question","datePublished":"2025-05-31T20:00:36+00:00","dateModified":"2025-05-31T20:02:08+00:00","mainEntityOfPage":{"@id":"https:\/\/lasentinelle.dz\/index.php\/2025\/05\/31\/walid-sadi-reunit-les-presidents-de-ligues-nationales-et-regionales-la-strategie-de-developpement-du-football-national-en-question\/"},"wordCount":727,"commentCount":0,"publisher":{"@id":"https:\/\/lasentinelle.dz\/#organization"},"image":{"@id":"https:\/\/lasentinelle.dz\/index.php\/2025\/05\/31\/walid-sadi-reunit-les-presidents-de-ligues-nationales-et-regionales-la-strategie-de-developpement-du-football-national-en-question\/#primaryimage"},"thumbnailUrl":"https:\/\/lasentinelle.dz\/wp-content\/uploads\/2025\/05\/Sadi-copie.jpg","articleSection":["Sports"],"inLanguage":"fr-FR","potentialAction":[{"@type":"CommentAction","name":"Comment","target":["https:\/\/lasentinelle.dz\/index.php\/2025\/05\/31\/walid-sadi-reunit-les-presidents-de-ligues-nationales-et-regionales-la-strategie-de-developpement-du-football-national-en-question\/#respond"]}]},{"@type":"WebPage","@id":"https:\/\/lasentinelle.dz\/index.php\/2025\/05\/31\/walid-sadi-reunit-les-presidents-de-ligues-nationales-et-regionales-la-strategie-de-developpement-du-football-national-en-question\/","url":"https:\/\/lasentinelle.dz\/index.php\/2025\/05\/31\/walid-sadi-reunit-les-presidents-de-ligues-nationales-et-regionales-la-strategie-de-developpement-du-football-national-en-question\/","name":"Walid Sadi r\u00e9unit les pr\u00e9sidents de ligues nationales et r\u00e9gionales: La strat\u00e9gie de d\u00e9veloppement du football national en question - La Sentinelle","isPartOf":{"@id":"https:\/\/lasentinelle.dz\/#website"},"primaryImageOfPage":{"@id":"https:\/\/lasentinelle.dz\/index.php\/2025\/05\/31\/walid-sadi-reunit-les-presidents-de-ligues-nationales-et-regionales-la-strategie-de-developpement-du-football-national-en-question\/#primaryimage"},"image":{"@id":"https:\/\/lasentinelle.dz\/index.php\/2025\/05\/31\/walid-sadi-reunit-les-presidents-de-ligues-nationales-et-regionales-la-strategie-de-developpement-du-football-national-en-question\/#primaryimage"},"thumbnailUrl":"https:\/\/lasentinelle.dz\/wp-content\/uploads\/2025\/05\/Sadi-copie.jpg","datePublished":"2025-05-31T20:00:36+00:00","dateModified":"2025-05-31T20:02:08+00:00","breadcrumb":{"@id":"https:\/\/lasentinelle.dz\/index.php\/2025\/05\/31\/walid-sadi-reunit-les-presidents-de-ligues-nationales-et-regionales-la-strategie-de-developpement-du-football-national-en-question\/#breadcrumb"},"inLanguage":"fr-FR","potentialAction":[{"@type":"ReadAction","target":["https:\/\/lasentinelle.dz\/index.php\/2025\/05\/31\/walid-sadi-reunit-les-presidents-de-ligues-nationales-et-regionales-la-strategie-de-developpement-du-football-national-en-question\/"]}]},{"@type":"ImageObject","inLanguage":"fr-FR","@id":"https:\/\/lasentinelle.dz\/index.php\/2025\/05\/31\/walid-sadi-reunit-les-presidents-de-ligues-nationales-et-regionales-la-strategie-de-developpement-du-football-national-en-question\/#primaryimage","url":"https:\/\/lasentinelle.dz\/wp-content\/uploads\/2025\/05\/Sadi-copie.jpg","contentUrl":"https:\/\/lasentinelle.dz\/wp-content\/uploads\/2025\/05\/Sadi-copie.jpg","width":1373,"height":915},{"@type":"BreadcrumbList","@id":"https:\/\/lasentinelle.dz\/index.php\/2025\/05\/31\/walid-sadi-reunit-les-presidents-de-ligues-nationales-et-regionales-la-strategie-de-developpement-du-football-national-en-question\/#breadcrumb","itemListElement":[{"@type":"ListItem","position":1,"name":"Accueil","item":"https:\/\/lasentinelle.dz\/"},{"@type":"ListItem","position":2,"name":"Walid Sadi r\u00e9unit les pr\u00e9sidents de ligues nationales et r\u00e9gionales: La strat\u00e9gie de d\u00e9veloppement du football national en question"}]},{"@type":"WebSite","@id":"https:\/\/lasentinelle.dz\/#website","url":"https:\/\/lasentinelle.dz\/","name":"La Sentinelle","description":"Quotidien national d&#039;information","publisher":{"@id":"https:\/\/lasentinelle.dz\/#organization"},"potentialAction":[{"@type":"SearchAction","target":{"@type":"EntryPoint","urlTemplate":"https:\/\/lasentinelle.dz\/?s={search_term_string}"},"query-input":{"@type":"PropertyValueSpecification","valueRequired":true,"valueName":"search_term_string"}}],"inLanguage":"fr-FR"},{"@type":"Organization","@id":"https:\/\/lasentinelle.dz\/#organization","name":"Quotidien La Sentinelle","url":"https:\/\/lasentinelle.dz\/","logo":{"@type":"ImageObject","inLanguage":"fr-FR","@id":"https:\/\/lasentinelle.dz\/#\/schema\/logo\/image\/","url":"https:\/\/lasentinelle.dz\/wp-content\/uploads\/2021\/09\/logo-sentinelleSLOGAN-1.png","contentUrl":"https:\/\/lasentinelle.dz\/wp-content\/uploads\/2021\/09\/logo-sentinelleSLOGAN-1.png","width":615,"height":142,"caption":"Quotidien La Sentinelle"},"image":{"@id":"https:\/\/lasentinelle.dz\/#\/schema\/logo\/image\/"},"sameAs":["https:\/\/www.facebook.com\/La-Sentinelle-104059864394773"]},{"@type":"Person","@id":"https:\/\/lasentinelle.dz\/#\/schema\/person\/729ee0024f24e0b8c5ec17232f8e8b41","name":"admin","image":{"@type":"ImageObject","inLanguage":"fr-FR","@id":"https:\/\/secure.gravatar.com\/avatar\/4c81fed838786e9b53f540bf46533e750f5d292099ae3b66cfc6fb1982e29df7?s=96&d=mm&r=g","url":"https:\/\/secure.gravatar.com\/avatar\/4c81fed838786e9b53f540bf46533e750f5d292099ae3b66cfc6fb1982e29df7?s=96&d=mm&r=g","contentUrl":"https:\/\/secure.gravatar.com\/avatar\/4c81fed838786e9b53f540bf46533e750f5d292099ae3b66cfc6fb1982e29df7?s=96&d=mm&r=g","caption":"admin"},"description":"admin","url":"https:\/\/lasentinelle.dz\/author\/admin\/"}]}},"_links":{"self":[{"href":"https:\/\/lasentinelle.dz\/index.php\/wp-json\/wp\/v2\/posts\/68215","targetHints":{"allow":["GET"]}}],"collection":[{"href":"https:\/\/lasentinelle.dz\/index.php\/wp-json\/wp\/v2\/posts"}],"about":[{"href":"https:\/\/lasentinelle.dz\/index.php\/wp-json\/wp\/v2\/types\/post"}],"author":[{"embeddable":true,"href":"https:\/\/lasentinelle.dz\/index.php\/wp-json\/wp\/v2\/users\/6"}],"replies":[{"embeddable":true,"href":"https:\/\/lasentinelle.dz\/index.php\/wp-json\/wp\/v2\/comments?post=68215"}],"version-history":[{"count":1,"href":"https:\/\/lasentinelle.dz\/index.php\/wp-json\/wp\/v2\/posts\/68215\/revisions"}],"predecessor-version":[{"id":68217,"href":"https:\/\/lasentinelle.dz\/index.php\/wp-json\/wp\/v2\/posts\/68215\/revisions\/68217"}],"wp:featuredmedia":[{"embeddable":true,"href":"https:\/\/lasentinelle.dz\/index.php\/wp-json\/wp\/v2\/media\/68216"}],"wp:attachment":[{"href":"https:\/\/lasentinelle.dz\/index.php\/wp-json\/wp\/v2\/media?parent=68215"}],"wp:term":[{"taxonomy":"category","embeddable":true,"href":"https:\/\/lasentinelle.dz\/index.php\/wp-json\/wp\/v2\/categories?post=68215"},{"taxonomy":"post_tag","embeddable":true,"href":"https:\/\/lasentinelle.dz\/index.php\/wp-json\/wp\/v2\/tags?post=68215"}],"curies":[{"name":"wp","href":"https:\/\/api.w.org\/{rel}","templated":true}]}}