{"id":68218,"date":"2025-05-31T21:01:34","date_gmt":"2025-05-31T20:01:34","guid":{"rendered":"https:\/\/lasentinelle.dz\/?p=68218"},"modified":"2025-05-31T21:01:35","modified_gmt":"2025-05-31T20:01:35","slug":"can-2025-dames-les-vertes-retrouvent-la-scene-continentale-avec-de-grandes-ambitions","status":"publish","type":"post","link":"https:\/\/lasentinelle.dz\/index.php\/2025\/05\/31\/can-2025-dames-les-vertes-retrouvent-la-scene-continentale-avec-de-grandes-ambitions\/","title":{"rendered":"CAN-2025 (Dames): Les Vertes retrouvent la sc\u00e8ne continentale avec de grandes ambitions"},"content":{"rendered":"\n<p>L&rsquo;\u00e9quipe nationale f\u00e9minine de football s&rsquo;appr\u00eate \u00e0 vivre un moment historique avec son retour tant attendu sur la sc\u00e8ne continentale lors de la 13e \u00e9dition de la Coupe d&rsquo;Afrique des nations, initialement pr\u00e9vue en 2024 mais d\u00e9cal\u00e9e \u00e0 2025 pour des raisons organisationnelles.<\/p>\n\n\n\n<p>Les prot\u00e9g\u00e9es de Farid Benstiti entameront leur parcours le dimanche 6 juillet \u00e0 20h00 heure alg\u00e9rienne face au Botswana, dans ce qui constituera leur premi\u00e8re apparition dans une CAN depuis plusieurs ann\u00e9es d&rsquo;absence regrettable. Cette rencontre inaugurale du groupe B marque le retour du football f\u00e9minin alg\u00e9rien sur le continent africain apr\u00e8s avoir manqu\u00e9 les deux derni\u00e8res \u00e9ditions de cette comp\u00e9tition prestigieuse. Le tirage au sort a plac\u00e9 les Alg\u00e9riennes dans un groupe B particuli\u00e8rement relev\u00e9 o\u00f9 elles devront affronter successivement trois adversaires de calibre diff\u00e9rent mais tous redoutables \u00e0 leur mani\u00e8re. Apr\u00e8s le Botswana, les joueuses de Benstiti croiseront le fer avec leurs voisines tunisiennes le jeudi 10 juillet dans un derby maghr\u00e9bin qui s&rsquo;annonce passionnant et crucial pour la suite de la comp\u00e9tition. Cette confrontation nord-africaine rev\u00eat une importance particuli\u00e8re car elle pourrait d\u00e9terminer la hi\u00e9rarchie r\u00e9gionale et les chances de qualification pour la phase suivante. Le programme se corsera davantage avec l&rsquo;ultime rencontre du premier tour programm\u00e9e le dimanche 13 juillet face au Nigeria, l&rsquo;une des nations les plus titr\u00e9es du continent et triple championne d&rsquo;Afrique, ce qui repr\u00e9sentera sans aucun doute le test le plus difficile pour les Fennecs f\u00e9minines dans cette phase de groupes. La qualification pour les phases finales obtenue en d\u00e9cembre 2023 reste grav\u00e9e dans les m\u00e9moires des supporters alg\u00e9riens, notamment gr\u00e2ce aux deux victoires convaincantes contre le Burundi avec un succ\u00e8s 5-1 \u00e0 domicile suivi d&rsquo;une victoire 1-0 au retour, les deux rencontres s&rsquo;\u00e9tant d\u00e9roul\u00e9es dans l&rsquo;enceinte mythique du stade olympique du 5-juillet d&rsquo;Alger devant un public acquis \u00e0 la cause f\u00e9minine. Ces r\u00e9sultats probants ont permis aux joueuses dirig\u00e9es par le technicien fran\u00e7ais de retrouver confiance et de pr\u00e9parer sereinement cette \u00e9ch\u00e9ance continentale majeure. Le format de la comp\u00e9tition, qui r\u00e9unit douze nations r\u00e9parties en trois groupes de quatre \u00e9quipes, offre des perspectives int\u00e9ressantes de qualification puisque les deux premiers de chaque poule ainsi que les deux meilleurs troisi\u00e8mes acc\u00e9deront aux quarts de finale pr\u00e9vus les 18 et 19 juillet, laissant ainsi huit places disponibles pour la phase \u00e0 \u00e9limination directe. Cette formule relativement ouverte pourrait sourire aux Alg\u00e9riennes qui poss\u00e8dent les qualit\u00e9s techniques et mentales pour cr\u00e9er la surprise, d&rsquo;autant que l&rsquo;exp\u00e9rience acquise par certaines joueuses \u00e9voluant \u00e0 l&rsquo;\u00e9tranger, \u00e0 l&rsquo;image de la capitaine Lina Boussaha qui \u00e9volue d\u00e9sormais en Arabie saoudite sous les couleurs d&rsquo;Al-Nassr, apporte une plus-value ind\u00e9niable \u00e0 l&rsquo;effectif national. Les demi-finales programm\u00e9es le 22 juillet, suivies du match de classement le 25 juillet et de la grande finale le 26 juillet, constituent autant d&rsquo;objectifs \u00e0 moyen terme pour une s\u00e9lection alg\u00e9rienne qui nourrit des ambitions l\u00e9gitimes apr\u00e8s plusieurs ann\u00e9es de reconstruction.<\/p>\n\n\n\n<p>Fin de stage pour les U20<\/p>\n\n\n\n<p>Parall\u00e8lement \u00e0 cette pr\u00e9paration pour la CAN, la F\u00e9d\u00e9ration alg\u00e9rienne de football continue de structurer le football f\u00e9minin national avec notamment le stage de pr\u00e9paration r\u00e9cemment achev\u00e9 au Centre technique national de Sidi Moussa pour l&rsquo;\u00e9quipe des moins de 20 ans. Cette formation dirig\u00e9e par Sid Ahmed Mouaz a rassembl\u00e9 26 joueuses \u00e9voluant dans le championnat local dans l&rsquo;optique de la double confrontation face au S\u00e9n\u00e9gal pr\u00e9vue en septembre prochain, comptant pour le deuxi\u00e8me tour qualificatif \u00e0 la Coupe du Monde U20 de 2026 qui se d\u00e9roulera en Pologne. \u00ab\u00a026 joueuses \u00e9voluant dans le championnat local ont pris part \u00e0 ce stage, qui a permis au s\u00e9lectionneur national, Sid Ahmed Mouaz de les voir \u00e0 l\u2019\u0153uvre et d\u2019intensifier le travail technico-tactique\u00a0\u00bb, a indiqu\u00e9 la F\u00e9d\u00e9ration alg\u00e9rienne de football. Le match aller face au S\u00e9n\u00e9gal se jouera en d\u00e9placement entre le 19 et le 21 septembre 2025, alors que la seconde manche est programm\u00e9e en Alg\u00e9rie, une semaine plus tard : 26, 27 ou 28 septembre 2025. En cas de qualification pour le troisi\u00e8me tour, les Alg\u00e9riennes affronteront le vainqueur de la double confrontation entre le Nigeria et le vainqueur du match Rwanda-Zimbabwe. Le match aller est pr\u00e9vu en d\u00e9placement entre le 6 et le 8 f\u00e9vrier 2026, alors que le match retour se disputera en Alg\u00e9rie entre le 12 et le 14 f\u00e9vrier 2026. Le 4e et dernier tour des \u00e9liminatoires se jouera en mai 2026 (aller: 1, 2, 3 mai\/ retour : 8, 9, 10 mai). L&rsquo;Afrique sera repr\u00e9sent\u00e9e par quatre pays au Mondial 2026, dont la phase finale se d\u00e9roulera en ao\u00fbt 2026 en Pologne. 38 nations africaines participent aux \u00e9liminatoires dans le but de d\u00e9crocher l&rsquo;un des quatre billets qualificatifs, \u00e0 l&rsquo;issue de quatre tours \u00e0 \u00e9limination directe disput\u00e9s en matchs aller-retour.<\/p>\n\n\n\n<p>Moncef Dahleb<\/p>\n","protected":false},"excerpt":{"rendered":"<p>L&rsquo;\u00e9quipe nationale f\u00e9minine de football s&rsquo;appr\u00eate \u00e0 vivre un moment historique avec son retour tant attendu sur la sc\u00e8ne continentale<\/p>\n","protected":false},"author":6,"featured_media":68219,"comment_status":"open","ping_status":"closed","sticky":false,"template":"","format":"standard","meta":{"colormag_page_container_layout":"default_layout","colormag_page_sidebar_layout":"default_layout","om_disable_all_campaigns":false,"_monsterinsights_skip_tracking":false,"_monsterinsights_sitenote_active":false,"_monsterinsights_sitenote_note":"","_monsterinsights_sitenote_category":0,"footnotes":"","_wpscppro_dont_share_socialmedia":false,"_wpscppro_custom_social_share_image":0,"_facebook_share_type":"default","_twitter_share_type":"default","_linkedin_share_type":"default","_pinterest_share_type":"default","_linkedin_share_type_page":"","_instagram_share_type":"default","_medium_share_type":"default","_threads_share_type":"","_google_business_share_type":"","_selected_social_profile":[],"_wpsp_enable_custom_social_template":false,"_wpsp_social_scheduling":{"enabled":false,"datetime":null,"platforms":[],"status":"template_only","dateOption":"today","timeOption":"now","customDays":"","customHours":"","customDate":"","customTime":"","schedulingType":"absolute"},"_wpsp_active_default_template":true},"categories":[52,33],"tags":[],"class_list":["post-68218","post","type-post","status-publish","format-standard","has-post-thumbnail","hentry","category-a-la-une","category-sports"],"aioseo_notices":[],"yoast_head":"<!-- This site is optimized with the Yoast SEO plugin v27.5 - https:\/\/yoast.com\/product\/yoast-seo-wordpress\/ -->\n<title>CAN-2025 (Dames): Les Vertes retrouvent la sc\u00e8ne continentale avec de grandes ambitions - La Sentinelle<\/title>\n<meta name=\"robots\" content=\"index, follow, max-snippet:-1, max-image-preview:large, max-video-preview:-1\" \/>\n<link rel=\"canonical\" href=\"https:\/\/lasentinelle.dz\/index.php\/2025\/05\/31\/can-2025-dames-les-vertes-retrouvent-la-scene-continentale-avec-de-grandes-ambitions\/\" \/>\n<meta property=\"og:locale\" content=\"fr_FR\" \/>\n<meta property=\"og:type\" content=\"article\" \/>\n<meta property=\"og:title\" content=\"CAN-2025 (Dames): Les Vertes retrouvent la sc\u00e8ne continentale avec de grandes ambitions - La Sentinelle\" \/>\n<meta property=\"og:description\" content=\"L&rsquo;\u00e9quipe nationale f\u00e9minine de football s&rsquo;appr\u00eate \u00e0 vivre un moment historique avec son retour tant attendu sur la sc\u00e8ne continentale\" \/>\n<meta property=\"og:url\" content=\"https:\/\/lasentinelle.dz\/index.php\/2025\/05\/31\/can-2025-dames-les-vertes-retrouvent-la-scene-continentale-avec-de-grandes-ambitions\/\" \/>\n<meta property=\"og:site_name\" content=\"La Sentinelle\" \/>\n<meta property=\"article:publisher\" content=\"https:\/\/www.facebook.com\/La-Sentinelle-104059864394773\" \/>\n<meta property=\"article:published_time\" content=\"2025-05-31T20:01:34+00:00\" \/>\n<meta property=\"article:modified_time\" content=\"2025-05-31T20:01:35+00:00\" \/>\n<meta property=\"og:image\" content=\"https:\/\/lasentinelle.dz\/wp-content\/uploads\/2025\/05\/Vertes.jpg\" \/>\n\t<meta property=\"og:image:width\" content=\"2400\" \/>\n\t<meta property=\"og:image:height\" content=\"1600\" \/>\n\t<meta property=\"og:image:type\" content=\"image\/jpeg\" \/>\n<meta name=\"author\" content=\"admin\" \/>\n<meta name=\"twitter:card\" content=\"summary_large_image\" \/>\n<meta name=\"twitter:label1\" content=\"\u00c9crit par\" \/>\n\t<meta name=\"twitter:data1\" content=\"admin\" \/>\n\t<meta name=\"twitter:label2\" content=\"Dur\u00e9e de lecture estim\u00e9e\" \/>\n\t<meta name=\"twitter:data2\" content=\"5 minutes\" \/>\n<script type=\"application\/ld+json\" class=\"yoast-schema-graph\">{\"@context\":\"https:\\\/\\\/schema.org\",\"@graph\":[{\"@type\":\"Article\",\"@id\":\"https:\\\/\\\/lasentinelle.dz\\\/index.php\\\/2025\\\/05\\\/31\\\/can-2025-dames-les-vertes-retrouvent-la-scene-continentale-avec-de-grandes-ambitions\\\/#article\",\"isPartOf\":{\"@id\":\"https:\\\/\\\/lasentinelle.dz\\\/index.php\\\/2025\\\/05\\\/31\\\/can-2025-dames-les-vertes-retrouvent-la-scene-continentale-avec-de-grandes-ambitions\\\/\"},\"author\":{\"name\":\"admin\",\"@id\":\"https:\\\/\\\/lasentinelle.dz\\\/#\\\/schema\\\/person\\\/729ee0024f24e0b8c5ec17232f8e8b41\"},\"headline\":\"CAN-2025 (Dames): Les Vertes retrouvent la sc\u00e8ne continentale avec de grandes ambitions\",\"datePublished\":\"2025-05-31T20:01:34+00:00\",\"dateModified\":\"2025-05-31T20:01:35+00:00\",\"mainEntityOfPage\":{\"@id\":\"https:\\\/\\\/lasentinelle.dz\\\/index.php\\\/2025\\\/05\\\/31\\\/can-2025-dames-les-vertes-retrouvent-la-scene-continentale-avec-de-grandes-ambitions\\\/\"},\"wordCount\":865,\"commentCount\":0,\"publisher\":{\"@id\":\"https:\\\/\\\/lasentinelle.dz\\\/#organization\"},\"image\":{\"@id\":\"https:\\\/\\\/lasentinelle.dz\\\/index.php\\\/2025\\\/05\\\/31\\\/can-2025-dames-les-vertes-retrouvent-la-scene-continentale-avec-de-grandes-ambitions\\\/#primaryimage\"},\"thumbnailUrl\":\"https:\\\/\\\/lasentinelle.dz\\\/wp-content\\\/uploads\\\/2025\\\/05\\\/Vertes.jpg\",\"articleSection\":[\"\u00c0 la Une\",\"Sports\"],\"inLanguage\":\"fr-FR\",\"potentialAction\":[{\"@type\":\"CommentAction\",\"name\":\"Comment\",\"target\":[\"https:\\\/\\\/lasentinelle.dz\\\/index.php\\\/2025\\\/05\\\/31\\\/can-2025-dames-les-vertes-retrouvent-la-scene-continentale-avec-de-grandes-ambitions\\\/#respond\"]}]},{\"@type\":\"WebPage\",\"@id\":\"https:\\\/\\\/lasentinelle.dz\\\/index.php\\\/2025\\\/05\\\/31\\\/can-2025-dames-les-vertes-retrouvent-la-scene-continentale-avec-de-grandes-ambitions\\\/\",\"url\":\"https:\\\/\\\/lasentinelle.dz\\\/index.php\\\/2025\\\/05\\\/31\\\/can-2025-dames-les-vertes-retrouvent-la-scene-continentale-avec-de-grandes-ambitions\\\/\",\"name\":\"CAN-2025 (Dames): Les Vertes retrouvent la sc\u00e8ne continentale avec de grandes ambitions - La Sentinelle\",\"isPartOf\":{\"@id\":\"https:\\\/\\\/lasentinelle.dz\\\/#website\"},\"primaryImageOfPage\":{\"@id\":\"https:\\\/\\\/lasentinelle.dz\\\/index.php\\\/2025\\\/05\\\/31\\\/can-2025-dames-les-vertes-retrouvent-la-scene-continentale-avec-de-grandes-ambitions\\\/#primaryimage\"},\"image\":{\"@id\":\"https:\\\/\\\/lasentinelle.dz\\\/index.php\\\/2025\\\/05\\\/31\\\/can-2025-dames-les-vertes-retrouvent-la-scene-continentale-avec-de-grandes-ambitions\\\/#primaryimage\"},\"thumbnailUrl\":\"https:\\\/\\\/lasentinelle.dz\\\/wp-content\\\/uploads\\\/2025\\\/05\\\/Vertes.jpg\",\"datePublished\":\"2025-05-31T20:01:34+00:00\",\"dateModified\":\"2025-05-31T20:01:35+00:00\",\"breadcrumb\":{\"@id\":\"https:\\\/\\\/lasentinelle.dz\\\/index.php\\\/2025\\\/05\\\/31\\\/can-2025-dames-les-vertes-retrouvent-la-scene-continentale-avec-de-grandes-ambitions\\\/#breadcrumb\"},\"inLanguage\":\"fr-FR\",\"potentialAction\":[{\"@type\":\"ReadAction\",\"target\":[\"https:\\\/\\\/lasentinelle.dz\\\/index.php\\\/2025\\\/05\\\/31\\\/can-2025-dames-les-vertes-retrouvent-la-scene-continentale-avec-de-grandes-ambitions\\\/\"]}]},{\"@type\":\"ImageObject\",\"inLanguage\":\"fr-FR\",\"@id\":\"https:\\\/\\\/lasentinelle.dz\\\/index.php\\\/2025\\\/05\\\/31\\\/can-2025-dames-les-vertes-retrouvent-la-scene-continentale-avec-de-grandes-ambitions\\\/#primaryimage\",\"url\":\"https:\\\/\\\/lasentinelle.dz\\\/wp-content\\\/uploads\\\/2025\\\/05\\\/Vertes.jpg\",\"contentUrl\":\"https:\\\/\\\/lasentinelle.dz\\\/wp-content\\\/uploads\\\/2025\\\/05\\\/Vertes.jpg\",\"width\":2400,\"height\":1600},{\"@type\":\"BreadcrumbList\",\"@id\":\"https:\\\/\\\/lasentinelle.dz\\\/index.php\\\/2025\\\/05\\\/31\\\/can-2025-dames-les-vertes-retrouvent-la-scene-continentale-avec-de-grandes-ambitions\\\/#breadcrumb\",\"itemListElement\":[{\"@type\":\"ListItem\",\"position\":1,\"name\":\"Accueil\",\"item\":\"https:\\\/\\\/lasentinelle.dz\\\/\"},{\"@type\":\"ListItem\",\"position\":2,\"name\":\"CAN-2025 (Dames): Les Vertes retrouvent la sc\u00e8ne continentale avec de grandes ambitions\"}]},{\"@type\":\"WebSite\",\"@id\":\"https:\\\/\\\/lasentinelle.dz\\\/#website\",\"url\":\"https:\\\/\\\/lasentinelle.dz\\\/\",\"name\":\"La Sentinelle\",\"description\":\"Quotidien national d&#039;information\",\"publisher\":{\"@id\":\"https:\\\/\\\/lasentinelle.dz\\\/#organization\"},\"potentialAction\":[{\"@type\":\"SearchAction\",\"target\":{\"@type\":\"EntryPoint\",\"urlTemplate\":\"https:\\\/\\\/lasentinelle.dz\\\/?s={search_term_string}\"},\"query-input\":{\"@type\":\"PropertyValueSpecification\",\"valueRequired\":true,\"valueName\":\"search_term_string\"}}],\"inLanguage\":\"fr-FR\"},{\"@type\":\"Organization\",\"@id\":\"https:\\\/\\\/lasentinelle.dz\\\/#organization\",\"name\":\"Quotidien La Sentinelle\",\"url\":\"https:\\\/\\\/lasentinelle.dz\\\/\",\"logo\":{\"@type\":\"ImageObject\",\"inLanguage\":\"fr-FR\",\"@id\":\"https:\\\/\\\/lasentinelle.dz\\\/#\\\/schema\\\/logo\\\/image\\\/\",\"url\":\"https:\\\/\\\/lasentinelle.dz\\\/wp-content\\\/uploads\\\/2021\\\/09\\\/logo-sentinelleSLOGAN-1.png\",\"contentUrl\":\"https:\\\/\\\/lasentinelle.dz\\\/wp-content\\\/uploads\\\/2021\\\/09\\\/logo-sentinelleSLOGAN-1.png\",\"width\":615,\"height\":142,\"caption\":\"Quotidien La Sentinelle\"},\"image\":{\"@id\":\"https:\\\/\\\/lasentinelle.dz\\\/#\\\/schema\\\/logo\\\/image\\\/\"},\"sameAs\":[\"https:\\\/\\\/www.facebook.com\\\/La-Sentinelle-104059864394773\"]},{\"@type\":\"Person\",\"@id\":\"https:\\\/\\\/lasentinelle.dz\\\/#\\\/schema\\\/person\\\/729ee0024f24e0b8c5ec17232f8e8b41\",\"name\":\"admin\",\"image\":{\"@type\":\"ImageObject\",\"inLanguage\":\"fr-FR\",\"@id\":\"https:\\\/\\\/secure.gravatar.com\\\/avatar\\\/4c81fed838786e9b53f540bf46533e750f5d292099ae3b66cfc6fb1982e29df7?s=96&d=mm&r=g\",\"url\":\"https:\\\/\\\/secure.gravatar.com\\\/avatar\\\/4c81fed838786e9b53f540bf46533e750f5d292099ae3b66cfc6fb1982e29df7?s=96&d=mm&r=g\",\"contentUrl\":\"https:\\\/\\\/secure.gravatar.com\\\/avatar\\\/4c81fed838786e9b53f540bf46533e750f5d292099ae3b66cfc6fb1982e29df7?s=96&d=mm&r=g\",\"caption\":\"admin\"},\"description\":\"admin\",\"url\":\"https:\\\/\\\/lasentinelle.dz\\\/author\\\/admin\\\/\"}]}<\/script>\n<!-- \/ Yoast SEO plugin. -->","yoast_head_json":{"title":"CAN-2025 (Dames): Les Vertes retrouvent la sc\u00e8ne continentale avec de grandes ambitions - La Sentinelle","robots":{"index":"index","follow":"follow","max-snippet":"max-snippet:-1","max-image-preview":"max-image-preview:large","max-video-preview":"max-video-preview:-1"},"canonical":"https:\/\/lasentinelle.dz\/index.php\/2025\/05\/31\/can-2025-dames-les-vertes-retrouvent-la-scene-continentale-avec-de-grandes-ambitions\/","og_locale":"fr_FR","og_type":"article","og_title":"CAN-2025 (Dames): Les Vertes retrouvent la sc\u00e8ne continentale avec de grandes ambitions - La Sentinelle","og_description":"L&rsquo;\u00e9quipe nationale f\u00e9minine de football s&rsquo;appr\u00eate \u00e0 vivre un moment historique avec son retour tant attendu sur la sc\u00e8ne continentale","og_url":"https:\/\/lasentinelle.dz\/index.php\/2025\/05\/31\/can-2025-dames-les-vertes-retrouvent-la-scene-continentale-avec-de-grandes-ambitions\/","og_site_name":"La Sentinelle","article_publisher":"https:\/\/www.facebook.com\/La-Sentinelle-104059864394773","article_published_time":"2025-05-31T20:01:34+00:00","article_modified_time":"2025-05-31T20:01:35+00:00","og_image":[{"width":2400,"height":1600,"url":"https:\/\/lasentinelle.dz\/wp-content\/uploads\/2025\/05\/Vertes.jpg","type":"image\/jpeg"}],"author":"admin","twitter_card":"summary_large_image","twitter_misc":{"\u00c9crit par":"admin","Dur\u00e9e de lecture estim\u00e9e":"5 minutes"},"schema":{"@context":"https:\/\/schema.org","@graph":[{"@type":"Article","@id":"https:\/\/lasentinelle.dz\/index.php\/2025\/05\/31\/can-2025-dames-les-vertes-retrouvent-la-scene-continentale-avec-de-grandes-ambitions\/#article","isPartOf":{"@id":"https:\/\/lasentinelle.dz\/index.php\/2025\/05\/31\/can-2025-dames-les-vertes-retrouvent-la-scene-continentale-avec-de-grandes-ambitions\/"},"author":{"name":"admin","@id":"https:\/\/lasentinelle.dz\/#\/schema\/person\/729ee0024f24e0b8c5ec17232f8e8b41"},"headline":"CAN-2025 (Dames): Les Vertes retrouvent la sc\u00e8ne continentale avec de grandes ambitions","datePublished":"2025-05-31T20:01:34+00:00","dateModified":"2025-05-31T20:01:35+00:00","mainEntityOfPage":{"@id":"https:\/\/lasentinelle.dz\/index.php\/2025\/05\/31\/can-2025-dames-les-vertes-retrouvent-la-scene-continentale-avec-de-grandes-ambitions\/"},"wordCount":865,"commentCount":0,"publisher":{"@id":"https:\/\/lasentinelle.dz\/#organization"},"image":{"@id":"https:\/\/lasentinelle.dz\/index.php\/2025\/05\/31\/can-2025-dames-les-vertes-retrouvent-la-scene-continentale-avec-de-grandes-ambitions\/#primaryimage"},"thumbnailUrl":"https:\/\/lasentinelle.dz\/wp-content\/uploads\/2025\/05\/Vertes.jpg","articleSection":["\u00c0 la Une","Sports"],"inLanguage":"fr-FR","potentialAction":[{"@type":"CommentAction","name":"Comment","target":["https:\/\/lasentinelle.dz\/index.php\/2025\/05\/31\/can-2025-dames-les-vertes-retrouvent-la-scene-continentale-avec-de-grandes-ambitions\/#respond"]}]},{"@type":"WebPage","@id":"https:\/\/lasentinelle.dz\/index.php\/2025\/05\/31\/can-2025-dames-les-vertes-retrouvent-la-scene-continentale-avec-de-grandes-ambitions\/","url":"https:\/\/lasentinelle.dz\/index.php\/2025\/05\/31\/can-2025-dames-les-vertes-retrouvent-la-scene-continentale-avec-de-grandes-ambitions\/","name":"CAN-2025 (Dames): Les Vertes retrouvent la sc\u00e8ne continentale avec de grandes ambitions - La Sentinelle","isPartOf":{"@id":"https:\/\/lasentinelle.dz\/#website"},"primaryImageOfPage":{"@id":"https:\/\/lasentinelle.dz\/index.php\/2025\/05\/31\/can-2025-dames-les-vertes-retrouvent-la-scene-continentale-avec-de-grandes-ambitions\/#primaryimage"},"image":{"@id":"https:\/\/lasentinelle.dz\/index.php\/2025\/05\/31\/can-2025-dames-les-vertes-retrouvent-la-scene-continentale-avec-de-grandes-ambitions\/#primaryimage"},"thumbnailUrl":"https:\/\/lasentinelle.dz\/wp-content\/uploads\/2025\/05\/Vertes.jpg","datePublished":"2025-05-31T20:01:34+00:00","dateModified":"2025-05-31T20:01:35+00:00","breadcrumb":{"@id":"https:\/\/lasentinelle.dz\/index.php\/2025\/05\/31\/can-2025-dames-les-vertes-retrouvent-la-scene-continentale-avec-de-grandes-ambitions\/#breadcrumb"},"inLanguage":"fr-FR","potentialAction":[{"@type":"ReadAction","target":["https:\/\/lasentinelle.dz\/index.php\/2025\/05\/31\/can-2025-dames-les-vertes-retrouvent-la-scene-continentale-avec-de-grandes-ambitions\/"]}]},{"@type":"ImageObject","inLanguage":"fr-FR","@id":"https:\/\/lasentinelle.dz\/index.php\/2025\/05\/31\/can-2025-dames-les-vertes-retrouvent-la-scene-continentale-avec-de-grandes-ambitions\/#primaryimage","url":"https:\/\/lasentinelle.dz\/wp-content\/uploads\/2025\/05\/Vertes.jpg","contentUrl":"https:\/\/lasentinelle.dz\/wp-content\/uploads\/2025\/05\/Vertes.jpg","width":2400,"height":1600},{"@type":"BreadcrumbList","@id":"https:\/\/lasentinelle.dz\/index.php\/2025\/05\/31\/can-2025-dames-les-vertes-retrouvent-la-scene-continentale-avec-de-grandes-ambitions\/#breadcrumb","itemListElement":[{"@type":"ListItem","position":1,"name":"Accueil","item":"https:\/\/lasentinelle.dz\/"},{"@type":"ListItem","position":2,"name":"CAN-2025 (Dames): Les Vertes retrouvent la sc\u00e8ne continentale avec de grandes ambitions"}]},{"@type":"WebSite","@id":"https:\/\/lasentinelle.dz\/#website","url":"https:\/\/lasentinelle.dz\/","name":"La Sentinelle","description":"Quotidien national d&#039;information","publisher":{"@id":"https:\/\/lasentinelle.dz\/#organization"},"potentialAction":[{"@type":"SearchAction","target":{"@type":"EntryPoint","urlTemplate":"https:\/\/lasentinelle.dz\/?s={search_term_string}"},"query-input":{"@type":"PropertyValueSpecification","valueRequired":true,"valueName":"search_term_string"}}],"inLanguage":"fr-FR"},{"@type":"Organization","@id":"https:\/\/lasentinelle.dz\/#organization","name":"Quotidien La Sentinelle","url":"https:\/\/lasentinelle.dz\/","logo":{"@type":"ImageObject","inLanguage":"fr-FR","@id":"https:\/\/lasentinelle.dz\/#\/schema\/logo\/image\/","url":"https:\/\/lasentinelle.dz\/wp-content\/uploads\/2021\/09\/logo-sentinelleSLOGAN-1.png","contentUrl":"https:\/\/lasentinelle.dz\/wp-content\/uploads\/2021\/09\/logo-sentinelleSLOGAN-1.png","width":615,"height":142,"caption":"Quotidien La Sentinelle"},"image":{"@id":"https:\/\/lasentinelle.dz\/#\/schema\/logo\/image\/"},"sameAs":["https:\/\/www.facebook.com\/La-Sentinelle-104059864394773"]},{"@type":"Person","@id":"https:\/\/lasentinelle.dz\/#\/schema\/person\/729ee0024f24e0b8c5ec17232f8e8b41","name":"admin","image":{"@type":"ImageObject","inLanguage":"fr-FR","@id":"https:\/\/secure.gravatar.com\/avatar\/4c81fed838786e9b53f540bf46533e750f5d292099ae3b66cfc6fb1982e29df7?s=96&d=mm&r=g","url":"https:\/\/secure.gravatar.com\/avatar\/4c81fed838786e9b53f540bf46533e750f5d292099ae3b66cfc6fb1982e29df7?s=96&d=mm&r=g","contentUrl":"https:\/\/secure.gravatar.com\/avatar\/4c81fed838786e9b53f540bf46533e750f5d292099ae3b66cfc6fb1982e29df7?s=96&d=mm&r=g","caption":"admin"},"description":"admin","url":"https:\/\/lasentinelle.dz\/author\/admin\/"}]}},"_links":{"self":[{"href":"https:\/\/lasentinelle.dz\/index.php\/wp-json\/wp\/v2\/posts\/68218","targetHints":{"allow":["GET"]}}],"collection":[{"href":"https:\/\/lasentinelle.dz\/index.php\/wp-json\/wp\/v2\/posts"}],"about":[{"href":"https:\/\/lasentinelle.dz\/index.php\/wp-json\/wp\/v2\/types\/post"}],"author":[{"embeddable":true,"href":"https:\/\/lasentinelle.dz\/index.php\/wp-json\/wp\/v2\/users\/6"}],"replies":[{"embeddable":true,"href":"https:\/\/lasentinelle.dz\/index.php\/wp-json\/wp\/v2\/comments?post=68218"}],"version-history":[{"count":1,"href":"https:\/\/lasentinelle.dz\/index.php\/wp-json\/wp\/v2\/posts\/68218\/revisions"}],"predecessor-version":[{"id":68220,"href":"https:\/\/lasentinelle.dz\/index.php\/wp-json\/wp\/v2\/posts\/68218\/revisions\/68220"}],"wp:featuredmedia":[{"embeddable":true,"href":"https:\/\/lasentinelle.dz\/index.php\/wp-json\/wp\/v2\/media\/68219"}],"wp:attachment":[{"href":"https:\/\/lasentinelle.dz\/index.php\/wp-json\/wp\/v2\/media?parent=68218"}],"wp:term":[{"taxonomy":"category","embeddable":true,"href":"https:\/\/lasentinelle.dz\/index.php\/wp-json\/wp\/v2\/categories?post=68218"},{"taxonomy":"post_tag","embeddable":true,"href":"https:\/\/lasentinelle.dz\/index.php\/wp-json\/wp\/v2\/tags?post=68218"}],"curies":[{"name":"wp","href":"https:\/\/api.w.org\/{rel}","templated":true}]}}