{"id":68221,"date":"2025-05-31T21:04:03","date_gmt":"2025-05-31T20:04:03","guid":{"rendered":"https:\/\/lasentinelle.dz\/?p=68221"},"modified":"2025-05-31T21:04:04","modified_gmt":"2025-05-31T20:04:04","slug":"annaba-les-industriels-sensibilises-sur-limportance-de-la-gestion-durable-des-eaux-industrielles","status":"publish","type":"post","link":"https:\/\/lasentinelle.dz\/index.php\/2025\/05\/31\/annaba-les-industriels-sensibilises-sur-limportance-de-la-gestion-durable-des-eaux-industrielles\/","title":{"rendered":"Annaba : Les industriels sensibilis\u00e9s sur l&rsquo;importance de la gestion durable des eaux industrielles"},"content":{"rendered":"\n<p>Une journ\u00e9e d&rsquo;information sur les techniques de traitement et la r\u00e9utilisation des eaux industrielles s&rsquo;est tenue jeudi \u00e0 Annaba, marquant un \u00e9v\u00e9nement d&rsquo;importance capitale d\u00e9di\u00e9 \u00e0 la pr\u00e9servation de l&rsquo;environnement et \u00e0 la gestion durable des ressources hydriques. Organis\u00e9e par l&rsquo;Agence du Bassin Hydrographique de Constantine Seybouse-El Melah (ABH-CSM), cette initiative a rassembl\u00e9 les acteurs industriels de la wilaya d&rsquo;Annaba et de ses environs. Tenue sous le slogan \u00ab\u00a0Int\u00e9gration des technologies avanc\u00e9es dans le traitement et la r\u00e9utilisation des eaux industrielles us\u00e9es\u00a0\u00bb, cette rencontre s&rsquo;inscrit dans une d\u00e9marche coh\u00e9rente visant \u00e0 construire une vision commune pour un secteur industriel plus engag\u00e9 dans la responsabilit\u00e9 environnementale. L&rsquo;\u00e9v\u00e9nement illustre les efforts locaux de sensibilisation et de motivation des industriels de la r\u00e9gion quant \u00e0 l&rsquo;imp\u00e9ratif d&rsquo;adh\u00e9rer au processus de traitement des eaux industrielles et \u00e0 leur r\u00e9utilisation, dans l&rsquo;int\u00e9r\u00eat de l&rsquo;\u00e9cosyst\u00e8me environnemental.<\/p>\n\n\n\n<p>Cette journ\u00e9e a permis de mettre en avant les innovations techniques, d&rsquo;\u00e9changer sur les meilleures pratiques et d&rsquo;encourager un engagement collectif en faveur de la responsabilit\u00e9 environnementale dans le secteur industriel. Au programme figuraient des communications, conf\u00e9rences et interventions \u00e0 caract\u00e8re technique qui ont enrichi les connaissances des repr\u00e9sentants d&rsquo;entreprises industrielles provenant de diff\u00e9rentes zones industrielles et zones d&rsquo;activit\u00e9. Les th\u00e9matiques abord\u00e9es ont notamment trait\u00e9 de la r\u00e9utilisation des eaux industrielles dans un objectif d&rsquo;\u00e9conomie et de pr\u00e9servation des ressources, de la protection de l&rsquo;environnement dans un contexte de changements climatiques, ainsi que de la valorisation des eaux trait\u00e9es pour de nouvelles utilisations industrielles ou agricoles. Les techniques biologiques innovantes pour le traitement efficace des eaux us\u00e9es ont \u00e9galement \u00e9t\u00e9 pr\u00e9sent\u00e9es. Ce rassemblement a constitu\u00e9 une v\u00e9ritable plateforme de dialogue, propice \u00e0 la construction d&rsquo;une vision commune o\u00f9 industrie et environnement s&rsquo;allient en parfaite synergie. L&rsquo;\u00e9v\u00e9nement a renforc\u00e9 l&rsquo;id\u00e9e que l&rsquo;adoption de technologies modernes et responsables est essentielle pour un d\u00e9veloppement industriel durable, notamment en mati\u00e8re de gestion de l&rsquo;eau. Cette journ\u00e9e a permis de renforcer la conscience \u00e9cologique parmi les acteurs \u00e9conomiques locaux et de tracer une voie claire vers une industrialisation plus verte, respectueuse de la plan\u00e8te et de ses ressources pr\u00e9cieuses. La rencontre a r\u00e9uni, outre les partenaires \u00e9conomiques du secteur industriel de la wilaya d&rsquo;Annaba et de la r\u00e9gion, les autorit\u00e9s locales qui ont donn\u00e9 le coup d&rsquo;envoi aux travaux de cette journ\u00e9e d&rsquo;information technique et de sensibilisation.<\/p>\n\n\n\n<p><strong>Sofia Chahine<\/strong><\/p>\n","protected":false},"excerpt":{"rendered":"<p>Une journ\u00e9e d&rsquo;information sur les techniques de traitement et la r\u00e9utilisation des eaux industrielles s&rsquo;est tenue jeudi \u00e0 Annaba, marquant<\/p>\n","protected":false},"author":6,"featured_media":68222,"comment_status":"open","ping_status":"closed","sticky":false,"template":"","format":"standard","meta":{"colormag_page_container_layout":"default_layout","colormag_page_sidebar_layout":"default_layout","om_disable_all_campaigns":false,"_monsterinsights_skip_tracking":false,"_monsterinsights_sitenote_active":false,"_monsterinsights_sitenote_note":"","_monsterinsights_sitenote_category":0,"footnotes":"","_wpscppro_dont_share_socialmedia":false,"_wpscppro_custom_social_share_image":0,"_facebook_share_type":"default","_twitter_share_type":"default","_linkedin_share_type":"default","_pinterest_share_type":"default","_linkedin_share_type_page":"","_instagram_share_type":"default","_medium_share_type":"default","_threads_share_type":"","_google_business_share_type":"","_selected_social_profile":[],"_wpsp_enable_custom_social_template":false,"_wpsp_social_scheduling":{"enabled":false,"datetime":null,"platforms":[],"status":"template_only","dateOption":"today","timeOption":"now","customDays":"","customHours":"","customDate":"","customTime":"","schedulingType":"absolute"},"_wpsp_active_default_template":true},"categories":[31],"tags":[],"class_list":["post-68221","post","type-post","status-publish","format-standard","has-post-thumbnail","hentry","category-regions"],"aioseo_notices":[],"yoast_head":"<!-- This site is optimized with the Yoast SEO plugin v27.5 - https:\/\/yoast.com\/product\/yoast-seo-wordpress\/ -->\n<title>Annaba : Les industriels sensibilis\u00e9s sur l&rsquo;importance de la gestion durable des eaux industrielles - La Sentinelle<\/title>\n<meta name=\"robots\" content=\"index, follow, max-snippet:-1, max-image-preview:large, max-video-preview:-1\" \/>\n<link rel=\"canonical\" href=\"https:\/\/lasentinelle.dz\/index.php\/2025\/05\/31\/annaba-les-industriels-sensibilises-sur-limportance-de-la-gestion-durable-des-eaux-industrielles\/\" \/>\n<meta property=\"og:locale\" content=\"fr_FR\" \/>\n<meta property=\"og:type\" content=\"article\" \/>\n<meta property=\"og:title\" content=\"Annaba : Les industriels sensibilis\u00e9s sur l&rsquo;importance de la gestion durable des eaux industrielles - La Sentinelle\" \/>\n<meta property=\"og:description\" content=\"Une journ\u00e9e d&rsquo;information sur les techniques de traitement et la r\u00e9utilisation des eaux industrielles s&rsquo;est tenue jeudi \u00e0 Annaba, marquant\" \/>\n<meta property=\"og:url\" content=\"https:\/\/lasentinelle.dz\/index.php\/2025\/05\/31\/annaba-les-industriels-sensibilises-sur-limportance-de-la-gestion-durable-des-eaux-industrielles\/\" \/>\n<meta property=\"og:site_name\" content=\"La Sentinelle\" \/>\n<meta property=\"article:publisher\" content=\"https:\/\/www.facebook.com\/La-Sentinelle-104059864394773\" \/>\n<meta property=\"article:published_time\" content=\"2025-05-31T20:04:03+00:00\" \/>\n<meta property=\"article:modified_time\" content=\"2025-05-31T20:04:04+00:00\" \/>\n<meta property=\"og:image\" content=\"https:\/\/lasentinelle.dz\/wp-content\/uploads\/2025\/05\/eaux-usees.jpg\" \/>\n\t<meta property=\"og:image:width\" content=\"800\" \/>\n\t<meta property=\"og:image:height\" content=\"450\" \/>\n\t<meta property=\"og:image:type\" content=\"image\/jpeg\" \/>\n<meta name=\"author\" content=\"admin\" \/>\n<meta name=\"twitter:card\" content=\"summary_large_image\" \/>\n<meta name=\"twitter:label1\" content=\"\u00c9crit par\" \/>\n\t<meta name=\"twitter:data1\" content=\"admin\" \/>\n\t<meta name=\"twitter:label2\" content=\"Dur\u00e9e de lecture estim\u00e9e\" \/>\n\t<meta name=\"twitter:data2\" content=\"3 minutes\" \/>\n<script type=\"application\/ld+json\" class=\"yoast-schema-graph\">{\"@context\":\"https:\\\/\\\/schema.org\",\"@graph\":[{\"@type\":\"Article\",\"@id\":\"https:\\\/\\\/lasentinelle.dz\\\/index.php\\\/2025\\\/05\\\/31\\\/annaba-les-industriels-sensibilises-sur-limportance-de-la-gestion-durable-des-eaux-industrielles\\\/#article\",\"isPartOf\":{\"@id\":\"https:\\\/\\\/lasentinelle.dz\\\/index.php\\\/2025\\\/05\\\/31\\\/annaba-les-industriels-sensibilises-sur-limportance-de-la-gestion-durable-des-eaux-industrielles\\\/\"},\"author\":{\"name\":\"admin\",\"@id\":\"https:\\\/\\\/lasentinelle.dz\\\/#\\\/schema\\\/person\\\/729ee0024f24e0b8c5ec17232f8e8b41\"},\"headline\":\"Annaba : Les industriels sensibilis\u00e9s sur l&rsquo;importance de la gestion durable des eaux industrielles\",\"datePublished\":\"2025-05-31T20:04:03+00:00\",\"dateModified\":\"2025-05-31T20:04:04+00:00\",\"mainEntityOfPage\":{\"@id\":\"https:\\\/\\\/lasentinelle.dz\\\/index.php\\\/2025\\\/05\\\/31\\\/annaba-les-industriels-sensibilises-sur-limportance-de-la-gestion-durable-des-eaux-industrielles\\\/\"},\"wordCount\":464,\"commentCount\":0,\"publisher\":{\"@id\":\"https:\\\/\\\/lasentinelle.dz\\\/#organization\"},\"image\":{\"@id\":\"https:\\\/\\\/lasentinelle.dz\\\/index.php\\\/2025\\\/05\\\/31\\\/annaba-les-industriels-sensibilises-sur-limportance-de-la-gestion-durable-des-eaux-industrielles\\\/#primaryimage\"},\"thumbnailUrl\":\"https:\\\/\\\/lasentinelle.dz\\\/wp-content\\\/uploads\\\/2025\\\/05\\\/eaux-usees.jpg\",\"articleSection\":[\"R\u00e9gions\"],\"inLanguage\":\"fr-FR\",\"potentialAction\":[{\"@type\":\"CommentAction\",\"name\":\"Comment\",\"target\":[\"https:\\\/\\\/lasentinelle.dz\\\/index.php\\\/2025\\\/05\\\/31\\\/annaba-les-industriels-sensibilises-sur-limportance-de-la-gestion-durable-des-eaux-industrielles\\\/#respond\"]}]},{\"@type\":\"WebPage\",\"@id\":\"https:\\\/\\\/lasentinelle.dz\\\/index.php\\\/2025\\\/05\\\/31\\\/annaba-les-industriels-sensibilises-sur-limportance-de-la-gestion-durable-des-eaux-industrielles\\\/\",\"url\":\"https:\\\/\\\/lasentinelle.dz\\\/index.php\\\/2025\\\/05\\\/31\\\/annaba-les-industriels-sensibilises-sur-limportance-de-la-gestion-durable-des-eaux-industrielles\\\/\",\"name\":\"Annaba : Les industriels sensibilis\u00e9s sur l&rsquo;importance de la gestion durable des eaux industrielles - La Sentinelle\",\"isPartOf\":{\"@id\":\"https:\\\/\\\/lasentinelle.dz\\\/#website\"},\"primaryImageOfPage\":{\"@id\":\"https:\\\/\\\/lasentinelle.dz\\\/index.php\\\/2025\\\/05\\\/31\\\/annaba-les-industriels-sensibilises-sur-limportance-de-la-gestion-durable-des-eaux-industrielles\\\/#primaryimage\"},\"image\":{\"@id\":\"https:\\\/\\\/lasentinelle.dz\\\/index.php\\\/2025\\\/05\\\/31\\\/annaba-les-industriels-sensibilises-sur-limportance-de-la-gestion-durable-des-eaux-industrielles\\\/#primaryimage\"},\"thumbnailUrl\":\"https:\\\/\\\/lasentinelle.dz\\\/wp-content\\\/uploads\\\/2025\\\/05\\\/eaux-usees.jpg\",\"datePublished\":\"2025-05-31T20:04:03+00:00\",\"dateModified\":\"2025-05-31T20:04:04+00:00\",\"breadcrumb\":{\"@id\":\"https:\\\/\\\/lasentinelle.dz\\\/index.php\\\/2025\\\/05\\\/31\\\/annaba-les-industriels-sensibilises-sur-limportance-de-la-gestion-durable-des-eaux-industrielles\\\/#breadcrumb\"},\"inLanguage\":\"fr-FR\",\"potentialAction\":[{\"@type\":\"ReadAction\",\"target\":[\"https:\\\/\\\/lasentinelle.dz\\\/index.php\\\/2025\\\/05\\\/31\\\/annaba-les-industriels-sensibilises-sur-limportance-de-la-gestion-durable-des-eaux-industrielles\\\/\"]}]},{\"@type\":\"ImageObject\",\"inLanguage\":\"fr-FR\",\"@id\":\"https:\\\/\\\/lasentinelle.dz\\\/index.php\\\/2025\\\/05\\\/31\\\/annaba-les-industriels-sensibilises-sur-limportance-de-la-gestion-durable-des-eaux-industrielles\\\/#primaryimage\",\"url\":\"https:\\\/\\\/lasentinelle.dz\\\/wp-content\\\/uploads\\\/2025\\\/05\\\/eaux-usees.jpg\",\"contentUrl\":\"https:\\\/\\\/lasentinelle.dz\\\/wp-content\\\/uploads\\\/2025\\\/05\\\/eaux-usees.jpg\",\"width\":800,\"height\":450},{\"@type\":\"BreadcrumbList\",\"@id\":\"https:\\\/\\\/lasentinelle.dz\\\/index.php\\\/2025\\\/05\\\/31\\\/annaba-les-industriels-sensibilises-sur-limportance-de-la-gestion-durable-des-eaux-industrielles\\\/#breadcrumb\",\"itemListElement\":[{\"@type\":\"ListItem\",\"position\":1,\"name\":\"Accueil\",\"item\":\"https:\\\/\\\/lasentinelle.dz\\\/\"},{\"@type\":\"ListItem\",\"position\":2,\"name\":\"Annaba : Les industriels sensibilis\u00e9s sur l&rsquo;importance de la gestion durable des eaux industrielles\"}]},{\"@type\":\"WebSite\",\"@id\":\"https:\\\/\\\/lasentinelle.dz\\\/#website\",\"url\":\"https:\\\/\\\/lasentinelle.dz\\\/\",\"name\":\"La Sentinelle\",\"description\":\"Quotidien national d&#039;information\",\"publisher\":{\"@id\":\"https:\\\/\\\/lasentinelle.dz\\\/#organization\"},\"potentialAction\":[{\"@type\":\"SearchAction\",\"target\":{\"@type\":\"EntryPoint\",\"urlTemplate\":\"https:\\\/\\\/lasentinelle.dz\\\/?s={search_term_string}\"},\"query-input\":{\"@type\":\"PropertyValueSpecification\",\"valueRequired\":true,\"valueName\":\"search_term_string\"}}],\"inLanguage\":\"fr-FR\"},{\"@type\":\"Organization\",\"@id\":\"https:\\\/\\\/lasentinelle.dz\\\/#organization\",\"name\":\"Quotidien La Sentinelle\",\"url\":\"https:\\\/\\\/lasentinelle.dz\\\/\",\"logo\":{\"@type\":\"ImageObject\",\"inLanguage\":\"fr-FR\",\"@id\":\"https:\\\/\\\/lasentinelle.dz\\\/#\\\/schema\\\/logo\\\/image\\\/\",\"url\":\"https:\\\/\\\/lasentinelle.dz\\\/wp-content\\\/uploads\\\/2021\\\/09\\\/logo-sentinelleSLOGAN-1.png\",\"contentUrl\":\"https:\\\/\\\/lasentinelle.dz\\\/wp-content\\\/uploads\\\/2021\\\/09\\\/logo-sentinelleSLOGAN-1.png\",\"width\":615,\"height\":142,\"caption\":\"Quotidien La Sentinelle\"},\"image\":{\"@id\":\"https:\\\/\\\/lasentinelle.dz\\\/#\\\/schema\\\/logo\\\/image\\\/\"},\"sameAs\":[\"https:\\\/\\\/www.facebook.com\\\/La-Sentinelle-104059864394773\"]},{\"@type\":\"Person\",\"@id\":\"https:\\\/\\\/lasentinelle.dz\\\/#\\\/schema\\\/person\\\/729ee0024f24e0b8c5ec17232f8e8b41\",\"name\":\"admin\",\"image\":{\"@type\":\"ImageObject\",\"inLanguage\":\"fr-FR\",\"@id\":\"https:\\\/\\\/secure.gravatar.com\\\/avatar\\\/4c81fed838786e9b53f540bf46533e750f5d292099ae3b66cfc6fb1982e29df7?s=96&d=mm&r=g\",\"url\":\"https:\\\/\\\/secure.gravatar.com\\\/avatar\\\/4c81fed838786e9b53f540bf46533e750f5d292099ae3b66cfc6fb1982e29df7?s=96&d=mm&r=g\",\"contentUrl\":\"https:\\\/\\\/secure.gravatar.com\\\/avatar\\\/4c81fed838786e9b53f540bf46533e750f5d292099ae3b66cfc6fb1982e29df7?s=96&d=mm&r=g\",\"caption\":\"admin\"},\"description\":\"admin\",\"url\":\"https:\\\/\\\/lasentinelle.dz\\\/author\\\/admin\\\/\"}]}<\/script>\n<!-- \/ Yoast SEO plugin. -->","yoast_head_json":{"title":"Annaba : Les industriels sensibilis\u00e9s sur l&rsquo;importance de la gestion durable des eaux industrielles - La Sentinelle","robots":{"index":"index","follow":"follow","max-snippet":"max-snippet:-1","max-image-preview":"max-image-preview:large","max-video-preview":"max-video-preview:-1"},"canonical":"https:\/\/lasentinelle.dz\/index.php\/2025\/05\/31\/annaba-les-industriels-sensibilises-sur-limportance-de-la-gestion-durable-des-eaux-industrielles\/","og_locale":"fr_FR","og_type":"article","og_title":"Annaba : Les industriels sensibilis\u00e9s sur l&rsquo;importance de la gestion durable des eaux industrielles - La Sentinelle","og_description":"Une journ\u00e9e d&rsquo;information sur les techniques de traitement et la r\u00e9utilisation des eaux industrielles s&rsquo;est tenue jeudi \u00e0 Annaba, marquant","og_url":"https:\/\/lasentinelle.dz\/index.php\/2025\/05\/31\/annaba-les-industriels-sensibilises-sur-limportance-de-la-gestion-durable-des-eaux-industrielles\/","og_site_name":"La Sentinelle","article_publisher":"https:\/\/www.facebook.com\/La-Sentinelle-104059864394773","article_published_time":"2025-05-31T20:04:03+00:00","article_modified_time":"2025-05-31T20:04:04+00:00","og_image":[{"width":800,"height":450,"url":"https:\/\/lasentinelle.dz\/wp-content\/uploads\/2025\/05\/eaux-usees.jpg","type":"image\/jpeg"}],"author":"admin","twitter_card":"summary_large_image","twitter_misc":{"\u00c9crit par":"admin","Dur\u00e9e de lecture estim\u00e9e":"3 minutes"},"schema":{"@context":"https:\/\/schema.org","@graph":[{"@type":"Article","@id":"https:\/\/lasentinelle.dz\/index.php\/2025\/05\/31\/annaba-les-industriels-sensibilises-sur-limportance-de-la-gestion-durable-des-eaux-industrielles\/#article","isPartOf":{"@id":"https:\/\/lasentinelle.dz\/index.php\/2025\/05\/31\/annaba-les-industriels-sensibilises-sur-limportance-de-la-gestion-durable-des-eaux-industrielles\/"},"author":{"name":"admin","@id":"https:\/\/lasentinelle.dz\/#\/schema\/person\/729ee0024f24e0b8c5ec17232f8e8b41"},"headline":"Annaba : Les industriels sensibilis\u00e9s sur l&rsquo;importance de la gestion durable des eaux industrielles","datePublished":"2025-05-31T20:04:03+00:00","dateModified":"2025-05-31T20:04:04+00:00","mainEntityOfPage":{"@id":"https:\/\/lasentinelle.dz\/index.php\/2025\/05\/31\/annaba-les-industriels-sensibilises-sur-limportance-de-la-gestion-durable-des-eaux-industrielles\/"},"wordCount":464,"commentCount":0,"publisher":{"@id":"https:\/\/lasentinelle.dz\/#organization"},"image":{"@id":"https:\/\/lasentinelle.dz\/index.php\/2025\/05\/31\/annaba-les-industriels-sensibilises-sur-limportance-de-la-gestion-durable-des-eaux-industrielles\/#primaryimage"},"thumbnailUrl":"https:\/\/lasentinelle.dz\/wp-content\/uploads\/2025\/05\/eaux-usees.jpg","articleSection":["R\u00e9gions"],"inLanguage":"fr-FR","potentialAction":[{"@type":"CommentAction","name":"Comment","target":["https:\/\/lasentinelle.dz\/index.php\/2025\/05\/31\/annaba-les-industriels-sensibilises-sur-limportance-de-la-gestion-durable-des-eaux-industrielles\/#respond"]}]},{"@type":"WebPage","@id":"https:\/\/lasentinelle.dz\/index.php\/2025\/05\/31\/annaba-les-industriels-sensibilises-sur-limportance-de-la-gestion-durable-des-eaux-industrielles\/","url":"https:\/\/lasentinelle.dz\/index.php\/2025\/05\/31\/annaba-les-industriels-sensibilises-sur-limportance-de-la-gestion-durable-des-eaux-industrielles\/","name":"Annaba : Les industriels sensibilis\u00e9s sur l&rsquo;importance de la gestion durable des eaux industrielles - La Sentinelle","isPartOf":{"@id":"https:\/\/lasentinelle.dz\/#website"},"primaryImageOfPage":{"@id":"https:\/\/lasentinelle.dz\/index.php\/2025\/05\/31\/annaba-les-industriels-sensibilises-sur-limportance-de-la-gestion-durable-des-eaux-industrielles\/#primaryimage"},"image":{"@id":"https:\/\/lasentinelle.dz\/index.php\/2025\/05\/31\/annaba-les-industriels-sensibilises-sur-limportance-de-la-gestion-durable-des-eaux-industrielles\/#primaryimage"},"thumbnailUrl":"https:\/\/lasentinelle.dz\/wp-content\/uploads\/2025\/05\/eaux-usees.jpg","datePublished":"2025-05-31T20:04:03+00:00","dateModified":"2025-05-31T20:04:04+00:00","breadcrumb":{"@id":"https:\/\/lasentinelle.dz\/index.php\/2025\/05\/31\/annaba-les-industriels-sensibilises-sur-limportance-de-la-gestion-durable-des-eaux-industrielles\/#breadcrumb"},"inLanguage":"fr-FR","potentialAction":[{"@type":"ReadAction","target":["https:\/\/lasentinelle.dz\/index.php\/2025\/05\/31\/annaba-les-industriels-sensibilises-sur-limportance-de-la-gestion-durable-des-eaux-industrielles\/"]}]},{"@type":"ImageObject","inLanguage":"fr-FR","@id":"https:\/\/lasentinelle.dz\/index.php\/2025\/05\/31\/annaba-les-industriels-sensibilises-sur-limportance-de-la-gestion-durable-des-eaux-industrielles\/#primaryimage","url":"https:\/\/lasentinelle.dz\/wp-content\/uploads\/2025\/05\/eaux-usees.jpg","contentUrl":"https:\/\/lasentinelle.dz\/wp-content\/uploads\/2025\/05\/eaux-usees.jpg","width":800,"height":450},{"@type":"BreadcrumbList","@id":"https:\/\/lasentinelle.dz\/index.php\/2025\/05\/31\/annaba-les-industriels-sensibilises-sur-limportance-de-la-gestion-durable-des-eaux-industrielles\/#breadcrumb","itemListElement":[{"@type":"ListItem","position":1,"name":"Accueil","item":"https:\/\/lasentinelle.dz\/"},{"@type":"ListItem","position":2,"name":"Annaba : Les industriels sensibilis\u00e9s sur l&rsquo;importance de la gestion durable des eaux industrielles"}]},{"@type":"WebSite","@id":"https:\/\/lasentinelle.dz\/#website","url":"https:\/\/lasentinelle.dz\/","name":"La Sentinelle","description":"Quotidien national d&#039;information","publisher":{"@id":"https:\/\/lasentinelle.dz\/#organization"},"potentialAction":[{"@type":"SearchAction","target":{"@type":"EntryPoint","urlTemplate":"https:\/\/lasentinelle.dz\/?s={search_term_string}"},"query-input":{"@type":"PropertyValueSpecification","valueRequired":true,"valueName":"search_term_string"}}],"inLanguage":"fr-FR"},{"@type":"Organization","@id":"https:\/\/lasentinelle.dz\/#organization","name":"Quotidien La Sentinelle","url":"https:\/\/lasentinelle.dz\/","logo":{"@type":"ImageObject","inLanguage":"fr-FR","@id":"https:\/\/lasentinelle.dz\/#\/schema\/logo\/image\/","url":"https:\/\/lasentinelle.dz\/wp-content\/uploads\/2021\/09\/logo-sentinelleSLOGAN-1.png","contentUrl":"https:\/\/lasentinelle.dz\/wp-content\/uploads\/2021\/09\/logo-sentinelleSLOGAN-1.png","width":615,"height":142,"caption":"Quotidien La Sentinelle"},"image":{"@id":"https:\/\/lasentinelle.dz\/#\/schema\/logo\/image\/"},"sameAs":["https:\/\/www.facebook.com\/La-Sentinelle-104059864394773"]},{"@type":"Person","@id":"https:\/\/lasentinelle.dz\/#\/schema\/person\/729ee0024f24e0b8c5ec17232f8e8b41","name":"admin","image":{"@type":"ImageObject","inLanguage":"fr-FR","@id":"https:\/\/secure.gravatar.com\/avatar\/4c81fed838786e9b53f540bf46533e750f5d292099ae3b66cfc6fb1982e29df7?s=96&d=mm&r=g","url":"https:\/\/secure.gravatar.com\/avatar\/4c81fed838786e9b53f540bf46533e750f5d292099ae3b66cfc6fb1982e29df7?s=96&d=mm&r=g","contentUrl":"https:\/\/secure.gravatar.com\/avatar\/4c81fed838786e9b53f540bf46533e750f5d292099ae3b66cfc6fb1982e29df7?s=96&d=mm&r=g","caption":"admin"},"description":"admin","url":"https:\/\/lasentinelle.dz\/author\/admin\/"}]}},"_links":{"self":[{"href":"https:\/\/lasentinelle.dz\/index.php\/wp-json\/wp\/v2\/posts\/68221","targetHints":{"allow":["GET"]}}],"collection":[{"href":"https:\/\/lasentinelle.dz\/index.php\/wp-json\/wp\/v2\/posts"}],"about":[{"href":"https:\/\/lasentinelle.dz\/index.php\/wp-json\/wp\/v2\/types\/post"}],"author":[{"embeddable":true,"href":"https:\/\/lasentinelle.dz\/index.php\/wp-json\/wp\/v2\/users\/6"}],"replies":[{"embeddable":true,"href":"https:\/\/lasentinelle.dz\/index.php\/wp-json\/wp\/v2\/comments?post=68221"}],"version-history":[{"count":2,"href":"https:\/\/lasentinelle.dz\/index.php\/wp-json\/wp\/v2\/posts\/68221\/revisions"}],"predecessor-version":[{"id":68224,"href":"https:\/\/lasentinelle.dz\/index.php\/wp-json\/wp\/v2\/posts\/68221\/revisions\/68224"}],"wp:featuredmedia":[{"embeddable":true,"href":"https:\/\/lasentinelle.dz\/index.php\/wp-json\/wp\/v2\/media\/68222"}],"wp:attachment":[{"href":"https:\/\/lasentinelle.dz\/index.php\/wp-json\/wp\/v2\/media?parent=68221"}],"wp:term":[{"taxonomy":"category","embeddable":true,"href":"https:\/\/lasentinelle.dz\/index.php\/wp-json\/wp\/v2\/categories?post=68221"},{"taxonomy":"post_tag","embeddable":true,"href":"https:\/\/lasentinelle.dz\/index.php\/wp-json\/wp\/v2\/tags?post=68221"}],"curies":[{"name":"wp","href":"https:\/\/api.w.org\/{rel}","templated":true}]}}