{"id":68228,"date":"2025-05-31T21:05:29","date_gmt":"2025-05-31T20:05:29","guid":{"rendered":"https:\/\/lasentinelle.dz\/?p=68228"},"modified":"2025-05-31T21:05:30","modified_gmt":"2025-05-31T20:05:30","slug":"cybersecurite-les-entreprises-algeriennes-mal-preparees-face-aux-menaces","status":"publish","type":"post","link":"https:\/\/lasentinelle.dz\/index.php\/2025\/05\/31\/cybersecurite-les-entreprises-algeriennes-mal-preparees-face-aux-menaces\/","title":{"rendered":"Cybers\u00e9curit\u00e9 : Les entreprises alg\u00e9riennes mal-pr\u00e9par\u00e9es face aux menaces"},"content":{"rendered":"\n<p>La transformation digitale acc\u00e9l\u00e9r\u00e9e des entreprises alg\u00e9riennes r\u00e9v\u00e8le une vuln\u00e9rabilit\u00e9 critique que les experts n&rsquo;h\u00e9sitent plus \u00e0 qualifier d&rsquo;enjeu de souverainet\u00e9 \u00e9conomique. R\u00e9unis samedi \u00e0 Alger lors d&rsquo;un atelier organis\u00e9 par l&rsquo;Union alg\u00e9rienne des soci\u00e9t\u00e9s d&rsquo;assurance et de r\u00e9assurance et l&rsquo;Association des anciens de l&rsquo;Institut de l&rsquo;\u00e9conomie douani\u00e8re et financi\u00e8re, professionnels et sp\u00e9cialistes ont tir\u00e9 la sonnette d&rsquo;alarme sur l&rsquo;insuffisance des dispositifs de protection face \u00e0 la sophistication croissante des cybermenaces. Le constat est sans appel : les entreprises alg\u00e9riennes, particuli\u00e8rement dans le secteur financier, naviguent dans un environnement num\u00e9rique hostile sans \u00e9quipement de protection ad\u00e9quat. \u00ab\u00a0Le renforcement de la r\u00e9silience des syst\u00e8mes d&rsquo;information constitue un enjeu strat\u00e9gique pour tous les secteurs, en particulier celui des finances, marqu\u00e9 par l&rsquo;interconnexion des syst\u00e8mes, le d\u00e9veloppement des moyens de paiement et la gestion d&rsquo;une grande masse de donn\u00e9es\u00a0\u00bb, a soulign\u00e9 Youcef Benmicia, pr\u00e9sident de l&rsquo;UAR. Cette r\u00e9alit\u00e9 expose les institutions \u00e0 des risques multiples : \u00ab\u00a0attaques par logiciels malveillants, sabotage des syst\u00e8mes ou encore vol de donn\u00e9es, pouvant entra\u00eener des interruptions d&rsquo;activit\u00e9 ou des pertes financi\u00e8res\u00a0\u00bb.<\/p>\n\n\n\n<p>La solution pr\u00e9conis\u00e9e par les experts repose sur la cr\u00e9ation de Centres des op\u00e9rations de s\u00e9curit\u00e9 (SOC) au sein de chaque entreprise. Mourad Sidane, PDG de la Soci\u00e9t\u00e9 industrielle alg\u00e9rienne de t\u00e9l\u00e9communications, insiste sur cette n\u00e9cessit\u00e9 : il faut \u00ab\u00a0anticiper les risques tels que le piratage, le vol de donn\u00e9es ou les demandes de ran\u00e7on, \u00e0 travers la mise en place de SOC dans chaque entreprise, particuli\u00e8rement dans le secteur financier\u00a0\u00bb. Ces centres, \u00ab\u00a0anim\u00e9s par des analystes et des ing\u00e9nieurs en s\u00e9curit\u00e9, disposent d&rsquo;outils de surveillance leur permettant de d\u00e9tecter, analyser et pr\u00e9venir les attaques informatiques\u00a0\u00bb.<\/p>\n\n\n\n<p>L&rsquo;approche d\u00e9fendue va bien au-del\u00e0 de la simple protection individuelle des entreprises. Les intervenants pr\u00f4nent une coordination nationale de ces structures pour former un v\u00e9ritable \u00ab\u00a0bouclier digital contribuant \u00e0 la protection de l&rsquo;\u00e9conomie nationale\u00a0\u00bb. Cette vision syst\u00e9mique refl\u00e8te une prise de conscience : dans l&rsquo;\u00e9conomie num\u00e9rique, la cybers\u00e9curit\u00e9 n&rsquo;est plus un co\u00fbt mais un investissement strat\u00e9gique indispensable \u00e0 la comp\u00e9titivit\u00e9 et \u00e0 la survie des entreprises.<\/p>\n\n\n\n<p>Le d\u00e9fi humain repr\u00e9sente un autre volet crucial de cette transformation. Bouchera Bibi Triki, consultante en TIC, met l&rsquo;accent sur \u00ab\u00a0la n\u00e9cessit\u00e9 de pr\u00e9venir les cyber-risques internes par la sensibilisation et la formation du personnel\u00a0\u00bb. Car si les attaques externes mobilisent l&rsquo;attention, les failles humaines repr\u00e9sentent souvent le maillon faible de la cha\u00eene s\u00e9curitaire. L&rsquo;adoption de \u00ab\u00a0politiques de s\u00e9curit\u00e9 align\u00e9es sur les objectifs strat\u00e9giques des entreprises\u00a0\u00bb devient donc imp\u00e9rative.<\/p>\n\n\n\n<p>Cette mobilisation intervient dans un contexte o\u00f9 l&rsquo;Alg\u00e9rie dispose d\u00e9j\u00e0 d&rsquo;un cadre juridique en mati\u00e8re de cybers\u00e9curit\u00e9, salu\u00e9 par les participants. Cependant, la r\u00e9glementation ne suffit pas. Comme le rappelle Sidane, \u00ab\u00a0la s\u00e9curit\u00e9 informatique rel\u00e8ve de la responsabilit\u00e9 de chaque entreprise, tout en devant \u00eatre confi\u00e9e \u00e0 des sp\u00e9cialistes\u00a0\u00bb. Cette responsabilisation des acteurs \u00e9conomiques marque un tournant dans l&rsquo;approche alg\u00e9rienne de la cybers\u00e9curit\u00e9.<\/p>\n\n\n\n<p>L&rsquo;enjeu d\u00e9passe la simple protection des donn\u00e9es. Dans un contexte de \u00ab\u00a0transition vers le num\u00e9rique\u00a0\u00bb o\u00f9 les entreprises alg\u00e9riennes cherchent \u00e0 rattraper leur retard technologique, la cybers\u00e9curit\u00e9 conditionne leur capacit\u00e9 \u00e0 saisir les opportunit\u00e9s du march\u00e9 digital tout en pr\u00e9servant leur int\u00e9grit\u00e9 op\u00e9rationnelle. Les experts appellent donc \u00e0 \u00ab\u00a0l&rsquo;adoption d&rsquo;une approche strat\u00e9gique\u00a0\u00bb int\u00e9grant \u00ab\u00a0des mesures de pr\u00e9vention et de protection, des plans de continuit\u00e9 d&rsquo;activit\u00e9 et des solutions d&rsquo;assurance adapt\u00e9es\u00a0\u00bb. Cette approche globale de gestion des cyber-risques devient le pr\u00e9requis d&rsquo;une \u00e9conomie num\u00e9rique s\u00e9curis\u00e9e et competitive.<\/p>\n\n\n\n<p><strong>Sabrina Aziouez<\/strong><\/p>\n","protected":false},"excerpt":{"rendered":"<p>La transformation digitale acc\u00e9l\u00e9r\u00e9e des entreprises alg\u00e9riennes r\u00e9v\u00e8le une vuln\u00e9rabilit\u00e9 critique que les experts n&rsquo;h\u00e9sitent plus \u00e0 qualifier d&rsquo;enjeu de<\/p>\n","protected":false},"author":6,"featured_media":49685,"comment_status":"open","ping_status":"closed","sticky":false,"template":"","format":"standard","meta":{"colormag_page_container_layout":"default_layout","colormag_page_sidebar_layout":"default_layout","om_disable_all_campaigns":false,"_monsterinsights_skip_tracking":false,"_monsterinsights_sitenote_active":false,"_monsterinsights_sitenote_note":"","_monsterinsights_sitenote_category":0,"footnotes":"","_wpscppro_dont_share_socialmedia":false,"_wpscppro_custom_social_share_image":0,"_facebook_share_type":"default","_twitter_share_type":"default","_linkedin_share_type":"default","_pinterest_share_type":"default","_linkedin_share_type_page":"","_instagram_share_type":"default","_medium_share_type":"default","_threads_share_type":"","_google_business_share_type":"","_selected_social_profile":[],"_wpsp_enable_custom_social_template":false,"_wpsp_social_scheduling":{"enabled":false,"datetime":null,"platforms":[],"status":"template_only","dateOption":"today","timeOption":"now","customDays":"","customHours":"","customDate":"","customTime":"","schedulingType":"absolute"},"_wpsp_active_default_template":true},"categories":[29],"tags":[],"class_list":["post-68228","post","type-post","status-publish","format-standard","has-post-thumbnail","hentry","category-economie"],"aioseo_notices":[],"yoast_head":"<!-- This site is optimized with the Yoast SEO plugin v27.5 - https:\/\/yoast.com\/product\/yoast-seo-wordpress\/ -->\n<title>Cybers\u00e9curit\u00e9 : Les entreprises alg\u00e9riennes mal-pr\u00e9par\u00e9es face aux menaces - La Sentinelle<\/title>\n<meta name=\"robots\" content=\"index, follow, max-snippet:-1, max-image-preview:large, max-video-preview:-1\" \/>\n<link rel=\"canonical\" href=\"https:\/\/lasentinelle.dz\/index.php\/2025\/05\/31\/cybersecurite-les-entreprises-algeriennes-mal-preparees-face-aux-menaces\/\" \/>\n<meta property=\"og:locale\" content=\"fr_FR\" \/>\n<meta property=\"og:type\" content=\"article\" \/>\n<meta property=\"og:title\" content=\"Cybers\u00e9curit\u00e9 : Les entreprises alg\u00e9riennes mal-pr\u00e9par\u00e9es face aux menaces - La Sentinelle\" \/>\n<meta property=\"og:description\" content=\"La transformation digitale acc\u00e9l\u00e9r\u00e9e des entreprises alg\u00e9riennes r\u00e9v\u00e8le une vuln\u00e9rabilit\u00e9 critique que les experts n&rsquo;h\u00e9sitent plus \u00e0 qualifier d&rsquo;enjeu de\" \/>\n<meta property=\"og:url\" content=\"https:\/\/lasentinelle.dz\/index.php\/2025\/05\/31\/cybersecurite-les-entreprises-algeriennes-mal-preparees-face-aux-menaces\/\" \/>\n<meta property=\"og:site_name\" content=\"La Sentinelle\" \/>\n<meta property=\"article:publisher\" content=\"https:\/\/www.facebook.com\/La-Sentinelle-104059864394773\" \/>\n<meta property=\"article:published_time\" content=\"2025-05-31T20:05:29+00:00\" \/>\n<meta property=\"article:modified_time\" content=\"2025-05-31T20:05:30+00:00\" \/>\n<meta property=\"og:image\" content=\"https:\/\/lasentinelle.dz\/wp-content\/uploads\/2024\/02\/cybermenace.jpeg\" \/>\n\t<meta property=\"og:image:width\" content=\"2560\" \/>\n\t<meta property=\"og:image:height\" content=\"1708\" \/>\n\t<meta property=\"og:image:type\" content=\"image\/jpeg\" \/>\n<meta name=\"author\" content=\"admin\" \/>\n<meta name=\"twitter:card\" content=\"summary_large_image\" \/>\n<meta name=\"twitter:label1\" content=\"\u00c9crit par\" \/>\n\t<meta name=\"twitter:data1\" content=\"admin\" \/>\n\t<meta name=\"twitter:label2\" content=\"Dur\u00e9e de lecture estim\u00e9e\" \/>\n\t<meta name=\"twitter:data2\" content=\"4 minutes\" \/>\n<script type=\"application\/ld+json\" class=\"yoast-schema-graph\">{\"@context\":\"https:\\\/\\\/schema.org\",\"@graph\":[{\"@type\":\"Article\",\"@id\":\"https:\\\/\\\/lasentinelle.dz\\\/index.php\\\/2025\\\/05\\\/31\\\/cybersecurite-les-entreprises-algeriennes-mal-preparees-face-aux-menaces\\\/#article\",\"isPartOf\":{\"@id\":\"https:\\\/\\\/lasentinelle.dz\\\/index.php\\\/2025\\\/05\\\/31\\\/cybersecurite-les-entreprises-algeriennes-mal-preparees-face-aux-menaces\\\/\"},\"author\":{\"name\":\"admin\",\"@id\":\"https:\\\/\\\/lasentinelle.dz\\\/#\\\/schema\\\/person\\\/729ee0024f24e0b8c5ec17232f8e8b41\"},\"headline\":\"Cybers\u00e9curit\u00e9 : Les entreprises alg\u00e9riennes mal-pr\u00e9par\u00e9es face aux menaces\",\"datePublished\":\"2025-05-31T20:05:29+00:00\",\"dateModified\":\"2025-05-31T20:05:30+00:00\",\"mainEntityOfPage\":{\"@id\":\"https:\\\/\\\/lasentinelle.dz\\\/index.php\\\/2025\\\/05\\\/31\\\/cybersecurite-les-entreprises-algeriennes-mal-preparees-face-aux-menaces\\\/\"},\"wordCount\":683,\"commentCount\":0,\"publisher\":{\"@id\":\"https:\\\/\\\/lasentinelle.dz\\\/#organization\"},\"image\":{\"@id\":\"https:\\\/\\\/lasentinelle.dz\\\/index.php\\\/2025\\\/05\\\/31\\\/cybersecurite-les-entreprises-algeriennes-mal-preparees-face-aux-menaces\\\/#primaryimage\"},\"thumbnailUrl\":\"https:\\\/\\\/lasentinelle.dz\\\/wp-content\\\/uploads\\\/2024\\\/02\\\/cybermenace.jpeg\",\"articleSection\":[\"\u00c9conomie\"],\"inLanguage\":\"fr-FR\",\"potentialAction\":[{\"@type\":\"CommentAction\",\"name\":\"Comment\",\"target\":[\"https:\\\/\\\/lasentinelle.dz\\\/index.php\\\/2025\\\/05\\\/31\\\/cybersecurite-les-entreprises-algeriennes-mal-preparees-face-aux-menaces\\\/#respond\"]}]},{\"@type\":\"WebPage\",\"@id\":\"https:\\\/\\\/lasentinelle.dz\\\/index.php\\\/2025\\\/05\\\/31\\\/cybersecurite-les-entreprises-algeriennes-mal-preparees-face-aux-menaces\\\/\",\"url\":\"https:\\\/\\\/lasentinelle.dz\\\/index.php\\\/2025\\\/05\\\/31\\\/cybersecurite-les-entreprises-algeriennes-mal-preparees-face-aux-menaces\\\/\",\"name\":\"Cybers\u00e9curit\u00e9 : Les entreprises alg\u00e9riennes mal-pr\u00e9par\u00e9es face aux menaces - La Sentinelle\",\"isPartOf\":{\"@id\":\"https:\\\/\\\/lasentinelle.dz\\\/#website\"},\"primaryImageOfPage\":{\"@id\":\"https:\\\/\\\/lasentinelle.dz\\\/index.php\\\/2025\\\/05\\\/31\\\/cybersecurite-les-entreprises-algeriennes-mal-preparees-face-aux-menaces\\\/#primaryimage\"},\"image\":{\"@id\":\"https:\\\/\\\/lasentinelle.dz\\\/index.php\\\/2025\\\/05\\\/31\\\/cybersecurite-les-entreprises-algeriennes-mal-preparees-face-aux-menaces\\\/#primaryimage\"},\"thumbnailUrl\":\"https:\\\/\\\/lasentinelle.dz\\\/wp-content\\\/uploads\\\/2024\\\/02\\\/cybermenace.jpeg\",\"datePublished\":\"2025-05-31T20:05:29+00:00\",\"dateModified\":\"2025-05-31T20:05:30+00:00\",\"breadcrumb\":{\"@id\":\"https:\\\/\\\/lasentinelle.dz\\\/index.php\\\/2025\\\/05\\\/31\\\/cybersecurite-les-entreprises-algeriennes-mal-preparees-face-aux-menaces\\\/#breadcrumb\"},\"inLanguage\":\"fr-FR\",\"potentialAction\":[{\"@type\":\"ReadAction\",\"target\":[\"https:\\\/\\\/lasentinelle.dz\\\/index.php\\\/2025\\\/05\\\/31\\\/cybersecurite-les-entreprises-algeriennes-mal-preparees-face-aux-menaces\\\/\"]}]},{\"@type\":\"ImageObject\",\"inLanguage\":\"fr-FR\",\"@id\":\"https:\\\/\\\/lasentinelle.dz\\\/index.php\\\/2025\\\/05\\\/31\\\/cybersecurite-les-entreprises-algeriennes-mal-preparees-face-aux-menaces\\\/#primaryimage\",\"url\":\"https:\\\/\\\/lasentinelle.dz\\\/wp-content\\\/uploads\\\/2024\\\/02\\\/cybermenace.jpeg\",\"contentUrl\":\"https:\\\/\\\/lasentinelle.dz\\\/wp-content\\\/uploads\\\/2024\\\/02\\\/cybermenace.jpeg\",\"width\":2560,\"height\":1708},{\"@type\":\"BreadcrumbList\",\"@id\":\"https:\\\/\\\/lasentinelle.dz\\\/index.php\\\/2025\\\/05\\\/31\\\/cybersecurite-les-entreprises-algeriennes-mal-preparees-face-aux-menaces\\\/#breadcrumb\",\"itemListElement\":[{\"@type\":\"ListItem\",\"position\":1,\"name\":\"Accueil\",\"item\":\"https:\\\/\\\/lasentinelle.dz\\\/\"},{\"@type\":\"ListItem\",\"position\":2,\"name\":\"Cybers\u00e9curit\u00e9 : Les entreprises alg\u00e9riennes mal-pr\u00e9par\u00e9es face aux menaces\"}]},{\"@type\":\"WebSite\",\"@id\":\"https:\\\/\\\/lasentinelle.dz\\\/#website\",\"url\":\"https:\\\/\\\/lasentinelle.dz\\\/\",\"name\":\"La Sentinelle\",\"description\":\"Quotidien national d&#039;information\",\"publisher\":{\"@id\":\"https:\\\/\\\/lasentinelle.dz\\\/#organization\"},\"potentialAction\":[{\"@type\":\"SearchAction\",\"target\":{\"@type\":\"EntryPoint\",\"urlTemplate\":\"https:\\\/\\\/lasentinelle.dz\\\/?s={search_term_string}\"},\"query-input\":{\"@type\":\"PropertyValueSpecification\",\"valueRequired\":true,\"valueName\":\"search_term_string\"}}],\"inLanguage\":\"fr-FR\"},{\"@type\":\"Organization\",\"@id\":\"https:\\\/\\\/lasentinelle.dz\\\/#organization\",\"name\":\"Quotidien La Sentinelle\",\"url\":\"https:\\\/\\\/lasentinelle.dz\\\/\",\"logo\":{\"@type\":\"ImageObject\",\"inLanguage\":\"fr-FR\",\"@id\":\"https:\\\/\\\/lasentinelle.dz\\\/#\\\/schema\\\/logo\\\/image\\\/\",\"url\":\"https:\\\/\\\/lasentinelle.dz\\\/wp-content\\\/uploads\\\/2021\\\/09\\\/logo-sentinelleSLOGAN-1.png\",\"contentUrl\":\"https:\\\/\\\/lasentinelle.dz\\\/wp-content\\\/uploads\\\/2021\\\/09\\\/logo-sentinelleSLOGAN-1.png\",\"width\":615,\"height\":142,\"caption\":\"Quotidien La Sentinelle\"},\"image\":{\"@id\":\"https:\\\/\\\/lasentinelle.dz\\\/#\\\/schema\\\/logo\\\/image\\\/\"},\"sameAs\":[\"https:\\\/\\\/www.facebook.com\\\/La-Sentinelle-104059864394773\"]},{\"@type\":\"Person\",\"@id\":\"https:\\\/\\\/lasentinelle.dz\\\/#\\\/schema\\\/person\\\/729ee0024f24e0b8c5ec17232f8e8b41\",\"name\":\"admin\",\"image\":{\"@type\":\"ImageObject\",\"inLanguage\":\"fr-FR\",\"@id\":\"https:\\\/\\\/secure.gravatar.com\\\/avatar\\\/4c81fed838786e9b53f540bf46533e750f5d292099ae3b66cfc6fb1982e29df7?s=96&d=mm&r=g\",\"url\":\"https:\\\/\\\/secure.gravatar.com\\\/avatar\\\/4c81fed838786e9b53f540bf46533e750f5d292099ae3b66cfc6fb1982e29df7?s=96&d=mm&r=g\",\"contentUrl\":\"https:\\\/\\\/secure.gravatar.com\\\/avatar\\\/4c81fed838786e9b53f540bf46533e750f5d292099ae3b66cfc6fb1982e29df7?s=96&d=mm&r=g\",\"caption\":\"admin\"},\"description\":\"admin\",\"url\":\"https:\\\/\\\/lasentinelle.dz\\\/author\\\/admin\\\/\"}]}<\/script>\n<!-- \/ Yoast SEO plugin. -->","yoast_head_json":{"title":"Cybers\u00e9curit\u00e9 : Les entreprises alg\u00e9riennes mal-pr\u00e9par\u00e9es face aux menaces - La Sentinelle","robots":{"index":"index","follow":"follow","max-snippet":"max-snippet:-1","max-image-preview":"max-image-preview:large","max-video-preview":"max-video-preview:-1"},"canonical":"https:\/\/lasentinelle.dz\/index.php\/2025\/05\/31\/cybersecurite-les-entreprises-algeriennes-mal-preparees-face-aux-menaces\/","og_locale":"fr_FR","og_type":"article","og_title":"Cybers\u00e9curit\u00e9 : Les entreprises alg\u00e9riennes mal-pr\u00e9par\u00e9es face aux menaces - La Sentinelle","og_description":"La transformation digitale acc\u00e9l\u00e9r\u00e9e des entreprises alg\u00e9riennes r\u00e9v\u00e8le une vuln\u00e9rabilit\u00e9 critique que les experts n&rsquo;h\u00e9sitent plus \u00e0 qualifier d&rsquo;enjeu de","og_url":"https:\/\/lasentinelle.dz\/index.php\/2025\/05\/31\/cybersecurite-les-entreprises-algeriennes-mal-preparees-face-aux-menaces\/","og_site_name":"La Sentinelle","article_publisher":"https:\/\/www.facebook.com\/La-Sentinelle-104059864394773","article_published_time":"2025-05-31T20:05:29+00:00","article_modified_time":"2025-05-31T20:05:30+00:00","og_image":[{"width":2560,"height":1708,"url":"https:\/\/lasentinelle.dz\/wp-content\/uploads\/2024\/02\/cybermenace.jpeg","type":"image\/jpeg"}],"author":"admin","twitter_card":"summary_large_image","twitter_misc":{"\u00c9crit par":"admin","Dur\u00e9e de lecture estim\u00e9e":"4 minutes"},"schema":{"@context":"https:\/\/schema.org","@graph":[{"@type":"Article","@id":"https:\/\/lasentinelle.dz\/index.php\/2025\/05\/31\/cybersecurite-les-entreprises-algeriennes-mal-preparees-face-aux-menaces\/#article","isPartOf":{"@id":"https:\/\/lasentinelle.dz\/index.php\/2025\/05\/31\/cybersecurite-les-entreprises-algeriennes-mal-preparees-face-aux-menaces\/"},"author":{"name":"admin","@id":"https:\/\/lasentinelle.dz\/#\/schema\/person\/729ee0024f24e0b8c5ec17232f8e8b41"},"headline":"Cybers\u00e9curit\u00e9 : Les entreprises alg\u00e9riennes mal-pr\u00e9par\u00e9es face aux menaces","datePublished":"2025-05-31T20:05:29+00:00","dateModified":"2025-05-31T20:05:30+00:00","mainEntityOfPage":{"@id":"https:\/\/lasentinelle.dz\/index.php\/2025\/05\/31\/cybersecurite-les-entreprises-algeriennes-mal-preparees-face-aux-menaces\/"},"wordCount":683,"commentCount":0,"publisher":{"@id":"https:\/\/lasentinelle.dz\/#organization"},"image":{"@id":"https:\/\/lasentinelle.dz\/index.php\/2025\/05\/31\/cybersecurite-les-entreprises-algeriennes-mal-preparees-face-aux-menaces\/#primaryimage"},"thumbnailUrl":"https:\/\/lasentinelle.dz\/wp-content\/uploads\/2024\/02\/cybermenace.jpeg","articleSection":["\u00c9conomie"],"inLanguage":"fr-FR","potentialAction":[{"@type":"CommentAction","name":"Comment","target":["https:\/\/lasentinelle.dz\/index.php\/2025\/05\/31\/cybersecurite-les-entreprises-algeriennes-mal-preparees-face-aux-menaces\/#respond"]}]},{"@type":"WebPage","@id":"https:\/\/lasentinelle.dz\/index.php\/2025\/05\/31\/cybersecurite-les-entreprises-algeriennes-mal-preparees-face-aux-menaces\/","url":"https:\/\/lasentinelle.dz\/index.php\/2025\/05\/31\/cybersecurite-les-entreprises-algeriennes-mal-preparees-face-aux-menaces\/","name":"Cybers\u00e9curit\u00e9 : Les entreprises alg\u00e9riennes mal-pr\u00e9par\u00e9es face aux menaces - La Sentinelle","isPartOf":{"@id":"https:\/\/lasentinelle.dz\/#website"},"primaryImageOfPage":{"@id":"https:\/\/lasentinelle.dz\/index.php\/2025\/05\/31\/cybersecurite-les-entreprises-algeriennes-mal-preparees-face-aux-menaces\/#primaryimage"},"image":{"@id":"https:\/\/lasentinelle.dz\/index.php\/2025\/05\/31\/cybersecurite-les-entreprises-algeriennes-mal-preparees-face-aux-menaces\/#primaryimage"},"thumbnailUrl":"https:\/\/lasentinelle.dz\/wp-content\/uploads\/2024\/02\/cybermenace.jpeg","datePublished":"2025-05-31T20:05:29+00:00","dateModified":"2025-05-31T20:05:30+00:00","breadcrumb":{"@id":"https:\/\/lasentinelle.dz\/index.php\/2025\/05\/31\/cybersecurite-les-entreprises-algeriennes-mal-preparees-face-aux-menaces\/#breadcrumb"},"inLanguage":"fr-FR","potentialAction":[{"@type":"ReadAction","target":["https:\/\/lasentinelle.dz\/index.php\/2025\/05\/31\/cybersecurite-les-entreprises-algeriennes-mal-preparees-face-aux-menaces\/"]}]},{"@type":"ImageObject","inLanguage":"fr-FR","@id":"https:\/\/lasentinelle.dz\/index.php\/2025\/05\/31\/cybersecurite-les-entreprises-algeriennes-mal-preparees-face-aux-menaces\/#primaryimage","url":"https:\/\/lasentinelle.dz\/wp-content\/uploads\/2024\/02\/cybermenace.jpeg","contentUrl":"https:\/\/lasentinelle.dz\/wp-content\/uploads\/2024\/02\/cybermenace.jpeg","width":2560,"height":1708},{"@type":"BreadcrumbList","@id":"https:\/\/lasentinelle.dz\/index.php\/2025\/05\/31\/cybersecurite-les-entreprises-algeriennes-mal-preparees-face-aux-menaces\/#breadcrumb","itemListElement":[{"@type":"ListItem","position":1,"name":"Accueil","item":"https:\/\/lasentinelle.dz\/"},{"@type":"ListItem","position":2,"name":"Cybers\u00e9curit\u00e9 : Les entreprises alg\u00e9riennes mal-pr\u00e9par\u00e9es face aux menaces"}]},{"@type":"WebSite","@id":"https:\/\/lasentinelle.dz\/#website","url":"https:\/\/lasentinelle.dz\/","name":"La Sentinelle","description":"Quotidien national d&#039;information","publisher":{"@id":"https:\/\/lasentinelle.dz\/#organization"},"potentialAction":[{"@type":"SearchAction","target":{"@type":"EntryPoint","urlTemplate":"https:\/\/lasentinelle.dz\/?s={search_term_string}"},"query-input":{"@type":"PropertyValueSpecification","valueRequired":true,"valueName":"search_term_string"}}],"inLanguage":"fr-FR"},{"@type":"Organization","@id":"https:\/\/lasentinelle.dz\/#organization","name":"Quotidien La Sentinelle","url":"https:\/\/lasentinelle.dz\/","logo":{"@type":"ImageObject","inLanguage":"fr-FR","@id":"https:\/\/lasentinelle.dz\/#\/schema\/logo\/image\/","url":"https:\/\/lasentinelle.dz\/wp-content\/uploads\/2021\/09\/logo-sentinelleSLOGAN-1.png","contentUrl":"https:\/\/lasentinelle.dz\/wp-content\/uploads\/2021\/09\/logo-sentinelleSLOGAN-1.png","width":615,"height":142,"caption":"Quotidien La Sentinelle"},"image":{"@id":"https:\/\/lasentinelle.dz\/#\/schema\/logo\/image\/"},"sameAs":["https:\/\/www.facebook.com\/La-Sentinelle-104059864394773"]},{"@type":"Person","@id":"https:\/\/lasentinelle.dz\/#\/schema\/person\/729ee0024f24e0b8c5ec17232f8e8b41","name":"admin","image":{"@type":"ImageObject","inLanguage":"fr-FR","@id":"https:\/\/secure.gravatar.com\/avatar\/4c81fed838786e9b53f540bf46533e750f5d292099ae3b66cfc6fb1982e29df7?s=96&d=mm&r=g","url":"https:\/\/secure.gravatar.com\/avatar\/4c81fed838786e9b53f540bf46533e750f5d292099ae3b66cfc6fb1982e29df7?s=96&d=mm&r=g","contentUrl":"https:\/\/secure.gravatar.com\/avatar\/4c81fed838786e9b53f540bf46533e750f5d292099ae3b66cfc6fb1982e29df7?s=96&d=mm&r=g","caption":"admin"},"description":"admin","url":"https:\/\/lasentinelle.dz\/author\/admin\/"}]}},"_links":{"self":[{"href":"https:\/\/lasentinelle.dz\/index.php\/wp-json\/wp\/v2\/posts\/68228","targetHints":{"allow":["GET"]}}],"collection":[{"href":"https:\/\/lasentinelle.dz\/index.php\/wp-json\/wp\/v2\/posts"}],"about":[{"href":"https:\/\/lasentinelle.dz\/index.php\/wp-json\/wp\/v2\/types\/post"}],"author":[{"embeddable":true,"href":"https:\/\/lasentinelle.dz\/index.php\/wp-json\/wp\/v2\/users\/6"}],"replies":[{"embeddable":true,"href":"https:\/\/lasentinelle.dz\/index.php\/wp-json\/wp\/v2\/comments?post=68228"}],"version-history":[{"count":1,"href":"https:\/\/lasentinelle.dz\/index.php\/wp-json\/wp\/v2\/posts\/68228\/revisions"}],"predecessor-version":[{"id":68229,"href":"https:\/\/lasentinelle.dz\/index.php\/wp-json\/wp\/v2\/posts\/68228\/revisions\/68229"}],"wp:featuredmedia":[{"embeddable":true,"href":"https:\/\/lasentinelle.dz\/index.php\/wp-json\/wp\/v2\/media\/49685"}],"wp:attachment":[{"href":"https:\/\/lasentinelle.dz\/index.php\/wp-json\/wp\/v2\/media?parent=68228"}],"wp:term":[{"taxonomy":"category","embeddable":true,"href":"https:\/\/lasentinelle.dz\/index.php\/wp-json\/wp\/v2\/categories?post=68228"},{"taxonomy":"post_tag","embeddable":true,"href":"https:\/\/lasentinelle.dz\/index.php\/wp-json\/wp\/v2\/tags?post=68228"}],"curies":[{"name":"wp","href":"https:\/\/api.w.org\/{rel}","templated":true}]}}