{"id":68230,"date":"2025-05-31T21:06:07","date_gmt":"2025-05-31T20:06:07","guid":{"rendered":"https:\/\/lasentinelle.dz\/?p=68230"},"modified":"2025-05-31T21:06:30","modified_gmt":"2025-05-31T20:06:30","slug":"opep-nouvelle-acceleration-de-la-production-petroliere-en-juillet","status":"publish","type":"post","link":"https:\/\/lasentinelle.dz\/index.php\/2025\/05\/31\/opep-nouvelle-acceleration-de-la-production-petroliere-en-juillet\/","title":{"rendered":"OPEP+ : Nouvelle acc\u00e9l\u00e9ration de la production p\u00e9troli\u00e8re en juillet"},"content":{"rendered":"\n<p>Les pays e l&rsquo;Organisation des pays exportateurs de p\u00e9trole et leurs alli\u00e9s non-Opep+ acc\u00e9l\u00e8rent leur strat\u00e9gie de r\u00e9introduction de la production de brut sur le march\u00e9. Huit pays proc\u00e9dant \u00e0 des coupes volontaires ont annonc\u00e9 hier une nouvelle hausse de la production pour le mois de juillet.<\/p>\n\n\n\n<p>R\u00e9unis en visioconf\u00e9rence sous la direction de leurs ministres de l&rsquo;\u00c9nergie, les huit nations du groupe OPEP+ engag\u00e9es dans des r\u00e9ductions volontaires de production depuis avril 2023 ont ent\u00e9rin\u00e9 une nouvelle acc\u00e9l\u00e9ration de leur plan de r\u00e9ouverture des vannes. Cette d\u00e9cision, qui pr\u00e9voit une augmentation collective de 411.000 barils par jour d\u00e8s juillet prochain, illustre la capacit\u00e9 d&rsquo;adaptation de l&rsquo;alliance face aux \u00e9volutions conjoncturelles du march\u00e9 p\u00e9trolier international. L&rsquo;Arabie saoudite, la Russie, l&rsquo;Irak, les \u00c9mirats arabes unis, le Kowe\u00eft, le Kazakhstan, l&rsquo;Alg\u00e9rie et le sultanat d&rsquo;Oman ont ainsi confirm\u00e9 leur volont\u00e9 commune de r\u00e9pondre aux signaux d&rsquo;une demande estivale renforc\u00e9e, tout en maintenant l&rsquo;\u00e9quilibre d\u00e9licat entre stabilisation des cours et optimisation des revenus nationaux. Cette coordination strat\u00e9gique s&rsquo;appuie sur une analyse approfondie des fondamentaux du march\u00e9, caract\u00e9ris\u00e9s notamment par des niveaux de stocks mondiaux historiquement bas et des perspectives \u00e9conomiques mondiales jug\u00e9es favorables, souligne ainsi un communiqu\u00e9 de l&rsquo;Opep. Le ministre de l&rsquo;\u00c9nergie, des Mines et des \u00c9nergies renouvelables Mohamed Arkab, qui repr\u00e9sentait l&rsquo;Alg\u00e9rie lors de cette r\u00e9union cruciale, a ainsi contribu\u00e9 \u00e0 valider une approche collective privil\u00e9giant la r\u00e9activit\u00e9 face aux fluctuations saisonni\u00e8res de la consommation \u00e9nerg\u00e9tique. L&rsquo;augmentation programm\u00e9e de 411.000 barils quotidiens repr\u00e9sente en r\u00e9alit\u00e9 une acc\u00e9l\u00e9ration de trois mois par rapport au calendrier initial, t\u00e9moignant de la volont\u00e9 du groupe de devancer les besoins du march\u00e9 plut\u00f4t que de les subir. Cette anticipation strat\u00e9gique permet aux pays producteurs de mieux valoriser leurs ressources tout en \u00e9vitant les tensions sp\u00e9culatives susceptibles de d\u00e9stabiliser les \u00e9quilibres mondiaux.<\/p>\n\n\n\n<p><strong>L&rsquo;Alg\u00e9rie s&rsquo;approche d&rsquo;un million de barils\/jours<\/strong> Pour l&rsquo;Alg\u00e9rie sp\u00e9cifiquement, cette d\u00e9cision se traduit par une augmentation de production estim\u00e9e \u00e0 8.000 et 9.000 barils par jour selon les sources, portant la capacit\u00e9 nationale \u00e0 936.000 barils quotidiens d\u00e8s juillet, avec une perspective d&rsquo;\u00e9volution vers 1,007 million de barils d&rsquo;ici juillet 2026. Cette progression s&rsquo;inscrit parfaitement dans la strat\u00e9gie nationale de maximisation des revenus hydrocarbures, particuli\u00e8rement opportune dans un contexte o\u00f9 les cours du p\u00e9trole b\u00e9n\u00e9ficient de fondamentaux solides. L&rsquo;augmentation alg\u00e9rienne soutiendra \u00e9galement la mise en production progressive de nouveaux gisements r\u00e9cemment d\u00e9velopp\u00e9s, optimisant ainsi l&rsquo;exploitation des ressources nationales et renfor\u00e7ant la position du pays sur les march\u00e9s internationaux. Le calendrier retenu par les huit pays r\u00e9v\u00e8le une m\u00e9thodologie rigoureuse de gestion du march\u00e9, avec des consultations mensuelles programm\u00e9es pour ajuster en permanence les param\u00e8tres de production. La prochaine r\u00e9union minist\u00e9rielle, fix\u00e9e au 6 juillet 2025, co\u00efncidera opportun\u00e9ment avec la mise en \u0153uvre effective des nouvelles quotas, permettant une \u00e9valuation en temps r\u00e9el de l&rsquo;impact de ces ajustements sur les \u00e9quilibres mondiaux. Les ministres ont d&rsquo;ailleurs soulign\u00e9 que ces augmentations demeurent conditionnelles et pourront \u00eatre suspendues ou r\u00e9vis\u00e9es selon l&rsquo;\u00e9volution des conditions du march\u00e9, pr\u00e9servant ainsi la flexibilit\u00e9 n\u00e9cessaire face aux incertitudes g\u00e9opolitiques et \u00e9conomiques. Cette d\u00e9cision intervient dans un environnement complexe o\u00f9 les cours p\u00e9troliers subissent l&rsquo;influence de multiples facteurs, des tensions g\u00e9opolitiques aux pressions diplomatiques exerc\u00e9es par les grandes puissances consommatrices.<\/p>\n\n\n\n<p>Samira Ghrib<\/p>\n","protected":false},"excerpt":{"rendered":"<p>Les pays e l&rsquo;Organisation des pays exportateurs de p\u00e9trole et leurs alli\u00e9s non-Opep+ acc\u00e9l\u00e8rent leur strat\u00e9gie de r\u00e9introduction de la<\/p>\n","protected":false},"author":6,"featured_media":68081,"comment_status":"open","ping_status":"closed","sticky":false,"template":"","format":"standard","meta":{"colormag_page_container_layout":"default_layout","colormag_page_sidebar_layout":"default_layout","om_disable_all_campaigns":false,"_monsterinsights_skip_tracking":false,"_monsterinsights_sitenote_active":false,"_monsterinsights_sitenote_note":"","_monsterinsights_sitenote_category":0,"footnotes":"","_wpscppro_dont_share_socialmedia":false,"_wpscppro_custom_social_share_image":0,"_facebook_share_type":"default","_twitter_share_type":"default","_linkedin_share_type":"default","_pinterest_share_type":"default","_linkedin_share_type_page":"","_instagram_share_type":"default","_medium_share_type":"default","_threads_share_type":"","_google_business_share_type":"","_selected_social_profile":[],"_wpsp_enable_custom_social_template":false,"_wpsp_social_scheduling":{"enabled":false,"datetime":null,"platforms":[],"status":"template_only","dateOption":"today","timeOption":"now","customDays":"","customHours":"","customDate":"","customTime":"","schedulingType":"absolute"},"_wpsp_active_default_template":true},"categories":[52,29],"tags":[],"class_list":["post-68230","post","type-post","status-publish","format-standard","has-post-thumbnail","hentry","category-a-la-une","category-economie"],"aioseo_notices":[],"yoast_head":"<!-- This site is optimized with the Yoast SEO plugin v27.5 - https:\/\/yoast.com\/product\/yoast-seo-wordpress\/ -->\n<title>OPEP+ : Nouvelle acc\u00e9l\u00e9ration de la production p\u00e9troli\u00e8re en juillet - La Sentinelle<\/title>\n<meta name=\"robots\" content=\"index, follow, max-snippet:-1, max-image-preview:large, max-video-preview:-1\" \/>\n<link rel=\"canonical\" href=\"https:\/\/lasentinelle.dz\/index.php\/2025\/05\/31\/opep-nouvelle-acceleration-de-la-production-petroliere-en-juillet\/\" \/>\n<meta property=\"og:locale\" content=\"fr_FR\" \/>\n<meta property=\"og:type\" content=\"article\" \/>\n<meta property=\"og:title\" content=\"OPEP+ : Nouvelle acc\u00e9l\u00e9ration de la production p\u00e9troli\u00e8re en juillet - La Sentinelle\" \/>\n<meta property=\"og:description\" content=\"Les pays e l&rsquo;Organisation des pays exportateurs de p\u00e9trole et leurs alli\u00e9s non-Opep+ acc\u00e9l\u00e8rent leur strat\u00e9gie de r\u00e9introduction de la\" \/>\n<meta property=\"og:url\" content=\"https:\/\/lasentinelle.dz\/index.php\/2025\/05\/31\/opep-nouvelle-acceleration-de-la-production-petroliere-en-juillet\/\" \/>\n<meta property=\"og:site_name\" content=\"La Sentinelle\" \/>\n<meta property=\"article:publisher\" content=\"https:\/\/www.facebook.com\/La-Sentinelle-104059864394773\" \/>\n<meta property=\"article:published_time\" content=\"2025-05-31T20:06:07+00:00\" \/>\n<meta property=\"article:modified_time\" content=\"2025-05-31T20:06:30+00:00\" \/>\n<meta property=\"og:image\" content=\"https:\/\/lasentinelle.dz\/wp-content\/uploads\/2025\/05\/Opep-1.jpeg\" \/>\n\t<meta property=\"og:image:width\" content=\"620\" \/>\n\t<meta property=\"og:image:height\" content=\"413\" \/>\n\t<meta property=\"og:image:type\" content=\"image\/jpeg\" \/>\n<meta name=\"author\" content=\"admin\" \/>\n<meta name=\"twitter:card\" content=\"summary_large_image\" \/>\n<meta name=\"twitter:label1\" content=\"\u00c9crit par\" \/>\n\t<meta name=\"twitter:data1\" content=\"admin\" \/>\n\t<meta name=\"twitter:label2\" content=\"Dur\u00e9e de lecture estim\u00e9e\" \/>\n\t<meta name=\"twitter:data2\" content=\"3 minutes\" \/>\n<script type=\"application\/ld+json\" class=\"yoast-schema-graph\">{\"@context\":\"https:\\\/\\\/schema.org\",\"@graph\":[{\"@type\":\"Article\",\"@id\":\"https:\\\/\\\/lasentinelle.dz\\\/index.php\\\/2025\\\/05\\\/31\\\/opep-nouvelle-acceleration-de-la-production-petroliere-en-juillet\\\/#article\",\"isPartOf\":{\"@id\":\"https:\\\/\\\/lasentinelle.dz\\\/index.php\\\/2025\\\/05\\\/31\\\/opep-nouvelle-acceleration-de-la-production-petroliere-en-juillet\\\/\"},\"author\":{\"name\":\"admin\",\"@id\":\"https:\\\/\\\/lasentinelle.dz\\\/#\\\/schema\\\/person\\\/729ee0024f24e0b8c5ec17232f8e8b41\"},\"headline\":\"OPEP+ : Nouvelle acc\u00e9l\u00e9ration de la production p\u00e9troli\u00e8re en juillet\",\"datePublished\":\"2025-05-31T20:06:07+00:00\",\"dateModified\":\"2025-05-31T20:06:30+00:00\",\"mainEntityOfPage\":{\"@id\":\"https:\\\/\\\/lasentinelle.dz\\\/index.php\\\/2025\\\/05\\\/31\\\/opep-nouvelle-acceleration-de-la-production-petroliere-en-juillet\\\/\"},\"wordCount\":639,\"commentCount\":0,\"publisher\":{\"@id\":\"https:\\\/\\\/lasentinelle.dz\\\/#organization\"},\"image\":{\"@id\":\"https:\\\/\\\/lasentinelle.dz\\\/index.php\\\/2025\\\/05\\\/31\\\/opep-nouvelle-acceleration-de-la-production-petroliere-en-juillet\\\/#primaryimage\"},\"thumbnailUrl\":\"https:\\\/\\\/lasentinelle.dz\\\/wp-content\\\/uploads\\\/2025\\\/05\\\/Opep-1.jpeg\",\"articleSection\":[\"\u00c0 la Une\",\"\u00c9conomie\"],\"inLanguage\":\"fr-FR\",\"potentialAction\":[{\"@type\":\"CommentAction\",\"name\":\"Comment\",\"target\":[\"https:\\\/\\\/lasentinelle.dz\\\/index.php\\\/2025\\\/05\\\/31\\\/opep-nouvelle-acceleration-de-la-production-petroliere-en-juillet\\\/#respond\"]}]},{\"@type\":\"WebPage\",\"@id\":\"https:\\\/\\\/lasentinelle.dz\\\/index.php\\\/2025\\\/05\\\/31\\\/opep-nouvelle-acceleration-de-la-production-petroliere-en-juillet\\\/\",\"url\":\"https:\\\/\\\/lasentinelle.dz\\\/index.php\\\/2025\\\/05\\\/31\\\/opep-nouvelle-acceleration-de-la-production-petroliere-en-juillet\\\/\",\"name\":\"OPEP+ : Nouvelle acc\u00e9l\u00e9ration de la production p\u00e9troli\u00e8re en juillet - La Sentinelle\",\"isPartOf\":{\"@id\":\"https:\\\/\\\/lasentinelle.dz\\\/#website\"},\"primaryImageOfPage\":{\"@id\":\"https:\\\/\\\/lasentinelle.dz\\\/index.php\\\/2025\\\/05\\\/31\\\/opep-nouvelle-acceleration-de-la-production-petroliere-en-juillet\\\/#primaryimage\"},\"image\":{\"@id\":\"https:\\\/\\\/lasentinelle.dz\\\/index.php\\\/2025\\\/05\\\/31\\\/opep-nouvelle-acceleration-de-la-production-petroliere-en-juillet\\\/#primaryimage\"},\"thumbnailUrl\":\"https:\\\/\\\/lasentinelle.dz\\\/wp-content\\\/uploads\\\/2025\\\/05\\\/Opep-1.jpeg\",\"datePublished\":\"2025-05-31T20:06:07+00:00\",\"dateModified\":\"2025-05-31T20:06:30+00:00\",\"breadcrumb\":{\"@id\":\"https:\\\/\\\/lasentinelle.dz\\\/index.php\\\/2025\\\/05\\\/31\\\/opep-nouvelle-acceleration-de-la-production-petroliere-en-juillet\\\/#breadcrumb\"},\"inLanguage\":\"fr-FR\",\"potentialAction\":[{\"@type\":\"ReadAction\",\"target\":[\"https:\\\/\\\/lasentinelle.dz\\\/index.php\\\/2025\\\/05\\\/31\\\/opep-nouvelle-acceleration-de-la-production-petroliere-en-juillet\\\/\"]}]},{\"@type\":\"ImageObject\",\"inLanguage\":\"fr-FR\",\"@id\":\"https:\\\/\\\/lasentinelle.dz\\\/index.php\\\/2025\\\/05\\\/31\\\/opep-nouvelle-acceleration-de-la-production-petroliere-en-juillet\\\/#primaryimage\",\"url\":\"https:\\\/\\\/lasentinelle.dz\\\/wp-content\\\/uploads\\\/2025\\\/05\\\/Opep-1.jpeg\",\"contentUrl\":\"https:\\\/\\\/lasentinelle.dz\\\/wp-content\\\/uploads\\\/2025\\\/05\\\/Opep-1.jpeg\",\"width\":620,\"height\":413},{\"@type\":\"BreadcrumbList\",\"@id\":\"https:\\\/\\\/lasentinelle.dz\\\/index.php\\\/2025\\\/05\\\/31\\\/opep-nouvelle-acceleration-de-la-production-petroliere-en-juillet\\\/#breadcrumb\",\"itemListElement\":[{\"@type\":\"ListItem\",\"position\":1,\"name\":\"Accueil\",\"item\":\"https:\\\/\\\/lasentinelle.dz\\\/\"},{\"@type\":\"ListItem\",\"position\":2,\"name\":\"OPEP+ : Nouvelle acc\u00e9l\u00e9ration de la production p\u00e9troli\u00e8re en juillet\"}]},{\"@type\":\"WebSite\",\"@id\":\"https:\\\/\\\/lasentinelle.dz\\\/#website\",\"url\":\"https:\\\/\\\/lasentinelle.dz\\\/\",\"name\":\"La Sentinelle\",\"description\":\"Quotidien national d&#039;information\",\"publisher\":{\"@id\":\"https:\\\/\\\/lasentinelle.dz\\\/#organization\"},\"potentialAction\":[{\"@type\":\"SearchAction\",\"target\":{\"@type\":\"EntryPoint\",\"urlTemplate\":\"https:\\\/\\\/lasentinelle.dz\\\/?s={search_term_string}\"},\"query-input\":{\"@type\":\"PropertyValueSpecification\",\"valueRequired\":true,\"valueName\":\"search_term_string\"}}],\"inLanguage\":\"fr-FR\"},{\"@type\":\"Organization\",\"@id\":\"https:\\\/\\\/lasentinelle.dz\\\/#organization\",\"name\":\"Quotidien La Sentinelle\",\"url\":\"https:\\\/\\\/lasentinelle.dz\\\/\",\"logo\":{\"@type\":\"ImageObject\",\"inLanguage\":\"fr-FR\",\"@id\":\"https:\\\/\\\/lasentinelle.dz\\\/#\\\/schema\\\/logo\\\/image\\\/\",\"url\":\"https:\\\/\\\/lasentinelle.dz\\\/wp-content\\\/uploads\\\/2021\\\/09\\\/logo-sentinelleSLOGAN-1.png\",\"contentUrl\":\"https:\\\/\\\/lasentinelle.dz\\\/wp-content\\\/uploads\\\/2021\\\/09\\\/logo-sentinelleSLOGAN-1.png\",\"width\":615,\"height\":142,\"caption\":\"Quotidien La Sentinelle\"},\"image\":{\"@id\":\"https:\\\/\\\/lasentinelle.dz\\\/#\\\/schema\\\/logo\\\/image\\\/\"},\"sameAs\":[\"https:\\\/\\\/www.facebook.com\\\/La-Sentinelle-104059864394773\"]},{\"@type\":\"Person\",\"@id\":\"https:\\\/\\\/lasentinelle.dz\\\/#\\\/schema\\\/person\\\/729ee0024f24e0b8c5ec17232f8e8b41\",\"name\":\"admin\",\"image\":{\"@type\":\"ImageObject\",\"inLanguage\":\"fr-FR\",\"@id\":\"https:\\\/\\\/secure.gravatar.com\\\/avatar\\\/4c81fed838786e9b53f540bf46533e750f5d292099ae3b66cfc6fb1982e29df7?s=96&d=mm&r=g\",\"url\":\"https:\\\/\\\/secure.gravatar.com\\\/avatar\\\/4c81fed838786e9b53f540bf46533e750f5d292099ae3b66cfc6fb1982e29df7?s=96&d=mm&r=g\",\"contentUrl\":\"https:\\\/\\\/secure.gravatar.com\\\/avatar\\\/4c81fed838786e9b53f540bf46533e750f5d292099ae3b66cfc6fb1982e29df7?s=96&d=mm&r=g\",\"caption\":\"admin\"},\"description\":\"admin\",\"url\":\"https:\\\/\\\/lasentinelle.dz\\\/author\\\/admin\\\/\"}]}<\/script>\n<!-- \/ Yoast SEO plugin. -->","yoast_head_json":{"title":"OPEP+ : Nouvelle acc\u00e9l\u00e9ration de la production p\u00e9troli\u00e8re en juillet - La Sentinelle","robots":{"index":"index","follow":"follow","max-snippet":"max-snippet:-1","max-image-preview":"max-image-preview:large","max-video-preview":"max-video-preview:-1"},"canonical":"https:\/\/lasentinelle.dz\/index.php\/2025\/05\/31\/opep-nouvelle-acceleration-de-la-production-petroliere-en-juillet\/","og_locale":"fr_FR","og_type":"article","og_title":"OPEP+ : Nouvelle acc\u00e9l\u00e9ration de la production p\u00e9troli\u00e8re en juillet - La Sentinelle","og_description":"Les pays e l&rsquo;Organisation des pays exportateurs de p\u00e9trole et leurs alli\u00e9s non-Opep+ acc\u00e9l\u00e8rent leur strat\u00e9gie de r\u00e9introduction de la","og_url":"https:\/\/lasentinelle.dz\/index.php\/2025\/05\/31\/opep-nouvelle-acceleration-de-la-production-petroliere-en-juillet\/","og_site_name":"La Sentinelle","article_publisher":"https:\/\/www.facebook.com\/La-Sentinelle-104059864394773","article_published_time":"2025-05-31T20:06:07+00:00","article_modified_time":"2025-05-31T20:06:30+00:00","og_image":[{"width":620,"height":413,"url":"https:\/\/lasentinelle.dz\/wp-content\/uploads\/2025\/05\/Opep-1.jpeg","type":"image\/jpeg"}],"author":"admin","twitter_card":"summary_large_image","twitter_misc":{"\u00c9crit par":"admin","Dur\u00e9e de lecture estim\u00e9e":"3 minutes"},"schema":{"@context":"https:\/\/schema.org","@graph":[{"@type":"Article","@id":"https:\/\/lasentinelle.dz\/index.php\/2025\/05\/31\/opep-nouvelle-acceleration-de-la-production-petroliere-en-juillet\/#article","isPartOf":{"@id":"https:\/\/lasentinelle.dz\/index.php\/2025\/05\/31\/opep-nouvelle-acceleration-de-la-production-petroliere-en-juillet\/"},"author":{"name":"admin","@id":"https:\/\/lasentinelle.dz\/#\/schema\/person\/729ee0024f24e0b8c5ec17232f8e8b41"},"headline":"OPEP+ : Nouvelle acc\u00e9l\u00e9ration de la production p\u00e9troli\u00e8re en juillet","datePublished":"2025-05-31T20:06:07+00:00","dateModified":"2025-05-31T20:06:30+00:00","mainEntityOfPage":{"@id":"https:\/\/lasentinelle.dz\/index.php\/2025\/05\/31\/opep-nouvelle-acceleration-de-la-production-petroliere-en-juillet\/"},"wordCount":639,"commentCount":0,"publisher":{"@id":"https:\/\/lasentinelle.dz\/#organization"},"image":{"@id":"https:\/\/lasentinelle.dz\/index.php\/2025\/05\/31\/opep-nouvelle-acceleration-de-la-production-petroliere-en-juillet\/#primaryimage"},"thumbnailUrl":"https:\/\/lasentinelle.dz\/wp-content\/uploads\/2025\/05\/Opep-1.jpeg","articleSection":["\u00c0 la Une","\u00c9conomie"],"inLanguage":"fr-FR","potentialAction":[{"@type":"CommentAction","name":"Comment","target":["https:\/\/lasentinelle.dz\/index.php\/2025\/05\/31\/opep-nouvelle-acceleration-de-la-production-petroliere-en-juillet\/#respond"]}]},{"@type":"WebPage","@id":"https:\/\/lasentinelle.dz\/index.php\/2025\/05\/31\/opep-nouvelle-acceleration-de-la-production-petroliere-en-juillet\/","url":"https:\/\/lasentinelle.dz\/index.php\/2025\/05\/31\/opep-nouvelle-acceleration-de-la-production-petroliere-en-juillet\/","name":"OPEP+ : Nouvelle acc\u00e9l\u00e9ration de la production p\u00e9troli\u00e8re en juillet - La Sentinelle","isPartOf":{"@id":"https:\/\/lasentinelle.dz\/#website"},"primaryImageOfPage":{"@id":"https:\/\/lasentinelle.dz\/index.php\/2025\/05\/31\/opep-nouvelle-acceleration-de-la-production-petroliere-en-juillet\/#primaryimage"},"image":{"@id":"https:\/\/lasentinelle.dz\/index.php\/2025\/05\/31\/opep-nouvelle-acceleration-de-la-production-petroliere-en-juillet\/#primaryimage"},"thumbnailUrl":"https:\/\/lasentinelle.dz\/wp-content\/uploads\/2025\/05\/Opep-1.jpeg","datePublished":"2025-05-31T20:06:07+00:00","dateModified":"2025-05-31T20:06:30+00:00","breadcrumb":{"@id":"https:\/\/lasentinelle.dz\/index.php\/2025\/05\/31\/opep-nouvelle-acceleration-de-la-production-petroliere-en-juillet\/#breadcrumb"},"inLanguage":"fr-FR","potentialAction":[{"@type":"ReadAction","target":["https:\/\/lasentinelle.dz\/index.php\/2025\/05\/31\/opep-nouvelle-acceleration-de-la-production-petroliere-en-juillet\/"]}]},{"@type":"ImageObject","inLanguage":"fr-FR","@id":"https:\/\/lasentinelle.dz\/index.php\/2025\/05\/31\/opep-nouvelle-acceleration-de-la-production-petroliere-en-juillet\/#primaryimage","url":"https:\/\/lasentinelle.dz\/wp-content\/uploads\/2025\/05\/Opep-1.jpeg","contentUrl":"https:\/\/lasentinelle.dz\/wp-content\/uploads\/2025\/05\/Opep-1.jpeg","width":620,"height":413},{"@type":"BreadcrumbList","@id":"https:\/\/lasentinelle.dz\/index.php\/2025\/05\/31\/opep-nouvelle-acceleration-de-la-production-petroliere-en-juillet\/#breadcrumb","itemListElement":[{"@type":"ListItem","position":1,"name":"Accueil","item":"https:\/\/lasentinelle.dz\/"},{"@type":"ListItem","position":2,"name":"OPEP+ : Nouvelle acc\u00e9l\u00e9ration de la production p\u00e9troli\u00e8re en juillet"}]},{"@type":"WebSite","@id":"https:\/\/lasentinelle.dz\/#website","url":"https:\/\/lasentinelle.dz\/","name":"La Sentinelle","description":"Quotidien national d&#039;information","publisher":{"@id":"https:\/\/lasentinelle.dz\/#organization"},"potentialAction":[{"@type":"SearchAction","target":{"@type":"EntryPoint","urlTemplate":"https:\/\/lasentinelle.dz\/?s={search_term_string}"},"query-input":{"@type":"PropertyValueSpecification","valueRequired":true,"valueName":"search_term_string"}}],"inLanguage":"fr-FR"},{"@type":"Organization","@id":"https:\/\/lasentinelle.dz\/#organization","name":"Quotidien La Sentinelle","url":"https:\/\/lasentinelle.dz\/","logo":{"@type":"ImageObject","inLanguage":"fr-FR","@id":"https:\/\/lasentinelle.dz\/#\/schema\/logo\/image\/","url":"https:\/\/lasentinelle.dz\/wp-content\/uploads\/2021\/09\/logo-sentinelleSLOGAN-1.png","contentUrl":"https:\/\/lasentinelle.dz\/wp-content\/uploads\/2021\/09\/logo-sentinelleSLOGAN-1.png","width":615,"height":142,"caption":"Quotidien La Sentinelle"},"image":{"@id":"https:\/\/lasentinelle.dz\/#\/schema\/logo\/image\/"},"sameAs":["https:\/\/www.facebook.com\/La-Sentinelle-104059864394773"]},{"@type":"Person","@id":"https:\/\/lasentinelle.dz\/#\/schema\/person\/729ee0024f24e0b8c5ec17232f8e8b41","name":"admin","image":{"@type":"ImageObject","inLanguage":"fr-FR","@id":"https:\/\/secure.gravatar.com\/avatar\/4c81fed838786e9b53f540bf46533e750f5d292099ae3b66cfc6fb1982e29df7?s=96&d=mm&r=g","url":"https:\/\/secure.gravatar.com\/avatar\/4c81fed838786e9b53f540bf46533e750f5d292099ae3b66cfc6fb1982e29df7?s=96&d=mm&r=g","contentUrl":"https:\/\/secure.gravatar.com\/avatar\/4c81fed838786e9b53f540bf46533e750f5d292099ae3b66cfc6fb1982e29df7?s=96&d=mm&r=g","caption":"admin"},"description":"admin","url":"https:\/\/lasentinelle.dz\/author\/admin\/"}]}},"_links":{"self":[{"href":"https:\/\/lasentinelle.dz\/index.php\/wp-json\/wp\/v2\/posts\/68230","targetHints":{"allow":["GET"]}}],"collection":[{"href":"https:\/\/lasentinelle.dz\/index.php\/wp-json\/wp\/v2\/posts"}],"about":[{"href":"https:\/\/lasentinelle.dz\/index.php\/wp-json\/wp\/v2\/types\/post"}],"author":[{"embeddable":true,"href":"https:\/\/lasentinelle.dz\/index.php\/wp-json\/wp\/v2\/users\/6"}],"replies":[{"embeddable":true,"href":"https:\/\/lasentinelle.dz\/index.php\/wp-json\/wp\/v2\/comments?post=68230"}],"version-history":[{"count":2,"href":"https:\/\/lasentinelle.dz\/index.php\/wp-json\/wp\/v2\/posts\/68230\/revisions"}],"predecessor-version":[{"id":68232,"href":"https:\/\/lasentinelle.dz\/index.php\/wp-json\/wp\/v2\/posts\/68230\/revisions\/68232"}],"wp:featuredmedia":[{"embeddable":true,"href":"https:\/\/lasentinelle.dz\/index.php\/wp-json\/wp\/v2\/media\/68081"}],"wp:attachment":[{"href":"https:\/\/lasentinelle.dz\/index.php\/wp-json\/wp\/v2\/media?parent=68230"}],"wp:term":[{"taxonomy":"category","embeddable":true,"href":"https:\/\/lasentinelle.dz\/index.php\/wp-json\/wp\/v2\/categories?post=68230"},{"taxonomy":"post_tag","embeddable":true,"href":"https:\/\/lasentinelle.dz\/index.php\/wp-json\/wp\/v2\/tags?post=68230"}],"curies":[{"name":"wp","href":"https:\/\/api.w.org\/{rel}","templated":true}]}}