{"id":68248,"date":"2025-05-31T21:10:56","date_gmt":"2025-05-31T20:10:56","guid":{"rendered":"https:\/\/lasentinelle.dz\/?p=68248"},"modified":"2025-05-31T21:10:57","modified_gmt":"2025-05-31T20:10:57","slug":"report-du-concours-de-recrutement-apres-un-panne-technique-des-tetes-tombent-au-mptic","status":"publish","type":"post","link":"https:\/\/lasentinelle.dz\/index.php\/2025\/05\/31\/report-du-concours-de-recrutement-apres-un-panne-technique-des-tetes-tombent-au-mptic\/","title":{"rendered":"Report du concours de recrutement apr\u00e8s un panne technique: Des t\u00eates tombent au MPTIC"},"content":{"rendered":"\n<p>Une panne technique ayant affect\u00e9 la plateforme num\u00e9rique de l&rsquo;examen de recrutement au minist\u00e8re de la Poste et des T\u00e9l\u00e9communications a provoqu\u00e9 une vague de limogeages sans pr\u00e9c\u00e9dent au sein de l&rsquo;administration. Le minist\u00e8re a annonc\u00e9 samedi la fin de mission de plusieurs hauts responsables directement impliqu\u00e9s dans la supervision de cette op\u00e9ration de digitalisation qui devait marquer un tournant dans les pratiques de recrutement du secteur postal. Cette sanction exemplaire illustre la d\u00e9termination des autorit\u00e9s \u00e0 faire respecter le principe de responsabilit\u00e9 et de reddition de comptes dans la gestion des services publics num\u00e9riques.<\/p>\n\n\n\n<p>Suite au dysfonctionnement technique qui a perturb\u00e9 le d\u00e9roulement normal de l&rsquo;examen sur la plateforme num\u00e9rique d&rsquo;Alg\u00e9rie Poste, le ministre a d\u00e9cid\u00e9 de mettre fin aux fonctions du directeur g\u00e9n\u00e9ral de la soci\u00e9t\u00e9 de l&rsquo;information au minist\u00e8re, du responsable de la s\u00e9curit\u00e9 informatique du minist\u00e8re et du directeur des syst\u00e8mes d&rsquo;information d&rsquo;Alg\u00e9rie Poste. Ces trois responsables \u00e9taient les superviseurs directs de l&rsquo;organisation de ce concours num\u00e9rique qui constituait une premi\u00e8re dans l&rsquo;histoire du secteur postal national. Leur limogeage intervient dans le cadre d&rsquo;une politique de tol\u00e9rance z\u00e9ro envers les d\u00e9faillances techniques qui compromettent l&rsquo;\u00e9quit\u00e9 et la transparence des proc\u00e9dures de recrutement.<\/p>\n\n\n\n<p>Le minist\u00e8re a \u00e9galement annonc\u00e9 le report de l&rsquo;examen \u00e0 une date ult\u00e9rieure apr\u00e8s l&rsquo;examen du baccalaur\u00e9at, tout en garantissant la mobilisation de tous les moyens n\u00e9cessaires pour assurer le bon d\u00e9roulement de la nouvelle session. Une commission d&rsquo;inspection a \u00e9t\u00e9 imm\u00e9diatement d\u00e9p\u00each\u00e9e pour enqu\u00eater sur les causes de cette panne et d\u00e9terminer les responsabilit\u00e9s avec la plus grande transparence. Cette d\u00e9marche s&rsquo;inscrit dans la volont\u00e9 de pr\u00e9server le principe d&rsquo;\u00e9galit\u00e9 entre tous les candidats et de garantir les plus hauts niveaux de transparence et de responsabilit\u00e9 dans la gestion des plateformes num\u00e9riques publiques.<\/p>\n\n\n\n<p>L&rsquo;incident survient alors que le minist\u00e8re s&rsquo;effor\u00e7ait d&rsquo;int\u00e9grer la num\u00e9risation comme outil fondamental pour garantir l&rsquo;int\u00e9grit\u00e9 et l&rsquo;\u00e9quit\u00e9 des proc\u00e9dures administratives. Pour la premi\u00e8re fois dans l&rsquo;histoire du secteur postal, un concours de recrutement \u00e9tait organis\u00e9 via un test num\u00e9rique sur une plateforme \u00e9lectronique utilisant le syst\u00e8me de questions \u00e0 choix multiples. Cette innovation technologique visait \u00e0 moderniser les pratiques de recrutement et \u00e0 renforcer la transparence des proc\u00e9dures de s\u00e9lection des candidats.<\/p>\n\n\n\n<p>Cependant, cette op\u00e9ration qui devait \u00e9tablir de nouveaux standards modernes dans le recrutement a connu un dysfonctionnement technique qui a emp\u00each\u00e9 le d\u00e9roulement normal de l&rsquo;examen et provoqu\u00e9 une vague de m\u00e9contentement parmi les candidats. Le minist\u00e8re pr\u00e9sente d&rsquo;ailleurs \u00ab\u00a0ses excuses pour cet incident et rassure tous les candidats que le concours sera r\u00e9organis\u00e9 dans les plus brefs d\u00e9lais, dans des conditions transparentes et rigoureuses garantissant le principe d&rsquo;\u00e9galit\u00e9 des chances pour tous et consacrant l&rsquo;orientation vers la num\u00e9risation des services publics avec professionnalisme et rigueur\u00a0\u00bb. Malgr\u00e9 cet incident, le minist\u00e8re r\u00e9affirme son attachement au processus de modernisation et de num\u00e9risation et \u00ab\u00a0restera fid\u00e8le \u00e0 ses engagements envers les citoyens, fond\u00e9s sur les principes de transparence, de justice et de responsabilit\u00e9\u00a0\u00bb.<\/p>\n\n\n\n<p>Lyna Larbi<\/p>\n","protected":false},"excerpt":{"rendered":"<p>Une panne technique ayant affect\u00e9 la plateforme num\u00e9rique de l&rsquo;examen de recrutement au minist\u00e8re de la Poste et des T\u00e9l\u00e9communications<\/p>\n","protected":false},"author":6,"featured_media":68249,"comment_status":"open","ping_status":"closed","sticky":false,"template":"","format":"standard","meta":{"colormag_page_container_layout":"default_layout","colormag_page_sidebar_layout":"default_layout","om_disable_all_campaigns":false,"_monsterinsights_skip_tracking":false,"_monsterinsights_sitenote_active":false,"_monsterinsights_sitenote_note":"","_monsterinsights_sitenote_category":0,"footnotes":"","_wpscppro_dont_share_socialmedia":false,"_wpscppro_custom_social_share_image":0,"_facebook_share_type":"default","_twitter_share_type":"default","_linkedin_share_type":"default","_pinterest_share_type":"default","_linkedin_share_type_page":"","_instagram_share_type":"default","_medium_share_type":"default","_threads_share_type":"","_google_business_share_type":"","_selected_social_profile":[],"_wpsp_enable_custom_social_template":false,"_wpsp_social_scheduling":{"enabled":false,"datetime":null,"platforms":[],"status":"template_only","dateOption":"today","timeOption":"now","customDays":"","customHours":"","customDate":"","customTime":"","schedulingType":"absolute"},"_wpsp_active_default_template":true},"categories":[52,27],"tags":[],"class_list":["post-68248","post","type-post","status-publish","format-standard","has-post-thumbnail","hentry","category-a-la-une","category-actualite"],"aioseo_notices":[],"yoast_head":"<!-- This site is optimized with the Yoast SEO plugin v27.5 - https:\/\/yoast.com\/product\/yoast-seo-wordpress\/ -->\n<title>Report du concours de recrutement apr\u00e8s un panne technique: Des t\u00eates tombent au MPTIC - La Sentinelle<\/title>\n<meta name=\"robots\" content=\"index, follow, max-snippet:-1, max-image-preview:large, max-video-preview:-1\" \/>\n<link rel=\"canonical\" href=\"https:\/\/lasentinelle.dz\/index.php\/2025\/05\/31\/report-du-concours-de-recrutement-apres-un-panne-technique-des-tetes-tombent-au-mptic\/\" \/>\n<meta property=\"og:locale\" content=\"fr_FR\" \/>\n<meta property=\"og:type\" content=\"article\" \/>\n<meta property=\"og:title\" content=\"Report du concours de recrutement apr\u00e8s un panne technique: Des t\u00eates tombent au MPTIC - La Sentinelle\" \/>\n<meta property=\"og:description\" content=\"Une panne technique ayant affect\u00e9 la plateforme num\u00e9rique de l&rsquo;examen de recrutement au minist\u00e8re de la Poste et des T\u00e9l\u00e9communications\" \/>\n<meta property=\"og:url\" content=\"https:\/\/lasentinelle.dz\/index.php\/2025\/05\/31\/report-du-concours-de-recrutement-apres-un-panne-technique-des-tetes-tombent-au-mptic\/\" \/>\n<meta property=\"og:site_name\" content=\"La Sentinelle\" \/>\n<meta property=\"article:publisher\" content=\"https:\/\/www.facebook.com\/La-Sentinelle-104059864394773\" \/>\n<meta property=\"article:published_time\" content=\"2025-05-31T20:10:56+00:00\" \/>\n<meta property=\"article:modified_time\" content=\"2025-05-31T20:10:57+00:00\" \/>\n<meta property=\"og:image\" content=\"https:\/\/lasentinelle.dz\/wp-content\/uploads\/2025\/05\/MPTIC.jpg\" \/>\n\t<meta property=\"og:image:width\" content=\"1259\" \/>\n\t<meta property=\"og:image:height\" content=\"945\" \/>\n\t<meta property=\"og:image:type\" content=\"image\/jpeg\" \/>\n<meta name=\"author\" content=\"admin\" \/>\n<meta name=\"twitter:card\" content=\"summary_large_image\" \/>\n<meta name=\"twitter:label1\" content=\"\u00c9crit par\" \/>\n\t<meta name=\"twitter:data1\" content=\"admin\" \/>\n\t<meta name=\"twitter:label2\" content=\"Dur\u00e9e de lecture estim\u00e9e\" \/>\n\t<meta name=\"twitter:data2\" content=\"3 minutes\" \/>\n<script type=\"application\/ld+json\" class=\"yoast-schema-graph\">{\"@context\":\"https:\\\/\\\/schema.org\",\"@graph\":[{\"@type\":\"Article\",\"@id\":\"https:\\\/\\\/lasentinelle.dz\\\/index.php\\\/2025\\\/05\\\/31\\\/report-du-concours-de-recrutement-apres-un-panne-technique-des-tetes-tombent-au-mptic\\\/#article\",\"isPartOf\":{\"@id\":\"https:\\\/\\\/lasentinelle.dz\\\/index.php\\\/2025\\\/05\\\/31\\\/report-du-concours-de-recrutement-apres-un-panne-technique-des-tetes-tombent-au-mptic\\\/\"},\"author\":{\"name\":\"admin\",\"@id\":\"https:\\\/\\\/lasentinelle.dz\\\/#\\\/schema\\\/person\\\/729ee0024f24e0b8c5ec17232f8e8b41\"},\"headline\":\"Report du concours de recrutement apr\u00e8s un panne technique: Des t\u00eates tombent au MPTIC\",\"datePublished\":\"2025-05-31T20:10:56+00:00\",\"dateModified\":\"2025-05-31T20:10:57+00:00\",\"mainEntityOfPage\":{\"@id\":\"https:\\\/\\\/lasentinelle.dz\\\/index.php\\\/2025\\\/05\\\/31\\\/report-du-concours-de-recrutement-apres-un-panne-technique-des-tetes-tombent-au-mptic\\\/\"},\"wordCount\":593,\"commentCount\":0,\"publisher\":{\"@id\":\"https:\\\/\\\/lasentinelle.dz\\\/#organization\"},\"image\":{\"@id\":\"https:\\\/\\\/lasentinelle.dz\\\/index.php\\\/2025\\\/05\\\/31\\\/report-du-concours-de-recrutement-apres-un-panne-technique-des-tetes-tombent-au-mptic\\\/#primaryimage\"},\"thumbnailUrl\":\"https:\\\/\\\/lasentinelle.dz\\\/wp-content\\\/uploads\\\/2025\\\/05\\\/MPTIC.jpg\",\"articleSection\":[\"\u00c0 la Une\",\"Actualit\u00e9\"],\"inLanguage\":\"fr-FR\",\"potentialAction\":[{\"@type\":\"CommentAction\",\"name\":\"Comment\",\"target\":[\"https:\\\/\\\/lasentinelle.dz\\\/index.php\\\/2025\\\/05\\\/31\\\/report-du-concours-de-recrutement-apres-un-panne-technique-des-tetes-tombent-au-mptic\\\/#respond\"]}]},{\"@type\":\"WebPage\",\"@id\":\"https:\\\/\\\/lasentinelle.dz\\\/index.php\\\/2025\\\/05\\\/31\\\/report-du-concours-de-recrutement-apres-un-panne-technique-des-tetes-tombent-au-mptic\\\/\",\"url\":\"https:\\\/\\\/lasentinelle.dz\\\/index.php\\\/2025\\\/05\\\/31\\\/report-du-concours-de-recrutement-apres-un-panne-technique-des-tetes-tombent-au-mptic\\\/\",\"name\":\"Report du concours de recrutement apr\u00e8s un panne technique: Des t\u00eates tombent au MPTIC - La Sentinelle\",\"isPartOf\":{\"@id\":\"https:\\\/\\\/lasentinelle.dz\\\/#website\"},\"primaryImageOfPage\":{\"@id\":\"https:\\\/\\\/lasentinelle.dz\\\/index.php\\\/2025\\\/05\\\/31\\\/report-du-concours-de-recrutement-apres-un-panne-technique-des-tetes-tombent-au-mptic\\\/#primaryimage\"},\"image\":{\"@id\":\"https:\\\/\\\/lasentinelle.dz\\\/index.php\\\/2025\\\/05\\\/31\\\/report-du-concours-de-recrutement-apres-un-panne-technique-des-tetes-tombent-au-mptic\\\/#primaryimage\"},\"thumbnailUrl\":\"https:\\\/\\\/lasentinelle.dz\\\/wp-content\\\/uploads\\\/2025\\\/05\\\/MPTIC.jpg\",\"datePublished\":\"2025-05-31T20:10:56+00:00\",\"dateModified\":\"2025-05-31T20:10:57+00:00\",\"breadcrumb\":{\"@id\":\"https:\\\/\\\/lasentinelle.dz\\\/index.php\\\/2025\\\/05\\\/31\\\/report-du-concours-de-recrutement-apres-un-panne-technique-des-tetes-tombent-au-mptic\\\/#breadcrumb\"},\"inLanguage\":\"fr-FR\",\"potentialAction\":[{\"@type\":\"ReadAction\",\"target\":[\"https:\\\/\\\/lasentinelle.dz\\\/index.php\\\/2025\\\/05\\\/31\\\/report-du-concours-de-recrutement-apres-un-panne-technique-des-tetes-tombent-au-mptic\\\/\"]}]},{\"@type\":\"ImageObject\",\"inLanguage\":\"fr-FR\",\"@id\":\"https:\\\/\\\/lasentinelle.dz\\\/index.php\\\/2025\\\/05\\\/31\\\/report-du-concours-de-recrutement-apres-un-panne-technique-des-tetes-tombent-au-mptic\\\/#primaryimage\",\"url\":\"https:\\\/\\\/lasentinelle.dz\\\/wp-content\\\/uploads\\\/2025\\\/05\\\/MPTIC.jpg\",\"contentUrl\":\"https:\\\/\\\/lasentinelle.dz\\\/wp-content\\\/uploads\\\/2025\\\/05\\\/MPTIC.jpg\",\"width\":1259,\"height\":945},{\"@type\":\"BreadcrumbList\",\"@id\":\"https:\\\/\\\/lasentinelle.dz\\\/index.php\\\/2025\\\/05\\\/31\\\/report-du-concours-de-recrutement-apres-un-panne-technique-des-tetes-tombent-au-mptic\\\/#breadcrumb\",\"itemListElement\":[{\"@type\":\"ListItem\",\"position\":1,\"name\":\"Accueil\",\"item\":\"https:\\\/\\\/lasentinelle.dz\\\/\"},{\"@type\":\"ListItem\",\"position\":2,\"name\":\"Report du concours de recrutement apr\u00e8s un panne technique: Des t\u00eates tombent au MPTIC\"}]},{\"@type\":\"WebSite\",\"@id\":\"https:\\\/\\\/lasentinelle.dz\\\/#website\",\"url\":\"https:\\\/\\\/lasentinelle.dz\\\/\",\"name\":\"La Sentinelle\",\"description\":\"Quotidien national d&#039;information\",\"publisher\":{\"@id\":\"https:\\\/\\\/lasentinelle.dz\\\/#organization\"},\"potentialAction\":[{\"@type\":\"SearchAction\",\"target\":{\"@type\":\"EntryPoint\",\"urlTemplate\":\"https:\\\/\\\/lasentinelle.dz\\\/?s={search_term_string}\"},\"query-input\":{\"@type\":\"PropertyValueSpecification\",\"valueRequired\":true,\"valueName\":\"search_term_string\"}}],\"inLanguage\":\"fr-FR\"},{\"@type\":\"Organization\",\"@id\":\"https:\\\/\\\/lasentinelle.dz\\\/#organization\",\"name\":\"Quotidien La Sentinelle\",\"url\":\"https:\\\/\\\/lasentinelle.dz\\\/\",\"logo\":{\"@type\":\"ImageObject\",\"inLanguage\":\"fr-FR\",\"@id\":\"https:\\\/\\\/lasentinelle.dz\\\/#\\\/schema\\\/logo\\\/image\\\/\",\"url\":\"https:\\\/\\\/lasentinelle.dz\\\/wp-content\\\/uploads\\\/2021\\\/09\\\/logo-sentinelleSLOGAN-1.png\",\"contentUrl\":\"https:\\\/\\\/lasentinelle.dz\\\/wp-content\\\/uploads\\\/2021\\\/09\\\/logo-sentinelleSLOGAN-1.png\",\"width\":615,\"height\":142,\"caption\":\"Quotidien La Sentinelle\"},\"image\":{\"@id\":\"https:\\\/\\\/lasentinelle.dz\\\/#\\\/schema\\\/logo\\\/image\\\/\"},\"sameAs\":[\"https:\\\/\\\/www.facebook.com\\\/La-Sentinelle-104059864394773\"]},{\"@type\":\"Person\",\"@id\":\"https:\\\/\\\/lasentinelle.dz\\\/#\\\/schema\\\/person\\\/729ee0024f24e0b8c5ec17232f8e8b41\",\"name\":\"admin\",\"image\":{\"@type\":\"ImageObject\",\"inLanguage\":\"fr-FR\",\"@id\":\"https:\\\/\\\/secure.gravatar.com\\\/avatar\\\/4c81fed838786e9b53f540bf46533e750f5d292099ae3b66cfc6fb1982e29df7?s=96&d=mm&r=g\",\"url\":\"https:\\\/\\\/secure.gravatar.com\\\/avatar\\\/4c81fed838786e9b53f540bf46533e750f5d292099ae3b66cfc6fb1982e29df7?s=96&d=mm&r=g\",\"contentUrl\":\"https:\\\/\\\/secure.gravatar.com\\\/avatar\\\/4c81fed838786e9b53f540bf46533e750f5d292099ae3b66cfc6fb1982e29df7?s=96&d=mm&r=g\",\"caption\":\"admin\"},\"description\":\"admin\",\"url\":\"https:\\\/\\\/lasentinelle.dz\\\/author\\\/admin\\\/\"}]}<\/script>\n<!-- \/ Yoast SEO plugin. -->","yoast_head_json":{"title":"Report du concours de recrutement apr\u00e8s un panne technique: Des t\u00eates tombent au MPTIC - La Sentinelle","robots":{"index":"index","follow":"follow","max-snippet":"max-snippet:-1","max-image-preview":"max-image-preview:large","max-video-preview":"max-video-preview:-1"},"canonical":"https:\/\/lasentinelle.dz\/index.php\/2025\/05\/31\/report-du-concours-de-recrutement-apres-un-panne-technique-des-tetes-tombent-au-mptic\/","og_locale":"fr_FR","og_type":"article","og_title":"Report du concours de recrutement apr\u00e8s un panne technique: Des t\u00eates tombent au MPTIC - La Sentinelle","og_description":"Une panne technique ayant affect\u00e9 la plateforme num\u00e9rique de l&rsquo;examen de recrutement au minist\u00e8re de la Poste et des T\u00e9l\u00e9communications","og_url":"https:\/\/lasentinelle.dz\/index.php\/2025\/05\/31\/report-du-concours-de-recrutement-apres-un-panne-technique-des-tetes-tombent-au-mptic\/","og_site_name":"La Sentinelle","article_publisher":"https:\/\/www.facebook.com\/La-Sentinelle-104059864394773","article_published_time":"2025-05-31T20:10:56+00:00","article_modified_time":"2025-05-31T20:10:57+00:00","og_image":[{"width":1259,"height":945,"url":"https:\/\/lasentinelle.dz\/wp-content\/uploads\/2025\/05\/MPTIC.jpg","type":"image\/jpeg"}],"author":"admin","twitter_card":"summary_large_image","twitter_misc":{"\u00c9crit par":"admin","Dur\u00e9e de lecture estim\u00e9e":"3 minutes"},"schema":{"@context":"https:\/\/schema.org","@graph":[{"@type":"Article","@id":"https:\/\/lasentinelle.dz\/index.php\/2025\/05\/31\/report-du-concours-de-recrutement-apres-un-panne-technique-des-tetes-tombent-au-mptic\/#article","isPartOf":{"@id":"https:\/\/lasentinelle.dz\/index.php\/2025\/05\/31\/report-du-concours-de-recrutement-apres-un-panne-technique-des-tetes-tombent-au-mptic\/"},"author":{"name":"admin","@id":"https:\/\/lasentinelle.dz\/#\/schema\/person\/729ee0024f24e0b8c5ec17232f8e8b41"},"headline":"Report du concours de recrutement apr\u00e8s un panne technique: Des t\u00eates tombent au MPTIC","datePublished":"2025-05-31T20:10:56+00:00","dateModified":"2025-05-31T20:10:57+00:00","mainEntityOfPage":{"@id":"https:\/\/lasentinelle.dz\/index.php\/2025\/05\/31\/report-du-concours-de-recrutement-apres-un-panne-technique-des-tetes-tombent-au-mptic\/"},"wordCount":593,"commentCount":0,"publisher":{"@id":"https:\/\/lasentinelle.dz\/#organization"},"image":{"@id":"https:\/\/lasentinelle.dz\/index.php\/2025\/05\/31\/report-du-concours-de-recrutement-apres-un-panne-technique-des-tetes-tombent-au-mptic\/#primaryimage"},"thumbnailUrl":"https:\/\/lasentinelle.dz\/wp-content\/uploads\/2025\/05\/MPTIC.jpg","articleSection":["\u00c0 la Une","Actualit\u00e9"],"inLanguage":"fr-FR","potentialAction":[{"@type":"CommentAction","name":"Comment","target":["https:\/\/lasentinelle.dz\/index.php\/2025\/05\/31\/report-du-concours-de-recrutement-apres-un-panne-technique-des-tetes-tombent-au-mptic\/#respond"]}]},{"@type":"WebPage","@id":"https:\/\/lasentinelle.dz\/index.php\/2025\/05\/31\/report-du-concours-de-recrutement-apres-un-panne-technique-des-tetes-tombent-au-mptic\/","url":"https:\/\/lasentinelle.dz\/index.php\/2025\/05\/31\/report-du-concours-de-recrutement-apres-un-panne-technique-des-tetes-tombent-au-mptic\/","name":"Report du concours de recrutement apr\u00e8s un panne technique: Des t\u00eates tombent au MPTIC - La Sentinelle","isPartOf":{"@id":"https:\/\/lasentinelle.dz\/#website"},"primaryImageOfPage":{"@id":"https:\/\/lasentinelle.dz\/index.php\/2025\/05\/31\/report-du-concours-de-recrutement-apres-un-panne-technique-des-tetes-tombent-au-mptic\/#primaryimage"},"image":{"@id":"https:\/\/lasentinelle.dz\/index.php\/2025\/05\/31\/report-du-concours-de-recrutement-apres-un-panne-technique-des-tetes-tombent-au-mptic\/#primaryimage"},"thumbnailUrl":"https:\/\/lasentinelle.dz\/wp-content\/uploads\/2025\/05\/MPTIC.jpg","datePublished":"2025-05-31T20:10:56+00:00","dateModified":"2025-05-31T20:10:57+00:00","breadcrumb":{"@id":"https:\/\/lasentinelle.dz\/index.php\/2025\/05\/31\/report-du-concours-de-recrutement-apres-un-panne-technique-des-tetes-tombent-au-mptic\/#breadcrumb"},"inLanguage":"fr-FR","potentialAction":[{"@type":"ReadAction","target":["https:\/\/lasentinelle.dz\/index.php\/2025\/05\/31\/report-du-concours-de-recrutement-apres-un-panne-technique-des-tetes-tombent-au-mptic\/"]}]},{"@type":"ImageObject","inLanguage":"fr-FR","@id":"https:\/\/lasentinelle.dz\/index.php\/2025\/05\/31\/report-du-concours-de-recrutement-apres-un-panne-technique-des-tetes-tombent-au-mptic\/#primaryimage","url":"https:\/\/lasentinelle.dz\/wp-content\/uploads\/2025\/05\/MPTIC.jpg","contentUrl":"https:\/\/lasentinelle.dz\/wp-content\/uploads\/2025\/05\/MPTIC.jpg","width":1259,"height":945},{"@type":"BreadcrumbList","@id":"https:\/\/lasentinelle.dz\/index.php\/2025\/05\/31\/report-du-concours-de-recrutement-apres-un-panne-technique-des-tetes-tombent-au-mptic\/#breadcrumb","itemListElement":[{"@type":"ListItem","position":1,"name":"Accueil","item":"https:\/\/lasentinelle.dz\/"},{"@type":"ListItem","position":2,"name":"Report du concours de recrutement apr\u00e8s un panne technique: Des t\u00eates tombent au MPTIC"}]},{"@type":"WebSite","@id":"https:\/\/lasentinelle.dz\/#website","url":"https:\/\/lasentinelle.dz\/","name":"La Sentinelle","description":"Quotidien national d&#039;information","publisher":{"@id":"https:\/\/lasentinelle.dz\/#organization"},"potentialAction":[{"@type":"SearchAction","target":{"@type":"EntryPoint","urlTemplate":"https:\/\/lasentinelle.dz\/?s={search_term_string}"},"query-input":{"@type":"PropertyValueSpecification","valueRequired":true,"valueName":"search_term_string"}}],"inLanguage":"fr-FR"},{"@type":"Organization","@id":"https:\/\/lasentinelle.dz\/#organization","name":"Quotidien La Sentinelle","url":"https:\/\/lasentinelle.dz\/","logo":{"@type":"ImageObject","inLanguage":"fr-FR","@id":"https:\/\/lasentinelle.dz\/#\/schema\/logo\/image\/","url":"https:\/\/lasentinelle.dz\/wp-content\/uploads\/2021\/09\/logo-sentinelleSLOGAN-1.png","contentUrl":"https:\/\/lasentinelle.dz\/wp-content\/uploads\/2021\/09\/logo-sentinelleSLOGAN-1.png","width":615,"height":142,"caption":"Quotidien La Sentinelle"},"image":{"@id":"https:\/\/lasentinelle.dz\/#\/schema\/logo\/image\/"},"sameAs":["https:\/\/www.facebook.com\/La-Sentinelle-104059864394773"]},{"@type":"Person","@id":"https:\/\/lasentinelle.dz\/#\/schema\/person\/729ee0024f24e0b8c5ec17232f8e8b41","name":"admin","image":{"@type":"ImageObject","inLanguage":"fr-FR","@id":"https:\/\/secure.gravatar.com\/avatar\/4c81fed838786e9b53f540bf46533e750f5d292099ae3b66cfc6fb1982e29df7?s=96&d=mm&r=g","url":"https:\/\/secure.gravatar.com\/avatar\/4c81fed838786e9b53f540bf46533e750f5d292099ae3b66cfc6fb1982e29df7?s=96&d=mm&r=g","contentUrl":"https:\/\/secure.gravatar.com\/avatar\/4c81fed838786e9b53f540bf46533e750f5d292099ae3b66cfc6fb1982e29df7?s=96&d=mm&r=g","caption":"admin"},"description":"admin","url":"https:\/\/lasentinelle.dz\/author\/admin\/"}]}},"_links":{"self":[{"href":"https:\/\/lasentinelle.dz\/index.php\/wp-json\/wp\/v2\/posts\/68248","targetHints":{"allow":["GET"]}}],"collection":[{"href":"https:\/\/lasentinelle.dz\/index.php\/wp-json\/wp\/v2\/posts"}],"about":[{"href":"https:\/\/lasentinelle.dz\/index.php\/wp-json\/wp\/v2\/types\/post"}],"author":[{"embeddable":true,"href":"https:\/\/lasentinelle.dz\/index.php\/wp-json\/wp\/v2\/users\/6"}],"replies":[{"embeddable":true,"href":"https:\/\/lasentinelle.dz\/index.php\/wp-json\/wp\/v2\/comments?post=68248"}],"version-history":[{"count":1,"href":"https:\/\/lasentinelle.dz\/index.php\/wp-json\/wp\/v2\/posts\/68248\/revisions"}],"predecessor-version":[{"id":68250,"href":"https:\/\/lasentinelle.dz\/index.php\/wp-json\/wp\/v2\/posts\/68248\/revisions\/68250"}],"wp:featuredmedia":[{"embeddable":true,"href":"https:\/\/lasentinelle.dz\/index.php\/wp-json\/wp\/v2\/media\/68249"}],"wp:attachment":[{"href":"https:\/\/lasentinelle.dz\/index.php\/wp-json\/wp\/v2\/media?parent=68248"}],"wp:term":[{"taxonomy":"category","embeddable":true,"href":"https:\/\/lasentinelle.dz\/index.php\/wp-json\/wp\/v2\/categories?post=68248"},{"taxonomy":"post_tag","embeddable":true,"href":"https:\/\/lasentinelle.dz\/index.php\/wp-json\/wp\/v2\/tags?post=68248"}],"curies":[{"name":"wp","href":"https:\/\/api.w.org\/{rel}","templated":true}]}}