{"id":68253,"date":"2025-05-31T21:13:01","date_gmt":"2025-05-31T20:13:01","guid":{"rendered":"https:\/\/lasentinelle.dz\/?p=68253"},"modified":"2025-05-31T21:13:02","modified_gmt":"2025-05-31T20:13:02","slug":"partis-politiques-reformes-economiques-et-front-patriotique-au-coeur-des-preoccupations","status":"publish","type":"post","link":"https:\/\/lasentinelle.dz\/index.php\/2025\/05\/31\/partis-politiques-reformes-economiques-et-front-patriotique-au-coeur-des-preoccupations\/","title":{"rendered":"Partis politiques \u00a0: R\u00e9formes \u00e9conomiques et front patriotique au c\u0153ur des pr\u00e9occupations"},"content":{"rendered":"\n<p>La sc\u00e8ne politique s&rsquo;anime comme chaque week-end. Deux dossiers majeurs ont domin\u00e9 les discours des responsables politiques : la souverainet\u00e9 \u00e9conomique et les d\u00e9fis g\u00e9opolitiques r\u00e9gionaux. \u00c0 Oran, le pr\u00e9sident du Mouvement El-Bina, Abdelkader Bengrina, a plac\u00e9 la mobilisation \u00e9conomique au centre de son discours lors d&rsquo;un meeting organis\u00e9 au Village m\u00e9diterran\u00e9en. Pour lui, \u00ab\u00a0la protection de notre souverainet\u00e9 \u00e9conomique exige de nous tous la concr\u00e9tisation de ce que nous appelons aujourd&rsquo;hui la mobilisation \u00e9conomique, que nous consid\u00e9rons comme une manifestation de l&rsquo;unit\u00e9 nationale\u00a0\u00bb. Cette approche d\u00e9passe largement le cadre technique pour rev\u00eatir une dimension strat\u00e9gique. Bengrina insiste sur la n\u00e9cessit\u00e9 de voir \u00ab\u00a0nos forces politiques et syndicales se solidariser avec nos forces financi\u00e8res et \u00e9conomiques pour construire une \u00e9conomie nationale \u00e9quilibr\u00e9e et int\u00e9gr\u00e9e, pla\u00e7ant l&rsquo;Alg\u00e9rie parmi les pays \u00e9mergents\u00a0\u00bb.<\/p>\n\n\n\n<p>Cette mobilisation \u00e9conomique englobe, selon le responsable d&rsquo;El-Bina, \u00ab\u00a0la mobilisation des comp\u00e9tences et des expertises nationales, des petites et moyennes entreprises, des startups, des universit\u00e9s et des centres de recherche scientifique, ainsi que des administrations publiques\u00a0\u00bb. Il n&rsquo;oublie pas la diaspora alg\u00e9rienne, qu&rsquo;il consid\u00e8re comme \u00ab\u00a0un capital humain, financier et intellectuel important, qu&rsquo;il faut attirer et encourager \u00e0 contribuer \u00e0 la renaissance nationale\u00a0\u00bb. Bengrina a \u00e9galement salu\u00e9 les directives pr\u00e9sidentielles concernant les jeunes entrepreneurs de la micro-importation, estimant que leur int\u00e9gration dans le commerce formel constitue \u00ab\u00a0une \u00e9tape importante pour mettre fin aux pratiques informelles\u00a0\u00bb.<\/p>\n\n\n\n<p>De son c\u00f4t\u00e9, le premier secr\u00e9taire national du FFS, Youcef Aouchiche, adopte une lecture g\u00e9opolitique plus inqui\u00e8te de la situation. Lors d&rsquo;une conf\u00e9rence d&rsquo;\u00e9valuation politique \u00e0 Boghni et devant le Conseil national du parti \u00e0 Alger, il a alert\u00e9 sur les menaces qui p\u00e8sent sur l&rsquo;Alg\u00e9rie. \u00ab\u00a0Le monde conna\u00eet des bouleversements g\u00e9opolitiques et g\u00e9ostrat\u00e9giques majeurs, marqu\u00e9s par une reconfiguration brutale des rapports de force et une remise en cause syst\u00e9matique des \u00e9quilibres \u00e9tablis\u00a0\u00bb, a-t-il analys\u00e9. Pour Aouchiche, l&rsquo;Alg\u00e9rie, \u00ab\u00a0r\u00e9gion charni\u00e8re au c\u0153ur de l&rsquo;Afrique et de la M\u00e9diterran\u00e9e, n&rsquo;\u00e9chappe pas \u00e0 cette r\u00e9alit\u00e9\u00a0\u00bb et \u00ab\u00a0se trouve aujourd&rsquo;hui la cible d&rsquo;un acharnement sans merci et de nombreuses convoitises\u00a0\u00bb.<\/p>\n\n\n\n<p>Le responsable du FFS d\u00e9nonce des \u00ab\u00a0tentatives de d\u00e9stabilisation qui visent \u00e0 briser la coh\u00e9sion des soci\u00e9t\u00e9s, \u00e0 fragmenter les identit\u00e9s, \u00e0 affaiblir les r\u00e9sistances, pour mieux imposer des agendas ext\u00e9rieurs, \u00e9trangers \u00e0 nos aspirations profondes\u00a0\u00bb. Face \u00e0 ces d\u00e9fis, il pr\u00f4ne \u00ab\u00a0un pacte national fond\u00e9 sur nos valeurs partag\u00e9es, pour renforcer l&rsquo;unit\u00e9 du pays, sa souverainet\u00e9 et construire ensemble l&rsquo;\u00c9tat de droit d\u00e9mocratique\u00a0\u00bb. Ce pacte viserait \u00e0 \u00ab\u00a0\u00e9tablir un consensus strat\u00e9gique autour des questions vitales d&rsquo;int\u00e9r\u00eat commun que sont l&rsquo;unit\u00e9 et la souverainet\u00e9 nationales, la d\u00e9mocratie politique et institutionnelle, le d\u00e9veloppement \u00e9conomique et la justice sociale\u00a0\u00bb.<\/p>\n\n\n\n<p>Aouchiche appelle \u00e0 \u00ab\u00a0un front patriotique pour la d\u00e9fense de l&rsquo;\u00c9tat national, de sa souverainet\u00e9, de son unit\u00e9 et de sa coh\u00e9sion\u00a0\u00bb, estimant que \u00ab\u00a0seul un front patriotique solide et uni peut faire \u00e9chec \u00e0 ces entreprises subversives qui ne reculent devant rien\u00a0\u00bb. Il \u00e9voque l&rsquo;\u00e8re des \u00ab\u00a0guerres hybrides, m\u00ealant guerre de l&rsquo;information, pressions \u00e9conomiques, alliances secr\u00e8tes et guerres par procuration\u00a0\u00bb.<\/p>\n\n\n\n<p>Dans un registre plus consensuel, le pr\u00e9sident du Front El Moustakbel, Fatah Boutbig, a r\u00e9affirm\u00e9 son soutien aux r\u00e9formes pr\u00e9sidentielles. Son parti se consid\u00e8re comme \u00ab\u00a0un soutien fondamental et sinc\u00e8re \u00e0 toutes les initiatives nationales\u00a0\u00bb et transcende \u00ab\u00a0les calculs \u00e9troits et les \u00e9go\u00efsmes pour placer l&rsquo;int\u00e9r\u00eat du pays avant tout\u00a0\u00bb. Ces prises de position r\u00e9v\u00e8lent une classe politique pr\u00e9occup\u00e9e par les enjeux de souverainet\u00e9, qu&rsquo;elle soit \u00e9conomique ou g\u00e9opolitique, dans un contexte r\u00e9gional et international particuli\u00e8rement volatil.<\/p>\n\n\n\n<p>Hocine Fadheli<\/p>\n","protected":false},"excerpt":{"rendered":"<p>La sc\u00e8ne politique s&rsquo;anime comme chaque week-end. Deux dossiers majeurs ont domin\u00e9 les discours des responsables politiques : la souverainet\u00e9<\/p>\n","protected":false},"author":6,"featured_media":68254,"comment_status":"open","ping_status":"closed","sticky":false,"template":"","format":"standard","meta":{"colormag_page_container_layout":"default_layout","colormag_page_sidebar_layout":"default_layout","om_disable_all_campaigns":false,"_monsterinsights_skip_tracking":false,"_monsterinsights_sitenote_active":false,"_monsterinsights_sitenote_note":"","_monsterinsights_sitenote_category":0,"footnotes":"","_wpscppro_dont_share_socialmedia":false,"_wpscppro_custom_social_share_image":0,"_facebook_share_type":"default","_twitter_share_type":"default","_linkedin_share_type":"default","_pinterest_share_type":"default","_linkedin_share_type_page":"","_instagram_share_type":"default","_medium_share_type":"default","_threads_share_type":"","_google_business_share_type":"","_selected_social_profile":[],"_wpsp_enable_custom_social_template":false,"_wpsp_social_scheduling":{"enabled":false,"datetime":null,"platforms":[],"status":"template_only","dateOption":"today","timeOption":"now","customDays":"","customHours":"","customDate":"","customTime":"","schedulingType":"absolute"},"_wpsp_active_default_template":true},"categories":[28],"tags":[],"class_list":["post-68253","post","type-post","status-publish","format-standard","has-post-thumbnail","hentry","category-politique"],"aioseo_notices":[],"yoast_head":"<!-- This site is optimized with the Yoast SEO plugin v27.5 - https:\/\/yoast.com\/product\/yoast-seo-wordpress\/ -->\n<title>Partis politiques \u00a0: R\u00e9formes \u00e9conomiques et front patriotique au c\u0153ur des pr\u00e9occupations - La Sentinelle<\/title>\n<meta name=\"robots\" content=\"index, follow, max-snippet:-1, max-image-preview:large, max-video-preview:-1\" \/>\n<link rel=\"canonical\" href=\"https:\/\/lasentinelle.dz\/index.php\/2025\/05\/31\/partis-politiques-reformes-economiques-et-front-patriotique-au-coeur-des-preoccupations\/\" \/>\n<meta property=\"og:locale\" content=\"fr_FR\" \/>\n<meta property=\"og:type\" content=\"article\" \/>\n<meta property=\"og:title\" content=\"Partis politiques \u00a0: R\u00e9formes \u00e9conomiques et front patriotique au c\u0153ur des pr\u00e9occupations - La Sentinelle\" \/>\n<meta property=\"og:description\" content=\"La sc\u00e8ne politique s&rsquo;anime comme chaque week-end. Deux dossiers majeurs ont domin\u00e9 les discours des responsables politiques : la souverainet\u00e9\" \/>\n<meta property=\"og:url\" content=\"https:\/\/lasentinelle.dz\/index.php\/2025\/05\/31\/partis-politiques-reformes-economiques-et-front-patriotique-au-coeur-des-preoccupations\/\" \/>\n<meta property=\"og:site_name\" content=\"La Sentinelle\" \/>\n<meta property=\"article:publisher\" content=\"https:\/\/www.facebook.com\/La-Sentinelle-104059864394773\" \/>\n<meta property=\"article:published_time\" content=\"2025-05-31T20:13:01+00:00\" \/>\n<meta property=\"article:modified_time\" content=\"2025-05-31T20:13:02+00:00\" \/>\n<meta property=\"og:image\" content=\"https:\/\/lasentinelle.dz\/wp-content\/uploads\/2025\/05\/aouchiche-bengrina.png\" \/>\n\t<meta property=\"og:image:width\" content=\"1047\" \/>\n\t<meta property=\"og:image:height\" content=\"655\" \/>\n\t<meta property=\"og:image:type\" content=\"image\/png\" \/>\n<meta name=\"author\" content=\"admin\" \/>\n<meta name=\"twitter:card\" content=\"summary_large_image\" \/>\n<meta name=\"twitter:label1\" content=\"\u00c9crit par\" \/>\n\t<meta name=\"twitter:data1\" content=\"admin\" \/>\n\t<meta name=\"twitter:label2\" content=\"Dur\u00e9e de lecture estim\u00e9e\" \/>\n\t<meta name=\"twitter:data2\" content=\"4 minutes\" \/>\n<script type=\"application\/ld+json\" class=\"yoast-schema-graph\">{\"@context\":\"https:\\\/\\\/schema.org\",\"@graph\":[{\"@type\":\"Article\",\"@id\":\"https:\\\/\\\/lasentinelle.dz\\\/index.php\\\/2025\\\/05\\\/31\\\/partis-politiques-reformes-economiques-et-front-patriotique-au-coeur-des-preoccupations\\\/#article\",\"isPartOf\":{\"@id\":\"https:\\\/\\\/lasentinelle.dz\\\/index.php\\\/2025\\\/05\\\/31\\\/partis-politiques-reformes-economiques-et-front-patriotique-au-coeur-des-preoccupations\\\/\"},\"author\":{\"name\":\"admin\",\"@id\":\"https:\\\/\\\/lasentinelle.dz\\\/#\\\/schema\\\/person\\\/729ee0024f24e0b8c5ec17232f8e8b41\"},\"headline\":\"Partis politiques \u00a0: R\u00e9formes \u00e9conomiques et front patriotique au c\u0153ur des pr\u00e9occupations\",\"datePublished\":\"2025-05-31T20:13:01+00:00\",\"dateModified\":\"2025-05-31T20:13:02+00:00\",\"mainEntityOfPage\":{\"@id\":\"https:\\\/\\\/lasentinelle.dz\\\/index.php\\\/2025\\\/05\\\/31\\\/partis-politiques-reformes-economiques-et-front-patriotique-au-coeur-des-preoccupations\\\/\"},\"wordCount\":675,\"commentCount\":0,\"publisher\":{\"@id\":\"https:\\\/\\\/lasentinelle.dz\\\/#organization\"},\"image\":{\"@id\":\"https:\\\/\\\/lasentinelle.dz\\\/index.php\\\/2025\\\/05\\\/31\\\/partis-politiques-reformes-economiques-et-front-patriotique-au-coeur-des-preoccupations\\\/#primaryimage\"},\"thumbnailUrl\":\"https:\\\/\\\/lasentinelle.dz\\\/wp-content\\\/uploads\\\/2025\\\/05\\\/aouchiche-bengrina.png\",\"articleSection\":[\"Politique\"],\"inLanguage\":\"fr-FR\",\"potentialAction\":[{\"@type\":\"CommentAction\",\"name\":\"Comment\",\"target\":[\"https:\\\/\\\/lasentinelle.dz\\\/index.php\\\/2025\\\/05\\\/31\\\/partis-politiques-reformes-economiques-et-front-patriotique-au-coeur-des-preoccupations\\\/#respond\"]}]},{\"@type\":\"WebPage\",\"@id\":\"https:\\\/\\\/lasentinelle.dz\\\/index.php\\\/2025\\\/05\\\/31\\\/partis-politiques-reformes-economiques-et-front-patriotique-au-coeur-des-preoccupations\\\/\",\"url\":\"https:\\\/\\\/lasentinelle.dz\\\/index.php\\\/2025\\\/05\\\/31\\\/partis-politiques-reformes-economiques-et-front-patriotique-au-coeur-des-preoccupations\\\/\",\"name\":\"Partis politiques \u00a0: R\u00e9formes \u00e9conomiques et front patriotique au c\u0153ur des pr\u00e9occupations - La Sentinelle\",\"isPartOf\":{\"@id\":\"https:\\\/\\\/lasentinelle.dz\\\/#website\"},\"primaryImageOfPage\":{\"@id\":\"https:\\\/\\\/lasentinelle.dz\\\/index.php\\\/2025\\\/05\\\/31\\\/partis-politiques-reformes-economiques-et-front-patriotique-au-coeur-des-preoccupations\\\/#primaryimage\"},\"image\":{\"@id\":\"https:\\\/\\\/lasentinelle.dz\\\/index.php\\\/2025\\\/05\\\/31\\\/partis-politiques-reformes-economiques-et-front-patriotique-au-coeur-des-preoccupations\\\/#primaryimage\"},\"thumbnailUrl\":\"https:\\\/\\\/lasentinelle.dz\\\/wp-content\\\/uploads\\\/2025\\\/05\\\/aouchiche-bengrina.png\",\"datePublished\":\"2025-05-31T20:13:01+00:00\",\"dateModified\":\"2025-05-31T20:13:02+00:00\",\"breadcrumb\":{\"@id\":\"https:\\\/\\\/lasentinelle.dz\\\/index.php\\\/2025\\\/05\\\/31\\\/partis-politiques-reformes-economiques-et-front-patriotique-au-coeur-des-preoccupations\\\/#breadcrumb\"},\"inLanguage\":\"fr-FR\",\"potentialAction\":[{\"@type\":\"ReadAction\",\"target\":[\"https:\\\/\\\/lasentinelle.dz\\\/index.php\\\/2025\\\/05\\\/31\\\/partis-politiques-reformes-economiques-et-front-patriotique-au-coeur-des-preoccupations\\\/\"]}]},{\"@type\":\"ImageObject\",\"inLanguage\":\"fr-FR\",\"@id\":\"https:\\\/\\\/lasentinelle.dz\\\/index.php\\\/2025\\\/05\\\/31\\\/partis-politiques-reformes-economiques-et-front-patriotique-au-coeur-des-preoccupations\\\/#primaryimage\",\"url\":\"https:\\\/\\\/lasentinelle.dz\\\/wp-content\\\/uploads\\\/2025\\\/05\\\/aouchiche-bengrina.png\",\"contentUrl\":\"https:\\\/\\\/lasentinelle.dz\\\/wp-content\\\/uploads\\\/2025\\\/05\\\/aouchiche-bengrina.png\",\"width\":1047,\"height\":655},{\"@type\":\"BreadcrumbList\",\"@id\":\"https:\\\/\\\/lasentinelle.dz\\\/index.php\\\/2025\\\/05\\\/31\\\/partis-politiques-reformes-economiques-et-front-patriotique-au-coeur-des-preoccupations\\\/#breadcrumb\",\"itemListElement\":[{\"@type\":\"ListItem\",\"position\":1,\"name\":\"Accueil\",\"item\":\"https:\\\/\\\/lasentinelle.dz\\\/\"},{\"@type\":\"ListItem\",\"position\":2,\"name\":\"Partis politiques \u00a0: R\u00e9formes \u00e9conomiques et front patriotique au c\u0153ur des pr\u00e9occupations\"}]},{\"@type\":\"WebSite\",\"@id\":\"https:\\\/\\\/lasentinelle.dz\\\/#website\",\"url\":\"https:\\\/\\\/lasentinelle.dz\\\/\",\"name\":\"La Sentinelle\",\"description\":\"Quotidien national d&#039;information\",\"publisher\":{\"@id\":\"https:\\\/\\\/lasentinelle.dz\\\/#organization\"},\"potentialAction\":[{\"@type\":\"SearchAction\",\"target\":{\"@type\":\"EntryPoint\",\"urlTemplate\":\"https:\\\/\\\/lasentinelle.dz\\\/?s={search_term_string}\"},\"query-input\":{\"@type\":\"PropertyValueSpecification\",\"valueRequired\":true,\"valueName\":\"search_term_string\"}}],\"inLanguage\":\"fr-FR\"},{\"@type\":\"Organization\",\"@id\":\"https:\\\/\\\/lasentinelle.dz\\\/#organization\",\"name\":\"Quotidien La Sentinelle\",\"url\":\"https:\\\/\\\/lasentinelle.dz\\\/\",\"logo\":{\"@type\":\"ImageObject\",\"inLanguage\":\"fr-FR\",\"@id\":\"https:\\\/\\\/lasentinelle.dz\\\/#\\\/schema\\\/logo\\\/image\\\/\",\"url\":\"https:\\\/\\\/lasentinelle.dz\\\/wp-content\\\/uploads\\\/2021\\\/09\\\/logo-sentinelleSLOGAN-1.png\",\"contentUrl\":\"https:\\\/\\\/lasentinelle.dz\\\/wp-content\\\/uploads\\\/2021\\\/09\\\/logo-sentinelleSLOGAN-1.png\",\"width\":615,\"height\":142,\"caption\":\"Quotidien La Sentinelle\"},\"image\":{\"@id\":\"https:\\\/\\\/lasentinelle.dz\\\/#\\\/schema\\\/logo\\\/image\\\/\"},\"sameAs\":[\"https:\\\/\\\/www.facebook.com\\\/La-Sentinelle-104059864394773\"]},{\"@type\":\"Person\",\"@id\":\"https:\\\/\\\/lasentinelle.dz\\\/#\\\/schema\\\/person\\\/729ee0024f24e0b8c5ec17232f8e8b41\",\"name\":\"admin\",\"image\":{\"@type\":\"ImageObject\",\"inLanguage\":\"fr-FR\",\"@id\":\"https:\\\/\\\/secure.gravatar.com\\\/avatar\\\/4c81fed838786e9b53f540bf46533e750f5d292099ae3b66cfc6fb1982e29df7?s=96&d=mm&r=g\",\"url\":\"https:\\\/\\\/secure.gravatar.com\\\/avatar\\\/4c81fed838786e9b53f540bf46533e750f5d292099ae3b66cfc6fb1982e29df7?s=96&d=mm&r=g\",\"contentUrl\":\"https:\\\/\\\/secure.gravatar.com\\\/avatar\\\/4c81fed838786e9b53f540bf46533e750f5d292099ae3b66cfc6fb1982e29df7?s=96&d=mm&r=g\",\"caption\":\"admin\"},\"description\":\"admin\",\"url\":\"https:\\\/\\\/lasentinelle.dz\\\/author\\\/admin\\\/\"}]}<\/script>\n<!-- \/ Yoast SEO plugin. -->","yoast_head_json":{"title":"Partis politiques \u00a0: R\u00e9formes \u00e9conomiques et front patriotique au c\u0153ur des pr\u00e9occupations - La Sentinelle","robots":{"index":"index","follow":"follow","max-snippet":"max-snippet:-1","max-image-preview":"max-image-preview:large","max-video-preview":"max-video-preview:-1"},"canonical":"https:\/\/lasentinelle.dz\/index.php\/2025\/05\/31\/partis-politiques-reformes-economiques-et-front-patriotique-au-coeur-des-preoccupations\/","og_locale":"fr_FR","og_type":"article","og_title":"Partis politiques \u00a0: R\u00e9formes \u00e9conomiques et front patriotique au c\u0153ur des pr\u00e9occupations - La Sentinelle","og_description":"La sc\u00e8ne politique s&rsquo;anime comme chaque week-end. Deux dossiers majeurs ont domin\u00e9 les discours des responsables politiques : la souverainet\u00e9","og_url":"https:\/\/lasentinelle.dz\/index.php\/2025\/05\/31\/partis-politiques-reformes-economiques-et-front-patriotique-au-coeur-des-preoccupations\/","og_site_name":"La Sentinelle","article_publisher":"https:\/\/www.facebook.com\/La-Sentinelle-104059864394773","article_published_time":"2025-05-31T20:13:01+00:00","article_modified_time":"2025-05-31T20:13:02+00:00","og_image":[{"width":1047,"height":655,"url":"https:\/\/lasentinelle.dz\/wp-content\/uploads\/2025\/05\/aouchiche-bengrina.png","type":"image\/png"}],"author":"admin","twitter_card":"summary_large_image","twitter_misc":{"\u00c9crit par":"admin","Dur\u00e9e de lecture estim\u00e9e":"4 minutes"},"schema":{"@context":"https:\/\/schema.org","@graph":[{"@type":"Article","@id":"https:\/\/lasentinelle.dz\/index.php\/2025\/05\/31\/partis-politiques-reformes-economiques-et-front-patriotique-au-coeur-des-preoccupations\/#article","isPartOf":{"@id":"https:\/\/lasentinelle.dz\/index.php\/2025\/05\/31\/partis-politiques-reformes-economiques-et-front-patriotique-au-coeur-des-preoccupations\/"},"author":{"name":"admin","@id":"https:\/\/lasentinelle.dz\/#\/schema\/person\/729ee0024f24e0b8c5ec17232f8e8b41"},"headline":"Partis politiques \u00a0: R\u00e9formes \u00e9conomiques et front patriotique au c\u0153ur des pr\u00e9occupations","datePublished":"2025-05-31T20:13:01+00:00","dateModified":"2025-05-31T20:13:02+00:00","mainEntityOfPage":{"@id":"https:\/\/lasentinelle.dz\/index.php\/2025\/05\/31\/partis-politiques-reformes-economiques-et-front-patriotique-au-coeur-des-preoccupations\/"},"wordCount":675,"commentCount":0,"publisher":{"@id":"https:\/\/lasentinelle.dz\/#organization"},"image":{"@id":"https:\/\/lasentinelle.dz\/index.php\/2025\/05\/31\/partis-politiques-reformes-economiques-et-front-patriotique-au-coeur-des-preoccupations\/#primaryimage"},"thumbnailUrl":"https:\/\/lasentinelle.dz\/wp-content\/uploads\/2025\/05\/aouchiche-bengrina.png","articleSection":["Politique"],"inLanguage":"fr-FR","potentialAction":[{"@type":"CommentAction","name":"Comment","target":["https:\/\/lasentinelle.dz\/index.php\/2025\/05\/31\/partis-politiques-reformes-economiques-et-front-patriotique-au-coeur-des-preoccupations\/#respond"]}]},{"@type":"WebPage","@id":"https:\/\/lasentinelle.dz\/index.php\/2025\/05\/31\/partis-politiques-reformes-economiques-et-front-patriotique-au-coeur-des-preoccupations\/","url":"https:\/\/lasentinelle.dz\/index.php\/2025\/05\/31\/partis-politiques-reformes-economiques-et-front-patriotique-au-coeur-des-preoccupations\/","name":"Partis politiques \u00a0: R\u00e9formes \u00e9conomiques et front patriotique au c\u0153ur des pr\u00e9occupations - La Sentinelle","isPartOf":{"@id":"https:\/\/lasentinelle.dz\/#website"},"primaryImageOfPage":{"@id":"https:\/\/lasentinelle.dz\/index.php\/2025\/05\/31\/partis-politiques-reformes-economiques-et-front-patriotique-au-coeur-des-preoccupations\/#primaryimage"},"image":{"@id":"https:\/\/lasentinelle.dz\/index.php\/2025\/05\/31\/partis-politiques-reformes-economiques-et-front-patriotique-au-coeur-des-preoccupations\/#primaryimage"},"thumbnailUrl":"https:\/\/lasentinelle.dz\/wp-content\/uploads\/2025\/05\/aouchiche-bengrina.png","datePublished":"2025-05-31T20:13:01+00:00","dateModified":"2025-05-31T20:13:02+00:00","breadcrumb":{"@id":"https:\/\/lasentinelle.dz\/index.php\/2025\/05\/31\/partis-politiques-reformes-economiques-et-front-patriotique-au-coeur-des-preoccupations\/#breadcrumb"},"inLanguage":"fr-FR","potentialAction":[{"@type":"ReadAction","target":["https:\/\/lasentinelle.dz\/index.php\/2025\/05\/31\/partis-politiques-reformes-economiques-et-front-patriotique-au-coeur-des-preoccupations\/"]}]},{"@type":"ImageObject","inLanguage":"fr-FR","@id":"https:\/\/lasentinelle.dz\/index.php\/2025\/05\/31\/partis-politiques-reformes-economiques-et-front-patriotique-au-coeur-des-preoccupations\/#primaryimage","url":"https:\/\/lasentinelle.dz\/wp-content\/uploads\/2025\/05\/aouchiche-bengrina.png","contentUrl":"https:\/\/lasentinelle.dz\/wp-content\/uploads\/2025\/05\/aouchiche-bengrina.png","width":1047,"height":655},{"@type":"BreadcrumbList","@id":"https:\/\/lasentinelle.dz\/index.php\/2025\/05\/31\/partis-politiques-reformes-economiques-et-front-patriotique-au-coeur-des-preoccupations\/#breadcrumb","itemListElement":[{"@type":"ListItem","position":1,"name":"Accueil","item":"https:\/\/lasentinelle.dz\/"},{"@type":"ListItem","position":2,"name":"Partis politiques \u00a0: R\u00e9formes \u00e9conomiques et front patriotique au c\u0153ur des pr\u00e9occupations"}]},{"@type":"WebSite","@id":"https:\/\/lasentinelle.dz\/#website","url":"https:\/\/lasentinelle.dz\/","name":"La Sentinelle","description":"Quotidien national d&#039;information","publisher":{"@id":"https:\/\/lasentinelle.dz\/#organization"},"potentialAction":[{"@type":"SearchAction","target":{"@type":"EntryPoint","urlTemplate":"https:\/\/lasentinelle.dz\/?s={search_term_string}"},"query-input":{"@type":"PropertyValueSpecification","valueRequired":true,"valueName":"search_term_string"}}],"inLanguage":"fr-FR"},{"@type":"Organization","@id":"https:\/\/lasentinelle.dz\/#organization","name":"Quotidien La Sentinelle","url":"https:\/\/lasentinelle.dz\/","logo":{"@type":"ImageObject","inLanguage":"fr-FR","@id":"https:\/\/lasentinelle.dz\/#\/schema\/logo\/image\/","url":"https:\/\/lasentinelle.dz\/wp-content\/uploads\/2021\/09\/logo-sentinelleSLOGAN-1.png","contentUrl":"https:\/\/lasentinelle.dz\/wp-content\/uploads\/2021\/09\/logo-sentinelleSLOGAN-1.png","width":615,"height":142,"caption":"Quotidien La Sentinelle"},"image":{"@id":"https:\/\/lasentinelle.dz\/#\/schema\/logo\/image\/"},"sameAs":["https:\/\/www.facebook.com\/La-Sentinelle-104059864394773"]},{"@type":"Person","@id":"https:\/\/lasentinelle.dz\/#\/schema\/person\/729ee0024f24e0b8c5ec17232f8e8b41","name":"admin","image":{"@type":"ImageObject","inLanguage":"fr-FR","@id":"https:\/\/secure.gravatar.com\/avatar\/4c81fed838786e9b53f540bf46533e750f5d292099ae3b66cfc6fb1982e29df7?s=96&d=mm&r=g","url":"https:\/\/secure.gravatar.com\/avatar\/4c81fed838786e9b53f540bf46533e750f5d292099ae3b66cfc6fb1982e29df7?s=96&d=mm&r=g","contentUrl":"https:\/\/secure.gravatar.com\/avatar\/4c81fed838786e9b53f540bf46533e750f5d292099ae3b66cfc6fb1982e29df7?s=96&d=mm&r=g","caption":"admin"},"description":"admin","url":"https:\/\/lasentinelle.dz\/author\/admin\/"}]}},"_links":{"self":[{"href":"https:\/\/lasentinelle.dz\/index.php\/wp-json\/wp\/v2\/posts\/68253","targetHints":{"allow":["GET"]}}],"collection":[{"href":"https:\/\/lasentinelle.dz\/index.php\/wp-json\/wp\/v2\/posts"}],"about":[{"href":"https:\/\/lasentinelle.dz\/index.php\/wp-json\/wp\/v2\/types\/post"}],"author":[{"embeddable":true,"href":"https:\/\/lasentinelle.dz\/index.php\/wp-json\/wp\/v2\/users\/6"}],"replies":[{"embeddable":true,"href":"https:\/\/lasentinelle.dz\/index.php\/wp-json\/wp\/v2\/comments?post=68253"}],"version-history":[{"count":1,"href":"https:\/\/lasentinelle.dz\/index.php\/wp-json\/wp\/v2\/posts\/68253\/revisions"}],"predecessor-version":[{"id":68255,"href":"https:\/\/lasentinelle.dz\/index.php\/wp-json\/wp\/v2\/posts\/68253\/revisions\/68255"}],"wp:featuredmedia":[{"embeddable":true,"href":"https:\/\/lasentinelle.dz\/index.php\/wp-json\/wp\/v2\/media\/68254"}],"wp:attachment":[{"href":"https:\/\/lasentinelle.dz\/index.php\/wp-json\/wp\/v2\/media?parent=68253"}],"wp:term":[{"taxonomy":"category","embeddable":true,"href":"https:\/\/lasentinelle.dz\/index.php\/wp-json\/wp\/v2\/categories?post=68253"},{"taxonomy":"post_tag","embeddable":true,"href":"https:\/\/lasentinelle.dz\/index.php\/wp-json\/wp\/v2\/tags?post=68253"}],"curies":[{"name":"wp","href":"https:\/\/api.w.org\/{rel}","templated":true}]}}