{"id":68256,"date":"2025-05-31T21:13:58","date_gmt":"2025-05-31T20:13:58","guid":{"rendered":"https:\/\/lasentinelle.dz\/?p=68256"},"modified":"2025-05-31T21:13:58","modified_gmt":"2025-05-31T20:13:58","slug":"libye-alger-le-caire-et-tunis-appelle-a-accelerer-le-reglement-de-la-crise","status":"publish","type":"post","link":"https:\/\/lasentinelle.dz\/index.php\/2025\/05\/31\/libye-alger-le-caire-et-tunis-appelle-a-accelerer-le-reglement-de-la-crise\/","title":{"rendered":"Libye : Alger, le Caire et Tunis appelle \u00e0 acc\u00e9l\u00e9rer le r\u00e8glement de la crise"},"content":{"rendered":"\n<p>La r\u00e9union minist\u00e9rielle du M\u00e9canisme tripartite des pays voisins concernant la crise en Libye, tenue samedi au Caire, a appel\u00e9 \u00e0 acc\u00e9l\u00e9rer le r\u00e8glement de la crise libyenne et \u00e0 mettre fin \u00e0 la division politique pour \u00ab\u00a0\u00e9viter une nouvelle escalade, la propagation de la violence et du terrorisme et l&rsquo;extension du conflit\u00a0\u00bb, affirmant que \u00ab\u00a0la s\u00e9curit\u00e9 de la Libye participe de la s\u00e9curit\u00e9 des pays voisins\u00a0\u00bb.<\/p>\n\n\n\n<p>La d\u00e9t\u00e9rioration de la situation s\u00e9curitaire \u00e0 Tripoli et les \u00ab\u00a0d\u00e9veloppements graves\u00a0\u00bb que conna\u00eet actuellement la Libye ont pouss\u00e9 l&rsquo;Alg\u00e9rie, l&rsquo;\u00c9gypte et la Tunisie \u00e0 r\u00e9activer d&rsquo;urgence leur m\u00e9canisme de coordination tripartite. R\u00e9unis samedi au Caire, les ministres des Affaires \u00e9trang\u00e8res Ahmed Attaf, Badr Abdel-Atty et Mohamed Ali Nafti ont lanc\u00e9 un appel pressant pour \u00e9viter \u00ab\u00a0une nouvelle escalade, la propagation de la violence et du terrorisme et l&rsquo;extension du conflit\u00a0\u00bb.<\/p>\n\n\n\n<p>Pour les trois pays voisins, l&rsquo;enjeu d\u00e9passe largement les fronti\u00e8res libyennes. \u00ab\u00a0La s\u00e9curit\u00e9 de la Libye fait partie int\u00e9grante de la s\u00e9curit\u00e9 des pays voisins\u00a0\u00bb, ont-ils martel\u00e9 dans leur communiqu\u00e9 conjoint, rappelant que leurs territoires subissent directement les retomb\u00e9es de l&rsquo;instabilit\u00e9 libyenne depuis plus d&rsquo;une d\u00e9cennie. Flux migratoires incontr\u00f4l\u00e9s, trafics d&rsquo;armes, infiltrations terroristes et contrebande constituent autant de menaces qui p\u00e8sent quotidiennement sur la s\u00e9curit\u00e9 r\u00e9gionale.<\/p>\n\n\n\n<p>Face \u00e0 la r\u00e9surgence des tensions \u00e0 Tripoli, les trois ministres ont exig\u00e9 de toutes les parties libyennes \u00ab\u00a0un arr\u00eat imm\u00e9diat de toute escalade\u00a0\u00bb et \u00ab\u00a0la plus grande retenue\u00a0\u00bb. Leur message est clair : la fragile tr\u00eave qui pr\u00e9valait depuis des mois ne doit pas voler en \u00e9clats au risque de replonger le pays dans le chaos. L&rsquo;Alg\u00e9rie, qui partage pr\u00e8s de 1000 kilom\u00e8tres de fronti\u00e8res avec la Libye, redoute particuli\u00e8rement un embrasement qui pourrait d\u00e9stabiliser toute la r\u00e9gion sah\u00e9lienne. Le communiqu\u00e9 final r\u00e9affirme \u00ab\u00a0l&rsquo;importance de faire pr\u00e9valoir les int\u00e9r\u00eats du peuple libyen fr\u00e8re, de pr\u00e9server ses capacit\u00e9s et ses biens, et de parvenir \u00e0 un consensus entre toutes les parties libyennes, sous l&rsquo;\u00e9gide des Nations Unies et avec l&rsquo;appui des pays voisins, en vue de mettre fin \u00e0 la division et de faire avancer le processus politique en Libye vers l&rsquo;unification des institutions et la tenue simultan\u00e9e des \u00e9lections l\u00e9gislatives et pr\u00e9sidentielle\u00a0\u00bb. Les ministres ont en outre insist\u00e9 sur \u00ab\u00a0la n\u00e9cessit\u00e9 d&rsquo;acc\u00e9l\u00e9rer le r\u00e8glement de la crise libyenne et de mettre fin \u00e0 la division politique pour \u00e9viter une nouvelle escalade, la propagation de la violence et du terrorisme et l&rsquo;extension du conflit\u00a0\u00bb, soulignant, \u00e0 cet \u00e9gard, que \u00ab\u00a0la s\u00e9curit\u00e9 de la Libye participe de la s\u00e9curit\u00e9 des pays voisins\u00a0\u00bb.<\/p>\n\n\n\n<p>Les trois capitales refusent cat\u00e9goriquement toute solution impos\u00e9e de l&rsquo;ext\u00e9rieur. \u00ab\u00a0Le processus politique doit rester purement libyen\u00a0\u00bb, ont-ils insist\u00e9, rejetant \u00ab\u00a0toute forme d&rsquo;ing\u00e9rence \u00e9trang\u00e8re susceptible d&rsquo;attiser les tensions internes et de prolonger la crise\u00a0\u00bb. Cette position ferme vise directement les puissances r\u00e9gionales et internationales qui tentent d&rsquo;instrumentaliser le conflit libyen \u00e0 leurs propres fins g\u00e9opolitiques.<\/p>\n\n\n\n<p>La feuille de route propos\u00e9e par le trio maghr\u00e9bo-\u00e9gyptien mise sur l&rsquo;unification des institutions politiques et militaires libyennes, pr\u00e9alable indispensable \u00e0 l&rsquo;organisation d&rsquo;\u00e9lections simultan\u00e9es, l\u00e9gislatives et pr\u00e9sidentielles. Les ministres ont \u00e9galement soulign\u00e9 l&rsquo;urgence du retrait \u00ab\u00a0dans un d\u00e9lai d\u00e9termin\u00e9\u00a0\u00bb de toutes les forces \u00e9trang\u00e8res et mercenaires pr\u00e9sents sur le sol libyen, condition sine qua non pour stabiliser durablement le pays.<\/p>\n\n\n\n<p>Cette initiative diplomatique s&rsquo;inscrit dans une logique de proximit\u00e9 g\u00e9ographique et d&rsquo;interd\u00e9pendance s\u00e9curitaire. L&rsquo;Alg\u00e9rie accueillera la prochaine r\u00e9union de ce m\u00e9canisme tripartite, puis la Tunisie, avant la fin 2025. Les trois pays entendent ainsi maintenir une pression diplomatique constante pour \u00e9viter que leur voisin libyen ne sombre \u00e0 nouveau dans une guerre aux cons\u00e9quences r\u00e9gionales d\u00e9sastreuses.<\/p>\n\n\n\n<p>Salim Amokrane<\/p>\n","protected":false},"excerpt":{"rendered":"<p>La r\u00e9union minist\u00e9rielle du M\u00e9canisme tripartite des pays voisins concernant la crise en Libye, tenue samedi au Caire, a appel\u00e9<\/p>\n","protected":false},"author":6,"featured_media":68257,"comment_status":"open","ping_status":"closed","sticky":false,"template":"","format":"standard","meta":{"colormag_page_container_layout":"default_layout","colormag_page_sidebar_layout":"default_layout","om_disable_all_campaigns":false,"_monsterinsights_skip_tracking":false,"_monsterinsights_sitenote_active":false,"_monsterinsights_sitenote_note":"","_monsterinsights_sitenote_category":0,"footnotes":"","_wpscppro_dont_share_socialmedia":false,"_wpscppro_custom_social_share_image":0,"_facebook_share_type":"default","_twitter_share_type":"default","_linkedin_share_type":"default","_pinterest_share_type":"default","_linkedin_share_type_page":"","_instagram_share_type":"default","_medium_share_type":"default","_threads_share_type":"","_google_business_share_type":"","_selected_social_profile":[],"_wpsp_enable_custom_social_template":false,"_wpsp_social_scheduling":{"enabled":false,"datetime":null,"platforms":[],"status":"template_only","dateOption":"today","timeOption":"now","customDays":"","customHours":"","customDate":"","customTime":"","schedulingType":"absolute"},"_wpsp_active_default_template":true},"categories":[52,27],"tags":[],"class_list":["post-68256","post","type-post","status-publish","format-standard","has-post-thumbnail","hentry","category-a-la-une","category-actualite"],"aioseo_notices":[],"yoast_head":"<!-- This site is optimized with the Yoast SEO plugin v27.5 - https:\/\/yoast.com\/product\/yoast-seo-wordpress\/ -->\n<title>Libye : Alger, le Caire et Tunis appelle \u00e0 acc\u00e9l\u00e9rer le r\u00e8glement de la crise - La Sentinelle<\/title>\n<meta name=\"robots\" content=\"index, follow, max-snippet:-1, max-image-preview:large, max-video-preview:-1\" \/>\n<link rel=\"canonical\" href=\"https:\/\/lasentinelle.dz\/index.php\/2025\/05\/31\/libye-alger-le-caire-et-tunis-appelle-a-accelerer-le-reglement-de-la-crise\/\" \/>\n<meta property=\"og:locale\" content=\"fr_FR\" \/>\n<meta property=\"og:type\" content=\"article\" \/>\n<meta property=\"og:title\" content=\"Libye : Alger, le Caire et Tunis appelle \u00e0 acc\u00e9l\u00e9rer le r\u00e8glement de la crise - La Sentinelle\" \/>\n<meta property=\"og:description\" content=\"La r\u00e9union minist\u00e9rielle du M\u00e9canisme tripartite des pays voisins concernant la crise en Libye, tenue samedi au Caire, a appel\u00e9\" \/>\n<meta property=\"og:url\" content=\"https:\/\/lasentinelle.dz\/index.php\/2025\/05\/31\/libye-alger-le-caire-et-tunis-appelle-a-accelerer-le-reglement-de-la-crise\/\" \/>\n<meta property=\"og:site_name\" content=\"La Sentinelle\" \/>\n<meta property=\"article:publisher\" content=\"https:\/\/www.facebook.com\/La-Sentinelle-104059864394773\" \/>\n<meta property=\"article:published_time\" content=\"2025-05-31T20:13:58+00:00\" \/>\n<meta property=\"og:image\" content=\"https:\/\/lasentinelle.dz\/wp-content\/uploads\/2025\/05\/reunion-tripartite.jpg\" \/>\n\t<meta property=\"og:image:width\" content=\"2048\" \/>\n\t<meta property=\"og:image:height\" content=\"1322\" \/>\n\t<meta property=\"og:image:type\" content=\"image\/jpeg\" \/>\n<meta name=\"author\" content=\"admin\" \/>\n<meta name=\"twitter:card\" content=\"summary_large_image\" \/>\n<meta name=\"twitter:label1\" content=\"\u00c9crit par\" \/>\n\t<meta name=\"twitter:data1\" content=\"admin\" \/>\n\t<meta name=\"twitter:label2\" content=\"Dur\u00e9e de lecture estim\u00e9e\" \/>\n\t<meta name=\"twitter:data2\" content=\"4 minutes\" \/>\n<script type=\"application\/ld+json\" class=\"yoast-schema-graph\">{\"@context\":\"https:\\\/\\\/schema.org\",\"@graph\":[{\"@type\":\"Article\",\"@id\":\"https:\\\/\\\/lasentinelle.dz\\\/index.php\\\/2025\\\/05\\\/31\\\/libye-alger-le-caire-et-tunis-appelle-a-accelerer-le-reglement-de-la-crise\\\/#article\",\"isPartOf\":{\"@id\":\"https:\\\/\\\/lasentinelle.dz\\\/index.php\\\/2025\\\/05\\\/31\\\/libye-alger-le-caire-et-tunis-appelle-a-accelerer-le-reglement-de-la-crise\\\/\"},\"author\":{\"name\":\"admin\",\"@id\":\"https:\\\/\\\/lasentinelle.dz\\\/#\\\/schema\\\/person\\\/729ee0024f24e0b8c5ec17232f8e8b41\"},\"headline\":\"Libye : Alger, le Caire et Tunis appelle \u00e0 acc\u00e9l\u00e9rer le r\u00e8glement de la crise\",\"datePublished\":\"2025-05-31T20:13:58+00:00\",\"mainEntityOfPage\":{\"@id\":\"https:\\\/\\\/lasentinelle.dz\\\/index.php\\\/2025\\\/05\\\/31\\\/libye-alger-le-caire-et-tunis-appelle-a-accelerer-le-reglement-de-la-crise\\\/\"},\"wordCount\":700,\"commentCount\":0,\"publisher\":{\"@id\":\"https:\\\/\\\/lasentinelle.dz\\\/#organization\"},\"image\":{\"@id\":\"https:\\\/\\\/lasentinelle.dz\\\/index.php\\\/2025\\\/05\\\/31\\\/libye-alger-le-caire-et-tunis-appelle-a-accelerer-le-reglement-de-la-crise\\\/#primaryimage\"},\"thumbnailUrl\":\"https:\\\/\\\/lasentinelle.dz\\\/wp-content\\\/uploads\\\/2025\\\/05\\\/reunion-tripartite.jpg\",\"articleSection\":[\"\u00c0 la Une\",\"Actualit\u00e9\"],\"inLanguage\":\"fr-FR\",\"potentialAction\":[{\"@type\":\"CommentAction\",\"name\":\"Comment\",\"target\":[\"https:\\\/\\\/lasentinelle.dz\\\/index.php\\\/2025\\\/05\\\/31\\\/libye-alger-le-caire-et-tunis-appelle-a-accelerer-le-reglement-de-la-crise\\\/#respond\"]}]},{\"@type\":\"WebPage\",\"@id\":\"https:\\\/\\\/lasentinelle.dz\\\/index.php\\\/2025\\\/05\\\/31\\\/libye-alger-le-caire-et-tunis-appelle-a-accelerer-le-reglement-de-la-crise\\\/\",\"url\":\"https:\\\/\\\/lasentinelle.dz\\\/index.php\\\/2025\\\/05\\\/31\\\/libye-alger-le-caire-et-tunis-appelle-a-accelerer-le-reglement-de-la-crise\\\/\",\"name\":\"Libye : Alger, le Caire et Tunis appelle \u00e0 acc\u00e9l\u00e9rer le r\u00e8glement de la crise - La Sentinelle\",\"isPartOf\":{\"@id\":\"https:\\\/\\\/lasentinelle.dz\\\/#website\"},\"primaryImageOfPage\":{\"@id\":\"https:\\\/\\\/lasentinelle.dz\\\/index.php\\\/2025\\\/05\\\/31\\\/libye-alger-le-caire-et-tunis-appelle-a-accelerer-le-reglement-de-la-crise\\\/#primaryimage\"},\"image\":{\"@id\":\"https:\\\/\\\/lasentinelle.dz\\\/index.php\\\/2025\\\/05\\\/31\\\/libye-alger-le-caire-et-tunis-appelle-a-accelerer-le-reglement-de-la-crise\\\/#primaryimage\"},\"thumbnailUrl\":\"https:\\\/\\\/lasentinelle.dz\\\/wp-content\\\/uploads\\\/2025\\\/05\\\/reunion-tripartite.jpg\",\"datePublished\":\"2025-05-31T20:13:58+00:00\",\"breadcrumb\":{\"@id\":\"https:\\\/\\\/lasentinelle.dz\\\/index.php\\\/2025\\\/05\\\/31\\\/libye-alger-le-caire-et-tunis-appelle-a-accelerer-le-reglement-de-la-crise\\\/#breadcrumb\"},\"inLanguage\":\"fr-FR\",\"potentialAction\":[{\"@type\":\"ReadAction\",\"target\":[\"https:\\\/\\\/lasentinelle.dz\\\/index.php\\\/2025\\\/05\\\/31\\\/libye-alger-le-caire-et-tunis-appelle-a-accelerer-le-reglement-de-la-crise\\\/\"]}]},{\"@type\":\"ImageObject\",\"inLanguage\":\"fr-FR\",\"@id\":\"https:\\\/\\\/lasentinelle.dz\\\/index.php\\\/2025\\\/05\\\/31\\\/libye-alger-le-caire-et-tunis-appelle-a-accelerer-le-reglement-de-la-crise\\\/#primaryimage\",\"url\":\"https:\\\/\\\/lasentinelle.dz\\\/wp-content\\\/uploads\\\/2025\\\/05\\\/reunion-tripartite.jpg\",\"contentUrl\":\"https:\\\/\\\/lasentinelle.dz\\\/wp-content\\\/uploads\\\/2025\\\/05\\\/reunion-tripartite.jpg\",\"width\":2048,\"height\":1322},{\"@type\":\"BreadcrumbList\",\"@id\":\"https:\\\/\\\/lasentinelle.dz\\\/index.php\\\/2025\\\/05\\\/31\\\/libye-alger-le-caire-et-tunis-appelle-a-accelerer-le-reglement-de-la-crise\\\/#breadcrumb\",\"itemListElement\":[{\"@type\":\"ListItem\",\"position\":1,\"name\":\"Accueil\",\"item\":\"https:\\\/\\\/lasentinelle.dz\\\/\"},{\"@type\":\"ListItem\",\"position\":2,\"name\":\"Libye : Alger, le Caire et Tunis appelle \u00e0 acc\u00e9l\u00e9rer le r\u00e8glement de la crise\"}]},{\"@type\":\"WebSite\",\"@id\":\"https:\\\/\\\/lasentinelle.dz\\\/#website\",\"url\":\"https:\\\/\\\/lasentinelle.dz\\\/\",\"name\":\"La Sentinelle\",\"description\":\"Quotidien national d&#039;information\",\"publisher\":{\"@id\":\"https:\\\/\\\/lasentinelle.dz\\\/#organization\"},\"potentialAction\":[{\"@type\":\"SearchAction\",\"target\":{\"@type\":\"EntryPoint\",\"urlTemplate\":\"https:\\\/\\\/lasentinelle.dz\\\/?s={search_term_string}\"},\"query-input\":{\"@type\":\"PropertyValueSpecification\",\"valueRequired\":true,\"valueName\":\"search_term_string\"}}],\"inLanguage\":\"fr-FR\"},{\"@type\":\"Organization\",\"@id\":\"https:\\\/\\\/lasentinelle.dz\\\/#organization\",\"name\":\"Quotidien La Sentinelle\",\"url\":\"https:\\\/\\\/lasentinelle.dz\\\/\",\"logo\":{\"@type\":\"ImageObject\",\"inLanguage\":\"fr-FR\",\"@id\":\"https:\\\/\\\/lasentinelle.dz\\\/#\\\/schema\\\/logo\\\/image\\\/\",\"url\":\"https:\\\/\\\/lasentinelle.dz\\\/wp-content\\\/uploads\\\/2021\\\/09\\\/logo-sentinelleSLOGAN-1.png\",\"contentUrl\":\"https:\\\/\\\/lasentinelle.dz\\\/wp-content\\\/uploads\\\/2021\\\/09\\\/logo-sentinelleSLOGAN-1.png\",\"width\":615,\"height\":142,\"caption\":\"Quotidien La Sentinelle\"},\"image\":{\"@id\":\"https:\\\/\\\/lasentinelle.dz\\\/#\\\/schema\\\/logo\\\/image\\\/\"},\"sameAs\":[\"https:\\\/\\\/www.facebook.com\\\/La-Sentinelle-104059864394773\"]},{\"@type\":\"Person\",\"@id\":\"https:\\\/\\\/lasentinelle.dz\\\/#\\\/schema\\\/person\\\/729ee0024f24e0b8c5ec17232f8e8b41\",\"name\":\"admin\",\"image\":{\"@type\":\"ImageObject\",\"inLanguage\":\"fr-FR\",\"@id\":\"https:\\\/\\\/secure.gravatar.com\\\/avatar\\\/4c81fed838786e9b53f540bf46533e750f5d292099ae3b66cfc6fb1982e29df7?s=96&d=mm&r=g\",\"url\":\"https:\\\/\\\/secure.gravatar.com\\\/avatar\\\/4c81fed838786e9b53f540bf46533e750f5d292099ae3b66cfc6fb1982e29df7?s=96&d=mm&r=g\",\"contentUrl\":\"https:\\\/\\\/secure.gravatar.com\\\/avatar\\\/4c81fed838786e9b53f540bf46533e750f5d292099ae3b66cfc6fb1982e29df7?s=96&d=mm&r=g\",\"caption\":\"admin\"},\"description\":\"admin\",\"url\":\"https:\\\/\\\/lasentinelle.dz\\\/author\\\/admin\\\/\"}]}<\/script>\n<!-- \/ Yoast SEO plugin. -->","yoast_head_json":{"title":"Libye : Alger, le Caire et Tunis appelle \u00e0 acc\u00e9l\u00e9rer le r\u00e8glement de la crise - La Sentinelle","robots":{"index":"index","follow":"follow","max-snippet":"max-snippet:-1","max-image-preview":"max-image-preview:large","max-video-preview":"max-video-preview:-1"},"canonical":"https:\/\/lasentinelle.dz\/index.php\/2025\/05\/31\/libye-alger-le-caire-et-tunis-appelle-a-accelerer-le-reglement-de-la-crise\/","og_locale":"fr_FR","og_type":"article","og_title":"Libye : Alger, le Caire et Tunis appelle \u00e0 acc\u00e9l\u00e9rer le r\u00e8glement de la crise - La Sentinelle","og_description":"La r\u00e9union minist\u00e9rielle du M\u00e9canisme tripartite des pays voisins concernant la crise en Libye, tenue samedi au Caire, a appel\u00e9","og_url":"https:\/\/lasentinelle.dz\/index.php\/2025\/05\/31\/libye-alger-le-caire-et-tunis-appelle-a-accelerer-le-reglement-de-la-crise\/","og_site_name":"La Sentinelle","article_publisher":"https:\/\/www.facebook.com\/La-Sentinelle-104059864394773","article_published_time":"2025-05-31T20:13:58+00:00","og_image":[{"width":2048,"height":1322,"url":"https:\/\/lasentinelle.dz\/wp-content\/uploads\/2025\/05\/reunion-tripartite.jpg","type":"image\/jpeg"}],"author":"admin","twitter_card":"summary_large_image","twitter_misc":{"\u00c9crit par":"admin","Dur\u00e9e de lecture estim\u00e9e":"4 minutes"},"schema":{"@context":"https:\/\/schema.org","@graph":[{"@type":"Article","@id":"https:\/\/lasentinelle.dz\/index.php\/2025\/05\/31\/libye-alger-le-caire-et-tunis-appelle-a-accelerer-le-reglement-de-la-crise\/#article","isPartOf":{"@id":"https:\/\/lasentinelle.dz\/index.php\/2025\/05\/31\/libye-alger-le-caire-et-tunis-appelle-a-accelerer-le-reglement-de-la-crise\/"},"author":{"name":"admin","@id":"https:\/\/lasentinelle.dz\/#\/schema\/person\/729ee0024f24e0b8c5ec17232f8e8b41"},"headline":"Libye : Alger, le Caire et Tunis appelle \u00e0 acc\u00e9l\u00e9rer le r\u00e8glement de la crise","datePublished":"2025-05-31T20:13:58+00:00","mainEntityOfPage":{"@id":"https:\/\/lasentinelle.dz\/index.php\/2025\/05\/31\/libye-alger-le-caire-et-tunis-appelle-a-accelerer-le-reglement-de-la-crise\/"},"wordCount":700,"commentCount":0,"publisher":{"@id":"https:\/\/lasentinelle.dz\/#organization"},"image":{"@id":"https:\/\/lasentinelle.dz\/index.php\/2025\/05\/31\/libye-alger-le-caire-et-tunis-appelle-a-accelerer-le-reglement-de-la-crise\/#primaryimage"},"thumbnailUrl":"https:\/\/lasentinelle.dz\/wp-content\/uploads\/2025\/05\/reunion-tripartite.jpg","articleSection":["\u00c0 la Une","Actualit\u00e9"],"inLanguage":"fr-FR","potentialAction":[{"@type":"CommentAction","name":"Comment","target":["https:\/\/lasentinelle.dz\/index.php\/2025\/05\/31\/libye-alger-le-caire-et-tunis-appelle-a-accelerer-le-reglement-de-la-crise\/#respond"]}]},{"@type":"WebPage","@id":"https:\/\/lasentinelle.dz\/index.php\/2025\/05\/31\/libye-alger-le-caire-et-tunis-appelle-a-accelerer-le-reglement-de-la-crise\/","url":"https:\/\/lasentinelle.dz\/index.php\/2025\/05\/31\/libye-alger-le-caire-et-tunis-appelle-a-accelerer-le-reglement-de-la-crise\/","name":"Libye : Alger, le Caire et Tunis appelle \u00e0 acc\u00e9l\u00e9rer le r\u00e8glement de la crise - La Sentinelle","isPartOf":{"@id":"https:\/\/lasentinelle.dz\/#website"},"primaryImageOfPage":{"@id":"https:\/\/lasentinelle.dz\/index.php\/2025\/05\/31\/libye-alger-le-caire-et-tunis-appelle-a-accelerer-le-reglement-de-la-crise\/#primaryimage"},"image":{"@id":"https:\/\/lasentinelle.dz\/index.php\/2025\/05\/31\/libye-alger-le-caire-et-tunis-appelle-a-accelerer-le-reglement-de-la-crise\/#primaryimage"},"thumbnailUrl":"https:\/\/lasentinelle.dz\/wp-content\/uploads\/2025\/05\/reunion-tripartite.jpg","datePublished":"2025-05-31T20:13:58+00:00","breadcrumb":{"@id":"https:\/\/lasentinelle.dz\/index.php\/2025\/05\/31\/libye-alger-le-caire-et-tunis-appelle-a-accelerer-le-reglement-de-la-crise\/#breadcrumb"},"inLanguage":"fr-FR","potentialAction":[{"@type":"ReadAction","target":["https:\/\/lasentinelle.dz\/index.php\/2025\/05\/31\/libye-alger-le-caire-et-tunis-appelle-a-accelerer-le-reglement-de-la-crise\/"]}]},{"@type":"ImageObject","inLanguage":"fr-FR","@id":"https:\/\/lasentinelle.dz\/index.php\/2025\/05\/31\/libye-alger-le-caire-et-tunis-appelle-a-accelerer-le-reglement-de-la-crise\/#primaryimage","url":"https:\/\/lasentinelle.dz\/wp-content\/uploads\/2025\/05\/reunion-tripartite.jpg","contentUrl":"https:\/\/lasentinelle.dz\/wp-content\/uploads\/2025\/05\/reunion-tripartite.jpg","width":2048,"height":1322},{"@type":"BreadcrumbList","@id":"https:\/\/lasentinelle.dz\/index.php\/2025\/05\/31\/libye-alger-le-caire-et-tunis-appelle-a-accelerer-le-reglement-de-la-crise\/#breadcrumb","itemListElement":[{"@type":"ListItem","position":1,"name":"Accueil","item":"https:\/\/lasentinelle.dz\/"},{"@type":"ListItem","position":2,"name":"Libye : Alger, le Caire et Tunis appelle \u00e0 acc\u00e9l\u00e9rer le r\u00e8glement de la crise"}]},{"@type":"WebSite","@id":"https:\/\/lasentinelle.dz\/#website","url":"https:\/\/lasentinelle.dz\/","name":"La Sentinelle","description":"Quotidien national d&#039;information","publisher":{"@id":"https:\/\/lasentinelle.dz\/#organization"},"potentialAction":[{"@type":"SearchAction","target":{"@type":"EntryPoint","urlTemplate":"https:\/\/lasentinelle.dz\/?s={search_term_string}"},"query-input":{"@type":"PropertyValueSpecification","valueRequired":true,"valueName":"search_term_string"}}],"inLanguage":"fr-FR"},{"@type":"Organization","@id":"https:\/\/lasentinelle.dz\/#organization","name":"Quotidien La Sentinelle","url":"https:\/\/lasentinelle.dz\/","logo":{"@type":"ImageObject","inLanguage":"fr-FR","@id":"https:\/\/lasentinelle.dz\/#\/schema\/logo\/image\/","url":"https:\/\/lasentinelle.dz\/wp-content\/uploads\/2021\/09\/logo-sentinelleSLOGAN-1.png","contentUrl":"https:\/\/lasentinelle.dz\/wp-content\/uploads\/2021\/09\/logo-sentinelleSLOGAN-1.png","width":615,"height":142,"caption":"Quotidien La Sentinelle"},"image":{"@id":"https:\/\/lasentinelle.dz\/#\/schema\/logo\/image\/"},"sameAs":["https:\/\/www.facebook.com\/La-Sentinelle-104059864394773"]},{"@type":"Person","@id":"https:\/\/lasentinelle.dz\/#\/schema\/person\/729ee0024f24e0b8c5ec17232f8e8b41","name":"admin","image":{"@type":"ImageObject","inLanguage":"fr-FR","@id":"https:\/\/secure.gravatar.com\/avatar\/4c81fed838786e9b53f540bf46533e750f5d292099ae3b66cfc6fb1982e29df7?s=96&d=mm&r=g","url":"https:\/\/secure.gravatar.com\/avatar\/4c81fed838786e9b53f540bf46533e750f5d292099ae3b66cfc6fb1982e29df7?s=96&d=mm&r=g","contentUrl":"https:\/\/secure.gravatar.com\/avatar\/4c81fed838786e9b53f540bf46533e750f5d292099ae3b66cfc6fb1982e29df7?s=96&d=mm&r=g","caption":"admin"},"description":"admin","url":"https:\/\/lasentinelle.dz\/author\/admin\/"}]}},"_links":{"self":[{"href":"https:\/\/lasentinelle.dz\/index.php\/wp-json\/wp\/v2\/posts\/68256","targetHints":{"allow":["GET"]}}],"collection":[{"href":"https:\/\/lasentinelle.dz\/index.php\/wp-json\/wp\/v2\/posts"}],"about":[{"href":"https:\/\/lasentinelle.dz\/index.php\/wp-json\/wp\/v2\/types\/post"}],"author":[{"embeddable":true,"href":"https:\/\/lasentinelle.dz\/index.php\/wp-json\/wp\/v2\/users\/6"}],"replies":[{"embeddable":true,"href":"https:\/\/lasentinelle.dz\/index.php\/wp-json\/wp\/v2\/comments?post=68256"}],"version-history":[{"count":1,"href":"https:\/\/lasentinelle.dz\/index.php\/wp-json\/wp\/v2\/posts\/68256\/revisions"}],"predecessor-version":[{"id":68258,"href":"https:\/\/lasentinelle.dz\/index.php\/wp-json\/wp\/v2\/posts\/68256\/revisions\/68258"}],"wp:featuredmedia":[{"embeddable":true,"href":"https:\/\/lasentinelle.dz\/index.php\/wp-json\/wp\/v2\/media\/68257"}],"wp:attachment":[{"href":"https:\/\/lasentinelle.dz\/index.php\/wp-json\/wp\/v2\/media?parent=68256"}],"wp:term":[{"taxonomy":"category","embeddable":true,"href":"https:\/\/lasentinelle.dz\/index.php\/wp-json\/wp\/v2\/categories?post=68256"},{"taxonomy":"post_tag","embeddable":true,"href":"https:\/\/lasentinelle.dz\/index.php\/wp-json\/wp\/v2\/tags?post=68256"}],"curies":[{"name":"wp","href":"https:\/\/api.w.org\/{rel}","templated":true}]}}