{"id":68266,"date":"2025-06-01T20:44:15","date_gmt":"2025-06-01T19:44:15","guid":{"rendered":"https:\/\/lasentinelle.dz\/?p=68266"},"modified":"2025-06-01T20:44:16","modified_gmt":"2025-06-01T19:44:16","slug":"les-autorites-marocaines-expulsent-les-participants-a-la-marche-de-la-liberte-le-harcelement-marocain-denonce","status":"publish","type":"post","link":"https:\/\/lasentinelle.dz\/index.php\/2025\/06\/01\/les-autorites-marocaines-expulsent-les-participants-a-la-marche-de-la-liberte-le-harcelement-marocain-denonce\/","title":{"rendered":"Les autorit\u00e9s marocaines expulsent les participants \u00e0 la \u00ab\u00a0Marche de la Libert\u00e9\u00a0\u00bb : Le harc\u00e8lement marocain d\u00e9nonc\u00e9"},"content":{"rendered":"\n<p>Les autorit\u00e9s marocaines ont proc\u00e9d\u00e9 samedi \u00e0 l&rsquo;expulsion forc\u00e9e des participants \u00e0 la \u00ab\u00a0Marche de la Libert\u00e9\u00a0\u00bb, conduite par la militante des droits de l&rsquo;homme Claude Mangin, leur interdisant de d\u00e9barquer du ferry \u00e0 destination de Tanger et les contraignant au rapatriement vers Alg\u00e9siras en Andalousie. Cette d\u00e9l\u00e9gation internationale tentait de se rendre \u00e0 la prison de K\u00e9nitra pour exiger la lib\u00e9ration des prisonniers politiques sahraouis d\u00e9tenus dans les ge\u00f4les marocaines, mais s&rsquo;est heurt\u00e9e \u00e0 un d\u00e9ploiement s\u00e9curitaire disproportionn\u00e9 r\u00e9v\u00e9lateur des m\u00e9thodes r\u00e9pressives du r\u00e9gime makhz\u00e9nien. Claude Mangin a indiqu\u00e9 dans une d\u00e9claration \u00e0 la presse que les autorit\u00e9s marocaines ont refus\u00e9 de d\u00e9livrer les documents relatifs au rapatriement pour expliquer les raisons de cette d\u00e9cision, contrairement \u00e0 l&rsquo;usage, et que la d\u00e9l\u00e9gation n&rsquo;a pas \u00e9t\u00e9 autoris\u00e9e \u00e0 quitter le ferry jusqu&rsquo;\u00e0 son retour \u00e0 Alg\u00e9siras. La r\u00e9tention de la d\u00e9l\u00e9gation par les \u00e9l\u00e9ments en civil de la police marocaine s&rsquo;est d\u00e9roul\u00e9e en pr\u00e9sence d&rsquo;\u00e9lus fran\u00e7ais et espagnols, lesquels ont \u00e9t\u00e9 t\u00e9moins de ces faits et ont photographi\u00e9 les dizaines de policiers marocains pr\u00e9sents \u00e0 bord du navire. La militante a d\u00e9nonc\u00e9 le harc\u00e8lement syst\u00e9matique subi d\u00e8s l&#8217;embarquement, expliquant que les participants ont \u00e9t\u00e9 photographi\u00e9s par les agents des services marocains, surveill\u00e9s de pr\u00e8s et soumis \u00e0 un contr\u00f4le renforc\u00e9 de leurs documents de voyage ainsi qu&rsquo;\u00e0 toute une s\u00e9rie d&rsquo;intimidations. Les membres de la d\u00e9l\u00e9gation ne pouvaient pas circuler librement sur le bateau et ont \u00e9t\u00e9 emp\u00each\u00e9s de prendre des photos, une photographe ayant m\u00eame \u00e9t\u00e9 agress\u00e9e et son t\u00e9l\u00e9phone arrach\u00e9. Claude Mangin a exprim\u00e9 son indignation face au fait que ces violences se soient produites sur un bateau espagnol et dans les eaux territoriales espagnoles, d\u00e9non\u00e7ant l&rsquo;impunit\u00e9 dont jouit le r\u00e9gime marocain m\u00eame en dehors de son territoire. Elle a estim\u00e9 que le Maroc avait l&rsquo;occasion de soigner son image mais ne l&rsquo;a pas saisie, montrant au contraire qu&rsquo;il demeure un pays dictatorial soutenu qui peut faire ce qu&rsquo;il veut, m\u00eame sur un bateau espagnol et dans les eaux territoriales espagnoles. La \u00ab\u00a0Marche de la Libert\u00e9\u00a0\u00bb, lanc\u00e9e le 30 mars dernier \u00e0 partir d&rsquo;Ivry en France, avait travers\u00e9 plusieurs villes fran\u00e7aises et espagnoles pendant deux mois de mobilisation avant d&rsquo;\u00eatre stopp\u00e9e net par les autorit\u00e9s marocaines. Cette initiative visait \u00e0 exiger du Maroc qu&rsquo;il se conforme aux d\u00e9cisions de l&rsquo;ONU sur la lib\u00e9ration des prisonniers sahraouis d\u00e9tenus arbitrairement et sur le droit de visite de Claude Mangin \u00e0 son mari Na\u00e2ma Asfari, prisonnier politique sahraoui du groupe Gdeim Izik condamn\u00e9 \u00e0 30 ans de prison en 2013 et d\u00e9tenu depuis 2010 \u00e0 K\u00e9nitra. Alain Buch, \u00e9lu de la commune fran\u00e7aise d&rsquo;Ivry-sur-Seine et membre de la d\u00e9l\u00e9gation, s&rsquo;est dit choqu\u00e9 de la r\u00e9action des autorit\u00e9s marocaines qui ont mobilis\u00e9 des forces de police en nombre consid\u00e9rable pour emp\u00eacher une poign\u00e9e d&rsquo;activistes de d\u00e9fendre le respect des droits de l&rsquo;homme. Il a qualifi\u00e9 cette r\u00e9action de d\u00e9mesur\u00e9e, estimant qu&rsquo;elle r\u00e9v\u00e8le la volont\u00e9 du r\u00e9gime de b\u00e2illonner tout le monde. Leila Bounebache, membre de l&rsquo;Association des amis de la R\u00e9publique arabe sahraouie et d\u00e9mocratique participante \u00e0 la marche, a exprim\u00e9 son fort \u00e9tonnement du nombre de policiers marocains en civil d\u00e9ploy\u00e9s sur un bateau espagnol. Elle a soulign\u00e9 que la d\u00e9l\u00e9gation a \u00e9t\u00e9 retenue sur le bateau sans explications alors qu&rsquo;elle se trouvait encore sur le territoire espagnol et a \u00e9t\u00e9 film\u00e9e par des policiers marocains, qualifiant cette situation de surprenante. Le repr\u00e9sentant du Front Polisario en Espagne, Abdulah Arabi, a condamn\u00e9 fermement l&rsquo;interdiction d&rsquo;entrer au Maroc impos\u00e9e aux membres de la marche et a d\u00e9nonc\u00e9 la violence grave avec laquelle cette entr\u00e9e a \u00e9t\u00e9 emp\u00each\u00e9e, affirmant que cette expulsion ne surprend ni le Front Polisario ni les organisateurs de la marche. La Commission sahraouie des droits de l&rsquo;homme a \u00e9galement condamn\u00e9 la d\u00e9cision du Makhzen d&rsquo;interdire l&rsquo;acc\u00e8s \u00e0 la \u00ab\u00a0Marche de la Libert\u00e9\u00a0\u00bb et la violence dont ont fait preuve ses services lors de l&rsquo;expulsion des participants. Exprimant sa solidarit\u00e9 avec les membres de la d\u00e9l\u00e9gation, la Commission sahraouie des droits de l&rsquo;homme a appel\u00e9 la communaut\u00e9 internationale \u00e0 assumer ses responsabilit\u00e9s et \u00e0 imposer le respect des droits de l&rsquo;homme dans les territoires sahraouis occup\u00e9s.<\/p>\n\n\n\n<p>L.S.<\/p>\n","protected":false},"excerpt":{"rendered":"<p>Les autorit\u00e9s marocaines ont proc\u00e9d\u00e9 samedi \u00e0 l&rsquo;expulsion forc\u00e9e des participants \u00e0 la \u00ab\u00a0Marche de la Libert\u00e9\u00a0\u00bb, conduite par la<\/p>\n","protected":false},"author":6,"featured_media":68267,"comment_status":"open","ping_status":"closed","sticky":false,"template":"","format":"standard","meta":{"colormag_page_container_layout":"default_layout","colormag_page_sidebar_layout":"default_layout","om_disable_all_campaigns":false,"_monsterinsights_skip_tracking":false,"_monsterinsights_sitenote_active":false,"_monsterinsights_sitenote_note":"","_monsterinsights_sitenote_category":0,"footnotes":"","_wpscppro_dont_share_socialmedia":false,"_wpscppro_custom_social_share_image":0,"_facebook_share_type":"default","_twitter_share_type":"default","_linkedin_share_type":"default","_pinterest_share_type":"default","_linkedin_share_type_page":"","_instagram_share_type":"default","_medium_share_type":"default","_threads_share_type":"","_google_business_share_type":"","_selected_social_profile":[],"_wpsp_enable_custom_social_template":false,"_wpsp_social_scheduling":{"enabled":false,"datetime":null,"platforms":[],"status":"template_only","dateOption":"today","timeOption":"now","customDays":"","customHours":"","customDate":"","customTime":"","schedulingType":"absolute"},"_wpsp_active_default_template":true},"categories":[37],"tags":[],"class_list":["post-68266","post","type-post","status-publish","format-standard","has-post-thumbnail","hentry","category-monde"],"aioseo_notices":[],"yoast_head":"<!-- This site is optimized with the Yoast SEO plugin v27.5 - https:\/\/yoast.com\/product\/yoast-seo-wordpress\/ -->\n<title>Les autorit\u00e9s marocaines expulsent les participants \u00e0 la \u00ab\u00a0Marche de la Libert\u00e9\u00a0\u00bb : Le harc\u00e8lement marocain d\u00e9nonc\u00e9 - La Sentinelle<\/title>\n<meta name=\"robots\" content=\"index, follow, max-snippet:-1, max-image-preview:large, max-video-preview:-1\" \/>\n<link rel=\"canonical\" href=\"https:\/\/lasentinelle.dz\/index.php\/2025\/06\/01\/les-autorites-marocaines-expulsent-les-participants-a-la-marche-de-la-liberte-le-harcelement-marocain-denonce\/\" \/>\n<meta property=\"og:locale\" content=\"fr_FR\" \/>\n<meta property=\"og:type\" content=\"article\" \/>\n<meta property=\"og:title\" content=\"Les autorit\u00e9s marocaines expulsent les participants \u00e0 la \u00ab\u00a0Marche de la Libert\u00e9\u00a0\u00bb : Le harc\u00e8lement marocain d\u00e9nonc\u00e9 - La Sentinelle\" \/>\n<meta property=\"og:description\" content=\"Les autorit\u00e9s marocaines ont proc\u00e9d\u00e9 samedi \u00e0 l&rsquo;expulsion forc\u00e9e des participants \u00e0 la \u00ab\u00a0Marche de la Libert\u00e9\u00a0\u00bb, conduite par la\" \/>\n<meta property=\"og:url\" content=\"https:\/\/lasentinelle.dz\/index.php\/2025\/06\/01\/les-autorites-marocaines-expulsent-les-participants-a-la-marche-de-la-liberte-le-harcelement-marocain-denonce\/\" \/>\n<meta property=\"og:site_name\" content=\"La Sentinelle\" \/>\n<meta property=\"article:publisher\" content=\"https:\/\/www.facebook.com\/La-Sentinelle-104059864394773\" \/>\n<meta property=\"article:published_time\" content=\"2025-06-01T19:44:15+00:00\" \/>\n<meta property=\"article:modified_time\" content=\"2025-06-01T19:44:16+00:00\" \/>\n<meta property=\"og:image\" content=\"https:\/\/lasentinelle.dz\/wp-content\/uploads\/2025\/06\/marche-de-la-liberte.jpg\" \/>\n\t<meta property=\"og:image:width\" content=\"759\" \/>\n\t<meta property=\"og:image:height\" content=\"506\" \/>\n\t<meta property=\"og:image:type\" content=\"image\/jpeg\" \/>\n<meta name=\"author\" content=\"admin\" \/>\n<meta name=\"twitter:card\" content=\"summary_large_image\" \/>\n<meta name=\"twitter:label1\" content=\"\u00c9crit par\" \/>\n\t<meta name=\"twitter:data1\" content=\"admin\" \/>\n\t<meta name=\"twitter:label2\" content=\"Dur\u00e9e de lecture estim\u00e9e\" \/>\n\t<meta name=\"twitter:data2\" content=\"4 minutes\" \/>\n<script type=\"application\/ld+json\" class=\"yoast-schema-graph\">{\"@context\":\"https:\\\/\\\/schema.org\",\"@graph\":[{\"@type\":\"Article\",\"@id\":\"https:\\\/\\\/lasentinelle.dz\\\/index.php\\\/2025\\\/06\\\/01\\\/les-autorites-marocaines-expulsent-les-participants-a-la-marche-de-la-liberte-le-harcelement-marocain-denonce\\\/#article\",\"isPartOf\":{\"@id\":\"https:\\\/\\\/lasentinelle.dz\\\/index.php\\\/2025\\\/06\\\/01\\\/les-autorites-marocaines-expulsent-les-participants-a-la-marche-de-la-liberte-le-harcelement-marocain-denonce\\\/\"},\"author\":{\"name\":\"admin\",\"@id\":\"https:\\\/\\\/lasentinelle.dz\\\/#\\\/schema\\\/person\\\/729ee0024f24e0b8c5ec17232f8e8b41\"},\"headline\":\"Les autorit\u00e9s marocaines expulsent les participants \u00e0 la \u00ab\u00a0Marche de la Libert\u00e9\u00a0\u00bb : Le harc\u00e8lement marocain d\u00e9nonc\u00e9\",\"datePublished\":\"2025-06-01T19:44:15+00:00\",\"dateModified\":\"2025-06-01T19:44:16+00:00\",\"mainEntityOfPage\":{\"@id\":\"https:\\\/\\\/lasentinelle.dz\\\/index.php\\\/2025\\\/06\\\/01\\\/les-autorites-marocaines-expulsent-les-participants-a-la-marche-de-la-liberte-le-harcelement-marocain-denonce\\\/\"},\"wordCount\":820,\"commentCount\":0,\"publisher\":{\"@id\":\"https:\\\/\\\/lasentinelle.dz\\\/#organization\"},\"image\":{\"@id\":\"https:\\\/\\\/lasentinelle.dz\\\/index.php\\\/2025\\\/06\\\/01\\\/les-autorites-marocaines-expulsent-les-participants-a-la-marche-de-la-liberte-le-harcelement-marocain-denonce\\\/#primaryimage\"},\"thumbnailUrl\":\"https:\\\/\\\/lasentinelle.dz\\\/wp-content\\\/uploads\\\/2025\\\/06\\\/marche-de-la-liberte.jpg\",\"articleSection\":[\"Monde\"],\"inLanguage\":\"fr-FR\",\"potentialAction\":[{\"@type\":\"CommentAction\",\"name\":\"Comment\",\"target\":[\"https:\\\/\\\/lasentinelle.dz\\\/index.php\\\/2025\\\/06\\\/01\\\/les-autorites-marocaines-expulsent-les-participants-a-la-marche-de-la-liberte-le-harcelement-marocain-denonce\\\/#respond\"]}]},{\"@type\":\"WebPage\",\"@id\":\"https:\\\/\\\/lasentinelle.dz\\\/index.php\\\/2025\\\/06\\\/01\\\/les-autorites-marocaines-expulsent-les-participants-a-la-marche-de-la-liberte-le-harcelement-marocain-denonce\\\/\",\"url\":\"https:\\\/\\\/lasentinelle.dz\\\/index.php\\\/2025\\\/06\\\/01\\\/les-autorites-marocaines-expulsent-les-participants-a-la-marche-de-la-liberte-le-harcelement-marocain-denonce\\\/\",\"name\":\"Les autorit\u00e9s marocaines expulsent les participants \u00e0 la \u00ab\u00a0Marche de la Libert\u00e9\u00a0\u00bb : Le harc\u00e8lement marocain d\u00e9nonc\u00e9 - La Sentinelle\",\"isPartOf\":{\"@id\":\"https:\\\/\\\/lasentinelle.dz\\\/#website\"},\"primaryImageOfPage\":{\"@id\":\"https:\\\/\\\/lasentinelle.dz\\\/index.php\\\/2025\\\/06\\\/01\\\/les-autorites-marocaines-expulsent-les-participants-a-la-marche-de-la-liberte-le-harcelement-marocain-denonce\\\/#primaryimage\"},\"image\":{\"@id\":\"https:\\\/\\\/lasentinelle.dz\\\/index.php\\\/2025\\\/06\\\/01\\\/les-autorites-marocaines-expulsent-les-participants-a-la-marche-de-la-liberte-le-harcelement-marocain-denonce\\\/#primaryimage\"},\"thumbnailUrl\":\"https:\\\/\\\/lasentinelle.dz\\\/wp-content\\\/uploads\\\/2025\\\/06\\\/marche-de-la-liberte.jpg\",\"datePublished\":\"2025-06-01T19:44:15+00:00\",\"dateModified\":\"2025-06-01T19:44:16+00:00\",\"breadcrumb\":{\"@id\":\"https:\\\/\\\/lasentinelle.dz\\\/index.php\\\/2025\\\/06\\\/01\\\/les-autorites-marocaines-expulsent-les-participants-a-la-marche-de-la-liberte-le-harcelement-marocain-denonce\\\/#breadcrumb\"},\"inLanguage\":\"fr-FR\",\"potentialAction\":[{\"@type\":\"ReadAction\",\"target\":[\"https:\\\/\\\/lasentinelle.dz\\\/index.php\\\/2025\\\/06\\\/01\\\/les-autorites-marocaines-expulsent-les-participants-a-la-marche-de-la-liberte-le-harcelement-marocain-denonce\\\/\"]}]},{\"@type\":\"ImageObject\",\"inLanguage\":\"fr-FR\",\"@id\":\"https:\\\/\\\/lasentinelle.dz\\\/index.php\\\/2025\\\/06\\\/01\\\/les-autorites-marocaines-expulsent-les-participants-a-la-marche-de-la-liberte-le-harcelement-marocain-denonce\\\/#primaryimage\",\"url\":\"https:\\\/\\\/lasentinelle.dz\\\/wp-content\\\/uploads\\\/2025\\\/06\\\/marche-de-la-liberte.jpg\",\"contentUrl\":\"https:\\\/\\\/lasentinelle.dz\\\/wp-content\\\/uploads\\\/2025\\\/06\\\/marche-de-la-liberte.jpg\",\"width\":759,\"height\":506},{\"@type\":\"BreadcrumbList\",\"@id\":\"https:\\\/\\\/lasentinelle.dz\\\/index.php\\\/2025\\\/06\\\/01\\\/les-autorites-marocaines-expulsent-les-participants-a-la-marche-de-la-liberte-le-harcelement-marocain-denonce\\\/#breadcrumb\",\"itemListElement\":[{\"@type\":\"ListItem\",\"position\":1,\"name\":\"Accueil\",\"item\":\"https:\\\/\\\/lasentinelle.dz\\\/\"},{\"@type\":\"ListItem\",\"position\":2,\"name\":\"Les autorit\u00e9s marocaines expulsent les participants \u00e0 la \u00ab\u00a0Marche de la Libert\u00e9\u00a0\u00bb : Le harc\u00e8lement marocain d\u00e9nonc\u00e9\"}]},{\"@type\":\"WebSite\",\"@id\":\"https:\\\/\\\/lasentinelle.dz\\\/#website\",\"url\":\"https:\\\/\\\/lasentinelle.dz\\\/\",\"name\":\"La Sentinelle\",\"description\":\"Quotidien national d&#039;information\",\"publisher\":{\"@id\":\"https:\\\/\\\/lasentinelle.dz\\\/#organization\"},\"potentialAction\":[{\"@type\":\"SearchAction\",\"target\":{\"@type\":\"EntryPoint\",\"urlTemplate\":\"https:\\\/\\\/lasentinelle.dz\\\/?s={search_term_string}\"},\"query-input\":{\"@type\":\"PropertyValueSpecification\",\"valueRequired\":true,\"valueName\":\"search_term_string\"}}],\"inLanguage\":\"fr-FR\"},{\"@type\":\"Organization\",\"@id\":\"https:\\\/\\\/lasentinelle.dz\\\/#organization\",\"name\":\"Quotidien La Sentinelle\",\"url\":\"https:\\\/\\\/lasentinelle.dz\\\/\",\"logo\":{\"@type\":\"ImageObject\",\"inLanguage\":\"fr-FR\",\"@id\":\"https:\\\/\\\/lasentinelle.dz\\\/#\\\/schema\\\/logo\\\/image\\\/\",\"url\":\"https:\\\/\\\/lasentinelle.dz\\\/wp-content\\\/uploads\\\/2021\\\/09\\\/logo-sentinelleSLOGAN-1.png\",\"contentUrl\":\"https:\\\/\\\/lasentinelle.dz\\\/wp-content\\\/uploads\\\/2021\\\/09\\\/logo-sentinelleSLOGAN-1.png\",\"width\":615,\"height\":142,\"caption\":\"Quotidien La Sentinelle\"},\"image\":{\"@id\":\"https:\\\/\\\/lasentinelle.dz\\\/#\\\/schema\\\/logo\\\/image\\\/\"},\"sameAs\":[\"https:\\\/\\\/www.facebook.com\\\/La-Sentinelle-104059864394773\"]},{\"@type\":\"Person\",\"@id\":\"https:\\\/\\\/lasentinelle.dz\\\/#\\\/schema\\\/person\\\/729ee0024f24e0b8c5ec17232f8e8b41\",\"name\":\"admin\",\"image\":{\"@type\":\"ImageObject\",\"inLanguage\":\"fr-FR\",\"@id\":\"https:\\\/\\\/secure.gravatar.com\\\/avatar\\\/4c81fed838786e9b53f540bf46533e750f5d292099ae3b66cfc6fb1982e29df7?s=96&d=mm&r=g\",\"url\":\"https:\\\/\\\/secure.gravatar.com\\\/avatar\\\/4c81fed838786e9b53f540bf46533e750f5d292099ae3b66cfc6fb1982e29df7?s=96&d=mm&r=g\",\"contentUrl\":\"https:\\\/\\\/secure.gravatar.com\\\/avatar\\\/4c81fed838786e9b53f540bf46533e750f5d292099ae3b66cfc6fb1982e29df7?s=96&d=mm&r=g\",\"caption\":\"admin\"},\"description\":\"admin\",\"url\":\"https:\\\/\\\/lasentinelle.dz\\\/author\\\/admin\\\/\"}]}<\/script>\n<!-- \/ Yoast SEO plugin. -->","yoast_head_json":{"title":"Les autorit\u00e9s marocaines expulsent les participants \u00e0 la \u00ab\u00a0Marche de la Libert\u00e9\u00a0\u00bb : Le harc\u00e8lement marocain d\u00e9nonc\u00e9 - La Sentinelle","robots":{"index":"index","follow":"follow","max-snippet":"max-snippet:-1","max-image-preview":"max-image-preview:large","max-video-preview":"max-video-preview:-1"},"canonical":"https:\/\/lasentinelle.dz\/index.php\/2025\/06\/01\/les-autorites-marocaines-expulsent-les-participants-a-la-marche-de-la-liberte-le-harcelement-marocain-denonce\/","og_locale":"fr_FR","og_type":"article","og_title":"Les autorit\u00e9s marocaines expulsent les participants \u00e0 la \u00ab\u00a0Marche de la Libert\u00e9\u00a0\u00bb : Le harc\u00e8lement marocain d\u00e9nonc\u00e9 - La Sentinelle","og_description":"Les autorit\u00e9s marocaines ont proc\u00e9d\u00e9 samedi \u00e0 l&rsquo;expulsion forc\u00e9e des participants \u00e0 la \u00ab\u00a0Marche de la Libert\u00e9\u00a0\u00bb, conduite par la","og_url":"https:\/\/lasentinelle.dz\/index.php\/2025\/06\/01\/les-autorites-marocaines-expulsent-les-participants-a-la-marche-de-la-liberte-le-harcelement-marocain-denonce\/","og_site_name":"La Sentinelle","article_publisher":"https:\/\/www.facebook.com\/La-Sentinelle-104059864394773","article_published_time":"2025-06-01T19:44:15+00:00","article_modified_time":"2025-06-01T19:44:16+00:00","og_image":[{"width":759,"height":506,"url":"https:\/\/lasentinelle.dz\/wp-content\/uploads\/2025\/06\/marche-de-la-liberte.jpg","type":"image\/jpeg"}],"author":"admin","twitter_card":"summary_large_image","twitter_misc":{"\u00c9crit par":"admin","Dur\u00e9e de lecture estim\u00e9e":"4 minutes"},"schema":{"@context":"https:\/\/schema.org","@graph":[{"@type":"Article","@id":"https:\/\/lasentinelle.dz\/index.php\/2025\/06\/01\/les-autorites-marocaines-expulsent-les-participants-a-la-marche-de-la-liberte-le-harcelement-marocain-denonce\/#article","isPartOf":{"@id":"https:\/\/lasentinelle.dz\/index.php\/2025\/06\/01\/les-autorites-marocaines-expulsent-les-participants-a-la-marche-de-la-liberte-le-harcelement-marocain-denonce\/"},"author":{"name":"admin","@id":"https:\/\/lasentinelle.dz\/#\/schema\/person\/729ee0024f24e0b8c5ec17232f8e8b41"},"headline":"Les autorit\u00e9s marocaines expulsent les participants \u00e0 la \u00ab\u00a0Marche de la Libert\u00e9\u00a0\u00bb : Le harc\u00e8lement marocain d\u00e9nonc\u00e9","datePublished":"2025-06-01T19:44:15+00:00","dateModified":"2025-06-01T19:44:16+00:00","mainEntityOfPage":{"@id":"https:\/\/lasentinelle.dz\/index.php\/2025\/06\/01\/les-autorites-marocaines-expulsent-les-participants-a-la-marche-de-la-liberte-le-harcelement-marocain-denonce\/"},"wordCount":820,"commentCount":0,"publisher":{"@id":"https:\/\/lasentinelle.dz\/#organization"},"image":{"@id":"https:\/\/lasentinelle.dz\/index.php\/2025\/06\/01\/les-autorites-marocaines-expulsent-les-participants-a-la-marche-de-la-liberte-le-harcelement-marocain-denonce\/#primaryimage"},"thumbnailUrl":"https:\/\/lasentinelle.dz\/wp-content\/uploads\/2025\/06\/marche-de-la-liberte.jpg","articleSection":["Monde"],"inLanguage":"fr-FR","potentialAction":[{"@type":"CommentAction","name":"Comment","target":["https:\/\/lasentinelle.dz\/index.php\/2025\/06\/01\/les-autorites-marocaines-expulsent-les-participants-a-la-marche-de-la-liberte-le-harcelement-marocain-denonce\/#respond"]}]},{"@type":"WebPage","@id":"https:\/\/lasentinelle.dz\/index.php\/2025\/06\/01\/les-autorites-marocaines-expulsent-les-participants-a-la-marche-de-la-liberte-le-harcelement-marocain-denonce\/","url":"https:\/\/lasentinelle.dz\/index.php\/2025\/06\/01\/les-autorites-marocaines-expulsent-les-participants-a-la-marche-de-la-liberte-le-harcelement-marocain-denonce\/","name":"Les autorit\u00e9s marocaines expulsent les participants \u00e0 la \u00ab\u00a0Marche de la Libert\u00e9\u00a0\u00bb : Le harc\u00e8lement marocain d\u00e9nonc\u00e9 - La Sentinelle","isPartOf":{"@id":"https:\/\/lasentinelle.dz\/#website"},"primaryImageOfPage":{"@id":"https:\/\/lasentinelle.dz\/index.php\/2025\/06\/01\/les-autorites-marocaines-expulsent-les-participants-a-la-marche-de-la-liberte-le-harcelement-marocain-denonce\/#primaryimage"},"image":{"@id":"https:\/\/lasentinelle.dz\/index.php\/2025\/06\/01\/les-autorites-marocaines-expulsent-les-participants-a-la-marche-de-la-liberte-le-harcelement-marocain-denonce\/#primaryimage"},"thumbnailUrl":"https:\/\/lasentinelle.dz\/wp-content\/uploads\/2025\/06\/marche-de-la-liberte.jpg","datePublished":"2025-06-01T19:44:15+00:00","dateModified":"2025-06-01T19:44:16+00:00","breadcrumb":{"@id":"https:\/\/lasentinelle.dz\/index.php\/2025\/06\/01\/les-autorites-marocaines-expulsent-les-participants-a-la-marche-de-la-liberte-le-harcelement-marocain-denonce\/#breadcrumb"},"inLanguage":"fr-FR","potentialAction":[{"@type":"ReadAction","target":["https:\/\/lasentinelle.dz\/index.php\/2025\/06\/01\/les-autorites-marocaines-expulsent-les-participants-a-la-marche-de-la-liberte-le-harcelement-marocain-denonce\/"]}]},{"@type":"ImageObject","inLanguage":"fr-FR","@id":"https:\/\/lasentinelle.dz\/index.php\/2025\/06\/01\/les-autorites-marocaines-expulsent-les-participants-a-la-marche-de-la-liberte-le-harcelement-marocain-denonce\/#primaryimage","url":"https:\/\/lasentinelle.dz\/wp-content\/uploads\/2025\/06\/marche-de-la-liberte.jpg","contentUrl":"https:\/\/lasentinelle.dz\/wp-content\/uploads\/2025\/06\/marche-de-la-liberte.jpg","width":759,"height":506},{"@type":"BreadcrumbList","@id":"https:\/\/lasentinelle.dz\/index.php\/2025\/06\/01\/les-autorites-marocaines-expulsent-les-participants-a-la-marche-de-la-liberte-le-harcelement-marocain-denonce\/#breadcrumb","itemListElement":[{"@type":"ListItem","position":1,"name":"Accueil","item":"https:\/\/lasentinelle.dz\/"},{"@type":"ListItem","position":2,"name":"Les autorit\u00e9s marocaines expulsent les participants \u00e0 la \u00ab\u00a0Marche de la Libert\u00e9\u00a0\u00bb : Le harc\u00e8lement marocain d\u00e9nonc\u00e9"}]},{"@type":"WebSite","@id":"https:\/\/lasentinelle.dz\/#website","url":"https:\/\/lasentinelle.dz\/","name":"La Sentinelle","description":"Quotidien national d&#039;information","publisher":{"@id":"https:\/\/lasentinelle.dz\/#organization"},"potentialAction":[{"@type":"SearchAction","target":{"@type":"EntryPoint","urlTemplate":"https:\/\/lasentinelle.dz\/?s={search_term_string}"},"query-input":{"@type":"PropertyValueSpecification","valueRequired":true,"valueName":"search_term_string"}}],"inLanguage":"fr-FR"},{"@type":"Organization","@id":"https:\/\/lasentinelle.dz\/#organization","name":"Quotidien La Sentinelle","url":"https:\/\/lasentinelle.dz\/","logo":{"@type":"ImageObject","inLanguage":"fr-FR","@id":"https:\/\/lasentinelle.dz\/#\/schema\/logo\/image\/","url":"https:\/\/lasentinelle.dz\/wp-content\/uploads\/2021\/09\/logo-sentinelleSLOGAN-1.png","contentUrl":"https:\/\/lasentinelle.dz\/wp-content\/uploads\/2021\/09\/logo-sentinelleSLOGAN-1.png","width":615,"height":142,"caption":"Quotidien La Sentinelle"},"image":{"@id":"https:\/\/lasentinelle.dz\/#\/schema\/logo\/image\/"},"sameAs":["https:\/\/www.facebook.com\/La-Sentinelle-104059864394773"]},{"@type":"Person","@id":"https:\/\/lasentinelle.dz\/#\/schema\/person\/729ee0024f24e0b8c5ec17232f8e8b41","name":"admin","image":{"@type":"ImageObject","inLanguage":"fr-FR","@id":"https:\/\/secure.gravatar.com\/avatar\/4c81fed838786e9b53f540bf46533e750f5d292099ae3b66cfc6fb1982e29df7?s=96&d=mm&r=g","url":"https:\/\/secure.gravatar.com\/avatar\/4c81fed838786e9b53f540bf46533e750f5d292099ae3b66cfc6fb1982e29df7?s=96&d=mm&r=g","contentUrl":"https:\/\/secure.gravatar.com\/avatar\/4c81fed838786e9b53f540bf46533e750f5d292099ae3b66cfc6fb1982e29df7?s=96&d=mm&r=g","caption":"admin"},"description":"admin","url":"https:\/\/lasentinelle.dz\/author\/admin\/"}]}},"_links":{"self":[{"href":"https:\/\/lasentinelle.dz\/index.php\/wp-json\/wp\/v2\/posts\/68266","targetHints":{"allow":["GET"]}}],"collection":[{"href":"https:\/\/lasentinelle.dz\/index.php\/wp-json\/wp\/v2\/posts"}],"about":[{"href":"https:\/\/lasentinelle.dz\/index.php\/wp-json\/wp\/v2\/types\/post"}],"author":[{"embeddable":true,"href":"https:\/\/lasentinelle.dz\/index.php\/wp-json\/wp\/v2\/users\/6"}],"replies":[{"embeddable":true,"href":"https:\/\/lasentinelle.dz\/index.php\/wp-json\/wp\/v2\/comments?post=68266"}],"version-history":[{"count":2,"href":"https:\/\/lasentinelle.dz\/index.php\/wp-json\/wp\/v2\/posts\/68266\/revisions"}],"predecessor-version":[{"id":68269,"href":"https:\/\/lasentinelle.dz\/index.php\/wp-json\/wp\/v2\/posts\/68266\/revisions\/68269"}],"wp:featuredmedia":[{"embeddable":true,"href":"https:\/\/lasentinelle.dz\/index.php\/wp-json\/wp\/v2\/media\/68267"}],"wp:attachment":[{"href":"https:\/\/lasentinelle.dz\/index.php\/wp-json\/wp\/v2\/media?parent=68266"}],"wp:term":[{"taxonomy":"category","embeddable":true,"href":"https:\/\/lasentinelle.dz\/index.php\/wp-json\/wp\/v2\/categories?post=68266"},{"taxonomy":"post_tag","embeddable":true,"href":"https:\/\/lasentinelle.dz\/index.php\/wp-json\/wp\/v2\/tags?post=68266"}],"curies":[{"name":"wp","href":"https:\/\/api.w.org\/{rel}","templated":true}]}}