{"id":68270,"date":"2025-06-01T20:45:18","date_gmt":"2025-06-01T19:45:18","guid":{"rendered":"https:\/\/lasentinelle.dz\/?p=68270"},"modified":"2025-06-01T20:45:19","modified_gmt":"2025-06-01T19:45:19","slug":"lamdh-denonce-les-violations-systematiques-des-droits-de-lhomme-au-maroc-le-makhzen-cloue-au-pilori","status":"publish","type":"post","link":"https:\/\/lasentinelle.dz\/index.php\/2025\/06\/01\/lamdh-denonce-les-violations-systematiques-des-droits-de-lhomme-au-maroc-le-makhzen-cloue-au-pilori\/","title":{"rendered":"L&rsquo;AMDH d\u00e9nonce les violations syst\u00e9matiques des droits de l&rsquo;Homme au Maroc: Le Makhzen clou\u00e9 au pilori"},"content":{"rendered":"\n<p>L&rsquo;Association marocaine des droits de l&rsquo;homme (AMDH) d\u00e9nonce les violations syst\u00e9matiques des droits de l&rsquo;Homme par le r\u00e9gime marocain qui multiplie les pratiques r\u00e9pressives.<\/p>\n\n\n\n<p>\u00c0 l&rsquo;issue de son 14e Congr\u00e8s national de l&rsquo;Association marocaine des droits de l&rsquo;homme (AMDH) a publi\u00e9 un communiqu\u00e9 qui cloue au pilori le r\u00e9gime marocain, mettant en avant les violations graves et syst\u00e9matiques des droits fondamentaux des Marocains et la politique r\u00e9pressive tous azimuts. L&rsquo;AMDH r\u00e9it\u00e8re d&rsquo;abord sa condamnation ferme de l&rsquo;accord de normalisation sign\u00e9 par l&rsquo;\u00c9tat marocain le 10 d\u00e9cembre 2020 avec l&rsquo;entit\u00e9 sioniste, d\u00e9non\u00e7ant l&rsquo;approfondissement de ces relations dans tous les domaines, y compris militaire, s\u00e9curitaire, cybern\u00e9tique et du renseignement, malgr\u00e9 la guerre g\u00e9nocidaire men\u00e9e contre le peuple palestinien. Concernant la question du Sahara occidental, l&rsquo;AMDH exige une solution d\u00e9mocratique et imm\u00e9diate qui garantisse le droit du peuple sahraoui \u00e0 l&rsquo;autod\u00e9termination, d\u00e9non\u00e7ant les violations des droits de l&rsquo;homme dans les territoires sahraouis occup\u00e9s et l&rsquo;instrumentalisation du discours officiel sur cette question pour justifier la r\u00e9pression et les restrictions \u00e0 la libert\u00e9 d&rsquo;expression. L&rsquo;association accuse le r\u00e9gime d&rsquo;utiliser cette question pour museler toute opposition et l\u00e9gitimer ses pratiques autoritaires. L&rsquo;impunit\u00e9 dans les crimes \u00e9conomiques constitue un autre axe majeur des critiques, l&rsquo;AMDH pointant du doigt la prolif\u00e9ration de la corruption, l&rsquo;absence de transparence et de redevabilit\u00e9, ainsi que le refus obstin\u00e9 du syst\u00e8me makhz\u00e9nien de rendre des comptes ou d&rsquo;autoriser les visites des rapporteurs onusiens. Cette culture de l&rsquo;impunit\u00e9 favorise l&rsquo;enrichissement illicite des \u00e9lites au pouvoir au d\u00e9triment du d\u00e9veloppement socio-\u00e9conomique du pays. L&rsquo;organisation d\u00e9nonce \u00e9galement le \u00ab\u00a0massacre de Barrio Chino\u00a0\u00bb, faisant r\u00e9f\u00e9rence aux \u00e9v\u00e9nements tragiques de juin 2022 qui ont co\u00fbt\u00e9 la vie \u00e0 des centaines de migrants africains, qu&rsquo;elle d\u00e9nonce comme un crime contre l&rsquo;humanit\u00e9. L&rsquo;AMDH tient le r\u00e9gime makhz\u00e9nien pour responsable du meurtre de migrants, des d\u00e9portations forc\u00e9es et de la discrimination raciale syst\u00e9mique contre les populations subsahariennes. Ces pratiques r\u00e9v\u00e8lent une politique migratoire brutale qui viole les conventions internationales les plus \u00e9l\u00e9mentaires. La gestion catastrophique de la reconstruction apr\u00e8s le s\u00e9isme d&rsquo;Al Haouz constitue un autre grief majeur, l&rsquo;association accusant les autorit\u00e9s d&rsquo;avoir failli \u00e0 leurs responsabilit\u00e9s en abandonnant les sinistr\u00e9s dans des tentes d\u00e9labr\u00e9es sans assistance ad\u00e9quate. Cette n\u00e9gligence criminelle t\u00e9moigne du m\u00e9pris du pouvoir envers les populations les plus vuln\u00e9rables, particuli\u00e8rement dans les zones rurales marginalis\u00e9es. Sur le plan culturel, l&rsquo;AMDH fustige la persistance des obstacles \u00e0 l&rsquo;enseignement de la langue amazighe et les entraves \u00e0 son officialisation effective, d\u00e9non\u00e7ant une politique d&rsquo;assimilation culturelle qui nie la diversit\u00e9 identitaire du Maroc. Cette discrimination linguistique s&rsquo;inscrit dans une d\u00e9marche plus large de marginalisation des communaut\u00e9s amazighes et de leurs droits culturels fondamentaux. L&rsquo;association impute \u00e9galement au r\u00e9gime la responsabilit\u00e9 de la mont\u00e9e du ch\u00f4mage et de la d\u00e9gradation sociale, r\u00e9sultant de la soumission des d\u00e9cisions \u00e9conomiques aux diktas ext\u00e9rieurs, notamment ceux des institutions financi\u00e8res internationales. Cette politique \u00e9conomique n\u00e9olib\u00e9rale aggrave les in\u00e9galit\u00e9s sociales et compromet la souverainet\u00e9 nationale. Les droits de l&rsquo;enfant ne sont pas \u00e9pargn\u00e9s par l&rsquo;AMDH d\u00e9non\u00e7ant l&rsquo;incapacit\u00e9 du r\u00e9gime \u00e0 prot\u00e9ger les mineurs contre la violence, l&rsquo;errance et l&rsquo;exploitation sexuelle. Cette d\u00e9faillance r\u00e9v\u00e8le l&rsquo;absence d&rsquo;une v\u00e9ritable politique de protection de l&rsquo;enfance et la persistance de pratiques moyen\u00e2geuses dans le traitement des questions sociales. Enfin, l&rsquo;association accuse le pouvoir d&rsquo;utiliser des logiciels d&rsquo;espionnage contre les d\u00e9fenseurs des droits de l&rsquo;homme et d&rsquo;intercepter leurs communications priv\u00e9es, illustrant la d\u00e9rive s\u00e9curitaire d&rsquo;un r\u00e9gime qui n&rsquo;h\u00e9site pas \u00e0 violer la vie priv\u00e9e de ses opposants. Cette surveillance g\u00e9n\u00e9ralis\u00e9e t\u00e9moigne de la nature polici\u00e8re d&rsquo;un syst\u00e8me qui consid\u00e8re toute critique comme une menace existentielle.<\/p>\n\n\n\n<p>Lyes Sa\u00efdi<\/p>\n","protected":false},"excerpt":{"rendered":"<p>L&rsquo;Association marocaine des droits de l&rsquo;homme (AMDH) d\u00e9nonce les violations syst\u00e9matiques des droits de l&rsquo;Homme par le r\u00e9gime marocain qui<\/p>\n","protected":false},"author":6,"featured_media":15612,"comment_status":"open","ping_status":"closed","sticky":false,"template":"","format":"standard","meta":{"colormag_page_container_layout":"default_layout","colormag_page_sidebar_layout":"default_layout","om_disable_all_campaigns":false,"_monsterinsights_skip_tracking":false,"_monsterinsights_sitenote_active":false,"_monsterinsights_sitenote_note":"","_monsterinsights_sitenote_category":0,"footnotes":"","_wpscppro_dont_share_socialmedia":false,"_wpscppro_custom_social_share_image":0,"_facebook_share_type":"default","_twitter_share_type":"default","_linkedin_share_type":"default","_pinterest_share_type":"default","_linkedin_share_type_page":"","_instagram_share_type":"default","_medium_share_type":"default","_threads_share_type":"","_google_business_share_type":"","_selected_social_profile":[],"_wpsp_enable_custom_social_template":false,"_wpsp_social_scheduling":{"enabled":false,"datetime":null,"platforms":[],"status":"template_only","dateOption":"today","timeOption":"now","customDays":"","customHours":"","customDate":"","customTime":"","schedulingType":"absolute"},"_wpsp_active_default_template":true},"categories":[37],"tags":[],"class_list":["post-68270","post","type-post","status-publish","format-standard","has-post-thumbnail","hentry","category-monde"],"aioseo_notices":[],"yoast_head":"<!-- This site is optimized with the Yoast SEO plugin v27.5 - https:\/\/yoast.com\/product\/yoast-seo-wordpress\/ -->\n<title>L&rsquo;AMDH d\u00e9nonce les violations syst\u00e9matiques des droits de l&rsquo;Homme au Maroc: Le Makhzen clou\u00e9 au pilori - La Sentinelle<\/title>\n<meta name=\"robots\" content=\"index, follow, max-snippet:-1, max-image-preview:large, max-video-preview:-1\" \/>\n<link rel=\"canonical\" href=\"https:\/\/lasentinelle.dz\/index.php\/2025\/06\/01\/lamdh-denonce-les-violations-systematiques-des-droits-de-lhomme-au-maroc-le-makhzen-cloue-au-pilori\/\" \/>\n<meta property=\"og:locale\" content=\"fr_FR\" \/>\n<meta property=\"og:type\" content=\"article\" \/>\n<meta property=\"og:title\" content=\"L&rsquo;AMDH d\u00e9nonce les violations syst\u00e9matiques des droits de l&rsquo;Homme au Maroc: Le Makhzen clou\u00e9 au pilori - La Sentinelle\" \/>\n<meta property=\"og:description\" content=\"L&rsquo;Association marocaine des droits de l&rsquo;homme (AMDH) d\u00e9nonce les violations syst\u00e9matiques des droits de l&rsquo;Homme par le r\u00e9gime marocain qui\" \/>\n<meta property=\"og:url\" content=\"https:\/\/lasentinelle.dz\/index.php\/2025\/06\/01\/lamdh-denonce-les-violations-systematiques-des-droits-de-lhomme-au-maroc-le-makhzen-cloue-au-pilori\/\" \/>\n<meta property=\"og:site_name\" content=\"La Sentinelle\" \/>\n<meta property=\"article:publisher\" content=\"https:\/\/www.facebook.com\/La-Sentinelle-104059864394773\" \/>\n<meta property=\"article:published_time\" content=\"2025-06-01T19:45:18+00:00\" \/>\n<meta property=\"article:modified_time\" content=\"2025-06-01T19:45:19+00:00\" \/>\n<meta property=\"og:image\" content=\"https:\/\/lasentinelle.dz\/wp-content\/uploads\/2021\/12\/manif-maroc-repression.png\" \/>\n\t<meta property=\"og:image:width\" content=\"1252\" \/>\n\t<meta property=\"og:image:height\" content=\"900\" \/>\n\t<meta property=\"og:image:type\" content=\"image\/png\" \/>\n<meta name=\"author\" content=\"admin\" \/>\n<meta name=\"twitter:card\" content=\"summary_large_image\" \/>\n<meta name=\"twitter:label1\" content=\"\u00c9crit par\" \/>\n\t<meta name=\"twitter:data1\" content=\"admin\" \/>\n\t<meta name=\"twitter:label2\" content=\"Dur\u00e9e de lecture estim\u00e9e\" \/>\n\t<meta name=\"twitter:data2\" content=\"4 minutes\" \/>\n<script type=\"application\/ld+json\" class=\"yoast-schema-graph\">{\"@context\":\"https:\\\/\\\/schema.org\",\"@graph\":[{\"@type\":\"Article\",\"@id\":\"https:\\\/\\\/lasentinelle.dz\\\/index.php\\\/2025\\\/06\\\/01\\\/lamdh-denonce-les-violations-systematiques-des-droits-de-lhomme-au-maroc-le-makhzen-cloue-au-pilori\\\/#article\",\"isPartOf\":{\"@id\":\"https:\\\/\\\/lasentinelle.dz\\\/index.php\\\/2025\\\/06\\\/01\\\/lamdh-denonce-les-violations-systematiques-des-droits-de-lhomme-au-maroc-le-makhzen-cloue-au-pilori\\\/\"},\"author\":{\"name\":\"admin\",\"@id\":\"https:\\\/\\\/lasentinelle.dz\\\/#\\\/schema\\\/person\\\/729ee0024f24e0b8c5ec17232f8e8b41\"},\"headline\":\"L&rsquo;AMDH d\u00e9nonce les violations syst\u00e9matiques des droits de l&rsquo;Homme au Maroc: Le Makhzen clou\u00e9 au pilori\",\"datePublished\":\"2025-06-01T19:45:18+00:00\",\"dateModified\":\"2025-06-01T19:45:19+00:00\",\"mainEntityOfPage\":{\"@id\":\"https:\\\/\\\/lasentinelle.dz\\\/index.php\\\/2025\\\/06\\\/01\\\/lamdh-denonce-les-violations-systematiques-des-droits-de-lhomme-au-maroc-le-makhzen-cloue-au-pilori\\\/\"},\"wordCount\":749,\"commentCount\":0,\"publisher\":{\"@id\":\"https:\\\/\\\/lasentinelle.dz\\\/#organization\"},\"image\":{\"@id\":\"https:\\\/\\\/lasentinelle.dz\\\/index.php\\\/2025\\\/06\\\/01\\\/lamdh-denonce-les-violations-systematiques-des-droits-de-lhomme-au-maroc-le-makhzen-cloue-au-pilori\\\/#primaryimage\"},\"thumbnailUrl\":\"https:\\\/\\\/lasentinelle.dz\\\/wp-content\\\/uploads\\\/2021\\\/12\\\/manif-maroc-repression.png\",\"articleSection\":[\"Monde\"],\"inLanguage\":\"fr-FR\",\"potentialAction\":[{\"@type\":\"CommentAction\",\"name\":\"Comment\",\"target\":[\"https:\\\/\\\/lasentinelle.dz\\\/index.php\\\/2025\\\/06\\\/01\\\/lamdh-denonce-les-violations-systematiques-des-droits-de-lhomme-au-maroc-le-makhzen-cloue-au-pilori\\\/#respond\"]}]},{\"@type\":\"WebPage\",\"@id\":\"https:\\\/\\\/lasentinelle.dz\\\/index.php\\\/2025\\\/06\\\/01\\\/lamdh-denonce-les-violations-systematiques-des-droits-de-lhomme-au-maroc-le-makhzen-cloue-au-pilori\\\/\",\"url\":\"https:\\\/\\\/lasentinelle.dz\\\/index.php\\\/2025\\\/06\\\/01\\\/lamdh-denonce-les-violations-systematiques-des-droits-de-lhomme-au-maroc-le-makhzen-cloue-au-pilori\\\/\",\"name\":\"L&rsquo;AMDH d\u00e9nonce les violations syst\u00e9matiques des droits de l&rsquo;Homme au Maroc: Le Makhzen clou\u00e9 au pilori - La Sentinelle\",\"isPartOf\":{\"@id\":\"https:\\\/\\\/lasentinelle.dz\\\/#website\"},\"primaryImageOfPage\":{\"@id\":\"https:\\\/\\\/lasentinelle.dz\\\/index.php\\\/2025\\\/06\\\/01\\\/lamdh-denonce-les-violations-systematiques-des-droits-de-lhomme-au-maroc-le-makhzen-cloue-au-pilori\\\/#primaryimage\"},\"image\":{\"@id\":\"https:\\\/\\\/lasentinelle.dz\\\/index.php\\\/2025\\\/06\\\/01\\\/lamdh-denonce-les-violations-systematiques-des-droits-de-lhomme-au-maroc-le-makhzen-cloue-au-pilori\\\/#primaryimage\"},\"thumbnailUrl\":\"https:\\\/\\\/lasentinelle.dz\\\/wp-content\\\/uploads\\\/2021\\\/12\\\/manif-maroc-repression.png\",\"datePublished\":\"2025-06-01T19:45:18+00:00\",\"dateModified\":\"2025-06-01T19:45:19+00:00\",\"breadcrumb\":{\"@id\":\"https:\\\/\\\/lasentinelle.dz\\\/index.php\\\/2025\\\/06\\\/01\\\/lamdh-denonce-les-violations-systematiques-des-droits-de-lhomme-au-maroc-le-makhzen-cloue-au-pilori\\\/#breadcrumb\"},\"inLanguage\":\"fr-FR\",\"potentialAction\":[{\"@type\":\"ReadAction\",\"target\":[\"https:\\\/\\\/lasentinelle.dz\\\/index.php\\\/2025\\\/06\\\/01\\\/lamdh-denonce-les-violations-systematiques-des-droits-de-lhomme-au-maroc-le-makhzen-cloue-au-pilori\\\/\"]}]},{\"@type\":\"ImageObject\",\"inLanguage\":\"fr-FR\",\"@id\":\"https:\\\/\\\/lasentinelle.dz\\\/index.php\\\/2025\\\/06\\\/01\\\/lamdh-denonce-les-violations-systematiques-des-droits-de-lhomme-au-maroc-le-makhzen-cloue-au-pilori\\\/#primaryimage\",\"url\":\"https:\\\/\\\/lasentinelle.dz\\\/wp-content\\\/uploads\\\/2021\\\/12\\\/manif-maroc-repression.png\",\"contentUrl\":\"https:\\\/\\\/lasentinelle.dz\\\/wp-content\\\/uploads\\\/2021\\\/12\\\/manif-maroc-repression.png\",\"width\":1252,\"height\":900},{\"@type\":\"BreadcrumbList\",\"@id\":\"https:\\\/\\\/lasentinelle.dz\\\/index.php\\\/2025\\\/06\\\/01\\\/lamdh-denonce-les-violations-systematiques-des-droits-de-lhomme-au-maroc-le-makhzen-cloue-au-pilori\\\/#breadcrumb\",\"itemListElement\":[{\"@type\":\"ListItem\",\"position\":1,\"name\":\"Accueil\",\"item\":\"https:\\\/\\\/lasentinelle.dz\\\/\"},{\"@type\":\"ListItem\",\"position\":2,\"name\":\"L&rsquo;AMDH d\u00e9nonce les violations syst\u00e9matiques des droits de l&rsquo;Homme au Maroc: Le Makhzen clou\u00e9 au pilori\"}]},{\"@type\":\"WebSite\",\"@id\":\"https:\\\/\\\/lasentinelle.dz\\\/#website\",\"url\":\"https:\\\/\\\/lasentinelle.dz\\\/\",\"name\":\"La Sentinelle\",\"description\":\"Quotidien national d&#039;information\",\"publisher\":{\"@id\":\"https:\\\/\\\/lasentinelle.dz\\\/#organization\"},\"potentialAction\":[{\"@type\":\"SearchAction\",\"target\":{\"@type\":\"EntryPoint\",\"urlTemplate\":\"https:\\\/\\\/lasentinelle.dz\\\/?s={search_term_string}\"},\"query-input\":{\"@type\":\"PropertyValueSpecification\",\"valueRequired\":true,\"valueName\":\"search_term_string\"}}],\"inLanguage\":\"fr-FR\"},{\"@type\":\"Organization\",\"@id\":\"https:\\\/\\\/lasentinelle.dz\\\/#organization\",\"name\":\"Quotidien La Sentinelle\",\"url\":\"https:\\\/\\\/lasentinelle.dz\\\/\",\"logo\":{\"@type\":\"ImageObject\",\"inLanguage\":\"fr-FR\",\"@id\":\"https:\\\/\\\/lasentinelle.dz\\\/#\\\/schema\\\/logo\\\/image\\\/\",\"url\":\"https:\\\/\\\/lasentinelle.dz\\\/wp-content\\\/uploads\\\/2021\\\/09\\\/logo-sentinelleSLOGAN-1.png\",\"contentUrl\":\"https:\\\/\\\/lasentinelle.dz\\\/wp-content\\\/uploads\\\/2021\\\/09\\\/logo-sentinelleSLOGAN-1.png\",\"width\":615,\"height\":142,\"caption\":\"Quotidien La Sentinelle\"},\"image\":{\"@id\":\"https:\\\/\\\/lasentinelle.dz\\\/#\\\/schema\\\/logo\\\/image\\\/\"},\"sameAs\":[\"https:\\\/\\\/www.facebook.com\\\/La-Sentinelle-104059864394773\"]},{\"@type\":\"Person\",\"@id\":\"https:\\\/\\\/lasentinelle.dz\\\/#\\\/schema\\\/person\\\/729ee0024f24e0b8c5ec17232f8e8b41\",\"name\":\"admin\",\"image\":{\"@type\":\"ImageObject\",\"inLanguage\":\"fr-FR\",\"@id\":\"https:\\\/\\\/secure.gravatar.com\\\/avatar\\\/4c81fed838786e9b53f540bf46533e750f5d292099ae3b66cfc6fb1982e29df7?s=96&d=mm&r=g\",\"url\":\"https:\\\/\\\/secure.gravatar.com\\\/avatar\\\/4c81fed838786e9b53f540bf46533e750f5d292099ae3b66cfc6fb1982e29df7?s=96&d=mm&r=g\",\"contentUrl\":\"https:\\\/\\\/secure.gravatar.com\\\/avatar\\\/4c81fed838786e9b53f540bf46533e750f5d292099ae3b66cfc6fb1982e29df7?s=96&d=mm&r=g\",\"caption\":\"admin\"},\"description\":\"admin\",\"url\":\"https:\\\/\\\/lasentinelle.dz\\\/author\\\/admin\\\/\"}]}<\/script>\n<!-- \/ Yoast SEO plugin. -->","yoast_head_json":{"title":"L&rsquo;AMDH d\u00e9nonce les violations syst\u00e9matiques des droits de l&rsquo;Homme au Maroc: Le Makhzen clou\u00e9 au pilori - La Sentinelle","robots":{"index":"index","follow":"follow","max-snippet":"max-snippet:-1","max-image-preview":"max-image-preview:large","max-video-preview":"max-video-preview:-1"},"canonical":"https:\/\/lasentinelle.dz\/index.php\/2025\/06\/01\/lamdh-denonce-les-violations-systematiques-des-droits-de-lhomme-au-maroc-le-makhzen-cloue-au-pilori\/","og_locale":"fr_FR","og_type":"article","og_title":"L&rsquo;AMDH d\u00e9nonce les violations syst\u00e9matiques des droits de l&rsquo;Homme au Maroc: Le Makhzen clou\u00e9 au pilori - La Sentinelle","og_description":"L&rsquo;Association marocaine des droits de l&rsquo;homme (AMDH) d\u00e9nonce les violations syst\u00e9matiques des droits de l&rsquo;Homme par le r\u00e9gime marocain qui","og_url":"https:\/\/lasentinelle.dz\/index.php\/2025\/06\/01\/lamdh-denonce-les-violations-systematiques-des-droits-de-lhomme-au-maroc-le-makhzen-cloue-au-pilori\/","og_site_name":"La Sentinelle","article_publisher":"https:\/\/www.facebook.com\/La-Sentinelle-104059864394773","article_published_time":"2025-06-01T19:45:18+00:00","article_modified_time":"2025-06-01T19:45:19+00:00","og_image":[{"width":1252,"height":900,"url":"https:\/\/lasentinelle.dz\/wp-content\/uploads\/2021\/12\/manif-maroc-repression.png","type":"image\/png"}],"author":"admin","twitter_card":"summary_large_image","twitter_misc":{"\u00c9crit par":"admin","Dur\u00e9e de lecture estim\u00e9e":"4 minutes"},"schema":{"@context":"https:\/\/schema.org","@graph":[{"@type":"Article","@id":"https:\/\/lasentinelle.dz\/index.php\/2025\/06\/01\/lamdh-denonce-les-violations-systematiques-des-droits-de-lhomme-au-maroc-le-makhzen-cloue-au-pilori\/#article","isPartOf":{"@id":"https:\/\/lasentinelle.dz\/index.php\/2025\/06\/01\/lamdh-denonce-les-violations-systematiques-des-droits-de-lhomme-au-maroc-le-makhzen-cloue-au-pilori\/"},"author":{"name":"admin","@id":"https:\/\/lasentinelle.dz\/#\/schema\/person\/729ee0024f24e0b8c5ec17232f8e8b41"},"headline":"L&rsquo;AMDH d\u00e9nonce les violations syst\u00e9matiques des droits de l&rsquo;Homme au Maroc: Le Makhzen clou\u00e9 au pilori","datePublished":"2025-06-01T19:45:18+00:00","dateModified":"2025-06-01T19:45:19+00:00","mainEntityOfPage":{"@id":"https:\/\/lasentinelle.dz\/index.php\/2025\/06\/01\/lamdh-denonce-les-violations-systematiques-des-droits-de-lhomme-au-maroc-le-makhzen-cloue-au-pilori\/"},"wordCount":749,"commentCount":0,"publisher":{"@id":"https:\/\/lasentinelle.dz\/#organization"},"image":{"@id":"https:\/\/lasentinelle.dz\/index.php\/2025\/06\/01\/lamdh-denonce-les-violations-systematiques-des-droits-de-lhomme-au-maroc-le-makhzen-cloue-au-pilori\/#primaryimage"},"thumbnailUrl":"https:\/\/lasentinelle.dz\/wp-content\/uploads\/2021\/12\/manif-maroc-repression.png","articleSection":["Monde"],"inLanguage":"fr-FR","potentialAction":[{"@type":"CommentAction","name":"Comment","target":["https:\/\/lasentinelle.dz\/index.php\/2025\/06\/01\/lamdh-denonce-les-violations-systematiques-des-droits-de-lhomme-au-maroc-le-makhzen-cloue-au-pilori\/#respond"]}]},{"@type":"WebPage","@id":"https:\/\/lasentinelle.dz\/index.php\/2025\/06\/01\/lamdh-denonce-les-violations-systematiques-des-droits-de-lhomme-au-maroc-le-makhzen-cloue-au-pilori\/","url":"https:\/\/lasentinelle.dz\/index.php\/2025\/06\/01\/lamdh-denonce-les-violations-systematiques-des-droits-de-lhomme-au-maroc-le-makhzen-cloue-au-pilori\/","name":"L&rsquo;AMDH d\u00e9nonce les violations syst\u00e9matiques des droits de l&rsquo;Homme au Maroc: Le Makhzen clou\u00e9 au pilori - La Sentinelle","isPartOf":{"@id":"https:\/\/lasentinelle.dz\/#website"},"primaryImageOfPage":{"@id":"https:\/\/lasentinelle.dz\/index.php\/2025\/06\/01\/lamdh-denonce-les-violations-systematiques-des-droits-de-lhomme-au-maroc-le-makhzen-cloue-au-pilori\/#primaryimage"},"image":{"@id":"https:\/\/lasentinelle.dz\/index.php\/2025\/06\/01\/lamdh-denonce-les-violations-systematiques-des-droits-de-lhomme-au-maroc-le-makhzen-cloue-au-pilori\/#primaryimage"},"thumbnailUrl":"https:\/\/lasentinelle.dz\/wp-content\/uploads\/2021\/12\/manif-maroc-repression.png","datePublished":"2025-06-01T19:45:18+00:00","dateModified":"2025-06-01T19:45:19+00:00","breadcrumb":{"@id":"https:\/\/lasentinelle.dz\/index.php\/2025\/06\/01\/lamdh-denonce-les-violations-systematiques-des-droits-de-lhomme-au-maroc-le-makhzen-cloue-au-pilori\/#breadcrumb"},"inLanguage":"fr-FR","potentialAction":[{"@type":"ReadAction","target":["https:\/\/lasentinelle.dz\/index.php\/2025\/06\/01\/lamdh-denonce-les-violations-systematiques-des-droits-de-lhomme-au-maroc-le-makhzen-cloue-au-pilori\/"]}]},{"@type":"ImageObject","inLanguage":"fr-FR","@id":"https:\/\/lasentinelle.dz\/index.php\/2025\/06\/01\/lamdh-denonce-les-violations-systematiques-des-droits-de-lhomme-au-maroc-le-makhzen-cloue-au-pilori\/#primaryimage","url":"https:\/\/lasentinelle.dz\/wp-content\/uploads\/2021\/12\/manif-maroc-repression.png","contentUrl":"https:\/\/lasentinelle.dz\/wp-content\/uploads\/2021\/12\/manif-maroc-repression.png","width":1252,"height":900},{"@type":"BreadcrumbList","@id":"https:\/\/lasentinelle.dz\/index.php\/2025\/06\/01\/lamdh-denonce-les-violations-systematiques-des-droits-de-lhomme-au-maroc-le-makhzen-cloue-au-pilori\/#breadcrumb","itemListElement":[{"@type":"ListItem","position":1,"name":"Accueil","item":"https:\/\/lasentinelle.dz\/"},{"@type":"ListItem","position":2,"name":"L&rsquo;AMDH d\u00e9nonce les violations syst\u00e9matiques des droits de l&rsquo;Homme au Maroc: Le Makhzen clou\u00e9 au pilori"}]},{"@type":"WebSite","@id":"https:\/\/lasentinelle.dz\/#website","url":"https:\/\/lasentinelle.dz\/","name":"La Sentinelle","description":"Quotidien national d&#039;information","publisher":{"@id":"https:\/\/lasentinelle.dz\/#organization"},"potentialAction":[{"@type":"SearchAction","target":{"@type":"EntryPoint","urlTemplate":"https:\/\/lasentinelle.dz\/?s={search_term_string}"},"query-input":{"@type":"PropertyValueSpecification","valueRequired":true,"valueName":"search_term_string"}}],"inLanguage":"fr-FR"},{"@type":"Organization","@id":"https:\/\/lasentinelle.dz\/#organization","name":"Quotidien La Sentinelle","url":"https:\/\/lasentinelle.dz\/","logo":{"@type":"ImageObject","inLanguage":"fr-FR","@id":"https:\/\/lasentinelle.dz\/#\/schema\/logo\/image\/","url":"https:\/\/lasentinelle.dz\/wp-content\/uploads\/2021\/09\/logo-sentinelleSLOGAN-1.png","contentUrl":"https:\/\/lasentinelle.dz\/wp-content\/uploads\/2021\/09\/logo-sentinelleSLOGAN-1.png","width":615,"height":142,"caption":"Quotidien La Sentinelle"},"image":{"@id":"https:\/\/lasentinelle.dz\/#\/schema\/logo\/image\/"},"sameAs":["https:\/\/www.facebook.com\/La-Sentinelle-104059864394773"]},{"@type":"Person","@id":"https:\/\/lasentinelle.dz\/#\/schema\/person\/729ee0024f24e0b8c5ec17232f8e8b41","name":"admin","image":{"@type":"ImageObject","inLanguage":"fr-FR","@id":"https:\/\/secure.gravatar.com\/avatar\/4c81fed838786e9b53f540bf46533e750f5d292099ae3b66cfc6fb1982e29df7?s=96&d=mm&r=g","url":"https:\/\/secure.gravatar.com\/avatar\/4c81fed838786e9b53f540bf46533e750f5d292099ae3b66cfc6fb1982e29df7?s=96&d=mm&r=g","contentUrl":"https:\/\/secure.gravatar.com\/avatar\/4c81fed838786e9b53f540bf46533e750f5d292099ae3b66cfc6fb1982e29df7?s=96&d=mm&r=g","caption":"admin"},"description":"admin","url":"https:\/\/lasentinelle.dz\/author\/admin\/"}]}},"_links":{"self":[{"href":"https:\/\/lasentinelle.dz\/index.php\/wp-json\/wp\/v2\/posts\/68270","targetHints":{"allow":["GET"]}}],"collection":[{"href":"https:\/\/lasentinelle.dz\/index.php\/wp-json\/wp\/v2\/posts"}],"about":[{"href":"https:\/\/lasentinelle.dz\/index.php\/wp-json\/wp\/v2\/types\/post"}],"author":[{"embeddable":true,"href":"https:\/\/lasentinelle.dz\/index.php\/wp-json\/wp\/v2\/users\/6"}],"replies":[{"embeddable":true,"href":"https:\/\/lasentinelle.dz\/index.php\/wp-json\/wp\/v2\/comments?post=68270"}],"version-history":[{"count":2,"href":"https:\/\/lasentinelle.dz\/index.php\/wp-json\/wp\/v2\/posts\/68270\/revisions"}],"predecessor-version":[{"id":68272,"href":"https:\/\/lasentinelle.dz\/index.php\/wp-json\/wp\/v2\/posts\/68270\/revisions\/68272"}],"wp:featuredmedia":[{"embeddable":true,"href":"https:\/\/lasentinelle.dz\/index.php\/wp-json\/wp\/v2\/media\/15612"}],"wp:attachment":[{"href":"https:\/\/lasentinelle.dz\/index.php\/wp-json\/wp\/v2\/media?parent=68270"}],"wp:term":[{"taxonomy":"category","embeddable":true,"href":"https:\/\/lasentinelle.dz\/index.php\/wp-json\/wp\/v2\/categories?post=68270"},{"taxonomy":"post_tag","embeddable":true,"href":"https:\/\/lasentinelle.dz\/index.php\/wp-json\/wp\/v2\/tags?post=68270"}],"curies":[{"name":"wp","href":"https:\/\/api.w.org\/{rel}","templated":true}]}}