{"id":68273,"date":"2025-06-01T20:46:50","date_gmt":"2025-06-01T19:46:50","guid":{"rendered":"https:\/\/lasentinelle.dz\/?p=68273"},"modified":"2025-06-01T20:46:51","modified_gmt":"2025-06-01T19:46:51","slug":"gardien-eternel-de-lame-andalouse-chafik-hadjadj-tire-sa-reverence","status":"publish","type":"post","link":"https:\/\/lasentinelle.dz\/index.php\/2025\/06\/01\/gardien-eternel-de-lame-andalouse-chafik-hadjadj-tire-sa-reverence\/","title":{"rendered":"Gardien \u00e9ternel de l&rsquo;\u00e2me andalouse \u00a0: Chafik Hadjadj tire sa r\u00e9v\u00e9rence"},"content":{"rendered":"\n<p>La c\u00e8ne cuturelle est en deuil. Chafik Hadjadj, ma\u00eetre de la musique andalouse, s&rsquo;en est all\u00e9 vendredi \u00e0 l&rsquo;\u00e2ge de 75 ans, emportant avec lui 75 ann\u00e9es de passion, de savoir et d&rsquo;amour inconditionnel pour cet art mill\u00e9naire qui coule dans les veines de l&rsquo;Alg\u00e9rie profonde. La d\u00e9pouille de l\u2019artiste Chafik Hadjadj a \u00e9t\u00e9 inhum\u00e9e, samedi apr\u00e8s-midi au cimeti\u00e8re de Sidi Bel Abbes. Sidi Bel Abbes \u00e0 Tlemcen, en passant par Oran, ils sont venus nombreux, ces artistes, ces amateurs \u00e9clair\u00e9s, ces repr\u00e9sentants d&rsquo;associations culturelles, pour accompagner vers sa derni\u00e8re demeure celui qui fut leur ma\u00eetre, leur guide, leur inspiration. Cette affluence spontan\u00e9e t\u00e9moigne mieux que tous les discours de l&rsquo;impact profond qu&rsquo;a eu Chafik Hadjadj sur la sc\u00e8ne artistique alg\u00e9rienne. Car au-del\u00e0 de l&rsquo;artiste accompli, c&rsquo;est un homme de transmission qui dispara\u00eet, un passeur entre les g\u00e9n\u00e9rations, un gardien vigilant de notre patrimoine musical.<\/p>\n\n\n\n<p>Abdelhak Amer Berrahou, directeur de la culture et des arts de la wilaya de Sidi Bel Abbes, a su trouver les mots justes pour d\u00e9finir l&rsquo;essence m\u00eame de l&rsquo;\u0153uvre de Chafik Hadjadj. Celui-ci faisait partie de cette g\u00e9n\u00e9ration pr\u00e9cieuse d&rsquo;artistes qui ont consacr\u00e9 leur existence \u00e0 la pr\u00e9servation du patrimoine musical andalou et \u00e0 sa transmission aux nouvelles g\u00e9n\u00e9rations. Dans une \u00e9poque o\u00f9 les musiques \u00e9ph\u00e9m\u00e8res envahissent l&rsquo;espace sonore, Hadjadj repr\u00e9sentait cette r\u00e9sistance culturelle, cette fid\u00e9lit\u00e9 aux racines qui font la richesse et l&rsquo;identit\u00e9 d&rsquo;un peuple.<\/p>\n\n\n\n<p>Sp\u00e9cialiste du Hawzi, cette forme particuli\u00e8re de la musique andalouse, Chafik Hadjadj n&rsquo;\u00e9tait pas seulement un interpr\u00e8te de talent, mais un v\u00e9ritable \u00e9ducateur musical. Sa contribution \u00e0 la formation de nombreux jeunes artistes constitue sans doute l&rsquo;aspect le plus pr\u00e9cieux de son h\u00e9ritage. Dans les conservatoires, les associations culturelles, lors de rencontres informelles, il n&rsquo;a cess\u00e9 de transmettre sa science, son exp\u00e9rience, sa vision de cet art exigeant qui demande des ann\u00e9es d&rsquo;apprentissage pour \u00eatre ma\u00eetris\u00e9.<\/p>\n\n\n\n<p>Les honneurs n&rsquo;ont pas manqu\u00e9 durant sa carri\u00e8re, notamment lors des \u00ab\u00a0Journ\u00e9es du Printemps andalou\u00a0\u00bb organis\u00e9es \u00e0 la Maison de la culture Kateb-Yacine de Sidi Bel Abbes. Ces reconnaissances officielles, si importantes soient-elles, ne sauraient cependant mesurer l&rsquo;ampleur r\u00e9elle de sa contribution \u00e0 l&rsquo;enrichissement de la sc\u00e8ne artistique alg\u00e9rienne. Car l&rsquo;impact de Chafik Hadjadj se mesure aussi dans les regards \u00e9merveill\u00e9s de ses \u00e9l\u00e8ves, dans la perp\u00e9tuation de m\u00e9lodies ancestrales, dans la pr\u00e9servation de textes po\u00e9tiques que seuls quelques initi\u00e9s ma\u00eetrisent encore parfaitement.<\/p>\n\n\n\n<p>L&rsquo;\u00e9motion de Nouri Koufi, artiste et connaisseur, r\u00e9sume parfaitement ce que repr\u00e9sentait Chafik Hadjadj pour la communaut\u00e9 artistique alg\u00e9rienne. \u00ab\u00a0Son nom restera grav\u00e9 dans la m\u00e9moire de l&rsquo;art alg\u00e9rien comme l&rsquo;un des grands ma\u00eetres de la musique andalouse\u00a0\u00bb, a-t-il d\u00e9clar\u00e9, soulignant cette dimension patrimoniale de l&rsquo;\u0153uvre du disparu. Sa disparition constitue certes une grande perte, mais son h\u00e9ritage artistique et p\u00e9dagogique demeurera une source d&rsquo;inspiration in\u00e9puisable pour les g\u00e9n\u00e9rations futures d&rsquo;artistes et d&rsquo;amateurs de cette musique savante.<\/p>\n\n\n\n<p>L&rsquo;hommage rendu par le ministre de la Culture et des Arts, Zouhir Ballalou, via les r\u00e9seaux sociaux officiels du minist\u00e8re, t\u00e9moigne de la dimension nationale de cette perte. En pr\u00e9sentant ses condol\u00e9ances \u00e0 la famille du d\u00e9funt et \u00e0 l&rsquo;ensemble de la communaut\u00e9 artistique alg\u00e9rienne, le ministre a soulign\u00e9 que l&rsquo;Alg\u00e9rie perdait l&rsquo;une de ses grandes figures culturelles. Cette reconnaissance institutionnelle honore la m\u00e9moire d&rsquo;un homme qui, sa vie durant, a \u0153uvr\u00e9 dans l&rsquo;ombre pour que brille toujours plus fort l&rsquo;\u00e9clat de notre patrimoine musical.<\/p>\n\n\n\n<p>M.S.<\/p>\n","protected":false},"excerpt":{"rendered":"<p>La c\u00e8ne cuturelle est en deuil. Chafik Hadjadj, ma\u00eetre de la musique andalouse, s&rsquo;en est all\u00e9 vendredi \u00e0 l&rsquo;\u00e2ge de<\/p>\n","protected":false},"author":6,"featured_media":68274,"comment_status":"open","ping_status":"closed","sticky":false,"template":"","format":"standard","meta":{"colormag_page_container_layout":"default_layout","colormag_page_sidebar_layout":"default_layout","om_disable_all_campaigns":false,"_monsterinsights_skip_tracking":false,"_monsterinsights_sitenote_active":false,"_monsterinsights_sitenote_note":"","_monsterinsights_sitenote_category":0,"footnotes":"","_wpscppro_dont_share_socialmedia":false,"_wpscppro_custom_social_share_image":0,"_facebook_share_type":"default","_twitter_share_type":"default","_linkedin_share_type":"default","_pinterest_share_type":"default","_linkedin_share_type_page":"","_instagram_share_type":"default","_medium_share_type":"default","_threads_share_type":"","_google_business_share_type":"","_selected_social_profile":[],"_wpsp_enable_custom_social_template":false,"_wpsp_social_scheduling":{"enabled":false,"datetime":null,"platforms":[],"status":"template_only","dateOption":"today","timeOption":"now","customDays":"","customHours":"","customDate":"","customTime":"","schedulingType":"absolute"},"_wpsp_active_default_template":true},"categories":[36],"tags":[],"class_list":["post-68273","post","type-post","status-publish","format-standard","has-post-thumbnail","hentry","category-culture"],"aioseo_notices":[],"yoast_head":"<!-- This site is optimized with the Yoast SEO plugin v27.5 - https:\/\/yoast.com\/product\/yoast-seo-wordpress\/ -->\n<title>Gardien \u00e9ternel de l&rsquo;\u00e2me andalouse \u00a0: Chafik Hadjadj tire sa r\u00e9v\u00e9rence - La Sentinelle<\/title>\n<meta name=\"robots\" content=\"index, follow, max-snippet:-1, max-image-preview:large, max-video-preview:-1\" \/>\n<link rel=\"canonical\" href=\"https:\/\/lasentinelle.dz\/index.php\/2025\/06\/01\/gardien-eternel-de-lame-andalouse-chafik-hadjadj-tire-sa-reverence\/\" \/>\n<meta property=\"og:locale\" content=\"fr_FR\" \/>\n<meta property=\"og:type\" content=\"article\" \/>\n<meta property=\"og:title\" content=\"Gardien \u00e9ternel de l&rsquo;\u00e2me andalouse \u00a0: Chafik Hadjadj tire sa r\u00e9v\u00e9rence - La Sentinelle\" \/>\n<meta property=\"og:description\" content=\"La c\u00e8ne cuturelle est en deuil. Chafik Hadjadj, ma\u00eetre de la musique andalouse, s&rsquo;en est all\u00e9 vendredi \u00e0 l&rsquo;\u00e2ge de\" \/>\n<meta property=\"og:url\" content=\"https:\/\/lasentinelle.dz\/index.php\/2025\/06\/01\/gardien-eternel-de-lame-andalouse-chafik-hadjadj-tire-sa-reverence\/\" \/>\n<meta property=\"og:site_name\" content=\"La Sentinelle\" \/>\n<meta property=\"article:publisher\" content=\"https:\/\/www.facebook.com\/La-Sentinelle-104059864394773\" \/>\n<meta property=\"article:published_time\" content=\"2025-06-01T19:46:50+00:00\" \/>\n<meta property=\"article:modified_time\" content=\"2025-06-01T19:46:51+00:00\" \/>\n<meta property=\"og:image\" content=\"https:\/\/lasentinelle.dz\/wp-content\/uploads\/2025\/06\/chafk-hadjajdj.jpeg\" \/>\n\t<meta property=\"og:image:width\" content=\"225\" \/>\n\t<meta property=\"og:image:height\" content=\"224\" \/>\n\t<meta property=\"og:image:type\" content=\"image\/jpeg\" \/>\n<meta name=\"author\" content=\"admin\" \/>\n<meta name=\"twitter:card\" content=\"summary_large_image\" \/>\n<meta name=\"twitter:label1\" content=\"\u00c9crit par\" \/>\n\t<meta name=\"twitter:data1\" content=\"admin\" \/>\n\t<meta name=\"twitter:label2\" content=\"Dur\u00e9e de lecture estim\u00e9e\" \/>\n\t<meta name=\"twitter:data2\" content=\"4 minutes\" \/>\n<script type=\"application\/ld+json\" class=\"yoast-schema-graph\">{\"@context\":\"https:\\\/\\\/schema.org\",\"@graph\":[{\"@type\":\"Article\",\"@id\":\"https:\\\/\\\/lasentinelle.dz\\\/index.php\\\/2025\\\/06\\\/01\\\/gardien-eternel-de-lame-andalouse-chafik-hadjadj-tire-sa-reverence\\\/#article\",\"isPartOf\":{\"@id\":\"https:\\\/\\\/lasentinelle.dz\\\/index.php\\\/2025\\\/06\\\/01\\\/gardien-eternel-de-lame-andalouse-chafik-hadjadj-tire-sa-reverence\\\/\"},\"author\":{\"name\":\"admin\",\"@id\":\"https:\\\/\\\/lasentinelle.dz\\\/#\\\/schema\\\/person\\\/729ee0024f24e0b8c5ec17232f8e8b41\"},\"headline\":\"Gardien \u00e9ternel de l&rsquo;\u00e2me andalouse \u00a0: Chafik Hadjadj tire sa r\u00e9v\u00e9rence\",\"datePublished\":\"2025-06-01T19:46:50+00:00\",\"dateModified\":\"2025-06-01T19:46:51+00:00\",\"mainEntityOfPage\":{\"@id\":\"https:\\\/\\\/lasentinelle.dz\\\/index.php\\\/2025\\\/06\\\/01\\\/gardien-eternel-de-lame-andalouse-chafik-hadjadj-tire-sa-reverence\\\/\"},\"wordCount\":672,\"commentCount\":0,\"publisher\":{\"@id\":\"https:\\\/\\\/lasentinelle.dz\\\/#organization\"},\"image\":{\"@id\":\"https:\\\/\\\/lasentinelle.dz\\\/index.php\\\/2025\\\/06\\\/01\\\/gardien-eternel-de-lame-andalouse-chafik-hadjadj-tire-sa-reverence\\\/#primaryimage\"},\"thumbnailUrl\":\"https:\\\/\\\/lasentinelle.dz\\\/wp-content\\\/uploads\\\/2025\\\/06\\\/chafk-hadjajdj.jpeg\",\"articleSection\":[\"Culture\"],\"inLanguage\":\"fr-FR\",\"potentialAction\":[{\"@type\":\"CommentAction\",\"name\":\"Comment\",\"target\":[\"https:\\\/\\\/lasentinelle.dz\\\/index.php\\\/2025\\\/06\\\/01\\\/gardien-eternel-de-lame-andalouse-chafik-hadjadj-tire-sa-reverence\\\/#respond\"]}]},{\"@type\":\"WebPage\",\"@id\":\"https:\\\/\\\/lasentinelle.dz\\\/index.php\\\/2025\\\/06\\\/01\\\/gardien-eternel-de-lame-andalouse-chafik-hadjadj-tire-sa-reverence\\\/\",\"url\":\"https:\\\/\\\/lasentinelle.dz\\\/index.php\\\/2025\\\/06\\\/01\\\/gardien-eternel-de-lame-andalouse-chafik-hadjadj-tire-sa-reverence\\\/\",\"name\":\"Gardien \u00e9ternel de l&rsquo;\u00e2me andalouse \u00a0: Chafik Hadjadj tire sa r\u00e9v\u00e9rence - La Sentinelle\",\"isPartOf\":{\"@id\":\"https:\\\/\\\/lasentinelle.dz\\\/#website\"},\"primaryImageOfPage\":{\"@id\":\"https:\\\/\\\/lasentinelle.dz\\\/index.php\\\/2025\\\/06\\\/01\\\/gardien-eternel-de-lame-andalouse-chafik-hadjadj-tire-sa-reverence\\\/#primaryimage\"},\"image\":{\"@id\":\"https:\\\/\\\/lasentinelle.dz\\\/index.php\\\/2025\\\/06\\\/01\\\/gardien-eternel-de-lame-andalouse-chafik-hadjadj-tire-sa-reverence\\\/#primaryimage\"},\"thumbnailUrl\":\"https:\\\/\\\/lasentinelle.dz\\\/wp-content\\\/uploads\\\/2025\\\/06\\\/chafk-hadjajdj.jpeg\",\"datePublished\":\"2025-06-01T19:46:50+00:00\",\"dateModified\":\"2025-06-01T19:46:51+00:00\",\"breadcrumb\":{\"@id\":\"https:\\\/\\\/lasentinelle.dz\\\/index.php\\\/2025\\\/06\\\/01\\\/gardien-eternel-de-lame-andalouse-chafik-hadjadj-tire-sa-reverence\\\/#breadcrumb\"},\"inLanguage\":\"fr-FR\",\"potentialAction\":[{\"@type\":\"ReadAction\",\"target\":[\"https:\\\/\\\/lasentinelle.dz\\\/index.php\\\/2025\\\/06\\\/01\\\/gardien-eternel-de-lame-andalouse-chafik-hadjadj-tire-sa-reverence\\\/\"]}]},{\"@type\":\"ImageObject\",\"inLanguage\":\"fr-FR\",\"@id\":\"https:\\\/\\\/lasentinelle.dz\\\/index.php\\\/2025\\\/06\\\/01\\\/gardien-eternel-de-lame-andalouse-chafik-hadjadj-tire-sa-reverence\\\/#primaryimage\",\"url\":\"https:\\\/\\\/lasentinelle.dz\\\/wp-content\\\/uploads\\\/2025\\\/06\\\/chafk-hadjajdj.jpeg\",\"contentUrl\":\"https:\\\/\\\/lasentinelle.dz\\\/wp-content\\\/uploads\\\/2025\\\/06\\\/chafk-hadjajdj.jpeg\",\"width\":225,\"height\":224},{\"@type\":\"BreadcrumbList\",\"@id\":\"https:\\\/\\\/lasentinelle.dz\\\/index.php\\\/2025\\\/06\\\/01\\\/gardien-eternel-de-lame-andalouse-chafik-hadjadj-tire-sa-reverence\\\/#breadcrumb\",\"itemListElement\":[{\"@type\":\"ListItem\",\"position\":1,\"name\":\"Accueil\",\"item\":\"https:\\\/\\\/lasentinelle.dz\\\/\"},{\"@type\":\"ListItem\",\"position\":2,\"name\":\"Gardien \u00e9ternel de l&rsquo;\u00e2me andalouse \u00a0: Chafik Hadjadj tire sa r\u00e9v\u00e9rence\"}]},{\"@type\":\"WebSite\",\"@id\":\"https:\\\/\\\/lasentinelle.dz\\\/#website\",\"url\":\"https:\\\/\\\/lasentinelle.dz\\\/\",\"name\":\"La Sentinelle\",\"description\":\"Quotidien national d&#039;information\",\"publisher\":{\"@id\":\"https:\\\/\\\/lasentinelle.dz\\\/#organization\"},\"potentialAction\":[{\"@type\":\"SearchAction\",\"target\":{\"@type\":\"EntryPoint\",\"urlTemplate\":\"https:\\\/\\\/lasentinelle.dz\\\/?s={search_term_string}\"},\"query-input\":{\"@type\":\"PropertyValueSpecification\",\"valueRequired\":true,\"valueName\":\"search_term_string\"}}],\"inLanguage\":\"fr-FR\"},{\"@type\":\"Organization\",\"@id\":\"https:\\\/\\\/lasentinelle.dz\\\/#organization\",\"name\":\"Quotidien La Sentinelle\",\"url\":\"https:\\\/\\\/lasentinelle.dz\\\/\",\"logo\":{\"@type\":\"ImageObject\",\"inLanguage\":\"fr-FR\",\"@id\":\"https:\\\/\\\/lasentinelle.dz\\\/#\\\/schema\\\/logo\\\/image\\\/\",\"url\":\"https:\\\/\\\/lasentinelle.dz\\\/wp-content\\\/uploads\\\/2021\\\/09\\\/logo-sentinelleSLOGAN-1.png\",\"contentUrl\":\"https:\\\/\\\/lasentinelle.dz\\\/wp-content\\\/uploads\\\/2021\\\/09\\\/logo-sentinelleSLOGAN-1.png\",\"width\":615,\"height\":142,\"caption\":\"Quotidien La Sentinelle\"},\"image\":{\"@id\":\"https:\\\/\\\/lasentinelle.dz\\\/#\\\/schema\\\/logo\\\/image\\\/\"},\"sameAs\":[\"https:\\\/\\\/www.facebook.com\\\/La-Sentinelle-104059864394773\"]},{\"@type\":\"Person\",\"@id\":\"https:\\\/\\\/lasentinelle.dz\\\/#\\\/schema\\\/person\\\/729ee0024f24e0b8c5ec17232f8e8b41\",\"name\":\"admin\",\"image\":{\"@type\":\"ImageObject\",\"inLanguage\":\"fr-FR\",\"@id\":\"https:\\\/\\\/secure.gravatar.com\\\/avatar\\\/4c81fed838786e9b53f540bf46533e750f5d292099ae3b66cfc6fb1982e29df7?s=96&d=mm&r=g\",\"url\":\"https:\\\/\\\/secure.gravatar.com\\\/avatar\\\/4c81fed838786e9b53f540bf46533e750f5d292099ae3b66cfc6fb1982e29df7?s=96&d=mm&r=g\",\"contentUrl\":\"https:\\\/\\\/secure.gravatar.com\\\/avatar\\\/4c81fed838786e9b53f540bf46533e750f5d292099ae3b66cfc6fb1982e29df7?s=96&d=mm&r=g\",\"caption\":\"admin\"},\"description\":\"admin\",\"url\":\"https:\\\/\\\/lasentinelle.dz\\\/author\\\/admin\\\/\"}]}<\/script>\n<!-- \/ Yoast SEO plugin. -->","yoast_head_json":{"title":"Gardien \u00e9ternel de l&rsquo;\u00e2me andalouse \u00a0: Chafik Hadjadj tire sa r\u00e9v\u00e9rence - La Sentinelle","robots":{"index":"index","follow":"follow","max-snippet":"max-snippet:-1","max-image-preview":"max-image-preview:large","max-video-preview":"max-video-preview:-1"},"canonical":"https:\/\/lasentinelle.dz\/index.php\/2025\/06\/01\/gardien-eternel-de-lame-andalouse-chafik-hadjadj-tire-sa-reverence\/","og_locale":"fr_FR","og_type":"article","og_title":"Gardien \u00e9ternel de l&rsquo;\u00e2me andalouse \u00a0: Chafik Hadjadj tire sa r\u00e9v\u00e9rence - La Sentinelle","og_description":"La c\u00e8ne cuturelle est en deuil. Chafik Hadjadj, ma\u00eetre de la musique andalouse, s&rsquo;en est all\u00e9 vendredi \u00e0 l&rsquo;\u00e2ge de","og_url":"https:\/\/lasentinelle.dz\/index.php\/2025\/06\/01\/gardien-eternel-de-lame-andalouse-chafik-hadjadj-tire-sa-reverence\/","og_site_name":"La Sentinelle","article_publisher":"https:\/\/www.facebook.com\/La-Sentinelle-104059864394773","article_published_time":"2025-06-01T19:46:50+00:00","article_modified_time":"2025-06-01T19:46:51+00:00","og_image":[{"width":225,"height":224,"url":"https:\/\/lasentinelle.dz\/wp-content\/uploads\/2025\/06\/chafk-hadjajdj.jpeg","type":"image\/jpeg"}],"author":"admin","twitter_card":"summary_large_image","twitter_misc":{"\u00c9crit par":"admin","Dur\u00e9e de lecture estim\u00e9e":"4 minutes"},"schema":{"@context":"https:\/\/schema.org","@graph":[{"@type":"Article","@id":"https:\/\/lasentinelle.dz\/index.php\/2025\/06\/01\/gardien-eternel-de-lame-andalouse-chafik-hadjadj-tire-sa-reverence\/#article","isPartOf":{"@id":"https:\/\/lasentinelle.dz\/index.php\/2025\/06\/01\/gardien-eternel-de-lame-andalouse-chafik-hadjadj-tire-sa-reverence\/"},"author":{"name":"admin","@id":"https:\/\/lasentinelle.dz\/#\/schema\/person\/729ee0024f24e0b8c5ec17232f8e8b41"},"headline":"Gardien \u00e9ternel de l&rsquo;\u00e2me andalouse \u00a0: Chafik Hadjadj tire sa r\u00e9v\u00e9rence","datePublished":"2025-06-01T19:46:50+00:00","dateModified":"2025-06-01T19:46:51+00:00","mainEntityOfPage":{"@id":"https:\/\/lasentinelle.dz\/index.php\/2025\/06\/01\/gardien-eternel-de-lame-andalouse-chafik-hadjadj-tire-sa-reverence\/"},"wordCount":672,"commentCount":0,"publisher":{"@id":"https:\/\/lasentinelle.dz\/#organization"},"image":{"@id":"https:\/\/lasentinelle.dz\/index.php\/2025\/06\/01\/gardien-eternel-de-lame-andalouse-chafik-hadjadj-tire-sa-reverence\/#primaryimage"},"thumbnailUrl":"https:\/\/lasentinelle.dz\/wp-content\/uploads\/2025\/06\/chafk-hadjajdj.jpeg","articleSection":["Culture"],"inLanguage":"fr-FR","potentialAction":[{"@type":"CommentAction","name":"Comment","target":["https:\/\/lasentinelle.dz\/index.php\/2025\/06\/01\/gardien-eternel-de-lame-andalouse-chafik-hadjadj-tire-sa-reverence\/#respond"]}]},{"@type":"WebPage","@id":"https:\/\/lasentinelle.dz\/index.php\/2025\/06\/01\/gardien-eternel-de-lame-andalouse-chafik-hadjadj-tire-sa-reverence\/","url":"https:\/\/lasentinelle.dz\/index.php\/2025\/06\/01\/gardien-eternel-de-lame-andalouse-chafik-hadjadj-tire-sa-reverence\/","name":"Gardien \u00e9ternel de l&rsquo;\u00e2me andalouse \u00a0: Chafik Hadjadj tire sa r\u00e9v\u00e9rence - La Sentinelle","isPartOf":{"@id":"https:\/\/lasentinelle.dz\/#website"},"primaryImageOfPage":{"@id":"https:\/\/lasentinelle.dz\/index.php\/2025\/06\/01\/gardien-eternel-de-lame-andalouse-chafik-hadjadj-tire-sa-reverence\/#primaryimage"},"image":{"@id":"https:\/\/lasentinelle.dz\/index.php\/2025\/06\/01\/gardien-eternel-de-lame-andalouse-chafik-hadjadj-tire-sa-reverence\/#primaryimage"},"thumbnailUrl":"https:\/\/lasentinelle.dz\/wp-content\/uploads\/2025\/06\/chafk-hadjajdj.jpeg","datePublished":"2025-06-01T19:46:50+00:00","dateModified":"2025-06-01T19:46:51+00:00","breadcrumb":{"@id":"https:\/\/lasentinelle.dz\/index.php\/2025\/06\/01\/gardien-eternel-de-lame-andalouse-chafik-hadjadj-tire-sa-reverence\/#breadcrumb"},"inLanguage":"fr-FR","potentialAction":[{"@type":"ReadAction","target":["https:\/\/lasentinelle.dz\/index.php\/2025\/06\/01\/gardien-eternel-de-lame-andalouse-chafik-hadjadj-tire-sa-reverence\/"]}]},{"@type":"ImageObject","inLanguage":"fr-FR","@id":"https:\/\/lasentinelle.dz\/index.php\/2025\/06\/01\/gardien-eternel-de-lame-andalouse-chafik-hadjadj-tire-sa-reverence\/#primaryimage","url":"https:\/\/lasentinelle.dz\/wp-content\/uploads\/2025\/06\/chafk-hadjajdj.jpeg","contentUrl":"https:\/\/lasentinelle.dz\/wp-content\/uploads\/2025\/06\/chafk-hadjajdj.jpeg","width":225,"height":224},{"@type":"BreadcrumbList","@id":"https:\/\/lasentinelle.dz\/index.php\/2025\/06\/01\/gardien-eternel-de-lame-andalouse-chafik-hadjadj-tire-sa-reverence\/#breadcrumb","itemListElement":[{"@type":"ListItem","position":1,"name":"Accueil","item":"https:\/\/lasentinelle.dz\/"},{"@type":"ListItem","position":2,"name":"Gardien \u00e9ternel de l&rsquo;\u00e2me andalouse \u00a0: Chafik Hadjadj tire sa r\u00e9v\u00e9rence"}]},{"@type":"WebSite","@id":"https:\/\/lasentinelle.dz\/#website","url":"https:\/\/lasentinelle.dz\/","name":"La Sentinelle","description":"Quotidien national d&#039;information","publisher":{"@id":"https:\/\/lasentinelle.dz\/#organization"},"potentialAction":[{"@type":"SearchAction","target":{"@type":"EntryPoint","urlTemplate":"https:\/\/lasentinelle.dz\/?s={search_term_string}"},"query-input":{"@type":"PropertyValueSpecification","valueRequired":true,"valueName":"search_term_string"}}],"inLanguage":"fr-FR"},{"@type":"Organization","@id":"https:\/\/lasentinelle.dz\/#organization","name":"Quotidien La Sentinelle","url":"https:\/\/lasentinelle.dz\/","logo":{"@type":"ImageObject","inLanguage":"fr-FR","@id":"https:\/\/lasentinelle.dz\/#\/schema\/logo\/image\/","url":"https:\/\/lasentinelle.dz\/wp-content\/uploads\/2021\/09\/logo-sentinelleSLOGAN-1.png","contentUrl":"https:\/\/lasentinelle.dz\/wp-content\/uploads\/2021\/09\/logo-sentinelleSLOGAN-1.png","width":615,"height":142,"caption":"Quotidien La Sentinelle"},"image":{"@id":"https:\/\/lasentinelle.dz\/#\/schema\/logo\/image\/"},"sameAs":["https:\/\/www.facebook.com\/La-Sentinelle-104059864394773"]},{"@type":"Person","@id":"https:\/\/lasentinelle.dz\/#\/schema\/person\/729ee0024f24e0b8c5ec17232f8e8b41","name":"admin","image":{"@type":"ImageObject","inLanguage":"fr-FR","@id":"https:\/\/secure.gravatar.com\/avatar\/4c81fed838786e9b53f540bf46533e750f5d292099ae3b66cfc6fb1982e29df7?s=96&d=mm&r=g","url":"https:\/\/secure.gravatar.com\/avatar\/4c81fed838786e9b53f540bf46533e750f5d292099ae3b66cfc6fb1982e29df7?s=96&d=mm&r=g","contentUrl":"https:\/\/secure.gravatar.com\/avatar\/4c81fed838786e9b53f540bf46533e750f5d292099ae3b66cfc6fb1982e29df7?s=96&d=mm&r=g","caption":"admin"},"description":"admin","url":"https:\/\/lasentinelle.dz\/author\/admin\/"}]}},"_links":{"self":[{"href":"https:\/\/lasentinelle.dz\/index.php\/wp-json\/wp\/v2\/posts\/68273","targetHints":{"allow":["GET"]}}],"collection":[{"href":"https:\/\/lasentinelle.dz\/index.php\/wp-json\/wp\/v2\/posts"}],"about":[{"href":"https:\/\/lasentinelle.dz\/index.php\/wp-json\/wp\/v2\/types\/post"}],"author":[{"embeddable":true,"href":"https:\/\/lasentinelle.dz\/index.php\/wp-json\/wp\/v2\/users\/6"}],"replies":[{"embeddable":true,"href":"https:\/\/lasentinelle.dz\/index.php\/wp-json\/wp\/v2\/comments?post=68273"}],"version-history":[{"count":2,"href":"https:\/\/lasentinelle.dz\/index.php\/wp-json\/wp\/v2\/posts\/68273\/revisions"}],"predecessor-version":[{"id":68276,"href":"https:\/\/lasentinelle.dz\/index.php\/wp-json\/wp\/v2\/posts\/68273\/revisions\/68276"}],"wp:featuredmedia":[{"embeddable":true,"href":"https:\/\/lasentinelle.dz\/index.php\/wp-json\/wp\/v2\/media\/68274"}],"wp:attachment":[{"href":"https:\/\/lasentinelle.dz\/index.php\/wp-json\/wp\/v2\/media?parent=68273"}],"wp:term":[{"taxonomy":"category","embeddable":true,"href":"https:\/\/lasentinelle.dz\/index.php\/wp-json\/wp\/v2\/categories?post=68273"},{"taxonomy":"post_tag","embeddable":true,"href":"https:\/\/lasentinelle.dz\/index.php\/wp-json\/wp\/v2\/tags?post=68273"}],"curies":[{"name":"wp","href":"https:\/\/api.w.org\/{rel}","templated":true}]}}