{"id":68277,"date":"2025-06-01T20:47:41","date_gmt":"2025-06-01T19:47:41","guid":{"rendered":"https:\/\/lasentinelle.dz\/?p=68277"},"modified":"2025-06-01T20:47:41","modified_gmt":"2025-06-01T19:47:41","slug":"mouloud-kacem-nait-belkacem-quand-lauthenticite-epouse-la-modernite","status":"publish","type":"post","link":"https:\/\/lasentinelle.dz\/index.php\/2025\/06\/01\/mouloud-kacem-nait-belkacem-quand-lauthenticite-epouse-la-modernite\/","title":{"rendered":"Mouloud Kacem Na\u00eft Belkacem : Quand l&rsquo;authenticit\u00e9 \u00e9pouse la modernit\u00e9"},"content":{"rendered":"\n<p>Une journ\u00e9e d&rsquo;\u00e9tude, organis\u00e9e par l&rsquo;Association des Oul\u00e9mas musulmans alg\u00e9riens sous le th\u00e8me \u00e9vocateur \u00ab\u00a0Mouloud Kacem Na\u00eft Belkacem, homme du r\u00e9formisme national et ic\u00f4ne de la pens\u00e9e p\u00e9dagogique\u00a0\u00bb, a permis de red\u00e9couvrir un penseur dont la vision reste d&rsquo;une actualit\u00e9 saisissante.<\/p>\n\n\n\n<p>Dans l&rsquo;enceinte de la maison de la culture Houari-Boumediene \u00e0 S\u00e9tif, intellectuels, universitaires et figures religieuses se sont r\u00e9unis pour rendre hommage \u00e0 l&rsquo;une des personnalit\u00e9s les plus marquantes de l&rsquo;Alg\u00e9rie contemporaine : Mouloud Kacem Na\u00eft Belkacem (1927-1992). <strong>&nbsp;<\/strong>Mohamed Ma\u00e2moun Al-Kacimi Al-Hoceini, recteur de Djama\u00e2 El-Djaza\u00efr, a dress\u00e9 un portrait saisissant de cet intellectuel hors du commun. Dans sa conf\u00e9rence magistrale, il a soulign\u00e9 que Mouloud Kacem Na\u00eft Belkacem portait un v\u00e9ritable projet de civilisation int\u00e9gr\u00e9, r\u00e9ussissant cette alchimie complexe entre authenticit\u00e9 et modernit\u00e9 qui constitue l&rsquo;un des d\u00e9fis majeurs de notre \u00e9poque. Cette approche novatrice faisait de lui bien plus qu&rsquo;un simple penseur : un v\u00e9ritable architecte de l&rsquo;identit\u00e9 alg\u00e9rienne moderne.<strong> <\/strong>L&rsquo;une des intuitions les plus profondes de Mouloud Kacem Na\u00eft Belkacem r\u00e9sidait dans sa compr\u00e9hension pr\u00e9coce que la bataille de l&rsquo;identit\u00e9 et des composantes de la personnalit\u00e9 nationale rev\u00eatait une importance \u00e9gale \u00e0 celle de la lib\u00e9ration territoriale. Cette vision strat\u00e9gique, particuli\u00e8rement avant-gardiste pour l&rsquo;\u00e9poque, t\u00e9moignait de sa capacit\u00e9 \u00e0 appr\u00e9hender les enjeux de long terme d&rsquo;une nation en construction. Pour lui, une nation ne se d\u00e9finissait pas uniquement par ses fronti\u00e8res g\u00e9ographiques, mais par un ensemble complexe comprenant la langue, la foi, l&rsquo;histoire et le sentiment d&rsquo;appartenance collective.<\/p>\n\n\n\n<p>Le g\u00e9nie de Mouloud Kacem Na\u00eft Belkacem r\u00e9sidait dans sa capacit\u00e9 \u00e0 concevoir une conciliation harmonieuse entre authenticit\u00e9 et modernit\u00e9, concept qui transpara\u00eet dans l&rsquo;ensemble de ses \u00e9crits et discours. Sa conception \u00e9clair\u00e9e proposait une voie originale : vivre pleinement son islam \u00e0 travers l&rsquo;attachement aux valeurs constantes et aux principes \u00e9ternels, tout en faisant preuve de flexibilit\u00e9 face aux changements li\u00e9s aux r\u00e9alit\u00e9s et aux besoins sp\u00e9cifiques de chaque g\u00e9n\u00e9ration. Cette approche nuanc\u00e9e offrait une alternative s\u00e9duisante aux positions extr\u00eames qui ont souvent polaris\u00e9 les d\u00e9bats intellectuels dans le monde arabo-musulman. L&rsquo;engagement de Mouloud Kacem Na\u00eft Belkacem en faveur de la pr\u00e9servation du patrimoine culturel alg\u00e9rien s&rsquo;est manifest\u00e9 notamment par sa d\u00e9fense acharn\u00e9e des biens wakfs et de la langue arabe. Ces combats, loin d&rsquo;\u00eatre purement th\u00e9oriques, s&rsquo;inscrivaient dans une strat\u00e9gie globale visant \u00e0 pr\u00e9server les fondements de l&rsquo;identit\u00e9 nationale face aux tentatives d&rsquo;acculturation. Son action pour mettre en avant les valeurs de l&rsquo;islam dans le cadre de l&rsquo;unit\u00e9 nationale et sa r\u00e9sistance aux projets d&rsquo;\u00e9vang\u00e9lisation t\u00e9moignent d&rsquo;une vigilance constante face aux menaces pesant sur la coh\u00e9sion culturelle du pays.<\/p>\n\n\n\n<p>L&rsquo;une des contributions les plus remarquables de ce penseur r\u00e9side dans sa conception inclusive de l&rsquo;identit\u00e9 alg\u00e9rienne. Le recteur de Djama\u00e2 El-Djaza\u00efr a particuli\u00e8rement insist\u00e9 sur cette dimension : pour Mouloud Kacem Na\u00eft Belkacem, la relation entre islam, arabit\u00e9 et amazighit\u00e9 n&rsquo;\u00e9tait nullement contradictoire mais fondamentalement compl\u00e9mentaire, pour peu que les esprits fassent preuve de maturit\u00e9. Cette vision r\u00e9conciliatrice, particuli\u00e8rement audacieuse pour l&rsquo;\u00e9poque, anticipait les d\u00e9bats contemporains sur la diversit\u00e9 culturelle et linguistique de l&rsquo;Alg\u00e9rie.<\/p>\n\n\n\n<p>Sa philosophie p\u00e9dagogique d\u00e9passait largement les questions de m\u00e9thodes pour embrasser une conception globale de la formation humaine. Pour lui, l&rsquo;\u00e9ducation ne se r\u00e9sumait pas \u00e0 des techniques d&rsquo;enseignement, mais devait s&rsquo;appuyer sur de bons exemples et des hommes mod\u00e8les. Cette approche humaniste pla\u00e7ait la dimension \u00e9thique au c\u0153ur du processus \u00e9ducatif, faisant de l&rsquo;enseignant non seulement un transmetteur de savoirs mais un guide moral et intellectuel. La journ\u00e9e de S\u00e9tif, qui a r\u00e9uni des figures intellectuelles de premier plan comme les docteurs Mohamed Seghir Belaalam, Abderazak Guessoum, Sa\u00efd Maaoual, Mouloud Aouimer et Salah Bela\u00efd, a permis d&rsquo;explorer les multiples facettes de cette personnalit\u00e9 complexe. Les conf\u00e9rences intitul\u00e9es \u00ab\u00a0Mouloud Kacem Na\u00eft Belkacem, l&rsquo;homme et le projet\u00a0\u00bb, \u00ab\u00a0le souci de renaissance chez Mouloud Kacem Na\u00eft Belkacem\u00a0\u00bb et \u00ab\u00a0Mouloud Kacem, douce symphonie et m\u00e9lodie nationale\u00a0\u00bb ont r\u00e9v\u00e9l\u00e9 la richesse d&rsquo;une \u0153uvre qui continue d&rsquo;inspirer les g\u00e9n\u00e9rations actuelles.<\/p>\n\n\n\n<p>Mohand S\u00e9ghir<\/p>\n","protected":false},"excerpt":{"rendered":"<p>Une journ\u00e9e d&rsquo;\u00e9tude, organis\u00e9e par l&rsquo;Association des Oul\u00e9mas musulmans alg\u00e9riens sous le th\u00e8me \u00e9vocateur \u00ab\u00a0Mouloud Kacem Na\u00eft Belkacem, homme du<\/p>\n","protected":false},"author":6,"featured_media":68278,"comment_status":"open","ping_status":"closed","sticky":false,"template":"","format":"standard","meta":{"colormag_page_container_layout":"default_layout","colormag_page_sidebar_layout":"default_layout","om_disable_all_campaigns":false,"_monsterinsights_skip_tracking":false,"_monsterinsights_sitenote_active":false,"_monsterinsights_sitenote_note":"","_monsterinsights_sitenote_category":0,"footnotes":"","_wpscppro_dont_share_socialmedia":false,"_wpscppro_custom_social_share_image":0,"_facebook_share_type":"default","_twitter_share_type":"default","_linkedin_share_type":"default","_pinterest_share_type":"default","_linkedin_share_type_page":"","_instagram_share_type":"default","_medium_share_type":"default","_threads_share_type":"","_google_business_share_type":"","_selected_social_profile":[],"_wpsp_enable_custom_social_template":false,"_wpsp_social_scheduling":{"enabled":false,"datetime":null,"platforms":[],"status":"template_only","dateOption":"today","timeOption":"now","customDays":"","customHours":"","customDate":"","customTime":"","schedulingType":"absolute"},"_wpsp_active_default_template":true},"categories":[36],"tags":[],"class_list":["post-68277","post","type-post","status-publish","format-standard","has-post-thumbnail","hentry","category-culture"],"aioseo_notices":[],"yoast_head":"<!-- This site is optimized with the Yoast SEO plugin v27.5 - https:\/\/yoast.com\/product\/yoast-seo-wordpress\/ -->\n<title>Mouloud Kacem Na\u00eft Belkacem : Quand l&rsquo;authenticit\u00e9 \u00e9pouse la modernit\u00e9 - La Sentinelle<\/title>\n<meta name=\"robots\" content=\"index, follow, max-snippet:-1, max-image-preview:large, max-video-preview:-1\" \/>\n<link rel=\"canonical\" href=\"https:\/\/lasentinelle.dz\/index.php\/2025\/06\/01\/mouloud-kacem-nait-belkacem-quand-lauthenticite-epouse-la-modernite\/\" \/>\n<meta property=\"og:locale\" content=\"fr_FR\" \/>\n<meta property=\"og:type\" content=\"article\" \/>\n<meta property=\"og:title\" content=\"Mouloud Kacem Na\u00eft Belkacem : Quand l&rsquo;authenticit\u00e9 \u00e9pouse la modernit\u00e9 - La Sentinelle\" \/>\n<meta property=\"og:description\" content=\"Une journ\u00e9e d&rsquo;\u00e9tude, organis\u00e9e par l&rsquo;Association des Oul\u00e9mas musulmans alg\u00e9riens sous le th\u00e8me \u00e9vocateur \u00ab\u00a0Mouloud Kacem Na\u00eft Belkacem, homme du\" \/>\n<meta property=\"og:url\" content=\"https:\/\/lasentinelle.dz\/index.php\/2025\/06\/01\/mouloud-kacem-nait-belkacem-quand-lauthenticite-epouse-la-modernite\/\" \/>\n<meta property=\"og:site_name\" content=\"La Sentinelle\" \/>\n<meta property=\"article:publisher\" content=\"https:\/\/www.facebook.com\/La-Sentinelle-104059864394773\" \/>\n<meta property=\"article:published_time\" content=\"2025-06-01T19:47:41+00:00\" \/>\n<meta property=\"og:image\" content=\"https:\/\/lasentinelle.dz\/wp-content\/uploads\/2025\/06\/recteur.jpg\" \/>\n\t<meta property=\"og:image:width\" content=\"960\" \/>\n\t<meta property=\"og:image:height\" content=\"640\" \/>\n\t<meta property=\"og:image:type\" content=\"image\/jpeg\" \/>\n<meta name=\"author\" content=\"admin\" \/>\n<meta name=\"twitter:card\" content=\"summary_large_image\" \/>\n<meta name=\"twitter:label1\" content=\"\u00c9crit par\" \/>\n\t<meta name=\"twitter:data1\" content=\"admin\" \/>\n\t<meta name=\"twitter:label2\" content=\"Dur\u00e9e de lecture estim\u00e9e\" \/>\n\t<meta name=\"twitter:data2\" content=\"4 minutes\" \/>\n<script type=\"application\/ld+json\" class=\"yoast-schema-graph\">{\"@context\":\"https:\\\/\\\/schema.org\",\"@graph\":[{\"@type\":\"Article\",\"@id\":\"https:\\\/\\\/lasentinelle.dz\\\/index.php\\\/2025\\\/06\\\/01\\\/mouloud-kacem-nait-belkacem-quand-lauthenticite-epouse-la-modernite\\\/#article\",\"isPartOf\":{\"@id\":\"https:\\\/\\\/lasentinelle.dz\\\/index.php\\\/2025\\\/06\\\/01\\\/mouloud-kacem-nait-belkacem-quand-lauthenticite-epouse-la-modernite\\\/\"},\"author\":{\"name\":\"admin\",\"@id\":\"https:\\\/\\\/lasentinelle.dz\\\/#\\\/schema\\\/person\\\/729ee0024f24e0b8c5ec17232f8e8b41\"},\"headline\":\"Mouloud Kacem Na\u00eft Belkacem : Quand l&rsquo;authenticit\u00e9 \u00e9pouse la modernit\u00e9\",\"datePublished\":\"2025-06-01T19:47:41+00:00\",\"mainEntityOfPage\":{\"@id\":\"https:\\\/\\\/lasentinelle.dz\\\/index.php\\\/2025\\\/06\\\/01\\\/mouloud-kacem-nait-belkacem-quand-lauthenticite-epouse-la-modernite\\\/\"},\"wordCount\":784,\"commentCount\":0,\"publisher\":{\"@id\":\"https:\\\/\\\/lasentinelle.dz\\\/#organization\"},\"image\":{\"@id\":\"https:\\\/\\\/lasentinelle.dz\\\/index.php\\\/2025\\\/06\\\/01\\\/mouloud-kacem-nait-belkacem-quand-lauthenticite-epouse-la-modernite\\\/#primaryimage\"},\"thumbnailUrl\":\"https:\\\/\\\/lasentinelle.dz\\\/wp-content\\\/uploads\\\/2025\\\/06\\\/recteur.jpg\",\"articleSection\":[\"Culture\"],\"inLanguage\":\"fr-FR\",\"potentialAction\":[{\"@type\":\"CommentAction\",\"name\":\"Comment\",\"target\":[\"https:\\\/\\\/lasentinelle.dz\\\/index.php\\\/2025\\\/06\\\/01\\\/mouloud-kacem-nait-belkacem-quand-lauthenticite-epouse-la-modernite\\\/#respond\"]}]},{\"@type\":\"WebPage\",\"@id\":\"https:\\\/\\\/lasentinelle.dz\\\/index.php\\\/2025\\\/06\\\/01\\\/mouloud-kacem-nait-belkacem-quand-lauthenticite-epouse-la-modernite\\\/\",\"url\":\"https:\\\/\\\/lasentinelle.dz\\\/index.php\\\/2025\\\/06\\\/01\\\/mouloud-kacem-nait-belkacem-quand-lauthenticite-epouse-la-modernite\\\/\",\"name\":\"Mouloud Kacem Na\u00eft Belkacem : Quand l&rsquo;authenticit\u00e9 \u00e9pouse la modernit\u00e9 - La Sentinelle\",\"isPartOf\":{\"@id\":\"https:\\\/\\\/lasentinelle.dz\\\/#website\"},\"primaryImageOfPage\":{\"@id\":\"https:\\\/\\\/lasentinelle.dz\\\/index.php\\\/2025\\\/06\\\/01\\\/mouloud-kacem-nait-belkacem-quand-lauthenticite-epouse-la-modernite\\\/#primaryimage\"},\"image\":{\"@id\":\"https:\\\/\\\/lasentinelle.dz\\\/index.php\\\/2025\\\/06\\\/01\\\/mouloud-kacem-nait-belkacem-quand-lauthenticite-epouse-la-modernite\\\/#primaryimage\"},\"thumbnailUrl\":\"https:\\\/\\\/lasentinelle.dz\\\/wp-content\\\/uploads\\\/2025\\\/06\\\/recteur.jpg\",\"datePublished\":\"2025-06-01T19:47:41+00:00\",\"breadcrumb\":{\"@id\":\"https:\\\/\\\/lasentinelle.dz\\\/index.php\\\/2025\\\/06\\\/01\\\/mouloud-kacem-nait-belkacem-quand-lauthenticite-epouse-la-modernite\\\/#breadcrumb\"},\"inLanguage\":\"fr-FR\",\"potentialAction\":[{\"@type\":\"ReadAction\",\"target\":[\"https:\\\/\\\/lasentinelle.dz\\\/index.php\\\/2025\\\/06\\\/01\\\/mouloud-kacem-nait-belkacem-quand-lauthenticite-epouse-la-modernite\\\/\"]}]},{\"@type\":\"ImageObject\",\"inLanguage\":\"fr-FR\",\"@id\":\"https:\\\/\\\/lasentinelle.dz\\\/index.php\\\/2025\\\/06\\\/01\\\/mouloud-kacem-nait-belkacem-quand-lauthenticite-epouse-la-modernite\\\/#primaryimage\",\"url\":\"https:\\\/\\\/lasentinelle.dz\\\/wp-content\\\/uploads\\\/2025\\\/06\\\/recteur.jpg\",\"contentUrl\":\"https:\\\/\\\/lasentinelle.dz\\\/wp-content\\\/uploads\\\/2025\\\/06\\\/recteur.jpg\",\"width\":960,\"height\":640},{\"@type\":\"BreadcrumbList\",\"@id\":\"https:\\\/\\\/lasentinelle.dz\\\/index.php\\\/2025\\\/06\\\/01\\\/mouloud-kacem-nait-belkacem-quand-lauthenticite-epouse-la-modernite\\\/#breadcrumb\",\"itemListElement\":[{\"@type\":\"ListItem\",\"position\":1,\"name\":\"Accueil\",\"item\":\"https:\\\/\\\/lasentinelle.dz\\\/\"},{\"@type\":\"ListItem\",\"position\":2,\"name\":\"Mouloud Kacem Na\u00eft Belkacem : Quand l&rsquo;authenticit\u00e9 \u00e9pouse la modernit\u00e9\"}]},{\"@type\":\"WebSite\",\"@id\":\"https:\\\/\\\/lasentinelle.dz\\\/#website\",\"url\":\"https:\\\/\\\/lasentinelle.dz\\\/\",\"name\":\"La Sentinelle\",\"description\":\"Quotidien national d&#039;information\",\"publisher\":{\"@id\":\"https:\\\/\\\/lasentinelle.dz\\\/#organization\"},\"potentialAction\":[{\"@type\":\"SearchAction\",\"target\":{\"@type\":\"EntryPoint\",\"urlTemplate\":\"https:\\\/\\\/lasentinelle.dz\\\/?s={search_term_string}\"},\"query-input\":{\"@type\":\"PropertyValueSpecification\",\"valueRequired\":true,\"valueName\":\"search_term_string\"}}],\"inLanguage\":\"fr-FR\"},{\"@type\":\"Organization\",\"@id\":\"https:\\\/\\\/lasentinelle.dz\\\/#organization\",\"name\":\"Quotidien La Sentinelle\",\"url\":\"https:\\\/\\\/lasentinelle.dz\\\/\",\"logo\":{\"@type\":\"ImageObject\",\"inLanguage\":\"fr-FR\",\"@id\":\"https:\\\/\\\/lasentinelle.dz\\\/#\\\/schema\\\/logo\\\/image\\\/\",\"url\":\"https:\\\/\\\/lasentinelle.dz\\\/wp-content\\\/uploads\\\/2021\\\/09\\\/logo-sentinelleSLOGAN-1.png\",\"contentUrl\":\"https:\\\/\\\/lasentinelle.dz\\\/wp-content\\\/uploads\\\/2021\\\/09\\\/logo-sentinelleSLOGAN-1.png\",\"width\":615,\"height\":142,\"caption\":\"Quotidien La Sentinelle\"},\"image\":{\"@id\":\"https:\\\/\\\/lasentinelle.dz\\\/#\\\/schema\\\/logo\\\/image\\\/\"},\"sameAs\":[\"https:\\\/\\\/www.facebook.com\\\/La-Sentinelle-104059864394773\"]},{\"@type\":\"Person\",\"@id\":\"https:\\\/\\\/lasentinelle.dz\\\/#\\\/schema\\\/person\\\/729ee0024f24e0b8c5ec17232f8e8b41\",\"name\":\"admin\",\"image\":{\"@type\":\"ImageObject\",\"inLanguage\":\"fr-FR\",\"@id\":\"https:\\\/\\\/secure.gravatar.com\\\/avatar\\\/4c81fed838786e9b53f540bf46533e750f5d292099ae3b66cfc6fb1982e29df7?s=96&d=mm&r=g\",\"url\":\"https:\\\/\\\/secure.gravatar.com\\\/avatar\\\/4c81fed838786e9b53f540bf46533e750f5d292099ae3b66cfc6fb1982e29df7?s=96&d=mm&r=g\",\"contentUrl\":\"https:\\\/\\\/secure.gravatar.com\\\/avatar\\\/4c81fed838786e9b53f540bf46533e750f5d292099ae3b66cfc6fb1982e29df7?s=96&d=mm&r=g\",\"caption\":\"admin\"},\"description\":\"admin\",\"url\":\"https:\\\/\\\/lasentinelle.dz\\\/author\\\/admin\\\/\"}]}<\/script>\n<!-- \/ Yoast SEO plugin. -->","yoast_head_json":{"title":"Mouloud Kacem Na\u00eft Belkacem : Quand l&rsquo;authenticit\u00e9 \u00e9pouse la modernit\u00e9 - La Sentinelle","robots":{"index":"index","follow":"follow","max-snippet":"max-snippet:-1","max-image-preview":"max-image-preview:large","max-video-preview":"max-video-preview:-1"},"canonical":"https:\/\/lasentinelle.dz\/index.php\/2025\/06\/01\/mouloud-kacem-nait-belkacem-quand-lauthenticite-epouse-la-modernite\/","og_locale":"fr_FR","og_type":"article","og_title":"Mouloud Kacem Na\u00eft Belkacem : Quand l&rsquo;authenticit\u00e9 \u00e9pouse la modernit\u00e9 - La Sentinelle","og_description":"Une journ\u00e9e d&rsquo;\u00e9tude, organis\u00e9e par l&rsquo;Association des Oul\u00e9mas musulmans alg\u00e9riens sous le th\u00e8me \u00e9vocateur \u00ab\u00a0Mouloud Kacem Na\u00eft Belkacem, homme du","og_url":"https:\/\/lasentinelle.dz\/index.php\/2025\/06\/01\/mouloud-kacem-nait-belkacem-quand-lauthenticite-epouse-la-modernite\/","og_site_name":"La Sentinelle","article_publisher":"https:\/\/www.facebook.com\/La-Sentinelle-104059864394773","article_published_time":"2025-06-01T19:47:41+00:00","og_image":[{"width":960,"height":640,"url":"https:\/\/lasentinelle.dz\/wp-content\/uploads\/2025\/06\/recteur.jpg","type":"image\/jpeg"}],"author":"admin","twitter_card":"summary_large_image","twitter_misc":{"\u00c9crit par":"admin","Dur\u00e9e de lecture estim\u00e9e":"4 minutes"},"schema":{"@context":"https:\/\/schema.org","@graph":[{"@type":"Article","@id":"https:\/\/lasentinelle.dz\/index.php\/2025\/06\/01\/mouloud-kacem-nait-belkacem-quand-lauthenticite-epouse-la-modernite\/#article","isPartOf":{"@id":"https:\/\/lasentinelle.dz\/index.php\/2025\/06\/01\/mouloud-kacem-nait-belkacem-quand-lauthenticite-epouse-la-modernite\/"},"author":{"name":"admin","@id":"https:\/\/lasentinelle.dz\/#\/schema\/person\/729ee0024f24e0b8c5ec17232f8e8b41"},"headline":"Mouloud Kacem Na\u00eft Belkacem : Quand l&rsquo;authenticit\u00e9 \u00e9pouse la modernit\u00e9","datePublished":"2025-06-01T19:47:41+00:00","mainEntityOfPage":{"@id":"https:\/\/lasentinelle.dz\/index.php\/2025\/06\/01\/mouloud-kacem-nait-belkacem-quand-lauthenticite-epouse-la-modernite\/"},"wordCount":784,"commentCount":0,"publisher":{"@id":"https:\/\/lasentinelle.dz\/#organization"},"image":{"@id":"https:\/\/lasentinelle.dz\/index.php\/2025\/06\/01\/mouloud-kacem-nait-belkacem-quand-lauthenticite-epouse-la-modernite\/#primaryimage"},"thumbnailUrl":"https:\/\/lasentinelle.dz\/wp-content\/uploads\/2025\/06\/recteur.jpg","articleSection":["Culture"],"inLanguage":"fr-FR","potentialAction":[{"@type":"CommentAction","name":"Comment","target":["https:\/\/lasentinelle.dz\/index.php\/2025\/06\/01\/mouloud-kacem-nait-belkacem-quand-lauthenticite-epouse-la-modernite\/#respond"]}]},{"@type":"WebPage","@id":"https:\/\/lasentinelle.dz\/index.php\/2025\/06\/01\/mouloud-kacem-nait-belkacem-quand-lauthenticite-epouse-la-modernite\/","url":"https:\/\/lasentinelle.dz\/index.php\/2025\/06\/01\/mouloud-kacem-nait-belkacem-quand-lauthenticite-epouse-la-modernite\/","name":"Mouloud Kacem Na\u00eft Belkacem : Quand l&rsquo;authenticit\u00e9 \u00e9pouse la modernit\u00e9 - La Sentinelle","isPartOf":{"@id":"https:\/\/lasentinelle.dz\/#website"},"primaryImageOfPage":{"@id":"https:\/\/lasentinelle.dz\/index.php\/2025\/06\/01\/mouloud-kacem-nait-belkacem-quand-lauthenticite-epouse-la-modernite\/#primaryimage"},"image":{"@id":"https:\/\/lasentinelle.dz\/index.php\/2025\/06\/01\/mouloud-kacem-nait-belkacem-quand-lauthenticite-epouse-la-modernite\/#primaryimage"},"thumbnailUrl":"https:\/\/lasentinelle.dz\/wp-content\/uploads\/2025\/06\/recteur.jpg","datePublished":"2025-06-01T19:47:41+00:00","breadcrumb":{"@id":"https:\/\/lasentinelle.dz\/index.php\/2025\/06\/01\/mouloud-kacem-nait-belkacem-quand-lauthenticite-epouse-la-modernite\/#breadcrumb"},"inLanguage":"fr-FR","potentialAction":[{"@type":"ReadAction","target":["https:\/\/lasentinelle.dz\/index.php\/2025\/06\/01\/mouloud-kacem-nait-belkacem-quand-lauthenticite-epouse-la-modernite\/"]}]},{"@type":"ImageObject","inLanguage":"fr-FR","@id":"https:\/\/lasentinelle.dz\/index.php\/2025\/06\/01\/mouloud-kacem-nait-belkacem-quand-lauthenticite-epouse-la-modernite\/#primaryimage","url":"https:\/\/lasentinelle.dz\/wp-content\/uploads\/2025\/06\/recteur.jpg","contentUrl":"https:\/\/lasentinelle.dz\/wp-content\/uploads\/2025\/06\/recteur.jpg","width":960,"height":640},{"@type":"BreadcrumbList","@id":"https:\/\/lasentinelle.dz\/index.php\/2025\/06\/01\/mouloud-kacem-nait-belkacem-quand-lauthenticite-epouse-la-modernite\/#breadcrumb","itemListElement":[{"@type":"ListItem","position":1,"name":"Accueil","item":"https:\/\/lasentinelle.dz\/"},{"@type":"ListItem","position":2,"name":"Mouloud Kacem Na\u00eft Belkacem : Quand l&rsquo;authenticit\u00e9 \u00e9pouse la modernit\u00e9"}]},{"@type":"WebSite","@id":"https:\/\/lasentinelle.dz\/#website","url":"https:\/\/lasentinelle.dz\/","name":"La Sentinelle","description":"Quotidien national d&#039;information","publisher":{"@id":"https:\/\/lasentinelle.dz\/#organization"},"potentialAction":[{"@type":"SearchAction","target":{"@type":"EntryPoint","urlTemplate":"https:\/\/lasentinelle.dz\/?s={search_term_string}"},"query-input":{"@type":"PropertyValueSpecification","valueRequired":true,"valueName":"search_term_string"}}],"inLanguage":"fr-FR"},{"@type":"Organization","@id":"https:\/\/lasentinelle.dz\/#organization","name":"Quotidien La Sentinelle","url":"https:\/\/lasentinelle.dz\/","logo":{"@type":"ImageObject","inLanguage":"fr-FR","@id":"https:\/\/lasentinelle.dz\/#\/schema\/logo\/image\/","url":"https:\/\/lasentinelle.dz\/wp-content\/uploads\/2021\/09\/logo-sentinelleSLOGAN-1.png","contentUrl":"https:\/\/lasentinelle.dz\/wp-content\/uploads\/2021\/09\/logo-sentinelleSLOGAN-1.png","width":615,"height":142,"caption":"Quotidien La Sentinelle"},"image":{"@id":"https:\/\/lasentinelle.dz\/#\/schema\/logo\/image\/"},"sameAs":["https:\/\/www.facebook.com\/La-Sentinelle-104059864394773"]},{"@type":"Person","@id":"https:\/\/lasentinelle.dz\/#\/schema\/person\/729ee0024f24e0b8c5ec17232f8e8b41","name":"admin","image":{"@type":"ImageObject","inLanguage":"fr-FR","@id":"https:\/\/secure.gravatar.com\/avatar\/4c81fed838786e9b53f540bf46533e750f5d292099ae3b66cfc6fb1982e29df7?s=96&d=mm&r=g","url":"https:\/\/secure.gravatar.com\/avatar\/4c81fed838786e9b53f540bf46533e750f5d292099ae3b66cfc6fb1982e29df7?s=96&d=mm&r=g","contentUrl":"https:\/\/secure.gravatar.com\/avatar\/4c81fed838786e9b53f540bf46533e750f5d292099ae3b66cfc6fb1982e29df7?s=96&d=mm&r=g","caption":"admin"},"description":"admin","url":"https:\/\/lasentinelle.dz\/author\/admin\/"}]}},"_links":{"self":[{"href":"https:\/\/lasentinelle.dz\/index.php\/wp-json\/wp\/v2\/posts\/68277","targetHints":{"allow":["GET"]}}],"collection":[{"href":"https:\/\/lasentinelle.dz\/index.php\/wp-json\/wp\/v2\/posts"}],"about":[{"href":"https:\/\/lasentinelle.dz\/index.php\/wp-json\/wp\/v2\/types\/post"}],"author":[{"embeddable":true,"href":"https:\/\/lasentinelle.dz\/index.php\/wp-json\/wp\/v2\/users\/6"}],"replies":[{"embeddable":true,"href":"https:\/\/lasentinelle.dz\/index.php\/wp-json\/wp\/v2\/comments?post=68277"}],"version-history":[{"count":2,"href":"https:\/\/lasentinelle.dz\/index.php\/wp-json\/wp\/v2\/posts\/68277\/revisions"}],"predecessor-version":[{"id":68280,"href":"https:\/\/lasentinelle.dz\/index.php\/wp-json\/wp\/v2\/posts\/68277\/revisions\/68280"}],"wp:featuredmedia":[{"embeddable":true,"href":"https:\/\/lasentinelle.dz\/index.php\/wp-json\/wp\/v2\/media\/68278"}],"wp:attachment":[{"href":"https:\/\/lasentinelle.dz\/index.php\/wp-json\/wp\/v2\/media?parent=68277"}],"wp:term":[{"taxonomy":"category","embeddable":true,"href":"https:\/\/lasentinelle.dz\/index.php\/wp-json\/wp\/v2\/categories?post=68277"},{"taxonomy":"post_tag","embeddable":true,"href":"https:\/\/lasentinelle.dz\/index.php\/wp-json\/wp\/v2\/tags?post=68277"}],"curies":[{"name":"wp","href":"https:\/\/api.w.org\/{rel}","templated":true}]}}