{"id":68281,"date":"2025-06-01T20:48:38","date_gmt":"2025-06-01T19:48:38","guid":{"rendered":"https:\/\/lasentinelle.dz\/?p=68281"},"modified":"2025-06-01T20:48:39","modified_gmt":"2025-06-01T19:48:39","slug":"ismael-bennacer-et-lom-une-histoire-qui-se-termine-deja","status":"publish","type":"post","link":"https:\/\/lasentinelle.dz\/index.php\/2025\/06\/01\/ismael-bennacer-et-lom-une-histoire-qui-se-termine-deja\/","title":{"rendered":"Isma\u00ebl Bennacer et l&rsquo;OM \u00a0: Une histoire qui se termine d\u00e9j\u00e0 ?"},"content":{"rendered":"\n<p>L&rsquo;aventure marseillaise d&rsquo;Isma\u00ebl Bennacer pourrait bient\u00f4t toucher \u00e0 sa fin apr\u00e8s seulement quelques mois sur la Canebi\u00e8re. Pr\u00eat\u00e9 par l&rsquo;AC Milan durant le mercato hivernal, l&rsquo;international alg\u00e9rien de 27 pour bien ne pas rester au stade v\u00e9lodrome selon plusieurs m\u00e9dias sp\u00e9cialis\u00e9s. Arriv\u00e9 avec l&rsquo;\u00e9tiquette d&rsquo;un milieu de terrain exp\u00e9riment\u00e9 et technique, Bennacer portait les espoirs de nombreux supporters marseillais et alg\u00e9riens qui voyaient en lui le cha\u00eenon manquant du milieu olympien. Malheureusement, les chiffres parlent d&rsquo;eux-m\u00eames : douze apparitions en Ligue 1 pour un total de 650 minutes disput\u00e9es, soit une moyenne d&rsquo;\u00e0 peine plus d&rsquo;une heure par match sur l&rsquo;ensemble de sa p\u00e9riode marseillaise. Un temps de jeu qui t\u00e9moigne des difficult\u00e9s rencontr\u00e9es par l&rsquo;ancien joueur d&rsquo;Empoli pour s&rsquo;imposer dans la rotation de Roberto De Zerbi.<\/p>\n\n\n\n<p>Les probl\u00e8mes physiques r\u00e9currents qui ont jalonn\u00e9 son passage ont largement contribu\u00e9 \u00e0 cette situation d\u00e9licate. Victime de p\u00e9pins musculaires \u00e0 r\u00e9p\u00e9tition, Bennacer n&rsquo;a jamais pu encha\u00eener une s\u00e9rie de matches suffisante pour retrouver son rythme optimal et d\u00e9montrer l&rsquo;\u00e9tendue de son talent. Cette fragilit\u00e9 physique, d\u00e9j\u00e0 observ\u00e9e lors de ses derniers mois milanais, a pes\u00e9 lourd dans l&rsquo;\u00e9valuation de ses performances par le staff technique marseillais.<\/p>\n\n\n\n<p>Au-del\u00e0 des consid\u00e9rations purement sportives, l&rsquo;aspect financier a \u00e9galement jou\u00e9 un r\u00f4le d\u00e9terminant dans la d\u00e9cision de l&rsquo;OM. Selon les informations r\u00e9v\u00e9l\u00e9es par le journaliste italien Nicol\u00f2 Schira, le club phoc\u00e9en a choisi de ne pas lever l&rsquo;option d&rsquo;achat fix\u00e9e \u00e0 douze millions d&rsquo;euros. Cette d\u00e9cision s&rsquo;explique notamment par le salaire cons\u00e9quent du joueur, estim\u00e9 \u00e0 4,2 millions d&rsquo;euros nets annuels, une somme qui repr\u00e9sente un investissement consid\u00e9rable pour un rendement jug\u00e9 insuffisant par la direction olympienne.<\/p>\n\n\n\n<p>Pablo Longoria, pr\u00e9sident de l&rsquo;OM, a toujours pr\u00f4n\u00e9 une gestion rigoureuse des finances du club, et cette philosophie se refl\u00e8te dans le traitement du dossier Bennacer. Accorder un tel niveau de r\u00e9mun\u00e9ration \u00e0 un joueur qui n&rsquo;a pas d\u00e9montr\u00e9 sa capacit\u00e9 \u00e0 \u00eatre un \u00e9l\u00e9ment central du projet marseillais aurait cr\u00e9\u00e9 un d\u00e9s\u00e9quilibre dans l&rsquo;\u00e9conomie salariale du vestiaire, d&rsquo;autant plus que d&rsquo;autres recrues ont su tirer leur \u00e9pingle du jeu avec des \u00e9moluments moindres.<\/p>\n\n\n\n<p>Cette situation soul\u00e8ve \u00e9galement des questions tactiques l\u00e9gitimes. Le style de jeu pr\u00f4n\u00e9 par De Zerbi, bas\u00e9 sur une circulation rapide du ballon et une intensit\u00e9 physique soutenue, ne semble pas avoir parfaitement convenu aux qualit\u00e9s naturelles de Bennacer. Si ce dernier excelle dans la r\u00e9cup\u00e9ration et la distribution courte, son impact dans les phases de transition et sa capacit\u00e9 \u00e0 imposer son rythme dans l&rsquo;intensit\u00e9 de la Ligue 1 ont fait d\u00e9faut.<\/p>\n\n\n\n<p>L&rsquo;avenir du milieu alg\u00e9rien reste d\u00e9sormais incertain, avec un retour probable \u00e0 Milan o\u00f9 le duo Tare-Allegri devra statuer sur son sort. Si les Rossoneri ne comptent plus sur ses services, Bennacer devra explorer d&rsquo;autres options pour retrouver un temps de jeu r\u00e9gulier et relancer une carri\u00e8re qui semblait promise \u00e0 un brillant avenir il y a encore quelques saisons. Une hypoth\u00e8se int\u00e9ressante m\u00e9rite cependant d&rsquo;\u00eatre \u00e9voqu\u00e9e : cette d\u00e9cision marseillaise pourrait-elle constituer une strat\u00e9gie de n\u00e9gociation visant \u00e0 faire baisser les pr\u00e9tentions financi\u00e8res milanaises en vue d&rsquo;un \u00e9ventuel accord ult\u00e9rieur \u00e0 des conditions plus avantageuses pour l&rsquo;OM ? Seul l&rsquo;\u00e9t\u00e9 nous le dira.<\/p>\n\n\n\n<p>M.D.<\/p>\n","protected":false},"excerpt":{"rendered":"<p>L&rsquo;aventure marseillaise d&rsquo;Isma\u00ebl Bennacer pourrait bient\u00f4t toucher \u00e0 sa fin apr\u00e8s seulement quelques mois sur la Canebi\u00e8re. Pr\u00eat\u00e9 par l&rsquo;AC<\/p>\n","protected":false},"author":6,"featured_media":67762,"comment_status":"open","ping_status":"closed","sticky":false,"template":"","format":"standard","meta":{"colormag_page_container_layout":"default_layout","colormag_page_sidebar_layout":"default_layout","om_disable_all_campaigns":false,"_monsterinsights_skip_tracking":false,"_monsterinsights_sitenote_active":false,"_monsterinsights_sitenote_note":"","_monsterinsights_sitenote_category":0,"footnotes":"","_wpscppro_dont_share_socialmedia":false,"_wpscppro_custom_social_share_image":0,"_facebook_share_type":"default","_twitter_share_type":"default","_linkedin_share_type":"default","_pinterest_share_type":"default","_linkedin_share_type_page":"","_instagram_share_type":"default","_medium_share_type":"default","_threads_share_type":"","_google_business_share_type":"","_selected_social_profile":[],"_wpsp_enable_custom_social_template":false,"_wpsp_social_scheduling":{"enabled":false,"datetime":null,"platforms":[],"status":"template_only","dateOption":"today","timeOption":"now","customDays":"","customHours":"","customDate":"","customTime":"","schedulingType":"absolute"},"_wpsp_active_default_template":true},"categories":[33],"tags":[],"class_list":["post-68281","post","type-post","status-publish","format-standard","has-post-thumbnail","hentry","category-sports"],"aioseo_notices":[],"yoast_head":"<!-- This site is optimized with the Yoast SEO plugin v27.5 - https:\/\/yoast.com\/product\/yoast-seo-wordpress\/ -->\n<title>Isma\u00ebl Bennacer et l&rsquo;OM \u00a0: Une histoire qui se termine d\u00e9j\u00e0 ? - La Sentinelle<\/title>\n<meta name=\"robots\" content=\"index, follow, max-snippet:-1, max-image-preview:large, max-video-preview:-1\" \/>\n<link rel=\"canonical\" href=\"https:\/\/lasentinelle.dz\/index.php\/2025\/06\/01\/ismael-bennacer-et-lom-une-histoire-qui-se-termine-deja\/\" \/>\n<meta property=\"og:locale\" content=\"fr_FR\" \/>\n<meta property=\"og:type\" content=\"article\" \/>\n<meta property=\"og:title\" content=\"Isma\u00ebl Bennacer et l&rsquo;OM \u00a0: Une histoire qui se termine d\u00e9j\u00e0 ? - La Sentinelle\" \/>\n<meta property=\"og:description\" content=\"L&rsquo;aventure marseillaise d&rsquo;Isma\u00ebl Bennacer pourrait bient\u00f4t toucher \u00e0 sa fin apr\u00e8s seulement quelques mois sur la Canebi\u00e8re. Pr\u00eat\u00e9 par l&rsquo;AC\" \/>\n<meta property=\"og:url\" content=\"https:\/\/lasentinelle.dz\/index.php\/2025\/06\/01\/ismael-bennacer-et-lom-une-histoire-qui-se-termine-deja\/\" \/>\n<meta property=\"og:site_name\" content=\"La Sentinelle\" \/>\n<meta property=\"article:publisher\" content=\"https:\/\/www.facebook.com\/La-Sentinelle-104059864394773\" \/>\n<meta property=\"article:published_time\" content=\"2025-06-01T19:48:38+00:00\" \/>\n<meta property=\"article:modified_time\" content=\"2025-06-01T19:48:39+00:00\" \/>\n<meta property=\"og:image\" content=\"https:\/\/lasentinelle.dz\/wp-content\/uploads\/2025\/05\/bennacer.jpg\" \/>\n\t<meta property=\"og:image:width\" content=\"1300\" \/>\n\t<meta property=\"og:image:height\" content=\"867\" \/>\n\t<meta property=\"og:image:type\" content=\"image\/jpeg\" \/>\n<meta name=\"author\" content=\"admin\" \/>\n<meta name=\"twitter:card\" content=\"summary_large_image\" \/>\n<meta name=\"twitter:label1\" content=\"\u00c9crit par\" \/>\n\t<meta name=\"twitter:data1\" content=\"admin\" \/>\n\t<meta name=\"twitter:label2\" content=\"Dur\u00e9e de lecture estim\u00e9e\" \/>\n\t<meta name=\"twitter:data2\" content=\"3 minutes\" \/>\n<script type=\"application\/ld+json\" class=\"yoast-schema-graph\">{\"@context\":\"https:\\\/\\\/schema.org\",\"@graph\":[{\"@type\":\"Article\",\"@id\":\"https:\\\/\\\/lasentinelle.dz\\\/index.php\\\/2025\\\/06\\\/01\\\/ismael-bennacer-et-lom-une-histoire-qui-se-termine-deja\\\/#article\",\"isPartOf\":{\"@id\":\"https:\\\/\\\/lasentinelle.dz\\\/index.php\\\/2025\\\/06\\\/01\\\/ismael-bennacer-et-lom-une-histoire-qui-se-termine-deja\\\/\"},\"author\":{\"name\":\"admin\",\"@id\":\"https:\\\/\\\/lasentinelle.dz\\\/#\\\/schema\\\/person\\\/729ee0024f24e0b8c5ec17232f8e8b41\"},\"headline\":\"Isma\u00ebl Bennacer et l&rsquo;OM \u00a0: Une histoire qui se termine d\u00e9j\u00e0 ?\",\"datePublished\":\"2025-06-01T19:48:38+00:00\",\"dateModified\":\"2025-06-01T19:48:39+00:00\",\"mainEntityOfPage\":{\"@id\":\"https:\\\/\\\/lasentinelle.dz\\\/index.php\\\/2025\\\/06\\\/01\\\/ismael-bennacer-et-lom-une-histoire-qui-se-termine-deja\\\/\"},\"wordCount\":625,\"commentCount\":0,\"publisher\":{\"@id\":\"https:\\\/\\\/lasentinelle.dz\\\/#organization\"},\"image\":{\"@id\":\"https:\\\/\\\/lasentinelle.dz\\\/index.php\\\/2025\\\/06\\\/01\\\/ismael-bennacer-et-lom-une-histoire-qui-se-termine-deja\\\/#primaryimage\"},\"thumbnailUrl\":\"https:\\\/\\\/lasentinelle.dz\\\/wp-content\\\/uploads\\\/2025\\\/05\\\/bennacer.jpg\",\"articleSection\":[\"Sports\"],\"inLanguage\":\"fr-FR\",\"potentialAction\":[{\"@type\":\"CommentAction\",\"name\":\"Comment\",\"target\":[\"https:\\\/\\\/lasentinelle.dz\\\/index.php\\\/2025\\\/06\\\/01\\\/ismael-bennacer-et-lom-une-histoire-qui-se-termine-deja\\\/#respond\"]}]},{\"@type\":\"WebPage\",\"@id\":\"https:\\\/\\\/lasentinelle.dz\\\/index.php\\\/2025\\\/06\\\/01\\\/ismael-bennacer-et-lom-une-histoire-qui-se-termine-deja\\\/\",\"url\":\"https:\\\/\\\/lasentinelle.dz\\\/index.php\\\/2025\\\/06\\\/01\\\/ismael-bennacer-et-lom-une-histoire-qui-se-termine-deja\\\/\",\"name\":\"Isma\u00ebl Bennacer et l&rsquo;OM \u00a0: Une histoire qui se termine d\u00e9j\u00e0 ? - La Sentinelle\",\"isPartOf\":{\"@id\":\"https:\\\/\\\/lasentinelle.dz\\\/#website\"},\"primaryImageOfPage\":{\"@id\":\"https:\\\/\\\/lasentinelle.dz\\\/index.php\\\/2025\\\/06\\\/01\\\/ismael-bennacer-et-lom-une-histoire-qui-se-termine-deja\\\/#primaryimage\"},\"image\":{\"@id\":\"https:\\\/\\\/lasentinelle.dz\\\/index.php\\\/2025\\\/06\\\/01\\\/ismael-bennacer-et-lom-une-histoire-qui-se-termine-deja\\\/#primaryimage\"},\"thumbnailUrl\":\"https:\\\/\\\/lasentinelle.dz\\\/wp-content\\\/uploads\\\/2025\\\/05\\\/bennacer.jpg\",\"datePublished\":\"2025-06-01T19:48:38+00:00\",\"dateModified\":\"2025-06-01T19:48:39+00:00\",\"breadcrumb\":{\"@id\":\"https:\\\/\\\/lasentinelle.dz\\\/index.php\\\/2025\\\/06\\\/01\\\/ismael-bennacer-et-lom-une-histoire-qui-se-termine-deja\\\/#breadcrumb\"},\"inLanguage\":\"fr-FR\",\"potentialAction\":[{\"@type\":\"ReadAction\",\"target\":[\"https:\\\/\\\/lasentinelle.dz\\\/index.php\\\/2025\\\/06\\\/01\\\/ismael-bennacer-et-lom-une-histoire-qui-se-termine-deja\\\/\"]}]},{\"@type\":\"ImageObject\",\"inLanguage\":\"fr-FR\",\"@id\":\"https:\\\/\\\/lasentinelle.dz\\\/index.php\\\/2025\\\/06\\\/01\\\/ismael-bennacer-et-lom-une-histoire-qui-se-termine-deja\\\/#primaryimage\",\"url\":\"https:\\\/\\\/lasentinelle.dz\\\/wp-content\\\/uploads\\\/2025\\\/05\\\/bennacer.jpg\",\"contentUrl\":\"https:\\\/\\\/lasentinelle.dz\\\/wp-content\\\/uploads\\\/2025\\\/05\\\/bennacer.jpg\",\"width\":1300,\"height\":867},{\"@type\":\"BreadcrumbList\",\"@id\":\"https:\\\/\\\/lasentinelle.dz\\\/index.php\\\/2025\\\/06\\\/01\\\/ismael-bennacer-et-lom-une-histoire-qui-se-termine-deja\\\/#breadcrumb\",\"itemListElement\":[{\"@type\":\"ListItem\",\"position\":1,\"name\":\"Accueil\",\"item\":\"https:\\\/\\\/lasentinelle.dz\\\/\"},{\"@type\":\"ListItem\",\"position\":2,\"name\":\"Isma\u00ebl Bennacer et l&rsquo;OM \u00a0: Une histoire qui se termine d\u00e9j\u00e0 ?\"}]},{\"@type\":\"WebSite\",\"@id\":\"https:\\\/\\\/lasentinelle.dz\\\/#website\",\"url\":\"https:\\\/\\\/lasentinelle.dz\\\/\",\"name\":\"La Sentinelle\",\"description\":\"Quotidien national d&#039;information\",\"publisher\":{\"@id\":\"https:\\\/\\\/lasentinelle.dz\\\/#organization\"},\"potentialAction\":[{\"@type\":\"SearchAction\",\"target\":{\"@type\":\"EntryPoint\",\"urlTemplate\":\"https:\\\/\\\/lasentinelle.dz\\\/?s={search_term_string}\"},\"query-input\":{\"@type\":\"PropertyValueSpecification\",\"valueRequired\":true,\"valueName\":\"search_term_string\"}}],\"inLanguage\":\"fr-FR\"},{\"@type\":\"Organization\",\"@id\":\"https:\\\/\\\/lasentinelle.dz\\\/#organization\",\"name\":\"Quotidien La Sentinelle\",\"url\":\"https:\\\/\\\/lasentinelle.dz\\\/\",\"logo\":{\"@type\":\"ImageObject\",\"inLanguage\":\"fr-FR\",\"@id\":\"https:\\\/\\\/lasentinelle.dz\\\/#\\\/schema\\\/logo\\\/image\\\/\",\"url\":\"https:\\\/\\\/lasentinelle.dz\\\/wp-content\\\/uploads\\\/2021\\\/09\\\/logo-sentinelleSLOGAN-1.png\",\"contentUrl\":\"https:\\\/\\\/lasentinelle.dz\\\/wp-content\\\/uploads\\\/2021\\\/09\\\/logo-sentinelleSLOGAN-1.png\",\"width\":615,\"height\":142,\"caption\":\"Quotidien La Sentinelle\"},\"image\":{\"@id\":\"https:\\\/\\\/lasentinelle.dz\\\/#\\\/schema\\\/logo\\\/image\\\/\"},\"sameAs\":[\"https:\\\/\\\/www.facebook.com\\\/La-Sentinelle-104059864394773\"]},{\"@type\":\"Person\",\"@id\":\"https:\\\/\\\/lasentinelle.dz\\\/#\\\/schema\\\/person\\\/729ee0024f24e0b8c5ec17232f8e8b41\",\"name\":\"admin\",\"image\":{\"@type\":\"ImageObject\",\"inLanguage\":\"fr-FR\",\"@id\":\"https:\\\/\\\/secure.gravatar.com\\\/avatar\\\/4c81fed838786e9b53f540bf46533e750f5d292099ae3b66cfc6fb1982e29df7?s=96&d=mm&r=g\",\"url\":\"https:\\\/\\\/secure.gravatar.com\\\/avatar\\\/4c81fed838786e9b53f540bf46533e750f5d292099ae3b66cfc6fb1982e29df7?s=96&d=mm&r=g\",\"contentUrl\":\"https:\\\/\\\/secure.gravatar.com\\\/avatar\\\/4c81fed838786e9b53f540bf46533e750f5d292099ae3b66cfc6fb1982e29df7?s=96&d=mm&r=g\",\"caption\":\"admin\"},\"description\":\"admin\",\"url\":\"https:\\\/\\\/lasentinelle.dz\\\/author\\\/admin\\\/\"}]}<\/script>\n<!-- \/ Yoast SEO plugin. -->","yoast_head_json":{"title":"Isma\u00ebl Bennacer et l&rsquo;OM \u00a0: Une histoire qui se termine d\u00e9j\u00e0 ? - La Sentinelle","robots":{"index":"index","follow":"follow","max-snippet":"max-snippet:-1","max-image-preview":"max-image-preview:large","max-video-preview":"max-video-preview:-1"},"canonical":"https:\/\/lasentinelle.dz\/index.php\/2025\/06\/01\/ismael-bennacer-et-lom-une-histoire-qui-se-termine-deja\/","og_locale":"fr_FR","og_type":"article","og_title":"Isma\u00ebl Bennacer et l&rsquo;OM \u00a0: Une histoire qui se termine d\u00e9j\u00e0 ? - La Sentinelle","og_description":"L&rsquo;aventure marseillaise d&rsquo;Isma\u00ebl Bennacer pourrait bient\u00f4t toucher \u00e0 sa fin apr\u00e8s seulement quelques mois sur la Canebi\u00e8re. Pr\u00eat\u00e9 par l&rsquo;AC","og_url":"https:\/\/lasentinelle.dz\/index.php\/2025\/06\/01\/ismael-bennacer-et-lom-une-histoire-qui-se-termine-deja\/","og_site_name":"La Sentinelle","article_publisher":"https:\/\/www.facebook.com\/La-Sentinelle-104059864394773","article_published_time":"2025-06-01T19:48:38+00:00","article_modified_time":"2025-06-01T19:48:39+00:00","og_image":[{"width":1300,"height":867,"url":"https:\/\/lasentinelle.dz\/wp-content\/uploads\/2025\/05\/bennacer.jpg","type":"image\/jpeg"}],"author":"admin","twitter_card":"summary_large_image","twitter_misc":{"\u00c9crit par":"admin","Dur\u00e9e de lecture estim\u00e9e":"3 minutes"},"schema":{"@context":"https:\/\/schema.org","@graph":[{"@type":"Article","@id":"https:\/\/lasentinelle.dz\/index.php\/2025\/06\/01\/ismael-bennacer-et-lom-une-histoire-qui-se-termine-deja\/#article","isPartOf":{"@id":"https:\/\/lasentinelle.dz\/index.php\/2025\/06\/01\/ismael-bennacer-et-lom-une-histoire-qui-se-termine-deja\/"},"author":{"name":"admin","@id":"https:\/\/lasentinelle.dz\/#\/schema\/person\/729ee0024f24e0b8c5ec17232f8e8b41"},"headline":"Isma\u00ebl Bennacer et l&rsquo;OM \u00a0: Une histoire qui se termine d\u00e9j\u00e0 ?","datePublished":"2025-06-01T19:48:38+00:00","dateModified":"2025-06-01T19:48:39+00:00","mainEntityOfPage":{"@id":"https:\/\/lasentinelle.dz\/index.php\/2025\/06\/01\/ismael-bennacer-et-lom-une-histoire-qui-se-termine-deja\/"},"wordCount":625,"commentCount":0,"publisher":{"@id":"https:\/\/lasentinelle.dz\/#organization"},"image":{"@id":"https:\/\/lasentinelle.dz\/index.php\/2025\/06\/01\/ismael-bennacer-et-lom-une-histoire-qui-se-termine-deja\/#primaryimage"},"thumbnailUrl":"https:\/\/lasentinelle.dz\/wp-content\/uploads\/2025\/05\/bennacer.jpg","articleSection":["Sports"],"inLanguage":"fr-FR","potentialAction":[{"@type":"CommentAction","name":"Comment","target":["https:\/\/lasentinelle.dz\/index.php\/2025\/06\/01\/ismael-bennacer-et-lom-une-histoire-qui-se-termine-deja\/#respond"]}]},{"@type":"WebPage","@id":"https:\/\/lasentinelle.dz\/index.php\/2025\/06\/01\/ismael-bennacer-et-lom-une-histoire-qui-se-termine-deja\/","url":"https:\/\/lasentinelle.dz\/index.php\/2025\/06\/01\/ismael-bennacer-et-lom-une-histoire-qui-se-termine-deja\/","name":"Isma\u00ebl Bennacer et l&rsquo;OM \u00a0: Une histoire qui se termine d\u00e9j\u00e0 ? - La Sentinelle","isPartOf":{"@id":"https:\/\/lasentinelle.dz\/#website"},"primaryImageOfPage":{"@id":"https:\/\/lasentinelle.dz\/index.php\/2025\/06\/01\/ismael-bennacer-et-lom-une-histoire-qui-se-termine-deja\/#primaryimage"},"image":{"@id":"https:\/\/lasentinelle.dz\/index.php\/2025\/06\/01\/ismael-bennacer-et-lom-une-histoire-qui-se-termine-deja\/#primaryimage"},"thumbnailUrl":"https:\/\/lasentinelle.dz\/wp-content\/uploads\/2025\/05\/bennacer.jpg","datePublished":"2025-06-01T19:48:38+00:00","dateModified":"2025-06-01T19:48:39+00:00","breadcrumb":{"@id":"https:\/\/lasentinelle.dz\/index.php\/2025\/06\/01\/ismael-bennacer-et-lom-une-histoire-qui-se-termine-deja\/#breadcrumb"},"inLanguage":"fr-FR","potentialAction":[{"@type":"ReadAction","target":["https:\/\/lasentinelle.dz\/index.php\/2025\/06\/01\/ismael-bennacer-et-lom-une-histoire-qui-se-termine-deja\/"]}]},{"@type":"ImageObject","inLanguage":"fr-FR","@id":"https:\/\/lasentinelle.dz\/index.php\/2025\/06\/01\/ismael-bennacer-et-lom-une-histoire-qui-se-termine-deja\/#primaryimage","url":"https:\/\/lasentinelle.dz\/wp-content\/uploads\/2025\/05\/bennacer.jpg","contentUrl":"https:\/\/lasentinelle.dz\/wp-content\/uploads\/2025\/05\/bennacer.jpg","width":1300,"height":867},{"@type":"BreadcrumbList","@id":"https:\/\/lasentinelle.dz\/index.php\/2025\/06\/01\/ismael-bennacer-et-lom-une-histoire-qui-se-termine-deja\/#breadcrumb","itemListElement":[{"@type":"ListItem","position":1,"name":"Accueil","item":"https:\/\/lasentinelle.dz\/"},{"@type":"ListItem","position":2,"name":"Isma\u00ebl Bennacer et l&rsquo;OM \u00a0: Une histoire qui se termine d\u00e9j\u00e0 ?"}]},{"@type":"WebSite","@id":"https:\/\/lasentinelle.dz\/#website","url":"https:\/\/lasentinelle.dz\/","name":"La Sentinelle","description":"Quotidien national d&#039;information","publisher":{"@id":"https:\/\/lasentinelle.dz\/#organization"},"potentialAction":[{"@type":"SearchAction","target":{"@type":"EntryPoint","urlTemplate":"https:\/\/lasentinelle.dz\/?s={search_term_string}"},"query-input":{"@type":"PropertyValueSpecification","valueRequired":true,"valueName":"search_term_string"}}],"inLanguage":"fr-FR"},{"@type":"Organization","@id":"https:\/\/lasentinelle.dz\/#organization","name":"Quotidien La Sentinelle","url":"https:\/\/lasentinelle.dz\/","logo":{"@type":"ImageObject","inLanguage":"fr-FR","@id":"https:\/\/lasentinelle.dz\/#\/schema\/logo\/image\/","url":"https:\/\/lasentinelle.dz\/wp-content\/uploads\/2021\/09\/logo-sentinelleSLOGAN-1.png","contentUrl":"https:\/\/lasentinelle.dz\/wp-content\/uploads\/2021\/09\/logo-sentinelleSLOGAN-1.png","width":615,"height":142,"caption":"Quotidien La Sentinelle"},"image":{"@id":"https:\/\/lasentinelle.dz\/#\/schema\/logo\/image\/"},"sameAs":["https:\/\/www.facebook.com\/La-Sentinelle-104059864394773"]},{"@type":"Person","@id":"https:\/\/lasentinelle.dz\/#\/schema\/person\/729ee0024f24e0b8c5ec17232f8e8b41","name":"admin","image":{"@type":"ImageObject","inLanguage":"fr-FR","@id":"https:\/\/secure.gravatar.com\/avatar\/4c81fed838786e9b53f540bf46533e750f5d292099ae3b66cfc6fb1982e29df7?s=96&d=mm&r=g","url":"https:\/\/secure.gravatar.com\/avatar\/4c81fed838786e9b53f540bf46533e750f5d292099ae3b66cfc6fb1982e29df7?s=96&d=mm&r=g","contentUrl":"https:\/\/secure.gravatar.com\/avatar\/4c81fed838786e9b53f540bf46533e750f5d292099ae3b66cfc6fb1982e29df7?s=96&d=mm&r=g","caption":"admin"},"description":"admin","url":"https:\/\/lasentinelle.dz\/author\/admin\/"}]}},"_links":{"self":[{"href":"https:\/\/lasentinelle.dz\/index.php\/wp-json\/wp\/v2\/posts\/68281","targetHints":{"allow":["GET"]}}],"collection":[{"href":"https:\/\/lasentinelle.dz\/index.php\/wp-json\/wp\/v2\/posts"}],"about":[{"href":"https:\/\/lasentinelle.dz\/index.php\/wp-json\/wp\/v2\/types\/post"}],"author":[{"embeddable":true,"href":"https:\/\/lasentinelle.dz\/index.php\/wp-json\/wp\/v2\/users\/6"}],"replies":[{"embeddable":true,"href":"https:\/\/lasentinelle.dz\/index.php\/wp-json\/wp\/v2\/comments?post=68281"}],"version-history":[{"count":2,"href":"https:\/\/lasentinelle.dz\/index.php\/wp-json\/wp\/v2\/posts\/68281\/revisions"}],"predecessor-version":[{"id":68283,"href":"https:\/\/lasentinelle.dz\/index.php\/wp-json\/wp\/v2\/posts\/68281\/revisions\/68283"}],"wp:featuredmedia":[{"embeddable":true,"href":"https:\/\/lasentinelle.dz\/index.php\/wp-json\/wp\/v2\/media\/67762"}],"wp:attachment":[{"href":"https:\/\/lasentinelle.dz\/index.php\/wp-json\/wp\/v2\/media?parent=68281"}],"wp:term":[{"taxonomy":"category","embeddable":true,"href":"https:\/\/lasentinelle.dz\/index.php\/wp-json\/wp\/v2\/categories?post=68281"},{"taxonomy":"post_tag","embeddable":true,"href":"https:\/\/lasentinelle.dz\/index.php\/wp-json\/wp\/v2\/tags?post=68281"}],"curies":[{"name":"wp","href":"https:\/\/api.w.org\/{rel}","templated":true}]}}