{"id":68284,"date":"2025-06-01T20:49:28","date_gmt":"2025-06-01T19:49:28","guid":{"rendered":"https:\/\/lasentinelle.dz\/?p=68284"},"modified":"2025-06-01T20:49:28","modified_gmt":"2025-06-01T19:49:28","slug":"en-prevision-du-mondial-des-clubs-lesperance-tunis-courtise-yassine-benzia","status":"publish","type":"post","link":"https:\/\/lasentinelle.dz\/index.php\/2025\/06\/01\/en-prevision-du-mondial-des-clubs-lesperance-tunis-courtise-yassine-benzia\/","title":{"rendered":"En pr\u00e9vision du Mondial des clubs \u00a0: L&rsquo;Esp\u00e9rance Tunis courtise Yassine Benzia"},"content":{"rendered":"\n<p>L&rsquo;Esp\u00e9rance de Tunis ne compte pas faire de la figuration lors du Mondial des clubs qui d\u00e9bute dans quelques semaines. Le club tunisien, qui affrontera les redoutables Br\u00e9siliens de Flamengo le 17 juin \u00e0 Philadelphie pour son entr\u00e9e en lice dans cette prestigieuse comp\u00e9tition, s&rsquo;active discr\u00e8tement sur le march\u00e9 des transferts pour renforcer ses rangs. La cible prioritaire des dirigeants esp\u00e9rantistes se nomme Yassine Benzia, l&rsquo;international alg\u00e9rien de 30 ans qui sort d&rsquo;une saison remarquable avec Qarabag FK en Azerba\u00efdjan.<\/p>\n\n\n\n<p>Le timing semble parfait pour l&rsquo;international alg\u00e9rien. Fra\u00eechement sacr\u00e9 champion d&rsquo;Azerba\u00efdjan pour la troisi\u00e8me fois cons\u00e9cutive avec Qarabag, Benzia arrive en fin de contrat et peut donc n\u00e9gocier librement son avenir. Ses statistiques parlent pour lui : 12 buts et 10 passes d\u00e9cisives en 50 apparitions cette saison, un bilan qui t\u00e9moigne de sa polyvalence offensive et de son sens du jeu collectif. Avec 14 s\u00e9lections et 4 buts sous le maillot des Fennecs, l&rsquo;attaquant n\u00e9 \u00e0 Saint-Aubin-l\u00e8s-Elbeuf poss\u00e8de \u00e9galement l&rsquo;exp\u00e9rience internationale recherch\u00e9e par l&rsquo;Esp\u00e9rance.<\/p>\n\n\n\n<p>Selon les informations rapport\u00e9es par le journaliste Nabil Djellit et relay\u00e9es par les m\u00e9dias tunisiens et nos confr\u00e8res nationaux, les n\u00e9gociations entre les deux parties auraient consid\u00e9rablement progress\u00e9. Le joueur se serait m\u00eame rendu \u00e0 Tunis en milieu de semaine derni\u00e8re pour finaliser les d\u00e9tails de son transfert en agent libre, malgr\u00e9 une offre de prolongation de son club azerba\u00efdjanais. La perspective de disputer le Mondial des clubs, une comp\u00e9tition qui attire les projecteurs du monde entier, aurait largement pes\u00e9 dans la balance selon Match FM, cit\u00e9 par le journal alg\u00e9rien Comp\u00e9tition.<\/p>\n\n\n\n<p>Pour Benzia, qui a \u00e9volu\u00e9 dans des championnats aussi vari\u00e9s que la Ligue 1 fran\u00e7aise avec Lyon, Lille et Dijon, la Super Lig turque avec Fenerbah\u00e7e et Hatayspor, ou encore la Premier League azerba\u00efdjanaise, ce serait une premi\u00e8re exp\u00e9rience sur le continent africain. Son profil exp\u00e9riment\u00e9 s\u00e9duit particuli\u00e8rement la cellule de recrutement esp\u00e9rantiste, qui mise sur la maturit\u00e9 et le v\u00e9cu du Fennec.<\/p>\n\n\n\n<p>L&rsquo;arriv\u00e9e de Benzia permettrait \u00e9galement de reconstituer un petit noyau alg\u00e9rien au sein de l&rsquo;effectif tunisien. Il retrouverait ses compatriotes Youcef Bela\u00efli et Mohamed Touga\u00ef, cr\u00e9ant une dynamique int\u00e9ressante pour le groupe. Cette dimension pourrait faciliter son int\u00e9gration et cr\u00e9er des automatismes pr\u00e9cieux pour la comp\u00e9tition am\u00e9ricaine. N\u00e9anmoins, selon Djellit, rien ne serait encore d\u00e9finitivement act\u00e9 dans ce dossier.<\/p>\n\n\n\n<p>Le joueur aurait en effet d\u00e9cid\u00e9 de prendre son temps avant de trancher d\u00e9finitivement. Il souhaiterait attendre la fin du prochain rassemblement de l&rsquo;\u00e9quipe d&rsquo;Alg\u00e9rie, programm\u00e9 d\u00e9but juin avec deux rencontres importantes : Rwanda le 5 juin et Su\u00e8de le 10 juin.<\/p>\n\n\n\n<p>M.D.<\/p>\n","protected":false},"excerpt":{"rendered":"<p>L&rsquo;Esp\u00e9rance de Tunis ne compte pas faire de la figuration lors du Mondial des clubs qui d\u00e9bute dans quelques semaines.<\/p>\n","protected":false},"author":6,"featured_media":51074,"comment_status":"open","ping_status":"closed","sticky":false,"template":"","format":"standard","meta":{"colormag_page_container_layout":"default_layout","colormag_page_sidebar_layout":"default_layout","om_disable_all_campaigns":false,"_monsterinsights_skip_tracking":false,"_monsterinsights_sitenote_active":false,"_monsterinsights_sitenote_note":"","_monsterinsights_sitenote_category":0,"footnotes":"","_wpscppro_dont_share_socialmedia":false,"_wpscppro_custom_social_share_image":0,"_facebook_share_type":"default","_twitter_share_type":"default","_linkedin_share_type":"default","_pinterest_share_type":"default","_linkedin_share_type_page":"","_instagram_share_type":"default","_medium_share_type":"default","_threads_share_type":"","_google_business_share_type":"","_selected_social_profile":[],"_wpsp_enable_custom_social_template":false,"_wpsp_social_scheduling":{"enabled":false,"datetime":null,"platforms":[],"status":"template_only","dateOption":"today","timeOption":"now","customDays":"","customHours":"","customDate":"","customTime":"","schedulingType":"absolute"},"_wpsp_active_default_template":true},"categories":[33],"tags":[],"class_list":["post-68284","post","type-post","status-publish","format-standard","has-post-thumbnail","hentry","category-sports"],"aioseo_notices":[],"yoast_head":"<!-- This site is optimized with the Yoast SEO plugin v27.5 - https:\/\/yoast.com\/product\/yoast-seo-wordpress\/ -->\n<title>En pr\u00e9vision du Mondial des clubs \u00a0: L&rsquo;Esp\u00e9rance Tunis courtise Yassine Benzia - La Sentinelle<\/title>\n<meta name=\"robots\" content=\"index, follow, max-snippet:-1, max-image-preview:large, max-video-preview:-1\" \/>\n<link rel=\"canonical\" href=\"https:\/\/lasentinelle.dz\/index.php\/2025\/06\/01\/en-prevision-du-mondial-des-clubs-lesperance-tunis-courtise-yassine-benzia\/\" \/>\n<meta property=\"og:locale\" content=\"fr_FR\" \/>\n<meta property=\"og:type\" content=\"article\" \/>\n<meta property=\"og:title\" content=\"En pr\u00e9vision du Mondial des clubs \u00a0: L&rsquo;Esp\u00e9rance Tunis courtise Yassine Benzia - La Sentinelle\" \/>\n<meta property=\"og:description\" content=\"L&rsquo;Esp\u00e9rance de Tunis ne compte pas faire de la figuration lors du Mondial des clubs qui d\u00e9bute dans quelques semaines.\" \/>\n<meta property=\"og:url\" content=\"https:\/\/lasentinelle.dz\/index.php\/2025\/06\/01\/en-prevision-du-mondial-des-clubs-lesperance-tunis-courtise-yassine-benzia\/\" \/>\n<meta property=\"og:site_name\" content=\"La Sentinelle\" \/>\n<meta property=\"article:publisher\" content=\"https:\/\/www.facebook.com\/La-Sentinelle-104059864394773\" \/>\n<meta property=\"article:published_time\" content=\"2025-06-01T19:49:28+00:00\" \/>\n<meta property=\"og:image\" content=\"https:\/\/lasentinelle.dz\/wp-content\/uploads\/2024\/04\/Benzia.jpeg\" \/>\n\t<meta property=\"og:image:width\" content=\"2048\" \/>\n\t<meta property=\"og:image:height\" content=\"1220\" \/>\n\t<meta property=\"og:image:type\" content=\"image\/jpeg\" \/>\n<meta name=\"author\" content=\"admin\" \/>\n<meta name=\"twitter:card\" content=\"summary_large_image\" \/>\n<meta name=\"twitter:label1\" content=\"\u00c9crit par\" \/>\n\t<meta name=\"twitter:data1\" content=\"admin\" \/>\n\t<meta name=\"twitter:label2\" content=\"Dur\u00e9e de lecture estim\u00e9e\" \/>\n\t<meta name=\"twitter:data2\" content=\"3 minutes\" \/>\n<script type=\"application\/ld+json\" class=\"yoast-schema-graph\">{\"@context\":\"https:\\\/\\\/schema.org\",\"@graph\":[{\"@type\":\"Article\",\"@id\":\"https:\\\/\\\/lasentinelle.dz\\\/index.php\\\/2025\\\/06\\\/01\\\/en-prevision-du-mondial-des-clubs-lesperance-tunis-courtise-yassine-benzia\\\/#article\",\"isPartOf\":{\"@id\":\"https:\\\/\\\/lasentinelle.dz\\\/index.php\\\/2025\\\/06\\\/01\\\/en-prevision-du-mondial-des-clubs-lesperance-tunis-courtise-yassine-benzia\\\/\"},\"author\":{\"name\":\"admin\",\"@id\":\"https:\\\/\\\/lasentinelle.dz\\\/#\\\/schema\\\/person\\\/729ee0024f24e0b8c5ec17232f8e8b41\"},\"headline\":\"En pr\u00e9vision du Mondial des clubs \u00a0: L&rsquo;Esp\u00e9rance Tunis courtise Yassine Benzia\",\"datePublished\":\"2025-06-01T19:49:28+00:00\",\"mainEntityOfPage\":{\"@id\":\"https:\\\/\\\/lasentinelle.dz\\\/index.php\\\/2025\\\/06\\\/01\\\/en-prevision-du-mondial-des-clubs-lesperance-tunis-courtise-yassine-benzia\\\/\"},\"wordCount\":500,\"commentCount\":0,\"publisher\":{\"@id\":\"https:\\\/\\\/lasentinelle.dz\\\/#organization\"},\"image\":{\"@id\":\"https:\\\/\\\/lasentinelle.dz\\\/index.php\\\/2025\\\/06\\\/01\\\/en-prevision-du-mondial-des-clubs-lesperance-tunis-courtise-yassine-benzia\\\/#primaryimage\"},\"thumbnailUrl\":\"https:\\\/\\\/lasentinelle.dz\\\/wp-content\\\/uploads\\\/2024\\\/04\\\/Benzia.jpeg\",\"articleSection\":[\"Sports\"],\"inLanguage\":\"fr-FR\",\"potentialAction\":[{\"@type\":\"CommentAction\",\"name\":\"Comment\",\"target\":[\"https:\\\/\\\/lasentinelle.dz\\\/index.php\\\/2025\\\/06\\\/01\\\/en-prevision-du-mondial-des-clubs-lesperance-tunis-courtise-yassine-benzia\\\/#respond\"]}]},{\"@type\":\"WebPage\",\"@id\":\"https:\\\/\\\/lasentinelle.dz\\\/index.php\\\/2025\\\/06\\\/01\\\/en-prevision-du-mondial-des-clubs-lesperance-tunis-courtise-yassine-benzia\\\/\",\"url\":\"https:\\\/\\\/lasentinelle.dz\\\/index.php\\\/2025\\\/06\\\/01\\\/en-prevision-du-mondial-des-clubs-lesperance-tunis-courtise-yassine-benzia\\\/\",\"name\":\"En pr\u00e9vision du Mondial des clubs \u00a0: L&rsquo;Esp\u00e9rance Tunis courtise Yassine Benzia - La Sentinelle\",\"isPartOf\":{\"@id\":\"https:\\\/\\\/lasentinelle.dz\\\/#website\"},\"primaryImageOfPage\":{\"@id\":\"https:\\\/\\\/lasentinelle.dz\\\/index.php\\\/2025\\\/06\\\/01\\\/en-prevision-du-mondial-des-clubs-lesperance-tunis-courtise-yassine-benzia\\\/#primaryimage\"},\"image\":{\"@id\":\"https:\\\/\\\/lasentinelle.dz\\\/index.php\\\/2025\\\/06\\\/01\\\/en-prevision-du-mondial-des-clubs-lesperance-tunis-courtise-yassine-benzia\\\/#primaryimage\"},\"thumbnailUrl\":\"https:\\\/\\\/lasentinelle.dz\\\/wp-content\\\/uploads\\\/2024\\\/04\\\/Benzia.jpeg\",\"datePublished\":\"2025-06-01T19:49:28+00:00\",\"breadcrumb\":{\"@id\":\"https:\\\/\\\/lasentinelle.dz\\\/index.php\\\/2025\\\/06\\\/01\\\/en-prevision-du-mondial-des-clubs-lesperance-tunis-courtise-yassine-benzia\\\/#breadcrumb\"},\"inLanguage\":\"fr-FR\",\"potentialAction\":[{\"@type\":\"ReadAction\",\"target\":[\"https:\\\/\\\/lasentinelle.dz\\\/index.php\\\/2025\\\/06\\\/01\\\/en-prevision-du-mondial-des-clubs-lesperance-tunis-courtise-yassine-benzia\\\/\"]}]},{\"@type\":\"ImageObject\",\"inLanguage\":\"fr-FR\",\"@id\":\"https:\\\/\\\/lasentinelle.dz\\\/index.php\\\/2025\\\/06\\\/01\\\/en-prevision-du-mondial-des-clubs-lesperance-tunis-courtise-yassine-benzia\\\/#primaryimage\",\"url\":\"https:\\\/\\\/lasentinelle.dz\\\/wp-content\\\/uploads\\\/2024\\\/04\\\/Benzia.jpeg\",\"contentUrl\":\"https:\\\/\\\/lasentinelle.dz\\\/wp-content\\\/uploads\\\/2024\\\/04\\\/Benzia.jpeg\",\"width\":2048,\"height\":1220},{\"@type\":\"BreadcrumbList\",\"@id\":\"https:\\\/\\\/lasentinelle.dz\\\/index.php\\\/2025\\\/06\\\/01\\\/en-prevision-du-mondial-des-clubs-lesperance-tunis-courtise-yassine-benzia\\\/#breadcrumb\",\"itemListElement\":[{\"@type\":\"ListItem\",\"position\":1,\"name\":\"Accueil\",\"item\":\"https:\\\/\\\/lasentinelle.dz\\\/\"},{\"@type\":\"ListItem\",\"position\":2,\"name\":\"En pr\u00e9vision du Mondial des clubs \u00a0: L&rsquo;Esp\u00e9rance Tunis courtise Yassine Benzia\"}]},{\"@type\":\"WebSite\",\"@id\":\"https:\\\/\\\/lasentinelle.dz\\\/#website\",\"url\":\"https:\\\/\\\/lasentinelle.dz\\\/\",\"name\":\"La Sentinelle\",\"description\":\"Quotidien national d&#039;information\",\"publisher\":{\"@id\":\"https:\\\/\\\/lasentinelle.dz\\\/#organization\"},\"potentialAction\":[{\"@type\":\"SearchAction\",\"target\":{\"@type\":\"EntryPoint\",\"urlTemplate\":\"https:\\\/\\\/lasentinelle.dz\\\/?s={search_term_string}\"},\"query-input\":{\"@type\":\"PropertyValueSpecification\",\"valueRequired\":true,\"valueName\":\"search_term_string\"}}],\"inLanguage\":\"fr-FR\"},{\"@type\":\"Organization\",\"@id\":\"https:\\\/\\\/lasentinelle.dz\\\/#organization\",\"name\":\"Quotidien La Sentinelle\",\"url\":\"https:\\\/\\\/lasentinelle.dz\\\/\",\"logo\":{\"@type\":\"ImageObject\",\"inLanguage\":\"fr-FR\",\"@id\":\"https:\\\/\\\/lasentinelle.dz\\\/#\\\/schema\\\/logo\\\/image\\\/\",\"url\":\"https:\\\/\\\/lasentinelle.dz\\\/wp-content\\\/uploads\\\/2021\\\/09\\\/logo-sentinelleSLOGAN-1.png\",\"contentUrl\":\"https:\\\/\\\/lasentinelle.dz\\\/wp-content\\\/uploads\\\/2021\\\/09\\\/logo-sentinelleSLOGAN-1.png\",\"width\":615,\"height\":142,\"caption\":\"Quotidien La Sentinelle\"},\"image\":{\"@id\":\"https:\\\/\\\/lasentinelle.dz\\\/#\\\/schema\\\/logo\\\/image\\\/\"},\"sameAs\":[\"https:\\\/\\\/www.facebook.com\\\/La-Sentinelle-104059864394773\"]},{\"@type\":\"Person\",\"@id\":\"https:\\\/\\\/lasentinelle.dz\\\/#\\\/schema\\\/person\\\/729ee0024f24e0b8c5ec17232f8e8b41\",\"name\":\"admin\",\"image\":{\"@type\":\"ImageObject\",\"inLanguage\":\"fr-FR\",\"@id\":\"https:\\\/\\\/secure.gravatar.com\\\/avatar\\\/4c81fed838786e9b53f540bf46533e750f5d292099ae3b66cfc6fb1982e29df7?s=96&d=mm&r=g\",\"url\":\"https:\\\/\\\/secure.gravatar.com\\\/avatar\\\/4c81fed838786e9b53f540bf46533e750f5d292099ae3b66cfc6fb1982e29df7?s=96&d=mm&r=g\",\"contentUrl\":\"https:\\\/\\\/secure.gravatar.com\\\/avatar\\\/4c81fed838786e9b53f540bf46533e750f5d292099ae3b66cfc6fb1982e29df7?s=96&d=mm&r=g\",\"caption\":\"admin\"},\"description\":\"admin\",\"url\":\"https:\\\/\\\/lasentinelle.dz\\\/author\\\/admin\\\/\"}]}<\/script>\n<!-- \/ Yoast SEO plugin. -->","yoast_head_json":{"title":"En pr\u00e9vision du Mondial des clubs \u00a0: L&rsquo;Esp\u00e9rance Tunis courtise Yassine Benzia - La Sentinelle","robots":{"index":"index","follow":"follow","max-snippet":"max-snippet:-1","max-image-preview":"max-image-preview:large","max-video-preview":"max-video-preview:-1"},"canonical":"https:\/\/lasentinelle.dz\/index.php\/2025\/06\/01\/en-prevision-du-mondial-des-clubs-lesperance-tunis-courtise-yassine-benzia\/","og_locale":"fr_FR","og_type":"article","og_title":"En pr\u00e9vision du Mondial des clubs \u00a0: L&rsquo;Esp\u00e9rance Tunis courtise Yassine Benzia - La Sentinelle","og_description":"L&rsquo;Esp\u00e9rance de Tunis ne compte pas faire de la figuration lors du Mondial des clubs qui d\u00e9bute dans quelques semaines.","og_url":"https:\/\/lasentinelle.dz\/index.php\/2025\/06\/01\/en-prevision-du-mondial-des-clubs-lesperance-tunis-courtise-yassine-benzia\/","og_site_name":"La Sentinelle","article_publisher":"https:\/\/www.facebook.com\/La-Sentinelle-104059864394773","article_published_time":"2025-06-01T19:49:28+00:00","og_image":[{"width":2048,"height":1220,"url":"https:\/\/lasentinelle.dz\/wp-content\/uploads\/2024\/04\/Benzia.jpeg","type":"image\/jpeg"}],"author":"admin","twitter_card":"summary_large_image","twitter_misc":{"\u00c9crit par":"admin","Dur\u00e9e de lecture estim\u00e9e":"3 minutes"},"schema":{"@context":"https:\/\/schema.org","@graph":[{"@type":"Article","@id":"https:\/\/lasentinelle.dz\/index.php\/2025\/06\/01\/en-prevision-du-mondial-des-clubs-lesperance-tunis-courtise-yassine-benzia\/#article","isPartOf":{"@id":"https:\/\/lasentinelle.dz\/index.php\/2025\/06\/01\/en-prevision-du-mondial-des-clubs-lesperance-tunis-courtise-yassine-benzia\/"},"author":{"name":"admin","@id":"https:\/\/lasentinelle.dz\/#\/schema\/person\/729ee0024f24e0b8c5ec17232f8e8b41"},"headline":"En pr\u00e9vision du Mondial des clubs \u00a0: L&rsquo;Esp\u00e9rance Tunis courtise Yassine Benzia","datePublished":"2025-06-01T19:49:28+00:00","mainEntityOfPage":{"@id":"https:\/\/lasentinelle.dz\/index.php\/2025\/06\/01\/en-prevision-du-mondial-des-clubs-lesperance-tunis-courtise-yassine-benzia\/"},"wordCount":500,"commentCount":0,"publisher":{"@id":"https:\/\/lasentinelle.dz\/#organization"},"image":{"@id":"https:\/\/lasentinelle.dz\/index.php\/2025\/06\/01\/en-prevision-du-mondial-des-clubs-lesperance-tunis-courtise-yassine-benzia\/#primaryimage"},"thumbnailUrl":"https:\/\/lasentinelle.dz\/wp-content\/uploads\/2024\/04\/Benzia.jpeg","articleSection":["Sports"],"inLanguage":"fr-FR","potentialAction":[{"@type":"CommentAction","name":"Comment","target":["https:\/\/lasentinelle.dz\/index.php\/2025\/06\/01\/en-prevision-du-mondial-des-clubs-lesperance-tunis-courtise-yassine-benzia\/#respond"]}]},{"@type":"WebPage","@id":"https:\/\/lasentinelle.dz\/index.php\/2025\/06\/01\/en-prevision-du-mondial-des-clubs-lesperance-tunis-courtise-yassine-benzia\/","url":"https:\/\/lasentinelle.dz\/index.php\/2025\/06\/01\/en-prevision-du-mondial-des-clubs-lesperance-tunis-courtise-yassine-benzia\/","name":"En pr\u00e9vision du Mondial des clubs \u00a0: L&rsquo;Esp\u00e9rance Tunis courtise Yassine Benzia - La Sentinelle","isPartOf":{"@id":"https:\/\/lasentinelle.dz\/#website"},"primaryImageOfPage":{"@id":"https:\/\/lasentinelle.dz\/index.php\/2025\/06\/01\/en-prevision-du-mondial-des-clubs-lesperance-tunis-courtise-yassine-benzia\/#primaryimage"},"image":{"@id":"https:\/\/lasentinelle.dz\/index.php\/2025\/06\/01\/en-prevision-du-mondial-des-clubs-lesperance-tunis-courtise-yassine-benzia\/#primaryimage"},"thumbnailUrl":"https:\/\/lasentinelle.dz\/wp-content\/uploads\/2024\/04\/Benzia.jpeg","datePublished":"2025-06-01T19:49:28+00:00","breadcrumb":{"@id":"https:\/\/lasentinelle.dz\/index.php\/2025\/06\/01\/en-prevision-du-mondial-des-clubs-lesperance-tunis-courtise-yassine-benzia\/#breadcrumb"},"inLanguage":"fr-FR","potentialAction":[{"@type":"ReadAction","target":["https:\/\/lasentinelle.dz\/index.php\/2025\/06\/01\/en-prevision-du-mondial-des-clubs-lesperance-tunis-courtise-yassine-benzia\/"]}]},{"@type":"ImageObject","inLanguage":"fr-FR","@id":"https:\/\/lasentinelle.dz\/index.php\/2025\/06\/01\/en-prevision-du-mondial-des-clubs-lesperance-tunis-courtise-yassine-benzia\/#primaryimage","url":"https:\/\/lasentinelle.dz\/wp-content\/uploads\/2024\/04\/Benzia.jpeg","contentUrl":"https:\/\/lasentinelle.dz\/wp-content\/uploads\/2024\/04\/Benzia.jpeg","width":2048,"height":1220},{"@type":"BreadcrumbList","@id":"https:\/\/lasentinelle.dz\/index.php\/2025\/06\/01\/en-prevision-du-mondial-des-clubs-lesperance-tunis-courtise-yassine-benzia\/#breadcrumb","itemListElement":[{"@type":"ListItem","position":1,"name":"Accueil","item":"https:\/\/lasentinelle.dz\/"},{"@type":"ListItem","position":2,"name":"En pr\u00e9vision du Mondial des clubs \u00a0: L&rsquo;Esp\u00e9rance Tunis courtise Yassine Benzia"}]},{"@type":"WebSite","@id":"https:\/\/lasentinelle.dz\/#website","url":"https:\/\/lasentinelle.dz\/","name":"La Sentinelle","description":"Quotidien national d&#039;information","publisher":{"@id":"https:\/\/lasentinelle.dz\/#organization"},"potentialAction":[{"@type":"SearchAction","target":{"@type":"EntryPoint","urlTemplate":"https:\/\/lasentinelle.dz\/?s={search_term_string}"},"query-input":{"@type":"PropertyValueSpecification","valueRequired":true,"valueName":"search_term_string"}}],"inLanguage":"fr-FR"},{"@type":"Organization","@id":"https:\/\/lasentinelle.dz\/#organization","name":"Quotidien La Sentinelle","url":"https:\/\/lasentinelle.dz\/","logo":{"@type":"ImageObject","inLanguage":"fr-FR","@id":"https:\/\/lasentinelle.dz\/#\/schema\/logo\/image\/","url":"https:\/\/lasentinelle.dz\/wp-content\/uploads\/2021\/09\/logo-sentinelleSLOGAN-1.png","contentUrl":"https:\/\/lasentinelle.dz\/wp-content\/uploads\/2021\/09\/logo-sentinelleSLOGAN-1.png","width":615,"height":142,"caption":"Quotidien La Sentinelle"},"image":{"@id":"https:\/\/lasentinelle.dz\/#\/schema\/logo\/image\/"},"sameAs":["https:\/\/www.facebook.com\/La-Sentinelle-104059864394773"]},{"@type":"Person","@id":"https:\/\/lasentinelle.dz\/#\/schema\/person\/729ee0024f24e0b8c5ec17232f8e8b41","name":"admin","image":{"@type":"ImageObject","inLanguage":"fr-FR","@id":"https:\/\/secure.gravatar.com\/avatar\/4c81fed838786e9b53f540bf46533e750f5d292099ae3b66cfc6fb1982e29df7?s=96&d=mm&r=g","url":"https:\/\/secure.gravatar.com\/avatar\/4c81fed838786e9b53f540bf46533e750f5d292099ae3b66cfc6fb1982e29df7?s=96&d=mm&r=g","contentUrl":"https:\/\/secure.gravatar.com\/avatar\/4c81fed838786e9b53f540bf46533e750f5d292099ae3b66cfc6fb1982e29df7?s=96&d=mm&r=g","caption":"admin"},"description":"admin","url":"https:\/\/lasentinelle.dz\/author\/admin\/"}]}},"_links":{"self":[{"href":"https:\/\/lasentinelle.dz\/index.php\/wp-json\/wp\/v2\/posts\/68284","targetHints":{"allow":["GET"]}}],"collection":[{"href":"https:\/\/lasentinelle.dz\/index.php\/wp-json\/wp\/v2\/posts"}],"about":[{"href":"https:\/\/lasentinelle.dz\/index.php\/wp-json\/wp\/v2\/types\/post"}],"author":[{"embeddable":true,"href":"https:\/\/lasentinelle.dz\/index.php\/wp-json\/wp\/v2\/users\/6"}],"replies":[{"embeddable":true,"href":"https:\/\/lasentinelle.dz\/index.php\/wp-json\/wp\/v2\/comments?post=68284"}],"version-history":[{"count":2,"href":"https:\/\/lasentinelle.dz\/index.php\/wp-json\/wp\/v2\/posts\/68284\/revisions"}],"predecessor-version":[{"id":68286,"href":"https:\/\/lasentinelle.dz\/index.php\/wp-json\/wp\/v2\/posts\/68284\/revisions\/68286"}],"wp:featuredmedia":[{"embeddable":true,"href":"https:\/\/lasentinelle.dz\/index.php\/wp-json\/wp\/v2\/media\/51074"}],"wp:attachment":[{"href":"https:\/\/lasentinelle.dz\/index.php\/wp-json\/wp\/v2\/media?parent=68284"}],"wp:term":[{"taxonomy":"category","embeddable":true,"href":"https:\/\/lasentinelle.dz\/index.php\/wp-json\/wp\/v2\/categories?post=68284"},{"taxonomy":"post_tag","embeddable":true,"href":"https:\/\/lasentinelle.dz\/index.php\/wp-json\/wp\/v2\/tags?post=68284"}],"curies":[{"name":"wp","href":"https:\/\/api.w.org\/{rel}","templated":true}]}}