{"id":68290,"date":"2025-06-01T20:51:23","date_gmt":"2025-06-01T19:51:23","guid":{"rendered":"https:\/\/lasentinelle.dz\/?p=68290"},"modified":"2025-06-01T20:51:23","modified_gmt":"2025-06-01T19:51:23","slug":"faf-un-mandat-oriente-vers-la-formation","status":"publish","type":"post","link":"https:\/\/lasentinelle.dz\/index.php\/2025\/06\/01\/faf-un-mandat-oriente-vers-la-formation\/","title":{"rendered":"FAF: Un mandat orient\u00e9 vers la formation"},"content":{"rendered":"\n<p>\u00ab\u00a0Notre mandat sera ax\u00e9 sur la formation\u00a0\u00bb, a d\u00e9clar\u00e9 Walid Sadi, soulignant que \u00ab\u00a0la FAF accorde une grande importance \u00e0 cette cat\u00e9gorie, et cela commence d\u00e9j\u00e0 \u00e0 se concr\u00e9tiser \u00e0 travers l&rsquo;organisation de ces tournois importants ciblant les jeunes, qui repr\u00e9sentent l&rsquo;avenir du football alg\u00e9rien\u00a0\u00bb.<\/p>\n\n\n\n<p>C&rsquo;est dans l&rsquo;effervescence du complexe olympique \u00ab\u00a0Miloud Hadefi\u00a0\u00bb d&rsquo;Oran que s&rsquo;est achev\u00e9e samedi soir la premi\u00e8re \u00e9dition du Championnat national des acad\u00e9mies professionnelles de football des moins de 13 ans, un \u00e9v\u00e9nement qui marque un tournant dans la strat\u00e9gie de la F\u00e9d\u00e9ration alg\u00e9rienne de football (FAF). L&rsquo;USM Alger a d\u00e9croch\u00e9 le titre apr\u00e8s une finale haletante face \u00e0 l&rsquo;Acad\u00e9mie de l&rsquo;Atl\u00e9tico Paradou, remport\u00e9e aux tirs au but (2-0) apr\u00e8s un temps r\u00e9glementaire \u00e9quilibr\u00e9 (0-0). Au-del\u00e0 des r\u00e9sultats sportifs, cette comp\u00e9tition r\u00e9v\u00e8le les nouvelles orientations de la FAF sous la pr\u00e9sidence d&rsquo;Walid Sadi. \u00ab\u00a0Notre mandat sera ax\u00e9 sur la formation\u00a0\u00bb, a d\u00e9clar\u00e9 le pr\u00e9sident f\u00e9d\u00e9ral en marge de la c\u00e9r\u00e9monie de cl\u00f4ture, soulignant que \u00ab\u00a0la FAF accorde une grande importance \u00e0 cette cat\u00e9gorie, et cela commence d\u00e9j\u00e0 \u00e0 se concr\u00e9tiser \u00e0 travers l&rsquo;organisation de ces tournois importants ciblant les jeunes, qui repr\u00e9sentent l&rsquo;avenir du football alg\u00e9rien\u00a0\u00bb. Cette philosophie marque une rupture avec les approches pr\u00e9c\u00e9dentes, privil\u00e9giant d\u00e9sormais l&rsquo;investissement sur le long terme plut\u00f4t que les solutions imm\u00e9diates. Le tournoi, qui s&rsquo;est d\u00e9roul\u00e9 du 29 au 31 mai sur quatre terrains oranais (annexe Miloud-Hadefi, Ahmed-Zabana, Habib-Bouakeul et El-Kerma), a r\u00e9uni les acad\u00e9mies des 16 clubs de Ligue 1 professionnelle, r\u00e9partis en quatre groupes. Cette organisation t\u00e9moigne de la volont\u00e9 f\u00e9d\u00e9rale de cr\u00e9er une \u00e9mulation nationale autour des jeunes cat\u00e9gories, longtemps n\u00e9glig\u00e9es par certains clubs. \u00ab\u00a0Nous avons insist\u00e9 aupr\u00e8s des clubs professionnels sur l&rsquo;importance d&rsquo;accorder une attention particuli\u00e8re \u00e0 ces jeunes cat\u00e9gories longtemps marginalis\u00e9es\u00a0\u00bb, a pr\u00e9cis\u00e9 Walid Sadi, ajoutant que la f\u00e9d\u00e9ration souhaite \u00ab\u00a0rationaliser les d\u00e9penses dans les clubs et prioriser la formation\u00a0\u00bb.<\/p>\n\n\n\n<p>Le directeur technique national Ali Mouser s&rsquo;est montr\u00e9 enthousiaste quant aux perspectives ouvertes par cette initiative. \u00ab\u00a0Ce championnat a permis de d\u00e9couvrir de jeunes talents prometteurs. Avec un encadrement ad\u00e9quat, ces joueurs pourraient renforcer l&rsquo;\u00e9quipe nationale \u00e0 l&rsquo;avenir\u00a0\u00bb, a-t-il confi\u00e9 \u00e0 l&rsquo;APS. Cette d\u00e9claration r\u00e9sonne comme un espoir pour le football alg\u00e9rien, qui cherche depuis plusieurs ann\u00e9es \u00e0 renouveler ses cadres et \u00e0 assurer une rel\u00e8ve de qualit\u00e9.<\/p>\n\n\n\n<p>La pr\u00e9sence du bureau f\u00e9d\u00e9ral au complet lors de la finale t\u00e9moigne de l&rsquo;importance accord\u00e9e \u00e0 cet \u00e9v\u00e9nement, organis\u00e9 en coordination avec la Ligue de wilaya d&rsquo;Oran. Cette collaboration entre instances nationales et locales illustre la d\u00e9marche inclusive adopt\u00e9e par la FAF pour d\u00e9velopper le football de base. L&rsquo;initiative s&rsquo;inscrit dans une strat\u00e9gie plus large \u00ab\u00a0visant \u00e0 impulser une dynamique concr\u00e8te en mati\u00e8re de formation des jeunes joueurs, \u00e0 laquelle les clubs professionnels ont pleinement adh\u00e9r\u00e9\u00a0\u00bb, selon les termes officiels de la f\u00e9d\u00e9ration.<\/p>\n\n\n\n<p>Pour l&rsquo;USM Alger, cette victoire couronne un parcours exemplaire apr\u00e8s avoir \u00e9limin\u00e9 la JS Saoura en demi-finale (1-0), tandis que le Paradou AC avait domin\u00e9 le NC Magra sur le m\u00eame score. Ces r\u00e9sultats refl\u00e8tent l&rsquo;engagement croissant des clubs dans le d\u00e9veloppement de leurs centres de formation, encourag\u00e9s par les nouvelles directives f\u00e9d\u00e9rales qui privil\u00e9gient l&rsquo;investissement formatif sur les d\u00e9penses de transferts.<\/p>\n\n\n\n<p>M. Dahleb<\/p>\n","protected":false},"excerpt":{"rendered":"<p>\u00ab\u00a0Notre mandat sera ax\u00e9 sur la formation\u00a0\u00bb, a d\u00e9clar\u00e9 Walid Sadi, soulignant que \u00ab\u00a0la FAF accorde une grande importance \u00e0<\/p>\n","protected":false},"author":6,"featured_media":68291,"comment_status":"open","ping_status":"closed","sticky":false,"template":"","format":"standard","meta":{"colormag_page_container_layout":"default_layout","colormag_page_sidebar_layout":"default_layout","om_disable_all_campaigns":false,"_monsterinsights_skip_tracking":false,"_monsterinsights_sitenote_active":false,"_monsterinsights_sitenote_note":"","_monsterinsights_sitenote_category":0,"footnotes":"","_wpscppro_dont_share_socialmedia":false,"_wpscppro_custom_social_share_image":0,"_facebook_share_type":"default","_twitter_share_type":"default","_linkedin_share_type":"default","_pinterest_share_type":"default","_linkedin_share_type_page":"","_instagram_share_type":"default","_medium_share_type":"default","_threads_share_type":"","_google_business_share_type":"","_selected_social_profile":[],"_wpsp_enable_custom_social_template":false,"_wpsp_social_scheduling":{"enabled":false,"datetime":null,"platforms":[],"status":"template_only","dateOption":"today","timeOption":"now","customDays":"","customHours":"","customDate":"","customTime":"","schedulingType":"absolute"},"_wpsp_active_default_template":true},"categories":[33],"tags":[],"class_list":["post-68290","post","type-post","status-publish","format-standard","has-post-thumbnail","hentry","category-sports"],"aioseo_notices":[],"yoast_head":"<!-- This site is optimized with the Yoast SEO plugin v27.5 - https:\/\/yoast.com\/product\/yoast-seo-wordpress\/ -->\n<title>FAF: Un mandat orient\u00e9 vers la formation - La Sentinelle<\/title>\n<meta name=\"robots\" content=\"index, follow, max-snippet:-1, max-image-preview:large, max-video-preview:-1\" \/>\n<link rel=\"canonical\" href=\"https:\/\/lasentinelle.dz\/index.php\/2025\/06\/01\/faf-un-mandat-oriente-vers-la-formation\/\" \/>\n<meta property=\"og:locale\" content=\"fr_FR\" \/>\n<meta property=\"og:type\" content=\"article\" \/>\n<meta property=\"og:title\" content=\"FAF: Un mandat orient\u00e9 vers la formation - La Sentinelle\" \/>\n<meta property=\"og:description\" content=\"\u00ab\u00a0Notre mandat sera ax\u00e9 sur la formation\u00a0\u00bb, a d\u00e9clar\u00e9 Walid Sadi, soulignant que \u00ab\u00a0la FAF accorde une grande importance \u00e0\" \/>\n<meta property=\"og:url\" content=\"https:\/\/lasentinelle.dz\/index.php\/2025\/06\/01\/faf-un-mandat-oriente-vers-la-formation\/\" \/>\n<meta property=\"og:site_name\" content=\"La Sentinelle\" \/>\n<meta property=\"article:publisher\" content=\"https:\/\/www.facebook.com\/La-Sentinelle-104059864394773\" \/>\n<meta property=\"article:published_time\" content=\"2025-06-01T19:51:23+00:00\" \/>\n<meta property=\"og:image\" content=\"https:\/\/lasentinelle.dz\/wp-content\/uploads\/2025\/06\/U13.jpg\" \/>\n\t<meta property=\"og:image:width\" content=\"2400\" \/>\n\t<meta property=\"og:image:height\" content=\"1600\" \/>\n\t<meta property=\"og:image:type\" content=\"image\/jpeg\" \/>\n<meta name=\"author\" content=\"admin\" \/>\n<meta name=\"twitter:card\" content=\"summary_large_image\" \/>\n<meta name=\"twitter:label1\" content=\"\u00c9crit par\" \/>\n\t<meta name=\"twitter:data1\" content=\"admin\" \/>\n\t<meta name=\"twitter:label2\" content=\"Dur\u00e9e de lecture estim\u00e9e\" \/>\n\t<meta name=\"twitter:data2\" content=\"3 minutes\" \/>\n<script type=\"application\/ld+json\" class=\"yoast-schema-graph\">{\"@context\":\"https:\\\/\\\/schema.org\",\"@graph\":[{\"@type\":\"Article\",\"@id\":\"https:\\\/\\\/lasentinelle.dz\\\/index.php\\\/2025\\\/06\\\/01\\\/faf-un-mandat-oriente-vers-la-formation\\\/#article\",\"isPartOf\":{\"@id\":\"https:\\\/\\\/lasentinelle.dz\\\/index.php\\\/2025\\\/06\\\/01\\\/faf-un-mandat-oriente-vers-la-formation\\\/\"},\"author\":{\"name\":\"admin\",\"@id\":\"https:\\\/\\\/lasentinelle.dz\\\/#\\\/schema\\\/person\\\/729ee0024f24e0b8c5ec17232f8e8b41\"},\"headline\":\"FAF: Un mandat orient\u00e9 vers la formation\",\"datePublished\":\"2025-06-01T19:51:23+00:00\",\"mainEntityOfPage\":{\"@id\":\"https:\\\/\\\/lasentinelle.dz\\\/index.php\\\/2025\\\/06\\\/01\\\/faf-un-mandat-oriente-vers-la-formation\\\/\"},\"wordCount\":629,\"commentCount\":0,\"publisher\":{\"@id\":\"https:\\\/\\\/lasentinelle.dz\\\/#organization\"},\"image\":{\"@id\":\"https:\\\/\\\/lasentinelle.dz\\\/index.php\\\/2025\\\/06\\\/01\\\/faf-un-mandat-oriente-vers-la-formation\\\/#primaryimage\"},\"thumbnailUrl\":\"https:\\\/\\\/lasentinelle.dz\\\/wp-content\\\/uploads\\\/2025\\\/06\\\/U13.jpg\",\"articleSection\":[\"Sports\"],\"inLanguage\":\"fr-FR\",\"potentialAction\":[{\"@type\":\"CommentAction\",\"name\":\"Comment\",\"target\":[\"https:\\\/\\\/lasentinelle.dz\\\/index.php\\\/2025\\\/06\\\/01\\\/faf-un-mandat-oriente-vers-la-formation\\\/#respond\"]}]},{\"@type\":\"WebPage\",\"@id\":\"https:\\\/\\\/lasentinelle.dz\\\/index.php\\\/2025\\\/06\\\/01\\\/faf-un-mandat-oriente-vers-la-formation\\\/\",\"url\":\"https:\\\/\\\/lasentinelle.dz\\\/index.php\\\/2025\\\/06\\\/01\\\/faf-un-mandat-oriente-vers-la-formation\\\/\",\"name\":\"FAF: Un mandat orient\u00e9 vers la formation - La Sentinelle\",\"isPartOf\":{\"@id\":\"https:\\\/\\\/lasentinelle.dz\\\/#website\"},\"primaryImageOfPage\":{\"@id\":\"https:\\\/\\\/lasentinelle.dz\\\/index.php\\\/2025\\\/06\\\/01\\\/faf-un-mandat-oriente-vers-la-formation\\\/#primaryimage\"},\"image\":{\"@id\":\"https:\\\/\\\/lasentinelle.dz\\\/index.php\\\/2025\\\/06\\\/01\\\/faf-un-mandat-oriente-vers-la-formation\\\/#primaryimage\"},\"thumbnailUrl\":\"https:\\\/\\\/lasentinelle.dz\\\/wp-content\\\/uploads\\\/2025\\\/06\\\/U13.jpg\",\"datePublished\":\"2025-06-01T19:51:23+00:00\",\"breadcrumb\":{\"@id\":\"https:\\\/\\\/lasentinelle.dz\\\/index.php\\\/2025\\\/06\\\/01\\\/faf-un-mandat-oriente-vers-la-formation\\\/#breadcrumb\"},\"inLanguage\":\"fr-FR\",\"potentialAction\":[{\"@type\":\"ReadAction\",\"target\":[\"https:\\\/\\\/lasentinelle.dz\\\/index.php\\\/2025\\\/06\\\/01\\\/faf-un-mandat-oriente-vers-la-formation\\\/\"]}]},{\"@type\":\"ImageObject\",\"inLanguage\":\"fr-FR\",\"@id\":\"https:\\\/\\\/lasentinelle.dz\\\/index.php\\\/2025\\\/06\\\/01\\\/faf-un-mandat-oriente-vers-la-formation\\\/#primaryimage\",\"url\":\"https:\\\/\\\/lasentinelle.dz\\\/wp-content\\\/uploads\\\/2025\\\/06\\\/U13.jpg\",\"contentUrl\":\"https:\\\/\\\/lasentinelle.dz\\\/wp-content\\\/uploads\\\/2025\\\/06\\\/U13.jpg\",\"width\":2400,\"height\":1600},{\"@type\":\"BreadcrumbList\",\"@id\":\"https:\\\/\\\/lasentinelle.dz\\\/index.php\\\/2025\\\/06\\\/01\\\/faf-un-mandat-oriente-vers-la-formation\\\/#breadcrumb\",\"itemListElement\":[{\"@type\":\"ListItem\",\"position\":1,\"name\":\"Accueil\",\"item\":\"https:\\\/\\\/lasentinelle.dz\\\/\"},{\"@type\":\"ListItem\",\"position\":2,\"name\":\"FAF: Un mandat orient\u00e9 vers la formation\"}]},{\"@type\":\"WebSite\",\"@id\":\"https:\\\/\\\/lasentinelle.dz\\\/#website\",\"url\":\"https:\\\/\\\/lasentinelle.dz\\\/\",\"name\":\"La Sentinelle\",\"description\":\"Quotidien national d&#039;information\",\"publisher\":{\"@id\":\"https:\\\/\\\/lasentinelle.dz\\\/#organization\"},\"potentialAction\":[{\"@type\":\"SearchAction\",\"target\":{\"@type\":\"EntryPoint\",\"urlTemplate\":\"https:\\\/\\\/lasentinelle.dz\\\/?s={search_term_string}\"},\"query-input\":{\"@type\":\"PropertyValueSpecification\",\"valueRequired\":true,\"valueName\":\"search_term_string\"}}],\"inLanguage\":\"fr-FR\"},{\"@type\":\"Organization\",\"@id\":\"https:\\\/\\\/lasentinelle.dz\\\/#organization\",\"name\":\"Quotidien La Sentinelle\",\"url\":\"https:\\\/\\\/lasentinelle.dz\\\/\",\"logo\":{\"@type\":\"ImageObject\",\"inLanguage\":\"fr-FR\",\"@id\":\"https:\\\/\\\/lasentinelle.dz\\\/#\\\/schema\\\/logo\\\/image\\\/\",\"url\":\"https:\\\/\\\/lasentinelle.dz\\\/wp-content\\\/uploads\\\/2021\\\/09\\\/logo-sentinelleSLOGAN-1.png\",\"contentUrl\":\"https:\\\/\\\/lasentinelle.dz\\\/wp-content\\\/uploads\\\/2021\\\/09\\\/logo-sentinelleSLOGAN-1.png\",\"width\":615,\"height\":142,\"caption\":\"Quotidien La Sentinelle\"},\"image\":{\"@id\":\"https:\\\/\\\/lasentinelle.dz\\\/#\\\/schema\\\/logo\\\/image\\\/\"},\"sameAs\":[\"https:\\\/\\\/www.facebook.com\\\/La-Sentinelle-104059864394773\"]},{\"@type\":\"Person\",\"@id\":\"https:\\\/\\\/lasentinelle.dz\\\/#\\\/schema\\\/person\\\/729ee0024f24e0b8c5ec17232f8e8b41\",\"name\":\"admin\",\"image\":{\"@type\":\"ImageObject\",\"inLanguage\":\"fr-FR\",\"@id\":\"https:\\\/\\\/secure.gravatar.com\\\/avatar\\\/4c81fed838786e9b53f540bf46533e750f5d292099ae3b66cfc6fb1982e29df7?s=96&d=mm&r=g\",\"url\":\"https:\\\/\\\/secure.gravatar.com\\\/avatar\\\/4c81fed838786e9b53f540bf46533e750f5d292099ae3b66cfc6fb1982e29df7?s=96&d=mm&r=g\",\"contentUrl\":\"https:\\\/\\\/secure.gravatar.com\\\/avatar\\\/4c81fed838786e9b53f540bf46533e750f5d292099ae3b66cfc6fb1982e29df7?s=96&d=mm&r=g\",\"caption\":\"admin\"},\"description\":\"admin\",\"url\":\"https:\\\/\\\/lasentinelle.dz\\\/author\\\/admin\\\/\"}]}<\/script>\n<!-- \/ Yoast SEO plugin. -->","yoast_head_json":{"title":"FAF: Un mandat orient\u00e9 vers la formation - La Sentinelle","robots":{"index":"index","follow":"follow","max-snippet":"max-snippet:-1","max-image-preview":"max-image-preview:large","max-video-preview":"max-video-preview:-1"},"canonical":"https:\/\/lasentinelle.dz\/index.php\/2025\/06\/01\/faf-un-mandat-oriente-vers-la-formation\/","og_locale":"fr_FR","og_type":"article","og_title":"FAF: Un mandat orient\u00e9 vers la formation - La Sentinelle","og_description":"\u00ab\u00a0Notre mandat sera ax\u00e9 sur la formation\u00a0\u00bb, a d\u00e9clar\u00e9 Walid Sadi, soulignant que \u00ab\u00a0la FAF accorde une grande importance \u00e0","og_url":"https:\/\/lasentinelle.dz\/index.php\/2025\/06\/01\/faf-un-mandat-oriente-vers-la-formation\/","og_site_name":"La Sentinelle","article_publisher":"https:\/\/www.facebook.com\/La-Sentinelle-104059864394773","article_published_time":"2025-06-01T19:51:23+00:00","og_image":[{"width":2400,"height":1600,"url":"https:\/\/lasentinelle.dz\/wp-content\/uploads\/2025\/06\/U13.jpg","type":"image\/jpeg"}],"author":"admin","twitter_card":"summary_large_image","twitter_misc":{"\u00c9crit par":"admin","Dur\u00e9e de lecture estim\u00e9e":"3 minutes"},"schema":{"@context":"https:\/\/schema.org","@graph":[{"@type":"Article","@id":"https:\/\/lasentinelle.dz\/index.php\/2025\/06\/01\/faf-un-mandat-oriente-vers-la-formation\/#article","isPartOf":{"@id":"https:\/\/lasentinelle.dz\/index.php\/2025\/06\/01\/faf-un-mandat-oriente-vers-la-formation\/"},"author":{"name":"admin","@id":"https:\/\/lasentinelle.dz\/#\/schema\/person\/729ee0024f24e0b8c5ec17232f8e8b41"},"headline":"FAF: Un mandat orient\u00e9 vers la formation","datePublished":"2025-06-01T19:51:23+00:00","mainEntityOfPage":{"@id":"https:\/\/lasentinelle.dz\/index.php\/2025\/06\/01\/faf-un-mandat-oriente-vers-la-formation\/"},"wordCount":629,"commentCount":0,"publisher":{"@id":"https:\/\/lasentinelle.dz\/#organization"},"image":{"@id":"https:\/\/lasentinelle.dz\/index.php\/2025\/06\/01\/faf-un-mandat-oriente-vers-la-formation\/#primaryimage"},"thumbnailUrl":"https:\/\/lasentinelle.dz\/wp-content\/uploads\/2025\/06\/U13.jpg","articleSection":["Sports"],"inLanguage":"fr-FR","potentialAction":[{"@type":"CommentAction","name":"Comment","target":["https:\/\/lasentinelle.dz\/index.php\/2025\/06\/01\/faf-un-mandat-oriente-vers-la-formation\/#respond"]}]},{"@type":"WebPage","@id":"https:\/\/lasentinelle.dz\/index.php\/2025\/06\/01\/faf-un-mandat-oriente-vers-la-formation\/","url":"https:\/\/lasentinelle.dz\/index.php\/2025\/06\/01\/faf-un-mandat-oriente-vers-la-formation\/","name":"FAF: Un mandat orient\u00e9 vers la formation - La Sentinelle","isPartOf":{"@id":"https:\/\/lasentinelle.dz\/#website"},"primaryImageOfPage":{"@id":"https:\/\/lasentinelle.dz\/index.php\/2025\/06\/01\/faf-un-mandat-oriente-vers-la-formation\/#primaryimage"},"image":{"@id":"https:\/\/lasentinelle.dz\/index.php\/2025\/06\/01\/faf-un-mandat-oriente-vers-la-formation\/#primaryimage"},"thumbnailUrl":"https:\/\/lasentinelle.dz\/wp-content\/uploads\/2025\/06\/U13.jpg","datePublished":"2025-06-01T19:51:23+00:00","breadcrumb":{"@id":"https:\/\/lasentinelle.dz\/index.php\/2025\/06\/01\/faf-un-mandat-oriente-vers-la-formation\/#breadcrumb"},"inLanguage":"fr-FR","potentialAction":[{"@type":"ReadAction","target":["https:\/\/lasentinelle.dz\/index.php\/2025\/06\/01\/faf-un-mandat-oriente-vers-la-formation\/"]}]},{"@type":"ImageObject","inLanguage":"fr-FR","@id":"https:\/\/lasentinelle.dz\/index.php\/2025\/06\/01\/faf-un-mandat-oriente-vers-la-formation\/#primaryimage","url":"https:\/\/lasentinelle.dz\/wp-content\/uploads\/2025\/06\/U13.jpg","contentUrl":"https:\/\/lasentinelle.dz\/wp-content\/uploads\/2025\/06\/U13.jpg","width":2400,"height":1600},{"@type":"BreadcrumbList","@id":"https:\/\/lasentinelle.dz\/index.php\/2025\/06\/01\/faf-un-mandat-oriente-vers-la-formation\/#breadcrumb","itemListElement":[{"@type":"ListItem","position":1,"name":"Accueil","item":"https:\/\/lasentinelle.dz\/"},{"@type":"ListItem","position":2,"name":"FAF: Un mandat orient\u00e9 vers la formation"}]},{"@type":"WebSite","@id":"https:\/\/lasentinelle.dz\/#website","url":"https:\/\/lasentinelle.dz\/","name":"La Sentinelle","description":"Quotidien national d&#039;information","publisher":{"@id":"https:\/\/lasentinelle.dz\/#organization"},"potentialAction":[{"@type":"SearchAction","target":{"@type":"EntryPoint","urlTemplate":"https:\/\/lasentinelle.dz\/?s={search_term_string}"},"query-input":{"@type":"PropertyValueSpecification","valueRequired":true,"valueName":"search_term_string"}}],"inLanguage":"fr-FR"},{"@type":"Organization","@id":"https:\/\/lasentinelle.dz\/#organization","name":"Quotidien La Sentinelle","url":"https:\/\/lasentinelle.dz\/","logo":{"@type":"ImageObject","inLanguage":"fr-FR","@id":"https:\/\/lasentinelle.dz\/#\/schema\/logo\/image\/","url":"https:\/\/lasentinelle.dz\/wp-content\/uploads\/2021\/09\/logo-sentinelleSLOGAN-1.png","contentUrl":"https:\/\/lasentinelle.dz\/wp-content\/uploads\/2021\/09\/logo-sentinelleSLOGAN-1.png","width":615,"height":142,"caption":"Quotidien La Sentinelle"},"image":{"@id":"https:\/\/lasentinelle.dz\/#\/schema\/logo\/image\/"},"sameAs":["https:\/\/www.facebook.com\/La-Sentinelle-104059864394773"]},{"@type":"Person","@id":"https:\/\/lasentinelle.dz\/#\/schema\/person\/729ee0024f24e0b8c5ec17232f8e8b41","name":"admin","image":{"@type":"ImageObject","inLanguage":"fr-FR","@id":"https:\/\/secure.gravatar.com\/avatar\/4c81fed838786e9b53f540bf46533e750f5d292099ae3b66cfc6fb1982e29df7?s=96&d=mm&r=g","url":"https:\/\/secure.gravatar.com\/avatar\/4c81fed838786e9b53f540bf46533e750f5d292099ae3b66cfc6fb1982e29df7?s=96&d=mm&r=g","contentUrl":"https:\/\/secure.gravatar.com\/avatar\/4c81fed838786e9b53f540bf46533e750f5d292099ae3b66cfc6fb1982e29df7?s=96&d=mm&r=g","caption":"admin"},"description":"admin","url":"https:\/\/lasentinelle.dz\/author\/admin\/"}]}},"_links":{"self":[{"href":"https:\/\/lasentinelle.dz\/index.php\/wp-json\/wp\/v2\/posts\/68290","targetHints":{"allow":["GET"]}}],"collection":[{"href":"https:\/\/lasentinelle.dz\/index.php\/wp-json\/wp\/v2\/posts"}],"about":[{"href":"https:\/\/lasentinelle.dz\/index.php\/wp-json\/wp\/v2\/types\/post"}],"author":[{"embeddable":true,"href":"https:\/\/lasentinelle.dz\/index.php\/wp-json\/wp\/v2\/users\/6"}],"replies":[{"embeddable":true,"href":"https:\/\/lasentinelle.dz\/index.php\/wp-json\/wp\/v2\/comments?post=68290"}],"version-history":[{"count":1,"href":"https:\/\/lasentinelle.dz\/index.php\/wp-json\/wp\/v2\/posts\/68290\/revisions"}],"predecessor-version":[{"id":68292,"href":"https:\/\/lasentinelle.dz\/index.php\/wp-json\/wp\/v2\/posts\/68290\/revisions\/68292"}],"wp:featuredmedia":[{"embeddable":true,"href":"https:\/\/lasentinelle.dz\/index.php\/wp-json\/wp\/v2\/media\/68291"}],"wp:attachment":[{"href":"https:\/\/lasentinelle.dz\/index.php\/wp-json\/wp\/v2\/media?parent=68290"}],"wp:term":[{"taxonomy":"category","embeddable":true,"href":"https:\/\/lasentinelle.dz\/index.php\/wp-json\/wp\/v2\/categories?post=68290"},{"taxonomy":"post_tag","embeddable":true,"href":"https:\/\/lasentinelle.dz\/index.php\/wp-json\/wp\/v2\/tags?post=68290"}],"curies":[{"name":"wp","href":"https:\/\/api.w.org\/{rel}","templated":true}]}}