{"id":68293,"date":"2025-06-01T20:52:19","date_gmt":"2025-06-01T19:52:19","guid":{"rendered":"https:\/\/lasentinelle.dz\/?p=68293"},"modified":"2025-06-01T20:52:20","modified_gmt":"2025-06-01T19:52:20","slug":"ligue-1-et-ligue-2-un-nouveau-systeme-de-competition-adopte","status":"publish","type":"post","link":"https:\/\/lasentinelle.dz\/index.php\/2025\/06\/01\/ligue-1-et-ligue-2-un-nouveau-systeme-de-competition-adopte\/","title":{"rendered":"Ligue 1 et Ligue 2 : Un nouveau syst\u00e8me de comp\u00e9tition adopt\u00e9"},"content":{"rendered":"\n<p>La F\u00e9d\u00e9ration alg\u00e9rienne de football (FAF) a officialis\u00e9 samedi dernier lors de la r\u00e9union du Bureau f\u00e9d\u00e9ral \u00e0 Oran, pr\u00e9sid\u00e9e par Walid Sadi, un amendement majeur aux modalit\u00e9s d&rsquo;accession et de rel\u00e9gation pour la saison 2025\/2026. Cette d\u00e9cision, qui concerne directement la Ligue 1 et la Ligue 2, vise \u00e0 dynamiser le football national et \u00e0 promouvoir l&rsquo;excellence sportive selon le communiqu\u00e9 officiel publi\u00e9 ce 31 mai 2025.<\/p>\n\n\n\n<p>Le changement le plus notable concerne la rel\u00e9gation en Ligue 1 Mobilis. D\u00e9sormais, \u00e0 la fin de la saison 2025\/2026, les clubs class\u00e9s 14\u00e8me, 15\u00e8me et 16\u00e8me seront automatiquement rel\u00e9gu\u00e9s en Ligue 2. Cette mesure, approuv\u00e9e par le Bureau f\u00e9d\u00e9ral, t\u00e9moigne de la volont\u00e9 de la FAF de maintenir un niveau de comp\u00e9titivit\u00e9 \u00e9lev\u00e9 dans l&rsquo;\u00e9lite du football alg\u00e9rien. La pression sera donc plus forte sur les \u00e9quipes du bas de classement, qui devront absolument \u00e9viter ces trois derni\u00e8res places synonymes de descente. Pour compenser ces trois rel\u00e9gations, le syst\u00e8me d&rsquo;accession conna\u00eet \u00e9galement une refonte compl\u00e8te. Si les premiers de chaque groupe de la Ligue nationale de football amateur monteront directement en Ligue 1, les deuxi\u00e8mes et troisi\u00e8mes places devront d\u00e9sormais disputer un tournoi de play-offs particuli\u00e8rement disput\u00e9. Le format retenu est attractif : le deuxi\u00e8me du groupe A affrontera le troisi\u00e8me du groupe B, tandis que le deuxi\u00e8me du groupe B rencontrera le troisi\u00e8me du groupe A. Les deux vainqueurs de ces demi-finales s&rsquo;affronteront ensuite en finale pour d\u00e9crocher le pr\u00e9cieux s\u00e9same vers l&rsquo;\u00e9lite.<\/p>\n\n\n\n<p>La FAF n&rsquo;a pas l\u00e9sin\u00e9 sur les moyens pour donner du prestige \u00e0 ces rencontres d\u00e9cisives. Les matches de play-offs se d\u00e9rouleront sur terrains neutres avec la pr\u00e9sence de la VAR et un arbitrage international. Cette mont\u00e9e en gamme technique t\u00e9moigne de l&rsquo;importance accord\u00e9e \u00e0 ces rencontres qui d\u00e9termineront le dernier promu en Ligue 1. Les clubs concern\u00e9s b\u00e9n\u00e9ficieront ainsi de conditions optimales pour cette ultime bataille vers la premi\u00e8re division.<\/p>\n\n\n\n<p><strong>Un calendrier serr\u00e9 avec les comp\u00e9titions africaines<\/strong><\/p>\n\n\n\n<p>Parall\u00e8lement \u00e0 ces nouveaut\u00e9s, le Bureau f\u00e9d\u00e9ral a confirm\u00e9 l&rsquo;engagement des clubs alg\u00e9riens dans les comp\u00e9titions interclubs de la CAF pour la saison 2025\/2026. Le champion et le vice-champion d&rsquo;Alg\u00e9rie disputeront la Ligue des champions, tandis que le troisi\u00e8me du championnat et le vainqueur de la Coupe d&rsquo;Alg\u00e9rie participeront \u00e0 la Coupe de la Conf\u00e9d\u00e9ration. Une contrainte importante accompagne cette participation : la saison 2025\/2026 devra imp\u00e9rativement se cl\u00f4turer avant fin mai 2026, obligeant les clubs concern\u00e9s \u00e0 disputer leur match de championnat national dans un d\u00e9lai de 72 heures avant ou apr\u00e8s leur rencontre continentale.<\/p>\n\n\n\n<p>Au-del\u00e0 des aspects purement comp\u00e9titifs, la r\u00e9union d&rsquo;Oran a \u00e9galement mis l&rsquo;accent sur la formation. Le pr\u00e9sident Walid Sadi a insist\u00e9 sur l&rsquo;importance de la mobilisation des acteurs du football et la moralisation de la sc\u00e8ne footballistique, en commen\u00e7ant par le football professionnel qui doit observer une ligne de conduite exemplaire, notamment en mati\u00e8re de gouvernance et de formation des jeunes talents. Cette vision s&rsquo;inscrit dans une d\u00e9marche globale visant \u00e0 faire du football professionnel la locomotive du football national.<\/p>\n\n\n\n<p><strong>Des ligues r\u00e9gionales repens\u00e9es<\/strong><\/p>\n\n\n\n<p>Le Bureau f\u00e9d\u00e9ral n&rsquo;a pas oubli\u00e9 les \u00e9chelons inf\u00e9rieurs avec la r\u00e9vision du syst\u00e8me des comp\u00e9titions au niveau des ligues r\u00e9gionales de B\u00e9char et Ouargla. Cette refonte s&rsquo;articulera autour de l&rsquo;organisation des championnats de wilayas lors d&rsquo;une premi\u00e8re phase, suivie d&rsquo;une qualification des meilleurs \u00e0 une phase de groupes. L&rsquo;objectif affich\u00e9 est double : promouvoir l&rsquo;excellence sportive et r\u00e9duire les distances pour diminuer les co\u00fbts de d\u00e9placement, une pr\u00e9occupation constante des clubs amateurs.<\/p>\n\n\n\n<p>Ces modifications du syst\u00e8me de comp\u00e9tition s&rsquo;inscrivent dans une logique de modernisation et d&rsquo;am\u00e9lioration continue du football national. Avec un championnat de Ligue 1 Mobilis qui atteint actuellement sa 27\u00e8me journ\u00e9e et des play-offs prometteurs \u00e0 venir, la saison 2025\/2026 s&rsquo;annonce d\u00e9j\u00e0 comme un tournant dans l&rsquo;organisation du football alg\u00e9rien. Notons qu&rsquo;\u00e0 l\u2019ouverture des travaux de cette session, le Pr\u00e9sident de la FAF, M. Walid Sadi, est revenu sur les diff\u00e9rentes actions entreprises par le Bureau f\u00e9d\u00e9ral depuis le d\u00e9but de l\u2019exercice 2025. L\u2019effort a \u00e9t\u00e9 ax\u00e9 sur la mobilisation des acteurs du football et la moralisation de la sc\u00e8ne footballistique, en commen\u00e7ant par le football professionnel, qui doit observer une ligne de conduite exemplaire sur plusieurs plans, notamment en mati\u00e8re de gouvernance des structures et de formation des jeunes talents, puisqu\u2019il repr\u00e9sente la locomotive du football national. Les ligues affili\u00e9es jouent un r\u00f4le pr\u00e9pond\u00e9rant dans la planification et l\u2019organisation de centaines de championnats, dans le cadre des missions statutaires qui leur sont d\u00e9volues. Elles sont appel\u00e9es \u00e0 poursuivre leurs efforts pour am\u00e9liorer l\u2019encadrement des comp\u00e9titions, mais aussi \u00e0 relever un nouveau d\u00e9fi : la mise en place de s\u00e9lections r\u00e9gionales de jeunes.<\/p>\n\n\n\n<p>Moncef Dahleb<\/p>\n","protected":false},"excerpt":{"rendered":"<p>La F\u00e9d\u00e9ration alg\u00e9rienne de football (FAF) a officialis\u00e9 samedi dernier lors de la r\u00e9union du Bureau f\u00e9d\u00e9ral \u00e0 Oran, pr\u00e9sid\u00e9e<\/p>\n","protected":false},"author":6,"featured_media":68294,"comment_status":"open","ping_status":"closed","sticky":false,"template":"","format":"standard","meta":{"colormag_page_container_layout":"default_layout","colormag_page_sidebar_layout":"default_layout","om_disable_all_campaigns":false,"_monsterinsights_skip_tracking":false,"_monsterinsights_sitenote_active":false,"_monsterinsights_sitenote_note":"","_monsterinsights_sitenote_category":0,"footnotes":"","_wpscppro_dont_share_socialmedia":false,"_wpscppro_custom_social_share_image":0,"_facebook_share_type":"default","_twitter_share_type":"default","_linkedin_share_type":"default","_pinterest_share_type":"default","_linkedin_share_type_page":"","_instagram_share_type":"default","_medium_share_type":"default","_threads_share_type":"","_google_business_share_type":"","_selected_social_profile":[],"_wpsp_enable_custom_social_template":false,"_wpsp_social_scheduling":{"enabled":false,"datetime":null,"platforms":[],"status":"template_only","dateOption":"today","timeOption":"now","customDays":"","customHours":"","customDate":"","customTime":"","schedulingType":"absolute"},"_wpsp_active_default_template":true},"categories":[52,33],"tags":[],"class_list":["post-68293","post","type-post","status-publish","format-standard","has-post-thumbnail","hentry","category-a-la-une","category-sports"],"aioseo_notices":[],"yoast_head":"<!-- This site is optimized with the Yoast SEO plugin v27.5 - https:\/\/yoast.com\/product\/yoast-seo-wordpress\/ -->\n<title>Ligue 1 et Ligue 2 : Un nouveau syst\u00e8me de comp\u00e9tition adopt\u00e9 - La Sentinelle<\/title>\n<meta name=\"robots\" content=\"index, follow, max-snippet:-1, max-image-preview:large, max-video-preview:-1\" \/>\n<link rel=\"canonical\" href=\"https:\/\/lasentinelle.dz\/index.php\/2025\/06\/01\/ligue-1-et-ligue-2-un-nouveau-systeme-de-competition-adopte\/\" \/>\n<meta property=\"og:locale\" content=\"fr_FR\" \/>\n<meta property=\"og:type\" content=\"article\" \/>\n<meta property=\"og:title\" content=\"Ligue 1 et Ligue 2 : Un nouveau syst\u00e8me de comp\u00e9tition adopt\u00e9 - La Sentinelle\" \/>\n<meta property=\"og:description\" content=\"La F\u00e9d\u00e9ration alg\u00e9rienne de football (FAF) a officialis\u00e9 samedi dernier lors de la r\u00e9union du Bureau f\u00e9d\u00e9ral \u00e0 Oran, pr\u00e9sid\u00e9e\" \/>\n<meta property=\"og:url\" content=\"https:\/\/lasentinelle.dz\/index.php\/2025\/06\/01\/ligue-1-et-ligue-2-un-nouveau-systeme-de-competition-adopte\/\" \/>\n<meta property=\"og:site_name\" content=\"La Sentinelle\" \/>\n<meta property=\"article:publisher\" content=\"https:\/\/www.facebook.com\/La-Sentinelle-104059864394773\" \/>\n<meta property=\"article:published_time\" content=\"2025-06-01T19:52:19+00:00\" \/>\n<meta property=\"article:modified_time\" content=\"2025-06-01T19:52:20+00:00\" \/>\n<meta property=\"og:image\" content=\"https:\/\/lasentinelle.dz\/wp-content\/uploads\/2025\/06\/Sadi-BF.jpg\" \/>\n\t<meta property=\"og:image:width\" content=\"2400\" \/>\n\t<meta property=\"og:image:height\" content=\"1600\" \/>\n\t<meta property=\"og:image:type\" content=\"image\/jpeg\" \/>\n<meta name=\"author\" content=\"admin\" \/>\n<meta name=\"twitter:card\" content=\"summary_large_image\" \/>\n<meta name=\"twitter:label1\" content=\"\u00c9crit par\" \/>\n\t<meta name=\"twitter:data1\" content=\"admin\" \/>\n\t<meta name=\"twitter:label2\" content=\"Dur\u00e9e de lecture estim\u00e9e\" \/>\n\t<meta name=\"twitter:data2\" content=\"5 minutes\" \/>\n<script type=\"application\/ld+json\" class=\"yoast-schema-graph\">{\"@context\":\"https:\\\/\\\/schema.org\",\"@graph\":[{\"@type\":\"Article\",\"@id\":\"https:\\\/\\\/lasentinelle.dz\\\/index.php\\\/2025\\\/06\\\/01\\\/ligue-1-et-ligue-2-un-nouveau-systeme-de-competition-adopte\\\/#article\",\"isPartOf\":{\"@id\":\"https:\\\/\\\/lasentinelle.dz\\\/index.php\\\/2025\\\/06\\\/01\\\/ligue-1-et-ligue-2-un-nouveau-systeme-de-competition-adopte\\\/\"},\"author\":{\"name\":\"admin\",\"@id\":\"https:\\\/\\\/lasentinelle.dz\\\/#\\\/schema\\\/person\\\/729ee0024f24e0b8c5ec17232f8e8b41\"},\"headline\":\"Ligue 1 et Ligue 2 : Un nouveau syst\u00e8me de comp\u00e9tition adopt\u00e9\",\"datePublished\":\"2025-06-01T19:52:19+00:00\",\"dateModified\":\"2025-06-01T19:52:20+00:00\",\"mainEntityOfPage\":{\"@id\":\"https:\\\/\\\/lasentinelle.dz\\\/index.php\\\/2025\\\/06\\\/01\\\/ligue-1-et-ligue-2-un-nouveau-systeme-de-competition-adopte\\\/\"},\"wordCount\":892,\"commentCount\":0,\"publisher\":{\"@id\":\"https:\\\/\\\/lasentinelle.dz\\\/#organization\"},\"image\":{\"@id\":\"https:\\\/\\\/lasentinelle.dz\\\/index.php\\\/2025\\\/06\\\/01\\\/ligue-1-et-ligue-2-un-nouveau-systeme-de-competition-adopte\\\/#primaryimage\"},\"thumbnailUrl\":\"https:\\\/\\\/lasentinelle.dz\\\/wp-content\\\/uploads\\\/2025\\\/06\\\/Sadi-BF.jpg\",\"articleSection\":[\"\u00c0 la Une\",\"Sports\"],\"inLanguage\":\"fr-FR\",\"potentialAction\":[{\"@type\":\"CommentAction\",\"name\":\"Comment\",\"target\":[\"https:\\\/\\\/lasentinelle.dz\\\/index.php\\\/2025\\\/06\\\/01\\\/ligue-1-et-ligue-2-un-nouveau-systeme-de-competition-adopte\\\/#respond\"]}]},{\"@type\":\"WebPage\",\"@id\":\"https:\\\/\\\/lasentinelle.dz\\\/index.php\\\/2025\\\/06\\\/01\\\/ligue-1-et-ligue-2-un-nouveau-systeme-de-competition-adopte\\\/\",\"url\":\"https:\\\/\\\/lasentinelle.dz\\\/index.php\\\/2025\\\/06\\\/01\\\/ligue-1-et-ligue-2-un-nouveau-systeme-de-competition-adopte\\\/\",\"name\":\"Ligue 1 et Ligue 2 : Un nouveau syst\u00e8me de comp\u00e9tition adopt\u00e9 - La Sentinelle\",\"isPartOf\":{\"@id\":\"https:\\\/\\\/lasentinelle.dz\\\/#website\"},\"primaryImageOfPage\":{\"@id\":\"https:\\\/\\\/lasentinelle.dz\\\/index.php\\\/2025\\\/06\\\/01\\\/ligue-1-et-ligue-2-un-nouveau-systeme-de-competition-adopte\\\/#primaryimage\"},\"image\":{\"@id\":\"https:\\\/\\\/lasentinelle.dz\\\/index.php\\\/2025\\\/06\\\/01\\\/ligue-1-et-ligue-2-un-nouveau-systeme-de-competition-adopte\\\/#primaryimage\"},\"thumbnailUrl\":\"https:\\\/\\\/lasentinelle.dz\\\/wp-content\\\/uploads\\\/2025\\\/06\\\/Sadi-BF.jpg\",\"datePublished\":\"2025-06-01T19:52:19+00:00\",\"dateModified\":\"2025-06-01T19:52:20+00:00\",\"breadcrumb\":{\"@id\":\"https:\\\/\\\/lasentinelle.dz\\\/index.php\\\/2025\\\/06\\\/01\\\/ligue-1-et-ligue-2-un-nouveau-systeme-de-competition-adopte\\\/#breadcrumb\"},\"inLanguage\":\"fr-FR\",\"potentialAction\":[{\"@type\":\"ReadAction\",\"target\":[\"https:\\\/\\\/lasentinelle.dz\\\/index.php\\\/2025\\\/06\\\/01\\\/ligue-1-et-ligue-2-un-nouveau-systeme-de-competition-adopte\\\/\"]}]},{\"@type\":\"ImageObject\",\"inLanguage\":\"fr-FR\",\"@id\":\"https:\\\/\\\/lasentinelle.dz\\\/index.php\\\/2025\\\/06\\\/01\\\/ligue-1-et-ligue-2-un-nouveau-systeme-de-competition-adopte\\\/#primaryimage\",\"url\":\"https:\\\/\\\/lasentinelle.dz\\\/wp-content\\\/uploads\\\/2025\\\/06\\\/Sadi-BF.jpg\",\"contentUrl\":\"https:\\\/\\\/lasentinelle.dz\\\/wp-content\\\/uploads\\\/2025\\\/06\\\/Sadi-BF.jpg\",\"width\":2400,\"height\":1600},{\"@type\":\"BreadcrumbList\",\"@id\":\"https:\\\/\\\/lasentinelle.dz\\\/index.php\\\/2025\\\/06\\\/01\\\/ligue-1-et-ligue-2-un-nouveau-systeme-de-competition-adopte\\\/#breadcrumb\",\"itemListElement\":[{\"@type\":\"ListItem\",\"position\":1,\"name\":\"Accueil\",\"item\":\"https:\\\/\\\/lasentinelle.dz\\\/\"},{\"@type\":\"ListItem\",\"position\":2,\"name\":\"Ligue 1 et Ligue 2 : Un nouveau syst\u00e8me de comp\u00e9tition adopt\u00e9\"}]},{\"@type\":\"WebSite\",\"@id\":\"https:\\\/\\\/lasentinelle.dz\\\/#website\",\"url\":\"https:\\\/\\\/lasentinelle.dz\\\/\",\"name\":\"La Sentinelle\",\"description\":\"Quotidien national d&#039;information\",\"publisher\":{\"@id\":\"https:\\\/\\\/lasentinelle.dz\\\/#organization\"},\"potentialAction\":[{\"@type\":\"SearchAction\",\"target\":{\"@type\":\"EntryPoint\",\"urlTemplate\":\"https:\\\/\\\/lasentinelle.dz\\\/?s={search_term_string}\"},\"query-input\":{\"@type\":\"PropertyValueSpecification\",\"valueRequired\":true,\"valueName\":\"search_term_string\"}}],\"inLanguage\":\"fr-FR\"},{\"@type\":\"Organization\",\"@id\":\"https:\\\/\\\/lasentinelle.dz\\\/#organization\",\"name\":\"Quotidien La Sentinelle\",\"url\":\"https:\\\/\\\/lasentinelle.dz\\\/\",\"logo\":{\"@type\":\"ImageObject\",\"inLanguage\":\"fr-FR\",\"@id\":\"https:\\\/\\\/lasentinelle.dz\\\/#\\\/schema\\\/logo\\\/image\\\/\",\"url\":\"https:\\\/\\\/lasentinelle.dz\\\/wp-content\\\/uploads\\\/2021\\\/09\\\/logo-sentinelleSLOGAN-1.png\",\"contentUrl\":\"https:\\\/\\\/lasentinelle.dz\\\/wp-content\\\/uploads\\\/2021\\\/09\\\/logo-sentinelleSLOGAN-1.png\",\"width\":615,\"height\":142,\"caption\":\"Quotidien La Sentinelle\"},\"image\":{\"@id\":\"https:\\\/\\\/lasentinelle.dz\\\/#\\\/schema\\\/logo\\\/image\\\/\"},\"sameAs\":[\"https:\\\/\\\/www.facebook.com\\\/La-Sentinelle-104059864394773\"]},{\"@type\":\"Person\",\"@id\":\"https:\\\/\\\/lasentinelle.dz\\\/#\\\/schema\\\/person\\\/729ee0024f24e0b8c5ec17232f8e8b41\",\"name\":\"admin\",\"image\":{\"@type\":\"ImageObject\",\"inLanguage\":\"fr-FR\",\"@id\":\"https:\\\/\\\/secure.gravatar.com\\\/avatar\\\/4c81fed838786e9b53f540bf46533e750f5d292099ae3b66cfc6fb1982e29df7?s=96&d=mm&r=g\",\"url\":\"https:\\\/\\\/secure.gravatar.com\\\/avatar\\\/4c81fed838786e9b53f540bf46533e750f5d292099ae3b66cfc6fb1982e29df7?s=96&d=mm&r=g\",\"contentUrl\":\"https:\\\/\\\/secure.gravatar.com\\\/avatar\\\/4c81fed838786e9b53f540bf46533e750f5d292099ae3b66cfc6fb1982e29df7?s=96&d=mm&r=g\",\"caption\":\"admin\"},\"description\":\"admin\",\"url\":\"https:\\\/\\\/lasentinelle.dz\\\/author\\\/admin\\\/\"}]}<\/script>\n<!-- \/ Yoast SEO plugin. -->","yoast_head_json":{"title":"Ligue 1 et Ligue 2 : Un nouveau syst\u00e8me de comp\u00e9tition adopt\u00e9 - La Sentinelle","robots":{"index":"index","follow":"follow","max-snippet":"max-snippet:-1","max-image-preview":"max-image-preview:large","max-video-preview":"max-video-preview:-1"},"canonical":"https:\/\/lasentinelle.dz\/index.php\/2025\/06\/01\/ligue-1-et-ligue-2-un-nouveau-systeme-de-competition-adopte\/","og_locale":"fr_FR","og_type":"article","og_title":"Ligue 1 et Ligue 2 : Un nouveau syst\u00e8me de comp\u00e9tition adopt\u00e9 - La Sentinelle","og_description":"La F\u00e9d\u00e9ration alg\u00e9rienne de football (FAF) a officialis\u00e9 samedi dernier lors de la r\u00e9union du Bureau f\u00e9d\u00e9ral \u00e0 Oran, pr\u00e9sid\u00e9e","og_url":"https:\/\/lasentinelle.dz\/index.php\/2025\/06\/01\/ligue-1-et-ligue-2-un-nouveau-systeme-de-competition-adopte\/","og_site_name":"La Sentinelle","article_publisher":"https:\/\/www.facebook.com\/La-Sentinelle-104059864394773","article_published_time":"2025-06-01T19:52:19+00:00","article_modified_time":"2025-06-01T19:52:20+00:00","og_image":[{"width":2400,"height":1600,"url":"https:\/\/lasentinelle.dz\/wp-content\/uploads\/2025\/06\/Sadi-BF.jpg","type":"image\/jpeg"}],"author":"admin","twitter_card":"summary_large_image","twitter_misc":{"\u00c9crit par":"admin","Dur\u00e9e de lecture estim\u00e9e":"5 minutes"},"schema":{"@context":"https:\/\/schema.org","@graph":[{"@type":"Article","@id":"https:\/\/lasentinelle.dz\/index.php\/2025\/06\/01\/ligue-1-et-ligue-2-un-nouveau-systeme-de-competition-adopte\/#article","isPartOf":{"@id":"https:\/\/lasentinelle.dz\/index.php\/2025\/06\/01\/ligue-1-et-ligue-2-un-nouveau-systeme-de-competition-adopte\/"},"author":{"name":"admin","@id":"https:\/\/lasentinelle.dz\/#\/schema\/person\/729ee0024f24e0b8c5ec17232f8e8b41"},"headline":"Ligue 1 et Ligue 2 : Un nouveau syst\u00e8me de comp\u00e9tition adopt\u00e9","datePublished":"2025-06-01T19:52:19+00:00","dateModified":"2025-06-01T19:52:20+00:00","mainEntityOfPage":{"@id":"https:\/\/lasentinelle.dz\/index.php\/2025\/06\/01\/ligue-1-et-ligue-2-un-nouveau-systeme-de-competition-adopte\/"},"wordCount":892,"commentCount":0,"publisher":{"@id":"https:\/\/lasentinelle.dz\/#organization"},"image":{"@id":"https:\/\/lasentinelle.dz\/index.php\/2025\/06\/01\/ligue-1-et-ligue-2-un-nouveau-systeme-de-competition-adopte\/#primaryimage"},"thumbnailUrl":"https:\/\/lasentinelle.dz\/wp-content\/uploads\/2025\/06\/Sadi-BF.jpg","articleSection":["\u00c0 la Une","Sports"],"inLanguage":"fr-FR","potentialAction":[{"@type":"CommentAction","name":"Comment","target":["https:\/\/lasentinelle.dz\/index.php\/2025\/06\/01\/ligue-1-et-ligue-2-un-nouveau-systeme-de-competition-adopte\/#respond"]}]},{"@type":"WebPage","@id":"https:\/\/lasentinelle.dz\/index.php\/2025\/06\/01\/ligue-1-et-ligue-2-un-nouveau-systeme-de-competition-adopte\/","url":"https:\/\/lasentinelle.dz\/index.php\/2025\/06\/01\/ligue-1-et-ligue-2-un-nouveau-systeme-de-competition-adopte\/","name":"Ligue 1 et Ligue 2 : Un nouveau syst\u00e8me de comp\u00e9tition adopt\u00e9 - La Sentinelle","isPartOf":{"@id":"https:\/\/lasentinelle.dz\/#website"},"primaryImageOfPage":{"@id":"https:\/\/lasentinelle.dz\/index.php\/2025\/06\/01\/ligue-1-et-ligue-2-un-nouveau-systeme-de-competition-adopte\/#primaryimage"},"image":{"@id":"https:\/\/lasentinelle.dz\/index.php\/2025\/06\/01\/ligue-1-et-ligue-2-un-nouveau-systeme-de-competition-adopte\/#primaryimage"},"thumbnailUrl":"https:\/\/lasentinelle.dz\/wp-content\/uploads\/2025\/06\/Sadi-BF.jpg","datePublished":"2025-06-01T19:52:19+00:00","dateModified":"2025-06-01T19:52:20+00:00","breadcrumb":{"@id":"https:\/\/lasentinelle.dz\/index.php\/2025\/06\/01\/ligue-1-et-ligue-2-un-nouveau-systeme-de-competition-adopte\/#breadcrumb"},"inLanguage":"fr-FR","potentialAction":[{"@type":"ReadAction","target":["https:\/\/lasentinelle.dz\/index.php\/2025\/06\/01\/ligue-1-et-ligue-2-un-nouveau-systeme-de-competition-adopte\/"]}]},{"@type":"ImageObject","inLanguage":"fr-FR","@id":"https:\/\/lasentinelle.dz\/index.php\/2025\/06\/01\/ligue-1-et-ligue-2-un-nouveau-systeme-de-competition-adopte\/#primaryimage","url":"https:\/\/lasentinelle.dz\/wp-content\/uploads\/2025\/06\/Sadi-BF.jpg","contentUrl":"https:\/\/lasentinelle.dz\/wp-content\/uploads\/2025\/06\/Sadi-BF.jpg","width":2400,"height":1600},{"@type":"BreadcrumbList","@id":"https:\/\/lasentinelle.dz\/index.php\/2025\/06\/01\/ligue-1-et-ligue-2-un-nouveau-systeme-de-competition-adopte\/#breadcrumb","itemListElement":[{"@type":"ListItem","position":1,"name":"Accueil","item":"https:\/\/lasentinelle.dz\/"},{"@type":"ListItem","position":2,"name":"Ligue 1 et Ligue 2 : Un nouveau syst\u00e8me de comp\u00e9tition adopt\u00e9"}]},{"@type":"WebSite","@id":"https:\/\/lasentinelle.dz\/#website","url":"https:\/\/lasentinelle.dz\/","name":"La Sentinelle","description":"Quotidien national d&#039;information","publisher":{"@id":"https:\/\/lasentinelle.dz\/#organization"},"potentialAction":[{"@type":"SearchAction","target":{"@type":"EntryPoint","urlTemplate":"https:\/\/lasentinelle.dz\/?s={search_term_string}"},"query-input":{"@type":"PropertyValueSpecification","valueRequired":true,"valueName":"search_term_string"}}],"inLanguage":"fr-FR"},{"@type":"Organization","@id":"https:\/\/lasentinelle.dz\/#organization","name":"Quotidien La Sentinelle","url":"https:\/\/lasentinelle.dz\/","logo":{"@type":"ImageObject","inLanguage":"fr-FR","@id":"https:\/\/lasentinelle.dz\/#\/schema\/logo\/image\/","url":"https:\/\/lasentinelle.dz\/wp-content\/uploads\/2021\/09\/logo-sentinelleSLOGAN-1.png","contentUrl":"https:\/\/lasentinelle.dz\/wp-content\/uploads\/2021\/09\/logo-sentinelleSLOGAN-1.png","width":615,"height":142,"caption":"Quotidien La Sentinelle"},"image":{"@id":"https:\/\/lasentinelle.dz\/#\/schema\/logo\/image\/"},"sameAs":["https:\/\/www.facebook.com\/La-Sentinelle-104059864394773"]},{"@type":"Person","@id":"https:\/\/lasentinelle.dz\/#\/schema\/person\/729ee0024f24e0b8c5ec17232f8e8b41","name":"admin","image":{"@type":"ImageObject","inLanguage":"fr-FR","@id":"https:\/\/secure.gravatar.com\/avatar\/4c81fed838786e9b53f540bf46533e750f5d292099ae3b66cfc6fb1982e29df7?s=96&d=mm&r=g","url":"https:\/\/secure.gravatar.com\/avatar\/4c81fed838786e9b53f540bf46533e750f5d292099ae3b66cfc6fb1982e29df7?s=96&d=mm&r=g","contentUrl":"https:\/\/secure.gravatar.com\/avatar\/4c81fed838786e9b53f540bf46533e750f5d292099ae3b66cfc6fb1982e29df7?s=96&d=mm&r=g","caption":"admin"},"description":"admin","url":"https:\/\/lasentinelle.dz\/author\/admin\/"}]}},"_links":{"self":[{"href":"https:\/\/lasentinelle.dz\/index.php\/wp-json\/wp\/v2\/posts\/68293","targetHints":{"allow":["GET"]}}],"collection":[{"href":"https:\/\/lasentinelle.dz\/index.php\/wp-json\/wp\/v2\/posts"}],"about":[{"href":"https:\/\/lasentinelle.dz\/index.php\/wp-json\/wp\/v2\/types\/post"}],"author":[{"embeddable":true,"href":"https:\/\/lasentinelle.dz\/index.php\/wp-json\/wp\/v2\/users\/6"}],"replies":[{"embeddable":true,"href":"https:\/\/lasentinelle.dz\/index.php\/wp-json\/wp\/v2\/comments?post=68293"}],"version-history":[{"count":1,"href":"https:\/\/lasentinelle.dz\/index.php\/wp-json\/wp\/v2\/posts\/68293\/revisions"}],"predecessor-version":[{"id":68295,"href":"https:\/\/lasentinelle.dz\/index.php\/wp-json\/wp\/v2\/posts\/68293\/revisions\/68295"}],"wp:featuredmedia":[{"embeddable":true,"href":"https:\/\/lasentinelle.dz\/index.php\/wp-json\/wp\/v2\/media\/68294"}],"wp:attachment":[{"href":"https:\/\/lasentinelle.dz\/index.php\/wp-json\/wp\/v2\/media?parent=68293"}],"wp:term":[{"taxonomy":"category","embeddable":true,"href":"https:\/\/lasentinelle.dz\/index.php\/wp-json\/wp\/v2\/categories?post=68293"},{"taxonomy":"post_tag","embeddable":true,"href":"https:\/\/lasentinelle.dz\/index.php\/wp-json\/wp\/v2\/tags?post=68293"}],"curies":[{"name":"wp","href":"https:\/\/api.w.org\/{rel}","templated":true}]}}