{"id":68307,"date":"2025-06-01T20:57:40","date_gmt":"2025-06-01T19:57:40","guid":{"rendered":"https:\/\/lasentinelle.dz\/?p=68307"},"modified":"2025-06-01T20:57:41","modified_gmt":"2025-06-01T19:57:41","slug":"ligne-miniere-est-lancement-des-travaux-de-la-ligne-bouchegouf-oued-el-kebrit","status":"publish","type":"post","link":"https:\/\/lasentinelle.dz\/index.php\/2025\/06\/01\/ligne-miniere-est-lancement-des-travaux-de-la-ligne-bouchegouf-oued-el-kebrit\/","title":{"rendered":"Ligne mini\u00e8re Est: Lancement des travaux de la ligne Bouchegouf-Oued El Kebrit"},"content":{"rendered":"\n<p>Les travaux de modernisation et de d\u00e9doublement de la voie ferr\u00e9e reliant le port d&rsquo;Annaba au site minier de Bled El Hadba (wilaya de T\u00e9bessa) ont officiellement d\u00e9marr\u00e9, selon une source de la direction des Travaux publics (DTP) de la wilaya de Souk-Ahras.<\/p>\n\n\n\n<p>Ce projet d&rsquo;envergure, qui s&rsquo;\u00e9tend sur 422 kilom\u00e8tres, s&rsquo;inscrit dans le cadre du m\u00e9gaprojet de phosphate int\u00e9gr\u00e9 (PPI) de T\u00e9bessa. L&rsquo;objectif affich\u00e9 est ambitieux : atteindre une production annuelle de dix millions de tonnes de phosphate brut et six millions de tonnes d&rsquo;engrais et d\u00e9riv\u00e9s.<\/p>\n\n\n\n<p>Les travaux ont \u00e9t\u00e9 lanc\u00e9s simultan\u00e9ment sur deux segments cruciaux du trac\u00e9. Le premier tron\u00e7on, reliant Bouchegouf (wilaya de Guelma) \u00e0 Drea (wilaya de Souk-Ahras), a \u00e9t\u00e9 confi\u00e9 \u00e0 une entreprise sp\u00e9cialis\u00e9e en d\u00e9cembre 2024. Ce segment s&rsquo;\u00e9tend sur 121 kilom\u00e8tres et repr\u00e9sente un d\u00e9fi technique majeur en raison du relief accident\u00e9 de la r\u00e9gion.<\/p>\n\n\n\n<p>Le second segment, entre Drea et Oued Kebrit, est pris en charge par un consortium de sept soci\u00e9t\u00e9s nationales de travaux publics. Les \u00e9quipes sont d\u00e9j\u00e0 mobilis\u00e9es sur le terrain dans la wilaya de Souk-Ahras pour mener \u00e0 bien ce projet structurant.<\/p>\n\n\n\n<p>La topographie difficile du territoire a impos\u00e9 des solutions d&rsquo;ing\u00e9nierie complexes. Le premier tron\u00e7on n\u00e9cessite la construction de 46 viaducs et 11 tunnels, pour un investissement de 190 milliards de dinars. Le second segment pr\u00e9voit la r\u00e9alisation de quatre grands ouvrages d&rsquo;art pour un co\u00fbt de 17 milliards de dinars.<\/p>\n\n\n\n<p>Le projet a initialement rencontr\u00e9 plusieurs obstacles susceptibles de compromettre le trac\u00e9 original. L&rsquo;\u00e9tude pr\u00e9liminaire pr\u00e9voyait un passage par des terres agricoles en exploitation active, ainsi que le d\u00e9placement de plusieurs familles install\u00e9es dans des habitations priv\u00e9es ou des \u00e9difices publics situ\u00e9s sur le trac\u00e9 initial.<\/p>\n\n\n\n<p>Gr\u00e2ce aux efforts concert\u00e9s du wali de Souk-Ahras et des responsables de la DTP, un nouvel itin\u00e9raire alternatif a \u00e9t\u00e9 \u00e9labor\u00e9. Cette solution permet d&rsquo;\u00e9viter les zones les plus sensibles, pr\u00e9servant ainsi les terres agricoles et limitant les d\u00e9placements de populations, tout en maintenant la viabilit\u00e9 technique du projet.<\/p>\n\n\n\n<p>Une fois achev\u00e9s, ces deux projets devraient g\u00e9n\u00e9rer environ 4 000 emplois directs et impulser une dynamique \u00e9conomique importante dans la r\u00e9gion. Les travaux devraient \u00eatre achev\u00e9s dans les d\u00e9lais contractuels fix\u00e9s par le cahier des charges.<\/p>\n\n\n\n<p>Au-del\u00e0 de sa dimension industrielle, ce projet de modernisation ferroviaire constitue un v\u00e9ritable levier de d\u00e9veloppement r\u00e9gional et national. Il int\u00e8gre les enjeux socio-\u00e9conomiques et environnementaux, tout en jetant les bases d&rsquo;une logistique mini\u00e8re performante et durable au service de l&rsquo;\u00e9conomie nationale. Ce projet structurant vise \u00e0 terme une production annuelle de dix millions de tonnes de phosphate brut et six millions de tonnes d&rsquo;engrais et d\u00e9riv\u00e9s, positionnant l&rsquo;Alg\u00e9rie comme un acteur majeur sur le march\u00e9 international des phosphates.<\/p>\n\n\n\n<p>Sofia Chahine<\/p>\n","protected":false},"excerpt":{"rendered":"<p>Les travaux de modernisation et de d\u00e9doublement de la voie ferr\u00e9e reliant le port d&rsquo;Annaba au site minier de Bled<\/p>\n","protected":false},"author":6,"featured_media":68308,"comment_status":"open","ping_status":"closed","sticky":false,"template":"","format":"standard","meta":{"colormag_page_container_layout":"default_layout","colormag_page_sidebar_layout":"default_layout","om_disable_all_campaigns":false,"_monsterinsights_skip_tracking":false,"_monsterinsights_sitenote_active":false,"_monsterinsights_sitenote_note":"","_monsterinsights_sitenote_category":0,"footnotes":"","_wpscppro_dont_share_socialmedia":false,"_wpscppro_custom_social_share_image":0,"_facebook_share_type":"default","_twitter_share_type":"default","_linkedin_share_type":"default","_pinterest_share_type":"default","_linkedin_share_type_page":"","_instagram_share_type":"default","_medium_share_type":"default","_threads_share_type":"","_google_business_share_type":"","_selected_social_profile":[],"_wpsp_enable_custom_social_template":false,"_wpsp_social_scheduling":{"enabled":false,"datetime":null,"platforms":[],"status":"template_only","dateOption":"today","timeOption":"now","customDays":"","customHours":"","customDate":"","customTime":"","schedulingType":"absolute"},"_wpsp_active_default_template":true},"categories":[29],"tags":[],"class_list":["post-68307","post","type-post","status-publish","format-standard","has-post-thumbnail","hentry","category-economie"],"aioseo_notices":[],"yoast_head":"<!-- This site is optimized with the Yoast SEO plugin v27.5 - https:\/\/yoast.com\/product\/yoast-seo-wordpress\/ -->\n<title>Ligne mini\u00e8re Est: Lancement des travaux de la ligne Bouchegouf-Oued El Kebrit - La Sentinelle<\/title>\n<meta name=\"robots\" content=\"index, follow, max-snippet:-1, max-image-preview:large, max-video-preview:-1\" \/>\n<link rel=\"canonical\" href=\"https:\/\/lasentinelle.dz\/index.php\/2025\/06\/01\/ligne-miniere-est-lancement-des-travaux-de-la-ligne-bouchegouf-oued-el-kebrit\/\" \/>\n<meta property=\"og:locale\" content=\"fr_FR\" \/>\n<meta property=\"og:type\" content=\"article\" \/>\n<meta property=\"og:title\" content=\"Ligne mini\u00e8re Est: Lancement des travaux de la ligne Bouchegouf-Oued El Kebrit - La Sentinelle\" \/>\n<meta property=\"og:description\" content=\"Les travaux de modernisation et de d\u00e9doublement de la voie ferr\u00e9e reliant le port d&rsquo;Annaba au site minier de Bled\" \/>\n<meta property=\"og:url\" content=\"https:\/\/lasentinelle.dz\/index.php\/2025\/06\/01\/ligne-miniere-est-lancement-des-travaux-de-la-ligne-bouchegouf-oued-el-kebrit\/\" \/>\n<meta property=\"og:site_name\" content=\"La Sentinelle\" \/>\n<meta property=\"article:publisher\" content=\"https:\/\/www.facebook.com\/La-Sentinelle-104059864394773\" \/>\n<meta property=\"article:published_time\" content=\"2025-06-01T19:57:40+00:00\" \/>\n<meta property=\"article:modified_time\" content=\"2025-06-01T19:57:41+00:00\" \/>\n<meta property=\"og:image\" content=\"https:\/\/lasentinelle.dz\/wp-content\/uploads\/2025\/06\/ligne-ferroviaire.jpg\" \/>\n\t<meta property=\"og:image:width\" content=\"855\" \/>\n\t<meta property=\"og:image:height\" content=\"516\" \/>\n\t<meta property=\"og:image:type\" content=\"image\/jpeg\" \/>\n<meta name=\"author\" content=\"admin\" \/>\n<meta name=\"twitter:card\" content=\"summary_large_image\" \/>\n<meta name=\"twitter:label1\" content=\"\u00c9crit par\" \/>\n\t<meta name=\"twitter:data1\" content=\"admin\" \/>\n\t<meta name=\"twitter:label2\" content=\"Dur\u00e9e de lecture estim\u00e9e\" \/>\n\t<meta name=\"twitter:data2\" content=\"3 minutes\" \/>\n<script type=\"application\/ld+json\" class=\"yoast-schema-graph\">{\"@context\":\"https:\\\/\\\/schema.org\",\"@graph\":[{\"@type\":\"Article\",\"@id\":\"https:\\\/\\\/lasentinelle.dz\\\/index.php\\\/2025\\\/06\\\/01\\\/ligne-miniere-est-lancement-des-travaux-de-la-ligne-bouchegouf-oued-el-kebrit\\\/#article\",\"isPartOf\":{\"@id\":\"https:\\\/\\\/lasentinelle.dz\\\/index.php\\\/2025\\\/06\\\/01\\\/ligne-miniere-est-lancement-des-travaux-de-la-ligne-bouchegouf-oued-el-kebrit\\\/\"},\"author\":{\"name\":\"admin\",\"@id\":\"https:\\\/\\\/lasentinelle.dz\\\/#\\\/schema\\\/person\\\/729ee0024f24e0b8c5ec17232f8e8b41\"},\"headline\":\"Ligne mini\u00e8re Est: Lancement des travaux de la ligne Bouchegouf-Oued El Kebrit\",\"datePublished\":\"2025-06-01T19:57:40+00:00\",\"dateModified\":\"2025-06-01T19:57:41+00:00\",\"mainEntityOfPage\":{\"@id\":\"https:\\\/\\\/lasentinelle.dz\\\/index.php\\\/2025\\\/06\\\/01\\\/ligne-miniere-est-lancement-des-travaux-de-la-ligne-bouchegouf-oued-el-kebrit\\\/\"},\"wordCount\":519,\"commentCount\":0,\"publisher\":{\"@id\":\"https:\\\/\\\/lasentinelle.dz\\\/#organization\"},\"image\":{\"@id\":\"https:\\\/\\\/lasentinelle.dz\\\/index.php\\\/2025\\\/06\\\/01\\\/ligne-miniere-est-lancement-des-travaux-de-la-ligne-bouchegouf-oued-el-kebrit\\\/#primaryimage\"},\"thumbnailUrl\":\"https:\\\/\\\/lasentinelle.dz\\\/wp-content\\\/uploads\\\/2025\\\/06\\\/ligne-ferroviaire.jpg\",\"articleSection\":[\"\u00c9conomie\"],\"inLanguage\":\"fr-FR\",\"potentialAction\":[{\"@type\":\"CommentAction\",\"name\":\"Comment\",\"target\":[\"https:\\\/\\\/lasentinelle.dz\\\/index.php\\\/2025\\\/06\\\/01\\\/ligne-miniere-est-lancement-des-travaux-de-la-ligne-bouchegouf-oued-el-kebrit\\\/#respond\"]}]},{\"@type\":\"WebPage\",\"@id\":\"https:\\\/\\\/lasentinelle.dz\\\/index.php\\\/2025\\\/06\\\/01\\\/ligne-miniere-est-lancement-des-travaux-de-la-ligne-bouchegouf-oued-el-kebrit\\\/\",\"url\":\"https:\\\/\\\/lasentinelle.dz\\\/index.php\\\/2025\\\/06\\\/01\\\/ligne-miniere-est-lancement-des-travaux-de-la-ligne-bouchegouf-oued-el-kebrit\\\/\",\"name\":\"Ligne mini\u00e8re Est: Lancement des travaux de la ligne Bouchegouf-Oued El Kebrit - La Sentinelle\",\"isPartOf\":{\"@id\":\"https:\\\/\\\/lasentinelle.dz\\\/#website\"},\"primaryImageOfPage\":{\"@id\":\"https:\\\/\\\/lasentinelle.dz\\\/index.php\\\/2025\\\/06\\\/01\\\/ligne-miniere-est-lancement-des-travaux-de-la-ligne-bouchegouf-oued-el-kebrit\\\/#primaryimage\"},\"image\":{\"@id\":\"https:\\\/\\\/lasentinelle.dz\\\/index.php\\\/2025\\\/06\\\/01\\\/ligne-miniere-est-lancement-des-travaux-de-la-ligne-bouchegouf-oued-el-kebrit\\\/#primaryimage\"},\"thumbnailUrl\":\"https:\\\/\\\/lasentinelle.dz\\\/wp-content\\\/uploads\\\/2025\\\/06\\\/ligne-ferroviaire.jpg\",\"datePublished\":\"2025-06-01T19:57:40+00:00\",\"dateModified\":\"2025-06-01T19:57:41+00:00\",\"breadcrumb\":{\"@id\":\"https:\\\/\\\/lasentinelle.dz\\\/index.php\\\/2025\\\/06\\\/01\\\/ligne-miniere-est-lancement-des-travaux-de-la-ligne-bouchegouf-oued-el-kebrit\\\/#breadcrumb\"},\"inLanguage\":\"fr-FR\",\"potentialAction\":[{\"@type\":\"ReadAction\",\"target\":[\"https:\\\/\\\/lasentinelle.dz\\\/index.php\\\/2025\\\/06\\\/01\\\/ligne-miniere-est-lancement-des-travaux-de-la-ligne-bouchegouf-oued-el-kebrit\\\/\"]}]},{\"@type\":\"ImageObject\",\"inLanguage\":\"fr-FR\",\"@id\":\"https:\\\/\\\/lasentinelle.dz\\\/index.php\\\/2025\\\/06\\\/01\\\/ligne-miniere-est-lancement-des-travaux-de-la-ligne-bouchegouf-oued-el-kebrit\\\/#primaryimage\",\"url\":\"https:\\\/\\\/lasentinelle.dz\\\/wp-content\\\/uploads\\\/2025\\\/06\\\/ligne-ferroviaire.jpg\",\"contentUrl\":\"https:\\\/\\\/lasentinelle.dz\\\/wp-content\\\/uploads\\\/2025\\\/06\\\/ligne-ferroviaire.jpg\",\"width\":855,\"height\":516},{\"@type\":\"BreadcrumbList\",\"@id\":\"https:\\\/\\\/lasentinelle.dz\\\/index.php\\\/2025\\\/06\\\/01\\\/ligne-miniere-est-lancement-des-travaux-de-la-ligne-bouchegouf-oued-el-kebrit\\\/#breadcrumb\",\"itemListElement\":[{\"@type\":\"ListItem\",\"position\":1,\"name\":\"Accueil\",\"item\":\"https:\\\/\\\/lasentinelle.dz\\\/\"},{\"@type\":\"ListItem\",\"position\":2,\"name\":\"Ligne mini\u00e8re Est: Lancement des travaux de la ligne Bouchegouf-Oued El Kebrit\"}]},{\"@type\":\"WebSite\",\"@id\":\"https:\\\/\\\/lasentinelle.dz\\\/#website\",\"url\":\"https:\\\/\\\/lasentinelle.dz\\\/\",\"name\":\"La Sentinelle\",\"description\":\"Quotidien national d&#039;information\",\"publisher\":{\"@id\":\"https:\\\/\\\/lasentinelle.dz\\\/#organization\"},\"potentialAction\":[{\"@type\":\"SearchAction\",\"target\":{\"@type\":\"EntryPoint\",\"urlTemplate\":\"https:\\\/\\\/lasentinelle.dz\\\/?s={search_term_string}\"},\"query-input\":{\"@type\":\"PropertyValueSpecification\",\"valueRequired\":true,\"valueName\":\"search_term_string\"}}],\"inLanguage\":\"fr-FR\"},{\"@type\":\"Organization\",\"@id\":\"https:\\\/\\\/lasentinelle.dz\\\/#organization\",\"name\":\"Quotidien La Sentinelle\",\"url\":\"https:\\\/\\\/lasentinelle.dz\\\/\",\"logo\":{\"@type\":\"ImageObject\",\"inLanguage\":\"fr-FR\",\"@id\":\"https:\\\/\\\/lasentinelle.dz\\\/#\\\/schema\\\/logo\\\/image\\\/\",\"url\":\"https:\\\/\\\/lasentinelle.dz\\\/wp-content\\\/uploads\\\/2021\\\/09\\\/logo-sentinelleSLOGAN-1.png\",\"contentUrl\":\"https:\\\/\\\/lasentinelle.dz\\\/wp-content\\\/uploads\\\/2021\\\/09\\\/logo-sentinelleSLOGAN-1.png\",\"width\":615,\"height\":142,\"caption\":\"Quotidien La Sentinelle\"},\"image\":{\"@id\":\"https:\\\/\\\/lasentinelle.dz\\\/#\\\/schema\\\/logo\\\/image\\\/\"},\"sameAs\":[\"https:\\\/\\\/www.facebook.com\\\/La-Sentinelle-104059864394773\"]},{\"@type\":\"Person\",\"@id\":\"https:\\\/\\\/lasentinelle.dz\\\/#\\\/schema\\\/person\\\/729ee0024f24e0b8c5ec17232f8e8b41\",\"name\":\"admin\",\"image\":{\"@type\":\"ImageObject\",\"inLanguage\":\"fr-FR\",\"@id\":\"https:\\\/\\\/secure.gravatar.com\\\/avatar\\\/4c81fed838786e9b53f540bf46533e750f5d292099ae3b66cfc6fb1982e29df7?s=96&d=mm&r=g\",\"url\":\"https:\\\/\\\/secure.gravatar.com\\\/avatar\\\/4c81fed838786e9b53f540bf46533e750f5d292099ae3b66cfc6fb1982e29df7?s=96&d=mm&r=g\",\"contentUrl\":\"https:\\\/\\\/secure.gravatar.com\\\/avatar\\\/4c81fed838786e9b53f540bf46533e750f5d292099ae3b66cfc6fb1982e29df7?s=96&d=mm&r=g\",\"caption\":\"admin\"},\"description\":\"admin\",\"url\":\"https:\\\/\\\/lasentinelle.dz\\\/author\\\/admin\\\/\"}]}<\/script>\n<!-- \/ Yoast SEO plugin. -->","yoast_head_json":{"title":"Ligne mini\u00e8re Est: Lancement des travaux de la ligne Bouchegouf-Oued El Kebrit - La Sentinelle","robots":{"index":"index","follow":"follow","max-snippet":"max-snippet:-1","max-image-preview":"max-image-preview:large","max-video-preview":"max-video-preview:-1"},"canonical":"https:\/\/lasentinelle.dz\/index.php\/2025\/06\/01\/ligne-miniere-est-lancement-des-travaux-de-la-ligne-bouchegouf-oued-el-kebrit\/","og_locale":"fr_FR","og_type":"article","og_title":"Ligne mini\u00e8re Est: Lancement des travaux de la ligne Bouchegouf-Oued El Kebrit - La Sentinelle","og_description":"Les travaux de modernisation et de d\u00e9doublement de la voie ferr\u00e9e reliant le port d&rsquo;Annaba au site minier de Bled","og_url":"https:\/\/lasentinelle.dz\/index.php\/2025\/06\/01\/ligne-miniere-est-lancement-des-travaux-de-la-ligne-bouchegouf-oued-el-kebrit\/","og_site_name":"La Sentinelle","article_publisher":"https:\/\/www.facebook.com\/La-Sentinelle-104059864394773","article_published_time":"2025-06-01T19:57:40+00:00","article_modified_time":"2025-06-01T19:57:41+00:00","og_image":[{"width":855,"height":516,"url":"https:\/\/lasentinelle.dz\/wp-content\/uploads\/2025\/06\/ligne-ferroviaire.jpg","type":"image\/jpeg"}],"author":"admin","twitter_card":"summary_large_image","twitter_misc":{"\u00c9crit par":"admin","Dur\u00e9e de lecture estim\u00e9e":"3 minutes"},"schema":{"@context":"https:\/\/schema.org","@graph":[{"@type":"Article","@id":"https:\/\/lasentinelle.dz\/index.php\/2025\/06\/01\/ligne-miniere-est-lancement-des-travaux-de-la-ligne-bouchegouf-oued-el-kebrit\/#article","isPartOf":{"@id":"https:\/\/lasentinelle.dz\/index.php\/2025\/06\/01\/ligne-miniere-est-lancement-des-travaux-de-la-ligne-bouchegouf-oued-el-kebrit\/"},"author":{"name":"admin","@id":"https:\/\/lasentinelle.dz\/#\/schema\/person\/729ee0024f24e0b8c5ec17232f8e8b41"},"headline":"Ligne mini\u00e8re Est: Lancement des travaux de la ligne Bouchegouf-Oued El Kebrit","datePublished":"2025-06-01T19:57:40+00:00","dateModified":"2025-06-01T19:57:41+00:00","mainEntityOfPage":{"@id":"https:\/\/lasentinelle.dz\/index.php\/2025\/06\/01\/ligne-miniere-est-lancement-des-travaux-de-la-ligne-bouchegouf-oued-el-kebrit\/"},"wordCount":519,"commentCount":0,"publisher":{"@id":"https:\/\/lasentinelle.dz\/#organization"},"image":{"@id":"https:\/\/lasentinelle.dz\/index.php\/2025\/06\/01\/ligne-miniere-est-lancement-des-travaux-de-la-ligne-bouchegouf-oued-el-kebrit\/#primaryimage"},"thumbnailUrl":"https:\/\/lasentinelle.dz\/wp-content\/uploads\/2025\/06\/ligne-ferroviaire.jpg","articleSection":["\u00c9conomie"],"inLanguage":"fr-FR","potentialAction":[{"@type":"CommentAction","name":"Comment","target":["https:\/\/lasentinelle.dz\/index.php\/2025\/06\/01\/ligne-miniere-est-lancement-des-travaux-de-la-ligne-bouchegouf-oued-el-kebrit\/#respond"]}]},{"@type":"WebPage","@id":"https:\/\/lasentinelle.dz\/index.php\/2025\/06\/01\/ligne-miniere-est-lancement-des-travaux-de-la-ligne-bouchegouf-oued-el-kebrit\/","url":"https:\/\/lasentinelle.dz\/index.php\/2025\/06\/01\/ligne-miniere-est-lancement-des-travaux-de-la-ligne-bouchegouf-oued-el-kebrit\/","name":"Ligne mini\u00e8re Est: Lancement des travaux de la ligne Bouchegouf-Oued El Kebrit - La Sentinelle","isPartOf":{"@id":"https:\/\/lasentinelle.dz\/#website"},"primaryImageOfPage":{"@id":"https:\/\/lasentinelle.dz\/index.php\/2025\/06\/01\/ligne-miniere-est-lancement-des-travaux-de-la-ligne-bouchegouf-oued-el-kebrit\/#primaryimage"},"image":{"@id":"https:\/\/lasentinelle.dz\/index.php\/2025\/06\/01\/ligne-miniere-est-lancement-des-travaux-de-la-ligne-bouchegouf-oued-el-kebrit\/#primaryimage"},"thumbnailUrl":"https:\/\/lasentinelle.dz\/wp-content\/uploads\/2025\/06\/ligne-ferroviaire.jpg","datePublished":"2025-06-01T19:57:40+00:00","dateModified":"2025-06-01T19:57:41+00:00","breadcrumb":{"@id":"https:\/\/lasentinelle.dz\/index.php\/2025\/06\/01\/ligne-miniere-est-lancement-des-travaux-de-la-ligne-bouchegouf-oued-el-kebrit\/#breadcrumb"},"inLanguage":"fr-FR","potentialAction":[{"@type":"ReadAction","target":["https:\/\/lasentinelle.dz\/index.php\/2025\/06\/01\/ligne-miniere-est-lancement-des-travaux-de-la-ligne-bouchegouf-oued-el-kebrit\/"]}]},{"@type":"ImageObject","inLanguage":"fr-FR","@id":"https:\/\/lasentinelle.dz\/index.php\/2025\/06\/01\/ligne-miniere-est-lancement-des-travaux-de-la-ligne-bouchegouf-oued-el-kebrit\/#primaryimage","url":"https:\/\/lasentinelle.dz\/wp-content\/uploads\/2025\/06\/ligne-ferroviaire.jpg","contentUrl":"https:\/\/lasentinelle.dz\/wp-content\/uploads\/2025\/06\/ligne-ferroviaire.jpg","width":855,"height":516},{"@type":"BreadcrumbList","@id":"https:\/\/lasentinelle.dz\/index.php\/2025\/06\/01\/ligne-miniere-est-lancement-des-travaux-de-la-ligne-bouchegouf-oued-el-kebrit\/#breadcrumb","itemListElement":[{"@type":"ListItem","position":1,"name":"Accueil","item":"https:\/\/lasentinelle.dz\/"},{"@type":"ListItem","position":2,"name":"Ligne mini\u00e8re Est: Lancement des travaux de la ligne Bouchegouf-Oued El Kebrit"}]},{"@type":"WebSite","@id":"https:\/\/lasentinelle.dz\/#website","url":"https:\/\/lasentinelle.dz\/","name":"La Sentinelle","description":"Quotidien national d&#039;information","publisher":{"@id":"https:\/\/lasentinelle.dz\/#organization"},"potentialAction":[{"@type":"SearchAction","target":{"@type":"EntryPoint","urlTemplate":"https:\/\/lasentinelle.dz\/?s={search_term_string}"},"query-input":{"@type":"PropertyValueSpecification","valueRequired":true,"valueName":"search_term_string"}}],"inLanguage":"fr-FR"},{"@type":"Organization","@id":"https:\/\/lasentinelle.dz\/#organization","name":"Quotidien La Sentinelle","url":"https:\/\/lasentinelle.dz\/","logo":{"@type":"ImageObject","inLanguage":"fr-FR","@id":"https:\/\/lasentinelle.dz\/#\/schema\/logo\/image\/","url":"https:\/\/lasentinelle.dz\/wp-content\/uploads\/2021\/09\/logo-sentinelleSLOGAN-1.png","contentUrl":"https:\/\/lasentinelle.dz\/wp-content\/uploads\/2021\/09\/logo-sentinelleSLOGAN-1.png","width":615,"height":142,"caption":"Quotidien La Sentinelle"},"image":{"@id":"https:\/\/lasentinelle.dz\/#\/schema\/logo\/image\/"},"sameAs":["https:\/\/www.facebook.com\/La-Sentinelle-104059864394773"]},{"@type":"Person","@id":"https:\/\/lasentinelle.dz\/#\/schema\/person\/729ee0024f24e0b8c5ec17232f8e8b41","name":"admin","image":{"@type":"ImageObject","inLanguage":"fr-FR","@id":"https:\/\/secure.gravatar.com\/avatar\/4c81fed838786e9b53f540bf46533e750f5d292099ae3b66cfc6fb1982e29df7?s=96&d=mm&r=g","url":"https:\/\/secure.gravatar.com\/avatar\/4c81fed838786e9b53f540bf46533e750f5d292099ae3b66cfc6fb1982e29df7?s=96&d=mm&r=g","contentUrl":"https:\/\/secure.gravatar.com\/avatar\/4c81fed838786e9b53f540bf46533e750f5d292099ae3b66cfc6fb1982e29df7?s=96&d=mm&r=g","caption":"admin"},"description":"admin","url":"https:\/\/lasentinelle.dz\/author\/admin\/"}]}},"_links":{"self":[{"href":"https:\/\/lasentinelle.dz\/index.php\/wp-json\/wp\/v2\/posts\/68307","targetHints":{"allow":["GET"]}}],"collection":[{"href":"https:\/\/lasentinelle.dz\/index.php\/wp-json\/wp\/v2\/posts"}],"about":[{"href":"https:\/\/lasentinelle.dz\/index.php\/wp-json\/wp\/v2\/types\/post"}],"author":[{"embeddable":true,"href":"https:\/\/lasentinelle.dz\/index.php\/wp-json\/wp\/v2\/users\/6"}],"replies":[{"embeddable":true,"href":"https:\/\/lasentinelle.dz\/index.php\/wp-json\/wp\/v2\/comments?post=68307"}],"version-history":[{"count":1,"href":"https:\/\/lasentinelle.dz\/index.php\/wp-json\/wp\/v2\/posts\/68307\/revisions"}],"predecessor-version":[{"id":68309,"href":"https:\/\/lasentinelle.dz\/index.php\/wp-json\/wp\/v2\/posts\/68307\/revisions\/68309"}],"wp:featuredmedia":[{"embeddable":true,"href":"https:\/\/lasentinelle.dz\/index.php\/wp-json\/wp\/v2\/media\/68308"}],"wp:attachment":[{"href":"https:\/\/lasentinelle.dz\/index.php\/wp-json\/wp\/v2\/media?parent=68307"}],"wp:term":[{"taxonomy":"category","embeddable":true,"href":"https:\/\/lasentinelle.dz\/index.php\/wp-json\/wp\/v2\/categories?post=68307"},{"taxonomy":"post_tag","embeddable":true,"href":"https:\/\/lasentinelle.dz\/index.php\/wp-json\/wp\/v2\/tags?post=68307"}],"curies":[{"name":"wp","href":"https:\/\/api.w.org\/{rel}","templated":true}]}}