{"id":6831,"date":"2021-09-07T00:01:00","date_gmt":"2021-09-06T23:01:00","guid":{"rendered":"https:\/\/lasentinelle.dz\/?p=6831"},"modified":"2021-09-06T18:17:40","modified_gmt":"2021-09-06T17:17:40","slug":"il-a-ete-mis-au-points-par-lentreprise-innoest-lalgerie-fabrique-son-premier-generateur-doxygene","status":"publish","type":"post","link":"https:\/\/lasentinelle.dz\/index.php\/2021\/09\/07\/il-a-ete-mis-au-points-par-lentreprise-innoest-lalgerie-fabrique-son-premier-generateur-doxygene\/","title":{"rendered":"Il a \u00e9t\u00e9 mis au points par l&rsquo;entreprise Innoest : L&rsquo;Alg\u00e9rie fabrique son premier g\u00e9n\u00e9rateur d&rsquo;oxyg\u00e8ne"},"content":{"rendered":"\n<p>Le ministre de l&rsquo;Industrie,Ahmed Zeghdar a re\u00e7u, hier au si\u00e8ge de son d\u00e9partement minist\u00e9riel, les responsables de l&rsquo;entreprise Innoest&nbsp; qui a r\u00e9ussi \u00e0 fabriquer le premier g\u00e9n\u00e9rateur d&rsquo;oxyg\u00e8ne alg\u00e9rien en collaboration avec des chercheurs du Groupement Algeria&nbsp; Corporate&nbsp; Universities. Lors de cette rencontre, les responsables de l&rsquo;entreprise ont fait un expos\u00e9 du processus de fabrication de cette machine dans toutes ses \u00e9tapes dont la phase de naissance de l&rsquo;id\u00e9e de doter l&rsquo;Alg\u00e9rie de son propre g\u00e9n\u00e9rateur d&rsquo;oxyg\u00e8ne.<\/p>\n\n\n\n<p>Aussi, ce mat\u00e9riel d&rsquo;actualit\u00e9 en cette p\u00e9riode de grand besoin est destin\u00e9 d&rsquo;abord \u00e0 satisfaire la grande demande nationale due \u00e0&nbsp; la pand\u00e9mie du Covid-19 que le variant Delta a accru. Toutefois, les concepteurs n&rsquo;excluent pas le passage \u00e0 l&rsquo;exportation et \u00e0 sa commercialisation dans les march\u00e9s voisins notamment africains et arabes. Durant l&rsquo;expos\u00e9, les ing\u00e9nieurs concepteurs ont \u00e9galement&nbsp; mis en exergue les capacit\u00e9s de l&rsquo;entreprise dans le domaine de la maintenance et de la r\u00e9paration de cette technologie tout en exprimant leur disponibilit\u00e9 \u00e0 se mettre \u00e0 la disposition des h\u00f4pitaux alg\u00e9riens.&nbsp;<\/p>\n\n\n\n<p>Pour sa part, le ministre de l&rsquo;Industriea tenu \u00e0 f\u00e9liciter les jeunes cr\u00e9ateurs de cette entreprises novatrice tout en louant le m\u00e9rite des ing\u00e9nieurs et des chercheurs qui ont particip\u00e9 \u00e0 ce travail de tr\u00e8s grande importance surtout en cette p\u00e9riode de grand besoin en oxyg\u00e8ne engendr\u00e9 par la troisi\u00e8me vague du Covid 19 et son variant Delta le plus d\u00e9vastateurs. Le ministre a \u00e9galement exprim\u00e9 la disponibilit\u00e9 de l&rsquo;Etat \u00e0 accompagner les porteurs de projets et son minist\u00e8re, affirmait-il, est toujours pr\u00eat \u00e0 accompagner l&rsquo;entreprise dans son projet. Concr\u00e8tement, M. Zeghdar a donn\u00e9 de fermes instructions pour accompagner ces nouvelles petites entreprises en impliquant notamment les grands groupes industriels pour plus d&rsquo;int\u00e9gration.<\/p>\n\n\n\n<p>En fait, la conjoncture dans laquelle intervient cette initiative est cruciale au vu de l&rsquo;\u00e9volution de la situation \u00e9pid\u00e9miologique li\u00e9e \u00e0 la pand\u00e9mie du Covid 19 et son variant Delta qui a g\u00e9n\u00e9r\u00e9 une troisi\u00e8me vague dans notre pays. Ce variant qui a mis une grande partiedes malades du Covid 19 dans le besoin d&rsquo;oxyg\u00e8ne a fait cro\u00eetre la demande au point que les h\u00f4pitaux ont \u00e9t\u00e9 vite d\u00e9bord\u00e9s. Il aura fallu ainsi importer des quantit\u00e9s importantes d&rsquo;oxyg\u00e8ne&nbsp; et des g\u00e9n\u00e9rateurs d\u2019oxyg\u00e8ne.&nbsp;&nbsp;<\/p>\n\n\n\n<p>Une situation qui rend, de facto, l&rsquo;initiative de cette entreprise qui a investi dans le savoir et la connaissance tr\u00e8s importante. Doter le pays de cette technologie une garantie de la s\u00e9curit\u00e9 sanitaire dans ce domaine mais pas uniquement. L&rsquo;innovation \u00e9vite \u00e9galement \u00e0 l&rsquo;Alg\u00e9rie de d\u00e9bourser des devises dans les op\u00e9rations d&rsquo;importation de ce genre de mat\u00e9riel.<\/p>\n\n\n\n<p><strong>Kamel Nait Ameur<\/strong><\/p>\n","protected":false},"excerpt":{"rendered":"<p>Le ministre de l&rsquo;Industrie,Ahmed Zeghdar a re\u00e7u, hier au si\u00e8ge de son d\u00e9partement minist\u00e9riel, les responsables de l&rsquo;entreprise Innoest&nbsp; qui<\/p>\n","protected":false},"author":3,"featured_media":6839,"comment_status":"open","ping_status":"closed","sticky":false,"template":"","format":"standard","meta":{"colormag_page_container_layout":"default_layout","colormag_page_sidebar_layout":"default_layout","om_disable_all_campaigns":false,"_monsterinsights_skip_tracking":false,"_monsterinsights_sitenote_active":false,"_monsterinsights_sitenote_note":"","_monsterinsights_sitenote_category":0,"footnotes":"","_wpscppro_dont_share_socialmedia":false,"_wpscppro_custom_social_share_image":0,"_facebook_share_type":"","_twitter_share_type":"","_linkedin_share_type":"","_pinterest_share_type":"","_linkedin_share_type_page":"","_instagram_share_type":"","_medium_share_type":"","_threads_share_type":"","_google_business_share_type":"","_selected_social_profile":[],"_wpsp_enable_custom_social_template":false,"_wpsp_social_scheduling":{"enabled":false,"datetime":null,"platforms":[],"status":"template_only","dateOption":"today","timeOption":"now","customDays":"","customHours":"","customDate":"","customTime":"","schedulingType":"absolute"},"_wpsp_active_default_template":true},"categories":[27],"tags":[],"class_list":["post-6831","post","type-post","status-publish","format-standard","has-post-thumbnail","hentry","category-actualite"],"aioseo_notices":[],"yoast_head":"<!-- This site is optimized with the Yoast SEO plugin v27.5 - https:\/\/yoast.com\/product\/yoast-seo-wordpress\/ -->\n<title>Il a \u00e9t\u00e9 mis au points par l&#039;entreprise Innoest : L&#039;Alg\u00e9rie fabrique son premier g\u00e9n\u00e9rateur d&#039;oxyg\u00e8ne - La Sentinelle<\/title>\n<meta name=\"robots\" content=\"index, follow, max-snippet:-1, max-image-preview:large, max-video-preview:-1\" \/>\n<link rel=\"canonical\" href=\"https:\/\/lasentinelle.dz\/index.php\/2021\/09\/07\/il-a-ete-mis-au-points-par-lentreprise-innoest-lalgerie-fabrique-son-premier-generateur-doxygene\/\" \/>\n<meta property=\"og:locale\" content=\"fr_FR\" \/>\n<meta property=\"og:type\" content=\"article\" \/>\n<meta property=\"og:title\" content=\"Il a \u00e9t\u00e9 mis au points par l&#039;entreprise Innoest : L&#039;Alg\u00e9rie fabrique son premier g\u00e9n\u00e9rateur d&#039;oxyg\u00e8ne - La Sentinelle\" \/>\n<meta property=\"og:description\" content=\"Le ministre de l&rsquo;Industrie,Ahmed Zeghdar a re\u00e7u, hier au si\u00e8ge de son d\u00e9partement minist\u00e9riel, les responsables de l&rsquo;entreprise Innoest&nbsp; qui\" \/>\n<meta property=\"og:url\" content=\"https:\/\/lasentinelle.dz\/index.php\/2021\/09\/07\/il-a-ete-mis-au-points-par-lentreprise-innoest-lalgerie-fabrique-son-premier-generateur-doxygene\/\" \/>\n<meta property=\"og:site_name\" content=\"La Sentinelle\" \/>\n<meta property=\"article:publisher\" content=\"https:\/\/www.facebook.com\/La-Sentinelle-104059864394773\" \/>\n<meta property=\"article:published_time\" content=\"2021-09-06T23:01:00+00:00\" \/>\n<meta property=\"og:image\" content=\"https:\/\/lasentinelle.dz\/wp-content\/uploads\/2021\/09\/image_2021-09-06_181728.png\" \/>\n\t<meta property=\"og:image:width\" content=\"1280\" \/>\n\t<meta property=\"og:image:height\" content=\"720\" \/>\n\t<meta property=\"og:image:type\" content=\"image\/png\" \/>\n<meta name=\"author\" content=\"La Sentinelle\" \/>\n<meta name=\"twitter:card\" content=\"summary_large_image\" \/>\n<meta name=\"twitter:label1\" content=\"\u00c9crit par\" \/>\n\t<meta name=\"twitter:data1\" content=\"La Sentinelle\" \/>\n\t<meta name=\"twitter:label2\" content=\"Dur\u00e9e de lecture estim\u00e9e\" \/>\n\t<meta name=\"twitter:data2\" content=\"2 minutes\" \/>\n<script type=\"application\/ld+json\" class=\"yoast-schema-graph\">{\"@context\":\"https:\\\/\\\/schema.org\",\"@graph\":[{\"@type\":\"Article\",\"@id\":\"https:\\\/\\\/lasentinelle.dz\\\/index.php\\\/2021\\\/09\\\/07\\\/il-a-ete-mis-au-points-par-lentreprise-innoest-lalgerie-fabrique-son-premier-generateur-doxygene\\\/#article\",\"isPartOf\":{\"@id\":\"https:\\\/\\\/lasentinelle.dz\\\/index.php\\\/2021\\\/09\\\/07\\\/il-a-ete-mis-au-points-par-lentreprise-innoest-lalgerie-fabrique-son-premier-generateur-doxygene\\\/\"},\"author\":{\"name\":\"La Sentinelle\",\"@id\":\"https:\\\/\\\/lasentinelle.dz\\\/#\\\/schema\\\/person\\\/d865044e22e70a75174ce8bcad3acfb3\"},\"headline\":\"Il a \u00e9t\u00e9 mis au points par l&rsquo;entreprise Innoest : L&rsquo;Alg\u00e9rie fabrique son premier g\u00e9n\u00e9rateur d&rsquo;oxyg\u00e8ne\",\"datePublished\":\"2021-09-06T23:01:00+00:00\",\"mainEntityOfPage\":{\"@id\":\"https:\\\/\\\/lasentinelle.dz\\\/index.php\\\/2021\\\/09\\\/07\\\/il-a-ete-mis-au-points-par-lentreprise-innoest-lalgerie-fabrique-son-premier-generateur-doxygene\\\/\"},\"wordCount\":524,\"commentCount\":0,\"publisher\":{\"@id\":\"https:\\\/\\\/lasentinelle.dz\\\/#organization\"},\"image\":{\"@id\":\"https:\\\/\\\/lasentinelle.dz\\\/index.php\\\/2021\\\/09\\\/07\\\/il-a-ete-mis-au-points-par-lentreprise-innoest-lalgerie-fabrique-son-premier-generateur-doxygene\\\/#primaryimage\"},\"thumbnailUrl\":\"https:\\\/\\\/lasentinelle.dz\\\/wp-content\\\/uploads\\\/2021\\\/09\\\/image_2021-09-06_181728.png\",\"articleSection\":[\"Actualit\u00e9\"],\"inLanguage\":\"fr-FR\",\"potentialAction\":[{\"@type\":\"CommentAction\",\"name\":\"Comment\",\"target\":[\"https:\\\/\\\/lasentinelle.dz\\\/index.php\\\/2021\\\/09\\\/07\\\/il-a-ete-mis-au-points-par-lentreprise-innoest-lalgerie-fabrique-son-premier-generateur-doxygene\\\/#respond\"]}]},{\"@type\":\"WebPage\",\"@id\":\"https:\\\/\\\/lasentinelle.dz\\\/index.php\\\/2021\\\/09\\\/07\\\/il-a-ete-mis-au-points-par-lentreprise-innoest-lalgerie-fabrique-son-premier-generateur-doxygene\\\/\",\"url\":\"https:\\\/\\\/lasentinelle.dz\\\/index.php\\\/2021\\\/09\\\/07\\\/il-a-ete-mis-au-points-par-lentreprise-innoest-lalgerie-fabrique-son-premier-generateur-doxygene\\\/\",\"name\":\"Il a \u00e9t\u00e9 mis au points par l'entreprise Innoest : L'Alg\u00e9rie fabrique son premier g\u00e9n\u00e9rateur d'oxyg\u00e8ne - La Sentinelle\",\"isPartOf\":{\"@id\":\"https:\\\/\\\/lasentinelle.dz\\\/#website\"},\"primaryImageOfPage\":{\"@id\":\"https:\\\/\\\/lasentinelle.dz\\\/index.php\\\/2021\\\/09\\\/07\\\/il-a-ete-mis-au-points-par-lentreprise-innoest-lalgerie-fabrique-son-premier-generateur-doxygene\\\/#primaryimage\"},\"image\":{\"@id\":\"https:\\\/\\\/lasentinelle.dz\\\/index.php\\\/2021\\\/09\\\/07\\\/il-a-ete-mis-au-points-par-lentreprise-innoest-lalgerie-fabrique-son-premier-generateur-doxygene\\\/#primaryimage\"},\"thumbnailUrl\":\"https:\\\/\\\/lasentinelle.dz\\\/wp-content\\\/uploads\\\/2021\\\/09\\\/image_2021-09-06_181728.png\",\"datePublished\":\"2021-09-06T23:01:00+00:00\",\"breadcrumb\":{\"@id\":\"https:\\\/\\\/lasentinelle.dz\\\/index.php\\\/2021\\\/09\\\/07\\\/il-a-ete-mis-au-points-par-lentreprise-innoest-lalgerie-fabrique-son-premier-generateur-doxygene\\\/#breadcrumb\"},\"inLanguage\":\"fr-FR\",\"potentialAction\":[{\"@type\":\"ReadAction\",\"target\":[\"https:\\\/\\\/lasentinelle.dz\\\/index.php\\\/2021\\\/09\\\/07\\\/il-a-ete-mis-au-points-par-lentreprise-innoest-lalgerie-fabrique-son-premier-generateur-doxygene\\\/\"]}]},{\"@type\":\"ImageObject\",\"inLanguage\":\"fr-FR\",\"@id\":\"https:\\\/\\\/lasentinelle.dz\\\/index.php\\\/2021\\\/09\\\/07\\\/il-a-ete-mis-au-points-par-lentreprise-innoest-lalgerie-fabrique-son-premier-generateur-doxygene\\\/#primaryimage\",\"url\":\"https:\\\/\\\/lasentinelle.dz\\\/wp-content\\\/uploads\\\/2021\\\/09\\\/image_2021-09-06_181728.png\",\"contentUrl\":\"https:\\\/\\\/lasentinelle.dz\\\/wp-content\\\/uploads\\\/2021\\\/09\\\/image_2021-09-06_181728.png\",\"width\":1280,\"height\":720},{\"@type\":\"BreadcrumbList\",\"@id\":\"https:\\\/\\\/lasentinelle.dz\\\/index.php\\\/2021\\\/09\\\/07\\\/il-a-ete-mis-au-points-par-lentreprise-innoest-lalgerie-fabrique-son-premier-generateur-doxygene\\\/#breadcrumb\",\"itemListElement\":[{\"@type\":\"ListItem\",\"position\":1,\"name\":\"Accueil\",\"item\":\"https:\\\/\\\/lasentinelle.dz\\\/\"},{\"@type\":\"ListItem\",\"position\":2,\"name\":\"Il a \u00e9t\u00e9 mis au points par l&rsquo;entreprise Innoest : L&rsquo;Alg\u00e9rie fabrique son premier g\u00e9n\u00e9rateur d&rsquo;oxyg\u00e8ne\"}]},{\"@type\":\"WebSite\",\"@id\":\"https:\\\/\\\/lasentinelle.dz\\\/#website\",\"url\":\"https:\\\/\\\/lasentinelle.dz\\\/\",\"name\":\"La Sentinelle\",\"description\":\"Quotidien national d&#039;information\",\"publisher\":{\"@id\":\"https:\\\/\\\/lasentinelle.dz\\\/#organization\"},\"potentialAction\":[{\"@type\":\"SearchAction\",\"target\":{\"@type\":\"EntryPoint\",\"urlTemplate\":\"https:\\\/\\\/lasentinelle.dz\\\/?s={search_term_string}\"},\"query-input\":{\"@type\":\"PropertyValueSpecification\",\"valueRequired\":true,\"valueName\":\"search_term_string\"}}],\"inLanguage\":\"fr-FR\"},{\"@type\":\"Organization\",\"@id\":\"https:\\\/\\\/lasentinelle.dz\\\/#organization\",\"name\":\"Quotidien La Sentinelle\",\"url\":\"https:\\\/\\\/lasentinelle.dz\\\/\",\"logo\":{\"@type\":\"ImageObject\",\"inLanguage\":\"fr-FR\",\"@id\":\"https:\\\/\\\/lasentinelle.dz\\\/#\\\/schema\\\/logo\\\/image\\\/\",\"url\":\"https:\\\/\\\/lasentinelle.dz\\\/wp-content\\\/uploads\\\/2021\\\/09\\\/logo-sentinelleSLOGAN-1.png\",\"contentUrl\":\"https:\\\/\\\/lasentinelle.dz\\\/wp-content\\\/uploads\\\/2021\\\/09\\\/logo-sentinelleSLOGAN-1.png\",\"width\":615,\"height\":142,\"caption\":\"Quotidien La Sentinelle\"},\"image\":{\"@id\":\"https:\\\/\\\/lasentinelle.dz\\\/#\\\/schema\\\/logo\\\/image\\\/\"},\"sameAs\":[\"https:\\\/\\\/www.facebook.com\\\/La-Sentinelle-104059864394773\"]},{\"@type\":\"Person\",\"@id\":\"https:\\\/\\\/lasentinelle.dz\\\/#\\\/schema\\\/person\\\/d865044e22e70a75174ce8bcad3acfb3\",\"name\":\"La Sentinelle\",\"image\":{\"@type\":\"ImageObject\",\"inLanguage\":\"fr-FR\",\"@id\":\"https:\\\/\\\/secure.gravatar.com\\\/avatar\\\/57de8e5d4b15d43fb361a71fbb36338450fe67865b528a43dd10ef7c51a20392?s=96&d=mm&r=g\",\"url\":\"https:\\\/\\\/secure.gravatar.com\\\/avatar\\\/57de8e5d4b15d43fb361a71fbb36338450fe67865b528a43dd10ef7c51a20392?s=96&d=mm&r=g\",\"contentUrl\":\"https:\\\/\\\/secure.gravatar.com\\\/avatar\\\/57de8e5d4b15d43fb361a71fbb36338450fe67865b528a43dd10ef7c51a20392?s=96&d=mm&r=g\",\"caption\":\"La Sentinelle\"},\"sameAs\":[\"http:\\\/\\\/www.lasentinelle.dz\"],\"url\":\"https:\\\/\\\/lasentinelle.dz\\\/author\\\/redaction\\\/\"}]}<\/script>\n<!-- \/ Yoast SEO plugin. -->","yoast_head_json":{"title":"Il a \u00e9t\u00e9 mis au points par l'entreprise Innoest : L'Alg\u00e9rie fabrique son premier g\u00e9n\u00e9rateur d'oxyg\u00e8ne - La Sentinelle","robots":{"index":"index","follow":"follow","max-snippet":"max-snippet:-1","max-image-preview":"max-image-preview:large","max-video-preview":"max-video-preview:-1"},"canonical":"https:\/\/lasentinelle.dz\/index.php\/2021\/09\/07\/il-a-ete-mis-au-points-par-lentreprise-innoest-lalgerie-fabrique-son-premier-generateur-doxygene\/","og_locale":"fr_FR","og_type":"article","og_title":"Il a \u00e9t\u00e9 mis au points par l'entreprise Innoest : L'Alg\u00e9rie fabrique son premier g\u00e9n\u00e9rateur d'oxyg\u00e8ne - La Sentinelle","og_description":"Le ministre de l&rsquo;Industrie,Ahmed Zeghdar a re\u00e7u, hier au si\u00e8ge de son d\u00e9partement minist\u00e9riel, les responsables de l&rsquo;entreprise Innoest&nbsp; qui","og_url":"https:\/\/lasentinelle.dz\/index.php\/2021\/09\/07\/il-a-ete-mis-au-points-par-lentreprise-innoest-lalgerie-fabrique-son-premier-generateur-doxygene\/","og_site_name":"La Sentinelle","article_publisher":"https:\/\/www.facebook.com\/La-Sentinelle-104059864394773","article_published_time":"2021-09-06T23:01:00+00:00","og_image":[{"width":1280,"height":720,"url":"https:\/\/lasentinelle.dz\/wp-content\/uploads\/2021\/09\/image_2021-09-06_181728.png","type":"image\/png"}],"author":"La Sentinelle","twitter_card":"summary_large_image","twitter_misc":{"\u00c9crit par":"La Sentinelle","Dur\u00e9e de lecture estim\u00e9e":"2 minutes"},"schema":{"@context":"https:\/\/schema.org","@graph":[{"@type":"Article","@id":"https:\/\/lasentinelle.dz\/index.php\/2021\/09\/07\/il-a-ete-mis-au-points-par-lentreprise-innoest-lalgerie-fabrique-son-premier-generateur-doxygene\/#article","isPartOf":{"@id":"https:\/\/lasentinelle.dz\/index.php\/2021\/09\/07\/il-a-ete-mis-au-points-par-lentreprise-innoest-lalgerie-fabrique-son-premier-generateur-doxygene\/"},"author":{"name":"La Sentinelle","@id":"https:\/\/lasentinelle.dz\/#\/schema\/person\/d865044e22e70a75174ce8bcad3acfb3"},"headline":"Il a \u00e9t\u00e9 mis au points par l&rsquo;entreprise Innoest : L&rsquo;Alg\u00e9rie fabrique son premier g\u00e9n\u00e9rateur d&rsquo;oxyg\u00e8ne","datePublished":"2021-09-06T23:01:00+00:00","mainEntityOfPage":{"@id":"https:\/\/lasentinelle.dz\/index.php\/2021\/09\/07\/il-a-ete-mis-au-points-par-lentreprise-innoest-lalgerie-fabrique-son-premier-generateur-doxygene\/"},"wordCount":524,"commentCount":0,"publisher":{"@id":"https:\/\/lasentinelle.dz\/#organization"},"image":{"@id":"https:\/\/lasentinelle.dz\/index.php\/2021\/09\/07\/il-a-ete-mis-au-points-par-lentreprise-innoest-lalgerie-fabrique-son-premier-generateur-doxygene\/#primaryimage"},"thumbnailUrl":"https:\/\/lasentinelle.dz\/wp-content\/uploads\/2021\/09\/image_2021-09-06_181728.png","articleSection":["Actualit\u00e9"],"inLanguage":"fr-FR","potentialAction":[{"@type":"CommentAction","name":"Comment","target":["https:\/\/lasentinelle.dz\/index.php\/2021\/09\/07\/il-a-ete-mis-au-points-par-lentreprise-innoest-lalgerie-fabrique-son-premier-generateur-doxygene\/#respond"]}]},{"@type":"WebPage","@id":"https:\/\/lasentinelle.dz\/index.php\/2021\/09\/07\/il-a-ete-mis-au-points-par-lentreprise-innoest-lalgerie-fabrique-son-premier-generateur-doxygene\/","url":"https:\/\/lasentinelle.dz\/index.php\/2021\/09\/07\/il-a-ete-mis-au-points-par-lentreprise-innoest-lalgerie-fabrique-son-premier-generateur-doxygene\/","name":"Il a \u00e9t\u00e9 mis au points par l'entreprise Innoest : L'Alg\u00e9rie fabrique son premier g\u00e9n\u00e9rateur d'oxyg\u00e8ne - La Sentinelle","isPartOf":{"@id":"https:\/\/lasentinelle.dz\/#website"},"primaryImageOfPage":{"@id":"https:\/\/lasentinelle.dz\/index.php\/2021\/09\/07\/il-a-ete-mis-au-points-par-lentreprise-innoest-lalgerie-fabrique-son-premier-generateur-doxygene\/#primaryimage"},"image":{"@id":"https:\/\/lasentinelle.dz\/index.php\/2021\/09\/07\/il-a-ete-mis-au-points-par-lentreprise-innoest-lalgerie-fabrique-son-premier-generateur-doxygene\/#primaryimage"},"thumbnailUrl":"https:\/\/lasentinelle.dz\/wp-content\/uploads\/2021\/09\/image_2021-09-06_181728.png","datePublished":"2021-09-06T23:01:00+00:00","breadcrumb":{"@id":"https:\/\/lasentinelle.dz\/index.php\/2021\/09\/07\/il-a-ete-mis-au-points-par-lentreprise-innoest-lalgerie-fabrique-son-premier-generateur-doxygene\/#breadcrumb"},"inLanguage":"fr-FR","potentialAction":[{"@type":"ReadAction","target":["https:\/\/lasentinelle.dz\/index.php\/2021\/09\/07\/il-a-ete-mis-au-points-par-lentreprise-innoest-lalgerie-fabrique-son-premier-generateur-doxygene\/"]}]},{"@type":"ImageObject","inLanguage":"fr-FR","@id":"https:\/\/lasentinelle.dz\/index.php\/2021\/09\/07\/il-a-ete-mis-au-points-par-lentreprise-innoest-lalgerie-fabrique-son-premier-generateur-doxygene\/#primaryimage","url":"https:\/\/lasentinelle.dz\/wp-content\/uploads\/2021\/09\/image_2021-09-06_181728.png","contentUrl":"https:\/\/lasentinelle.dz\/wp-content\/uploads\/2021\/09\/image_2021-09-06_181728.png","width":1280,"height":720},{"@type":"BreadcrumbList","@id":"https:\/\/lasentinelle.dz\/index.php\/2021\/09\/07\/il-a-ete-mis-au-points-par-lentreprise-innoest-lalgerie-fabrique-son-premier-generateur-doxygene\/#breadcrumb","itemListElement":[{"@type":"ListItem","position":1,"name":"Accueil","item":"https:\/\/lasentinelle.dz\/"},{"@type":"ListItem","position":2,"name":"Il a \u00e9t\u00e9 mis au points par l&rsquo;entreprise Innoest : L&rsquo;Alg\u00e9rie fabrique son premier g\u00e9n\u00e9rateur d&rsquo;oxyg\u00e8ne"}]},{"@type":"WebSite","@id":"https:\/\/lasentinelle.dz\/#website","url":"https:\/\/lasentinelle.dz\/","name":"La Sentinelle","description":"Quotidien national d&#039;information","publisher":{"@id":"https:\/\/lasentinelle.dz\/#organization"},"potentialAction":[{"@type":"SearchAction","target":{"@type":"EntryPoint","urlTemplate":"https:\/\/lasentinelle.dz\/?s={search_term_string}"},"query-input":{"@type":"PropertyValueSpecification","valueRequired":true,"valueName":"search_term_string"}}],"inLanguage":"fr-FR"},{"@type":"Organization","@id":"https:\/\/lasentinelle.dz\/#organization","name":"Quotidien La Sentinelle","url":"https:\/\/lasentinelle.dz\/","logo":{"@type":"ImageObject","inLanguage":"fr-FR","@id":"https:\/\/lasentinelle.dz\/#\/schema\/logo\/image\/","url":"https:\/\/lasentinelle.dz\/wp-content\/uploads\/2021\/09\/logo-sentinelleSLOGAN-1.png","contentUrl":"https:\/\/lasentinelle.dz\/wp-content\/uploads\/2021\/09\/logo-sentinelleSLOGAN-1.png","width":615,"height":142,"caption":"Quotidien La Sentinelle"},"image":{"@id":"https:\/\/lasentinelle.dz\/#\/schema\/logo\/image\/"},"sameAs":["https:\/\/www.facebook.com\/La-Sentinelle-104059864394773"]},{"@type":"Person","@id":"https:\/\/lasentinelle.dz\/#\/schema\/person\/d865044e22e70a75174ce8bcad3acfb3","name":"La Sentinelle","image":{"@type":"ImageObject","inLanguage":"fr-FR","@id":"https:\/\/secure.gravatar.com\/avatar\/57de8e5d4b15d43fb361a71fbb36338450fe67865b528a43dd10ef7c51a20392?s=96&d=mm&r=g","url":"https:\/\/secure.gravatar.com\/avatar\/57de8e5d4b15d43fb361a71fbb36338450fe67865b528a43dd10ef7c51a20392?s=96&d=mm&r=g","contentUrl":"https:\/\/secure.gravatar.com\/avatar\/57de8e5d4b15d43fb361a71fbb36338450fe67865b528a43dd10ef7c51a20392?s=96&d=mm&r=g","caption":"La Sentinelle"},"sameAs":["http:\/\/www.lasentinelle.dz"],"url":"https:\/\/lasentinelle.dz\/author\/redaction\/"}]}},"_links":{"self":[{"href":"https:\/\/lasentinelle.dz\/index.php\/wp-json\/wp\/v2\/posts\/6831","targetHints":{"allow":["GET"]}}],"collection":[{"href":"https:\/\/lasentinelle.dz\/index.php\/wp-json\/wp\/v2\/posts"}],"about":[{"href":"https:\/\/lasentinelle.dz\/index.php\/wp-json\/wp\/v2\/types\/post"}],"author":[{"embeddable":true,"href":"https:\/\/lasentinelle.dz\/index.php\/wp-json\/wp\/v2\/users\/3"}],"replies":[{"embeddable":true,"href":"https:\/\/lasentinelle.dz\/index.php\/wp-json\/wp\/v2\/comments?post=6831"}],"version-history":[{"count":1,"href":"https:\/\/lasentinelle.dz\/index.php\/wp-json\/wp\/v2\/posts\/6831\/revisions"}],"predecessor-version":[{"id":6840,"href":"https:\/\/lasentinelle.dz\/index.php\/wp-json\/wp\/v2\/posts\/6831\/revisions\/6840"}],"wp:featuredmedia":[{"embeddable":true,"href":"https:\/\/lasentinelle.dz\/index.php\/wp-json\/wp\/v2\/media\/6839"}],"wp:attachment":[{"href":"https:\/\/lasentinelle.dz\/index.php\/wp-json\/wp\/v2\/media?parent=6831"}],"wp:term":[{"taxonomy":"category","embeddable":true,"href":"https:\/\/lasentinelle.dz\/index.php\/wp-json\/wp\/v2\/categories?post=6831"},{"taxonomy":"post_tag","embeddable":true,"href":"https:\/\/lasentinelle.dz\/index.php\/wp-json\/wp\/v2\/tags?post=6831"}],"curies":[{"name":"wp","href":"https:\/\/api.w.org\/{rel}","templated":true}]}}