{"id":68310,"date":"2025-06-01T20:58:20","date_gmt":"2025-06-01T19:58:20","guid":{"rendered":"https:\/\/lasentinelle.dz\/?p=68310"},"modified":"2025-06-01T20:58:21","modified_gmt":"2025-06-01T19:58:21","slug":"gnl-lalgerie-leader-africain","status":"publish","type":"post","link":"https:\/\/lasentinelle.dz\/index.php\/2025\/06\/01\/gnl-lalgerie-leader-africain\/","title":{"rendered":"GNL : L&rsquo;Alg\u00e9rie leader africain"},"content":{"rendered":"\n<p>L&rsquo;Alg\u00e9rie consolide sa position de leader continental dans le secteur du gaz naturel liqu\u00e9fi\u00e9, dominant le march\u00e9 africain avec une capacit\u00e9 de liqu\u00e9faction de 25,3 millions de tonnes par an, selon un rapport r\u00e9cent de l&rsquo;Unit\u00e9 de recherche \u00e9nerg\u00e9tique \u00ab\u00a0Attaqa\u00a0\u00bb bas\u00e9e \u00e0 Washington.<\/p>\n\n\n\n<p>Cette performance place le pays en t\u00eate d&rsquo;un groupe de huit nations africaines qui d\u00e9tiennent collectivement 75 millions de tonnes de capacit\u00e9 annuelle de liqu\u00e9faction, repr\u00e9sentant environ 15% de la capacit\u00e9 mondiale totale estim\u00e9e \u00e0 492 millions de tonnes en 2024. La domination alg\u00e9rienne s&rsquo;appuie sur un r\u00e9seau industriel solide articul\u00e9 autour de quatre installations principales situ\u00e9es \u00e0 Skikda et Arzew, toutes g\u00e9r\u00e9es par la compagnie nationale Sonatrach. Dans la ville d&rsquo;Arzew, les complexes GL1Z et GL2Z abritent chacun six unit\u00e9s de production avec des capacit\u00e9s respectives de 7,9 et 8,2 millions de tonnes annuelles, compl\u00e9t\u00e9s par une unit\u00e9 suppl\u00e9mentaire dans le complexe GL3Z d&rsquo;une capacit\u00e9 de 4,7 millions de tonnes. Le complexe de Skikda contribue \u00e0 cet arsenal industriel avec une unit\u00e9 de production d&rsquo;une capacit\u00e9 de 4,5 millions de tonnes par an. Derri\u00e8re l&rsquo;Alg\u00e9rie, le Nigeria occupe la deuxi\u00e8me position continentale avec une capacit\u00e9 de liqu\u00e9faction de 22,2 millions de tonnes annuelles r\u00e9partie sur six unit\u00e9s au sein du complexe NLNG situ\u00e9 sur l&rsquo;\u00eele de Bonny. Cette infrastructure comprend les unit\u00e9s T1, T2 et T3 d&rsquo;une capacit\u00e9 de 3,3 millions de tonnes chacune, les unit\u00e9s T4 et T5 combin\u00e9es pour 8,2 millions de tonnes, et l&rsquo;unit\u00e9 T6 avec 4,1 millions de tonnes. L&rsquo;\u00c9gypte compl\u00e8te le podium africain loin derri\u00e8re avec 12,2 millions de tonnes de capacit\u00e9 annuelle r\u00e9partie entre trois installations principales : la station de Damiette avec 5 millions de tonnes et celle d&rsquo;Idku avec 7,2 millions de tonnes via deux unit\u00e9s de 3,6 millions chacune. Cependant, le march\u00e9 \u00e9gyptien traverse une p\u00e9riode d\u00e9licate avec un d\u00e9clin de la production locale qui a atteint son plus bas niveau depuis neuf ans, contraignant le pays \u00e0 intensifier ses importations de GNL avec 4 millions de tonnes import\u00e9es sur onze mois entre juin 2024 et avril 2025. L&rsquo;Angola et la Guin\u00e9e \u00e9quatoriale compl\u00e8tent le classement des cinq premiers producteurs africains avec respectivement 5,2 millions de tonnes via l&rsquo;installation \u00ab\u00a0Angola LNG\u00a0\u00bb et 3,7 millions de tonnes par la station \u00ab\u00a0EG LNG\u00a0\u00bb. Le Mozambique contribue \u00e9galement au paysage continental gr\u00e2ce au projet de d\u00e9veloppement de GNL flottant \u00ab\u00a0Coral South\u00a0\u00bb dirig\u00e9 par la compagnie italienne Eni, op\u00e9rationnel depuis novembre 2022 avec une capacit\u00e9 de 3,4 millions de tonnes annuelles, tandis que le Congo dispose d&rsquo;une capacit\u00e9 plus modeste de 0,6 million de tonnes par an. L&rsquo;ann\u00e9e 2025 marque une \u00e9tape significative avec l&rsquo;entr\u00e9e en production du projet Tortue Ahmeyim, situ\u00e9 au large des c\u00f4tes mauritaniennes et s\u00e9n\u00e9galaises, qui a commenc\u00e9 ses exportations en janvier apr\u00e8s l&rsquo;arriv\u00e9e de l&rsquo;unit\u00e9 flottante de production, stockage et d\u00e9chargement sur site en juin 2024. Cette premi\u00e8re phase du projet, d&rsquo;une capacit\u00e9 de 2,3 millions de tonnes annuelles, permet \u00e0 la Mauritanie de rejoindre pour la premi\u00e8re fois le club des pays exportateurs, portant la capacit\u00e9 totale africaine de liqu\u00e9faction \u00e0 77,3 millions de tonnes par an d\u00e9but 2025. Paradoxalement, malgr\u00e9 cette capacit\u00e9 industrielle importante, les exportations africaines de GNL ont recul\u00e9 \u00e0 38,85 millions de tonnes en 2024 contre 41,32 millions en 2023, une tendance qui s&rsquo;est poursuivie au premier trimestre 2025 avec 8,88 millions de tonnes export\u00e9es contre 9,93 millions sur la p\u00e9riode comparable de 2024. Ce recul s&rsquo;explique principalement par la transformation de l&rsquo;\u00c9gypte en importateur net et la diminution des exportations alg\u00e9riennes. N\u00e9anmoins, les perspectives \u00e0 long terme demeurent prometteuses avec des projections indiquant que la capacit\u00e9 africaine de liqu\u00e9faction pourrait repr\u00e9senter 19% de la capacit\u00e9 mondiale totale estim\u00e9e \u00e0 1,004 milliard de tonnes annuelles d&rsquo;ici 2050, gr\u00e2ce aux projets g\u00e9ants pr\u00e9vus au Mozambique, au Nigeria, au S\u00e9n\u00e9gal et en Mauritanie selon les donn\u00e9es consult\u00e9es par l&rsquo;Unit\u00e9 de recherche.<\/p>\n\n\n\n<p>Samira Ghrib<\/p>\n","protected":false},"excerpt":{"rendered":"<p>L&rsquo;Alg\u00e9rie consolide sa position de leader continental dans le secteur du gaz naturel liqu\u00e9fi\u00e9, dominant le march\u00e9 africain avec une<\/p>\n","protected":false},"author":6,"featured_media":41345,"comment_status":"open","ping_status":"closed","sticky":false,"template":"","format":"standard","meta":{"colormag_page_container_layout":"default_layout","colormag_page_sidebar_layout":"default_layout","om_disable_all_campaigns":false,"_monsterinsights_skip_tracking":false,"_monsterinsights_sitenote_active":false,"_monsterinsights_sitenote_note":"","_monsterinsights_sitenote_category":0,"footnotes":"","_wpscppro_dont_share_socialmedia":false,"_wpscppro_custom_social_share_image":0,"_facebook_share_type":"default","_twitter_share_type":"default","_linkedin_share_type":"default","_pinterest_share_type":"default","_linkedin_share_type_page":"","_instagram_share_type":"default","_medium_share_type":"default","_threads_share_type":"","_google_business_share_type":"","_selected_social_profile":[],"_wpsp_enable_custom_social_template":false,"_wpsp_social_scheduling":{"enabled":false,"datetime":null,"platforms":[],"status":"template_only","dateOption":"today","timeOption":"now","customDays":"","customHours":"","customDate":"","customTime":"","schedulingType":"absolute"},"_wpsp_active_default_template":true},"categories":[52,29],"tags":[],"class_list":["post-68310","post","type-post","status-publish","format-standard","has-post-thumbnail","hentry","category-a-la-une","category-economie"],"aioseo_notices":[],"yoast_head":"<!-- This site is optimized with the Yoast SEO plugin v27.5 - https:\/\/yoast.com\/product\/yoast-seo-wordpress\/ -->\n<title>GNL : L&rsquo;Alg\u00e9rie leader africain - La Sentinelle<\/title>\n<meta name=\"robots\" content=\"index, follow, max-snippet:-1, max-image-preview:large, max-video-preview:-1\" \/>\n<link rel=\"canonical\" href=\"https:\/\/lasentinelle.dz\/index.php\/2025\/06\/01\/gnl-lalgerie-leader-africain\/\" \/>\n<meta property=\"og:locale\" content=\"fr_FR\" \/>\n<meta property=\"og:type\" content=\"article\" \/>\n<meta property=\"og:title\" content=\"GNL : L&rsquo;Alg\u00e9rie leader africain - La Sentinelle\" \/>\n<meta property=\"og:description\" content=\"L&rsquo;Alg\u00e9rie consolide sa position de leader continental dans le secteur du gaz naturel liqu\u00e9fi\u00e9, dominant le march\u00e9 africain avec une\" \/>\n<meta property=\"og:url\" content=\"https:\/\/lasentinelle.dz\/index.php\/2025\/06\/01\/gnl-lalgerie-leader-africain\/\" \/>\n<meta property=\"og:site_name\" content=\"La Sentinelle\" \/>\n<meta property=\"article:publisher\" content=\"https:\/\/www.facebook.com\/La-Sentinelle-104059864394773\" \/>\n<meta property=\"article:published_time\" content=\"2025-06-01T19:58:20+00:00\" \/>\n<meta property=\"article:modified_time\" content=\"2025-06-01T19:58:21+00:00\" \/>\n<meta property=\"og:image\" content=\"https:\/\/lasentinelle.dz\/wp-content\/uploads\/2023\/05\/GNL.png\" \/>\n\t<meta property=\"og:image:width\" content=\"1351\" \/>\n\t<meta property=\"og:image:height\" content=\"900\" \/>\n\t<meta property=\"og:image:type\" content=\"image\/png\" \/>\n<meta name=\"author\" content=\"admin\" \/>\n<meta name=\"twitter:card\" content=\"summary_large_image\" \/>\n<meta name=\"twitter:label1\" content=\"\u00c9crit par\" \/>\n\t<meta name=\"twitter:data1\" content=\"admin\" \/>\n\t<meta name=\"twitter:label2\" content=\"Dur\u00e9e de lecture estim\u00e9e\" \/>\n\t<meta name=\"twitter:data2\" content=\"4 minutes\" \/>\n<script type=\"application\/ld+json\" class=\"yoast-schema-graph\">{\"@context\":\"https:\\\/\\\/schema.org\",\"@graph\":[{\"@type\":\"Article\",\"@id\":\"https:\\\/\\\/lasentinelle.dz\\\/index.php\\\/2025\\\/06\\\/01\\\/gnl-lalgerie-leader-africain\\\/#article\",\"isPartOf\":{\"@id\":\"https:\\\/\\\/lasentinelle.dz\\\/index.php\\\/2025\\\/06\\\/01\\\/gnl-lalgerie-leader-africain\\\/\"},\"author\":{\"name\":\"admin\",\"@id\":\"https:\\\/\\\/lasentinelle.dz\\\/#\\\/schema\\\/person\\\/729ee0024f24e0b8c5ec17232f8e8b41\"},\"headline\":\"GNL : L&rsquo;Alg\u00e9rie leader africain\",\"datePublished\":\"2025-06-01T19:58:20+00:00\",\"dateModified\":\"2025-06-01T19:58:21+00:00\",\"mainEntityOfPage\":{\"@id\":\"https:\\\/\\\/lasentinelle.dz\\\/index.php\\\/2025\\\/06\\\/01\\\/gnl-lalgerie-leader-africain\\\/\"},\"wordCount\":693,\"commentCount\":0,\"publisher\":{\"@id\":\"https:\\\/\\\/lasentinelle.dz\\\/#organization\"},\"image\":{\"@id\":\"https:\\\/\\\/lasentinelle.dz\\\/index.php\\\/2025\\\/06\\\/01\\\/gnl-lalgerie-leader-africain\\\/#primaryimage\"},\"thumbnailUrl\":\"https:\\\/\\\/lasentinelle.dz\\\/wp-content\\\/uploads\\\/2023\\\/05\\\/GNL.png\",\"articleSection\":[\"\u00c0 la Une\",\"\u00c9conomie\"],\"inLanguage\":\"fr-FR\",\"potentialAction\":[{\"@type\":\"CommentAction\",\"name\":\"Comment\",\"target\":[\"https:\\\/\\\/lasentinelle.dz\\\/index.php\\\/2025\\\/06\\\/01\\\/gnl-lalgerie-leader-africain\\\/#respond\"]}]},{\"@type\":\"WebPage\",\"@id\":\"https:\\\/\\\/lasentinelle.dz\\\/index.php\\\/2025\\\/06\\\/01\\\/gnl-lalgerie-leader-africain\\\/\",\"url\":\"https:\\\/\\\/lasentinelle.dz\\\/index.php\\\/2025\\\/06\\\/01\\\/gnl-lalgerie-leader-africain\\\/\",\"name\":\"GNL : L&rsquo;Alg\u00e9rie leader africain - La Sentinelle\",\"isPartOf\":{\"@id\":\"https:\\\/\\\/lasentinelle.dz\\\/#website\"},\"primaryImageOfPage\":{\"@id\":\"https:\\\/\\\/lasentinelle.dz\\\/index.php\\\/2025\\\/06\\\/01\\\/gnl-lalgerie-leader-africain\\\/#primaryimage\"},\"image\":{\"@id\":\"https:\\\/\\\/lasentinelle.dz\\\/index.php\\\/2025\\\/06\\\/01\\\/gnl-lalgerie-leader-africain\\\/#primaryimage\"},\"thumbnailUrl\":\"https:\\\/\\\/lasentinelle.dz\\\/wp-content\\\/uploads\\\/2023\\\/05\\\/GNL.png\",\"datePublished\":\"2025-06-01T19:58:20+00:00\",\"dateModified\":\"2025-06-01T19:58:21+00:00\",\"breadcrumb\":{\"@id\":\"https:\\\/\\\/lasentinelle.dz\\\/index.php\\\/2025\\\/06\\\/01\\\/gnl-lalgerie-leader-africain\\\/#breadcrumb\"},\"inLanguage\":\"fr-FR\",\"potentialAction\":[{\"@type\":\"ReadAction\",\"target\":[\"https:\\\/\\\/lasentinelle.dz\\\/index.php\\\/2025\\\/06\\\/01\\\/gnl-lalgerie-leader-africain\\\/\"]}]},{\"@type\":\"ImageObject\",\"inLanguage\":\"fr-FR\",\"@id\":\"https:\\\/\\\/lasentinelle.dz\\\/index.php\\\/2025\\\/06\\\/01\\\/gnl-lalgerie-leader-africain\\\/#primaryimage\",\"url\":\"https:\\\/\\\/lasentinelle.dz\\\/wp-content\\\/uploads\\\/2023\\\/05\\\/GNL.png\",\"contentUrl\":\"https:\\\/\\\/lasentinelle.dz\\\/wp-content\\\/uploads\\\/2023\\\/05\\\/GNL.png\",\"width\":1351,\"height\":900},{\"@type\":\"BreadcrumbList\",\"@id\":\"https:\\\/\\\/lasentinelle.dz\\\/index.php\\\/2025\\\/06\\\/01\\\/gnl-lalgerie-leader-africain\\\/#breadcrumb\",\"itemListElement\":[{\"@type\":\"ListItem\",\"position\":1,\"name\":\"Accueil\",\"item\":\"https:\\\/\\\/lasentinelle.dz\\\/\"},{\"@type\":\"ListItem\",\"position\":2,\"name\":\"GNL : L&rsquo;Alg\u00e9rie leader africain\"}]},{\"@type\":\"WebSite\",\"@id\":\"https:\\\/\\\/lasentinelle.dz\\\/#website\",\"url\":\"https:\\\/\\\/lasentinelle.dz\\\/\",\"name\":\"La Sentinelle\",\"description\":\"Quotidien national d&#039;information\",\"publisher\":{\"@id\":\"https:\\\/\\\/lasentinelle.dz\\\/#organization\"},\"potentialAction\":[{\"@type\":\"SearchAction\",\"target\":{\"@type\":\"EntryPoint\",\"urlTemplate\":\"https:\\\/\\\/lasentinelle.dz\\\/?s={search_term_string}\"},\"query-input\":{\"@type\":\"PropertyValueSpecification\",\"valueRequired\":true,\"valueName\":\"search_term_string\"}}],\"inLanguage\":\"fr-FR\"},{\"@type\":\"Organization\",\"@id\":\"https:\\\/\\\/lasentinelle.dz\\\/#organization\",\"name\":\"Quotidien La Sentinelle\",\"url\":\"https:\\\/\\\/lasentinelle.dz\\\/\",\"logo\":{\"@type\":\"ImageObject\",\"inLanguage\":\"fr-FR\",\"@id\":\"https:\\\/\\\/lasentinelle.dz\\\/#\\\/schema\\\/logo\\\/image\\\/\",\"url\":\"https:\\\/\\\/lasentinelle.dz\\\/wp-content\\\/uploads\\\/2021\\\/09\\\/logo-sentinelleSLOGAN-1.png\",\"contentUrl\":\"https:\\\/\\\/lasentinelle.dz\\\/wp-content\\\/uploads\\\/2021\\\/09\\\/logo-sentinelleSLOGAN-1.png\",\"width\":615,\"height\":142,\"caption\":\"Quotidien La Sentinelle\"},\"image\":{\"@id\":\"https:\\\/\\\/lasentinelle.dz\\\/#\\\/schema\\\/logo\\\/image\\\/\"},\"sameAs\":[\"https:\\\/\\\/www.facebook.com\\\/La-Sentinelle-104059864394773\"]},{\"@type\":\"Person\",\"@id\":\"https:\\\/\\\/lasentinelle.dz\\\/#\\\/schema\\\/person\\\/729ee0024f24e0b8c5ec17232f8e8b41\",\"name\":\"admin\",\"image\":{\"@type\":\"ImageObject\",\"inLanguage\":\"fr-FR\",\"@id\":\"https:\\\/\\\/secure.gravatar.com\\\/avatar\\\/4c81fed838786e9b53f540bf46533e750f5d292099ae3b66cfc6fb1982e29df7?s=96&d=mm&r=g\",\"url\":\"https:\\\/\\\/secure.gravatar.com\\\/avatar\\\/4c81fed838786e9b53f540bf46533e750f5d292099ae3b66cfc6fb1982e29df7?s=96&d=mm&r=g\",\"contentUrl\":\"https:\\\/\\\/secure.gravatar.com\\\/avatar\\\/4c81fed838786e9b53f540bf46533e750f5d292099ae3b66cfc6fb1982e29df7?s=96&d=mm&r=g\",\"caption\":\"admin\"},\"description\":\"admin\",\"url\":\"https:\\\/\\\/lasentinelle.dz\\\/author\\\/admin\\\/\"}]}<\/script>\n<!-- \/ Yoast SEO plugin. -->","yoast_head_json":{"title":"GNL : L&rsquo;Alg\u00e9rie leader africain - La Sentinelle","robots":{"index":"index","follow":"follow","max-snippet":"max-snippet:-1","max-image-preview":"max-image-preview:large","max-video-preview":"max-video-preview:-1"},"canonical":"https:\/\/lasentinelle.dz\/index.php\/2025\/06\/01\/gnl-lalgerie-leader-africain\/","og_locale":"fr_FR","og_type":"article","og_title":"GNL : L&rsquo;Alg\u00e9rie leader africain - La Sentinelle","og_description":"L&rsquo;Alg\u00e9rie consolide sa position de leader continental dans le secteur du gaz naturel liqu\u00e9fi\u00e9, dominant le march\u00e9 africain avec une","og_url":"https:\/\/lasentinelle.dz\/index.php\/2025\/06\/01\/gnl-lalgerie-leader-africain\/","og_site_name":"La Sentinelle","article_publisher":"https:\/\/www.facebook.com\/La-Sentinelle-104059864394773","article_published_time":"2025-06-01T19:58:20+00:00","article_modified_time":"2025-06-01T19:58:21+00:00","og_image":[{"width":1351,"height":900,"url":"https:\/\/lasentinelle.dz\/wp-content\/uploads\/2023\/05\/GNL.png","type":"image\/png"}],"author":"admin","twitter_card":"summary_large_image","twitter_misc":{"\u00c9crit par":"admin","Dur\u00e9e de lecture estim\u00e9e":"4 minutes"},"schema":{"@context":"https:\/\/schema.org","@graph":[{"@type":"Article","@id":"https:\/\/lasentinelle.dz\/index.php\/2025\/06\/01\/gnl-lalgerie-leader-africain\/#article","isPartOf":{"@id":"https:\/\/lasentinelle.dz\/index.php\/2025\/06\/01\/gnl-lalgerie-leader-africain\/"},"author":{"name":"admin","@id":"https:\/\/lasentinelle.dz\/#\/schema\/person\/729ee0024f24e0b8c5ec17232f8e8b41"},"headline":"GNL : L&rsquo;Alg\u00e9rie leader africain","datePublished":"2025-06-01T19:58:20+00:00","dateModified":"2025-06-01T19:58:21+00:00","mainEntityOfPage":{"@id":"https:\/\/lasentinelle.dz\/index.php\/2025\/06\/01\/gnl-lalgerie-leader-africain\/"},"wordCount":693,"commentCount":0,"publisher":{"@id":"https:\/\/lasentinelle.dz\/#organization"},"image":{"@id":"https:\/\/lasentinelle.dz\/index.php\/2025\/06\/01\/gnl-lalgerie-leader-africain\/#primaryimage"},"thumbnailUrl":"https:\/\/lasentinelle.dz\/wp-content\/uploads\/2023\/05\/GNL.png","articleSection":["\u00c0 la Une","\u00c9conomie"],"inLanguage":"fr-FR","potentialAction":[{"@type":"CommentAction","name":"Comment","target":["https:\/\/lasentinelle.dz\/index.php\/2025\/06\/01\/gnl-lalgerie-leader-africain\/#respond"]}]},{"@type":"WebPage","@id":"https:\/\/lasentinelle.dz\/index.php\/2025\/06\/01\/gnl-lalgerie-leader-africain\/","url":"https:\/\/lasentinelle.dz\/index.php\/2025\/06\/01\/gnl-lalgerie-leader-africain\/","name":"GNL : L&rsquo;Alg\u00e9rie leader africain - La Sentinelle","isPartOf":{"@id":"https:\/\/lasentinelle.dz\/#website"},"primaryImageOfPage":{"@id":"https:\/\/lasentinelle.dz\/index.php\/2025\/06\/01\/gnl-lalgerie-leader-africain\/#primaryimage"},"image":{"@id":"https:\/\/lasentinelle.dz\/index.php\/2025\/06\/01\/gnl-lalgerie-leader-africain\/#primaryimage"},"thumbnailUrl":"https:\/\/lasentinelle.dz\/wp-content\/uploads\/2023\/05\/GNL.png","datePublished":"2025-06-01T19:58:20+00:00","dateModified":"2025-06-01T19:58:21+00:00","breadcrumb":{"@id":"https:\/\/lasentinelle.dz\/index.php\/2025\/06\/01\/gnl-lalgerie-leader-africain\/#breadcrumb"},"inLanguage":"fr-FR","potentialAction":[{"@type":"ReadAction","target":["https:\/\/lasentinelle.dz\/index.php\/2025\/06\/01\/gnl-lalgerie-leader-africain\/"]}]},{"@type":"ImageObject","inLanguage":"fr-FR","@id":"https:\/\/lasentinelle.dz\/index.php\/2025\/06\/01\/gnl-lalgerie-leader-africain\/#primaryimage","url":"https:\/\/lasentinelle.dz\/wp-content\/uploads\/2023\/05\/GNL.png","contentUrl":"https:\/\/lasentinelle.dz\/wp-content\/uploads\/2023\/05\/GNL.png","width":1351,"height":900},{"@type":"BreadcrumbList","@id":"https:\/\/lasentinelle.dz\/index.php\/2025\/06\/01\/gnl-lalgerie-leader-africain\/#breadcrumb","itemListElement":[{"@type":"ListItem","position":1,"name":"Accueil","item":"https:\/\/lasentinelle.dz\/"},{"@type":"ListItem","position":2,"name":"GNL : L&rsquo;Alg\u00e9rie leader africain"}]},{"@type":"WebSite","@id":"https:\/\/lasentinelle.dz\/#website","url":"https:\/\/lasentinelle.dz\/","name":"La Sentinelle","description":"Quotidien national d&#039;information","publisher":{"@id":"https:\/\/lasentinelle.dz\/#organization"},"potentialAction":[{"@type":"SearchAction","target":{"@type":"EntryPoint","urlTemplate":"https:\/\/lasentinelle.dz\/?s={search_term_string}"},"query-input":{"@type":"PropertyValueSpecification","valueRequired":true,"valueName":"search_term_string"}}],"inLanguage":"fr-FR"},{"@type":"Organization","@id":"https:\/\/lasentinelle.dz\/#organization","name":"Quotidien La Sentinelle","url":"https:\/\/lasentinelle.dz\/","logo":{"@type":"ImageObject","inLanguage":"fr-FR","@id":"https:\/\/lasentinelle.dz\/#\/schema\/logo\/image\/","url":"https:\/\/lasentinelle.dz\/wp-content\/uploads\/2021\/09\/logo-sentinelleSLOGAN-1.png","contentUrl":"https:\/\/lasentinelle.dz\/wp-content\/uploads\/2021\/09\/logo-sentinelleSLOGAN-1.png","width":615,"height":142,"caption":"Quotidien La Sentinelle"},"image":{"@id":"https:\/\/lasentinelle.dz\/#\/schema\/logo\/image\/"},"sameAs":["https:\/\/www.facebook.com\/La-Sentinelle-104059864394773"]},{"@type":"Person","@id":"https:\/\/lasentinelle.dz\/#\/schema\/person\/729ee0024f24e0b8c5ec17232f8e8b41","name":"admin","image":{"@type":"ImageObject","inLanguage":"fr-FR","@id":"https:\/\/secure.gravatar.com\/avatar\/4c81fed838786e9b53f540bf46533e750f5d292099ae3b66cfc6fb1982e29df7?s=96&d=mm&r=g","url":"https:\/\/secure.gravatar.com\/avatar\/4c81fed838786e9b53f540bf46533e750f5d292099ae3b66cfc6fb1982e29df7?s=96&d=mm&r=g","contentUrl":"https:\/\/secure.gravatar.com\/avatar\/4c81fed838786e9b53f540bf46533e750f5d292099ae3b66cfc6fb1982e29df7?s=96&d=mm&r=g","caption":"admin"},"description":"admin","url":"https:\/\/lasentinelle.dz\/author\/admin\/"}]}},"_links":{"self":[{"href":"https:\/\/lasentinelle.dz\/index.php\/wp-json\/wp\/v2\/posts\/68310","targetHints":{"allow":["GET"]}}],"collection":[{"href":"https:\/\/lasentinelle.dz\/index.php\/wp-json\/wp\/v2\/posts"}],"about":[{"href":"https:\/\/lasentinelle.dz\/index.php\/wp-json\/wp\/v2\/types\/post"}],"author":[{"embeddable":true,"href":"https:\/\/lasentinelle.dz\/index.php\/wp-json\/wp\/v2\/users\/6"}],"replies":[{"embeddable":true,"href":"https:\/\/lasentinelle.dz\/index.php\/wp-json\/wp\/v2\/comments?post=68310"}],"version-history":[{"count":2,"href":"https:\/\/lasentinelle.dz\/index.php\/wp-json\/wp\/v2\/posts\/68310\/revisions"}],"predecessor-version":[{"id":68312,"href":"https:\/\/lasentinelle.dz\/index.php\/wp-json\/wp\/v2\/posts\/68310\/revisions\/68312"}],"wp:featuredmedia":[{"embeddable":true,"href":"https:\/\/lasentinelle.dz\/index.php\/wp-json\/wp\/v2\/media\/41345"}],"wp:attachment":[{"href":"https:\/\/lasentinelle.dz\/index.php\/wp-json\/wp\/v2\/media?parent=68310"}],"wp:term":[{"taxonomy":"category","embeddable":true,"href":"https:\/\/lasentinelle.dz\/index.php\/wp-json\/wp\/v2\/categories?post=68310"},{"taxonomy":"post_tag","embeddable":true,"href":"https:\/\/lasentinelle.dz\/index.php\/wp-json\/wp\/v2\/tags?post=68310"}],"curies":[{"name":"wp","href":"https:\/\/api.w.org\/{rel}","templated":true}]}}