{"id":68313,"date":"2025-06-01T20:59:08","date_gmt":"2025-06-01T19:59:08","guid":{"rendered":"https:\/\/lasentinelle.dz\/?p=68313"},"modified":"2025-06-01T20:59:08","modified_gmt":"2025-06-01T19:59:08","slug":"aid-el-adha-la-mise-en-garde-du-ministere-de-la-sante","status":"publish","type":"post","link":"https:\/\/lasentinelle.dz\/index.php\/2025\/06\/01\/aid-el-adha-la-mise-en-garde-du-ministere-de-la-sante\/","title":{"rendered":"Aid El Adha: La mise en garde du minist\u00e8re de la sant\u00e9"},"content":{"rendered":"\n<p>\u00c0 l&rsquo;approche de l&rsquo;A\u00efd El Adha, le minist\u00e8re de la Sant\u00e9 a lanc\u00e9 dimanche un appel pressant aux citoyens pour les sensibiliser aux risques de contamination par le kyste hydatique lors du rituel du sacrifice. Cette mise en garde vise \u00e0 pr\u00e9venir une maladie parasitaire potentiellement grave qui peut se transmettre lors de la manipulation des abats d&rsquo;animaux infect\u00e9s. Le minist\u00e8re exhorte tous les fid\u00e8les qui accomplissent le sacrifice \u00e0 respecter scrupuleusement certaines pr\u00e9cautions sanitaires fondamentales. La premi\u00e8re recommandation consiste \u00e0 faire contr\u00f4ler syst\u00e9matiquement l&rsquo;animal sacrifi\u00e9 par un v\u00e9t\u00e9rinaire qualifi\u00e9. Cette mesure pr\u00e9ventive constitue le premier rempart contre les risques de contamination et permet de d\u00e9tecter d&rsquo;\u00e9ventuelles infections avant la consommation.<\/p>\n\n\n\n<p>Lorsque le contr\u00f4le v\u00e9t\u00e9rinaire s&rsquo;av\u00e8re impossible, les autorit\u00e9s sanitaires recommandent aux citoyens d&rsquo;examiner minutieusement les abats, notamment le foie, les poumons et le c\u0153ur, ainsi que tous les autres visc\u00e8res de l&rsquo;animal sacrifi\u00e9. Cette inspection doit se faire avec la plus grande attention pour d\u00e9tecter la pr\u00e9sence de kystes ou v\u00e9sicules, commun\u00e9ment appel\u00e9es \u00ab\u00a0boules d&rsquo;eau\u00a0\u00bb, qui constituent les signes caract\u00e9ristiques de l&rsquo;infection parasitaire. En cas de d\u00e9couverte d&rsquo;un ou deux kystes isol\u00e9s, le minist\u00e8re pr\u00e9conise leur ablation en prenant toutes les pr\u00e9cautions n\u00e9cessaires pour \u00e9viter leur perforation, ce qui pourrait entra\u00eener la dispersion du parasite. Cette manipulation d\u00e9licate doit s&rsquo;effectuer avec des instruments appropri\u00e9s et dans des conditions d&rsquo;hygi\u00e8ne strictes.<\/p>\n\n\n\n<p>La situation devient plus pr\u00e9occupante lorsque l&rsquo;infestation est importante, caract\u00e9ris\u00e9e par la pr\u00e9sence de plusieurs kystes \u00e9tendus dans les organes. Dans ce cas pr\u00e9cis, les autorit\u00e9s sanitaires recommandent imp\u00e9rativement la destruction compl\u00e8te de l&rsquo;organe infect\u00e9 selon des m\u00e9thodes sp\u00e9cifiques : enfouissement profond \u00e0 au moins cinquante centim\u00e8tres de profondeur ou incin\u00e9ration contr\u00f4l\u00e9e. Il est formellement d\u00e9conseill\u00e9 de jeter ces organes infect\u00e9s avec les ordures m\u00e9nag\u00e8res, car ils constituent une source de contamination pour les chiens errants qui s&rsquo;en nourrissent, perp\u00e9tuant ainsi le cycle parasitaire.<\/p>\n\n\n\n<p>Le minist\u00e8re insiste particuli\u00e8rement sur l&rsquo;interdiction absolue d&rsquo;abandonner dans la nature les organes du sacrifice, sp\u00e9cialement les abats porteurs de kystes hydatiques. Cette pratique irresponsable contribue \u00e0 la propagation de la maladie dans l&rsquo;environnement et expose d&rsquo;autres animaux et, indirectement, la population humaine \u00e0 des risques de contamination. Les mesures d&rsquo;hygi\u00e8ne et de d\u00e9sinfection occupent une place centrale dans les recommandations minist\u00e9rielles. Tous les lieux d&rsquo;abattage doivent \u00eatre soigneusement nettoy\u00e9s et d\u00e9sinfect\u00e9s avec une solution d&rsquo;eau de javel dilu\u00e9e selon un ratio pr\u00e9cis : une dose d&rsquo;eau de javel pour neuf doses d&rsquo;eau. Cette d\u00e9sinfection m\u00e9thodique permet d&rsquo;\u00e9liminer les agents pathog\u00e8nes pr\u00e9sents sur les surfaces. La gestion des d\u00e9chets constitue \u00e9galement un enjeu majeur de sant\u00e9 publique. Le minist\u00e8re pr\u00e9conise la collecte syst\u00e9matique de tous les d\u00e9chets d&rsquo;abattage dans des sacs \u00e9tanches, leur d\u00e9p\u00f4t exclusif dans les conteneurs d\u00e9di\u00e9s et leur \u00e9vacuation durant les horaires officiels de collecte des ordures.<\/p>\n\n\n\n<p>Les r\u00e8gles d&rsquo;hygi\u00e8ne personnelle \u00e9l\u00e9mentaires sont rappel\u00e9es avec insistance : lavage syst\u00e9matique des mains avant et apr\u00e8s les repas, nettoyage minutieux des l\u00e9gumes avant consommation et d\u00e9sinfection des mains apr\u00e8s tout contact avec les animaux.<\/p>\n\n\n\n<p>Le kyste hydatique, \u00e9galement appel\u00e9 hydatidose, constitue une maladie parasitaire contagieuse particuli\u00e8rement insidieuse. Elle r\u00e9sulte du d\u00e9veloppement chez l&rsquo;homme de la forme larvaire d&rsquo;un ver parasite, le Taenia ou Echinococcus granulosus, qui s&rsquo;installe principalement dans le foie ou les poumons. Cette pathologie pr\u00e9sente un caract\u00e8re sournois car elle demeure asymptomatique durant ses phases initiales, rendant son diagnostic pr\u00e9coce difficile. La maladie n&rsquo;est g\u00e9n\u00e9ralement d\u00e9tect\u00e9e qu&rsquo;au stade des complications, lorsque les kystes se sont d\u00e9velopp\u00e9s dans les organes vitaux, n\u00e9cessitant alors des interventions chirurgicales lourdes et complexes aux cons\u00e9quences potentiellement graves pour les patients.<\/p>\n\n\n\n<p>R.N.<\/p>\n","protected":false},"excerpt":{"rendered":"<p>\u00c0 l&rsquo;approche de l&rsquo;A\u00efd El Adha, le minist\u00e8re de la Sant\u00e9 a lanc\u00e9 dimanche un appel pressant aux citoyens pour<\/p>\n","protected":false},"author":6,"featured_media":24482,"comment_status":"open","ping_status":"closed","sticky":false,"template":"","format":"standard","meta":{"colormag_page_container_layout":"default_layout","colormag_page_sidebar_layout":"default_layout","om_disable_all_campaigns":false,"_monsterinsights_skip_tracking":false,"_monsterinsights_sitenote_active":false,"_monsterinsights_sitenote_note":"","_monsterinsights_sitenote_category":0,"footnotes":"","_wpscppro_dont_share_socialmedia":false,"_wpscppro_custom_social_share_image":0,"_facebook_share_type":"default","_twitter_share_type":"default","_linkedin_share_type":"default","_pinterest_share_type":"default","_linkedin_share_type_page":"","_instagram_share_type":"default","_medium_share_type":"default","_threads_share_type":"","_google_business_share_type":"","_selected_social_profile":[],"_wpsp_enable_custom_social_template":false,"_wpsp_social_scheduling":{"enabled":false,"datetime":null,"platforms":[],"status":"template_only","dateOption":"today","timeOption":"now","customDays":"","customHours":"","customDate":"","customTime":"","schedulingType":"absolute"},"_wpsp_active_default_template":true},"categories":[27],"tags":[],"class_list":["post-68313","post","type-post","status-publish","format-standard","has-post-thumbnail","hentry","category-actualite"],"aioseo_notices":[],"yoast_head":"<!-- This site is optimized with the Yoast SEO plugin v27.5 - https:\/\/yoast.com\/product\/yoast-seo-wordpress\/ -->\n<title>Aid El Adha: La mise en garde du minist\u00e8re de la sant\u00e9 - La Sentinelle<\/title>\n<meta name=\"robots\" content=\"index, follow, max-snippet:-1, max-image-preview:large, max-video-preview:-1\" \/>\n<link rel=\"canonical\" href=\"https:\/\/lasentinelle.dz\/index.php\/2025\/06\/01\/aid-el-adha-la-mise-en-garde-du-ministere-de-la-sante\/\" \/>\n<meta property=\"og:locale\" content=\"fr_FR\" \/>\n<meta property=\"og:type\" content=\"article\" \/>\n<meta property=\"og:title\" content=\"Aid El Adha: La mise en garde du minist\u00e8re de la sant\u00e9 - La Sentinelle\" \/>\n<meta property=\"og:description\" content=\"\u00c0 l&rsquo;approche de l&rsquo;A\u00efd El Adha, le minist\u00e8re de la Sant\u00e9 a lanc\u00e9 dimanche un appel pressant aux citoyens pour\" \/>\n<meta property=\"og:url\" content=\"https:\/\/lasentinelle.dz\/index.php\/2025\/06\/01\/aid-el-adha-la-mise-en-garde-du-ministere-de-la-sante\/\" \/>\n<meta property=\"og:site_name\" content=\"La Sentinelle\" \/>\n<meta property=\"article:publisher\" content=\"https:\/\/www.facebook.com\/La-Sentinelle-104059864394773\" \/>\n<meta property=\"article:published_time\" content=\"2025-06-01T19:59:08+00:00\" \/>\n<meta property=\"og:image\" content=\"https:\/\/lasentinelle.dz\/wp-content\/uploads\/2022\/07\/Ministere-de-la-Sante.png\" \/>\n\t<meta property=\"og:image:width\" content=\"1599\" \/>\n\t<meta property=\"og:image:height\" content=\"900\" \/>\n\t<meta property=\"og:image:type\" content=\"image\/png\" \/>\n<meta name=\"author\" content=\"admin\" \/>\n<meta name=\"twitter:card\" content=\"summary_large_image\" \/>\n<meta name=\"twitter:label1\" content=\"\u00c9crit par\" \/>\n\t<meta name=\"twitter:data1\" content=\"admin\" \/>\n\t<meta name=\"twitter:label2\" content=\"Dur\u00e9e de lecture estim\u00e9e\" \/>\n\t<meta name=\"twitter:data2\" content=\"4 minutes\" \/>\n<script type=\"application\/ld+json\" class=\"yoast-schema-graph\">{\"@context\":\"https:\\\/\\\/schema.org\",\"@graph\":[{\"@type\":\"Article\",\"@id\":\"https:\\\/\\\/lasentinelle.dz\\\/index.php\\\/2025\\\/06\\\/01\\\/aid-el-adha-la-mise-en-garde-du-ministere-de-la-sante\\\/#article\",\"isPartOf\":{\"@id\":\"https:\\\/\\\/lasentinelle.dz\\\/index.php\\\/2025\\\/06\\\/01\\\/aid-el-adha-la-mise-en-garde-du-ministere-de-la-sante\\\/\"},\"author\":{\"name\":\"admin\",\"@id\":\"https:\\\/\\\/lasentinelle.dz\\\/#\\\/schema\\\/person\\\/729ee0024f24e0b8c5ec17232f8e8b41\"},\"headline\":\"Aid El Adha: La mise en garde du minist\u00e8re de la sant\u00e9\",\"datePublished\":\"2025-06-01T19:59:08+00:00\",\"mainEntityOfPage\":{\"@id\":\"https:\\\/\\\/lasentinelle.dz\\\/index.php\\\/2025\\\/06\\\/01\\\/aid-el-adha-la-mise-en-garde-du-ministere-de-la-sante\\\/\"},\"wordCount\":724,\"commentCount\":0,\"publisher\":{\"@id\":\"https:\\\/\\\/lasentinelle.dz\\\/#organization\"},\"image\":{\"@id\":\"https:\\\/\\\/lasentinelle.dz\\\/index.php\\\/2025\\\/06\\\/01\\\/aid-el-adha-la-mise-en-garde-du-ministere-de-la-sante\\\/#primaryimage\"},\"thumbnailUrl\":\"https:\\\/\\\/lasentinelle.dz\\\/wp-content\\\/uploads\\\/2022\\\/07\\\/Ministere-de-la-Sante.png\",\"articleSection\":[\"Actualit\u00e9\"],\"inLanguage\":\"fr-FR\",\"potentialAction\":[{\"@type\":\"CommentAction\",\"name\":\"Comment\",\"target\":[\"https:\\\/\\\/lasentinelle.dz\\\/index.php\\\/2025\\\/06\\\/01\\\/aid-el-adha-la-mise-en-garde-du-ministere-de-la-sante\\\/#respond\"]}]},{\"@type\":\"WebPage\",\"@id\":\"https:\\\/\\\/lasentinelle.dz\\\/index.php\\\/2025\\\/06\\\/01\\\/aid-el-adha-la-mise-en-garde-du-ministere-de-la-sante\\\/\",\"url\":\"https:\\\/\\\/lasentinelle.dz\\\/index.php\\\/2025\\\/06\\\/01\\\/aid-el-adha-la-mise-en-garde-du-ministere-de-la-sante\\\/\",\"name\":\"Aid El Adha: La mise en garde du minist\u00e8re de la sant\u00e9 - La Sentinelle\",\"isPartOf\":{\"@id\":\"https:\\\/\\\/lasentinelle.dz\\\/#website\"},\"primaryImageOfPage\":{\"@id\":\"https:\\\/\\\/lasentinelle.dz\\\/index.php\\\/2025\\\/06\\\/01\\\/aid-el-adha-la-mise-en-garde-du-ministere-de-la-sante\\\/#primaryimage\"},\"image\":{\"@id\":\"https:\\\/\\\/lasentinelle.dz\\\/index.php\\\/2025\\\/06\\\/01\\\/aid-el-adha-la-mise-en-garde-du-ministere-de-la-sante\\\/#primaryimage\"},\"thumbnailUrl\":\"https:\\\/\\\/lasentinelle.dz\\\/wp-content\\\/uploads\\\/2022\\\/07\\\/Ministere-de-la-Sante.png\",\"datePublished\":\"2025-06-01T19:59:08+00:00\",\"breadcrumb\":{\"@id\":\"https:\\\/\\\/lasentinelle.dz\\\/index.php\\\/2025\\\/06\\\/01\\\/aid-el-adha-la-mise-en-garde-du-ministere-de-la-sante\\\/#breadcrumb\"},\"inLanguage\":\"fr-FR\",\"potentialAction\":[{\"@type\":\"ReadAction\",\"target\":[\"https:\\\/\\\/lasentinelle.dz\\\/index.php\\\/2025\\\/06\\\/01\\\/aid-el-adha-la-mise-en-garde-du-ministere-de-la-sante\\\/\"]}]},{\"@type\":\"ImageObject\",\"inLanguage\":\"fr-FR\",\"@id\":\"https:\\\/\\\/lasentinelle.dz\\\/index.php\\\/2025\\\/06\\\/01\\\/aid-el-adha-la-mise-en-garde-du-ministere-de-la-sante\\\/#primaryimage\",\"url\":\"https:\\\/\\\/lasentinelle.dz\\\/wp-content\\\/uploads\\\/2022\\\/07\\\/Ministere-de-la-Sante.png\",\"contentUrl\":\"https:\\\/\\\/lasentinelle.dz\\\/wp-content\\\/uploads\\\/2022\\\/07\\\/Ministere-de-la-Sante.png\",\"width\":1599,\"height\":900},{\"@type\":\"BreadcrumbList\",\"@id\":\"https:\\\/\\\/lasentinelle.dz\\\/index.php\\\/2025\\\/06\\\/01\\\/aid-el-adha-la-mise-en-garde-du-ministere-de-la-sante\\\/#breadcrumb\",\"itemListElement\":[{\"@type\":\"ListItem\",\"position\":1,\"name\":\"Accueil\",\"item\":\"https:\\\/\\\/lasentinelle.dz\\\/\"},{\"@type\":\"ListItem\",\"position\":2,\"name\":\"Aid El Adha: La mise en garde du minist\u00e8re de la sant\u00e9\"}]},{\"@type\":\"WebSite\",\"@id\":\"https:\\\/\\\/lasentinelle.dz\\\/#website\",\"url\":\"https:\\\/\\\/lasentinelle.dz\\\/\",\"name\":\"La Sentinelle\",\"description\":\"Quotidien national d&#039;information\",\"publisher\":{\"@id\":\"https:\\\/\\\/lasentinelle.dz\\\/#organization\"},\"potentialAction\":[{\"@type\":\"SearchAction\",\"target\":{\"@type\":\"EntryPoint\",\"urlTemplate\":\"https:\\\/\\\/lasentinelle.dz\\\/?s={search_term_string}\"},\"query-input\":{\"@type\":\"PropertyValueSpecification\",\"valueRequired\":true,\"valueName\":\"search_term_string\"}}],\"inLanguage\":\"fr-FR\"},{\"@type\":\"Organization\",\"@id\":\"https:\\\/\\\/lasentinelle.dz\\\/#organization\",\"name\":\"Quotidien La Sentinelle\",\"url\":\"https:\\\/\\\/lasentinelle.dz\\\/\",\"logo\":{\"@type\":\"ImageObject\",\"inLanguage\":\"fr-FR\",\"@id\":\"https:\\\/\\\/lasentinelle.dz\\\/#\\\/schema\\\/logo\\\/image\\\/\",\"url\":\"https:\\\/\\\/lasentinelle.dz\\\/wp-content\\\/uploads\\\/2021\\\/09\\\/logo-sentinelleSLOGAN-1.png\",\"contentUrl\":\"https:\\\/\\\/lasentinelle.dz\\\/wp-content\\\/uploads\\\/2021\\\/09\\\/logo-sentinelleSLOGAN-1.png\",\"width\":615,\"height\":142,\"caption\":\"Quotidien La Sentinelle\"},\"image\":{\"@id\":\"https:\\\/\\\/lasentinelle.dz\\\/#\\\/schema\\\/logo\\\/image\\\/\"},\"sameAs\":[\"https:\\\/\\\/www.facebook.com\\\/La-Sentinelle-104059864394773\"]},{\"@type\":\"Person\",\"@id\":\"https:\\\/\\\/lasentinelle.dz\\\/#\\\/schema\\\/person\\\/729ee0024f24e0b8c5ec17232f8e8b41\",\"name\":\"admin\",\"image\":{\"@type\":\"ImageObject\",\"inLanguage\":\"fr-FR\",\"@id\":\"https:\\\/\\\/secure.gravatar.com\\\/avatar\\\/4c81fed838786e9b53f540bf46533e750f5d292099ae3b66cfc6fb1982e29df7?s=96&d=mm&r=g\",\"url\":\"https:\\\/\\\/secure.gravatar.com\\\/avatar\\\/4c81fed838786e9b53f540bf46533e750f5d292099ae3b66cfc6fb1982e29df7?s=96&d=mm&r=g\",\"contentUrl\":\"https:\\\/\\\/secure.gravatar.com\\\/avatar\\\/4c81fed838786e9b53f540bf46533e750f5d292099ae3b66cfc6fb1982e29df7?s=96&d=mm&r=g\",\"caption\":\"admin\"},\"description\":\"admin\",\"url\":\"https:\\\/\\\/lasentinelle.dz\\\/author\\\/admin\\\/\"}]}<\/script>\n<!-- \/ Yoast SEO plugin. -->","yoast_head_json":{"title":"Aid El Adha: La mise en garde du minist\u00e8re de la sant\u00e9 - La Sentinelle","robots":{"index":"index","follow":"follow","max-snippet":"max-snippet:-1","max-image-preview":"max-image-preview:large","max-video-preview":"max-video-preview:-1"},"canonical":"https:\/\/lasentinelle.dz\/index.php\/2025\/06\/01\/aid-el-adha-la-mise-en-garde-du-ministere-de-la-sante\/","og_locale":"fr_FR","og_type":"article","og_title":"Aid El Adha: La mise en garde du minist\u00e8re de la sant\u00e9 - La Sentinelle","og_description":"\u00c0 l&rsquo;approche de l&rsquo;A\u00efd El Adha, le minist\u00e8re de la Sant\u00e9 a lanc\u00e9 dimanche un appel pressant aux citoyens pour","og_url":"https:\/\/lasentinelle.dz\/index.php\/2025\/06\/01\/aid-el-adha-la-mise-en-garde-du-ministere-de-la-sante\/","og_site_name":"La Sentinelle","article_publisher":"https:\/\/www.facebook.com\/La-Sentinelle-104059864394773","article_published_time":"2025-06-01T19:59:08+00:00","og_image":[{"width":1599,"height":900,"url":"https:\/\/lasentinelle.dz\/wp-content\/uploads\/2022\/07\/Ministere-de-la-Sante.png","type":"image\/png"}],"author":"admin","twitter_card":"summary_large_image","twitter_misc":{"\u00c9crit par":"admin","Dur\u00e9e de lecture estim\u00e9e":"4 minutes"},"schema":{"@context":"https:\/\/schema.org","@graph":[{"@type":"Article","@id":"https:\/\/lasentinelle.dz\/index.php\/2025\/06\/01\/aid-el-adha-la-mise-en-garde-du-ministere-de-la-sante\/#article","isPartOf":{"@id":"https:\/\/lasentinelle.dz\/index.php\/2025\/06\/01\/aid-el-adha-la-mise-en-garde-du-ministere-de-la-sante\/"},"author":{"name":"admin","@id":"https:\/\/lasentinelle.dz\/#\/schema\/person\/729ee0024f24e0b8c5ec17232f8e8b41"},"headline":"Aid El Adha: La mise en garde du minist\u00e8re de la sant\u00e9","datePublished":"2025-06-01T19:59:08+00:00","mainEntityOfPage":{"@id":"https:\/\/lasentinelle.dz\/index.php\/2025\/06\/01\/aid-el-adha-la-mise-en-garde-du-ministere-de-la-sante\/"},"wordCount":724,"commentCount":0,"publisher":{"@id":"https:\/\/lasentinelle.dz\/#organization"},"image":{"@id":"https:\/\/lasentinelle.dz\/index.php\/2025\/06\/01\/aid-el-adha-la-mise-en-garde-du-ministere-de-la-sante\/#primaryimage"},"thumbnailUrl":"https:\/\/lasentinelle.dz\/wp-content\/uploads\/2022\/07\/Ministere-de-la-Sante.png","articleSection":["Actualit\u00e9"],"inLanguage":"fr-FR","potentialAction":[{"@type":"CommentAction","name":"Comment","target":["https:\/\/lasentinelle.dz\/index.php\/2025\/06\/01\/aid-el-adha-la-mise-en-garde-du-ministere-de-la-sante\/#respond"]}]},{"@type":"WebPage","@id":"https:\/\/lasentinelle.dz\/index.php\/2025\/06\/01\/aid-el-adha-la-mise-en-garde-du-ministere-de-la-sante\/","url":"https:\/\/lasentinelle.dz\/index.php\/2025\/06\/01\/aid-el-adha-la-mise-en-garde-du-ministere-de-la-sante\/","name":"Aid El Adha: La mise en garde du minist\u00e8re de la sant\u00e9 - La Sentinelle","isPartOf":{"@id":"https:\/\/lasentinelle.dz\/#website"},"primaryImageOfPage":{"@id":"https:\/\/lasentinelle.dz\/index.php\/2025\/06\/01\/aid-el-adha-la-mise-en-garde-du-ministere-de-la-sante\/#primaryimage"},"image":{"@id":"https:\/\/lasentinelle.dz\/index.php\/2025\/06\/01\/aid-el-adha-la-mise-en-garde-du-ministere-de-la-sante\/#primaryimage"},"thumbnailUrl":"https:\/\/lasentinelle.dz\/wp-content\/uploads\/2022\/07\/Ministere-de-la-Sante.png","datePublished":"2025-06-01T19:59:08+00:00","breadcrumb":{"@id":"https:\/\/lasentinelle.dz\/index.php\/2025\/06\/01\/aid-el-adha-la-mise-en-garde-du-ministere-de-la-sante\/#breadcrumb"},"inLanguage":"fr-FR","potentialAction":[{"@type":"ReadAction","target":["https:\/\/lasentinelle.dz\/index.php\/2025\/06\/01\/aid-el-adha-la-mise-en-garde-du-ministere-de-la-sante\/"]}]},{"@type":"ImageObject","inLanguage":"fr-FR","@id":"https:\/\/lasentinelle.dz\/index.php\/2025\/06\/01\/aid-el-adha-la-mise-en-garde-du-ministere-de-la-sante\/#primaryimage","url":"https:\/\/lasentinelle.dz\/wp-content\/uploads\/2022\/07\/Ministere-de-la-Sante.png","contentUrl":"https:\/\/lasentinelle.dz\/wp-content\/uploads\/2022\/07\/Ministere-de-la-Sante.png","width":1599,"height":900},{"@type":"BreadcrumbList","@id":"https:\/\/lasentinelle.dz\/index.php\/2025\/06\/01\/aid-el-adha-la-mise-en-garde-du-ministere-de-la-sante\/#breadcrumb","itemListElement":[{"@type":"ListItem","position":1,"name":"Accueil","item":"https:\/\/lasentinelle.dz\/"},{"@type":"ListItem","position":2,"name":"Aid El Adha: La mise en garde du minist\u00e8re de la sant\u00e9"}]},{"@type":"WebSite","@id":"https:\/\/lasentinelle.dz\/#website","url":"https:\/\/lasentinelle.dz\/","name":"La Sentinelle","description":"Quotidien national d&#039;information","publisher":{"@id":"https:\/\/lasentinelle.dz\/#organization"},"potentialAction":[{"@type":"SearchAction","target":{"@type":"EntryPoint","urlTemplate":"https:\/\/lasentinelle.dz\/?s={search_term_string}"},"query-input":{"@type":"PropertyValueSpecification","valueRequired":true,"valueName":"search_term_string"}}],"inLanguage":"fr-FR"},{"@type":"Organization","@id":"https:\/\/lasentinelle.dz\/#organization","name":"Quotidien La Sentinelle","url":"https:\/\/lasentinelle.dz\/","logo":{"@type":"ImageObject","inLanguage":"fr-FR","@id":"https:\/\/lasentinelle.dz\/#\/schema\/logo\/image\/","url":"https:\/\/lasentinelle.dz\/wp-content\/uploads\/2021\/09\/logo-sentinelleSLOGAN-1.png","contentUrl":"https:\/\/lasentinelle.dz\/wp-content\/uploads\/2021\/09\/logo-sentinelleSLOGAN-1.png","width":615,"height":142,"caption":"Quotidien La Sentinelle"},"image":{"@id":"https:\/\/lasentinelle.dz\/#\/schema\/logo\/image\/"},"sameAs":["https:\/\/www.facebook.com\/La-Sentinelle-104059864394773"]},{"@type":"Person","@id":"https:\/\/lasentinelle.dz\/#\/schema\/person\/729ee0024f24e0b8c5ec17232f8e8b41","name":"admin","image":{"@type":"ImageObject","inLanguage":"fr-FR","@id":"https:\/\/secure.gravatar.com\/avatar\/4c81fed838786e9b53f540bf46533e750f5d292099ae3b66cfc6fb1982e29df7?s=96&d=mm&r=g","url":"https:\/\/secure.gravatar.com\/avatar\/4c81fed838786e9b53f540bf46533e750f5d292099ae3b66cfc6fb1982e29df7?s=96&d=mm&r=g","contentUrl":"https:\/\/secure.gravatar.com\/avatar\/4c81fed838786e9b53f540bf46533e750f5d292099ae3b66cfc6fb1982e29df7?s=96&d=mm&r=g","caption":"admin"},"description":"admin","url":"https:\/\/lasentinelle.dz\/author\/admin\/"}]}},"_links":{"self":[{"href":"https:\/\/lasentinelle.dz\/index.php\/wp-json\/wp\/v2\/posts\/68313","targetHints":{"allow":["GET"]}}],"collection":[{"href":"https:\/\/lasentinelle.dz\/index.php\/wp-json\/wp\/v2\/posts"}],"about":[{"href":"https:\/\/lasentinelle.dz\/index.php\/wp-json\/wp\/v2\/types\/post"}],"author":[{"embeddable":true,"href":"https:\/\/lasentinelle.dz\/index.php\/wp-json\/wp\/v2\/users\/6"}],"replies":[{"embeddable":true,"href":"https:\/\/lasentinelle.dz\/index.php\/wp-json\/wp\/v2\/comments?post=68313"}],"version-history":[{"count":1,"href":"https:\/\/lasentinelle.dz\/index.php\/wp-json\/wp\/v2\/posts\/68313\/revisions"}],"predecessor-version":[{"id":68314,"href":"https:\/\/lasentinelle.dz\/index.php\/wp-json\/wp\/v2\/posts\/68313\/revisions\/68314"}],"wp:featuredmedia":[{"embeddable":true,"href":"https:\/\/lasentinelle.dz\/index.php\/wp-json\/wp\/v2\/media\/24482"}],"wp:attachment":[{"href":"https:\/\/lasentinelle.dz\/index.php\/wp-json\/wp\/v2\/media?parent=68313"}],"wp:term":[{"taxonomy":"category","embeddable":true,"href":"https:\/\/lasentinelle.dz\/index.php\/wp-json\/wp\/v2\/categories?post=68313"},{"taxonomy":"post_tag","embeddable":true,"href":"https:\/\/lasentinelle.dz\/index.php\/wp-json\/wp\/v2\/tags?post=68313"}],"curies":[{"name":"wp","href":"https:\/\/api.w.org\/{rel}","templated":true}]}}