{"id":68315,"date":"2025-06-01T20:59:44","date_gmt":"2025-06-01T19:59:44","guid":{"rendered":"https:\/\/lasentinelle.dz\/?p=68315"},"modified":"2025-06-01T20:59:45","modified_gmt":"2025-06-01T19:59:45","slug":"lutte-contre-les-incendies-12-bombardiers-deau-mobilises","status":"publish","type":"post","link":"https:\/\/lasentinelle.dz\/index.php\/2025\/06\/01\/lutte-contre-les-incendies-12-bombardiers-deau-mobilises\/","title":{"rendered":"Lutte contre les incendies : 12 bombardiers d&rsquo;eau mobilis\u00e9s !"},"content":{"rendered":"\n<p>Le dispositif a\u00e9rien de lutte contre les feux de for\u00eats pour la saison estivale 2025 est effectif depuis ce dimanche. Un dispositif qui s&rsquo;appuie sur 12 avions bombardiers d&rsquo;eau, six h\u00e9licopt\u00e8res et deux avions de reconnaissance. Ce d\u00e9ploiement d&rsquo;envergure t\u00e9moigne de l&rsquo;engagement des autorit\u00e9s \u00e0 renforcer significativement les moyens de lutte contre les incendies de for\u00eats qui menacent chaque \u00e9t\u00e9 le patrimoine forestier national.<\/p>\n\n\n\n<p>Le ministre de l&rsquo;Int\u00e9rieur, des Collectivit\u00e9s locales et de l&rsquo;Am\u00e9nagement du territoire, Brahim Merad, a supervis\u00e9 dimanche la mise en service des moyens a\u00e9riens de lutte contre les incendies de for\u00eats pour la saison estivale 2025. Cette c\u00e9r\u00e9monie s&rsquo;est d\u00e9roul\u00e9e en pr\u00e9sence du Directeur g\u00e9n\u00e9ral de la Protection civile, le Colonel Boualam Boughelaf, du Directeur g\u00e9n\u00e9ral de la S\u00fbret\u00e9 nationale, du Directeur g\u00e9n\u00e9ral de Sonatrach et du Directeur g\u00e9n\u00e9ral de la compagnie a\u00e9rienne Tassili Airlines. Cette mobilisation exceptionnelle s&rsquo;inscrit dans le cadre de la strat\u00e9gie nationale de pr\u00e9vention et de lutte contre les incendies de for\u00eats, une priorit\u00e9 gouvernementale face aux d\u00e9fis climatiques croissants. Le dispositif a\u00e9rien d\u00e9ploy\u00e9 cette ann\u00e9e repr\u00e9sente un arsenal impressionnant compos\u00e9 de douze bombardiers d&rsquo;eau de type AT 802 affr\u00e9t\u00e9s par la Protection civile, six h\u00e9licopt\u00e8res et deux avions de reconnaissance appartenant \u00e0 la Direction g\u00e9n\u00e9rale de la Protection civile.<\/p>\n\n\n\n<p>Cette flotte sera compl\u00e9t\u00e9e par des moyens a\u00e9riens de grande capacit\u00e9 de l&rsquo;Arm\u00e9e nationale populaire, tous \u00ab\u00a0plac\u00e9s en alerte pour assurer une surveillance constante et des interventions rapides sur l&rsquo;ensemble du territoire national\u00a0\u00bb, selon les termes du communiqu\u00e9 de la Direction g\u00e9n\u00e9rale de la Protection civile.<\/p>\n\n\n\n<p>Pour garantir une couverture op\u00e9rationnelle optimale du territoire, les bombardiers d&rsquo;eau seront strat\u00e9giquement r\u00e9partis sur quatre bases a\u00e9riennes cl\u00e9s : l&rsquo;a\u00e9roport d&rsquo;Alger, celui de Mostaganem, l&rsquo;a\u00e9roport de B\u00e9ja\u00efa et celui d&rsquo;Annaba. Toutefois, la Protection civile pr\u00e9cise que \u00ab\u00a0cette r\u00e9partition peut faire l&rsquo;objet de changements pour r\u00e9pondre aux besoins op\u00e9rationnels\u00a0\u00bb, permettant ainsi une flexibilit\u00e9 d&rsquo;intervention selon l&rsquo;\u00e9volution de la situation sur le terrain.<\/p>\n\n\n\n<p>Cette ann\u00e9e marque une \u00e9volution notable avec l&rsquo;int\u00e9gration d&rsquo;innovations techniques majeures, notamment \u00ab\u00a0l&rsquo;utilisation de technologies avanc\u00e9es de surveillance et de d\u00e9tection pr\u00e9coce des incendies, incluant des drones\u00a0\u00bb, ce qui renforce consid\u00e9rablement l&rsquo;efficacit\u00e9 et l&rsquo;efficience des interventions a\u00e9riennes et terrestres.<\/p>\n\n\n\n<p>Ce d\u00e9ploiement technique permettra \u00ab\u00a0d&rsquo;assurer une surveillance constante et une r\u00e9ponse rapide face \u00e0 tout d\u00e9part de feu\u00a0\u00bb, souligne le communiqu\u00e9. L&rsquo;efficacit\u00e9 du dispositif repose sur la coordination \u00e9troite entre les \u00e9quipes au sol et les moyens a\u00e9riens, une synergie qui permet de \u00ab\u00a0r\u00e9duire significativement les risques de propagation, assurer la s\u00e9curisation des zones habit\u00e9es et de limiter les dommages environnementaux\u00a0\u00bb.<\/p>\n\n\n\n<p>Les a\u00e9ronefs de reconnaissance jouent un r\u00f4le crucial dans cette strat\u00e9gie globale en permettant \u00ab\u00a0une d\u00e9tection pr\u00e9coce des incendies et un d\u00e9ploiement rapide des moyens de secours terrestres et a\u00e9riens\u00a0\u00bb. Quant aux bombardiers d&rsquo;eau de grande capacit\u00e9, ils \u00ab\u00a0viennent en appui pour contenir et \u00e9teindre les feux les plus intenses et en particulier ceux inaccessibles aux moyens terrestres\u00a0\u00bb, constituant ainsi la force de frappe ultime contre les incendies les plus redoutables.<\/p>\n\n\n\n<p>La Direction g\u00e9n\u00e9rale de la Protection civile rappelle que ce dispositif a\u00e9rien s&rsquo;inscrit dans une \u00ab\u00a0d\u00e9marche proactive\u00a0\u00bb et constitue \u00ab\u00a0une composante essentielle de la strat\u00e9gie de pr\u00e9vention et de lutte contre les incendies\u00a0\u00bb. Les r\u00e9sultats de l&rsquo;ann\u00e9e pr\u00e9c\u00e9dente t\u00e9moignent de l&rsquo;efficacit\u00e9 de cette approche, avec 746 largages d&rsquo;eau effectu\u00e9s par les secours a\u00e9riens, contribuant ainsi efficacement \u00e0 l&rsquo;extinction de plusieurs foyers d&rsquo;incendies.<\/p>\n\n\n\n<p>La Direction g\u00e9n\u00e9rale de la Protection civile renouvelle son engagement \u00e0 mobiliser tous les moyens disponibles pour prot\u00e9ger les citoyens et pr\u00e9server le patrimoine forestier. Forte de \u00ab\u00a0l&rsquo;appui constant des pouvoirs publics\u00a0\u00bb, elle r\u00e9affirme sa d\u00e9termination \u00e0 \u00ab\u00a0mettre tous les moyens n\u00e9cessaires en \u0153uvre pour garantir la s\u00e9curit\u00e9 des citoyens et pr\u00e9server notre patrimoine forestier\u00a0\u00bb.<\/p>\n\n\n\n<p>Chokri Hafed<\/p>\n","protected":false},"excerpt":{"rendered":"<p>Le dispositif a\u00e9rien de lutte contre les feux de for\u00eats pour la saison estivale 2025 est effectif depuis ce dimanche.<\/p>\n","protected":false},"author":6,"featured_media":68316,"comment_status":"open","ping_status":"closed","sticky":false,"template":"","format":"standard","meta":{"colormag_page_container_layout":"default_layout","colormag_page_sidebar_layout":"default_layout","om_disable_all_campaigns":false,"_monsterinsights_skip_tracking":false,"_monsterinsights_sitenote_active":false,"_monsterinsights_sitenote_note":"","_monsterinsights_sitenote_category":0,"footnotes":"","_wpscppro_dont_share_socialmedia":false,"_wpscppro_custom_social_share_image":0,"_facebook_share_type":"default","_twitter_share_type":"default","_linkedin_share_type":"default","_pinterest_share_type":"default","_linkedin_share_type_page":"","_instagram_share_type":"default","_medium_share_type":"default","_threads_share_type":"","_google_business_share_type":"","_selected_social_profile":[],"_wpsp_enable_custom_social_template":false,"_wpsp_social_scheduling":{"enabled":false,"datetime":null,"platforms":[],"status":"template_only","dateOption":"today","timeOption":"now","customDays":"","customHours":"","customDate":"","customTime":"","schedulingType":"absolute"},"_wpsp_active_default_template":true},"categories":[52,27],"tags":[],"class_list":["post-68315","post","type-post","status-publish","format-standard","has-post-thumbnail","hentry","category-a-la-une","category-actualite"],"aioseo_notices":[],"yoast_head":"<!-- This site is optimized with the Yoast SEO plugin v27.5 - https:\/\/yoast.com\/product\/yoast-seo-wordpress\/ -->\n<title>Lutte contre les incendies : 12 bombardiers d&rsquo;eau mobilis\u00e9s ! - La Sentinelle<\/title>\n<meta name=\"robots\" content=\"index, follow, max-snippet:-1, max-image-preview:large, max-video-preview:-1\" \/>\n<link rel=\"canonical\" href=\"https:\/\/lasentinelle.dz\/index.php\/2025\/06\/01\/lutte-contre-les-incendies-12-bombardiers-deau-mobilises\/\" \/>\n<meta property=\"og:locale\" content=\"fr_FR\" \/>\n<meta property=\"og:type\" content=\"article\" \/>\n<meta property=\"og:title\" content=\"Lutte contre les incendies : 12 bombardiers d&rsquo;eau mobilis\u00e9s ! - La Sentinelle\" \/>\n<meta property=\"og:description\" content=\"Le dispositif a\u00e9rien de lutte contre les feux de for\u00eats pour la saison estivale 2025 est effectif depuis ce dimanche.\" \/>\n<meta property=\"og:url\" content=\"https:\/\/lasentinelle.dz\/index.php\/2025\/06\/01\/lutte-contre-les-incendies-12-bombardiers-deau-mobilises\/\" \/>\n<meta property=\"og:site_name\" content=\"La Sentinelle\" \/>\n<meta property=\"article:publisher\" content=\"https:\/\/www.facebook.com\/La-Sentinelle-104059864394773\" \/>\n<meta property=\"article:published_time\" content=\"2025-06-01T19:59:44+00:00\" \/>\n<meta property=\"article:modified_time\" content=\"2025-06-01T19:59:45+00:00\" \/>\n<meta property=\"og:image\" content=\"https:\/\/lasentinelle.dz\/wp-content\/uploads\/2025\/06\/avions.jpg\" \/>\n\t<meta property=\"og:image:width\" content=\"2048\" \/>\n\t<meta property=\"og:image:height\" content=\"1365\" \/>\n\t<meta property=\"og:image:type\" content=\"image\/jpeg\" \/>\n<meta name=\"author\" content=\"admin\" \/>\n<meta name=\"twitter:card\" content=\"summary_large_image\" \/>\n<meta name=\"twitter:label1\" content=\"\u00c9crit par\" \/>\n\t<meta name=\"twitter:data1\" content=\"admin\" \/>\n\t<meta name=\"twitter:label2\" content=\"Dur\u00e9e de lecture estim\u00e9e\" \/>\n\t<meta name=\"twitter:data2\" content=\"4 minutes\" \/>\n<script type=\"application\/ld+json\" class=\"yoast-schema-graph\">{\"@context\":\"https:\\\/\\\/schema.org\",\"@graph\":[{\"@type\":\"Article\",\"@id\":\"https:\\\/\\\/lasentinelle.dz\\\/index.php\\\/2025\\\/06\\\/01\\\/lutte-contre-les-incendies-12-bombardiers-deau-mobilises\\\/#article\",\"isPartOf\":{\"@id\":\"https:\\\/\\\/lasentinelle.dz\\\/index.php\\\/2025\\\/06\\\/01\\\/lutte-contre-les-incendies-12-bombardiers-deau-mobilises\\\/\"},\"author\":{\"name\":\"admin\",\"@id\":\"https:\\\/\\\/lasentinelle.dz\\\/#\\\/schema\\\/person\\\/729ee0024f24e0b8c5ec17232f8e8b41\"},\"headline\":\"Lutte contre les incendies : 12 bombardiers d&rsquo;eau mobilis\u00e9s !\",\"datePublished\":\"2025-06-01T19:59:44+00:00\",\"dateModified\":\"2025-06-01T19:59:45+00:00\",\"mainEntityOfPage\":{\"@id\":\"https:\\\/\\\/lasentinelle.dz\\\/index.php\\\/2025\\\/06\\\/01\\\/lutte-contre-les-incendies-12-bombardiers-deau-mobilises\\\/\"},\"wordCount\":743,\"commentCount\":0,\"publisher\":{\"@id\":\"https:\\\/\\\/lasentinelle.dz\\\/#organization\"},\"image\":{\"@id\":\"https:\\\/\\\/lasentinelle.dz\\\/index.php\\\/2025\\\/06\\\/01\\\/lutte-contre-les-incendies-12-bombardiers-deau-mobilises\\\/#primaryimage\"},\"thumbnailUrl\":\"https:\\\/\\\/lasentinelle.dz\\\/wp-content\\\/uploads\\\/2025\\\/06\\\/avions.jpg\",\"articleSection\":[\"\u00c0 la Une\",\"Actualit\u00e9\"],\"inLanguage\":\"fr-FR\",\"potentialAction\":[{\"@type\":\"CommentAction\",\"name\":\"Comment\",\"target\":[\"https:\\\/\\\/lasentinelle.dz\\\/index.php\\\/2025\\\/06\\\/01\\\/lutte-contre-les-incendies-12-bombardiers-deau-mobilises\\\/#respond\"]}]},{\"@type\":\"WebPage\",\"@id\":\"https:\\\/\\\/lasentinelle.dz\\\/index.php\\\/2025\\\/06\\\/01\\\/lutte-contre-les-incendies-12-bombardiers-deau-mobilises\\\/\",\"url\":\"https:\\\/\\\/lasentinelle.dz\\\/index.php\\\/2025\\\/06\\\/01\\\/lutte-contre-les-incendies-12-bombardiers-deau-mobilises\\\/\",\"name\":\"Lutte contre les incendies : 12 bombardiers d&rsquo;eau mobilis\u00e9s ! - La Sentinelle\",\"isPartOf\":{\"@id\":\"https:\\\/\\\/lasentinelle.dz\\\/#website\"},\"primaryImageOfPage\":{\"@id\":\"https:\\\/\\\/lasentinelle.dz\\\/index.php\\\/2025\\\/06\\\/01\\\/lutte-contre-les-incendies-12-bombardiers-deau-mobilises\\\/#primaryimage\"},\"image\":{\"@id\":\"https:\\\/\\\/lasentinelle.dz\\\/index.php\\\/2025\\\/06\\\/01\\\/lutte-contre-les-incendies-12-bombardiers-deau-mobilises\\\/#primaryimage\"},\"thumbnailUrl\":\"https:\\\/\\\/lasentinelle.dz\\\/wp-content\\\/uploads\\\/2025\\\/06\\\/avions.jpg\",\"datePublished\":\"2025-06-01T19:59:44+00:00\",\"dateModified\":\"2025-06-01T19:59:45+00:00\",\"breadcrumb\":{\"@id\":\"https:\\\/\\\/lasentinelle.dz\\\/index.php\\\/2025\\\/06\\\/01\\\/lutte-contre-les-incendies-12-bombardiers-deau-mobilises\\\/#breadcrumb\"},\"inLanguage\":\"fr-FR\",\"potentialAction\":[{\"@type\":\"ReadAction\",\"target\":[\"https:\\\/\\\/lasentinelle.dz\\\/index.php\\\/2025\\\/06\\\/01\\\/lutte-contre-les-incendies-12-bombardiers-deau-mobilises\\\/\"]}]},{\"@type\":\"ImageObject\",\"inLanguage\":\"fr-FR\",\"@id\":\"https:\\\/\\\/lasentinelle.dz\\\/index.php\\\/2025\\\/06\\\/01\\\/lutte-contre-les-incendies-12-bombardiers-deau-mobilises\\\/#primaryimage\",\"url\":\"https:\\\/\\\/lasentinelle.dz\\\/wp-content\\\/uploads\\\/2025\\\/06\\\/avions.jpg\",\"contentUrl\":\"https:\\\/\\\/lasentinelle.dz\\\/wp-content\\\/uploads\\\/2025\\\/06\\\/avions.jpg\",\"width\":2048,\"height\":1365},{\"@type\":\"BreadcrumbList\",\"@id\":\"https:\\\/\\\/lasentinelle.dz\\\/index.php\\\/2025\\\/06\\\/01\\\/lutte-contre-les-incendies-12-bombardiers-deau-mobilises\\\/#breadcrumb\",\"itemListElement\":[{\"@type\":\"ListItem\",\"position\":1,\"name\":\"Accueil\",\"item\":\"https:\\\/\\\/lasentinelle.dz\\\/\"},{\"@type\":\"ListItem\",\"position\":2,\"name\":\"Lutte contre les incendies : 12 bombardiers d&rsquo;eau mobilis\u00e9s !\"}]},{\"@type\":\"WebSite\",\"@id\":\"https:\\\/\\\/lasentinelle.dz\\\/#website\",\"url\":\"https:\\\/\\\/lasentinelle.dz\\\/\",\"name\":\"La Sentinelle\",\"description\":\"Quotidien national d&#039;information\",\"publisher\":{\"@id\":\"https:\\\/\\\/lasentinelle.dz\\\/#organization\"},\"potentialAction\":[{\"@type\":\"SearchAction\",\"target\":{\"@type\":\"EntryPoint\",\"urlTemplate\":\"https:\\\/\\\/lasentinelle.dz\\\/?s={search_term_string}\"},\"query-input\":{\"@type\":\"PropertyValueSpecification\",\"valueRequired\":true,\"valueName\":\"search_term_string\"}}],\"inLanguage\":\"fr-FR\"},{\"@type\":\"Organization\",\"@id\":\"https:\\\/\\\/lasentinelle.dz\\\/#organization\",\"name\":\"Quotidien La Sentinelle\",\"url\":\"https:\\\/\\\/lasentinelle.dz\\\/\",\"logo\":{\"@type\":\"ImageObject\",\"inLanguage\":\"fr-FR\",\"@id\":\"https:\\\/\\\/lasentinelle.dz\\\/#\\\/schema\\\/logo\\\/image\\\/\",\"url\":\"https:\\\/\\\/lasentinelle.dz\\\/wp-content\\\/uploads\\\/2021\\\/09\\\/logo-sentinelleSLOGAN-1.png\",\"contentUrl\":\"https:\\\/\\\/lasentinelle.dz\\\/wp-content\\\/uploads\\\/2021\\\/09\\\/logo-sentinelleSLOGAN-1.png\",\"width\":615,\"height\":142,\"caption\":\"Quotidien La Sentinelle\"},\"image\":{\"@id\":\"https:\\\/\\\/lasentinelle.dz\\\/#\\\/schema\\\/logo\\\/image\\\/\"},\"sameAs\":[\"https:\\\/\\\/www.facebook.com\\\/La-Sentinelle-104059864394773\"]},{\"@type\":\"Person\",\"@id\":\"https:\\\/\\\/lasentinelle.dz\\\/#\\\/schema\\\/person\\\/729ee0024f24e0b8c5ec17232f8e8b41\",\"name\":\"admin\",\"image\":{\"@type\":\"ImageObject\",\"inLanguage\":\"fr-FR\",\"@id\":\"https:\\\/\\\/secure.gravatar.com\\\/avatar\\\/4c81fed838786e9b53f540bf46533e750f5d292099ae3b66cfc6fb1982e29df7?s=96&d=mm&r=g\",\"url\":\"https:\\\/\\\/secure.gravatar.com\\\/avatar\\\/4c81fed838786e9b53f540bf46533e750f5d292099ae3b66cfc6fb1982e29df7?s=96&d=mm&r=g\",\"contentUrl\":\"https:\\\/\\\/secure.gravatar.com\\\/avatar\\\/4c81fed838786e9b53f540bf46533e750f5d292099ae3b66cfc6fb1982e29df7?s=96&d=mm&r=g\",\"caption\":\"admin\"},\"description\":\"admin\",\"url\":\"https:\\\/\\\/lasentinelle.dz\\\/author\\\/admin\\\/\"}]}<\/script>\n<!-- \/ Yoast SEO plugin. -->","yoast_head_json":{"title":"Lutte contre les incendies : 12 bombardiers d&rsquo;eau mobilis\u00e9s ! - La Sentinelle","robots":{"index":"index","follow":"follow","max-snippet":"max-snippet:-1","max-image-preview":"max-image-preview:large","max-video-preview":"max-video-preview:-1"},"canonical":"https:\/\/lasentinelle.dz\/index.php\/2025\/06\/01\/lutte-contre-les-incendies-12-bombardiers-deau-mobilises\/","og_locale":"fr_FR","og_type":"article","og_title":"Lutte contre les incendies : 12 bombardiers d&rsquo;eau mobilis\u00e9s ! - La Sentinelle","og_description":"Le dispositif a\u00e9rien de lutte contre les feux de for\u00eats pour la saison estivale 2025 est effectif depuis ce dimanche.","og_url":"https:\/\/lasentinelle.dz\/index.php\/2025\/06\/01\/lutte-contre-les-incendies-12-bombardiers-deau-mobilises\/","og_site_name":"La Sentinelle","article_publisher":"https:\/\/www.facebook.com\/La-Sentinelle-104059864394773","article_published_time":"2025-06-01T19:59:44+00:00","article_modified_time":"2025-06-01T19:59:45+00:00","og_image":[{"width":2048,"height":1365,"url":"https:\/\/lasentinelle.dz\/wp-content\/uploads\/2025\/06\/avions.jpg","type":"image\/jpeg"}],"author":"admin","twitter_card":"summary_large_image","twitter_misc":{"\u00c9crit par":"admin","Dur\u00e9e de lecture estim\u00e9e":"4 minutes"},"schema":{"@context":"https:\/\/schema.org","@graph":[{"@type":"Article","@id":"https:\/\/lasentinelle.dz\/index.php\/2025\/06\/01\/lutte-contre-les-incendies-12-bombardiers-deau-mobilises\/#article","isPartOf":{"@id":"https:\/\/lasentinelle.dz\/index.php\/2025\/06\/01\/lutte-contre-les-incendies-12-bombardiers-deau-mobilises\/"},"author":{"name":"admin","@id":"https:\/\/lasentinelle.dz\/#\/schema\/person\/729ee0024f24e0b8c5ec17232f8e8b41"},"headline":"Lutte contre les incendies : 12 bombardiers d&rsquo;eau mobilis\u00e9s !","datePublished":"2025-06-01T19:59:44+00:00","dateModified":"2025-06-01T19:59:45+00:00","mainEntityOfPage":{"@id":"https:\/\/lasentinelle.dz\/index.php\/2025\/06\/01\/lutte-contre-les-incendies-12-bombardiers-deau-mobilises\/"},"wordCount":743,"commentCount":0,"publisher":{"@id":"https:\/\/lasentinelle.dz\/#organization"},"image":{"@id":"https:\/\/lasentinelle.dz\/index.php\/2025\/06\/01\/lutte-contre-les-incendies-12-bombardiers-deau-mobilises\/#primaryimage"},"thumbnailUrl":"https:\/\/lasentinelle.dz\/wp-content\/uploads\/2025\/06\/avions.jpg","articleSection":["\u00c0 la Une","Actualit\u00e9"],"inLanguage":"fr-FR","potentialAction":[{"@type":"CommentAction","name":"Comment","target":["https:\/\/lasentinelle.dz\/index.php\/2025\/06\/01\/lutte-contre-les-incendies-12-bombardiers-deau-mobilises\/#respond"]}]},{"@type":"WebPage","@id":"https:\/\/lasentinelle.dz\/index.php\/2025\/06\/01\/lutte-contre-les-incendies-12-bombardiers-deau-mobilises\/","url":"https:\/\/lasentinelle.dz\/index.php\/2025\/06\/01\/lutte-contre-les-incendies-12-bombardiers-deau-mobilises\/","name":"Lutte contre les incendies : 12 bombardiers d&rsquo;eau mobilis\u00e9s ! - La Sentinelle","isPartOf":{"@id":"https:\/\/lasentinelle.dz\/#website"},"primaryImageOfPage":{"@id":"https:\/\/lasentinelle.dz\/index.php\/2025\/06\/01\/lutte-contre-les-incendies-12-bombardiers-deau-mobilises\/#primaryimage"},"image":{"@id":"https:\/\/lasentinelle.dz\/index.php\/2025\/06\/01\/lutte-contre-les-incendies-12-bombardiers-deau-mobilises\/#primaryimage"},"thumbnailUrl":"https:\/\/lasentinelle.dz\/wp-content\/uploads\/2025\/06\/avions.jpg","datePublished":"2025-06-01T19:59:44+00:00","dateModified":"2025-06-01T19:59:45+00:00","breadcrumb":{"@id":"https:\/\/lasentinelle.dz\/index.php\/2025\/06\/01\/lutte-contre-les-incendies-12-bombardiers-deau-mobilises\/#breadcrumb"},"inLanguage":"fr-FR","potentialAction":[{"@type":"ReadAction","target":["https:\/\/lasentinelle.dz\/index.php\/2025\/06\/01\/lutte-contre-les-incendies-12-bombardiers-deau-mobilises\/"]}]},{"@type":"ImageObject","inLanguage":"fr-FR","@id":"https:\/\/lasentinelle.dz\/index.php\/2025\/06\/01\/lutte-contre-les-incendies-12-bombardiers-deau-mobilises\/#primaryimage","url":"https:\/\/lasentinelle.dz\/wp-content\/uploads\/2025\/06\/avions.jpg","contentUrl":"https:\/\/lasentinelle.dz\/wp-content\/uploads\/2025\/06\/avions.jpg","width":2048,"height":1365},{"@type":"BreadcrumbList","@id":"https:\/\/lasentinelle.dz\/index.php\/2025\/06\/01\/lutte-contre-les-incendies-12-bombardiers-deau-mobilises\/#breadcrumb","itemListElement":[{"@type":"ListItem","position":1,"name":"Accueil","item":"https:\/\/lasentinelle.dz\/"},{"@type":"ListItem","position":2,"name":"Lutte contre les incendies : 12 bombardiers d&rsquo;eau mobilis\u00e9s !"}]},{"@type":"WebSite","@id":"https:\/\/lasentinelle.dz\/#website","url":"https:\/\/lasentinelle.dz\/","name":"La Sentinelle","description":"Quotidien national d&#039;information","publisher":{"@id":"https:\/\/lasentinelle.dz\/#organization"},"potentialAction":[{"@type":"SearchAction","target":{"@type":"EntryPoint","urlTemplate":"https:\/\/lasentinelle.dz\/?s={search_term_string}"},"query-input":{"@type":"PropertyValueSpecification","valueRequired":true,"valueName":"search_term_string"}}],"inLanguage":"fr-FR"},{"@type":"Organization","@id":"https:\/\/lasentinelle.dz\/#organization","name":"Quotidien La Sentinelle","url":"https:\/\/lasentinelle.dz\/","logo":{"@type":"ImageObject","inLanguage":"fr-FR","@id":"https:\/\/lasentinelle.dz\/#\/schema\/logo\/image\/","url":"https:\/\/lasentinelle.dz\/wp-content\/uploads\/2021\/09\/logo-sentinelleSLOGAN-1.png","contentUrl":"https:\/\/lasentinelle.dz\/wp-content\/uploads\/2021\/09\/logo-sentinelleSLOGAN-1.png","width":615,"height":142,"caption":"Quotidien La Sentinelle"},"image":{"@id":"https:\/\/lasentinelle.dz\/#\/schema\/logo\/image\/"},"sameAs":["https:\/\/www.facebook.com\/La-Sentinelle-104059864394773"]},{"@type":"Person","@id":"https:\/\/lasentinelle.dz\/#\/schema\/person\/729ee0024f24e0b8c5ec17232f8e8b41","name":"admin","image":{"@type":"ImageObject","inLanguage":"fr-FR","@id":"https:\/\/secure.gravatar.com\/avatar\/4c81fed838786e9b53f540bf46533e750f5d292099ae3b66cfc6fb1982e29df7?s=96&d=mm&r=g","url":"https:\/\/secure.gravatar.com\/avatar\/4c81fed838786e9b53f540bf46533e750f5d292099ae3b66cfc6fb1982e29df7?s=96&d=mm&r=g","contentUrl":"https:\/\/secure.gravatar.com\/avatar\/4c81fed838786e9b53f540bf46533e750f5d292099ae3b66cfc6fb1982e29df7?s=96&d=mm&r=g","caption":"admin"},"description":"admin","url":"https:\/\/lasentinelle.dz\/author\/admin\/"}]}},"_links":{"self":[{"href":"https:\/\/lasentinelle.dz\/index.php\/wp-json\/wp\/v2\/posts\/68315","targetHints":{"allow":["GET"]}}],"collection":[{"href":"https:\/\/lasentinelle.dz\/index.php\/wp-json\/wp\/v2\/posts"}],"about":[{"href":"https:\/\/lasentinelle.dz\/index.php\/wp-json\/wp\/v2\/types\/post"}],"author":[{"embeddable":true,"href":"https:\/\/lasentinelle.dz\/index.php\/wp-json\/wp\/v2\/users\/6"}],"replies":[{"embeddable":true,"href":"https:\/\/lasentinelle.dz\/index.php\/wp-json\/wp\/v2\/comments?post=68315"}],"version-history":[{"count":2,"href":"https:\/\/lasentinelle.dz\/index.php\/wp-json\/wp\/v2\/posts\/68315\/revisions"}],"predecessor-version":[{"id":68318,"href":"https:\/\/lasentinelle.dz\/index.php\/wp-json\/wp\/v2\/posts\/68315\/revisions\/68318"}],"wp:featuredmedia":[{"embeddable":true,"href":"https:\/\/lasentinelle.dz\/index.php\/wp-json\/wp\/v2\/media\/68316"}],"wp:attachment":[{"href":"https:\/\/lasentinelle.dz\/index.php\/wp-json\/wp\/v2\/media?parent=68315"}],"wp:term":[{"taxonomy":"category","embeddable":true,"href":"https:\/\/lasentinelle.dz\/index.php\/wp-json\/wp\/v2\/categories?post=68315"},{"taxonomy":"post_tag","embeddable":true,"href":"https:\/\/lasentinelle.dz\/index.php\/wp-json\/wp\/v2\/tags?post=68315"}],"curies":[{"name":"wp","href":"https:\/\/api.w.org\/{rel}","templated":true}]}}