{"id":68322,"date":"2025-06-01T21:02:23","date_gmt":"2025-06-01T20:02:23","guid":{"rendered":"https:\/\/lasentinelle.dz\/?p=68322"},"modified":"2025-06-01T21:02:24","modified_gmt":"2025-06-01T20:02:24","slug":"saadaoui-donne-le-coup-denvoi-des-epreuves-du-bem-la-numerisation-cle-de-voute-de-la-reforme-educative","status":"publish","type":"post","link":"https:\/\/lasentinelle.dz\/index.php\/2025\/06\/01\/saadaoui-donne-le-coup-denvoi-des-epreuves-du-bem-la-numerisation-cle-de-voute-de-la-reforme-educative\/","title":{"rendered":"Saadaoui donne le coup d&rsquo;envoi des \u00e9preuves du BEM: La num\u00e9risation, cl\u00e9 de vo\u00fbte de la r\u00e9forme \u00e9ducative"},"content":{"rendered":"\n<p>Plus de 826 000 candidats ont entam\u00e9 dimanche leurs \u00e9preuves du Brevet d&rsquo;enseignement moyen en pleine r\u00e9forme \u00e9ducative.<\/p>\n\n\n\n<p>Depuis Gharda\u00efa, le ministre de l&rsquo;\u00c9ducation nationale Mohamed Seghir Sa\u00e2daoui a donn\u00e9 le coup d&rsquo;envoi de l&rsquo;examen du BEM. Une session 2025 qui s&rsquo;inscrit dans une d\u00e9marche plus large de modernisation o\u00f9 la technologie devient l&rsquo;outil central d&rsquo;une \u00e9cole repens\u00e9e pour l&rsquo;\u00e9galit\u00e9 des chances. Accompagn\u00e9 du wali de Gharda\u00efa Abdallah Abi Nouar, le ministre a proc\u00e9d\u00e9 \u00e0 l&rsquo;ouverture des plis de l&rsquo;\u00e9preuve de langue arabe au niveau du coll\u00e8ge Mohamed Boudiaf. La num\u00e9risation, pr\u00e9sent\u00e9e comme la cl\u00e9 de vo\u00fbte de la r\u00e9forme \u00e9ducative en cours, transforme progressivement les m\u00e9thodes d&rsquo;enseignement et d&rsquo;\u00e9valuation. \u00ab\u00a0La num\u00e9risation du secteur de l&rsquo;\u00e9ducation permet de consolider et de renforcer l&rsquo;\u00e9galit\u00e9 des chances \u00e0 l&rsquo;\u00e9cole et l&rsquo;\u00e9quit\u00e9 sociale\u00a0\u00bb, a d\u00e9clar\u00e9 M. Sa\u00e2daoui lors d&rsquo;une conf\u00e9rence de presse au si\u00e8ge de la wilaya. Cette vision d&rsquo;une \u00e9cole d\u00e9mocratis\u00e9e par le num\u00e9rique se concr\u00e9tise d\u00e9j\u00e0 dans les inscriptions. Les parents d&rsquo;\u00e9l\u00e8ves sont d\u00e9sormais tenus d&rsquo;inscrire leurs enfants via une plateforme num\u00e9rique pour l&rsquo;entr\u00e9e en premi\u00e8re ann\u00e9e primaire, une mesure pr\u00e9sent\u00e9e comme un gage d'\u00a0\u00bb\u00e9quit\u00e9 sociale\u00a0\u00bb.<\/p>\n\n\n\n<p><strong>Les d\u00e9lais d&rsquo;inscription en premi\u00e8re ann\u00e9e prorog\u00e9s au 15 juin<\/strong><\/p>\n\n\n\n<p>Les d\u00e9lais d&rsquo;inscription ont d&rsquo;ailleurs \u00e9t\u00e9 prorog\u00e9s jusqu&rsquo;au 15 juin pour permettre \u00e0 toutes les familles de s&rsquo;adapter \u00e0 cette nouvelle proc\u00e9dure d\u00e9mat\u00e9rialis\u00e9e. Cette digitalisation des d\u00e9marches administratives illustre la volont\u00e9 du minist\u00e8re de moderniser l&rsquo;ensemble de la cha\u00eene \u00e9ducative, de l&rsquo;inscription aux examens. L&rsquo;ampleur logistique de cette session 2025 du BEM t\u00e9moigne de l&rsquo;engagement des pouvoirs publics dans cette transformation. R\u00e9partis sur plus de 3 000 centres d&rsquo;examen \u00e0 travers le territoire national, les 826 970 candidats dont 814 523 scolaris\u00e9s et 12 447 libres b\u00e9n\u00e9ficient d&rsquo;un encadrement renforc\u00e9 avec plus de 240 000 superviseurs. Dans les wilayas du Sud, plus de 40 000 candidats composent dans plus de 200 centres sp\u00e9cialement am\u00e9nag\u00e9s pour faire face aux contraintes climatiques. \u00c0 Bordj Badji-Mokhtar, wilaya frontali\u00e8re de l&rsquo;extr\u00eame-Sud, des moyens de transport ont \u00e9t\u00e9 mobilis\u00e9s pour les candidats des r\u00e9gions \u00e9loign\u00e9es, tandis que les centres d&rsquo;examen ont \u00e9t\u00e9 \u00e9quip\u00e9s de fontaines d&rsquo;eau fra\u00eeche, de groupes \u00e9lectrog\u00e8nes et de citernes d&rsquo;eau. \u00ab\u00a0Tous les moyens n\u00e9cessaires ont \u00e9t\u00e9 mobilis\u00e9s pour permettre aux candidats de passer les \u00e9preuves de cet important examen final dans des conditions p\u00e9dagogiques favorisant l&rsquo;\u00e9mulation positive\u00a0\u00bb, a soulign\u00e9 le ministre. Cette attention particuli\u00e8re port\u00e9e aux conditions mat\u00e9rielles s&rsquo;\u00e9tend \u00e9galement aux candidats \u00e0 besoins sp\u00e9cifiques. \u00c0 Gharda\u00efa, trois salles leur sont sp\u00e9cialement r\u00e9serv\u00e9es, illustrant la volont\u00e9 d&rsquo;inclusion qui accompagne la r\u00e9forme \u00e9ducative. Au total, 1 582 candidats \u00e0 besoins sp\u00e9cifiques b\u00e9n\u00e9ficient d&rsquo;am\u00e9nagements adapt\u00e9s, aux c\u00f4t\u00e9s des \u00e9l\u00e8ves hospitalis\u00e9s et des membres de la communaut\u00e9 nationale de retour au pays.<\/p>\n\n\n\n<p>La s\u00e9curisation de ces examens mobilise \u00e9galement des moyens consid\u00e9rables. Le ministre de l&rsquo;Int\u00e9rieur Brahim Merad a annonc\u00e9 la mobilisation de pr\u00e8s de 22 000 \u00e9l\u00e9ments de la Protection civile et de plus de 2 600 v\u00e9hicules d&rsquo;intervention, tandis que la Direction g\u00e9n\u00e9rale de la s\u00fbret\u00e9 nationale d\u00e9ploie 56 000 agents pour s\u00e9curiser l&rsquo;ensemble des \u00e9preuves du BEM et du Baccalaur\u00e9at. Cette militarisation apparente des examens r\u00e9v\u00e8le l&rsquo;enjeu strat\u00e9gique que repr\u00e9sente l&rsquo;\u00e9ducation pour les autorit\u00e9s alg\u00e9riennes.<\/p>\n\n\n\n<p><strong>La qualit\u00e9 au c\u0153ur de la transformation p\u00e9dagogique<\/strong><\/p>\n\n\n\n<p>Au-del\u00e0 de l&rsquo;organisation mat\u00e9rielle, c&rsquo;est toute la philosophie \u00e9ducative qui \u00e9volue. \u00ab\u00a0L&rsquo;enjeu pour le secteur de l&rsquo;\u00e9ducation est de r\u00e9duire les in\u00e9galit\u00e9s scolaires et de chances et de favoriser l&rsquo;\u00e9panouissement des \u00e9l\u00e8ves et l&rsquo;\u00e9mergence de la comp\u00e9tence\u00a0\u00bb, a expliqu\u00e9 M. Sa\u00e2daoui. Cette ambition se traduit par une refonte progressive des m\u00e9thodes d&rsquo;\u00e9valuation, avec l&rsquo;extension du processus d&rsquo;\u00e9valuation des acquis \u00e0 deux nouveaux niveaux scolaires. La Commission nationale charg\u00e9e de la qualit\u00e9 de l&rsquo;enseignement travaille actuellement sur de nouveaux programmes et curricula, dont les r\u00e9sultats concernant la troisi\u00e8me ann\u00e9e primaire seront d\u00e9voil\u00e9s prochainement. La formation des enseignants constitue l&rsquo;autre pilier de cette transformation. \u00ab\u00a0Nous nous attelons \u00e0 soutenir par la formation sp\u00e9cialis\u00e9e les enseignants dans des \u00e9coles de formation sup\u00e9rieure, afin de permettre l&rsquo;\u00e9mergence d&rsquo;enseignants comp\u00e9tents\u00a0\u00bb, a pr\u00e9cis\u00e9 le ministre, rappelant qu&rsquo;un \u00ab\u00a0syst\u00e8me \u00e9ducatif de qualit\u00e9 est tributaire d&rsquo;une meilleure formation de l&rsquo;enseignant dans la pratique p\u00e9dagogique\u00a0\u00bb. Cette mont\u00e9e en comp\u00e9tence s&rsquo;accompagne d&rsquo;une sp\u00e9cialisation accrue, avec l&rsquo;objectif de confier chaque mati\u00e8re \u00e0 un enseignant sp\u00e9cialis\u00e9, un d\u00e9fi relev\u00e9 par les \u00c9coles normales sup\u00e9rieures et la formation continue. La lutte contre la fraude aux examens t\u00e9moigne \u00e9galement de cette qu\u00eate de qualit\u00e9. \u00ab\u00a0Gr\u00e2ce aux mesures efficaces prises en ce sens, les candidats peuvent passer leurs \u00e9preuves dans la s\u00e9r\u00e9nit\u00e9\u00a0\u00bb, s&rsquo;est f\u00e9licit\u00e9 le ministre, qui a \u00ab\u00a0not\u00e9 avec satisfaction le recul de ce ph\u00e9nom\u00e8ne\u00a0\u00bb. Cette am\u00e9lioration de l&rsquo;int\u00e9grit\u00e9 des examens participe de la cr\u00e9dibilisation du syst\u00e8me \u00e9ducatif alg\u00e9rien. Face aux d\u00e9fis de la d\u00e9sinformation, le ministre a \u00e9galement appel\u00e9 les candidats \u00e0 \u00ab\u00a0\u00e9viter d&rsquo;interagir avec les fausses informations circulant sur les r\u00e9seaux sociaux\u00a0\u00bb, les invitant \u00e0 se concentrer sur leur examen dont \u00ab\u00a0les sujets sont puis\u00e9s dans les cours dispens\u00e9s en classe durant l&rsquo;ann\u00e9e scolaire\u00a0\u00bb. Cette mise en garde illustre les nouveaux d\u00e9fis auxquels doit faire face l&rsquo;\u00e9cole \u00e0 l&rsquo;\u00e8re num\u00e9rique. \u00ab\u00a0Le secteur de l&rsquo;\u00e9ducation poursuit son cheminement vers l&rsquo;av\u00e8nement d&rsquo;un syst\u00e8me \u00e9ducatif de qualit\u00e9, fortement num\u00e9ris\u00e9, inclusif, innovant et \u00e0 m\u00eame de pr\u00e9parer les jeunes \u00e0 relever les d\u00e9fis de demain\u00a0\u00bb, a conclu M. Sa\u00e2daoui.<\/p>\n\n\n\n<p>Lyna Larbi<\/p>\n","protected":false},"excerpt":{"rendered":"<p>Plus de 826 000 candidats ont entam\u00e9 dimanche leurs \u00e9preuves du Brevet d&rsquo;enseignement moyen en pleine r\u00e9forme \u00e9ducative. Depuis Gharda\u00efa,<\/p>\n","protected":false},"author":6,"featured_media":68323,"comment_status":"open","ping_status":"closed","sticky":false,"template":"","format":"standard","meta":{"colormag_page_container_layout":"default_layout","colormag_page_sidebar_layout":"default_layout","om_disable_all_campaigns":false,"_monsterinsights_skip_tracking":false,"_monsterinsights_sitenote_active":false,"_monsterinsights_sitenote_note":"","_monsterinsights_sitenote_category":0,"footnotes":"","_wpscppro_dont_share_socialmedia":false,"_wpscppro_custom_social_share_image":0,"_facebook_share_type":"default","_twitter_share_type":"default","_linkedin_share_type":"default","_pinterest_share_type":"default","_linkedin_share_type_page":"","_instagram_share_type":"default","_medium_share_type":"default","_threads_share_type":"","_google_business_share_type":"","_selected_social_profile":[],"_wpsp_enable_custom_social_template":false,"_wpsp_social_scheduling":{"enabled":false,"datetime":null,"platforms":[],"status":"template_only","dateOption":"today","timeOption":"now","customDays":"","customHours":"","customDate":"","customTime":"","schedulingType":"absolute"},"_wpsp_active_default_template":true},"categories":[52,27],"tags":[],"class_list":["post-68322","post","type-post","status-publish","format-standard","has-post-thumbnail","hentry","category-a-la-une","category-actualite"],"aioseo_notices":[],"yoast_head":"<!-- This site is optimized with the Yoast SEO plugin v27.5 - https:\/\/yoast.com\/product\/yoast-seo-wordpress\/ -->\n<title>Saadaoui donne le coup d&rsquo;envoi des \u00e9preuves du BEM: La num\u00e9risation, cl\u00e9 de vo\u00fbte de la r\u00e9forme \u00e9ducative - La Sentinelle<\/title>\n<meta name=\"robots\" content=\"index, follow, max-snippet:-1, max-image-preview:large, max-video-preview:-1\" \/>\n<link rel=\"canonical\" href=\"https:\/\/lasentinelle.dz\/index.php\/2025\/06\/01\/saadaoui-donne-le-coup-denvoi-des-epreuves-du-bem-la-numerisation-cle-de-voute-de-la-reforme-educative\/\" \/>\n<meta property=\"og:locale\" content=\"fr_FR\" \/>\n<meta property=\"og:type\" content=\"article\" \/>\n<meta property=\"og:title\" content=\"Saadaoui donne le coup d&rsquo;envoi des \u00e9preuves du BEM: La num\u00e9risation, cl\u00e9 de vo\u00fbte de la r\u00e9forme \u00e9ducative - La Sentinelle\" \/>\n<meta property=\"og:description\" content=\"Plus de 826 000 candidats ont entam\u00e9 dimanche leurs \u00e9preuves du Brevet d&rsquo;enseignement moyen en pleine r\u00e9forme \u00e9ducative. Depuis Gharda\u00efa,\" \/>\n<meta property=\"og:url\" content=\"https:\/\/lasentinelle.dz\/index.php\/2025\/06\/01\/saadaoui-donne-le-coup-denvoi-des-epreuves-du-bem-la-numerisation-cle-de-voute-de-la-reforme-educative\/\" \/>\n<meta property=\"og:site_name\" content=\"La Sentinelle\" \/>\n<meta property=\"article:publisher\" content=\"https:\/\/www.facebook.com\/La-Sentinelle-104059864394773\" \/>\n<meta property=\"article:published_time\" content=\"2025-06-01T20:02:23+00:00\" \/>\n<meta property=\"article:modified_time\" content=\"2025-06-01T20:02:24+00:00\" \/>\n<meta property=\"og:image\" content=\"https:\/\/lasentinelle.dz\/wp-content\/uploads\/2025\/06\/saadoui.jpg\" \/>\n\t<meta property=\"og:image:width\" content=\"1355\" \/>\n\t<meta property=\"og:image:height\" content=\"815\" \/>\n\t<meta property=\"og:image:type\" content=\"image\/jpeg\" \/>\n<meta name=\"author\" content=\"admin\" \/>\n<meta name=\"twitter:card\" content=\"summary_large_image\" \/>\n<meta name=\"twitter:label1\" content=\"\u00c9crit par\" \/>\n\t<meta name=\"twitter:data1\" content=\"admin\" \/>\n\t<meta name=\"twitter:label2\" content=\"Dur\u00e9e de lecture estim\u00e9e\" \/>\n\t<meta name=\"twitter:data2\" content=\"5 minutes\" \/>\n<script type=\"application\/ld+json\" class=\"yoast-schema-graph\">{\"@context\":\"https:\\\/\\\/schema.org\",\"@graph\":[{\"@type\":\"Article\",\"@id\":\"https:\\\/\\\/lasentinelle.dz\\\/index.php\\\/2025\\\/06\\\/01\\\/saadaoui-donne-le-coup-denvoi-des-epreuves-du-bem-la-numerisation-cle-de-voute-de-la-reforme-educative\\\/#article\",\"isPartOf\":{\"@id\":\"https:\\\/\\\/lasentinelle.dz\\\/index.php\\\/2025\\\/06\\\/01\\\/saadaoui-donne-le-coup-denvoi-des-epreuves-du-bem-la-numerisation-cle-de-voute-de-la-reforme-educative\\\/\"},\"author\":{\"name\":\"admin\",\"@id\":\"https:\\\/\\\/lasentinelle.dz\\\/#\\\/schema\\\/person\\\/729ee0024f24e0b8c5ec17232f8e8b41\"},\"headline\":\"Saadaoui donne le coup d&rsquo;envoi des \u00e9preuves du BEM: La num\u00e9risation, cl\u00e9 de vo\u00fbte de la r\u00e9forme \u00e9ducative\",\"datePublished\":\"2025-06-01T20:02:23+00:00\",\"dateModified\":\"2025-06-01T20:02:24+00:00\",\"mainEntityOfPage\":{\"@id\":\"https:\\\/\\\/lasentinelle.dz\\\/index.php\\\/2025\\\/06\\\/01\\\/saadaoui-donne-le-coup-denvoi-des-epreuves-du-bem-la-numerisation-cle-de-voute-de-la-reforme-educative\\\/\"},\"wordCount\":1073,\"commentCount\":0,\"publisher\":{\"@id\":\"https:\\\/\\\/lasentinelle.dz\\\/#organization\"},\"image\":{\"@id\":\"https:\\\/\\\/lasentinelle.dz\\\/index.php\\\/2025\\\/06\\\/01\\\/saadaoui-donne-le-coup-denvoi-des-epreuves-du-bem-la-numerisation-cle-de-voute-de-la-reforme-educative\\\/#primaryimage\"},\"thumbnailUrl\":\"https:\\\/\\\/lasentinelle.dz\\\/wp-content\\\/uploads\\\/2025\\\/06\\\/saadoui.jpg\",\"articleSection\":[\"\u00c0 la Une\",\"Actualit\u00e9\"],\"inLanguage\":\"fr-FR\",\"potentialAction\":[{\"@type\":\"CommentAction\",\"name\":\"Comment\",\"target\":[\"https:\\\/\\\/lasentinelle.dz\\\/index.php\\\/2025\\\/06\\\/01\\\/saadaoui-donne-le-coup-denvoi-des-epreuves-du-bem-la-numerisation-cle-de-voute-de-la-reforme-educative\\\/#respond\"]}]},{\"@type\":\"WebPage\",\"@id\":\"https:\\\/\\\/lasentinelle.dz\\\/index.php\\\/2025\\\/06\\\/01\\\/saadaoui-donne-le-coup-denvoi-des-epreuves-du-bem-la-numerisation-cle-de-voute-de-la-reforme-educative\\\/\",\"url\":\"https:\\\/\\\/lasentinelle.dz\\\/index.php\\\/2025\\\/06\\\/01\\\/saadaoui-donne-le-coup-denvoi-des-epreuves-du-bem-la-numerisation-cle-de-voute-de-la-reforme-educative\\\/\",\"name\":\"Saadaoui donne le coup d&rsquo;envoi des \u00e9preuves du BEM: La num\u00e9risation, cl\u00e9 de vo\u00fbte de la r\u00e9forme \u00e9ducative - La Sentinelle\",\"isPartOf\":{\"@id\":\"https:\\\/\\\/lasentinelle.dz\\\/#website\"},\"primaryImageOfPage\":{\"@id\":\"https:\\\/\\\/lasentinelle.dz\\\/index.php\\\/2025\\\/06\\\/01\\\/saadaoui-donne-le-coup-denvoi-des-epreuves-du-bem-la-numerisation-cle-de-voute-de-la-reforme-educative\\\/#primaryimage\"},\"image\":{\"@id\":\"https:\\\/\\\/lasentinelle.dz\\\/index.php\\\/2025\\\/06\\\/01\\\/saadaoui-donne-le-coup-denvoi-des-epreuves-du-bem-la-numerisation-cle-de-voute-de-la-reforme-educative\\\/#primaryimage\"},\"thumbnailUrl\":\"https:\\\/\\\/lasentinelle.dz\\\/wp-content\\\/uploads\\\/2025\\\/06\\\/saadoui.jpg\",\"datePublished\":\"2025-06-01T20:02:23+00:00\",\"dateModified\":\"2025-06-01T20:02:24+00:00\",\"breadcrumb\":{\"@id\":\"https:\\\/\\\/lasentinelle.dz\\\/index.php\\\/2025\\\/06\\\/01\\\/saadaoui-donne-le-coup-denvoi-des-epreuves-du-bem-la-numerisation-cle-de-voute-de-la-reforme-educative\\\/#breadcrumb\"},\"inLanguage\":\"fr-FR\",\"potentialAction\":[{\"@type\":\"ReadAction\",\"target\":[\"https:\\\/\\\/lasentinelle.dz\\\/index.php\\\/2025\\\/06\\\/01\\\/saadaoui-donne-le-coup-denvoi-des-epreuves-du-bem-la-numerisation-cle-de-voute-de-la-reforme-educative\\\/\"]}]},{\"@type\":\"ImageObject\",\"inLanguage\":\"fr-FR\",\"@id\":\"https:\\\/\\\/lasentinelle.dz\\\/index.php\\\/2025\\\/06\\\/01\\\/saadaoui-donne-le-coup-denvoi-des-epreuves-du-bem-la-numerisation-cle-de-voute-de-la-reforme-educative\\\/#primaryimage\",\"url\":\"https:\\\/\\\/lasentinelle.dz\\\/wp-content\\\/uploads\\\/2025\\\/06\\\/saadoui.jpg\",\"contentUrl\":\"https:\\\/\\\/lasentinelle.dz\\\/wp-content\\\/uploads\\\/2025\\\/06\\\/saadoui.jpg\",\"width\":1355,\"height\":815},{\"@type\":\"BreadcrumbList\",\"@id\":\"https:\\\/\\\/lasentinelle.dz\\\/index.php\\\/2025\\\/06\\\/01\\\/saadaoui-donne-le-coup-denvoi-des-epreuves-du-bem-la-numerisation-cle-de-voute-de-la-reforme-educative\\\/#breadcrumb\",\"itemListElement\":[{\"@type\":\"ListItem\",\"position\":1,\"name\":\"Accueil\",\"item\":\"https:\\\/\\\/lasentinelle.dz\\\/\"},{\"@type\":\"ListItem\",\"position\":2,\"name\":\"Saadaoui donne le coup d&rsquo;envoi des \u00e9preuves du BEM: La num\u00e9risation, cl\u00e9 de vo\u00fbte de la r\u00e9forme \u00e9ducative\"}]},{\"@type\":\"WebSite\",\"@id\":\"https:\\\/\\\/lasentinelle.dz\\\/#website\",\"url\":\"https:\\\/\\\/lasentinelle.dz\\\/\",\"name\":\"La Sentinelle\",\"description\":\"Quotidien national d&#039;information\",\"publisher\":{\"@id\":\"https:\\\/\\\/lasentinelle.dz\\\/#organization\"},\"potentialAction\":[{\"@type\":\"SearchAction\",\"target\":{\"@type\":\"EntryPoint\",\"urlTemplate\":\"https:\\\/\\\/lasentinelle.dz\\\/?s={search_term_string}\"},\"query-input\":{\"@type\":\"PropertyValueSpecification\",\"valueRequired\":true,\"valueName\":\"search_term_string\"}}],\"inLanguage\":\"fr-FR\"},{\"@type\":\"Organization\",\"@id\":\"https:\\\/\\\/lasentinelle.dz\\\/#organization\",\"name\":\"Quotidien La Sentinelle\",\"url\":\"https:\\\/\\\/lasentinelle.dz\\\/\",\"logo\":{\"@type\":\"ImageObject\",\"inLanguage\":\"fr-FR\",\"@id\":\"https:\\\/\\\/lasentinelle.dz\\\/#\\\/schema\\\/logo\\\/image\\\/\",\"url\":\"https:\\\/\\\/lasentinelle.dz\\\/wp-content\\\/uploads\\\/2021\\\/09\\\/logo-sentinelleSLOGAN-1.png\",\"contentUrl\":\"https:\\\/\\\/lasentinelle.dz\\\/wp-content\\\/uploads\\\/2021\\\/09\\\/logo-sentinelleSLOGAN-1.png\",\"width\":615,\"height\":142,\"caption\":\"Quotidien La Sentinelle\"},\"image\":{\"@id\":\"https:\\\/\\\/lasentinelle.dz\\\/#\\\/schema\\\/logo\\\/image\\\/\"},\"sameAs\":[\"https:\\\/\\\/www.facebook.com\\\/La-Sentinelle-104059864394773\"]},{\"@type\":\"Person\",\"@id\":\"https:\\\/\\\/lasentinelle.dz\\\/#\\\/schema\\\/person\\\/729ee0024f24e0b8c5ec17232f8e8b41\",\"name\":\"admin\",\"image\":{\"@type\":\"ImageObject\",\"inLanguage\":\"fr-FR\",\"@id\":\"https:\\\/\\\/secure.gravatar.com\\\/avatar\\\/4c81fed838786e9b53f540bf46533e750f5d292099ae3b66cfc6fb1982e29df7?s=96&d=mm&r=g\",\"url\":\"https:\\\/\\\/secure.gravatar.com\\\/avatar\\\/4c81fed838786e9b53f540bf46533e750f5d292099ae3b66cfc6fb1982e29df7?s=96&d=mm&r=g\",\"contentUrl\":\"https:\\\/\\\/secure.gravatar.com\\\/avatar\\\/4c81fed838786e9b53f540bf46533e750f5d292099ae3b66cfc6fb1982e29df7?s=96&d=mm&r=g\",\"caption\":\"admin\"},\"description\":\"admin\",\"url\":\"https:\\\/\\\/lasentinelle.dz\\\/author\\\/admin\\\/\"}]}<\/script>\n<!-- \/ Yoast SEO plugin. -->","yoast_head_json":{"title":"Saadaoui donne le coup d&rsquo;envoi des \u00e9preuves du BEM: La num\u00e9risation, cl\u00e9 de vo\u00fbte de la r\u00e9forme \u00e9ducative - La Sentinelle","robots":{"index":"index","follow":"follow","max-snippet":"max-snippet:-1","max-image-preview":"max-image-preview:large","max-video-preview":"max-video-preview:-1"},"canonical":"https:\/\/lasentinelle.dz\/index.php\/2025\/06\/01\/saadaoui-donne-le-coup-denvoi-des-epreuves-du-bem-la-numerisation-cle-de-voute-de-la-reforme-educative\/","og_locale":"fr_FR","og_type":"article","og_title":"Saadaoui donne le coup d&rsquo;envoi des \u00e9preuves du BEM: La num\u00e9risation, cl\u00e9 de vo\u00fbte de la r\u00e9forme \u00e9ducative - La Sentinelle","og_description":"Plus de 826 000 candidats ont entam\u00e9 dimanche leurs \u00e9preuves du Brevet d&rsquo;enseignement moyen en pleine r\u00e9forme \u00e9ducative. Depuis Gharda\u00efa,","og_url":"https:\/\/lasentinelle.dz\/index.php\/2025\/06\/01\/saadaoui-donne-le-coup-denvoi-des-epreuves-du-bem-la-numerisation-cle-de-voute-de-la-reforme-educative\/","og_site_name":"La Sentinelle","article_publisher":"https:\/\/www.facebook.com\/La-Sentinelle-104059864394773","article_published_time":"2025-06-01T20:02:23+00:00","article_modified_time":"2025-06-01T20:02:24+00:00","og_image":[{"width":1355,"height":815,"url":"https:\/\/lasentinelle.dz\/wp-content\/uploads\/2025\/06\/saadoui.jpg","type":"image\/jpeg"}],"author":"admin","twitter_card":"summary_large_image","twitter_misc":{"\u00c9crit par":"admin","Dur\u00e9e de lecture estim\u00e9e":"5 minutes"},"schema":{"@context":"https:\/\/schema.org","@graph":[{"@type":"Article","@id":"https:\/\/lasentinelle.dz\/index.php\/2025\/06\/01\/saadaoui-donne-le-coup-denvoi-des-epreuves-du-bem-la-numerisation-cle-de-voute-de-la-reforme-educative\/#article","isPartOf":{"@id":"https:\/\/lasentinelle.dz\/index.php\/2025\/06\/01\/saadaoui-donne-le-coup-denvoi-des-epreuves-du-bem-la-numerisation-cle-de-voute-de-la-reforme-educative\/"},"author":{"name":"admin","@id":"https:\/\/lasentinelle.dz\/#\/schema\/person\/729ee0024f24e0b8c5ec17232f8e8b41"},"headline":"Saadaoui donne le coup d&rsquo;envoi des \u00e9preuves du BEM: La num\u00e9risation, cl\u00e9 de vo\u00fbte de la r\u00e9forme \u00e9ducative","datePublished":"2025-06-01T20:02:23+00:00","dateModified":"2025-06-01T20:02:24+00:00","mainEntityOfPage":{"@id":"https:\/\/lasentinelle.dz\/index.php\/2025\/06\/01\/saadaoui-donne-le-coup-denvoi-des-epreuves-du-bem-la-numerisation-cle-de-voute-de-la-reforme-educative\/"},"wordCount":1073,"commentCount":0,"publisher":{"@id":"https:\/\/lasentinelle.dz\/#organization"},"image":{"@id":"https:\/\/lasentinelle.dz\/index.php\/2025\/06\/01\/saadaoui-donne-le-coup-denvoi-des-epreuves-du-bem-la-numerisation-cle-de-voute-de-la-reforme-educative\/#primaryimage"},"thumbnailUrl":"https:\/\/lasentinelle.dz\/wp-content\/uploads\/2025\/06\/saadoui.jpg","articleSection":["\u00c0 la Une","Actualit\u00e9"],"inLanguage":"fr-FR","potentialAction":[{"@type":"CommentAction","name":"Comment","target":["https:\/\/lasentinelle.dz\/index.php\/2025\/06\/01\/saadaoui-donne-le-coup-denvoi-des-epreuves-du-bem-la-numerisation-cle-de-voute-de-la-reforme-educative\/#respond"]}]},{"@type":"WebPage","@id":"https:\/\/lasentinelle.dz\/index.php\/2025\/06\/01\/saadaoui-donne-le-coup-denvoi-des-epreuves-du-bem-la-numerisation-cle-de-voute-de-la-reforme-educative\/","url":"https:\/\/lasentinelle.dz\/index.php\/2025\/06\/01\/saadaoui-donne-le-coup-denvoi-des-epreuves-du-bem-la-numerisation-cle-de-voute-de-la-reforme-educative\/","name":"Saadaoui donne le coup d&rsquo;envoi des \u00e9preuves du BEM: La num\u00e9risation, cl\u00e9 de vo\u00fbte de la r\u00e9forme \u00e9ducative - La Sentinelle","isPartOf":{"@id":"https:\/\/lasentinelle.dz\/#website"},"primaryImageOfPage":{"@id":"https:\/\/lasentinelle.dz\/index.php\/2025\/06\/01\/saadaoui-donne-le-coup-denvoi-des-epreuves-du-bem-la-numerisation-cle-de-voute-de-la-reforme-educative\/#primaryimage"},"image":{"@id":"https:\/\/lasentinelle.dz\/index.php\/2025\/06\/01\/saadaoui-donne-le-coup-denvoi-des-epreuves-du-bem-la-numerisation-cle-de-voute-de-la-reforme-educative\/#primaryimage"},"thumbnailUrl":"https:\/\/lasentinelle.dz\/wp-content\/uploads\/2025\/06\/saadoui.jpg","datePublished":"2025-06-01T20:02:23+00:00","dateModified":"2025-06-01T20:02:24+00:00","breadcrumb":{"@id":"https:\/\/lasentinelle.dz\/index.php\/2025\/06\/01\/saadaoui-donne-le-coup-denvoi-des-epreuves-du-bem-la-numerisation-cle-de-voute-de-la-reforme-educative\/#breadcrumb"},"inLanguage":"fr-FR","potentialAction":[{"@type":"ReadAction","target":["https:\/\/lasentinelle.dz\/index.php\/2025\/06\/01\/saadaoui-donne-le-coup-denvoi-des-epreuves-du-bem-la-numerisation-cle-de-voute-de-la-reforme-educative\/"]}]},{"@type":"ImageObject","inLanguage":"fr-FR","@id":"https:\/\/lasentinelle.dz\/index.php\/2025\/06\/01\/saadaoui-donne-le-coup-denvoi-des-epreuves-du-bem-la-numerisation-cle-de-voute-de-la-reforme-educative\/#primaryimage","url":"https:\/\/lasentinelle.dz\/wp-content\/uploads\/2025\/06\/saadoui.jpg","contentUrl":"https:\/\/lasentinelle.dz\/wp-content\/uploads\/2025\/06\/saadoui.jpg","width":1355,"height":815},{"@type":"BreadcrumbList","@id":"https:\/\/lasentinelle.dz\/index.php\/2025\/06\/01\/saadaoui-donne-le-coup-denvoi-des-epreuves-du-bem-la-numerisation-cle-de-voute-de-la-reforme-educative\/#breadcrumb","itemListElement":[{"@type":"ListItem","position":1,"name":"Accueil","item":"https:\/\/lasentinelle.dz\/"},{"@type":"ListItem","position":2,"name":"Saadaoui donne le coup d&rsquo;envoi des \u00e9preuves du BEM: La num\u00e9risation, cl\u00e9 de vo\u00fbte de la r\u00e9forme \u00e9ducative"}]},{"@type":"WebSite","@id":"https:\/\/lasentinelle.dz\/#website","url":"https:\/\/lasentinelle.dz\/","name":"La Sentinelle","description":"Quotidien national d&#039;information","publisher":{"@id":"https:\/\/lasentinelle.dz\/#organization"},"potentialAction":[{"@type":"SearchAction","target":{"@type":"EntryPoint","urlTemplate":"https:\/\/lasentinelle.dz\/?s={search_term_string}"},"query-input":{"@type":"PropertyValueSpecification","valueRequired":true,"valueName":"search_term_string"}}],"inLanguage":"fr-FR"},{"@type":"Organization","@id":"https:\/\/lasentinelle.dz\/#organization","name":"Quotidien La Sentinelle","url":"https:\/\/lasentinelle.dz\/","logo":{"@type":"ImageObject","inLanguage":"fr-FR","@id":"https:\/\/lasentinelle.dz\/#\/schema\/logo\/image\/","url":"https:\/\/lasentinelle.dz\/wp-content\/uploads\/2021\/09\/logo-sentinelleSLOGAN-1.png","contentUrl":"https:\/\/lasentinelle.dz\/wp-content\/uploads\/2021\/09\/logo-sentinelleSLOGAN-1.png","width":615,"height":142,"caption":"Quotidien La Sentinelle"},"image":{"@id":"https:\/\/lasentinelle.dz\/#\/schema\/logo\/image\/"},"sameAs":["https:\/\/www.facebook.com\/La-Sentinelle-104059864394773"]},{"@type":"Person","@id":"https:\/\/lasentinelle.dz\/#\/schema\/person\/729ee0024f24e0b8c5ec17232f8e8b41","name":"admin","image":{"@type":"ImageObject","inLanguage":"fr-FR","@id":"https:\/\/secure.gravatar.com\/avatar\/4c81fed838786e9b53f540bf46533e750f5d292099ae3b66cfc6fb1982e29df7?s=96&d=mm&r=g","url":"https:\/\/secure.gravatar.com\/avatar\/4c81fed838786e9b53f540bf46533e750f5d292099ae3b66cfc6fb1982e29df7?s=96&d=mm&r=g","contentUrl":"https:\/\/secure.gravatar.com\/avatar\/4c81fed838786e9b53f540bf46533e750f5d292099ae3b66cfc6fb1982e29df7?s=96&d=mm&r=g","caption":"admin"},"description":"admin","url":"https:\/\/lasentinelle.dz\/author\/admin\/"}]}},"_links":{"self":[{"href":"https:\/\/lasentinelle.dz\/index.php\/wp-json\/wp\/v2\/posts\/68322","targetHints":{"allow":["GET"]}}],"collection":[{"href":"https:\/\/lasentinelle.dz\/index.php\/wp-json\/wp\/v2\/posts"}],"about":[{"href":"https:\/\/lasentinelle.dz\/index.php\/wp-json\/wp\/v2\/types\/post"}],"author":[{"embeddable":true,"href":"https:\/\/lasentinelle.dz\/index.php\/wp-json\/wp\/v2\/users\/6"}],"replies":[{"embeddable":true,"href":"https:\/\/lasentinelle.dz\/index.php\/wp-json\/wp\/v2\/comments?post=68322"}],"version-history":[{"count":2,"href":"https:\/\/lasentinelle.dz\/index.php\/wp-json\/wp\/v2\/posts\/68322\/revisions"}],"predecessor-version":[{"id":68325,"href":"https:\/\/lasentinelle.dz\/index.php\/wp-json\/wp\/v2\/posts\/68322\/revisions\/68325"}],"wp:featuredmedia":[{"embeddable":true,"href":"https:\/\/lasentinelle.dz\/index.php\/wp-json\/wp\/v2\/media\/68323"}],"wp:attachment":[{"href":"https:\/\/lasentinelle.dz\/index.php\/wp-json\/wp\/v2\/media?parent=68322"}],"wp:term":[{"taxonomy":"category","embeddable":true,"href":"https:\/\/lasentinelle.dz\/index.php\/wp-json\/wp\/v2\/categories?post=68322"},{"taxonomy":"post_tag","embeddable":true,"href":"https:\/\/lasentinelle.dz\/index.php\/wp-json\/wp\/v2\/tags?post=68322"}],"curies":[{"name":"wp","href":"https:\/\/api.w.org\/{rel}","templated":true}]}}