{"id":68328,"date":"2025-06-01T21:04:24","date_gmt":"2025-06-01T20:04:24","guid":{"rendered":"https:\/\/lasentinelle.dz\/?p=68328"},"modified":"2025-06-01T21:04:25","modified_gmt":"2025-06-01T20:04:25","slug":"commerce-exterieur-acter-la-rupture-avec-les-derives-passees","status":"publish","type":"post","link":"https:\/\/lasentinelle.dz\/index.php\/2025\/06\/01\/commerce-exterieur-acter-la-rupture-avec-les-derives-passees\/","title":{"rendered":"Commerce ext\u00e9rieur : Acter la rupture avec les d\u00e9rives pass\u00e9es"},"content":{"rendered":"\n<p>Le pr\u00e9sident de la R\u00e9publique Abdelmadjid Tebboune a pr\u00e9sid\u00e9 dimanche un Conseil des ministres et au cours duquel il a donn\u00e9 des instructions particuli\u00e8rement fermes concernant la refonte du syst\u00e8me de commerce ext\u00e9rieur.<\/p>\n\n\n\n<p>Au c\u0153ur des d\u00e9bats, la cr\u00e9ation de deux organismes nationaux charg\u00e9s respectivement de l&rsquo;importation et de l&rsquo;exportation, un projet que le chef de l&rsquo;\u00c9tat a choisi de reporter pour enrichir les textes et mieux le ma\u00eetriser . Cette d\u00e9cision illustre la volont\u00e9 pr\u00e9sidentielle de rompre d\u00e9finitivement avec les d\u00e9rives qui ont marqu\u00e9 les organismes similaires par le pass\u00e9, dans une d\u00e9marche de refondation des m\u00e9canismes de r\u00e9gulation du commerce ext\u00e9rieur.<\/p>\n\n\n\n<p>Apr\u00e8s avoir \u00e9cout\u00e9 l&rsquo;expos\u00e9 du Premier ministre sur l&rsquo;activit\u00e9 gouvernementale des deux derni\u00e8res semaines et les interventions des ministres concernant les projets de lois et les pr\u00e9sentations, le pr\u00e9sident Tebboune a donn\u00e9 des instructions r\u00e9v\u00e9latrices de sa d\u00e9termination \u00e0 transformer en profondeur l&rsquo;approche du commerce international. \u00ab\u00a0Le pr\u00e9sident de la R\u00e9publique supervisera personnellement l&rsquo;accompagnement de la cr\u00e9ation de ces deux organismes, \u00e0 travers une r\u00e9union minist\u00e9rielle restreinte qui se tiendra dans les prochains jours, pour \u00e9tablir une rupture avec toutes les d\u00e9rives qui ont entach\u00e9 les organismes qui \u00e9taient directement responsables des op\u00e9rations d&rsquo;importation dans le pass\u00e9\u00a0\u00bb, pr\u00e9cise le communiqu\u00e9 de la pr\u00e9sidence de la R\u00e9publique. Le chef de l&rsquo;\u00c9tat a ordonn\u00e9 le report de la pr\u00e9sentation avec un enrichissement suppl\u00e9mentaire des textes et m\u00e9canismes juridiques des deux organismes, exigeant qu&rsquo;ils soient \u00ab\u00a0\u00e9tudi\u00e9s avec une grande pr\u00e9cision et valables pour les d\u00e9cennies \u00e0 venir et en ad\u00e9quation avec les m\u00e9canismes internationaux\u00a0\u00bb. Cette exigence de perfectionnement r\u00e9v\u00e8le la volont\u00e9 de ne pas reproduire les erreurs du pass\u00e9 et de b\u00e2tir des institutions durables et efficaces.<\/p>\n\n\n\n<p>Les instructions pr\u00e9sidentielles dessinent les contours d&rsquo;un nouveau mod\u00e8le de gouvernance du commerce ext\u00e9rieur, fond\u00e9 sur une coordination renforc\u00e9e entre les diff\u00e9rents acteurs institutionnels. \u00ab\u00a0La n\u00e9cessit\u00e9 d&rsquo;une coordination totale entre le minist\u00e8re du Commerce ext\u00e9rieur et de la Promotion des exportations, les banques, la Banque centrale et les Douanes pour un contr\u00f4le intelligent, cibl\u00e9 et efficace, qui pr\u00e9serve la production nationale et oriente l&rsquo;importation selon le besoin national n\u00e9cessaire\u00a0\u00bb, constitue l&rsquo;un des piliers de cette nouvelle architecture.<\/p>\n\n\n\n<p><strong>Coop\u00e9ratives d&rsquo;achats collectifs<\/strong><\/p>\n\n\n\n<p>Cette approche syst\u00e9mique vise \u00e0 mettre fin aux dysfonctionnements qui ont caract\u00e9ris\u00e9 la gestion des importations, notamment les pratiques sp\u00e9culatives et les importations de complaisance. Le pr\u00e9sident a ordonn\u00e9 \u00ab\u00a0la d\u00e9finition de sp\u00e9cifications pr\u00e9cises pour les importateurs et exportateurs dans les textes r\u00e9glementaires des deux organismes avec l&rsquo;organisation et la r\u00e9glementation de l&rsquo;importation\u00a0\u00bb. Cette volont\u00e9 de professionnalisation s&rsquo;accompagne de l&rsquo;introduction d&rsquo;outils novateurs comme \u00ab\u00a0la cr\u00e9ation de nouveaux m\u00e9canismes pour contr\u00f4ler l&rsquo;importation, notamment les coop\u00e9ratives d&rsquo;achat collectif permettant de clarifier la vision dans les op\u00e9rations d&rsquo;importation\u00a0\u00bb.<\/p>\n\n\n\n<p>La protection de la production nationale occupe une place centrale dans cette nouvelle strat\u00e9gie. Le communiqu\u00e9 souligne \u00ab\u00a0la prise en compte de mani\u00e8re extr\u00eame de la sp\u00e9cificit\u00e9 et du volume de la production nationale, en la consid\u00e9rant comme un indicateur \u00e9conomique fondamental, avec une d\u00e9termination tr\u00e8s pr\u00e9cise des ressources qui doivent \u00eatre import\u00e9es par n\u00e9cessit\u00e9 \u00e9conomique vitale\u00a0\u00bb. Cette priorit\u00e9 accord\u00e9e au produit local s&rsquo;inscrit dans une logique de substitution aux importations et de renforcement de l&rsquo;autonomie \u00e9conomique nationale.<\/p>\n\n\n\n<p>L&rsquo;exigence de standards alg\u00e9riens constitue une autre innovation majeure de cette r\u00e9forme. Le pr\u00e9sident a charg\u00e9 le ministre du Commerce ext\u00e9rieur et de la Promotion des exportations \u00ab\u00a0d&rsquo;\u00e9tablir des crit\u00e8res purement alg\u00e9riens qui doivent \u00eatre respect\u00e9s par tous les op\u00e9rateurs \u00e9conomiques importateurs, quels que soient les produits \u00e0 importer\u00a0\u00bb. Cette mesure vise \u00e0 prot\u00e9ger le consommateur alg\u00e9rien tout en encourageant l&rsquo;am\u00e9lioration de la qualit\u00e9 des productions locales.<\/p>\n\n\n\n<p>L&rsquo;\u00e9ducation et l&rsquo;enfance autiste \u00e0 l&rsquo;ordre du jour<\/p>\n\n\n\n<p>D&rsquo;autres dossiers ont par ailleurs \u00e9t\u00e9 examin\u00e9s lors de cette r\u00e9union. Le volet \u00e9ducatif n&rsquo;a pas \u00e9t\u00e9 n\u00e9glig\u00e9, avec des d\u00e9cisions importantes concernant la num\u00e9risation des \u00e9coles primaires. Le pr\u00e9sident a soulign\u00e9 que \u00ab\u00a0ces moyens technologiques visent \u00e0 all\u00e9ger nos \u00e9l\u00e8ves du poids des cartables et de la difficult\u00e9 du travail \u00e9ducatif par les m\u00e9thodes traditionnelles\u00a0\u00bb. Fid\u00e8le \u00e0 sa philosophie de pr\u00e9f\u00e9rence nationale, il a ordonn\u00e9 \u00ab\u00a0de respecter un taux d&rsquo;int\u00e9gration alg\u00e9rienne d&rsquo;au moins 70% dans les tablettes num\u00e9riques destin\u00e9es aux \u00e9coles primaires, avec la participation d&rsquo;entreprises alg\u00e9riennes exp\u00e9riment\u00e9es et d&rsquo;autres \u00e9mergentes\u00a0\u00bb.<\/p>\n\n\n\n<p>Cette mesure s&rsquo;inscrit dans une vision plus large de d\u00e9veloppement de l&rsquo;\u00e9cosyst\u00e8me technologique national. \u00ab\u00a0L&rsquo;op\u00e9ration de g\u00e9n\u00e9ralisation de la technologie des tablettes num\u00e9riques dans les \u00e9tablissements \u00e9ducatifs doit \u00eatre une opportunit\u00e9 pratique pour le lancement des entreprises \u00e9mergentes qui ont prouv\u00e9 leur comp\u00e9tence dans cette sp\u00e9cialit\u00e9 afin qu&rsquo;elles prennent leur place sur le march\u00e9, et mettre en \u00e9vidence leur contribution au d\u00e9veloppement et \u00e0 la croissance de l&rsquo;\u00e9conomie nationale par les mains des enfants d&rsquo;Alg\u00e9rie\u00a0\u00bb, pr\u00e9cise le communiqu\u00e9.<\/p>\n\n\n\n<p>La question de l&rsquo;autisme a \u00e9galement fait l&rsquo;objet d&rsquo;une attention particuli\u00e8re du pr\u00e9sident, qui a ordonn\u00e9 \u00ab\u00a0la cr\u00e9ation d&rsquo;un centre national et d&rsquo;annexes r\u00e9gionales pour la prise en charge des enfants atteints d&rsquo;autisme, o\u00f9 ils b\u00e9n\u00e9ficieront de l&rsquo;enseignement et de la prise en charge optimale\u00a0\u00bb. Cette d\u00e9cision humanitaire s&rsquo;accompagne d&rsquo;une pr\u00e9occupation p\u00e9dagogique, le chef de l&rsquo;\u00c9tat ayant recommand\u00e9 \u00ab\u00a0de veiller dans les programmes p\u00e9dagogiques \u00e0 ce que cette cat\u00e9gorie ne soit pas affect\u00e9e psychologiquement par l&rsquo;\u00e9loignement de leurs parents pendant les p\u00e9riodes de prise en charge dans les centres\u00a0\u00bb.<\/p>\n\n\n\n<p>Samir Benisid<\/p>\n","protected":false},"excerpt":{"rendered":"<p>Le pr\u00e9sident de la R\u00e9publique Abdelmadjid Tebboune a pr\u00e9sid\u00e9 dimanche un Conseil des ministres et au cours duquel il a<\/p>\n","protected":false},"author":6,"featured_media":66560,"comment_status":"open","ping_status":"closed","sticky":false,"template":"","format":"standard","meta":{"colormag_page_container_layout":"default_layout","colormag_page_sidebar_layout":"default_layout","om_disable_all_campaigns":false,"_monsterinsights_skip_tracking":false,"_monsterinsights_sitenote_active":false,"_monsterinsights_sitenote_note":"","_monsterinsights_sitenote_category":0,"footnotes":"","_wpscppro_dont_share_socialmedia":false,"_wpscppro_custom_social_share_image":0,"_facebook_share_type":"default","_twitter_share_type":"default","_linkedin_share_type":"default","_pinterest_share_type":"default","_linkedin_share_type_page":"","_instagram_share_type":"default","_medium_share_type":"default","_threads_share_type":"","_google_business_share_type":"","_selected_social_profile":[],"_wpsp_enable_custom_social_template":false,"_wpsp_social_scheduling":{"enabled":false,"datetime":null,"platforms":[],"status":"template_only","dateOption":"today","timeOption":"now","customDays":"","customHours":"","customDate":"","customTime":"","schedulingType":"absolute"},"_wpsp_active_default_template":true},"categories":[52,27],"tags":[],"class_list":["post-68328","post","type-post","status-publish","format-standard","has-post-thumbnail","hentry","category-a-la-une","category-actualite"],"aioseo_notices":[],"yoast_head":"<!-- This site is optimized with the Yoast SEO plugin v27.5 - https:\/\/yoast.com\/product\/yoast-seo-wordpress\/ -->\n<title>Commerce ext\u00e9rieur : Acter la rupture avec les d\u00e9rives pass\u00e9es - La Sentinelle<\/title>\n<meta name=\"robots\" content=\"index, follow, max-snippet:-1, max-image-preview:large, max-video-preview:-1\" \/>\n<link rel=\"canonical\" href=\"https:\/\/lasentinelle.dz\/index.php\/2025\/06\/01\/commerce-exterieur-acter-la-rupture-avec-les-derives-passees\/\" \/>\n<meta property=\"og:locale\" content=\"fr_FR\" \/>\n<meta property=\"og:type\" content=\"article\" \/>\n<meta property=\"og:title\" content=\"Commerce ext\u00e9rieur : Acter la rupture avec les d\u00e9rives pass\u00e9es - La Sentinelle\" \/>\n<meta property=\"og:description\" content=\"Le pr\u00e9sident de la R\u00e9publique Abdelmadjid Tebboune a pr\u00e9sid\u00e9 dimanche un Conseil des ministres et au cours duquel il a\" \/>\n<meta property=\"og:url\" content=\"https:\/\/lasentinelle.dz\/index.php\/2025\/06\/01\/commerce-exterieur-acter-la-rupture-avec-les-derives-passees\/\" \/>\n<meta property=\"og:site_name\" content=\"La Sentinelle\" \/>\n<meta property=\"article:publisher\" content=\"https:\/\/www.facebook.com\/La-Sentinelle-104059864394773\" \/>\n<meta property=\"article:published_time\" content=\"2025-06-01T20:04:24+00:00\" \/>\n<meta property=\"article:modified_time\" content=\"2025-06-01T20:04:25+00:00\" \/>\n<meta property=\"og:image\" content=\"https:\/\/lasentinelle.dz\/wp-content\/uploads\/2025\/04\/port_alger.jpg\" \/>\n\t<meta property=\"og:image:width\" content=\"1200\" \/>\n\t<meta property=\"og:image:height\" content=\"786\" \/>\n\t<meta property=\"og:image:type\" content=\"image\/jpeg\" \/>\n<meta name=\"author\" content=\"admin\" \/>\n<meta name=\"twitter:card\" content=\"summary_large_image\" \/>\n<meta name=\"twitter:label1\" content=\"\u00c9crit par\" \/>\n\t<meta name=\"twitter:data1\" content=\"admin\" \/>\n\t<meta name=\"twitter:label2\" content=\"Dur\u00e9e de lecture estim\u00e9e\" \/>\n\t<meta name=\"twitter:data2\" content=\"5 minutes\" \/>\n<script type=\"application\/ld+json\" class=\"yoast-schema-graph\">{\"@context\":\"https:\\\/\\\/schema.org\",\"@graph\":[{\"@type\":\"Article\",\"@id\":\"https:\\\/\\\/lasentinelle.dz\\\/index.php\\\/2025\\\/06\\\/01\\\/commerce-exterieur-acter-la-rupture-avec-les-derives-passees\\\/#article\",\"isPartOf\":{\"@id\":\"https:\\\/\\\/lasentinelle.dz\\\/index.php\\\/2025\\\/06\\\/01\\\/commerce-exterieur-acter-la-rupture-avec-les-derives-passees\\\/\"},\"author\":{\"name\":\"admin\",\"@id\":\"https:\\\/\\\/lasentinelle.dz\\\/#\\\/schema\\\/person\\\/729ee0024f24e0b8c5ec17232f8e8b41\"},\"headline\":\"Commerce ext\u00e9rieur : Acter la rupture avec les d\u00e9rives pass\u00e9es\",\"datePublished\":\"2025-06-01T20:04:24+00:00\",\"dateModified\":\"2025-06-01T20:04:25+00:00\",\"mainEntityOfPage\":{\"@id\":\"https:\\\/\\\/lasentinelle.dz\\\/index.php\\\/2025\\\/06\\\/01\\\/commerce-exterieur-acter-la-rupture-avec-les-derives-passees\\\/\"},\"wordCount\":1047,\"commentCount\":0,\"publisher\":{\"@id\":\"https:\\\/\\\/lasentinelle.dz\\\/#organization\"},\"image\":{\"@id\":\"https:\\\/\\\/lasentinelle.dz\\\/index.php\\\/2025\\\/06\\\/01\\\/commerce-exterieur-acter-la-rupture-avec-les-derives-passees\\\/#primaryimage\"},\"thumbnailUrl\":\"https:\\\/\\\/lasentinelle.dz\\\/wp-content\\\/uploads\\\/2025\\\/04\\\/port_alger.jpg\",\"articleSection\":[\"\u00c0 la Une\",\"Actualit\u00e9\"],\"inLanguage\":\"fr-FR\",\"potentialAction\":[{\"@type\":\"CommentAction\",\"name\":\"Comment\",\"target\":[\"https:\\\/\\\/lasentinelle.dz\\\/index.php\\\/2025\\\/06\\\/01\\\/commerce-exterieur-acter-la-rupture-avec-les-derives-passees\\\/#respond\"]}]},{\"@type\":\"WebPage\",\"@id\":\"https:\\\/\\\/lasentinelle.dz\\\/index.php\\\/2025\\\/06\\\/01\\\/commerce-exterieur-acter-la-rupture-avec-les-derives-passees\\\/\",\"url\":\"https:\\\/\\\/lasentinelle.dz\\\/index.php\\\/2025\\\/06\\\/01\\\/commerce-exterieur-acter-la-rupture-avec-les-derives-passees\\\/\",\"name\":\"Commerce ext\u00e9rieur : Acter la rupture avec les d\u00e9rives pass\u00e9es - La Sentinelle\",\"isPartOf\":{\"@id\":\"https:\\\/\\\/lasentinelle.dz\\\/#website\"},\"primaryImageOfPage\":{\"@id\":\"https:\\\/\\\/lasentinelle.dz\\\/index.php\\\/2025\\\/06\\\/01\\\/commerce-exterieur-acter-la-rupture-avec-les-derives-passees\\\/#primaryimage\"},\"image\":{\"@id\":\"https:\\\/\\\/lasentinelle.dz\\\/index.php\\\/2025\\\/06\\\/01\\\/commerce-exterieur-acter-la-rupture-avec-les-derives-passees\\\/#primaryimage\"},\"thumbnailUrl\":\"https:\\\/\\\/lasentinelle.dz\\\/wp-content\\\/uploads\\\/2025\\\/04\\\/port_alger.jpg\",\"datePublished\":\"2025-06-01T20:04:24+00:00\",\"dateModified\":\"2025-06-01T20:04:25+00:00\",\"breadcrumb\":{\"@id\":\"https:\\\/\\\/lasentinelle.dz\\\/index.php\\\/2025\\\/06\\\/01\\\/commerce-exterieur-acter-la-rupture-avec-les-derives-passees\\\/#breadcrumb\"},\"inLanguage\":\"fr-FR\",\"potentialAction\":[{\"@type\":\"ReadAction\",\"target\":[\"https:\\\/\\\/lasentinelle.dz\\\/index.php\\\/2025\\\/06\\\/01\\\/commerce-exterieur-acter-la-rupture-avec-les-derives-passees\\\/\"]}]},{\"@type\":\"ImageObject\",\"inLanguage\":\"fr-FR\",\"@id\":\"https:\\\/\\\/lasentinelle.dz\\\/index.php\\\/2025\\\/06\\\/01\\\/commerce-exterieur-acter-la-rupture-avec-les-derives-passees\\\/#primaryimage\",\"url\":\"https:\\\/\\\/lasentinelle.dz\\\/wp-content\\\/uploads\\\/2025\\\/04\\\/port_alger.jpg\",\"contentUrl\":\"https:\\\/\\\/lasentinelle.dz\\\/wp-content\\\/uploads\\\/2025\\\/04\\\/port_alger.jpg\",\"width\":1200,\"height\":786},{\"@type\":\"BreadcrumbList\",\"@id\":\"https:\\\/\\\/lasentinelle.dz\\\/index.php\\\/2025\\\/06\\\/01\\\/commerce-exterieur-acter-la-rupture-avec-les-derives-passees\\\/#breadcrumb\",\"itemListElement\":[{\"@type\":\"ListItem\",\"position\":1,\"name\":\"Accueil\",\"item\":\"https:\\\/\\\/lasentinelle.dz\\\/\"},{\"@type\":\"ListItem\",\"position\":2,\"name\":\"Commerce ext\u00e9rieur : Acter la rupture avec les d\u00e9rives pass\u00e9es\"}]},{\"@type\":\"WebSite\",\"@id\":\"https:\\\/\\\/lasentinelle.dz\\\/#website\",\"url\":\"https:\\\/\\\/lasentinelle.dz\\\/\",\"name\":\"La Sentinelle\",\"description\":\"Quotidien national d&#039;information\",\"publisher\":{\"@id\":\"https:\\\/\\\/lasentinelle.dz\\\/#organization\"},\"potentialAction\":[{\"@type\":\"SearchAction\",\"target\":{\"@type\":\"EntryPoint\",\"urlTemplate\":\"https:\\\/\\\/lasentinelle.dz\\\/?s={search_term_string}\"},\"query-input\":{\"@type\":\"PropertyValueSpecification\",\"valueRequired\":true,\"valueName\":\"search_term_string\"}}],\"inLanguage\":\"fr-FR\"},{\"@type\":\"Organization\",\"@id\":\"https:\\\/\\\/lasentinelle.dz\\\/#organization\",\"name\":\"Quotidien La Sentinelle\",\"url\":\"https:\\\/\\\/lasentinelle.dz\\\/\",\"logo\":{\"@type\":\"ImageObject\",\"inLanguage\":\"fr-FR\",\"@id\":\"https:\\\/\\\/lasentinelle.dz\\\/#\\\/schema\\\/logo\\\/image\\\/\",\"url\":\"https:\\\/\\\/lasentinelle.dz\\\/wp-content\\\/uploads\\\/2021\\\/09\\\/logo-sentinelleSLOGAN-1.png\",\"contentUrl\":\"https:\\\/\\\/lasentinelle.dz\\\/wp-content\\\/uploads\\\/2021\\\/09\\\/logo-sentinelleSLOGAN-1.png\",\"width\":615,\"height\":142,\"caption\":\"Quotidien La Sentinelle\"},\"image\":{\"@id\":\"https:\\\/\\\/lasentinelle.dz\\\/#\\\/schema\\\/logo\\\/image\\\/\"},\"sameAs\":[\"https:\\\/\\\/www.facebook.com\\\/La-Sentinelle-104059864394773\"]},{\"@type\":\"Person\",\"@id\":\"https:\\\/\\\/lasentinelle.dz\\\/#\\\/schema\\\/person\\\/729ee0024f24e0b8c5ec17232f8e8b41\",\"name\":\"admin\",\"image\":{\"@type\":\"ImageObject\",\"inLanguage\":\"fr-FR\",\"@id\":\"https:\\\/\\\/secure.gravatar.com\\\/avatar\\\/4c81fed838786e9b53f540bf46533e750f5d292099ae3b66cfc6fb1982e29df7?s=96&d=mm&r=g\",\"url\":\"https:\\\/\\\/secure.gravatar.com\\\/avatar\\\/4c81fed838786e9b53f540bf46533e750f5d292099ae3b66cfc6fb1982e29df7?s=96&d=mm&r=g\",\"contentUrl\":\"https:\\\/\\\/secure.gravatar.com\\\/avatar\\\/4c81fed838786e9b53f540bf46533e750f5d292099ae3b66cfc6fb1982e29df7?s=96&d=mm&r=g\",\"caption\":\"admin\"},\"description\":\"admin\",\"url\":\"https:\\\/\\\/lasentinelle.dz\\\/author\\\/admin\\\/\"}]}<\/script>\n<!-- \/ Yoast SEO plugin. -->","yoast_head_json":{"title":"Commerce ext\u00e9rieur : Acter la rupture avec les d\u00e9rives pass\u00e9es - La Sentinelle","robots":{"index":"index","follow":"follow","max-snippet":"max-snippet:-1","max-image-preview":"max-image-preview:large","max-video-preview":"max-video-preview:-1"},"canonical":"https:\/\/lasentinelle.dz\/index.php\/2025\/06\/01\/commerce-exterieur-acter-la-rupture-avec-les-derives-passees\/","og_locale":"fr_FR","og_type":"article","og_title":"Commerce ext\u00e9rieur : Acter la rupture avec les d\u00e9rives pass\u00e9es - La Sentinelle","og_description":"Le pr\u00e9sident de la R\u00e9publique Abdelmadjid Tebboune a pr\u00e9sid\u00e9 dimanche un Conseil des ministres et au cours duquel il a","og_url":"https:\/\/lasentinelle.dz\/index.php\/2025\/06\/01\/commerce-exterieur-acter-la-rupture-avec-les-derives-passees\/","og_site_name":"La Sentinelle","article_publisher":"https:\/\/www.facebook.com\/La-Sentinelle-104059864394773","article_published_time":"2025-06-01T20:04:24+00:00","article_modified_time":"2025-06-01T20:04:25+00:00","og_image":[{"width":1200,"height":786,"url":"https:\/\/lasentinelle.dz\/wp-content\/uploads\/2025\/04\/port_alger.jpg","type":"image\/jpeg"}],"author":"admin","twitter_card":"summary_large_image","twitter_misc":{"\u00c9crit par":"admin","Dur\u00e9e de lecture estim\u00e9e":"5 minutes"},"schema":{"@context":"https:\/\/schema.org","@graph":[{"@type":"Article","@id":"https:\/\/lasentinelle.dz\/index.php\/2025\/06\/01\/commerce-exterieur-acter-la-rupture-avec-les-derives-passees\/#article","isPartOf":{"@id":"https:\/\/lasentinelle.dz\/index.php\/2025\/06\/01\/commerce-exterieur-acter-la-rupture-avec-les-derives-passees\/"},"author":{"name":"admin","@id":"https:\/\/lasentinelle.dz\/#\/schema\/person\/729ee0024f24e0b8c5ec17232f8e8b41"},"headline":"Commerce ext\u00e9rieur : Acter la rupture avec les d\u00e9rives pass\u00e9es","datePublished":"2025-06-01T20:04:24+00:00","dateModified":"2025-06-01T20:04:25+00:00","mainEntityOfPage":{"@id":"https:\/\/lasentinelle.dz\/index.php\/2025\/06\/01\/commerce-exterieur-acter-la-rupture-avec-les-derives-passees\/"},"wordCount":1047,"commentCount":0,"publisher":{"@id":"https:\/\/lasentinelle.dz\/#organization"},"image":{"@id":"https:\/\/lasentinelle.dz\/index.php\/2025\/06\/01\/commerce-exterieur-acter-la-rupture-avec-les-derives-passees\/#primaryimage"},"thumbnailUrl":"https:\/\/lasentinelle.dz\/wp-content\/uploads\/2025\/04\/port_alger.jpg","articleSection":["\u00c0 la Une","Actualit\u00e9"],"inLanguage":"fr-FR","potentialAction":[{"@type":"CommentAction","name":"Comment","target":["https:\/\/lasentinelle.dz\/index.php\/2025\/06\/01\/commerce-exterieur-acter-la-rupture-avec-les-derives-passees\/#respond"]}]},{"@type":"WebPage","@id":"https:\/\/lasentinelle.dz\/index.php\/2025\/06\/01\/commerce-exterieur-acter-la-rupture-avec-les-derives-passees\/","url":"https:\/\/lasentinelle.dz\/index.php\/2025\/06\/01\/commerce-exterieur-acter-la-rupture-avec-les-derives-passees\/","name":"Commerce ext\u00e9rieur : Acter la rupture avec les d\u00e9rives pass\u00e9es - La Sentinelle","isPartOf":{"@id":"https:\/\/lasentinelle.dz\/#website"},"primaryImageOfPage":{"@id":"https:\/\/lasentinelle.dz\/index.php\/2025\/06\/01\/commerce-exterieur-acter-la-rupture-avec-les-derives-passees\/#primaryimage"},"image":{"@id":"https:\/\/lasentinelle.dz\/index.php\/2025\/06\/01\/commerce-exterieur-acter-la-rupture-avec-les-derives-passees\/#primaryimage"},"thumbnailUrl":"https:\/\/lasentinelle.dz\/wp-content\/uploads\/2025\/04\/port_alger.jpg","datePublished":"2025-06-01T20:04:24+00:00","dateModified":"2025-06-01T20:04:25+00:00","breadcrumb":{"@id":"https:\/\/lasentinelle.dz\/index.php\/2025\/06\/01\/commerce-exterieur-acter-la-rupture-avec-les-derives-passees\/#breadcrumb"},"inLanguage":"fr-FR","potentialAction":[{"@type":"ReadAction","target":["https:\/\/lasentinelle.dz\/index.php\/2025\/06\/01\/commerce-exterieur-acter-la-rupture-avec-les-derives-passees\/"]}]},{"@type":"ImageObject","inLanguage":"fr-FR","@id":"https:\/\/lasentinelle.dz\/index.php\/2025\/06\/01\/commerce-exterieur-acter-la-rupture-avec-les-derives-passees\/#primaryimage","url":"https:\/\/lasentinelle.dz\/wp-content\/uploads\/2025\/04\/port_alger.jpg","contentUrl":"https:\/\/lasentinelle.dz\/wp-content\/uploads\/2025\/04\/port_alger.jpg","width":1200,"height":786},{"@type":"BreadcrumbList","@id":"https:\/\/lasentinelle.dz\/index.php\/2025\/06\/01\/commerce-exterieur-acter-la-rupture-avec-les-derives-passees\/#breadcrumb","itemListElement":[{"@type":"ListItem","position":1,"name":"Accueil","item":"https:\/\/lasentinelle.dz\/"},{"@type":"ListItem","position":2,"name":"Commerce ext\u00e9rieur : Acter la rupture avec les d\u00e9rives pass\u00e9es"}]},{"@type":"WebSite","@id":"https:\/\/lasentinelle.dz\/#website","url":"https:\/\/lasentinelle.dz\/","name":"La Sentinelle","description":"Quotidien national d&#039;information","publisher":{"@id":"https:\/\/lasentinelle.dz\/#organization"},"potentialAction":[{"@type":"SearchAction","target":{"@type":"EntryPoint","urlTemplate":"https:\/\/lasentinelle.dz\/?s={search_term_string}"},"query-input":{"@type":"PropertyValueSpecification","valueRequired":true,"valueName":"search_term_string"}}],"inLanguage":"fr-FR"},{"@type":"Organization","@id":"https:\/\/lasentinelle.dz\/#organization","name":"Quotidien La Sentinelle","url":"https:\/\/lasentinelle.dz\/","logo":{"@type":"ImageObject","inLanguage":"fr-FR","@id":"https:\/\/lasentinelle.dz\/#\/schema\/logo\/image\/","url":"https:\/\/lasentinelle.dz\/wp-content\/uploads\/2021\/09\/logo-sentinelleSLOGAN-1.png","contentUrl":"https:\/\/lasentinelle.dz\/wp-content\/uploads\/2021\/09\/logo-sentinelleSLOGAN-1.png","width":615,"height":142,"caption":"Quotidien La Sentinelle"},"image":{"@id":"https:\/\/lasentinelle.dz\/#\/schema\/logo\/image\/"},"sameAs":["https:\/\/www.facebook.com\/La-Sentinelle-104059864394773"]},{"@type":"Person","@id":"https:\/\/lasentinelle.dz\/#\/schema\/person\/729ee0024f24e0b8c5ec17232f8e8b41","name":"admin","image":{"@type":"ImageObject","inLanguage":"fr-FR","@id":"https:\/\/secure.gravatar.com\/avatar\/4c81fed838786e9b53f540bf46533e750f5d292099ae3b66cfc6fb1982e29df7?s=96&d=mm&r=g","url":"https:\/\/secure.gravatar.com\/avatar\/4c81fed838786e9b53f540bf46533e750f5d292099ae3b66cfc6fb1982e29df7?s=96&d=mm&r=g","contentUrl":"https:\/\/secure.gravatar.com\/avatar\/4c81fed838786e9b53f540bf46533e750f5d292099ae3b66cfc6fb1982e29df7?s=96&d=mm&r=g","caption":"admin"},"description":"admin","url":"https:\/\/lasentinelle.dz\/author\/admin\/"}]}},"_links":{"self":[{"href":"https:\/\/lasentinelle.dz\/index.php\/wp-json\/wp\/v2\/posts\/68328","targetHints":{"allow":["GET"]}}],"collection":[{"href":"https:\/\/lasentinelle.dz\/index.php\/wp-json\/wp\/v2\/posts"}],"about":[{"href":"https:\/\/lasentinelle.dz\/index.php\/wp-json\/wp\/v2\/types\/post"}],"author":[{"embeddable":true,"href":"https:\/\/lasentinelle.dz\/index.php\/wp-json\/wp\/v2\/users\/6"}],"replies":[{"embeddable":true,"href":"https:\/\/lasentinelle.dz\/index.php\/wp-json\/wp\/v2\/comments?post=68328"}],"version-history":[{"count":1,"href":"https:\/\/lasentinelle.dz\/index.php\/wp-json\/wp\/v2\/posts\/68328\/revisions"}],"predecessor-version":[{"id":68329,"href":"https:\/\/lasentinelle.dz\/index.php\/wp-json\/wp\/v2\/posts\/68328\/revisions\/68329"}],"wp:featuredmedia":[{"embeddable":true,"href":"https:\/\/lasentinelle.dz\/index.php\/wp-json\/wp\/v2\/media\/66560"}],"wp:attachment":[{"href":"https:\/\/lasentinelle.dz\/index.php\/wp-json\/wp\/v2\/media?parent=68328"}],"wp:term":[{"taxonomy":"category","embeddable":true,"href":"https:\/\/lasentinelle.dz\/index.php\/wp-json\/wp\/v2\/categories?post=68328"},{"taxonomy":"post_tag","embeddable":true,"href":"https:\/\/lasentinelle.dz\/index.php\/wp-json\/wp\/v2\/tags?post=68328"}],"curies":[{"name":"wp","href":"https:\/\/api.w.org\/{rel}","templated":true}]}}