{"id":68330,"date":"2025-06-02T21:15:47","date_gmt":"2025-06-02T20:15:47","guid":{"rendered":"https:\/\/lasentinelle.dz\/?p=68330"},"modified":"2025-06-02T21:15:47","modified_gmt":"2025-06-02T20:15:47","slug":"aid-el-adha-gare-aux-accidents-domestiques","status":"publish","type":"post","link":"https:\/\/lasentinelle.dz\/index.php\/2025\/06\/02\/aid-el-adha-gare-aux-accidents-domestiques\/","title":{"rendered":"A\u00efd El-Adha : Gare aux accidents domestiques !"},"content":{"rendered":"\n<p>\u00c0 quelques jours de la c\u00e9l\u00e9bration de l&rsquo;A\u00efd El-Adha, la Direction g\u00e9n\u00e9rale de la Protection civile multiplie les mises en garde contre les accidents domestiques qui endeuillent traditionnellement cette p\u00e9riode de r\u00e9jouissances familiales. Dans un communiqu\u00e9 diffus\u00e9 lundi, l&rsquo;institution sonne l&rsquo;alarme face \u00e0 une r\u00e9alit\u00e9 dramatique : chaque ann\u00e9e, les pr\u00e9paratifs festifs se transforment en cauchemar pour de nombreuses familles, les enfants payant le plus lourd tribut \u00e0 l&rsquo;insouciance des adultes. Face \u00e0 cette r\u00e9currence tragique, les services de secours appellent les citoyens \u00e0 \u00ab\u00a0respecter les consignes, afin de pr\u00e9venir les divers accidents tels que les incendies et les blessures graves dus \u00e0 la mauvaise utilisation des couteaux, hachoirs et appareils de cuisson, notamment la Tabouna (r\u00e9chaud \u00e0 gaz) qui est \u00e0 l&rsquo;origine, chaque ann\u00e9e, de nombreuses victimes, en particulier des enfants\u00a0\u00bb.<\/p>\n\n\n\n<p>La Tabouna, cet \u00e9quipement traditionnel devenu omnipr\u00e9sent dans les foyers alg\u00e9riens et bien que pratique, se r\u00e9v\u00e8le particuli\u00e8rement dangereux lorsqu&rsquo;il est mal utilis\u00e9 ou insuffisamment surveill\u00e9. Les accidents li\u00e9s \u00e0 son usage impliquent fr\u00e9quemment des br\u00fblures graves, des explosions ou des intoxications au monoxyde de carbone. Les recommandations de la Protection civile insistent sur des mesures pr\u00e9ventives \u00e9l\u00e9mentaires mais cruciales : \u00ab\u00a0ne jamais mettre les couteaux et les haches \u00e0 la port\u00e9e des enfants, entreposer bien les chalumeaux, la tabouna, les allumettes et les briquets, les garder hors de la port\u00e9e des enfants et v\u00e9rifier la conformit\u00e9 du tuyau et du d\u00e9tendeur de gaz utilis\u00e9s pour relier la bouteille de gaz butane et la Tabouna\u00a0\u00bb.<\/p>\n\n\n\n<p>L&rsquo;institution insiste particuli\u00e8rement sur la surveillance constante : \u00ab\u00a0ne jamais laisser le chalumeaux et la Tabouna allum\u00e9s sans surveillance et doivent \u00eatre plac\u00e9s hors de port\u00e9e des enfants\u00a0\u00bb, ajoutant qu&rsquo;il \u00ab\u00a0faut emp\u00eacher les enfants de s&rsquo;approcher du feu et de jouer avec les allumettes dont l&#8217;emplacement doit \u00eatre loin des tentures et meubles afin d&rsquo;\u00e9viter l&rsquo;\u00e9closion d&rsquo;incendie\u00a0\u00bb. Au-del\u00e0 des risques domestiques, la Protection civile \u00e9largit ses recommandations \u00e0 l&rsquo;ensemble des activit\u00e9s festives. Elle pr\u00e9conise de \u00ab\u00a0mettre les d\u00e9chets dans des sacs ferm\u00e9s et les placer dans les bacs \u00e0 ordures pour \u00e9viter de l&rsquo;engorgement des avaloires et ne jamais pr\u00e9parer un barbecue \u00e0 l&rsquo;int\u00e9rieur ou \u00e0 proximit\u00e9 des for\u00eats, sachant qu&rsquo;une vague de chaleur est annonc\u00e9e durant les prochains jours\u00a0\u00bb. Cette derni\u00e8re mise en garde prend une r\u00e9sonance particuli\u00e8re dans le contexte climatique actuel o\u00f9 les risques d&rsquo;incendies de for\u00eat atteignent des niveaux critiques. L&rsquo;appel de la Protection civile met \u00ab\u00a0l&rsquo;accent sur le r\u00f4le crucial des parents envers leurs enfants en mati\u00e8re de sensibilisation\u00a0\u00bb, recommandant de \u00ab\u00a0surveiller leurs d\u00e9placements pour \u00e9viter le drame des noyades qui rel\u00e8ve de la responsabilit\u00e9 des parents\u00a0\u00bb. Concernant les d\u00e9placements, traditionnellement nombreux durant les f\u00eates religieuses, les services de secours rappellent aux automobilistes de \u00ab\u00a0respecter le Code de la route, \u00e9viter l&rsquo;exc\u00e8s de vitesse, respecter la distance de s\u00e9curit\u00e9 et observer des pauses en cas de fatigue ou de somnolence\u00a0\u00bb, soulignant pour les motocyclistes \u00ab\u00a0la n\u00e9cessit\u00e9 du port du casque\u00a0\u00bb. Pour garantir une r\u00e9activit\u00e9 optimale face aux urgences, la Protection civile rappelle la mise \u00e0 disposition du num\u00e9ro vert 1021 et du num\u00e9ro d&rsquo;urgence 14, invitant les citoyens \u00e0 pr\u00e9ciser l&rsquo;adresse exacte et la nature de tout incident.<\/p>\n\n\n\n<p>Chokri Hafed<\/p>\n\n\n\n<p><\/p>\n","protected":false},"excerpt":{"rendered":"<p>\u00c0 quelques jours de la c\u00e9l\u00e9bration de l&rsquo;A\u00efd El-Adha, la Direction g\u00e9n\u00e9rale de la Protection civile multiplie les mises en<\/p>\n","protected":false},"author":6,"featured_media":17760,"comment_status":"open","ping_status":"closed","sticky":false,"template":"","format":"standard","meta":{"colormag_page_container_layout":"default_layout","colormag_page_sidebar_layout":"default_layout","om_disable_all_campaigns":false,"_monsterinsights_skip_tracking":false,"_monsterinsights_sitenote_active":false,"_monsterinsights_sitenote_note":"","_monsterinsights_sitenote_category":0,"footnotes":"","_wpscppro_dont_share_socialmedia":false,"_wpscppro_custom_social_share_image":0,"_facebook_share_type":"default","_twitter_share_type":"default","_linkedin_share_type":"default","_pinterest_share_type":"default","_linkedin_share_type_page":"","_instagram_share_type":"default","_medium_share_type":"default","_threads_share_type":"","_google_business_share_type":"","_selected_social_profile":[],"_wpsp_enable_custom_social_template":false,"_wpsp_social_scheduling":{"enabled":false,"datetime":null,"platforms":[],"status":"template_only","dateOption":"today","timeOption":"now","customDays":"","customHours":"","customDate":"","customTime":"","schedulingType":"absolute"},"_wpsp_active_default_template":true},"categories":[27],"tags":[],"class_list":["post-68330","post","type-post","status-publish","format-standard","has-post-thumbnail","hentry","category-actualite"],"aioseo_notices":[],"yoast_head":"<!-- This site is optimized with the Yoast SEO plugin v27.5 - https:\/\/yoast.com\/product\/yoast-seo-wordpress\/ -->\n<title>A\u00efd El-Adha : Gare aux accidents domestiques ! - La Sentinelle<\/title>\n<meta name=\"robots\" content=\"index, follow, max-snippet:-1, max-image-preview:large, max-video-preview:-1\" \/>\n<link rel=\"canonical\" href=\"https:\/\/lasentinelle.dz\/index.php\/2025\/06\/02\/aid-el-adha-gare-aux-accidents-domestiques\/\" \/>\n<meta property=\"og:locale\" content=\"fr_FR\" \/>\n<meta property=\"og:type\" content=\"article\" \/>\n<meta property=\"og:title\" content=\"A\u00efd El-Adha : Gare aux accidents domestiques ! - La Sentinelle\" \/>\n<meta property=\"og:description\" content=\"\u00c0 quelques jours de la c\u00e9l\u00e9bration de l&rsquo;A\u00efd El-Adha, la Direction g\u00e9n\u00e9rale de la Protection civile multiplie les mises en\" \/>\n<meta property=\"og:url\" content=\"https:\/\/lasentinelle.dz\/index.php\/2025\/06\/02\/aid-el-adha-gare-aux-accidents-domestiques\/\" \/>\n<meta property=\"og:site_name\" content=\"La Sentinelle\" \/>\n<meta property=\"article:publisher\" content=\"https:\/\/www.facebook.com\/La-Sentinelle-104059864394773\" \/>\n<meta property=\"article:published_time\" content=\"2025-06-02T20:15:47+00:00\" \/>\n<meta property=\"og:image\" content=\"https:\/\/lasentinelle.dz\/wp-content\/uploads\/2022\/03\/protection-civile.png\" \/>\n\t<meta property=\"og:image:width\" content=\"1491\" \/>\n\t<meta property=\"og:image:height\" content=\"900\" \/>\n\t<meta property=\"og:image:type\" content=\"image\/png\" \/>\n<meta name=\"author\" content=\"admin\" \/>\n<meta name=\"twitter:card\" content=\"summary_large_image\" \/>\n<meta name=\"twitter:label1\" content=\"\u00c9crit par\" \/>\n\t<meta name=\"twitter:data1\" content=\"admin\" \/>\n\t<meta name=\"twitter:label2\" content=\"Dur\u00e9e de lecture estim\u00e9e\" \/>\n\t<meta name=\"twitter:data2\" content=\"3 minutes\" \/>\n<script type=\"application\/ld+json\" class=\"yoast-schema-graph\">{\"@context\":\"https:\\\/\\\/schema.org\",\"@graph\":[{\"@type\":\"Article\",\"@id\":\"https:\\\/\\\/lasentinelle.dz\\\/index.php\\\/2025\\\/06\\\/02\\\/aid-el-adha-gare-aux-accidents-domestiques\\\/#article\",\"isPartOf\":{\"@id\":\"https:\\\/\\\/lasentinelle.dz\\\/index.php\\\/2025\\\/06\\\/02\\\/aid-el-adha-gare-aux-accidents-domestiques\\\/\"},\"author\":{\"name\":\"admin\",\"@id\":\"https:\\\/\\\/lasentinelle.dz\\\/#\\\/schema\\\/person\\\/729ee0024f24e0b8c5ec17232f8e8b41\"},\"headline\":\"A\u00efd El-Adha : Gare aux accidents domestiques !\",\"datePublished\":\"2025-06-02T20:15:47+00:00\",\"mainEntityOfPage\":{\"@id\":\"https:\\\/\\\/lasentinelle.dz\\\/index.php\\\/2025\\\/06\\\/02\\\/aid-el-adha-gare-aux-accidents-domestiques\\\/\"},\"wordCount\":590,\"commentCount\":0,\"publisher\":{\"@id\":\"https:\\\/\\\/lasentinelle.dz\\\/#organization\"},\"image\":{\"@id\":\"https:\\\/\\\/lasentinelle.dz\\\/index.php\\\/2025\\\/06\\\/02\\\/aid-el-adha-gare-aux-accidents-domestiques\\\/#primaryimage\"},\"thumbnailUrl\":\"https:\\\/\\\/lasentinelle.dz\\\/wp-content\\\/uploads\\\/2022\\\/03\\\/protection-civile.png\",\"articleSection\":[\"Actualit\u00e9\"],\"inLanguage\":\"fr-FR\",\"potentialAction\":[{\"@type\":\"CommentAction\",\"name\":\"Comment\",\"target\":[\"https:\\\/\\\/lasentinelle.dz\\\/index.php\\\/2025\\\/06\\\/02\\\/aid-el-adha-gare-aux-accidents-domestiques\\\/#respond\"]}]},{\"@type\":\"WebPage\",\"@id\":\"https:\\\/\\\/lasentinelle.dz\\\/index.php\\\/2025\\\/06\\\/02\\\/aid-el-adha-gare-aux-accidents-domestiques\\\/\",\"url\":\"https:\\\/\\\/lasentinelle.dz\\\/index.php\\\/2025\\\/06\\\/02\\\/aid-el-adha-gare-aux-accidents-domestiques\\\/\",\"name\":\"A\u00efd El-Adha : Gare aux accidents domestiques ! - La Sentinelle\",\"isPartOf\":{\"@id\":\"https:\\\/\\\/lasentinelle.dz\\\/#website\"},\"primaryImageOfPage\":{\"@id\":\"https:\\\/\\\/lasentinelle.dz\\\/index.php\\\/2025\\\/06\\\/02\\\/aid-el-adha-gare-aux-accidents-domestiques\\\/#primaryimage\"},\"image\":{\"@id\":\"https:\\\/\\\/lasentinelle.dz\\\/index.php\\\/2025\\\/06\\\/02\\\/aid-el-adha-gare-aux-accidents-domestiques\\\/#primaryimage\"},\"thumbnailUrl\":\"https:\\\/\\\/lasentinelle.dz\\\/wp-content\\\/uploads\\\/2022\\\/03\\\/protection-civile.png\",\"datePublished\":\"2025-06-02T20:15:47+00:00\",\"breadcrumb\":{\"@id\":\"https:\\\/\\\/lasentinelle.dz\\\/index.php\\\/2025\\\/06\\\/02\\\/aid-el-adha-gare-aux-accidents-domestiques\\\/#breadcrumb\"},\"inLanguage\":\"fr-FR\",\"potentialAction\":[{\"@type\":\"ReadAction\",\"target\":[\"https:\\\/\\\/lasentinelle.dz\\\/index.php\\\/2025\\\/06\\\/02\\\/aid-el-adha-gare-aux-accidents-domestiques\\\/\"]}]},{\"@type\":\"ImageObject\",\"inLanguage\":\"fr-FR\",\"@id\":\"https:\\\/\\\/lasentinelle.dz\\\/index.php\\\/2025\\\/06\\\/02\\\/aid-el-adha-gare-aux-accidents-domestiques\\\/#primaryimage\",\"url\":\"https:\\\/\\\/lasentinelle.dz\\\/wp-content\\\/uploads\\\/2022\\\/03\\\/protection-civile.png\",\"contentUrl\":\"https:\\\/\\\/lasentinelle.dz\\\/wp-content\\\/uploads\\\/2022\\\/03\\\/protection-civile.png\",\"width\":1491,\"height\":900},{\"@type\":\"BreadcrumbList\",\"@id\":\"https:\\\/\\\/lasentinelle.dz\\\/index.php\\\/2025\\\/06\\\/02\\\/aid-el-adha-gare-aux-accidents-domestiques\\\/#breadcrumb\",\"itemListElement\":[{\"@type\":\"ListItem\",\"position\":1,\"name\":\"Accueil\",\"item\":\"https:\\\/\\\/lasentinelle.dz\\\/\"},{\"@type\":\"ListItem\",\"position\":2,\"name\":\"A\u00efd El-Adha : Gare aux accidents domestiques !\"}]},{\"@type\":\"WebSite\",\"@id\":\"https:\\\/\\\/lasentinelle.dz\\\/#website\",\"url\":\"https:\\\/\\\/lasentinelle.dz\\\/\",\"name\":\"La Sentinelle\",\"description\":\"Quotidien national d&#039;information\",\"publisher\":{\"@id\":\"https:\\\/\\\/lasentinelle.dz\\\/#organization\"},\"potentialAction\":[{\"@type\":\"SearchAction\",\"target\":{\"@type\":\"EntryPoint\",\"urlTemplate\":\"https:\\\/\\\/lasentinelle.dz\\\/?s={search_term_string}\"},\"query-input\":{\"@type\":\"PropertyValueSpecification\",\"valueRequired\":true,\"valueName\":\"search_term_string\"}}],\"inLanguage\":\"fr-FR\"},{\"@type\":\"Organization\",\"@id\":\"https:\\\/\\\/lasentinelle.dz\\\/#organization\",\"name\":\"Quotidien La Sentinelle\",\"url\":\"https:\\\/\\\/lasentinelle.dz\\\/\",\"logo\":{\"@type\":\"ImageObject\",\"inLanguage\":\"fr-FR\",\"@id\":\"https:\\\/\\\/lasentinelle.dz\\\/#\\\/schema\\\/logo\\\/image\\\/\",\"url\":\"https:\\\/\\\/lasentinelle.dz\\\/wp-content\\\/uploads\\\/2021\\\/09\\\/logo-sentinelleSLOGAN-1.png\",\"contentUrl\":\"https:\\\/\\\/lasentinelle.dz\\\/wp-content\\\/uploads\\\/2021\\\/09\\\/logo-sentinelleSLOGAN-1.png\",\"width\":615,\"height\":142,\"caption\":\"Quotidien La Sentinelle\"},\"image\":{\"@id\":\"https:\\\/\\\/lasentinelle.dz\\\/#\\\/schema\\\/logo\\\/image\\\/\"},\"sameAs\":[\"https:\\\/\\\/www.facebook.com\\\/La-Sentinelle-104059864394773\"]},{\"@type\":\"Person\",\"@id\":\"https:\\\/\\\/lasentinelle.dz\\\/#\\\/schema\\\/person\\\/729ee0024f24e0b8c5ec17232f8e8b41\",\"name\":\"admin\",\"image\":{\"@type\":\"ImageObject\",\"inLanguage\":\"fr-FR\",\"@id\":\"https:\\\/\\\/secure.gravatar.com\\\/avatar\\\/4c81fed838786e9b53f540bf46533e750f5d292099ae3b66cfc6fb1982e29df7?s=96&d=mm&r=g\",\"url\":\"https:\\\/\\\/secure.gravatar.com\\\/avatar\\\/4c81fed838786e9b53f540bf46533e750f5d292099ae3b66cfc6fb1982e29df7?s=96&d=mm&r=g\",\"contentUrl\":\"https:\\\/\\\/secure.gravatar.com\\\/avatar\\\/4c81fed838786e9b53f540bf46533e750f5d292099ae3b66cfc6fb1982e29df7?s=96&d=mm&r=g\",\"caption\":\"admin\"},\"description\":\"admin\",\"url\":\"https:\\\/\\\/lasentinelle.dz\\\/author\\\/admin\\\/\"}]}<\/script>\n<!-- \/ Yoast SEO plugin. -->","yoast_head_json":{"title":"A\u00efd El-Adha : Gare aux accidents domestiques ! - La Sentinelle","robots":{"index":"index","follow":"follow","max-snippet":"max-snippet:-1","max-image-preview":"max-image-preview:large","max-video-preview":"max-video-preview:-1"},"canonical":"https:\/\/lasentinelle.dz\/index.php\/2025\/06\/02\/aid-el-adha-gare-aux-accidents-domestiques\/","og_locale":"fr_FR","og_type":"article","og_title":"A\u00efd El-Adha : Gare aux accidents domestiques ! - La Sentinelle","og_description":"\u00c0 quelques jours de la c\u00e9l\u00e9bration de l&rsquo;A\u00efd El-Adha, la Direction g\u00e9n\u00e9rale de la Protection civile multiplie les mises en","og_url":"https:\/\/lasentinelle.dz\/index.php\/2025\/06\/02\/aid-el-adha-gare-aux-accidents-domestiques\/","og_site_name":"La Sentinelle","article_publisher":"https:\/\/www.facebook.com\/La-Sentinelle-104059864394773","article_published_time":"2025-06-02T20:15:47+00:00","og_image":[{"width":1491,"height":900,"url":"https:\/\/lasentinelle.dz\/wp-content\/uploads\/2022\/03\/protection-civile.png","type":"image\/png"}],"author":"admin","twitter_card":"summary_large_image","twitter_misc":{"\u00c9crit par":"admin","Dur\u00e9e de lecture estim\u00e9e":"3 minutes"},"schema":{"@context":"https:\/\/schema.org","@graph":[{"@type":"Article","@id":"https:\/\/lasentinelle.dz\/index.php\/2025\/06\/02\/aid-el-adha-gare-aux-accidents-domestiques\/#article","isPartOf":{"@id":"https:\/\/lasentinelle.dz\/index.php\/2025\/06\/02\/aid-el-adha-gare-aux-accidents-domestiques\/"},"author":{"name":"admin","@id":"https:\/\/lasentinelle.dz\/#\/schema\/person\/729ee0024f24e0b8c5ec17232f8e8b41"},"headline":"A\u00efd El-Adha : Gare aux accidents domestiques !","datePublished":"2025-06-02T20:15:47+00:00","mainEntityOfPage":{"@id":"https:\/\/lasentinelle.dz\/index.php\/2025\/06\/02\/aid-el-adha-gare-aux-accidents-domestiques\/"},"wordCount":590,"commentCount":0,"publisher":{"@id":"https:\/\/lasentinelle.dz\/#organization"},"image":{"@id":"https:\/\/lasentinelle.dz\/index.php\/2025\/06\/02\/aid-el-adha-gare-aux-accidents-domestiques\/#primaryimage"},"thumbnailUrl":"https:\/\/lasentinelle.dz\/wp-content\/uploads\/2022\/03\/protection-civile.png","articleSection":["Actualit\u00e9"],"inLanguage":"fr-FR","potentialAction":[{"@type":"CommentAction","name":"Comment","target":["https:\/\/lasentinelle.dz\/index.php\/2025\/06\/02\/aid-el-adha-gare-aux-accidents-domestiques\/#respond"]}]},{"@type":"WebPage","@id":"https:\/\/lasentinelle.dz\/index.php\/2025\/06\/02\/aid-el-adha-gare-aux-accidents-domestiques\/","url":"https:\/\/lasentinelle.dz\/index.php\/2025\/06\/02\/aid-el-adha-gare-aux-accidents-domestiques\/","name":"A\u00efd El-Adha : Gare aux accidents domestiques ! - La Sentinelle","isPartOf":{"@id":"https:\/\/lasentinelle.dz\/#website"},"primaryImageOfPage":{"@id":"https:\/\/lasentinelle.dz\/index.php\/2025\/06\/02\/aid-el-adha-gare-aux-accidents-domestiques\/#primaryimage"},"image":{"@id":"https:\/\/lasentinelle.dz\/index.php\/2025\/06\/02\/aid-el-adha-gare-aux-accidents-domestiques\/#primaryimage"},"thumbnailUrl":"https:\/\/lasentinelle.dz\/wp-content\/uploads\/2022\/03\/protection-civile.png","datePublished":"2025-06-02T20:15:47+00:00","breadcrumb":{"@id":"https:\/\/lasentinelle.dz\/index.php\/2025\/06\/02\/aid-el-adha-gare-aux-accidents-domestiques\/#breadcrumb"},"inLanguage":"fr-FR","potentialAction":[{"@type":"ReadAction","target":["https:\/\/lasentinelle.dz\/index.php\/2025\/06\/02\/aid-el-adha-gare-aux-accidents-domestiques\/"]}]},{"@type":"ImageObject","inLanguage":"fr-FR","@id":"https:\/\/lasentinelle.dz\/index.php\/2025\/06\/02\/aid-el-adha-gare-aux-accidents-domestiques\/#primaryimage","url":"https:\/\/lasentinelle.dz\/wp-content\/uploads\/2022\/03\/protection-civile.png","contentUrl":"https:\/\/lasentinelle.dz\/wp-content\/uploads\/2022\/03\/protection-civile.png","width":1491,"height":900},{"@type":"BreadcrumbList","@id":"https:\/\/lasentinelle.dz\/index.php\/2025\/06\/02\/aid-el-adha-gare-aux-accidents-domestiques\/#breadcrumb","itemListElement":[{"@type":"ListItem","position":1,"name":"Accueil","item":"https:\/\/lasentinelle.dz\/"},{"@type":"ListItem","position":2,"name":"A\u00efd El-Adha : Gare aux accidents domestiques !"}]},{"@type":"WebSite","@id":"https:\/\/lasentinelle.dz\/#website","url":"https:\/\/lasentinelle.dz\/","name":"La Sentinelle","description":"Quotidien national d&#039;information","publisher":{"@id":"https:\/\/lasentinelle.dz\/#organization"},"potentialAction":[{"@type":"SearchAction","target":{"@type":"EntryPoint","urlTemplate":"https:\/\/lasentinelle.dz\/?s={search_term_string}"},"query-input":{"@type":"PropertyValueSpecification","valueRequired":true,"valueName":"search_term_string"}}],"inLanguage":"fr-FR"},{"@type":"Organization","@id":"https:\/\/lasentinelle.dz\/#organization","name":"Quotidien La Sentinelle","url":"https:\/\/lasentinelle.dz\/","logo":{"@type":"ImageObject","inLanguage":"fr-FR","@id":"https:\/\/lasentinelle.dz\/#\/schema\/logo\/image\/","url":"https:\/\/lasentinelle.dz\/wp-content\/uploads\/2021\/09\/logo-sentinelleSLOGAN-1.png","contentUrl":"https:\/\/lasentinelle.dz\/wp-content\/uploads\/2021\/09\/logo-sentinelleSLOGAN-1.png","width":615,"height":142,"caption":"Quotidien La Sentinelle"},"image":{"@id":"https:\/\/lasentinelle.dz\/#\/schema\/logo\/image\/"},"sameAs":["https:\/\/www.facebook.com\/La-Sentinelle-104059864394773"]},{"@type":"Person","@id":"https:\/\/lasentinelle.dz\/#\/schema\/person\/729ee0024f24e0b8c5ec17232f8e8b41","name":"admin","image":{"@type":"ImageObject","inLanguage":"fr-FR","@id":"https:\/\/secure.gravatar.com\/avatar\/4c81fed838786e9b53f540bf46533e750f5d292099ae3b66cfc6fb1982e29df7?s=96&d=mm&r=g","url":"https:\/\/secure.gravatar.com\/avatar\/4c81fed838786e9b53f540bf46533e750f5d292099ae3b66cfc6fb1982e29df7?s=96&d=mm&r=g","contentUrl":"https:\/\/secure.gravatar.com\/avatar\/4c81fed838786e9b53f540bf46533e750f5d292099ae3b66cfc6fb1982e29df7?s=96&d=mm&r=g","caption":"admin"},"description":"admin","url":"https:\/\/lasentinelle.dz\/author\/admin\/"}]}},"_links":{"self":[{"href":"https:\/\/lasentinelle.dz\/index.php\/wp-json\/wp\/v2\/posts\/68330","targetHints":{"allow":["GET"]}}],"collection":[{"href":"https:\/\/lasentinelle.dz\/index.php\/wp-json\/wp\/v2\/posts"}],"about":[{"href":"https:\/\/lasentinelle.dz\/index.php\/wp-json\/wp\/v2\/types\/post"}],"author":[{"embeddable":true,"href":"https:\/\/lasentinelle.dz\/index.php\/wp-json\/wp\/v2\/users\/6"}],"replies":[{"embeddable":true,"href":"https:\/\/lasentinelle.dz\/index.php\/wp-json\/wp\/v2\/comments?post=68330"}],"version-history":[{"count":1,"href":"https:\/\/lasentinelle.dz\/index.php\/wp-json\/wp\/v2\/posts\/68330\/revisions"}],"predecessor-version":[{"id":68331,"href":"https:\/\/lasentinelle.dz\/index.php\/wp-json\/wp\/v2\/posts\/68330\/revisions\/68331"}],"wp:featuredmedia":[{"embeddable":true,"href":"https:\/\/lasentinelle.dz\/index.php\/wp-json\/wp\/v2\/media\/17760"}],"wp:attachment":[{"href":"https:\/\/lasentinelle.dz\/index.php\/wp-json\/wp\/v2\/media?parent=68330"}],"wp:term":[{"taxonomy":"category","embeddable":true,"href":"https:\/\/lasentinelle.dz\/index.php\/wp-json\/wp\/v2\/categories?post=68330"},{"taxonomy":"post_tag","embeddable":true,"href":"https:\/\/lasentinelle.dz\/index.php\/wp-json\/wp\/v2\/tags?post=68330"}],"curies":[{"name":"wp","href":"https:\/\/api.w.org\/{rel}","templated":true}]}}