{"id":68350,"date":"2025-06-02T21:22:39","date_gmt":"2025-06-02T20:22:39","guid":{"rendered":"https:\/\/lasentinelle.dz\/?p=68350"},"modified":"2025-06-02T21:22:40","modified_gmt":"2025-06-02T20:22:40","slug":"tour-du-cameroun-2025-six-cyclistes-algeriens-au-rendez-vous","status":"publish","type":"post","link":"https:\/\/lasentinelle.dz\/index.php\/2025\/06\/02\/tour-du-cameroun-2025-six-cyclistes-algeriens-au-rendez-vous\/","title":{"rendered":"Tour du Cameroun 2025: Six cyclistes alg\u00e9riens au rendez-vous"},"content":{"rendered":"\n<p>La d\u00e9l\u00e9gation alg\u00e9rienne de cyclisme s&rsquo;appr\u00eate \u00e0 prendre le d\u00e9part d&rsquo;un nouveau tournoi africain avec la participation de six coureurs au Tour Cycliste International du Cameroun 2025, une comp\u00e9tition de prestige qui se d\u00e9roulera du 4 au 15 juin \u00e0 travers les paysages vari\u00e9s du pays d&rsquo;Afrique centrale.<\/p>\n\n\n\n<p>La s\u00e9lection, compos\u00e9e d&rsquo;Abdallah Benyoucef, Mohamed-Nadjib Assel, Mohamed Daid, Slimane Badlis, Islam Mansouri et Zaki Boudar, \u00e9voluera sous la houlette de l&rsquo;entra\u00eeneur national Khalil Tamarent, assist\u00e9 par le m\u00e9canicien Kamel Benguenif, formant ainsi une \u00e9quipe technique exp\u00e9riment\u00e9e pr\u00eate \u00e0 relever les d\u00e9fis de cette \u00e9preuve continentale. La vingt-et-uni\u00e8me \u00e9dition de cette course embl\u00e9matique promet d&rsquo;\u00eatre particuli\u00e8rement spectaculaire avec un parcours ambitieux de dix \u00e9tapes qui traversera sept des dix r\u00e9gions du Cameroun, offrant aux coureurs un v\u00e9ritable voyage \u00e0 travers la diversit\u00e9 g\u00e9ographique et climatique du pays. De l&rsquo;Extr\u00eame-Nord au Sud, les cyclistes d\u00e9couvriront des paysages contrast\u00e9s qui mettront \u00e0 l&rsquo;\u00e9preuve leur endurance et leur capacit\u00e9 d&rsquo;adaptation aux conditions locales. Le coup d&rsquo;envoi officiel sera donn\u00e9 le mercredi 4 juin dans l&rsquo;Extr\u00eame-Nord \u00e0 Maroua avec une premi\u00e8re \u00e9tape de 127,9 kilom\u00e8tres qui reliera Maroua \u00e0 Mora avant de revenir au point de d\u00e9part, \u00e9tablissant d&#8217;embl\u00e9e le caract\u00e8re exigeant de cette comp\u00e9tition. Le parcours se poursuivra le jeudi 5 juin avec une deuxi\u00e8me \u00e9tape de 110 kilom\u00e8tres entre Maroua et Figuil, puis le vendredi 6 juin par une troisi\u00e8me \u00e9tape plus courte de 80 kilom\u00e8tres en circuit ferm\u00e9 autour de Garoua. Apr\u00e8s une journ\u00e9e de repos le samedi, les coureurs reprendront la route le dimanche 8 juin pour rejoindre la capitale Yaound\u00e9 depuis Bafia sur un parcours de 122,8 kilom\u00e8tres, avant d&rsquo;encha\u00eener le lundi 9 juin avec la plus courte \u00e9tape du tour, 38 kilom\u00e8tres en boucle entre Tonga et Bagangt\u00e9. La sixi\u00e8me \u00e9tape du mardi 10 juin conduira le peloton de Kompina \u00e0 Limbe sur 86,77 kilom\u00e8tres, suivie le mercredi 11 juin d&rsquo;un circuit de 116 kilom\u00e8tres autour de Douala, poumon \u00e9conomique du pays. L&rsquo;avant-derni\u00e8re \u00e9tape du jeudi 12 juin s&rsquo;annonce comme la plus longue avec 163,1 kilom\u00e8tres reliant Douala \u00e0 Kribi, station baln\u00e9aire pris\u00e9e de la c\u00f4te atlantique. Le week-end final d\u00e9butera le samedi 14 juin avec une \u00e9tape de 157 kilom\u00e8tres entre Pouma et Yaound\u00e9 via l&rsquo;autoroute de Boumnyebel, avant l&rsquo;apoth\u00e9ose finale du dimanche 15 juin sur les 108,1 kilom\u00e8tres s\u00e9parant Goulemako de Yaound\u00e9. Cette participation alg\u00e9rienne s&rsquo;inscrit dans un contexte international relev\u00e9 avec la pr\u00e9sence confirm\u00e9e de plusieurs nations africaines dont le B\u00e9nin, le Burkina Faso et la C\u00f4te d&rsquo;Ivoire, t\u00e9moignant de l&rsquo;attractivit\u00e9 croissante de cette \u00e9preuve sur le continent. La dimension internationale sera renforc\u00e9e par la participation d&rsquo;\u00e9quipes europ\u00e9ennes venues de Hollande, d&rsquo;Allemagne et de Pologne, apportant une expertise technique suppl\u00e9mentaire et \u00e9levant le niveau g\u00e9n\u00e9ral de la comp\u00e9tition. Le pays h\u00f4te sera repr\u00e9sent\u00e9 par trois formations distinctes, l&rsquo;\u00e9quipe nationale camerounaise, le SNH Velo Club et Espoir du Mboa, garantissant un soutien populaire important tout au long du parcours. Pour<\/p>\n\n\n\n<p>M. Dahleb<\/p>\n","protected":false},"excerpt":{"rendered":"<p>La d\u00e9l\u00e9gation alg\u00e9rienne de cyclisme s&rsquo;appr\u00eate \u00e0 prendre le d\u00e9part d&rsquo;un nouveau tournoi africain avec la participation de six coureurs<\/p>\n","protected":false},"author":6,"featured_media":68351,"comment_status":"open","ping_status":"closed","sticky":false,"template":"","format":"standard","meta":{"colormag_page_container_layout":"default_layout","colormag_page_sidebar_layout":"default_layout","om_disable_all_campaigns":false,"_monsterinsights_skip_tracking":false,"_monsterinsights_sitenote_active":false,"_monsterinsights_sitenote_note":"","_monsterinsights_sitenote_category":0,"footnotes":"","_wpscppro_dont_share_socialmedia":false,"_wpscppro_custom_social_share_image":0,"_facebook_share_type":"default","_twitter_share_type":"default","_linkedin_share_type":"default","_pinterest_share_type":"default","_linkedin_share_type_page":"","_instagram_share_type":"default","_medium_share_type":"default","_threads_share_type":"","_google_business_share_type":"","_selected_social_profile":[],"_wpsp_enable_custom_social_template":false,"_wpsp_social_scheduling":{"enabled":false,"datetime":null,"platforms":[],"status":"template_only","dateOption":"today","timeOption":"now","customDays":"","customHours":"","customDate":"","customTime":"","schedulingType":"absolute"},"_wpsp_active_default_template":true},"categories":[33],"tags":[],"class_list":["post-68350","post","type-post","status-publish","format-standard","has-post-thumbnail","hentry","category-sports"],"aioseo_notices":[],"yoast_head":"<!-- This site is optimized with the Yoast SEO plugin v27.5 - https:\/\/yoast.com\/product\/yoast-seo-wordpress\/ -->\n<title>Tour du Cameroun 2025: Six cyclistes alg\u00e9riens au rendez-vous - La Sentinelle<\/title>\n<meta name=\"robots\" content=\"index, follow, max-snippet:-1, max-image-preview:large, max-video-preview:-1\" \/>\n<link rel=\"canonical\" href=\"https:\/\/lasentinelle.dz\/index.php\/2025\/06\/02\/tour-du-cameroun-2025-six-cyclistes-algeriens-au-rendez-vous\/\" \/>\n<meta property=\"og:locale\" content=\"fr_FR\" \/>\n<meta property=\"og:type\" content=\"article\" \/>\n<meta property=\"og:title\" content=\"Tour du Cameroun 2025: Six cyclistes alg\u00e9riens au rendez-vous - La Sentinelle\" \/>\n<meta property=\"og:description\" content=\"La d\u00e9l\u00e9gation alg\u00e9rienne de cyclisme s&rsquo;appr\u00eate \u00e0 prendre le d\u00e9part d&rsquo;un nouveau tournoi africain avec la participation de six coureurs\" \/>\n<meta property=\"og:url\" content=\"https:\/\/lasentinelle.dz\/index.php\/2025\/06\/02\/tour-du-cameroun-2025-six-cyclistes-algeriens-au-rendez-vous\/\" \/>\n<meta property=\"og:site_name\" content=\"La Sentinelle\" \/>\n<meta property=\"article:publisher\" content=\"https:\/\/www.facebook.com\/La-Sentinelle-104059864394773\" \/>\n<meta property=\"article:published_time\" content=\"2025-06-02T20:22:39+00:00\" \/>\n<meta property=\"article:modified_time\" content=\"2025-06-02T20:22:40+00:00\" \/>\n<meta property=\"og:image\" content=\"https:\/\/lasentinelle.dz\/wp-content\/uploads\/2025\/06\/velo.jpg\" \/>\n\t<meta property=\"og:image:width\" content=\"600\" \/>\n\t<meta property=\"og:image:height\" content=\"402\" \/>\n\t<meta property=\"og:image:type\" content=\"image\/jpeg\" \/>\n<meta name=\"author\" content=\"admin\" \/>\n<meta name=\"twitter:card\" content=\"summary_large_image\" \/>\n<meta name=\"twitter:label1\" content=\"\u00c9crit par\" \/>\n\t<meta name=\"twitter:data1\" content=\"admin\" \/>\n\t<meta name=\"twitter:label2\" content=\"Dur\u00e9e de lecture estim\u00e9e\" \/>\n\t<meta name=\"twitter:data2\" content=\"3 minutes\" \/>\n<script type=\"application\/ld+json\" class=\"yoast-schema-graph\">{\"@context\":\"https:\\\/\\\/schema.org\",\"@graph\":[{\"@type\":\"Article\",\"@id\":\"https:\\\/\\\/lasentinelle.dz\\\/index.php\\\/2025\\\/06\\\/02\\\/tour-du-cameroun-2025-six-cyclistes-algeriens-au-rendez-vous\\\/#article\",\"isPartOf\":{\"@id\":\"https:\\\/\\\/lasentinelle.dz\\\/index.php\\\/2025\\\/06\\\/02\\\/tour-du-cameroun-2025-six-cyclistes-algeriens-au-rendez-vous\\\/\"},\"author\":{\"name\":\"admin\",\"@id\":\"https:\\\/\\\/lasentinelle.dz\\\/#\\\/schema\\\/person\\\/729ee0024f24e0b8c5ec17232f8e8b41\"},\"headline\":\"Tour du Cameroun 2025: Six cyclistes alg\u00e9riens au rendez-vous\",\"datePublished\":\"2025-06-02T20:22:39+00:00\",\"dateModified\":\"2025-06-02T20:22:40+00:00\",\"mainEntityOfPage\":{\"@id\":\"https:\\\/\\\/lasentinelle.dz\\\/index.php\\\/2025\\\/06\\\/02\\\/tour-du-cameroun-2025-six-cyclistes-algeriens-au-rendez-vous\\\/\"},\"wordCount\":553,\"commentCount\":0,\"publisher\":{\"@id\":\"https:\\\/\\\/lasentinelle.dz\\\/#organization\"},\"image\":{\"@id\":\"https:\\\/\\\/lasentinelle.dz\\\/index.php\\\/2025\\\/06\\\/02\\\/tour-du-cameroun-2025-six-cyclistes-algeriens-au-rendez-vous\\\/#primaryimage\"},\"thumbnailUrl\":\"https:\\\/\\\/lasentinelle.dz\\\/wp-content\\\/uploads\\\/2025\\\/06\\\/velo.jpg\",\"articleSection\":[\"Sports\"],\"inLanguage\":\"fr-FR\",\"potentialAction\":[{\"@type\":\"CommentAction\",\"name\":\"Comment\",\"target\":[\"https:\\\/\\\/lasentinelle.dz\\\/index.php\\\/2025\\\/06\\\/02\\\/tour-du-cameroun-2025-six-cyclistes-algeriens-au-rendez-vous\\\/#respond\"]}]},{\"@type\":\"WebPage\",\"@id\":\"https:\\\/\\\/lasentinelle.dz\\\/index.php\\\/2025\\\/06\\\/02\\\/tour-du-cameroun-2025-six-cyclistes-algeriens-au-rendez-vous\\\/\",\"url\":\"https:\\\/\\\/lasentinelle.dz\\\/index.php\\\/2025\\\/06\\\/02\\\/tour-du-cameroun-2025-six-cyclistes-algeriens-au-rendez-vous\\\/\",\"name\":\"Tour du Cameroun 2025: Six cyclistes alg\u00e9riens au rendez-vous - La Sentinelle\",\"isPartOf\":{\"@id\":\"https:\\\/\\\/lasentinelle.dz\\\/#website\"},\"primaryImageOfPage\":{\"@id\":\"https:\\\/\\\/lasentinelle.dz\\\/index.php\\\/2025\\\/06\\\/02\\\/tour-du-cameroun-2025-six-cyclistes-algeriens-au-rendez-vous\\\/#primaryimage\"},\"image\":{\"@id\":\"https:\\\/\\\/lasentinelle.dz\\\/index.php\\\/2025\\\/06\\\/02\\\/tour-du-cameroun-2025-six-cyclistes-algeriens-au-rendez-vous\\\/#primaryimage\"},\"thumbnailUrl\":\"https:\\\/\\\/lasentinelle.dz\\\/wp-content\\\/uploads\\\/2025\\\/06\\\/velo.jpg\",\"datePublished\":\"2025-06-02T20:22:39+00:00\",\"dateModified\":\"2025-06-02T20:22:40+00:00\",\"breadcrumb\":{\"@id\":\"https:\\\/\\\/lasentinelle.dz\\\/index.php\\\/2025\\\/06\\\/02\\\/tour-du-cameroun-2025-six-cyclistes-algeriens-au-rendez-vous\\\/#breadcrumb\"},\"inLanguage\":\"fr-FR\",\"potentialAction\":[{\"@type\":\"ReadAction\",\"target\":[\"https:\\\/\\\/lasentinelle.dz\\\/index.php\\\/2025\\\/06\\\/02\\\/tour-du-cameroun-2025-six-cyclistes-algeriens-au-rendez-vous\\\/\"]}]},{\"@type\":\"ImageObject\",\"inLanguage\":\"fr-FR\",\"@id\":\"https:\\\/\\\/lasentinelle.dz\\\/index.php\\\/2025\\\/06\\\/02\\\/tour-du-cameroun-2025-six-cyclistes-algeriens-au-rendez-vous\\\/#primaryimage\",\"url\":\"https:\\\/\\\/lasentinelle.dz\\\/wp-content\\\/uploads\\\/2025\\\/06\\\/velo.jpg\",\"contentUrl\":\"https:\\\/\\\/lasentinelle.dz\\\/wp-content\\\/uploads\\\/2025\\\/06\\\/velo.jpg\",\"width\":600,\"height\":402},{\"@type\":\"BreadcrumbList\",\"@id\":\"https:\\\/\\\/lasentinelle.dz\\\/index.php\\\/2025\\\/06\\\/02\\\/tour-du-cameroun-2025-six-cyclistes-algeriens-au-rendez-vous\\\/#breadcrumb\",\"itemListElement\":[{\"@type\":\"ListItem\",\"position\":1,\"name\":\"Accueil\",\"item\":\"https:\\\/\\\/lasentinelle.dz\\\/\"},{\"@type\":\"ListItem\",\"position\":2,\"name\":\"Tour du Cameroun 2025: Six cyclistes alg\u00e9riens au rendez-vous\"}]},{\"@type\":\"WebSite\",\"@id\":\"https:\\\/\\\/lasentinelle.dz\\\/#website\",\"url\":\"https:\\\/\\\/lasentinelle.dz\\\/\",\"name\":\"La Sentinelle\",\"description\":\"Quotidien national d&#039;information\",\"publisher\":{\"@id\":\"https:\\\/\\\/lasentinelle.dz\\\/#organization\"},\"potentialAction\":[{\"@type\":\"SearchAction\",\"target\":{\"@type\":\"EntryPoint\",\"urlTemplate\":\"https:\\\/\\\/lasentinelle.dz\\\/?s={search_term_string}\"},\"query-input\":{\"@type\":\"PropertyValueSpecification\",\"valueRequired\":true,\"valueName\":\"search_term_string\"}}],\"inLanguage\":\"fr-FR\"},{\"@type\":\"Organization\",\"@id\":\"https:\\\/\\\/lasentinelle.dz\\\/#organization\",\"name\":\"Quotidien La Sentinelle\",\"url\":\"https:\\\/\\\/lasentinelle.dz\\\/\",\"logo\":{\"@type\":\"ImageObject\",\"inLanguage\":\"fr-FR\",\"@id\":\"https:\\\/\\\/lasentinelle.dz\\\/#\\\/schema\\\/logo\\\/image\\\/\",\"url\":\"https:\\\/\\\/lasentinelle.dz\\\/wp-content\\\/uploads\\\/2021\\\/09\\\/logo-sentinelleSLOGAN-1.png\",\"contentUrl\":\"https:\\\/\\\/lasentinelle.dz\\\/wp-content\\\/uploads\\\/2021\\\/09\\\/logo-sentinelleSLOGAN-1.png\",\"width\":615,\"height\":142,\"caption\":\"Quotidien La Sentinelle\"},\"image\":{\"@id\":\"https:\\\/\\\/lasentinelle.dz\\\/#\\\/schema\\\/logo\\\/image\\\/\"},\"sameAs\":[\"https:\\\/\\\/www.facebook.com\\\/La-Sentinelle-104059864394773\"]},{\"@type\":\"Person\",\"@id\":\"https:\\\/\\\/lasentinelle.dz\\\/#\\\/schema\\\/person\\\/729ee0024f24e0b8c5ec17232f8e8b41\",\"name\":\"admin\",\"image\":{\"@type\":\"ImageObject\",\"inLanguage\":\"fr-FR\",\"@id\":\"https:\\\/\\\/secure.gravatar.com\\\/avatar\\\/4c81fed838786e9b53f540bf46533e750f5d292099ae3b66cfc6fb1982e29df7?s=96&d=mm&r=g\",\"url\":\"https:\\\/\\\/secure.gravatar.com\\\/avatar\\\/4c81fed838786e9b53f540bf46533e750f5d292099ae3b66cfc6fb1982e29df7?s=96&d=mm&r=g\",\"contentUrl\":\"https:\\\/\\\/secure.gravatar.com\\\/avatar\\\/4c81fed838786e9b53f540bf46533e750f5d292099ae3b66cfc6fb1982e29df7?s=96&d=mm&r=g\",\"caption\":\"admin\"},\"description\":\"admin\",\"url\":\"https:\\\/\\\/lasentinelle.dz\\\/author\\\/admin\\\/\"}]}<\/script>\n<!-- \/ Yoast SEO plugin. -->","yoast_head_json":{"title":"Tour du Cameroun 2025: Six cyclistes alg\u00e9riens au rendez-vous - La Sentinelle","robots":{"index":"index","follow":"follow","max-snippet":"max-snippet:-1","max-image-preview":"max-image-preview:large","max-video-preview":"max-video-preview:-1"},"canonical":"https:\/\/lasentinelle.dz\/index.php\/2025\/06\/02\/tour-du-cameroun-2025-six-cyclistes-algeriens-au-rendez-vous\/","og_locale":"fr_FR","og_type":"article","og_title":"Tour du Cameroun 2025: Six cyclistes alg\u00e9riens au rendez-vous - La Sentinelle","og_description":"La d\u00e9l\u00e9gation alg\u00e9rienne de cyclisme s&rsquo;appr\u00eate \u00e0 prendre le d\u00e9part d&rsquo;un nouveau tournoi africain avec la participation de six coureurs","og_url":"https:\/\/lasentinelle.dz\/index.php\/2025\/06\/02\/tour-du-cameroun-2025-six-cyclistes-algeriens-au-rendez-vous\/","og_site_name":"La Sentinelle","article_publisher":"https:\/\/www.facebook.com\/La-Sentinelle-104059864394773","article_published_time":"2025-06-02T20:22:39+00:00","article_modified_time":"2025-06-02T20:22:40+00:00","og_image":[{"width":600,"height":402,"url":"https:\/\/lasentinelle.dz\/wp-content\/uploads\/2025\/06\/velo.jpg","type":"image\/jpeg"}],"author":"admin","twitter_card":"summary_large_image","twitter_misc":{"\u00c9crit par":"admin","Dur\u00e9e de lecture estim\u00e9e":"3 minutes"},"schema":{"@context":"https:\/\/schema.org","@graph":[{"@type":"Article","@id":"https:\/\/lasentinelle.dz\/index.php\/2025\/06\/02\/tour-du-cameroun-2025-six-cyclistes-algeriens-au-rendez-vous\/#article","isPartOf":{"@id":"https:\/\/lasentinelle.dz\/index.php\/2025\/06\/02\/tour-du-cameroun-2025-six-cyclistes-algeriens-au-rendez-vous\/"},"author":{"name":"admin","@id":"https:\/\/lasentinelle.dz\/#\/schema\/person\/729ee0024f24e0b8c5ec17232f8e8b41"},"headline":"Tour du Cameroun 2025: Six cyclistes alg\u00e9riens au rendez-vous","datePublished":"2025-06-02T20:22:39+00:00","dateModified":"2025-06-02T20:22:40+00:00","mainEntityOfPage":{"@id":"https:\/\/lasentinelle.dz\/index.php\/2025\/06\/02\/tour-du-cameroun-2025-six-cyclistes-algeriens-au-rendez-vous\/"},"wordCount":553,"commentCount":0,"publisher":{"@id":"https:\/\/lasentinelle.dz\/#organization"},"image":{"@id":"https:\/\/lasentinelle.dz\/index.php\/2025\/06\/02\/tour-du-cameroun-2025-six-cyclistes-algeriens-au-rendez-vous\/#primaryimage"},"thumbnailUrl":"https:\/\/lasentinelle.dz\/wp-content\/uploads\/2025\/06\/velo.jpg","articleSection":["Sports"],"inLanguage":"fr-FR","potentialAction":[{"@type":"CommentAction","name":"Comment","target":["https:\/\/lasentinelle.dz\/index.php\/2025\/06\/02\/tour-du-cameroun-2025-six-cyclistes-algeriens-au-rendez-vous\/#respond"]}]},{"@type":"WebPage","@id":"https:\/\/lasentinelle.dz\/index.php\/2025\/06\/02\/tour-du-cameroun-2025-six-cyclistes-algeriens-au-rendez-vous\/","url":"https:\/\/lasentinelle.dz\/index.php\/2025\/06\/02\/tour-du-cameroun-2025-six-cyclistes-algeriens-au-rendez-vous\/","name":"Tour du Cameroun 2025: Six cyclistes alg\u00e9riens au rendez-vous - La Sentinelle","isPartOf":{"@id":"https:\/\/lasentinelle.dz\/#website"},"primaryImageOfPage":{"@id":"https:\/\/lasentinelle.dz\/index.php\/2025\/06\/02\/tour-du-cameroun-2025-six-cyclistes-algeriens-au-rendez-vous\/#primaryimage"},"image":{"@id":"https:\/\/lasentinelle.dz\/index.php\/2025\/06\/02\/tour-du-cameroun-2025-six-cyclistes-algeriens-au-rendez-vous\/#primaryimage"},"thumbnailUrl":"https:\/\/lasentinelle.dz\/wp-content\/uploads\/2025\/06\/velo.jpg","datePublished":"2025-06-02T20:22:39+00:00","dateModified":"2025-06-02T20:22:40+00:00","breadcrumb":{"@id":"https:\/\/lasentinelle.dz\/index.php\/2025\/06\/02\/tour-du-cameroun-2025-six-cyclistes-algeriens-au-rendez-vous\/#breadcrumb"},"inLanguage":"fr-FR","potentialAction":[{"@type":"ReadAction","target":["https:\/\/lasentinelle.dz\/index.php\/2025\/06\/02\/tour-du-cameroun-2025-six-cyclistes-algeriens-au-rendez-vous\/"]}]},{"@type":"ImageObject","inLanguage":"fr-FR","@id":"https:\/\/lasentinelle.dz\/index.php\/2025\/06\/02\/tour-du-cameroun-2025-six-cyclistes-algeriens-au-rendez-vous\/#primaryimage","url":"https:\/\/lasentinelle.dz\/wp-content\/uploads\/2025\/06\/velo.jpg","contentUrl":"https:\/\/lasentinelle.dz\/wp-content\/uploads\/2025\/06\/velo.jpg","width":600,"height":402},{"@type":"BreadcrumbList","@id":"https:\/\/lasentinelle.dz\/index.php\/2025\/06\/02\/tour-du-cameroun-2025-six-cyclistes-algeriens-au-rendez-vous\/#breadcrumb","itemListElement":[{"@type":"ListItem","position":1,"name":"Accueil","item":"https:\/\/lasentinelle.dz\/"},{"@type":"ListItem","position":2,"name":"Tour du Cameroun 2025: Six cyclistes alg\u00e9riens au rendez-vous"}]},{"@type":"WebSite","@id":"https:\/\/lasentinelle.dz\/#website","url":"https:\/\/lasentinelle.dz\/","name":"La Sentinelle","description":"Quotidien national d&#039;information","publisher":{"@id":"https:\/\/lasentinelle.dz\/#organization"},"potentialAction":[{"@type":"SearchAction","target":{"@type":"EntryPoint","urlTemplate":"https:\/\/lasentinelle.dz\/?s={search_term_string}"},"query-input":{"@type":"PropertyValueSpecification","valueRequired":true,"valueName":"search_term_string"}}],"inLanguage":"fr-FR"},{"@type":"Organization","@id":"https:\/\/lasentinelle.dz\/#organization","name":"Quotidien La Sentinelle","url":"https:\/\/lasentinelle.dz\/","logo":{"@type":"ImageObject","inLanguage":"fr-FR","@id":"https:\/\/lasentinelle.dz\/#\/schema\/logo\/image\/","url":"https:\/\/lasentinelle.dz\/wp-content\/uploads\/2021\/09\/logo-sentinelleSLOGAN-1.png","contentUrl":"https:\/\/lasentinelle.dz\/wp-content\/uploads\/2021\/09\/logo-sentinelleSLOGAN-1.png","width":615,"height":142,"caption":"Quotidien La Sentinelle"},"image":{"@id":"https:\/\/lasentinelle.dz\/#\/schema\/logo\/image\/"},"sameAs":["https:\/\/www.facebook.com\/La-Sentinelle-104059864394773"]},{"@type":"Person","@id":"https:\/\/lasentinelle.dz\/#\/schema\/person\/729ee0024f24e0b8c5ec17232f8e8b41","name":"admin","image":{"@type":"ImageObject","inLanguage":"fr-FR","@id":"https:\/\/secure.gravatar.com\/avatar\/4c81fed838786e9b53f540bf46533e750f5d292099ae3b66cfc6fb1982e29df7?s=96&d=mm&r=g","url":"https:\/\/secure.gravatar.com\/avatar\/4c81fed838786e9b53f540bf46533e750f5d292099ae3b66cfc6fb1982e29df7?s=96&d=mm&r=g","contentUrl":"https:\/\/secure.gravatar.com\/avatar\/4c81fed838786e9b53f540bf46533e750f5d292099ae3b66cfc6fb1982e29df7?s=96&d=mm&r=g","caption":"admin"},"description":"admin","url":"https:\/\/lasentinelle.dz\/author\/admin\/"}]}},"_links":{"self":[{"href":"https:\/\/lasentinelle.dz\/index.php\/wp-json\/wp\/v2\/posts\/68350","targetHints":{"allow":["GET"]}}],"collection":[{"href":"https:\/\/lasentinelle.dz\/index.php\/wp-json\/wp\/v2\/posts"}],"about":[{"href":"https:\/\/lasentinelle.dz\/index.php\/wp-json\/wp\/v2\/types\/post"}],"author":[{"embeddable":true,"href":"https:\/\/lasentinelle.dz\/index.php\/wp-json\/wp\/v2\/users\/6"}],"replies":[{"embeddable":true,"href":"https:\/\/lasentinelle.dz\/index.php\/wp-json\/wp\/v2\/comments?post=68350"}],"version-history":[{"count":1,"href":"https:\/\/lasentinelle.dz\/index.php\/wp-json\/wp\/v2\/posts\/68350\/revisions"}],"predecessor-version":[{"id":68352,"href":"https:\/\/lasentinelle.dz\/index.php\/wp-json\/wp\/v2\/posts\/68350\/revisions\/68352"}],"wp:featuredmedia":[{"embeddable":true,"href":"https:\/\/lasentinelle.dz\/index.php\/wp-json\/wp\/v2\/media\/68351"}],"wp:attachment":[{"href":"https:\/\/lasentinelle.dz\/index.php\/wp-json\/wp\/v2\/media?parent=68350"}],"wp:term":[{"taxonomy":"category","embeddable":true,"href":"https:\/\/lasentinelle.dz\/index.php\/wp-json\/wp\/v2\/categories?post=68350"},{"taxonomy":"post_tag","embeddable":true,"href":"https:\/\/lasentinelle.dz\/index.php\/wp-json\/wp\/v2\/tags?post=68350"}],"curies":[{"name":"wp","href":"https:\/\/api.w.org\/{rel}","templated":true}]}}