{"id":68356,"date":"2025-06-02T21:24:18","date_gmt":"2025-06-02T20:24:18","guid":{"rendered":"https:\/\/lasentinelle.dz\/?p=68356"},"modified":"2025-06-02T21:24:19","modified_gmt":"2025-06-02T20:24:19","slug":"equipe-nationale-abougherra-convoque-23-joueurs","status":"publish","type":"post","link":"https:\/\/lasentinelle.dz\/index.php\/2025\/06\/02\/equipe-nationale-abougherra-convoque-23-joueurs\/","title":{"rendered":"\u00c9quipe nationale A&rsquo;:Bougherra convoque 23 joueurs"},"content":{"rendered":"\n<p>L&rsquo;\u00e9quipe nationale A&rsquo; d&rsquo;Alg\u00e9rie, compos\u00e9e exclusivement de joueurs \u00e9voluant dans le championnat local, se pr\u00e9pare activement pour un d\u00e9fi de taille avec des objectifs clairement d\u00e9finis pour les mois \u00e0 venir.<\/p>\n\n\n\n<p>Madjid Bougherra, qui dirige cette s\u00e9lection depuis sa prise de fonction, vient de d\u00e9voiler une liste de 23 joueurs pour affronter le Rwanda lors d&rsquo;un test amical programm\u00e9 le lundi 9 juin au stade Mustapha-Tchaker de Blida, un rendez-vous fix\u00e9 \u00e0 20 heures qui s&rsquo;inscrit dans une pr\u00e9paration m\u00e9thodique vers des \u00e9ch\u00e9ances autrement plus importantes. Dans cette liste, la JS Kabylie et le CR Belouizdad qui trustent les premi\u00e8res places en fournissant chacun cinq repr\u00e9sentants, t\u00e9moignant ainsi de la qualit\u00e9 et de la r\u00e9gularit\u00e9 de leurs effectifs au plus haut niveau national. Les joueurs retenus se retrouveront d\u00e8s vendredi pour entamer un mini-stage de pr\u00e9paration d&rsquo;une dur\u00e9e de quatre jours, p\u00e9riode durant laquelle l&rsquo;encadrement technique peaufinera les derniers r\u00e9glages tactiques et physiques avant cette confrontation face aux Amavubi rwandais. Cette rencontre intervient d&rsquo;ailleurs dans un contexte particulier puisque l&rsquo;\u00e9quipe A du Rwanda, dirig\u00e9e par l&rsquo;Alg\u00e9rien Adel Amrouche, disputera auparavant un match face aux poulains de Vladimir Petkovic jeudi au stade Chahid-Hamlaoui de Constantine \u00e0 18 heures, cr\u00e9ant ainsi une semaine dense en confrontations entre les deux nations. La s\u00e9lection A&rsquo; aaborde cette p\u00e9riode avec la confiance d&rsquo;une qualification acquise pour la phase finale du Championnat d&rsquo;Afrique des nations, le fameux CHAN-2024 report\u00e9 \u00e0 2025, apr\u00e8s avoir \u00e9limin\u00e9 la Gambie lors des barrages qualificatifs par un score cumul\u00e9 de 3-0, avec un match nul vierge \u00e0 l&rsquo;ext\u00e9rieur \u00e0 Bakau suivi d&rsquo;une victoire convaincante 3-0 \u00e0 domicile \u00e0 Annaba. Le tirage au sort a plac\u00e9 l&rsquo;Alg\u00e9rie dans le groupe C de cette comp\u00e9tition continentale o\u00f9 elle affrontera l&rsquo;Ouganda, le Niger, la Guin\u00e9e et l&rsquo;Afrique du Sud, cette derni\u00e8re ayant \u00e9galement d\u00e9croch\u00e9 sa qualification \u00e0 l&rsquo;issue des barrages, promettant des confrontations \u00e9quilibr\u00e9es et disput\u00e9es. Mais c&rsquo;est surtout vers la Coupe Arabe de la FIFA, pr\u00e9vue du 1er au 18 d\u00e9cembre 2025 au Qatar, que se tournent tous les regards et toutes les ambitions de Madjid Bougherra et de ses hommes. Tenant du titre acquis en 2021 lors d&rsquo;une \u00e9dition m\u00e9morable qui avait marqu\u00e9 les esprits par la qualit\u00e9 du football alg\u00e9rien et l&rsquo;engouement populaire suscit\u00e9, l&rsquo;Alg\u00e9rie ne cache pas ses ambitions pour cette nouvelle \u00e9dition qatarie. \u00c0 l&rsquo;issue du tirage au sort effectu\u00e9 la semaine derni\u00e8re, Bougherra a clairement exprim\u00e9 sa d\u00e9termination devant les m\u00e9dias qataris en d\u00e9clarant que l&rsquo;objectif \u00e9tait sans \u00e9quivoque : remporter une deuxi\u00e8me Coupe Arabe cons\u00e9cutive, une d\u00e9claration qui t\u00e9moigne de l&rsquo;ambition l\u00e9gitime des Verts locaux d\u00e9sireux de d\u00e9fendre leur couronne. Les co\u00e9quipiers du d\u00e9fenseur Ayoub Ghezala du MC Alger ont h\u00e9rit\u00e9 du groupe D avec l&rsquo;Irak, ainsi que les vainqueurs des barrages opposant Bahre\u00efn \u00e0 Djibouti et le Liban au Soudan, un groupe qui s&rsquo;annonce relev\u00e9 et comp\u00e9titif. Cependant, l&rsquo;ancien d\u00e9fenseur central des Fennecs ne se berce pas d&rsquo;illusions et reste parfaitement lucide quant aux difficult\u00e9s qui attendent son \u00e9quipe dans cette qu\u00eate du doubl\u00e9. Bougherra a notamment soulign\u00e9 que la mission sera plus ardue que lors de la pr\u00e9c\u00e9dente \u00e9dition, expliquant que le statut de champion en titre expose automatiquement l&rsquo;\u00e9quipe nationale des joueurs locaux aux convoitises de tous ses adversaires qui voudront \u00e0 tout prix battre les tenants du titre. Fort de cette analyse r\u00e9aliste, l&rsquo;ex-international alg\u00e9rien compte bien pr\u00e9parer m\u00e9thodiquement ses hommes pour relever ce d\u00e9fi dans un contexte sportif et m\u00e9diatique bien plus exigeant qu&rsquo;en 2021. La pr\u00e9paration de cette Coupe Arabe 2025 a d&rsquo;ailleurs d\u00e9j\u00e0 commenc\u00e9 avec cinq mois d&rsquo;avance, preuve de l&rsquo;importance accord\u00e9e \u00e0 cette comp\u00e9tition par le staff technique alg\u00e9rien qui ne laisse rien au hasard. Bougherra a confirm\u00e9 avoir une id\u00e9e pr\u00e9cise des profils de joueurs qu&rsquo;il souhaite int\u00e9grer dans son groupe et travaille actuellement sur une feuille de route d\u00e9taill\u00e9e pour optimiser la pr\u00e9paration de son \u00e9quipe.<\/p>\n\n\n\n<p>Moncef D.<\/p>\n","protected":false},"excerpt":{"rendered":"<p>L&rsquo;\u00e9quipe nationale A&rsquo; d&rsquo;Alg\u00e9rie, compos\u00e9e exclusivement de joueurs \u00e9voluant dans le championnat local, se pr\u00e9pare activement pour un d\u00e9fi de<\/p>\n","protected":false},"author":6,"featured_media":68357,"comment_status":"open","ping_status":"closed","sticky":false,"template":"","format":"standard","meta":{"colormag_page_container_layout":"default_layout","colormag_page_sidebar_layout":"default_layout","om_disable_all_campaigns":false,"_monsterinsights_skip_tracking":false,"_monsterinsights_sitenote_active":false,"_monsterinsights_sitenote_note":"","_monsterinsights_sitenote_category":0,"footnotes":"","_wpscppro_dont_share_socialmedia":false,"_wpscppro_custom_social_share_image":0,"_facebook_share_type":"default","_twitter_share_type":"default","_linkedin_share_type":"default","_pinterest_share_type":"default","_linkedin_share_type_page":"","_instagram_share_type":"default","_medium_share_type":"default","_threads_share_type":"","_google_business_share_type":"","_selected_social_profile":[],"_wpsp_enable_custom_social_template":false,"_wpsp_social_scheduling":{"enabled":false,"datetime":null,"platforms":[],"status":"template_only","dateOption":"today","timeOption":"now","customDays":"","customHours":"","customDate":"","customTime":"","schedulingType":"absolute"},"_wpsp_active_default_template":true},"categories":[33],"tags":[],"class_list":["post-68356","post","type-post","status-publish","format-standard","has-post-thumbnail","hentry","category-sports"],"aioseo_notices":[],"yoast_head":"<!-- This site is optimized with the Yoast SEO plugin v27.5 - https:\/\/yoast.com\/product\/yoast-seo-wordpress\/ -->\n<title>\u00c9quipe nationale A&rsquo;:Bougherra convoque 23 joueurs - La Sentinelle<\/title>\n<meta name=\"robots\" content=\"index, follow, max-snippet:-1, max-image-preview:large, max-video-preview:-1\" \/>\n<link rel=\"canonical\" href=\"https:\/\/lasentinelle.dz\/index.php\/2025\/06\/02\/equipe-nationale-abougherra-convoque-23-joueurs\/\" \/>\n<meta property=\"og:locale\" content=\"fr_FR\" \/>\n<meta property=\"og:type\" content=\"article\" \/>\n<meta property=\"og:title\" content=\"\u00c9quipe nationale A&rsquo;:Bougherra convoque 23 joueurs - La Sentinelle\" \/>\n<meta property=\"og:description\" content=\"L&rsquo;\u00e9quipe nationale A&rsquo; d&rsquo;Alg\u00e9rie, compos\u00e9e exclusivement de joueurs \u00e9voluant dans le championnat local, se pr\u00e9pare activement pour un d\u00e9fi de\" \/>\n<meta property=\"og:url\" content=\"https:\/\/lasentinelle.dz\/index.php\/2025\/06\/02\/equipe-nationale-abougherra-convoque-23-joueurs\/\" \/>\n<meta property=\"og:site_name\" content=\"La Sentinelle\" \/>\n<meta property=\"article:publisher\" content=\"https:\/\/www.facebook.com\/La-Sentinelle-104059864394773\" \/>\n<meta property=\"article:published_time\" content=\"2025-06-02T20:24:18+00:00\" \/>\n<meta property=\"article:modified_time\" content=\"2025-06-02T20:24:19+00:00\" \/>\n<meta property=\"og:image\" content=\"https:\/\/lasentinelle.dz\/wp-content\/uploads\/2025\/06\/Bougherra-.png\" \/>\n\t<meta property=\"og:image:width\" content=\"1718\" \/>\n\t<meta property=\"og:image:height\" content=\"950\" \/>\n\t<meta property=\"og:image:type\" content=\"image\/png\" \/>\n<meta name=\"author\" content=\"admin\" \/>\n<meta name=\"twitter:card\" content=\"summary_large_image\" \/>\n<meta name=\"twitter:label1\" content=\"\u00c9crit par\" \/>\n\t<meta name=\"twitter:data1\" content=\"admin\" \/>\n\t<meta name=\"twitter:label2\" content=\"Dur\u00e9e de lecture estim\u00e9e\" \/>\n\t<meta name=\"twitter:data2\" content=\"4 minutes\" \/>\n<script type=\"application\/ld+json\" class=\"yoast-schema-graph\">{\"@context\":\"https:\\\/\\\/schema.org\",\"@graph\":[{\"@type\":\"Article\",\"@id\":\"https:\\\/\\\/lasentinelle.dz\\\/index.php\\\/2025\\\/06\\\/02\\\/equipe-nationale-abougherra-convoque-23-joueurs\\\/#article\",\"isPartOf\":{\"@id\":\"https:\\\/\\\/lasentinelle.dz\\\/index.php\\\/2025\\\/06\\\/02\\\/equipe-nationale-abougherra-convoque-23-joueurs\\\/\"},\"author\":{\"name\":\"admin\",\"@id\":\"https:\\\/\\\/lasentinelle.dz\\\/#\\\/schema\\\/person\\\/729ee0024f24e0b8c5ec17232f8e8b41\"},\"headline\":\"\u00c9quipe nationale A&rsquo;:Bougherra convoque 23 joueurs\",\"datePublished\":\"2025-06-02T20:24:18+00:00\",\"dateModified\":\"2025-06-02T20:24:19+00:00\",\"mainEntityOfPage\":{\"@id\":\"https:\\\/\\\/lasentinelle.dz\\\/index.php\\\/2025\\\/06\\\/02\\\/equipe-nationale-abougherra-convoque-23-joueurs\\\/\"},\"wordCount\":735,\"commentCount\":0,\"publisher\":{\"@id\":\"https:\\\/\\\/lasentinelle.dz\\\/#organization\"},\"image\":{\"@id\":\"https:\\\/\\\/lasentinelle.dz\\\/index.php\\\/2025\\\/06\\\/02\\\/equipe-nationale-abougherra-convoque-23-joueurs\\\/#primaryimage\"},\"thumbnailUrl\":\"https:\\\/\\\/lasentinelle.dz\\\/wp-content\\\/uploads\\\/2025\\\/06\\\/Bougherra-.png\",\"articleSection\":[\"Sports\"],\"inLanguage\":\"fr-FR\",\"potentialAction\":[{\"@type\":\"CommentAction\",\"name\":\"Comment\",\"target\":[\"https:\\\/\\\/lasentinelle.dz\\\/index.php\\\/2025\\\/06\\\/02\\\/equipe-nationale-abougherra-convoque-23-joueurs\\\/#respond\"]}]},{\"@type\":\"WebPage\",\"@id\":\"https:\\\/\\\/lasentinelle.dz\\\/index.php\\\/2025\\\/06\\\/02\\\/equipe-nationale-abougherra-convoque-23-joueurs\\\/\",\"url\":\"https:\\\/\\\/lasentinelle.dz\\\/index.php\\\/2025\\\/06\\\/02\\\/equipe-nationale-abougherra-convoque-23-joueurs\\\/\",\"name\":\"\u00c9quipe nationale A&rsquo;:Bougherra convoque 23 joueurs - La Sentinelle\",\"isPartOf\":{\"@id\":\"https:\\\/\\\/lasentinelle.dz\\\/#website\"},\"primaryImageOfPage\":{\"@id\":\"https:\\\/\\\/lasentinelle.dz\\\/index.php\\\/2025\\\/06\\\/02\\\/equipe-nationale-abougherra-convoque-23-joueurs\\\/#primaryimage\"},\"image\":{\"@id\":\"https:\\\/\\\/lasentinelle.dz\\\/index.php\\\/2025\\\/06\\\/02\\\/equipe-nationale-abougherra-convoque-23-joueurs\\\/#primaryimage\"},\"thumbnailUrl\":\"https:\\\/\\\/lasentinelle.dz\\\/wp-content\\\/uploads\\\/2025\\\/06\\\/Bougherra-.png\",\"datePublished\":\"2025-06-02T20:24:18+00:00\",\"dateModified\":\"2025-06-02T20:24:19+00:00\",\"breadcrumb\":{\"@id\":\"https:\\\/\\\/lasentinelle.dz\\\/index.php\\\/2025\\\/06\\\/02\\\/equipe-nationale-abougherra-convoque-23-joueurs\\\/#breadcrumb\"},\"inLanguage\":\"fr-FR\",\"potentialAction\":[{\"@type\":\"ReadAction\",\"target\":[\"https:\\\/\\\/lasentinelle.dz\\\/index.php\\\/2025\\\/06\\\/02\\\/equipe-nationale-abougherra-convoque-23-joueurs\\\/\"]}]},{\"@type\":\"ImageObject\",\"inLanguage\":\"fr-FR\",\"@id\":\"https:\\\/\\\/lasentinelle.dz\\\/index.php\\\/2025\\\/06\\\/02\\\/equipe-nationale-abougherra-convoque-23-joueurs\\\/#primaryimage\",\"url\":\"https:\\\/\\\/lasentinelle.dz\\\/wp-content\\\/uploads\\\/2025\\\/06\\\/Bougherra-.png\",\"contentUrl\":\"https:\\\/\\\/lasentinelle.dz\\\/wp-content\\\/uploads\\\/2025\\\/06\\\/Bougherra-.png\",\"width\":1718,\"height\":950},{\"@type\":\"BreadcrumbList\",\"@id\":\"https:\\\/\\\/lasentinelle.dz\\\/index.php\\\/2025\\\/06\\\/02\\\/equipe-nationale-abougherra-convoque-23-joueurs\\\/#breadcrumb\",\"itemListElement\":[{\"@type\":\"ListItem\",\"position\":1,\"name\":\"Accueil\",\"item\":\"https:\\\/\\\/lasentinelle.dz\\\/\"},{\"@type\":\"ListItem\",\"position\":2,\"name\":\"\u00c9quipe nationale A&rsquo;:Bougherra convoque 23 joueurs\"}]},{\"@type\":\"WebSite\",\"@id\":\"https:\\\/\\\/lasentinelle.dz\\\/#website\",\"url\":\"https:\\\/\\\/lasentinelle.dz\\\/\",\"name\":\"La Sentinelle\",\"description\":\"Quotidien national d&#039;information\",\"publisher\":{\"@id\":\"https:\\\/\\\/lasentinelle.dz\\\/#organization\"},\"potentialAction\":[{\"@type\":\"SearchAction\",\"target\":{\"@type\":\"EntryPoint\",\"urlTemplate\":\"https:\\\/\\\/lasentinelle.dz\\\/?s={search_term_string}\"},\"query-input\":{\"@type\":\"PropertyValueSpecification\",\"valueRequired\":true,\"valueName\":\"search_term_string\"}}],\"inLanguage\":\"fr-FR\"},{\"@type\":\"Organization\",\"@id\":\"https:\\\/\\\/lasentinelle.dz\\\/#organization\",\"name\":\"Quotidien La Sentinelle\",\"url\":\"https:\\\/\\\/lasentinelle.dz\\\/\",\"logo\":{\"@type\":\"ImageObject\",\"inLanguage\":\"fr-FR\",\"@id\":\"https:\\\/\\\/lasentinelle.dz\\\/#\\\/schema\\\/logo\\\/image\\\/\",\"url\":\"https:\\\/\\\/lasentinelle.dz\\\/wp-content\\\/uploads\\\/2021\\\/09\\\/logo-sentinelleSLOGAN-1.png\",\"contentUrl\":\"https:\\\/\\\/lasentinelle.dz\\\/wp-content\\\/uploads\\\/2021\\\/09\\\/logo-sentinelleSLOGAN-1.png\",\"width\":615,\"height\":142,\"caption\":\"Quotidien La Sentinelle\"},\"image\":{\"@id\":\"https:\\\/\\\/lasentinelle.dz\\\/#\\\/schema\\\/logo\\\/image\\\/\"},\"sameAs\":[\"https:\\\/\\\/www.facebook.com\\\/La-Sentinelle-104059864394773\"]},{\"@type\":\"Person\",\"@id\":\"https:\\\/\\\/lasentinelle.dz\\\/#\\\/schema\\\/person\\\/729ee0024f24e0b8c5ec17232f8e8b41\",\"name\":\"admin\",\"image\":{\"@type\":\"ImageObject\",\"inLanguage\":\"fr-FR\",\"@id\":\"https:\\\/\\\/secure.gravatar.com\\\/avatar\\\/4c81fed838786e9b53f540bf46533e750f5d292099ae3b66cfc6fb1982e29df7?s=96&d=mm&r=g\",\"url\":\"https:\\\/\\\/secure.gravatar.com\\\/avatar\\\/4c81fed838786e9b53f540bf46533e750f5d292099ae3b66cfc6fb1982e29df7?s=96&d=mm&r=g\",\"contentUrl\":\"https:\\\/\\\/secure.gravatar.com\\\/avatar\\\/4c81fed838786e9b53f540bf46533e750f5d292099ae3b66cfc6fb1982e29df7?s=96&d=mm&r=g\",\"caption\":\"admin\"},\"description\":\"admin\",\"url\":\"https:\\\/\\\/lasentinelle.dz\\\/author\\\/admin\\\/\"}]}<\/script>\n<!-- \/ Yoast SEO plugin. -->","yoast_head_json":{"title":"\u00c9quipe nationale A&rsquo;:Bougherra convoque 23 joueurs - La Sentinelle","robots":{"index":"index","follow":"follow","max-snippet":"max-snippet:-1","max-image-preview":"max-image-preview:large","max-video-preview":"max-video-preview:-1"},"canonical":"https:\/\/lasentinelle.dz\/index.php\/2025\/06\/02\/equipe-nationale-abougherra-convoque-23-joueurs\/","og_locale":"fr_FR","og_type":"article","og_title":"\u00c9quipe nationale A&rsquo;:Bougherra convoque 23 joueurs - La Sentinelle","og_description":"L&rsquo;\u00e9quipe nationale A&rsquo; d&rsquo;Alg\u00e9rie, compos\u00e9e exclusivement de joueurs \u00e9voluant dans le championnat local, se pr\u00e9pare activement pour un d\u00e9fi de","og_url":"https:\/\/lasentinelle.dz\/index.php\/2025\/06\/02\/equipe-nationale-abougherra-convoque-23-joueurs\/","og_site_name":"La Sentinelle","article_publisher":"https:\/\/www.facebook.com\/La-Sentinelle-104059864394773","article_published_time":"2025-06-02T20:24:18+00:00","article_modified_time":"2025-06-02T20:24:19+00:00","og_image":[{"width":1718,"height":950,"url":"https:\/\/lasentinelle.dz\/wp-content\/uploads\/2025\/06\/Bougherra-.png","type":"image\/png"}],"author":"admin","twitter_card":"summary_large_image","twitter_misc":{"\u00c9crit par":"admin","Dur\u00e9e de lecture estim\u00e9e":"4 minutes"},"schema":{"@context":"https:\/\/schema.org","@graph":[{"@type":"Article","@id":"https:\/\/lasentinelle.dz\/index.php\/2025\/06\/02\/equipe-nationale-abougherra-convoque-23-joueurs\/#article","isPartOf":{"@id":"https:\/\/lasentinelle.dz\/index.php\/2025\/06\/02\/equipe-nationale-abougherra-convoque-23-joueurs\/"},"author":{"name":"admin","@id":"https:\/\/lasentinelle.dz\/#\/schema\/person\/729ee0024f24e0b8c5ec17232f8e8b41"},"headline":"\u00c9quipe nationale A&rsquo;:Bougherra convoque 23 joueurs","datePublished":"2025-06-02T20:24:18+00:00","dateModified":"2025-06-02T20:24:19+00:00","mainEntityOfPage":{"@id":"https:\/\/lasentinelle.dz\/index.php\/2025\/06\/02\/equipe-nationale-abougherra-convoque-23-joueurs\/"},"wordCount":735,"commentCount":0,"publisher":{"@id":"https:\/\/lasentinelle.dz\/#organization"},"image":{"@id":"https:\/\/lasentinelle.dz\/index.php\/2025\/06\/02\/equipe-nationale-abougherra-convoque-23-joueurs\/#primaryimage"},"thumbnailUrl":"https:\/\/lasentinelle.dz\/wp-content\/uploads\/2025\/06\/Bougherra-.png","articleSection":["Sports"],"inLanguage":"fr-FR","potentialAction":[{"@type":"CommentAction","name":"Comment","target":["https:\/\/lasentinelle.dz\/index.php\/2025\/06\/02\/equipe-nationale-abougherra-convoque-23-joueurs\/#respond"]}]},{"@type":"WebPage","@id":"https:\/\/lasentinelle.dz\/index.php\/2025\/06\/02\/equipe-nationale-abougherra-convoque-23-joueurs\/","url":"https:\/\/lasentinelle.dz\/index.php\/2025\/06\/02\/equipe-nationale-abougherra-convoque-23-joueurs\/","name":"\u00c9quipe nationale A&rsquo;:Bougherra convoque 23 joueurs - La Sentinelle","isPartOf":{"@id":"https:\/\/lasentinelle.dz\/#website"},"primaryImageOfPage":{"@id":"https:\/\/lasentinelle.dz\/index.php\/2025\/06\/02\/equipe-nationale-abougherra-convoque-23-joueurs\/#primaryimage"},"image":{"@id":"https:\/\/lasentinelle.dz\/index.php\/2025\/06\/02\/equipe-nationale-abougherra-convoque-23-joueurs\/#primaryimage"},"thumbnailUrl":"https:\/\/lasentinelle.dz\/wp-content\/uploads\/2025\/06\/Bougherra-.png","datePublished":"2025-06-02T20:24:18+00:00","dateModified":"2025-06-02T20:24:19+00:00","breadcrumb":{"@id":"https:\/\/lasentinelle.dz\/index.php\/2025\/06\/02\/equipe-nationale-abougherra-convoque-23-joueurs\/#breadcrumb"},"inLanguage":"fr-FR","potentialAction":[{"@type":"ReadAction","target":["https:\/\/lasentinelle.dz\/index.php\/2025\/06\/02\/equipe-nationale-abougherra-convoque-23-joueurs\/"]}]},{"@type":"ImageObject","inLanguage":"fr-FR","@id":"https:\/\/lasentinelle.dz\/index.php\/2025\/06\/02\/equipe-nationale-abougherra-convoque-23-joueurs\/#primaryimage","url":"https:\/\/lasentinelle.dz\/wp-content\/uploads\/2025\/06\/Bougherra-.png","contentUrl":"https:\/\/lasentinelle.dz\/wp-content\/uploads\/2025\/06\/Bougherra-.png","width":1718,"height":950},{"@type":"BreadcrumbList","@id":"https:\/\/lasentinelle.dz\/index.php\/2025\/06\/02\/equipe-nationale-abougherra-convoque-23-joueurs\/#breadcrumb","itemListElement":[{"@type":"ListItem","position":1,"name":"Accueil","item":"https:\/\/lasentinelle.dz\/"},{"@type":"ListItem","position":2,"name":"\u00c9quipe nationale A&rsquo;:Bougherra convoque 23 joueurs"}]},{"@type":"WebSite","@id":"https:\/\/lasentinelle.dz\/#website","url":"https:\/\/lasentinelle.dz\/","name":"La Sentinelle","description":"Quotidien national d&#039;information","publisher":{"@id":"https:\/\/lasentinelle.dz\/#organization"},"potentialAction":[{"@type":"SearchAction","target":{"@type":"EntryPoint","urlTemplate":"https:\/\/lasentinelle.dz\/?s={search_term_string}"},"query-input":{"@type":"PropertyValueSpecification","valueRequired":true,"valueName":"search_term_string"}}],"inLanguage":"fr-FR"},{"@type":"Organization","@id":"https:\/\/lasentinelle.dz\/#organization","name":"Quotidien La Sentinelle","url":"https:\/\/lasentinelle.dz\/","logo":{"@type":"ImageObject","inLanguage":"fr-FR","@id":"https:\/\/lasentinelle.dz\/#\/schema\/logo\/image\/","url":"https:\/\/lasentinelle.dz\/wp-content\/uploads\/2021\/09\/logo-sentinelleSLOGAN-1.png","contentUrl":"https:\/\/lasentinelle.dz\/wp-content\/uploads\/2021\/09\/logo-sentinelleSLOGAN-1.png","width":615,"height":142,"caption":"Quotidien La Sentinelle"},"image":{"@id":"https:\/\/lasentinelle.dz\/#\/schema\/logo\/image\/"},"sameAs":["https:\/\/www.facebook.com\/La-Sentinelle-104059864394773"]},{"@type":"Person","@id":"https:\/\/lasentinelle.dz\/#\/schema\/person\/729ee0024f24e0b8c5ec17232f8e8b41","name":"admin","image":{"@type":"ImageObject","inLanguage":"fr-FR","@id":"https:\/\/secure.gravatar.com\/avatar\/4c81fed838786e9b53f540bf46533e750f5d292099ae3b66cfc6fb1982e29df7?s=96&d=mm&r=g","url":"https:\/\/secure.gravatar.com\/avatar\/4c81fed838786e9b53f540bf46533e750f5d292099ae3b66cfc6fb1982e29df7?s=96&d=mm&r=g","contentUrl":"https:\/\/secure.gravatar.com\/avatar\/4c81fed838786e9b53f540bf46533e750f5d292099ae3b66cfc6fb1982e29df7?s=96&d=mm&r=g","caption":"admin"},"description":"admin","url":"https:\/\/lasentinelle.dz\/author\/admin\/"}]}},"_links":{"self":[{"href":"https:\/\/lasentinelle.dz\/index.php\/wp-json\/wp\/v2\/posts\/68356","targetHints":{"allow":["GET"]}}],"collection":[{"href":"https:\/\/lasentinelle.dz\/index.php\/wp-json\/wp\/v2\/posts"}],"about":[{"href":"https:\/\/lasentinelle.dz\/index.php\/wp-json\/wp\/v2\/types\/post"}],"author":[{"embeddable":true,"href":"https:\/\/lasentinelle.dz\/index.php\/wp-json\/wp\/v2\/users\/6"}],"replies":[{"embeddable":true,"href":"https:\/\/lasentinelle.dz\/index.php\/wp-json\/wp\/v2\/comments?post=68356"}],"version-history":[{"count":2,"href":"https:\/\/lasentinelle.dz\/index.php\/wp-json\/wp\/v2\/posts\/68356\/revisions"}],"predecessor-version":[{"id":68359,"href":"https:\/\/lasentinelle.dz\/index.php\/wp-json\/wp\/v2\/posts\/68356\/revisions\/68359"}],"wp:featuredmedia":[{"embeddable":true,"href":"https:\/\/lasentinelle.dz\/index.php\/wp-json\/wp\/v2\/media\/68357"}],"wp:attachment":[{"href":"https:\/\/lasentinelle.dz\/index.php\/wp-json\/wp\/v2\/media?parent=68356"}],"wp:term":[{"taxonomy":"category","embeddable":true,"href":"https:\/\/lasentinelle.dz\/index.php\/wp-json\/wp\/v2\/categories?post=68356"},{"taxonomy":"post_tag","embeddable":true,"href":"https:\/\/lasentinelle.dz\/index.php\/wp-json\/wp\/v2\/tags?post=68356"}],"curies":[{"name":"wp","href":"https:\/\/api.w.org\/{rel}","templated":true}]}}