{"id":68360,"date":"2025-06-02T21:25:21","date_gmt":"2025-06-02T20:25:21","guid":{"rendered":"https:\/\/lasentinelle.dz\/?p=68360"},"modified":"2025-06-02T21:25:21","modified_gmt":"2025-06-02T20:25:21","slug":"deux-tests-cruciaux-face-au-rwanda-et-a-la-suede-les-verts-lancent-leur-preparation","status":"publish","type":"post","link":"https:\/\/lasentinelle.dz\/index.php\/2025\/06\/02\/deux-tests-cruciaux-face-au-rwanda-et-a-la-suede-les-verts-lancent-leur-preparation\/","title":{"rendered":"Deux tests cruciaux face au Rwanda et \u00e0 la Su\u00e8de : Les Verts lancent leur pr\u00e9paration"},"content":{"rendered":"\n<p>L&rsquo;\u00e9quipe nationale de football a officiellement entam\u00e9 &nbsp;dimanche sa pr\u00e9paration au Centre technique national de Sidi Moussa, marquant le d\u00e9but d&rsquo;une phase importante dans la qu\u00eate de qualification pour la Coupe du monde 2026.<\/p>\n\n\n\n<p>Sous la houlette de Vladimir Petkovic, les Verts se pr\u00e9parent m\u00e9ticuleusement pour deux confrontations amicales qui s&rsquo;annoncent comme des tests grandeur nature avant la reprise des qualifications mondiales en septembre prochain. Le programme \u00e9tabli par la F\u00e9d\u00e9ration alg\u00e9rienne de football pr\u00e9voit deux rencontres aux enjeux distincts mais compl\u00e9mentaires. Le premier rendez-vous aura lieu jeudi 5 juin au stade Chahid Hamlaoui de Constantine face au Rwanda, avec un coup d&rsquo;envoi programm\u00e9 \u00e0 18h00. Cette confrontation sur le sol national offrira l&rsquo;opportunit\u00e9 aux supporters alg\u00e9riens de retrouver leurs favoris dans un cadre familier, cr\u00e9ant cette atmosph\u00e8re particuli\u00e8re qui caract\u00e9rise les matchs de l&rsquo;\u00e9quipe nationale \u00e0 domicile. Le second d\u00e9fi emm\u00e8nera les co\u00e9quipiers de Riyad Mahrez jusqu&rsquo;en Su\u00e8de, o\u00f9 ils affronteront la s\u00e9lection scandinave le mardi 10 juin au Strawberry Arena de Stockholm, \u00e9galement \u00e0 18h00 heure alg\u00e9rienne.<\/p>\n\n\n\n<p>Vladimir Petkovic, conscient de l&rsquo;importance de ces \u00e9ch\u00e9ances, a dirig\u00e9 la premi\u00e8re s\u00e9ance d&rsquo;entra\u00eenement en fin d&rsquo;apr\u00e8s-midi avec un effectif encore r\u00e9duit, dans l&rsquo;attente de l&rsquo;arriv\u00e9e des derniers \u00e9l\u00e9ments convoqu\u00e9s. Le s\u00e9lectionneur national a compos\u00e9 une liste ambitieuse de vingt-neuf joueurs, t\u00e9moignant de sa volont\u00e9 d&rsquo;\u00e9valuer un maximum de talents et de maintenir une concurrence saine au sein du groupe. Cette convocation marque \u00e9galement le retour de plusieurs \u00e9l\u00e9ments qui avaient manqu\u00e9 les pr\u00e9c\u00e9dents rassemblements, insufflant ainsi un renouveau dans la dynamique collective.<\/p>\n\n\n\n<p>Parmi les retours les plus remarqu\u00e9s figure celui de Nabil Bentaleb, le milieu de terrain du LOSC Lille qui retrouve sa place chez les Verts apr\u00e8s une absence prolong\u00e9e. Son exp\u00e9rience et sa vision du jeu constituent des atouts pr\u00e9cieux pour l&rsquo;\u00e9quilibre tactique souhait\u00e9 par Petkovic. Ramiz Zerrouki, pensionnaire de Feyenoord aux Pays-Bas, fait \u00e9galement son comeback, apportant sa rigueur d\u00e9fensive et sa capacit\u00e9 de relance depuis l&rsquo;arri\u00e8re-garde. Son co\u00e9quipier de club Hadj Moussa compl\u00e8te ce contingent n\u00e9erlandais, offrant des solutions suppl\u00e9mentaires dans l&rsquo;animation offensive.<\/p>\n\n\n\n<p>L&rsquo;attaque alg\u00e9rienne b\u00e9n\u00e9ficiera du retour de Baghdad Bounedjah, l&rsquo;ancien buteur d&rsquo;Al-Sadd d\u00e9sormais sous les couleurs d&rsquo;Al-Shamal SC au Qatar. Son flair devant les buts et son exp\u00e9rience des grandes \u00e9ch\u00e9ances internationales repr\u00e9sentent des garanties importantes pour la finition des actions alg\u00e9riennes. Houssem Aouar, qui \u00e9volue d\u00e9sormais en Arabie Saoudite sous le maillot d&rsquo;Al-Ittihad, retrouve \u00e9galement sa place apr\u00e8s avoir brill\u00e9 lors de ses pr\u00e9c\u00e9dentes s\u00e9lections. Son intelligence de jeu et sa capacit\u00e9 \u00e0 cr\u00e9er des d\u00e9calages constituent des armes redoutables pour percer les d\u00e9fenses adverses.<\/p>\n\n\n\n<p>Le groupe b\u00e9n\u00e9ficiera aussi du retour de K\u00e9vin Guitoun, le d\u00e9fenseur du FC Metz qui apporte sa solidit\u00e9 et son exp\u00e9rience du championnat fran\u00e7ais. Mohamed-Amine Touga\u00ef, \u00e9voluant \u00e0 l&rsquo;Esp\u00e9rance Sportive de Tunis, compl\u00e8te cette liste de rappel\u00e9s. Cependant, ce rassemblement sera marqu\u00e9 par l&rsquo;absence notable d&rsquo;Ahmed Kendouci, le milieu de terrain de Ceramica Cleopatra en \u00c9gypte, victime d&rsquo;une grave blessure au genou en avril dernier. Cette absence prive temporairement l&rsquo;\u00e9quipe nationale d&rsquo;un \u00e9l\u00e9ment prometteur qui avait su se faire remarquer lors de ses premi\u00e8res apparitions en s\u00e9lection.<\/p>\n\n\n\n<p>Vladimir Petkovic a clairement affich\u00e9 ses ambitions jeudi lors de la conf\u00e9rence de presse organis\u00e9e \u00e0 la salle Mohamed Sellah du stade Nelson-Mandela de Baraki. Le technicien suisse a insist\u00e9 sur le fait qu&rsquo;il n&rsquo;existe pas de matchs amicaux dans son approche, consid\u00e9rant chaque confrontation comme une opportunit\u00e9 de progression et de pr\u00e9paration. Cette philosophie refl\u00e8te sa vision professionnelle du football international, o\u00f9 chaque d\u00e9tail compte dans la construction d&rsquo;une \u00e9quipe comp\u00e9titive.<\/p>\n\n\n\n<p>L&rsquo;objectif avou\u00e9 du s\u00e9lectionneur est double : remporter ces deux confrontations pour instiller la confiance n\u00e9cessaire au groupe et \u00e9valuer la capacit\u00e9 d&rsquo;adaptation de ses joueurs face \u00e0 des styles de jeu radicalement diff\u00e9rents. Cette approche pragmatique s&rsquo;inscrit dans une logique de d\u00e9veloppement \u00e0 long terme, o\u00f9 chaque match constitue une pierre suppl\u00e9mentaire dans l&rsquo;\u00e9difice de l&rsquo;\u00e9quipe nationale. Les victoires recherch\u00e9es ne constituent pas une fin en soi mais plut\u00f4t un moyen d&rsquo;envoyer des signaux positifs en vue des \u00e9ch\u00e9ances futures.<\/p>\n\n\n\n<p>Les matchs de juin s&rsquo;inscrivent dans une strat\u00e9gie globale de pr\u00e9paration, permettant \u00e0 Petkovic d&rsquo;affiner ses choix tactiques et de tester diff\u00e9rentes combinaisons avant la reprise officielle des qualifications en septembre. Cette p\u00e9riode de pr\u00e9paration constitue un moment privil\u00e9gi\u00e9 pour int\u00e9grer les nouveaux \u00e9l\u00e9ments, consolider les automatismes collectifs et maintenir la dynamique positive cr\u00e9\u00e9e lors des pr\u00e9c\u00e9dents rassemblements. L&rsquo;enjeu d\u00e9passe le simple r\u00e9sultat sportif pour s&rsquo;inscrire dans une d\u00e9marche de construction d&rsquo;\u00e9quipe \u00e0 long terme, visant \u00e0 optimiser les chances alg\u00e9riennes de qualification pour le Mondial 2026.<\/p>\n\n\n\n<p>Moncef Daheb<\/p>\n","protected":false},"excerpt":{"rendered":"<p>L&rsquo;\u00e9quipe nationale de football a officiellement entam\u00e9 &nbsp;dimanche sa pr\u00e9paration au Centre technique national de Sidi Moussa, marquant le d\u00e9but<\/p>\n","protected":false},"author":6,"featured_media":68361,"comment_status":"open","ping_status":"closed","sticky":false,"template":"","format":"standard","meta":{"colormag_page_container_layout":"default_layout","colormag_page_sidebar_layout":"default_layout","om_disable_all_campaigns":false,"_monsterinsights_skip_tracking":false,"_monsterinsights_sitenote_active":false,"_monsterinsights_sitenote_note":"","_monsterinsights_sitenote_category":0,"footnotes":"","_wpscppro_dont_share_socialmedia":false,"_wpscppro_custom_social_share_image":0,"_facebook_share_type":"default","_twitter_share_type":"default","_linkedin_share_type":"default","_pinterest_share_type":"default","_linkedin_share_type_page":"","_instagram_share_type":"default","_medium_share_type":"default","_threads_share_type":"","_google_business_share_type":"","_selected_social_profile":[],"_wpsp_enable_custom_social_template":false,"_wpsp_social_scheduling":{"enabled":false,"datetime":null,"platforms":[],"status":"template_only","dateOption":"today","timeOption":"now","customDays":"","customHours":"","customDate":"","customTime":"","schedulingType":"absolute"},"_wpsp_active_default_template":true},"categories":[52,33],"tags":[],"class_list":["post-68360","post","type-post","status-publish","format-standard","has-post-thumbnail","hentry","category-a-la-une","category-sports"],"aioseo_notices":[],"yoast_head":"<!-- This site is optimized with the Yoast SEO plugin v27.5 - https:\/\/yoast.com\/product\/yoast-seo-wordpress\/ -->\n<title>Deux tests cruciaux face au Rwanda et \u00e0 la Su\u00e8de : Les Verts lancent leur pr\u00e9paration - La Sentinelle<\/title>\n<meta name=\"robots\" content=\"index, follow, max-snippet:-1, max-image-preview:large, max-video-preview:-1\" \/>\n<link rel=\"canonical\" href=\"https:\/\/lasentinelle.dz\/index.php\/2025\/06\/02\/deux-tests-cruciaux-face-au-rwanda-et-a-la-suede-les-verts-lancent-leur-preparation\/\" \/>\n<meta property=\"og:locale\" content=\"fr_FR\" \/>\n<meta property=\"og:type\" content=\"article\" \/>\n<meta property=\"og:title\" content=\"Deux tests cruciaux face au Rwanda et \u00e0 la Su\u00e8de : Les Verts lancent leur pr\u00e9paration - La Sentinelle\" \/>\n<meta property=\"og:description\" content=\"L&rsquo;\u00e9quipe nationale de football a officiellement entam\u00e9 &nbsp;dimanche sa pr\u00e9paration au Centre technique national de Sidi Moussa, marquant le d\u00e9but\" \/>\n<meta property=\"og:url\" content=\"https:\/\/lasentinelle.dz\/index.php\/2025\/06\/02\/deux-tests-cruciaux-face-au-rwanda-et-a-la-suede-les-verts-lancent-leur-preparation\/\" \/>\n<meta property=\"og:site_name\" content=\"La Sentinelle\" \/>\n<meta property=\"article:publisher\" content=\"https:\/\/www.facebook.com\/La-Sentinelle-104059864394773\" \/>\n<meta property=\"article:published_time\" content=\"2025-06-02T20:25:21+00:00\" \/>\n<meta property=\"og:image\" content=\"https:\/\/lasentinelle.dz\/wp-content\/uploads\/2025\/06\/EN.jpg\" \/>\n\t<meta property=\"og:image:width\" content=\"2092\" \/>\n\t<meta property=\"og:image:height\" content=\"1600\" \/>\n\t<meta property=\"og:image:type\" content=\"image\/jpeg\" \/>\n<meta name=\"author\" content=\"admin\" \/>\n<meta name=\"twitter:card\" content=\"summary_large_image\" \/>\n<meta name=\"twitter:label1\" content=\"\u00c9crit par\" \/>\n\t<meta name=\"twitter:data1\" content=\"admin\" \/>\n\t<meta name=\"twitter:label2\" content=\"Dur\u00e9e de lecture estim\u00e9e\" \/>\n\t<meta name=\"twitter:data2\" content=\"5 minutes\" \/>\n<script type=\"application\/ld+json\" class=\"yoast-schema-graph\">{\"@context\":\"https:\\\/\\\/schema.org\",\"@graph\":[{\"@type\":\"Article\",\"@id\":\"https:\\\/\\\/lasentinelle.dz\\\/index.php\\\/2025\\\/06\\\/02\\\/deux-tests-cruciaux-face-au-rwanda-et-a-la-suede-les-verts-lancent-leur-preparation\\\/#article\",\"isPartOf\":{\"@id\":\"https:\\\/\\\/lasentinelle.dz\\\/index.php\\\/2025\\\/06\\\/02\\\/deux-tests-cruciaux-face-au-rwanda-et-a-la-suede-les-verts-lancent-leur-preparation\\\/\"},\"author\":{\"name\":\"admin\",\"@id\":\"https:\\\/\\\/lasentinelle.dz\\\/#\\\/schema\\\/person\\\/729ee0024f24e0b8c5ec17232f8e8b41\"},\"headline\":\"Deux tests cruciaux face au Rwanda et \u00e0 la Su\u00e8de : Les Verts lancent leur pr\u00e9paration\",\"datePublished\":\"2025-06-02T20:25:21+00:00\",\"mainEntityOfPage\":{\"@id\":\"https:\\\/\\\/lasentinelle.dz\\\/index.php\\\/2025\\\/06\\\/02\\\/deux-tests-cruciaux-face-au-rwanda-et-a-la-suede-les-verts-lancent-leur-preparation\\\/\"},\"wordCount\":897,\"commentCount\":0,\"publisher\":{\"@id\":\"https:\\\/\\\/lasentinelle.dz\\\/#organization\"},\"image\":{\"@id\":\"https:\\\/\\\/lasentinelle.dz\\\/index.php\\\/2025\\\/06\\\/02\\\/deux-tests-cruciaux-face-au-rwanda-et-a-la-suede-les-verts-lancent-leur-preparation\\\/#primaryimage\"},\"thumbnailUrl\":\"https:\\\/\\\/lasentinelle.dz\\\/wp-content\\\/uploads\\\/2025\\\/06\\\/EN.jpg\",\"articleSection\":[\"\u00c0 la Une\",\"Sports\"],\"inLanguage\":\"fr-FR\",\"potentialAction\":[{\"@type\":\"CommentAction\",\"name\":\"Comment\",\"target\":[\"https:\\\/\\\/lasentinelle.dz\\\/index.php\\\/2025\\\/06\\\/02\\\/deux-tests-cruciaux-face-au-rwanda-et-a-la-suede-les-verts-lancent-leur-preparation\\\/#respond\"]}]},{\"@type\":\"WebPage\",\"@id\":\"https:\\\/\\\/lasentinelle.dz\\\/index.php\\\/2025\\\/06\\\/02\\\/deux-tests-cruciaux-face-au-rwanda-et-a-la-suede-les-verts-lancent-leur-preparation\\\/\",\"url\":\"https:\\\/\\\/lasentinelle.dz\\\/index.php\\\/2025\\\/06\\\/02\\\/deux-tests-cruciaux-face-au-rwanda-et-a-la-suede-les-verts-lancent-leur-preparation\\\/\",\"name\":\"Deux tests cruciaux face au Rwanda et \u00e0 la Su\u00e8de : Les Verts lancent leur pr\u00e9paration - La Sentinelle\",\"isPartOf\":{\"@id\":\"https:\\\/\\\/lasentinelle.dz\\\/#website\"},\"primaryImageOfPage\":{\"@id\":\"https:\\\/\\\/lasentinelle.dz\\\/index.php\\\/2025\\\/06\\\/02\\\/deux-tests-cruciaux-face-au-rwanda-et-a-la-suede-les-verts-lancent-leur-preparation\\\/#primaryimage\"},\"image\":{\"@id\":\"https:\\\/\\\/lasentinelle.dz\\\/index.php\\\/2025\\\/06\\\/02\\\/deux-tests-cruciaux-face-au-rwanda-et-a-la-suede-les-verts-lancent-leur-preparation\\\/#primaryimage\"},\"thumbnailUrl\":\"https:\\\/\\\/lasentinelle.dz\\\/wp-content\\\/uploads\\\/2025\\\/06\\\/EN.jpg\",\"datePublished\":\"2025-06-02T20:25:21+00:00\",\"breadcrumb\":{\"@id\":\"https:\\\/\\\/lasentinelle.dz\\\/index.php\\\/2025\\\/06\\\/02\\\/deux-tests-cruciaux-face-au-rwanda-et-a-la-suede-les-verts-lancent-leur-preparation\\\/#breadcrumb\"},\"inLanguage\":\"fr-FR\",\"potentialAction\":[{\"@type\":\"ReadAction\",\"target\":[\"https:\\\/\\\/lasentinelle.dz\\\/index.php\\\/2025\\\/06\\\/02\\\/deux-tests-cruciaux-face-au-rwanda-et-a-la-suede-les-verts-lancent-leur-preparation\\\/\"]}]},{\"@type\":\"ImageObject\",\"inLanguage\":\"fr-FR\",\"@id\":\"https:\\\/\\\/lasentinelle.dz\\\/index.php\\\/2025\\\/06\\\/02\\\/deux-tests-cruciaux-face-au-rwanda-et-a-la-suede-les-verts-lancent-leur-preparation\\\/#primaryimage\",\"url\":\"https:\\\/\\\/lasentinelle.dz\\\/wp-content\\\/uploads\\\/2025\\\/06\\\/EN.jpg\",\"contentUrl\":\"https:\\\/\\\/lasentinelle.dz\\\/wp-content\\\/uploads\\\/2025\\\/06\\\/EN.jpg\",\"width\":2092,\"height\":1600},{\"@type\":\"BreadcrumbList\",\"@id\":\"https:\\\/\\\/lasentinelle.dz\\\/index.php\\\/2025\\\/06\\\/02\\\/deux-tests-cruciaux-face-au-rwanda-et-a-la-suede-les-verts-lancent-leur-preparation\\\/#breadcrumb\",\"itemListElement\":[{\"@type\":\"ListItem\",\"position\":1,\"name\":\"Accueil\",\"item\":\"https:\\\/\\\/lasentinelle.dz\\\/\"},{\"@type\":\"ListItem\",\"position\":2,\"name\":\"Deux tests cruciaux face au Rwanda et \u00e0 la Su\u00e8de : Les Verts lancent leur pr\u00e9paration\"}]},{\"@type\":\"WebSite\",\"@id\":\"https:\\\/\\\/lasentinelle.dz\\\/#website\",\"url\":\"https:\\\/\\\/lasentinelle.dz\\\/\",\"name\":\"La Sentinelle\",\"description\":\"Quotidien national d&#039;information\",\"publisher\":{\"@id\":\"https:\\\/\\\/lasentinelle.dz\\\/#organization\"},\"potentialAction\":[{\"@type\":\"SearchAction\",\"target\":{\"@type\":\"EntryPoint\",\"urlTemplate\":\"https:\\\/\\\/lasentinelle.dz\\\/?s={search_term_string}\"},\"query-input\":{\"@type\":\"PropertyValueSpecification\",\"valueRequired\":true,\"valueName\":\"search_term_string\"}}],\"inLanguage\":\"fr-FR\"},{\"@type\":\"Organization\",\"@id\":\"https:\\\/\\\/lasentinelle.dz\\\/#organization\",\"name\":\"Quotidien La Sentinelle\",\"url\":\"https:\\\/\\\/lasentinelle.dz\\\/\",\"logo\":{\"@type\":\"ImageObject\",\"inLanguage\":\"fr-FR\",\"@id\":\"https:\\\/\\\/lasentinelle.dz\\\/#\\\/schema\\\/logo\\\/image\\\/\",\"url\":\"https:\\\/\\\/lasentinelle.dz\\\/wp-content\\\/uploads\\\/2021\\\/09\\\/logo-sentinelleSLOGAN-1.png\",\"contentUrl\":\"https:\\\/\\\/lasentinelle.dz\\\/wp-content\\\/uploads\\\/2021\\\/09\\\/logo-sentinelleSLOGAN-1.png\",\"width\":615,\"height\":142,\"caption\":\"Quotidien La Sentinelle\"},\"image\":{\"@id\":\"https:\\\/\\\/lasentinelle.dz\\\/#\\\/schema\\\/logo\\\/image\\\/\"},\"sameAs\":[\"https:\\\/\\\/www.facebook.com\\\/La-Sentinelle-104059864394773\"]},{\"@type\":\"Person\",\"@id\":\"https:\\\/\\\/lasentinelle.dz\\\/#\\\/schema\\\/person\\\/729ee0024f24e0b8c5ec17232f8e8b41\",\"name\":\"admin\",\"image\":{\"@type\":\"ImageObject\",\"inLanguage\":\"fr-FR\",\"@id\":\"https:\\\/\\\/secure.gravatar.com\\\/avatar\\\/4c81fed838786e9b53f540bf46533e750f5d292099ae3b66cfc6fb1982e29df7?s=96&d=mm&r=g\",\"url\":\"https:\\\/\\\/secure.gravatar.com\\\/avatar\\\/4c81fed838786e9b53f540bf46533e750f5d292099ae3b66cfc6fb1982e29df7?s=96&d=mm&r=g\",\"contentUrl\":\"https:\\\/\\\/secure.gravatar.com\\\/avatar\\\/4c81fed838786e9b53f540bf46533e750f5d292099ae3b66cfc6fb1982e29df7?s=96&d=mm&r=g\",\"caption\":\"admin\"},\"description\":\"admin\",\"url\":\"https:\\\/\\\/lasentinelle.dz\\\/author\\\/admin\\\/\"}]}<\/script>\n<!-- \/ Yoast SEO plugin. -->","yoast_head_json":{"title":"Deux tests cruciaux face au Rwanda et \u00e0 la Su\u00e8de : Les Verts lancent leur pr\u00e9paration - La Sentinelle","robots":{"index":"index","follow":"follow","max-snippet":"max-snippet:-1","max-image-preview":"max-image-preview:large","max-video-preview":"max-video-preview:-1"},"canonical":"https:\/\/lasentinelle.dz\/index.php\/2025\/06\/02\/deux-tests-cruciaux-face-au-rwanda-et-a-la-suede-les-verts-lancent-leur-preparation\/","og_locale":"fr_FR","og_type":"article","og_title":"Deux tests cruciaux face au Rwanda et \u00e0 la Su\u00e8de : Les Verts lancent leur pr\u00e9paration - La Sentinelle","og_description":"L&rsquo;\u00e9quipe nationale de football a officiellement entam\u00e9 &nbsp;dimanche sa pr\u00e9paration au Centre technique national de Sidi Moussa, marquant le d\u00e9but","og_url":"https:\/\/lasentinelle.dz\/index.php\/2025\/06\/02\/deux-tests-cruciaux-face-au-rwanda-et-a-la-suede-les-verts-lancent-leur-preparation\/","og_site_name":"La Sentinelle","article_publisher":"https:\/\/www.facebook.com\/La-Sentinelle-104059864394773","article_published_time":"2025-06-02T20:25:21+00:00","og_image":[{"width":2092,"height":1600,"url":"https:\/\/lasentinelle.dz\/wp-content\/uploads\/2025\/06\/EN.jpg","type":"image\/jpeg"}],"author":"admin","twitter_card":"summary_large_image","twitter_misc":{"\u00c9crit par":"admin","Dur\u00e9e de lecture estim\u00e9e":"5 minutes"},"schema":{"@context":"https:\/\/schema.org","@graph":[{"@type":"Article","@id":"https:\/\/lasentinelle.dz\/index.php\/2025\/06\/02\/deux-tests-cruciaux-face-au-rwanda-et-a-la-suede-les-verts-lancent-leur-preparation\/#article","isPartOf":{"@id":"https:\/\/lasentinelle.dz\/index.php\/2025\/06\/02\/deux-tests-cruciaux-face-au-rwanda-et-a-la-suede-les-verts-lancent-leur-preparation\/"},"author":{"name":"admin","@id":"https:\/\/lasentinelle.dz\/#\/schema\/person\/729ee0024f24e0b8c5ec17232f8e8b41"},"headline":"Deux tests cruciaux face au Rwanda et \u00e0 la Su\u00e8de : Les Verts lancent leur pr\u00e9paration","datePublished":"2025-06-02T20:25:21+00:00","mainEntityOfPage":{"@id":"https:\/\/lasentinelle.dz\/index.php\/2025\/06\/02\/deux-tests-cruciaux-face-au-rwanda-et-a-la-suede-les-verts-lancent-leur-preparation\/"},"wordCount":897,"commentCount":0,"publisher":{"@id":"https:\/\/lasentinelle.dz\/#organization"},"image":{"@id":"https:\/\/lasentinelle.dz\/index.php\/2025\/06\/02\/deux-tests-cruciaux-face-au-rwanda-et-a-la-suede-les-verts-lancent-leur-preparation\/#primaryimage"},"thumbnailUrl":"https:\/\/lasentinelle.dz\/wp-content\/uploads\/2025\/06\/EN.jpg","articleSection":["\u00c0 la Une","Sports"],"inLanguage":"fr-FR","potentialAction":[{"@type":"CommentAction","name":"Comment","target":["https:\/\/lasentinelle.dz\/index.php\/2025\/06\/02\/deux-tests-cruciaux-face-au-rwanda-et-a-la-suede-les-verts-lancent-leur-preparation\/#respond"]}]},{"@type":"WebPage","@id":"https:\/\/lasentinelle.dz\/index.php\/2025\/06\/02\/deux-tests-cruciaux-face-au-rwanda-et-a-la-suede-les-verts-lancent-leur-preparation\/","url":"https:\/\/lasentinelle.dz\/index.php\/2025\/06\/02\/deux-tests-cruciaux-face-au-rwanda-et-a-la-suede-les-verts-lancent-leur-preparation\/","name":"Deux tests cruciaux face au Rwanda et \u00e0 la Su\u00e8de : Les Verts lancent leur pr\u00e9paration - La Sentinelle","isPartOf":{"@id":"https:\/\/lasentinelle.dz\/#website"},"primaryImageOfPage":{"@id":"https:\/\/lasentinelle.dz\/index.php\/2025\/06\/02\/deux-tests-cruciaux-face-au-rwanda-et-a-la-suede-les-verts-lancent-leur-preparation\/#primaryimage"},"image":{"@id":"https:\/\/lasentinelle.dz\/index.php\/2025\/06\/02\/deux-tests-cruciaux-face-au-rwanda-et-a-la-suede-les-verts-lancent-leur-preparation\/#primaryimage"},"thumbnailUrl":"https:\/\/lasentinelle.dz\/wp-content\/uploads\/2025\/06\/EN.jpg","datePublished":"2025-06-02T20:25:21+00:00","breadcrumb":{"@id":"https:\/\/lasentinelle.dz\/index.php\/2025\/06\/02\/deux-tests-cruciaux-face-au-rwanda-et-a-la-suede-les-verts-lancent-leur-preparation\/#breadcrumb"},"inLanguage":"fr-FR","potentialAction":[{"@type":"ReadAction","target":["https:\/\/lasentinelle.dz\/index.php\/2025\/06\/02\/deux-tests-cruciaux-face-au-rwanda-et-a-la-suede-les-verts-lancent-leur-preparation\/"]}]},{"@type":"ImageObject","inLanguage":"fr-FR","@id":"https:\/\/lasentinelle.dz\/index.php\/2025\/06\/02\/deux-tests-cruciaux-face-au-rwanda-et-a-la-suede-les-verts-lancent-leur-preparation\/#primaryimage","url":"https:\/\/lasentinelle.dz\/wp-content\/uploads\/2025\/06\/EN.jpg","contentUrl":"https:\/\/lasentinelle.dz\/wp-content\/uploads\/2025\/06\/EN.jpg","width":2092,"height":1600},{"@type":"BreadcrumbList","@id":"https:\/\/lasentinelle.dz\/index.php\/2025\/06\/02\/deux-tests-cruciaux-face-au-rwanda-et-a-la-suede-les-verts-lancent-leur-preparation\/#breadcrumb","itemListElement":[{"@type":"ListItem","position":1,"name":"Accueil","item":"https:\/\/lasentinelle.dz\/"},{"@type":"ListItem","position":2,"name":"Deux tests cruciaux face au Rwanda et \u00e0 la Su\u00e8de : Les Verts lancent leur pr\u00e9paration"}]},{"@type":"WebSite","@id":"https:\/\/lasentinelle.dz\/#website","url":"https:\/\/lasentinelle.dz\/","name":"La Sentinelle","description":"Quotidien national d&#039;information","publisher":{"@id":"https:\/\/lasentinelle.dz\/#organization"},"potentialAction":[{"@type":"SearchAction","target":{"@type":"EntryPoint","urlTemplate":"https:\/\/lasentinelle.dz\/?s={search_term_string}"},"query-input":{"@type":"PropertyValueSpecification","valueRequired":true,"valueName":"search_term_string"}}],"inLanguage":"fr-FR"},{"@type":"Organization","@id":"https:\/\/lasentinelle.dz\/#organization","name":"Quotidien La Sentinelle","url":"https:\/\/lasentinelle.dz\/","logo":{"@type":"ImageObject","inLanguage":"fr-FR","@id":"https:\/\/lasentinelle.dz\/#\/schema\/logo\/image\/","url":"https:\/\/lasentinelle.dz\/wp-content\/uploads\/2021\/09\/logo-sentinelleSLOGAN-1.png","contentUrl":"https:\/\/lasentinelle.dz\/wp-content\/uploads\/2021\/09\/logo-sentinelleSLOGAN-1.png","width":615,"height":142,"caption":"Quotidien La Sentinelle"},"image":{"@id":"https:\/\/lasentinelle.dz\/#\/schema\/logo\/image\/"},"sameAs":["https:\/\/www.facebook.com\/La-Sentinelle-104059864394773"]},{"@type":"Person","@id":"https:\/\/lasentinelle.dz\/#\/schema\/person\/729ee0024f24e0b8c5ec17232f8e8b41","name":"admin","image":{"@type":"ImageObject","inLanguage":"fr-FR","@id":"https:\/\/secure.gravatar.com\/avatar\/4c81fed838786e9b53f540bf46533e750f5d292099ae3b66cfc6fb1982e29df7?s=96&d=mm&r=g","url":"https:\/\/secure.gravatar.com\/avatar\/4c81fed838786e9b53f540bf46533e750f5d292099ae3b66cfc6fb1982e29df7?s=96&d=mm&r=g","contentUrl":"https:\/\/secure.gravatar.com\/avatar\/4c81fed838786e9b53f540bf46533e750f5d292099ae3b66cfc6fb1982e29df7?s=96&d=mm&r=g","caption":"admin"},"description":"admin","url":"https:\/\/lasentinelle.dz\/author\/admin\/"}]}},"_links":{"self":[{"href":"https:\/\/lasentinelle.dz\/index.php\/wp-json\/wp\/v2\/posts\/68360","targetHints":{"allow":["GET"]}}],"collection":[{"href":"https:\/\/lasentinelle.dz\/index.php\/wp-json\/wp\/v2\/posts"}],"about":[{"href":"https:\/\/lasentinelle.dz\/index.php\/wp-json\/wp\/v2\/types\/post"}],"author":[{"embeddable":true,"href":"https:\/\/lasentinelle.dz\/index.php\/wp-json\/wp\/v2\/users\/6"}],"replies":[{"embeddable":true,"href":"https:\/\/lasentinelle.dz\/index.php\/wp-json\/wp\/v2\/comments?post=68360"}],"version-history":[{"count":1,"href":"https:\/\/lasentinelle.dz\/index.php\/wp-json\/wp\/v2\/posts\/68360\/revisions"}],"predecessor-version":[{"id":68362,"href":"https:\/\/lasentinelle.dz\/index.php\/wp-json\/wp\/v2\/posts\/68360\/revisions\/68362"}],"wp:featuredmedia":[{"embeddable":true,"href":"https:\/\/lasentinelle.dz\/index.php\/wp-json\/wp\/v2\/media\/68361"}],"wp:attachment":[{"href":"https:\/\/lasentinelle.dz\/index.php\/wp-json\/wp\/v2\/media?parent=68360"}],"wp:term":[{"taxonomy":"category","embeddable":true,"href":"https:\/\/lasentinelle.dz\/index.php\/wp-json\/wp\/v2\/categories?post=68360"},{"taxonomy":"post_tag","embeddable":true,"href":"https:\/\/lasentinelle.dz\/index.php\/wp-json\/wp\/v2\/tags?post=68360"}],"curies":[{"name":"wp","href":"https:\/\/api.w.org\/{rel}","templated":true}]}}