{"id":68371,"date":"2025-06-02T21:29:12","date_gmt":"2025-06-02T20:29:12","guid":{"rendered":"https:\/\/lasentinelle.dz\/?p=68371"},"modified":"2025-06-02T21:29:13","modified_gmt":"2025-06-02T20:29:13","slug":"lindice-des-prix-baisse-de-07-en-avril-le-taux-dinflation-se-stabilise-a-46","status":"publish","type":"post","link":"https:\/\/lasentinelle.dz\/index.php\/2025\/06\/02\/lindice-des-prix-baisse-de-07-en-avril-le-taux-dinflation-se-stabilise-a-46\/","title":{"rendered":"L&rsquo;indice des prix baisse de 0,7% en avril: Le taux d&rsquo;inflation se stabilise \u00e0 4,6 %"},"content":{"rendered":"\n<p>Le taux d&rsquo;inflation marque un recul en avril 2025, offrant un r\u00e9pit bienvenu aux m\u00e9nages. L&rsquo;indice des prix \u00e0 la consommation d&rsquo;Alger affiche une baisse de 0,7% par rapport au mois de mars, selon la derni\u00e8re enqu\u00eate de l&rsquo;Office national des statistiques, marquant une inversion de tendance significative qui contraste avec la hausse de 0,3% observ\u00e9e au m\u00eame mois de l&rsquo;ann\u00e9e pr\u00e9c\u00e9dente.<\/p>\n\n\n\n<p>Cette \u00e9volution positive intervient apr\u00e8s la pouss\u00e9e inflationniste de 2,4% enregistr\u00e9e en mars. Cette d\u00e9tente mensuelle masque cependant une r\u00e9alit\u00e9 \u00e9 plus nuanc\u00e9e, l&rsquo;inflation annuelle se stabilisant \u00e0 4,4% en comparaison avec avril 2024. Le rythme d&rsquo;inflation calcul\u00e9 sur les douze derniers mois s&rsquo;\u00e9tablit \u00e0 4,1%. Le secteur alimentaire constitue le principal moteur de cette am\u00e9lioration mensuelle, avec une correction substantielle de 1,6% qui explique largement l&rsquo;\u00e9volution favorable de l&rsquo;indice global. Cette performance est d&rsquo;autant plus significative que l&rsquo;alimentation repr\u00e9sente plus de 43% du panier de consommation des m\u00e9nages alg\u00e9rois, exer\u00e7ant une influence d\u00e9terminante sur la perception du pouvoir d&rsquo;achat. Les produits agricoles frais accusent la plus forte correction avec une baisse de 2,7%, t\u00e9moignant de l&rsquo;am\u00e9lioration saisonni\u00e8re de l&rsquo;offre et de la normalisation progressive des circuits d&rsquo;approvisionnement apr\u00e8s les perturbations des mois pr\u00e9c\u00e9dents.<\/p>\n\n\n\n<p>L&rsquo;analyse sectorielle r\u00e9v\u00e8le des corrections particuli\u00e8rement marqu\u00e9es sur certains produits embl\u00e9matiques de la consommation populaire. La pomme de terre enregistre une chute spectaculaire de 14,7%, illustrant parfaitement les effets des mesures de r\u00e9gulation du march\u00e9. Cette correction, bien qu&rsquo;importante en valeur mensuelle, doit \u00eatre relativis\u00e9e au regard de la hausse annuelle de 21,9% qui t\u00e9moigne des tensions structurelles ayant affect\u00e9 cette fili\u00e8re. Le secteur de la viande participe \u00e9galement \u00e0 cette dynamique corrective, la viande de poulet chutant de 7,6% et la viande de mouton reculant de 2,4%, offrant un soulagement tangible aux consommateurs confront\u00e9s \u00e0 des hausses importantes au cours des trimestres pr\u00e9c\u00e9dents.<\/p>\n\n\n\n<p>Par contre, les prix des fruits affichent une progression notable de 10,2% tandis que les l\u00e9gumes progressent plus mod\u00e9r\u00e9ment de 1,2%. Les produits alimentaires industriels manifestent \u00e9galement une tendance baissi\u00e8re, quoique plus mod\u00e9r\u00e9e avec un recul de 0,2%. &nbsp;En revanche, les secteurs manufacturier et des services maintiennent une dynamique haussi\u00e8re mod\u00e9r\u00e9e avec des progressions respectives de 0,1% et 0,3%.<\/p>\n\n\n\n<p>L&rsquo;analyse en perspective annuelle nuance sensiblement l&rsquo;optimisme suscit\u00e9 par les corrections mensuelles. L&rsquo;inflation alimentaire atteint 3,6% sur un an, port\u00e9e notamment par la flamb\u00e9e des prix des produits agricoles frais qui bondissent de 7,2%. La viande de mouton marque une hausse annuelle de 18,1%. Au niveau national, l&rsquo;\u00e9volution des prix suit une trajectoire remarquablement similaire \u00e0 celle d&rsquo;Alger, avec un recul mensuel identique de 0,7% et une inflation annuelle l\u00e9g\u00e8rement sup\u00e9rieure de 4,6%.<\/p>\n\n\n\n<p>Sabrina Aziouez<\/p>\n","protected":false},"excerpt":{"rendered":"<p>Le taux d&rsquo;inflation marque un recul en avril 2025, offrant un r\u00e9pit bienvenu aux m\u00e9nages. L&rsquo;indice des prix \u00e0 la<\/p>\n","protected":false},"author":6,"featured_media":63213,"comment_status":"open","ping_status":"closed","sticky":false,"template":"","format":"standard","meta":{"colormag_page_container_layout":"default_layout","colormag_page_sidebar_layout":"default_layout","om_disable_all_campaigns":false,"_monsterinsights_skip_tracking":false,"_monsterinsights_sitenote_active":false,"_monsterinsights_sitenote_note":"","_monsterinsights_sitenote_category":0,"footnotes":"","_wpscppro_dont_share_socialmedia":false,"_wpscppro_custom_social_share_image":0,"_facebook_share_type":"default","_twitter_share_type":"default","_linkedin_share_type":"default","_pinterest_share_type":"default","_linkedin_share_type_page":"","_instagram_share_type":"default","_medium_share_type":"default","_threads_share_type":"","_google_business_share_type":"","_selected_social_profile":[],"_wpsp_enable_custom_social_template":false,"_wpsp_social_scheduling":{"enabled":false,"datetime":null,"platforms":[],"status":"template_only","dateOption":"today","timeOption":"now","customDays":"","customHours":"","customDate":"","customTime":"","schedulingType":"absolute"},"_wpsp_active_default_template":true},"categories":[52,29],"tags":[],"class_list":["post-68371","post","type-post","status-publish","format-standard","has-post-thumbnail","hentry","category-a-la-une","category-economie"],"aioseo_notices":[],"yoast_head":"<!-- This site is optimized with the Yoast SEO plugin v27.5 - https:\/\/yoast.com\/product\/yoast-seo-wordpress\/ -->\n<title>L&rsquo;indice des prix baisse de 0,7% en avril: Le taux d&rsquo;inflation se stabilise \u00e0 4,6 % - La Sentinelle<\/title>\n<meta name=\"robots\" content=\"index, follow, max-snippet:-1, max-image-preview:large, max-video-preview:-1\" \/>\n<link rel=\"canonical\" href=\"https:\/\/lasentinelle.dz\/index.php\/2025\/06\/02\/lindice-des-prix-baisse-de-07-en-avril-le-taux-dinflation-se-stabilise-a-46\/\" \/>\n<meta property=\"og:locale\" content=\"fr_FR\" \/>\n<meta property=\"og:type\" content=\"article\" \/>\n<meta property=\"og:title\" content=\"L&rsquo;indice des prix baisse de 0,7% en avril: Le taux d&rsquo;inflation se stabilise \u00e0 4,6 % - La Sentinelle\" \/>\n<meta property=\"og:description\" content=\"Le taux d&rsquo;inflation marque un recul en avril 2025, offrant un r\u00e9pit bienvenu aux m\u00e9nages. L&rsquo;indice des prix \u00e0 la\" \/>\n<meta property=\"og:url\" content=\"https:\/\/lasentinelle.dz\/index.php\/2025\/06\/02\/lindice-des-prix-baisse-de-07-en-avril-le-taux-dinflation-se-stabilise-a-46\/\" \/>\n<meta property=\"og:site_name\" content=\"La Sentinelle\" \/>\n<meta property=\"article:publisher\" content=\"https:\/\/www.facebook.com\/La-Sentinelle-104059864394773\" \/>\n<meta property=\"article:published_time\" content=\"2025-06-02T20:29:12+00:00\" \/>\n<meta property=\"article:modified_time\" content=\"2025-06-02T20:29:13+00:00\" \/>\n<meta property=\"og:image\" content=\"https:\/\/lasentinelle.dz\/wp-content\/uploads\/2025\/02\/marche.jpg\" \/>\n\t<meta property=\"og:image:width\" content=\"690\" \/>\n\t<meta property=\"og:image:height\" content=\"387\" \/>\n\t<meta property=\"og:image:type\" content=\"image\/jpeg\" \/>\n<meta name=\"author\" content=\"admin\" \/>\n<meta name=\"twitter:card\" content=\"summary_large_image\" \/>\n<meta name=\"twitter:label1\" content=\"\u00c9crit par\" \/>\n\t<meta name=\"twitter:data1\" content=\"admin\" \/>\n\t<meta name=\"twitter:label2\" content=\"Dur\u00e9e de lecture estim\u00e9e\" \/>\n\t<meta name=\"twitter:data2\" content=\"3 minutes\" \/>\n<script type=\"application\/ld+json\" class=\"yoast-schema-graph\">{\"@context\":\"https:\\\/\\\/schema.org\",\"@graph\":[{\"@type\":\"Article\",\"@id\":\"https:\\\/\\\/lasentinelle.dz\\\/index.php\\\/2025\\\/06\\\/02\\\/lindice-des-prix-baisse-de-07-en-avril-le-taux-dinflation-se-stabilise-a-46\\\/#article\",\"isPartOf\":{\"@id\":\"https:\\\/\\\/lasentinelle.dz\\\/index.php\\\/2025\\\/06\\\/02\\\/lindice-des-prix-baisse-de-07-en-avril-le-taux-dinflation-se-stabilise-a-46\\\/\"},\"author\":{\"name\":\"admin\",\"@id\":\"https:\\\/\\\/lasentinelle.dz\\\/#\\\/schema\\\/person\\\/729ee0024f24e0b8c5ec17232f8e8b41\"},\"headline\":\"L&rsquo;indice des prix baisse de 0,7% en avril: Le taux d&rsquo;inflation se stabilise \u00e0 4,6 %\",\"datePublished\":\"2025-06-02T20:29:12+00:00\",\"dateModified\":\"2025-06-02T20:29:13+00:00\",\"mainEntityOfPage\":{\"@id\":\"https:\\\/\\\/lasentinelle.dz\\\/index.php\\\/2025\\\/06\\\/02\\\/lindice-des-prix-baisse-de-07-en-avril-le-taux-dinflation-se-stabilise-a-46\\\/\"},\"wordCount\":496,\"commentCount\":0,\"publisher\":{\"@id\":\"https:\\\/\\\/lasentinelle.dz\\\/#organization\"},\"image\":{\"@id\":\"https:\\\/\\\/lasentinelle.dz\\\/index.php\\\/2025\\\/06\\\/02\\\/lindice-des-prix-baisse-de-07-en-avril-le-taux-dinflation-se-stabilise-a-46\\\/#primaryimage\"},\"thumbnailUrl\":\"https:\\\/\\\/lasentinelle.dz\\\/wp-content\\\/uploads\\\/2025\\\/02\\\/marche.jpg\",\"articleSection\":[\"\u00c0 la Une\",\"\u00c9conomie\"],\"inLanguage\":\"fr-FR\",\"potentialAction\":[{\"@type\":\"CommentAction\",\"name\":\"Comment\",\"target\":[\"https:\\\/\\\/lasentinelle.dz\\\/index.php\\\/2025\\\/06\\\/02\\\/lindice-des-prix-baisse-de-07-en-avril-le-taux-dinflation-se-stabilise-a-46\\\/#respond\"]}]},{\"@type\":\"WebPage\",\"@id\":\"https:\\\/\\\/lasentinelle.dz\\\/index.php\\\/2025\\\/06\\\/02\\\/lindice-des-prix-baisse-de-07-en-avril-le-taux-dinflation-se-stabilise-a-46\\\/\",\"url\":\"https:\\\/\\\/lasentinelle.dz\\\/index.php\\\/2025\\\/06\\\/02\\\/lindice-des-prix-baisse-de-07-en-avril-le-taux-dinflation-se-stabilise-a-46\\\/\",\"name\":\"L&rsquo;indice des prix baisse de 0,7% en avril: Le taux d&rsquo;inflation se stabilise \u00e0 4,6 % - La Sentinelle\",\"isPartOf\":{\"@id\":\"https:\\\/\\\/lasentinelle.dz\\\/#website\"},\"primaryImageOfPage\":{\"@id\":\"https:\\\/\\\/lasentinelle.dz\\\/index.php\\\/2025\\\/06\\\/02\\\/lindice-des-prix-baisse-de-07-en-avril-le-taux-dinflation-se-stabilise-a-46\\\/#primaryimage\"},\"image\":{\"@id\":\"https:\\\/\\\/lasentinelle.dz\\\/index.php\\\/2025\\\/06\\\/02\\\/lindice-des-prix-baisse-de-07-en-avril-le-taux-dinflation-se-stabilise-a-46\\\/#primaryimage\"},\"thumbnailUrl\":\"https:\\\/\\\/lasentinelle.dz\\\/wp-content\\\/uploads\\\/2025\\\/02\\\/marche.jpg\",\"datePublished\":\"2025-06-02T20:29:12+00:00\",\"dateModified\":\"2025-06-02T20:29:13+00:00\",\"breadcrumb\":{\"@id\":\"https:\\\/\\\/lasentinelle.dz\\\/index.php\\\/2025\\\/06\\\/02\\\/lindice-des-prix-baisse-de-07-en-avril-le-taux-dinflation-se-stabilise-a-46\\\/#breadcrumb\"},\"inLanguage\":\"fr-FR\",\"potentialAction\":[{\"@type\":\"ReadAction\",\"target\":[\"https:\\\/\\\/lasentinelle.dz\\\/index.php\\\/2025\\\/06\\\/02\\\/lindice-des-prix-baisse-de-07-en-avril-le-taux-dinflation-se-stabilise-a-46\\\/\"]}]},{\"@type\":\"ImageObject\",\"inLanguage\":\"fr-FR\",\"@id\":\"https:\\\/\\\/lasentinelle.dz\\\/index.php\\\/2025\\\/06\\\/02\\\/lindice-des-prix-baisse-de-07-en-avril-le-taux-dinflation-se-stabilise-a-46\\\/#primaryimage\",\"url\":\"https:\\\/\\\/lasentinelle.dz\\\/wp-content\\\/uploads\\\/2025\\\/02\\\/marche.jpg\",\"contentUrl\":\"https:\\\/\\\/lasentinelle.dz\\\/wp-content\\\/uploads\\\/2025\\\/02\\\/marche.jpg\",\"width\":690,\"height\":387},{\"@type\":\"BreadcrumbList\",\"@id\":\"https:\\\/\\\/lasentinelle.dz\\\/index.php\\\/2025\\\/06\\\/02\\\/lindice-des-prix-baisse-de-07-en-avril-le-taux-dinflation-se-stabilise-a-46\\\/#breadcrumb\",\"itemListElement\":[{\"@type\":\"ListItem\",\"position\":1,\"name\":\"Accueil\",\"item\":\"https:\\\/\\\/lasentinelle.dz\\\/\"},{\"@type\":\"ListItem\",\"position\":2,\"name\":\"L&rsquo;indice des prix baisse de 0,7% en avril: Le taux d&rsquo;inflation se stabilise \u00e0 4,6 %\"}]},{\"@type\":\"WebSite\",\"@id\":\"https:\\\/\\\/lasentinelle.dz\\\/#website\",\"url\":\"https:\\\/\\\/lasentinelle.dz\\\/\",\"name\":\"La Sentinelle\",\"description\":\"Quotidien national d&#039;information\",\"publisher\":{\"@id\":\"https:\\\/\\\/lasentinelle.dz\\\/#organization\"},\"potentialAction\":[{\"@type\":\"SearchAction\",\"target\":{\"@type\":\"EntryPoint\",\"urlTemplate\":\"https:\\\/\\\/lasentinelle.dz\\\/?s={search_term_string}\"},\"query-input\":{\"@type\":\"PropertyValueSpecification\",\"valueRequired\":true,\"valueName\":\"search_term_string\"}}],\"inLanguage\":\"fr-FR\"},{\"@type\":\"Organization\",\"@id\":\"https:\\\/\\\/lasentinelle.dz\\\/#organization\",\"name\":\"Quotidien La Sentinelle\",\"url\":\"https:\\\/\\\/lasentinelle.dz\\\/\",\"logo\":{\"@type\":\"ImageObject\",\"inLanguage\":\"fr-FR\",\"@id\":\"https:\\\/\\\/lasentinelle.dz\\\/#\\\/schema\\\/logo\\\/image\\\/\",\"url\":\"https:\\\/\\\/lasentinelle.dz\\\/wp-content\\\/uploads\\\/2021\\\/09\\\/logo-sentinelleSLOGAN-1.png\",\"contentUrl\":\"https:\\\/\\\/lasentinelle.dz\\\/wp-content\\\/uploads\\\/2021\\\/09\\\/logo-sentinelleSLOGAN-1.png\",\"width\":615,\"height\":142,\"caption\":\"Quotidien La Sentinelle\"},\"image\":{\"@id\":\"https:\\\/\\\/lasentinelle.dz\\\/#\\\/schema\\\/logo\\\/image\\\/\"},\"sameAs\":[\"https:\\\/\\\/www.facebook.com\\\/La-Sentinelle-104059864394773\"]},{\"@type\":\"Person\",\"@id\":\"https:\\\/\\\/lasentinelle.dz\\\/#\\\/schema\\\/person\\\/729ee0024f24e0b8c5ec17232f8e8b41\",\"name\":\"admin\",\"image\":{\"@type\":\"ImageObject\",\"inLanguage\":\"fr-FR\",\"@id\":\"https:\\\/\\\/secure.gravatar.com\\\/avatar\\\/4c81fed838786e9b53f540bf46533e750f5d292099ae3b66cfc6fb1982e29df7?s=96&d=mm&r=g\",\"url\":\"https:\\\/\\\/secure.gravatar.com\\\/avatar\\\/4c81fed838786e9b53f540bf46533e750f5d292099ae3b66cfc6fb1982e29df7?s=96&d=mm&r=g\",\"contentUrl\":\"https:\\\/\\\/secure.gravatar.com\\\/avatar\\\/4c81fed838786e9b53f540bf46533e750f5d292099ae3b66cfc6fb1982e29df7?s=96&d=mm&r=g\",\"caption\":\"admin\"},\"description\":\"admin\",\"url\":\"https:\\\/\\\/lasentinelle.dz\\\/author\\\/admin\\\/\"}]}<\/script>\n<!-- \/ Yoast SEO plugin. -->","yoast_head_json":{"title":"L&rsquo;indice des prix baisse de 0,7% en avril: Le taux d&rsquo;inflation se stabilise \u00e0 4,6 % - La Sentinelle","robots":{"index":"index","follow":"follow","max-snippet":"max-snippet:-1","max-image-preview":"max-image-preview:large","max-video-preview":"max-video-preview:-1"},"canonical":"https:\/\/lasentinelle.dz\/index.php\/2025\/06\/02\/lindice-des-prix-baisse-de-07-en-avril-le-taux-dinflation-se-stabilise-a-46\/","og_locale":"fr_FR","og_type":"article","og_title":"L&rsquo;indice des prix baisse de 0,7% en avril: Le taux d&rsquo;inflation se stabilise \u00e0 4,6 % - La Sentinelle","og_description":"Le taux d&rsquo;inflation marque un recul en avril 2025, offrant un r\u00e9pit bienvenu aux m\u00e9nages. L&rsquo;indice des prix \u00e0 la","og_url":"https:\/\/lasentinelle.dz\/index.php\/2025\/06\/02\/lindice-des-prix-baisse-de-07-en-avril-le-taux-dinflation-se-stabilise-a-46\/","og_site_name":"La Sentinelle","article_publisher":"https:\/\/www.facebook.com\/La-Sentinelle-104059864394773","article_published_time":"2025-06-02T20:29:12+00:00","article_modified_time":"2025-06-02T20:29:13+00:00","og_image":[{"width":690,"height":387,"url":"https:\/\/lasentinelle.dz\/wp-content\/uploads\/2025\/02\/marche.jpg","type":"image\/jpeg"}],"author":"admin","twitter_card":"summary_large_image","twitter_misc":{"\u00c9crit par":"admin","Dur\u00e9e de lecture estim\u00e9e":"3 minutes"},"schema":{"@context":"https:\/\/schema.org","@graph":[{"@type":"Article","@id":"https:\/\/lasentinelle.dz\/index.php\/2025\/06\/02\/lindice-des-prix-baisse-de-07-en-avril-le-taux-dinflation-se-stabilise-a-46\/#article","isPartOf":{"@id":"https:\/\/lasentinelle.dz\/index.php\/2025\/06\/02\/lindice-des-prix-baisse-de-07-en-avril-le-taux-dinflation-se-stabilise-a-46\/"},"author":{"name":"admin","@id":"https:\/\/lasentinelle.dz\/#\/schema\/person\/729ee0024f24e0b8c5ec17232f8e8b41"},"headline":"L&rsquo;indice des prix baisse de 0,7% en avril: Le taux d&rsquo;inflation se stabilise \u00e0 4,6 %","datePublished":"2025-06-02T20:29:12+00:00","dateModified":"2025-06-02T20:29:13+00:00","mainEntityOfPage":{"@id":"https:\/\/lasentinelle.dz\/index.php\/2025\/06\/02\/lindice-des-prix-baisse-de-07-en-avril-le-taux-dinflation-se-stabilise-a-46\/"},"wordCount":496,"commentCount":0,"publisher":{"@id":"https:\/\/lasentinelle.dz\/#organization"},"image":{"@id":"https:\/\/lasentinelle.dz\/index.php\/2025\/06\/02\/lindice-des-prix-baisse-de-07-en-avril-le-taux-dinflation-se-stabilise-a-46\/#primaryimage"},"thumbnailUrl":"https:\/\/lasentinelle.dz\/wp-content\/uploads\/2025\/02\/marche.jpg","articleSection":["\u00c0 la Une","\u00c9conomie"],"inLanguage":"fr-FR","potentialAction":[{"@type":"CommentAction","name":"Comment","target":["https:\/\/lasentinelle.dz\/index.php\/2025\/06\/02\/lindice-des-prix-baisse-de-07-en-avril-le-taux-dinflation-se-stabilise-a-46\/#respond"]}]},{"@type":"WebPage","@id":"https:\/\/lasentinelle.dz\/index.php\/2025\/06\/02\/lindice-des-prix-baisse-de-07-en-avril-le-taux-dinflation-se-stabilise-a-46\/","url":"https:\/\/lasentinelle.dz\/index.php\/2025\/06\/02\/lindice-des-prix-baisse-de-07-en-avril-le-taux-dinflation-se-stabilise-a-46\/","name":"L&rsquo;indice des prix baisse de 0,7% en avril: Le taux d&rsquo;inflation se stabilise \u00e0 4,6 % - La Sentinelle","isPartOf":{"@id":"https:\/\/lasentinelle.dz\/#website"},"primaryImageOfPage":{"@id":"https:\/\/lasentinelle.dz\/index.php\/2025\/06\/02\/lindice-des-prix-baisse-de-07-en-avril-le-taux-dinflation-se-stabilise-a-46\/#primaryimage"},"image":{"@id":"https:\/\/lasentinelle.dz\/index.php\/2025\/06\/02\/lindice-des-prix-baisse-de-07-en-avril-le-taux-dinflation-se-stabilise-a-46\/#primaryimage"},"thumbnailUrl":"https:\/\/lasentinelle.dz\/wp-content\/uploads\/2025\/02\/marche.jpg","datePublished":"2025-06-02T20:29:12+00:00","dateModified":"2025-06-02T20:29:13+00:00","breadcrumb":{"@id":"https:\/\/lasentinelle.dz\/index.php\/2025\/06\/02\/lindice-des-prix-baisse-de-07-en-avril-le-taux-dinflation-se-stabilise-a-46\/#breadcrumb"},"inLanguage":"fr-FR","potentialAction":[{"@type":"ReadAction","target":["https:\/\/lasentinelle.dz\/index.php\/2025\/06\/02\/lindice-des-prix-baisse-de-07-en-avril-le-taux-dinflation-se-stabilise-a-46\/"]}]},{"@type":"ImageObject","inLanguage":"fr-FR","@id":"https:\/\/lasentinelle.dz\/index.php\/2025\/06\/02\/lindice-des-prix-baisse-de-07-en-avril-le-taux-dinflation-se-stabilise-a-46\/#primaryimage","url":"https:\/\/lasentinelle.dz\/wp-content\/uploads\/2025\/02\/marche.jpg","contentUrl":"https:\/\/lasentinelle.dz\/wp-content\/uploads\/2025\/02\/marche.jpg","width":690,"height":387},{"@type":"BreadcrumbList","@id":"https:\/\/lasentinelle.dz\/index.php\/2025\/06\/02\/lindice-des-prix-baisse-de-07-en-avril-le-taux-dinflation-se-stabilise-a-46\/#breadcrumb","itemListElement":[{"@type":"ListItem","position":1,"name":"Accueil","item":"https:\/\/lasentinelle.dz\/"},{"@type":"ListItem","position":2,"name":"L&rsquo;indice des prix baisse de 0,7% en avril: Le taux d&rsquo;inflation se stabilise \u00e0 4,6 %"}]},{"@type":"WebSite","@id":"https:\/\/lasentinelle.dz\/#website","url":"https:\/\/lasentinelle.dz\/","name":"La Sentinelle","description":"Quotidien national d&#039;information","publisher":{"@id":"https:\/\/lasentinelle.dz\/#organization"},"potentialAction":[{"@type":"SearchAction","target":{"@type":"EntryPoint","urlTemplate":"https:\/\/lasentinelle.dz\/?s={search_term_string}"},"query-input":{"@type":"PropertyValueSpecification","valueRequired":true,"valueName":"search_term_string"}}],"inLanguage":"fr-FR"},{"@type":"Organization","@id":"https:\/\/lasentinelle.dz\/#organization","name":"Quotidien La Sentinelle","url":"https:\/\/lasentinelle.dz\/","logo":{"@type":"ImageObject","inLanguage":"fr-FR","@id":"https:\/\/lasentinelle.dz\/#\/schema\/logo\/image\/","url":"https:\/\/lasentinelle.dz\/wp-content\/uploads\/2021\/09\/logo-sentinelleSLOGAN-1.png","contentUrl":"https:\/\/lasentinelle.dz\/wp-content\/uploads\/2021\/09\/logo-sentinelleSLOGAN-1.png","width":615,"height":142,"caption":"Quotidien La Sentinelle"},"image":{"@id":"https:\/\/lasentinelle.dz\/#\/schema\/logo\/image\/"},"sameAs":["https:\/\/www.facebook.com\/La-Sentinelle-104059864394773"]},{"@type":"Person","@id":"https:\/\/lasentinelle.dz\/#\/schema\/person\/729ee0024f24e0b8c5ec17232f8e8b41","name":"admin","image":{"@type":"ImageObject","inLanguage":"fr-FR","@id":"https:\/\/secure.gravatar.com\/avatar\/4c81fed838786e9b53f540bf46533e750f5d292099ae3b66cfc6fb1982e29df7?s=96&d=mm&r=g","url":"https:\/\/secure.gravatar.com\/avatar\/4c81fed838786e9b53f540bf46533e750f5d292099ae3b66cfc6fb1982e29df7?s=96&d=mm&r=g","contentUrl":"https:\/\/secure.gravatar.com\/avatar\/4c81fed838786e9b53f540bf46533e750f5d292099ae3b66cfc6fb1982e29df7?s=96&d=mm&r=g","caption":"admin"},"description":"admin","url":"https:\/\/lasentinelle.dz\/author\/admin\/"}]}},"_links":{"self":[{"href":"https:\/\/lasentinelle.dz\/index.php\/wp-json\/wp\/v2\/posts\/68371","targetHints":{"allow":["GET"]}}],"collection":[{"href":"https:\/\/lasentinelle.dz\/index.php\/wp-json\/wp\/v2\/posts"}],"about":[{"href":"https:\/\/lasentinelle.dz\/index.php\/wp-json\/wp\/v2\/types\/post"}],"author":[{"embeddable":true,"href":"https:\/\/lasentinelle.dz\/index.php\/wp-json\/wp\/v2\/users\/6"}],"replies":[{"embeddable":true,"href":"https:\/\/lasentinelle.dz\/index.php\/wp-json\/wp\/v2\/comments?post=68371"}],"version-history":[{"count":2,"href":"https:\/\/lasentinelle.dz\/index.php\/wp-json\/wp\/v2\/posts\/68371\/revisions"}],"predecessor-version":[{"id":68373,"href":"https:\/\/lasentinelle.dz\/index.php\/wp-json\/wp\/v2\/posts\/68371\/revisions\/68373"}],"wp:featuredmedia":[{"embeddable":true,"href":"https:\/\/lasentinelle.dz\/index.php\/wp-json\/wp\/v2\/media\/63213"}],"wp:attachment":[{"href":"https:\/\/lasentinelle.dz\/index.php\/wp-json\/wp\/v2\/media?parent=68371"}],"wp:term":[{"taxonomy":"category","embeddable":true,"href":"https:\/\/lasentinelle.dz\/index.php\/wp-json\/wp\/v2\/categories?post=68371"},{"taxonomy":"post_tag","embeddable":true,"href":"https:\/\/lasentinelle.dz\/index.php\/wp-json\/wp\/v2\/tags?post=68371"}],"curies":[{"name":"wp","href":"https:\/\/api.w.org\/{rel}","templated":true}]}}