{"id":68374,"date":"2025-06-02T21:30:01","date_gmt":"2025-06-02T20:30:01","guid":{"rendered":"https:\/\/lasentinelle.dz\/?p=68374"},"modified":"2025-06-02T21:30:03","modified_gmt":"2025-06-02T20:30:03","slug":"les-ministres-de-la-sante-et-du-travail-en-mission-en-slovenie-alger-et-ljubljana-sunissent-pour-les-enfants-de-ghaza","status":"publish","type":"post","link":"https:\/\/lasentinelle.dz\/index.php\/2025\/06\/02\/les-ministres-de-la-sante-et-du-travail-en-mission-en-slovenie-alger-et-ljubljana-sunissent-pour-les-enfants-de-ghaza\/","title":{"rendered":"Les ministres de la Sant\u00e9 et du Travail en mission en Slov\u00e9nie: Alger et Ljubljana s&rsquo;unissent pour les enfants de Ghaza"},"content":{"rendered":"\n<p>Une d\u00e9l\u00e9gation minist\u00e9rielle alg\u00e9rienne de haut niveau a entam\u00e9 lundi une visite officielle de quatre jours en R\u00e9publique de Slov\u00e9nie, portant un message d&rsquo;espoir pour les enfants palestiniens victimes de la guerre \u00e0 Ghaza. Mandat\u00e9s personnellement par le pr\u00e9sident Abdelmadjid Tebboune, le ministre de la Sant\u00e9 Abdelhak Saihi et le ministre du Travail, de l&rsquo;Emploi et de la S\u00e9curit\u00e9 sociale Fay\u00e7al Bentaleb, m\u00e8nent cette mission qui s&rsquo;inscrit dans la continuit\u00e9 de la diplomatie humanitaire alg\u00e9rienne. Cette d\u00e9marche fait suite \u00e0 la visite d&rsquo;\u00c9tat effectu\u00e9e par le pr\u00e9sident Tebboune en Slov\u00e9nie le mois dernier, laquelle avait \u00e9t\u00e9 couronn\u00e9e par la signature de plusieurs accords de coop\u00e9ration dans des domaines vitaux d&rsquo;int\u00e9r\u00eat commun. Les relations bilat\u00e9rales entre Alger et Ljubljana connaissent ainsi un nouvel \u00e9lan, particuli\u00e8rement dans le secteur sanitaire o\u00f9 la Slov\u00e9nie dispose d&rsquo;une expertise reconnue internationalement.<\/p>\n\n\n\n<p>Au c\u0153ur de cette mission se trouve un projet de r\u00e9habilitation sanitaire des enfants et adolescents palestiniens victimes de l&rsquo;agression isra\u00e9lienne contre Ghaza. Ce programme humanitaire repr\u00e9sente l&rsquo;un des principaux axes inscrits \u00e0 l&rsquo;ordre du jour des discussions entre les deux parties, t\u00e9moignant de la volont\u00e9 commune de porter secours aux plus vuln\u00e9rables. L&rsquo;initiative s&rsquo;appuie sur les pr\u00e9c\u00e9dentes d\u00e9marches qui ont d\u00e9j\u00e0 permis la prise en charge d&rsquo;enfants palestiniens affect\u00e9s par le conflit, d\u00e9montrant l&rsquo;efficacit\u00e9 de cette coop\u00e9ration entre l&rsquo;Alg\u00e9rie et la Slov\u00e9nie.<\/p>\n\n\n\n<p>Les deux ministres alg\u00e9riens tiendront une s\u00e9rie de rencontres et d&rsquo;entretiens avec leurs homologues slov\u00e8nes dans le but de renforcer la coop\u00e9ration bilat\u00e9rale et d&rsquo;\u00e9changer les expertises dans les domaines de la sant\u00e9, du travail, de l&#8217;emploi et de la s\u00e9curit\u00e9 sociale. Ces \u00e9changes techniques permettront d&rsquo;identifier les meilleures pratiques et d&rsquo;optimiser les protocoles de prise en charge m\u00e9dicale des jeunes patients palestiniens.<\/p>\n\n\n\n<p>La d\u00e9l\u00e9gation alg\u00e9rienne visitera \u00e9galement des \u00e9tablissements de sant\u00e9 slov\u00e8nes r\u00e9put\u00e9s ainsi que des soci\u00e9t\u00e9s sp\u00e9cialis\u00e9es dans la fabrication de proth\u00e8ses, secteur dans lequel la Slov\u00e9nie excelle au niveau europ\u00e9en. Cette expertise rev\u00eat une importance particuli\u00e8re compte tenu des nombreux cas d&rsquo;amputations et de blessures graves parmi les enfants ghazaouis n\u00e9cessitant des appareillages sophistiqu\u00e9s et un suivi m\u00e9dical sp\u00e9cialis\u00e9 \u00e0 long terme. Cette mission illustre parfaitement l&rsquo;engagement constant de l&rsquo;Alg\u00e9rie en faveur d&rsquo;une diplomatie de solidarit\u00e9 active, fond\u00e9e sur les principes de fraternit\u00e9 et de coop\u00e9ration. Elle t\u00e9moigne \u00e9galement de la capacit\u00e9 du pays \u00e0 mobiliser ses partenaires internationaux au service des causes humanitaires justes, en t\u00eate desquelles figure la cause palestinienne qui demeure une priorit\u00e9 absolue de la politique \u00e9trang\u00e8re alg\u00e9rienne.<\/p>\n\n\n\n<p>Au-del\u00e0 de son aspect humanitaire imm\u00e9diat, ce partenariat alg\u00e9ro-slov\u00e8ne ouvre de nouvelles perspectives de coop\u00e9ration dans le secteur de la sant\u00e9, secteur strat\u00e9gique pour le d\u00e9veloppement socio-\u00e9conomique des deux pays. Il s&rsquo;inscrit dans une d\u00e9marche plus large de renforcement des partenariats constructifs avec les pays amis, contribuant ainsi au rayonnement international de l&rsquo;Alg\u00e9rie et \u00e0 sa r\u00e9putation de nation solidaire et responsable sur la sc\u00e8ne internationale.<\/p>\n\n\n\n<p>Lyna Larbi<\/p>\n","protected":false},"excerpt":{"rendered":"<p>Une d\u00e9l\u00e9gation minist\u00e9rielle alg\u00e9rienne de haut niveau a entam\u00e9 lundi une visite officielle de quatre jours en R\u00e9publique de Slov\u00e9nie,<\/p>\n","protected":false},"author":6,"featured_media":42547,"comment_status":"open","ping_status":"closed","sticky":false,"template":"","format":"standard","meta":{"colormag_page_container_layout":"default_layout","colormag_page_sidebar_layout":"default_layout","om_disable_all_campaigns":false,"_monsterinsights_skip_tracking":false,"_monsterinsights_sitenote_active":false,"_monsterinsights_sitenote_note":"","_monsterinsights_sitenote_category":0,"footnotes":"","_wpscppro_dont_share_socialmedia":false,"_wpscppro_custom_social_share_image":0,"_facebook_share_type":"default","_twitter_share_type":"default","_linkedin_share_type":"default","_pinterest_share_type":"default","_linkedin_share_type_page":"","_instagram_share_type":"default","_medium_share_type":"default","_threads_share_type":"","_google_business_share_type":"","_selected_social_profile":[],"_wpsp_enable_custom_social_template":false,"_wpsp_social_scheduling":{"enabled":false,"datetime":null,"platforms":[],"status":"template_only","dateOption":"today","timeOption":"now","customDays":"","customHours":"","customDate":"","customTime":"","schedulingType":"absolute"},"_wpsp_active_default_template":true},"categories":[27],"tags":[],"class_list":["post-68374","post","type-post","status-publish","format-standard","has-post-thumbnail","hentry","category-actualite"],"aioseo_notices":[],"yoast_head":"<!-- This site is optimized with the Yoast SEO plugin v27.5 - https:\/\/yoast.com\/product\/yoast-seo-wordpress\/ -->\n<title>Les ministres de la Sant\u00e9 et du Travail en mission en Slov\u00e9nie: Alger et Ljubljana s&rsquo;unissent pour les enfants de Ghaza - La Sentinelle<\/title>\n<meta name=\"robots\" content=\"index, follow, max-snippet:-1, max-image-preview:large, max-video-preview:-1\" \/>\n<link rel=\"canonical\" href=\"https:\/\/lasentinelle.dz\/index.php\/2025\/06\/02\/les-ministres-de-la-sante-et-du-travail-en-mission-en-slovenie-alger-et-ljubljana-sunissent-pour-les-enfants-de-ghaza\/\" \/>\n<meta property=\"og:locale\" content=\"fr_FR\" \/>\n<meta property=\"og:type\" content=\"article\" \/>\n<meta property=\"og:title\" content=\"Les ministres de la Sant\u00e9 et du Travail en mission en Slov\u00e9nie: Alger et Ljubljana s&rsquo;unissent pour les enfants de Ghaza - La Sentinelle\" \/>\n<meta property=\"og:description\" content=\"Une d\u00e9l\u00e9gation minist\u00e9rielle alg\u00e9rienne de haut niveau a entam\u00e9 lundi une visite officielle de quatre jours en R\u00e9publique de Slov\u00e9nie,\" \/>\n<meta property=\"og:url\" content=\"https:\/\/lasentinelle.dz\/index.php\/2025\/06\/02\/les-ministres-de-la-sante-et-du-travail-en-mission-en-slovenie-alger-et-ljubljana-sunissent-pour-les-enfants-de-ghaza\/\" \/>\n<meta property=\"og:site_name\" content=\"La Sentinelle\" \/>\n<meta property=\"article:publisher\" content=\"https:\/\/www.facebook.com\/La-Sentinelle-104059864394773\" \/>\n<meta property=\"article:published_time\" content=\"2025-06-02T20:30:01+00:00\" \/>\n<meta property=\"article:modified_time\" content=\"2025-06-02T20:30:03+00:00\" \/>\n<meta property=\"og:image\" content=\"https:\/\/lasentinelle.dz\/wp-content\/uploads\/2023\/06\/bentaleb.jpeg\" \/>\n\t<meta property=\"og:image:width\" content=\"278\" \/>\n\t<meta property=\"og:image:height\" content=\"181\" \/>\n\t<meta property=\"og:image:type\" content=\"image\/jpeg\" \/>\n<meta name=\"author\" content=\"admin\" \/>\n<meta name=\"twitter:card\" content=\"summary_large_image\" \/>\n<meta name=\"twitter:label1\" content=\"\u00c9crit par\" \/>\n\t<meta name=\"twitter:data1\" content=\"admin\" \/>\n\t<meta name=\"twitter:label2\" content=\"Dur\u00e9e de lecture estim\u00e9e\" \/>\n\t<meta name=\"twitter:data2\" content=\"3 minutes\" \/>\n<script type=\"application\/ld+json\" class=\"yoast-schema-graph\">{\"@context\":\"https:\\\/\\\/schema.org\",\"@graph\":[{\"@type\":\"Article\",\"@id\":\"https:\\\/\\\/lasentinelle.dz\\\/index.php\\\/2025\\\/06\\\/02\\\/les-ministres-de-la-sante-et-du-travail-en-mission-en-slovenie-alger-et-ljubljana-sunissent-pour-les-enfants-de-ghaza\\\/#article\",\"isPartOf\":{\"@id\":\"https:\\\/\\\/lasentinelle.dz\\\/index.php\\\/2025\\\/06\\\/02\\\/les-ministres-de-la-sante-et-du-travail-en-mission-en-slovenie-alger-et-ljubljana-sunissent-pour-les-enfants-de-ghaza\\\/\"},\"author\":{\"name\":\"admin\",\"@id\":\"https:\\\/\\\/lasentinelle.dz\\\/#\\\/schema\\\/person\\\/729ee0024f24e0b8c5ec17232f8e8b41\"},\"headline\":\"Les ministres de la Sant\u00e9 et du Travail en mission en Slov\u00e9nie: Alger et Ljubljana s&rsquo;unissent pour les enfants de Ghaza\",\"datePublished\":\"2025-06-02T20:30:01+00:00\",\"dateModified\":\"2025-06-02T20:30:03+00:00\",\"mainEntityOfPage\":{\"@id\":\"https:\\\/\\\/lasentinelle.dz\\\/index.php\\\/2025\\\/06\\\/02\\\/les-ministres-de-la-sante-et-du-travail-en-mission-en-slovenie-alger-et-ljubljana-sunissent-pour-les-enfants-de-ghaza\\\/\"},\"wordCount\":597,\"commentCount\":0,\"publisher\":{\"@id\":\"https:\\\/\\\/lasentinelle.dz\\\/#organization\"},\"image\":{\"@id\":\"https:\\\/\\\/lasentinelle.dz\\\/index.php\\\/2025\\\/06\\\/02\\\/les-ministres-de-la-sante-et-du-travail-en-mission-en-slovenie-alger-et-ljubljana-sunissent-pour-les-enfants-de-ghaza\\\/#primaryimage\"},\"thumbnailUrl\":\"https:\\\/\\\/lasentinelle.dz\\\/wp-content\\\/uploads\\\/2023\\\/06\\\/bentaleb.jpeg\",\"articleSection\":[\"Actualit\u00e9\"],\"inLanguage\":\"fr-FR\",\"potentialAction\":[{\"@type\":\"CommentAction\",\"name\":\"Comment\",\"target\":[\"https:\\\/\\\/lasentinelle.dz\\\/index.php\\\/2025\\\/06\\\/02\\\/les-ministres-de-la-sante-et-du-travail-en-mission-en-slovenie-alger-et-ljubljana-sunissent-pour-les-enfants-de-ghaza\\\/#respond\"]}]},{\"@type\":\"WebPage\",\"@id\":\"https:\\\/\\\/lasentinelle.dz\\\/index.php\\\/2025\\\/06\\\/02\\\/les-ministres-de-la-sante-et-du-travail-en-mission-en-slovenie-alger-et-ljubljana-sunissent-pour-les-enfants-de-ghaza\\\/\",\"url\":\"https:\\\/\\\/lasentinelle.dz\\\/index.php\\\/2025\\\/06\\\/02\\\/les-ministres-de-la-sante-et-du-travail-en-mission-en-slovenie-alger-et-ljubljana-sunissent-pour-les-enfants-de-ghaza\\\/\",\"name\":\"Les ministres de la Sant\u00e9 et du Travail en mission en Slov\u00e9nie: Alger et Ljubljana s&rsquo;unissent pour les enfants de Ghaza - La Sentinelle\",\"isPartOf\":{\"@id\":\"https:\\\/\\\/lasentinelle.dz\\\/#website\"},\"primaryImageOfPage\":{\"@id\":\"https:\\\/\\\/lasentinelle.dz\\\/index.php\\\/2025\\\/06\\\/02\\\/les-ministres-de-la-sante-et-du-travail-en-mission-en-slovenie-alger-et-ljubljana-sunissent-pour-les-enfants-de-ghaza\\\/#primaryimage\"},\"image\":{\"@id\":\"https:\\\/\\\/lasentinelle.dz\\\/index.php\\\/2025\\\/06\\\/02\\\/les-ministres-de-la-sante-et-du-travail-en-mission-en-slovenie-alger-et-ljubljana-sunissent-pour-les-enfants-de-ghaza\\\/#primaryimage\"},\"thumbnailUrl\":\"https:\\\/\\\/lasentinelle.dz\\\/wp-content\\\/uploads\\\/2023\\\/06\\\/bentaleb.jpeg\",\"datePublished\":\"2025-06-02T20:30:01+00:00\",\"dateModified\":\"2025-06-02T20:30:03+00:00\",\"breadcrumb\":{\"@id\":\"https:\\\/\\\/lasentinelle.dz\\\/index.php\\\/2025\\\/06\\\/02\\\/les-ministres-de-la-sante-et-du-travail-en-mission-en-slovenie-alger-et-ljubljana-sunissent-pour-les-enfants-de-ghaza\\\/#breadcrumb\"},\"inLanguage\":\"fr-FR\",\"potentialAction\":[{\"@type\":\"ReadAction\",\"target\":[\"https:\\\/\\\/lasentinelle.dz\\\/index.php\\\/2025\\\/06\\\/02\\\/les-ministres-de-la-sante-et-du-travail-en-mission-en-slovenie-alger-et-ljubljana-sunissent-pour-les-enfants-de-ghaza\\\/\"]}]},{\"@type\":\"ImageObject\",\"inLanguage\":\"fr-FR\",\"@id\":\"https:\\\/\\\/lasentinelle.dz\\\/index.php\\\/2025\\\/06\\\/02\\\/les-ministres-de-la-sante-et-du-travail-en-mission-en-slovenie-alger-et-ljubljana-sunissent-pour-les-enfants-de-ghaza\\\/#primaryimage\",\"url\":\"https:\\\/\\\/lasentinelle.dz\\\/wp-content\\\/uploads\\\/2023\\\/06\\\/bentaleb.jpeg\",\"contentUrl\":\"https:\\\/\\\/lasentinelle.dz\\\/wp-content\\\/uploads\\\/2023\\\/06\\\/bentaleb.jpeg\",\"width\":278,\"height\":181},{\"@type\":\"BreadcrumbList\",\"@id\":\"https:\\\/\\\/lasentinelle.dz\\\/index.php\\\/2025\\\/06\\\/02\\\/les-ministres-de-la-sante-et-du-travail-en-mission-en-slovenie-alger-et-ljubljana-sunissent-pour-les-enfants-de-ghaza\\\/#breadcrumb\",\"itemListElement\":[{\"@type\":\"ListItem\",\"position\":1,\"name\":\"Accueil\",\"item\":\"https:\\\/\\\/lasentinelle.dz\\\/\"},{\"@type\":\"ListItem\",\"position\":2,\"name\":\"Les ministres de la Sant\u00e9 et du Travail en mission en Slov\u00e9nie: Alger et Ljubljana s&rsquo;unissent pour les enfants de Ghaza\"}]},{\"@type\":\"WebSite\",\"@id\":\"https:\\\/\\\/lasentinelle.dz\\\/#website\",\"url\":\"https:\\\/\\\/lasentinelle.dz\\\/\",\"name\":\"La Sentinelle\",\"description\":\"Quotidien national d&#039;information\",\"publisher\":{\"@id\":\"https:\\\/\\\/lasentinelle.dz\\\/#organization\"},\"potentialAction\":[{\"@type\":\"SearchAction\",\"target\":{\"@type\":\"EntryPoint\",\"urlTemplate\":\"https:\\\/\\\/lasentinelle.dz\\\/?s={search_term_string}\"},\"query-input\":{\"@type\":\"PropertyValueSpecification\",\"valueRequired\":true,\"valueName\":\"search_term_string\"}}],\"inLanguage\":\"fr-FR\"},{\"@type\":\"Organization\",\"@id\":\"https:\\\/\\\/lasentinelle.dz\\\/#organization\",\"name\":\"Quotidien La Sentinelle\",\"url\":\"https:\\\/\\\/lasentinelle.dz\\\/\",\"logo\":{\"@type\":\"ImageObject\",\"inLanguage\":\"fr-FR\",\"@id\":\"https:\\\/\\\/lasentinelle.dz\\\/#\\\/schema\\\/logo\\\/image\\\/\",\"url\":\"https:\\\/\\\/lasentinelle.dz\\\/wp-content\\\/uploads\\\/2021\\\/09\\\/logo-sentinelleSLOGAN-1.png\",\"contentUrl\":\"https:\\\/\\\/lasentinelle.dz\\\/wp-content\\\/uploads\\\/2021\\\/09\\\/logo-sentinelleSLOGAN-1.png\",\"width\":615,\"height\":142,\"caption\":\"Quotidien La Sentinelle\"},\"image\":{\"@id\":\"https:\\\/\\\/lasentinelle.dz\\\/#\\\/schema\\\/logo\\\/image\\\/\"},\"sameAs\":[\"https:\\\/\\\/www.facebook.com\\\/La-Sentinelle-104059864394773\"]},{\"@type\":\"Person\",\"@id\":\"https:\\\/\\\/lasentinelle.dz\\\/#\\\/schema\\\/person\\\/729ee0024f24e0b8c5ec17232f8e8b41\",\"name\":\"admin\",\"image\":{\"@type\":\"ImageObject\",\"inLanguage\":\"fr-FR\",\"@id\":\"https:\\\/\\\/secure.gravatar.com\\\/avatar\\\/4c81fed838786e9b53f540bf46533e750f5d292099ae3b66cfc6fb1982e29df7?s=96&d=mm&r=g\",\"url\":\"https:\\\/\\\/secure.gravatar.com\\\/avatar\\\/4c81fed838786e9b53f540bf46533e750f5d292099ae3b66cfc6fb1982e29df7?s=96&d=mm&r=g\",\"contentUrl\":\"https:\\\/\\\/secure.gravatar.com\\\/avatar\\\/4c81fed838786e9b53f540bf46533e750f5d292099ae3b66cfc6fb1982e29df7?s=96&d=mm&r=g\",\"caption\":\"admin\"},\"description\":\"admin\",\"url\":\"https:\\\/\\\/lasentinelle.dz\\\/author\\\/admin\\\/\"}]}<\/script>\n<!-- \/ Yoast SEO plugin. -->","yoast_head_json":{"title":"Les ministres de la Sant\u00e9 et du Travail en mission en Slov\u00e9nie: Alger et Ljubljana s&rsquo;unissent pour les enfants de Ghaza - La Sentinelle","robots":{"index":"index","follow":"follow","max-snippet":"max-snippet:-1","max-image-preview":"max-image-preview:large","max-video-preview":"max-video-preview:-1"},"canonical":"https:\/\/lasentinelle.dz\/index.php\/2025\/06\/02\/les-ministres-de-la-sante-et-du-travail-en-mission-en-slovenie-alger-et-ljubljana-sunissent-pour-les-enfants-de-ghaza\/","og_locale":"fr_FR","og_type":"article","og_title":"Les ministres de la Sant\u00e9 et du Travail en mission en Slov\u00e9nie: Alger et Ljubljana s&rsquo;unissent pour les enfants de Ghaza - La Sentinelle","og_description":"Une d\u00e9l\u00e9gation minist\u00e9rielle alg\u00e9rienne de haut niveau a entam\u00e9 lundi une visite officielle de quatre jours en R\u00e9publique de Slov\u00e9nie,","og_url":"https:\/\/lasentinelle.dz\/index.php\/2025\/06\/02\/les-ministres-de-la-sante-et-du-travail-en-mission-en-slovenie-alger-et-ljubljana-sunissent-pour-les-enfants-de-ghaza\/","og_site_name":"La Sentinelle","article_publisher":"https:\/\/www.facebook.com\/La-Sentinelle-104059864394773","article_published_time":"2025-06-02T20:30:01+00:00","article_modified_time":"2025-06-02T20:30:03+00:00","og_image":[{"width":278,"height":181,"url":"https:\/\/lasentinelle.dz\/wp-content\/uploads\/2023\/06\/bentaleb.jpeg","type":"image\/jpeg"}],"author":"admin","twitter_card":"summary_large_image","twitter_misc":{"\u00c9crit par":"admin","Dur\u00e9e de lecture estim\u00e9e":"3 minutes"},"schema":{"@context":"https:\/\/schema.org","@graph":[{"@type":"Article","@id":"https:\/\/lasentinelle.dz\/index.php\/2025\/06\/02\/les-ministres-de-la-sante-et-du-travail-en-mission-en-slovenie-alger-et-ljubljana-sunissent-pour-les-enfants-de-ghaza\/#article","isPartOf":{"@id":"https:\/\/lasentinelle.dz\/index.php\/2025\/06\/02\/les-ministres-de-la-sante-et-du-travail-en-mission-en-slovenie-alger-et-ljubljana-sunissent-pour-les-enfants-de-ghaza\/"},"author":{"name":"admin","@id":"https:\/\/lasentinelle.dz\/#\/schema\/person\/729ee0024f24e0b8c5ec17232f8e8b41"},"headline":"Les ministres de la Sant\u00e9 et du Travail en mission en Slov\u00e9nie: Alger et Ljubljana s&rsquo;unissent pour les enfants de Ghaza","datePublished":"2025-06-02T20:30:01+00:00","dateModified":"2025-06-02T20:30:03+00:00","mainEntityOfPage":{"@id":"https:\/\/lasentinelle.dz\/index.php\/2025\/06\/02\/les-ministres-de-la-sante-et-du-travail-en-mission-en-slovenie-alger-et-ljubljana-sunissent-pour-les-enfants-de-ghaza\/"},"wordCount":597,"commentCount":0,"publisher":{"@id":"https:\/\/lasentinelle.dz\/#organization"},"image":{"@id":"https:\/\/lasentinelle.dz\/index.php\/2025\/06\/02\/les-ministres-de-la-sante-et-du-travail-en-mission-en-slovenie-alger-et-ljubljana-sunissent-pour-les-enfants-de-ghaza\/#primaryimage"},"thumbnailUrl":"https:\/\/lasentinelle.dz\/wp-content\/uploads\/2023\/06\/bentaleb.jpeg","articleSection":["Actualit\u00e9"],"inLanguage":"fr-FR","potentialAction":[{"@type":"CommentAction","name":"Comment","target":["https:\/\/lasentinelle.dz\/index.php\/2025\/06\/02\/les-ministres-de-la-sante-et-du-travail-en-mission-en-slovenie-alger-et-ljubljana-sunissent-pour-les-enfants-de-ghaza\/#respond"]}]},{"@type":"WebPage","@id":"https:\/\/lasentinelle.dz\/index.php\/2025\/06\/02\/les-ministres-de-la-sante-et-du-travail-en-mission-en-slovenie-alger-et-ljubljana-sunissent-pour-les-enfants-de-ghaza\/","url":"https:\/\/lasentinelle.dz\/index.php\/2025\/06\/02\/les-ministres-de-la-sante-et-du-travail-en-mission-en-slovenie-alger-et-ljubljana-sunissent-pour-les-enfants-de-ghaza\/","name":"Les ministres de la Sant\u00e9 et du Travail en mission en Slov\u00e9nie: Alger et Ljubljana s&rsquo;unissent pour les enfants de Ghaza - La Sentinelle","isPartOf":{"@id":"https:\/\/lasentinelle.dz\/#website"},"primaryImageOfPage":{"@id":"https:\/\/lasentinelle.dz\/index.php\/2025\/06\/02\/les-ministres-de-la-sante-et-du-travail-en-mission-en-slovenie-alger-et-ljubljana-sunissent-pour-les-enfants-de-ghaza\/#primaryimage"},"image":{"@id":"https:\/\/lasentinelle.dz\/index.php\/2025\/06\/02\/les-ministres-de-la-sante-et-du-travail-en-mission-en-slovenie-alger-et-ljubljana-sunissent-pour-les-enfants-de-ghaza\/#primaryimage"},"thumbnailUrl":"https:\/\/lasentinelle.dz\/wp-content\/uploads\/2023\/06\/bentaleb.jpeg","datePublished":"2025-06-02T20:30:01+00:00","dateModified":"2025-06-02T20:30:03+00:00","breadcrumb":{"@id":"https:\/\/lasentinelle.dz\/index.php\/2025\/06\/02\/les-ministres-de-la-sante-et-du-travail-en-mission-en-slovenie-alger-et-ljubljana-sunissent-pour-les-enfants-de-ghaza\/#breadcrumb"},"inLanguage":"fr-FR","potentialAction":[{"@type":"ReadAction","target":["https:\/\/lasentinelle.dz\/index.php\/2025\/06\/02\/les-ministres-de-la-sante-et-du-travail-en-mission-en-slovenie-alger-et-ljubljana-sunissent-pour-les-enfants-de-ghaza\/"]}]},{"@type":"ImageObject","inLanguage":"fr-FR","@id":"https:\/\/lasentinelle.dz\/index.php\/2025\/06\/02\/les-ministres-de-la-sante-et-du-travail-en-mission-en-slovenie-alger-et-ljubljana-sunissent-pour-les-enfants-de-ghaza\/#primaryimage","url":"https:\/\/lasentinelle.dz\/wp-content\/uploads\/2023\/06\/bentaleb.jpeg","contentUrl":"https:\/\/lasentinelle.dz\/wp-content\/uploads\/2023\/06\/bentaleb.jpeg","width":278,"height":181},{"@type":"BreadcrumbList","@id":"https:\/\/lasentinelle.dz\/index.php\/2025\/06\/02\/les-ministres-de-la-sante-et-du-travail-en-mission-en-slovenie-alger-et-ljubljana-sunissent-pour-les-enfants-de-ghaza\/#breadcrumb","itemListElement":[{"@type":"ListItem","position":1,"name":"Accueil","item":"https:\/\/lasentinelle.dz\/"},{"@type":"ListItem","position":2,"name":"Les ministres de la Sant\u00e9 et du Travail en mission en Slov\u00e9nie: Alger et Ljubljana s&rsquo;unissent pour les enfants de Ghaza"}]},{"@type":"WebSite","@id":"https:\/\/lasentinelle.dz\/#website","url":"https:\/\/lasentinelle.dz\/","name":"La Sentinelle","description":"Quotidien national d&#039;information","publisher":{"@id":"https:\/\/lasentinelle.dz\/#organization"},"potentialAction":[{"@type":"SearchAction","target":{"@type":"EntryPoint","urlTemplate":"https:\/\/lasentinelle.dz\/?s={search_term_string}"},"query-input":{"@type":"PropertyValueSpecification","valueRequired":true,"valueName":"search_term_string"}}],"inLanguage":"fr-FR"},{"@type":"Organization","@id":"https:\/\/lasentinelle.dz\/#organization","name":"Quotidien La Sentinelle","url":"https:\/\/lasentinelle.dz\/","logo":{"@type":"ImageObject","inLanguage":"fr-FR","@id":"https:\/\/lasentinelle.dz\/#\/schema\/logo\/image\/","url":"https:\/\/lasentinelle.dz\/wp-content\/uploads\/2021\/09\/logo-sentinelleSLOGAN-1.png","contentUrl":"https:\/\/lasentinelle.dz\/wp-content\/uploads\/2021\/09\/logo-sentinelleSLOGAN-1.png","width":615,"height":142,"caption":"Quotidien La Sentinelle"},"image":{"@id":"https:\/\/lasentinelle.dz\/#\/schema\/logo\/image\/"},"sameAs":["https:\/\/www.facebook.com\/La-Sentinelle-104059864394773"]},{"@type":"Person","@id":"https:\/\/lasentinelle.dz\/#\/schema\/person\/729ee0024f24e0b8c5ec17232f8e8b41","name":"admin","image":{"@type":"ImageObject","inLanguage":"fr-FR","@id":"https:\/\/secure.gravatar.com\/avatar\/4c81fed838786e9b53f540bf46533e750f5d292099ae3b66cfc6fb1982e29df7?s=96&d=mm&r=g","url":"https:\/\/secure.gravatar.com\/avatar\/4c81fed838786e9b53f540bf46533e750f5d292099ae3b66cfc6fb1982e29df7?s=96&d=mm&r=g","contentUrl":"https:\/\/secure.gravatar.com\/avatar\/4c81fed838786e9b53f540bf46533e750f5d292099ae3b66cfc6fb1982e29df7?s=96&d=mm&r=g","caption":"admin"},"description":"admin","url":"https:\/\/lasentinelle.dz\/author\/admin\/"}]}},"_links":{"self":[{"href":"https:\/\/lasentinelle.dz\/index.php\/wp-json\/wp\/v2\/posts\/68374","targetHints":{"allow":["GET"]}}],"collection":[{"href":"https:\/\/lasentinelle.dz\/index.php\/wp-json\/wp\/v2\/posts"}],"about":[{"href":"https:\/\/lasentinelle.dz\/index.php\/wp-json\/wp\/v2\/types\/post"}],"author":[{"embeddable":true,"href":"https:\/\/lasentinelle.dz\/index.php\/wp-json\/wp\/v2\/users\/6"}],"replies":[{"embeddable":true,"href":"https:\/\/lasentinelle.dz\/index.php\/wp-json\/wp\/v2\/comments?post=68374"}],"version-history":[{"count":2,"href":"https:\/\/lasentinelle.dz\/index.php\/wp-json\/wp\/v2\/posts\/68374\/revisions"}],"predecessor-version":[{"id":68376,"href":"https:\/\/lasentinelle.dz\/index.php\/wp-json\/wp\/v2\/posts\/68374\/revisions\/68376"}],"wp:featuredmedia":[{"embeddable":true,"href":"https:\/\/lasentinelle.dz\/index.php\/wp-json\/wp\/v2\/media\/42547"}],"wp:attachment":[{"href":"https:\/\/lasentinelle.dz\/index.php\/wp-json\/wp\/v2\/media?parent=68374"}],"wp:term":[{"taxonomy":"category","embeddable":true,"href":"https:\/\/lasentinelle.dz\/index.php\/wp-json\/wp\/v2\/categories?post=68374"},{"taxonomy":"post_tag","embeddable":true,"href":"https:\/\/lasentinelle.dz\/index.php\/wp-json\/wp\/v2\/tags?post=68374"}],"curies":[{"name":"wp","href":"https:\/\/api.w.org\/{rel}","templated":true}]}}