{"id":68377,"date":"2025-06-02T21:30:47","date_gmt":"2025-06-02T20:30:47","guid":{"rendered":"https:\/\/lasentinelle.dz\/?p=68377"},"modified":"2025-06-02T21:30:48","modified_gmt":"2025-06-02T20:30:48","slug":"al-solb-el-hadjar-les-premices-dune-nouvelle-crise-sociale","status":"publish","type":"post","link":"https:\/\/lasentinelle.dz\/index.php\/2025\/06\/02\/al-solb-el-hadjar-les-premices-dune-nouvelle-crise-sociale\/","title":{"rendered":"Al Solb El Hadjar : Les pr\u00e9mices d&rsquo;une nouvelle crise sociale"},"content":{"rendered":"\n<p>La tension entre le syndicat d&rsquo;entreprise et la direction g\u00e9n\u00e9rale du complexe Alsolb El Hadjar est mont\u00e9e d&rsquo;un cran ces derniers jours, laissant pr\u00e9sager une radicalisation du conflit social qui couve depuis plusieurs semaines. La situation au sein du complexe sid\u00e9rurgique d&rsquo;El Hadjar se d\u00e9grade progressivement, le bras de fer entre les repr\u00e9sentants des travailleurs et la direction mena\u00e7ant de paralyser l&rsquo;activit\u00e9 de ce g\u00e9ant industriel. Cette conclusion s&rsquo;est impos\u00e9e lors de l&rsquo;assembl\u00e9e g\u00e9n\u00e9rale organis\u00e9e hier par le bureau syndical de l&rsquo;ex-Sider El Hadjar, en pr\u00e9sence des repr\u00e9sentants des travailleurs du comit\u00e9 de participation. Cette r\u00e9union s&rsquo;est prolong\u00e9e par une marche pacifique \u00e0 l&rsquo;int\u00e9rieur du complexe, partant du si\u00e8ge du bureau syndical pour se diriger vers celui de la direction g\u00e9n\u00e9rale d&rsquo;Alsolb El Hadjar. Selon une source proche des travailleurs, cette action visait \u00e0 exprimer la protestation des syndicalistes face \u00e0 la situation qui pr\u00e9vaut actuellement dans l&rsquo;entreprise. La mobilisation intervient dans un contexte d&rsquo;incertitude concernant le traitement de plusieurs dossiers en souffrance, et ce malgr\u00e9 les recommandations et instructions du pr\u00e9sident de la R\u00e9publique visant \u00e0 am\u00e9liorer la situation de ce fleuron de la sid\u00e9rurgie alg\u00e9rienne. La marche pacifique organis\u00e9e la semaine derni\u00e8re avait d\u00e9j\u00e0 conduit \u00e0 un \u00e9largissement des consultations avec le syndicat, qui a finalement d\u00e9cid\u00e9 d&rsquo;entamer une gr\u00e8ve de la faim illimit\u00e9e \u00e0 compter de ce dimanche, faute de dialogue constructif.<\/p>\n\n\n\n<p>Dans un communiqu\u00e9 publi\u00e9 avant-hier sur sa page Facebook, le syndicat d&rsquo;entreprise a pr\u00e9cis\u00e9 qu&rsquo;apr\u00e8s sa d\u00e9claration du 11 mai 2025 annon\u00e7ant la suspension de toute collaboration avec le directeur g\u00e9n\u00e9ral par int\u00e9rim de l&rsquo;ex-Sider El Hadjar, il avait d\u00e9cid\u00e9 de faire escalader le mouvement de protestation en entamant cette gr\u00e8ve de la faim comme \u00e9tape suivante de son action revendicative. Le m\u00eame communiqu\u00e9 r\u00e9affirme la confiance totale du syndicat des travailleurs du complexe El Hadjar envers les hautes autorit\u00e9s du pays, exprimant l&rsquo;espoir qu&rsquo;une solution satisfaisante pour toutes les parties soit trouv\u00e9e afin de pr\u00e9server la dignit\u00e9 des travailleurs dans le cadre de l&rsquo;Alg\u00e9rie nouvelle. Le texte rappelle \u00e9galement l&rsquo;insistance constante du pr\u00e9sident Abdelmadjid Tebboune sur l&rsquo;importance du dialogue, de la concertation et de la lutte contre toutes les formes de corruption.<\/p>\n\n\n\n<p>Par ailleurs, selon certaines indiscr\u00e9tions \u00e9manant de la direction g\u00e9n\u00e9rale du complexe d&rsquo;El Hadjar, le pr\u00e9sident-directeur g\u00e9n\u00e9ral de la Soci\u00e9t\u00e9 nationale de sid\u00e9rurgie (SNS) serait intervenu personnellement pour tenter de d\u00e9nouer cette situation conflictuelle entre les deux parties. L&rsquo;\u00e9volution de ce dossier social sensible sera suivie de pr\u00e8s dans les prochains jours, alors que l&rsquo;avenir de milliers d&#8217;emplois et la continuit\u00e9 de production de ce secteur strat\u00e9gique demeurent en suspens.<\/p>\n\n\n\n<p>Sofia Chahine<\/p>\n","protected":false},"excerpt":{"rendered":"<p>La tension entre le syndicat d&rsquo;entreprise et la direction g\u00e9n\u00e9rale du complexe Alsolb El Hadjar est mont\u00e9e d&rsquo;un cran ces<\/p>\n","protected":false},"author":6,"featured_media":40234,"comment_status":"open","ping_status":"closed","sticky":false,"template":"","format":"standard","meta":{"colormag_page_container_layout":"default_layout","colormag_page_sidebar_layout":"default_layout","om_disable_all_campaigns":false,"_monsterinsights_skip_tracking":false,"_monsterinsights_sitenote_active":false,"_monsterinsights_sitenote_note":"","_monsterinsights_sitenote_category":0,"footnotes":"","_wpscppro_dont_share_socialmedia":false,"_wpscppro_custom_social_share_image":0,"_facebook_share_type":"default","_twitter_share_type":"default","_linkedin_share_type":"default","_pinterest_share_type":"default","_linkedin_share_type_page":"","_instagram_share_type":"default","_medium_share_type":"default","_threads_share_type":"","_google_business_share_type":"","_selected_social_profile":[],"_wpsp_enable_custom_social_template":false,"_wpsp_social_scheduling":{"enabled":false,"datetime":null,"platforms":[],"status":"template_only","dateOption":"today","timeOption":"now","customDays":"","customHours":"","customDate":"","customTime":"","schedulingType":"absolute"},"_wpsp_active_default_template":true},"categories":[27],"tags":[],"class_list":["post-68377","post","type-post","status-publish","format-standard","has-post-thumbnail","hentry","category-actualite"],"aioseo_notices":[],"yoast_head":"<!-- This site is optimized with the Yoast SEO plugin v27.5 - https:\/\/yoast.com\/product\/yoast-seo-wordpress\/ -->\n<title>Al Solb El Hadjar : Les pr\u00e9mices d&rsquo;une nouvelle crise sociale - La Sentinelle<\/title>\n<meta name=\"robots\" content=\"index, follow, max-snippet:-1, max-image-preview:large, max-video-preview:-1\" \/>\n<link rel=\"canonical\" href=\"https:\/\/lasentinelle.dz\/index.php\/2025\/06\/02\/al-solb-el-hadjar-les-premices-dune-nouvelle-crise-sociale\/\" \/>\n<meta property=\"og:locale\" content=\"fr_FR\" \/>\n<meta property=\"og:type\" content=\"article\" \/>\n<meta property=\"og:title\" content=\"Al Solb El Hadjar : Les pr\u00e9mices d&rsquo;une nouvelle crise sociale - La Sentinelle\" \/>\n<meta property=\"og:description\" content=\"La tension entre le syndicat d&rsquo;entreprise et la direction g\u00e9n\u00e9rale du complexe Alsolb El Hadjar est mont\u00e9e d&rsquo;un cran ces\" \/>\n<meta property=\"og:url\" content=\"https:\/\/lasentinelle.dz\/index.php\/2025\/06\/02\/al-solb-el-hadjar-les-premices-dune-nouvelle-crise-sociale\/\" \/>\n<meta property=\"og:site_name\" content=\"La Sentinelle\" \/>\n<meta property=\"article:publisher\" content=\"https:\/\/www.facebook.com\/La-Sentinelle-104059864394773\" \/>\n<meta property=\"article:published_time\" content=\"2025-06-02T20:30:47+00:00\" \/>\n<meta property=\"article:modified_time\" content=\"2025-06-02T20:30:48+00:00\" \/>\n<meta property=\"og:image\" content=\"https:\/\/lasentinelle.dz\/wp-content\/uploads\/2023\/04\/complexe-el-hadjar.png\" \/>\n\t<meta property=\"og:image:width\" content=\"1491\" \/>\n\t<meta property=\"og:image:height\" content=\"900\" \/>\n\t<meta property=\"og:image:type\" content=\"image\/png\" \/>\n<meta name=\"author\" content=\"admin\" \/>\n<meta name=\"twitter:card\" content=\"summary_large_image\" \/>\n<meta name=\"twitter:label1\" content=\"\u00c9crit par\" \/>\n\t<meta name=\"twitter:data1\" content=\"admin\" \/>\n\t<meta name=\"twitter:label2\" content=\"Dur\u00e9e de lecture estim\u00e9e\" \/>\n\t<meta name=\"twitter:data2\" content=\"3 minutes\" \/>\n<script type=\"application\/ld+json\" class=\"yoast-schema-graph\">{\"@context\":\"https:\\\/\\\/schema.org\",\"@graph\":[{\"@type\":\"Article\",\"@id\":\"https:\\\/\\\/lasentinelle.dz\\\/index.php\\\/2025\\\/06\\\/02\\\/al-solb-el-hadjar-les-premices-dune-nouvelle-crise-sociale\\\/#article\",\"isPartOf\":{\"@id\":\"https:\\\/\\\/lasentinelle.dz\\\/index.php\\\/2025\\\/06\\\/02\\\/al-solb-el-hadjar-les-premices-dune-nouvelle-crise-sociale\\\/\"},\"author\":{\"name\":\"admin\",\"@id\":\"https:\\\/\\\/lasentinelle.dz\\\/#\\\/schema\\\/person\\\/729ee0024f24e0b8c5ec17232f8e8b41\"},\"headline\":\"Al Solb El Hadjar : Les pr\u00e9mices d&rsquo;une nouvelle crise sociale\",\"datePublished\":\"2025-06-02T20:30:47+00:00\",\"dateModified\":\"2025-06-02T20:30:48+00:00\",\"mainEntityOfPage\":{\"@id\":\"https:\\\/\\\/lasentinelle.dz\\\/index.php\\\/2025\\\/06\\\/02\\\/al-solb-el-hadjar-les-premices-dune-nouvelle-crise-sociale\\\/\"},\"wordCount\":521,\"commentCount\":0,\"publisher\":{\"@id\":\"https:\\\/\\\/lasentinelle.dz\\\/#organization\"},\"image\":{\"@id\":\"https:\\\/\\\/lasentinelle.dz\\\/index.php\\\/2025\\\/06\\\/02\\\/al-solb-el-hadjar-les-premices-dune-nouvelle-crise-sociale\\\/#primaryimage\"},\"thumbnailUrl\":\"https:\\\/\\\/lasentinelle.dz\\\/wp-content\\\/uploads\\\/2023\\\/04\\\/complexe-el-hadjar.png\",\"articleSection\":[\"Actualit\u00e9\"],\"inLanguage\":\"fr-FR\",\"potentialAction\":[{\"@type\":\"CommentAction\",\"name\":\"Comment\",\"target\":[\"https:\\\/\\\/lasentinelle.dz\\\/index.php\\\/2025\\\/06\\\/02\\\/al-solb-el-hadjar-les-premices-dune-nouvelle-crise-sociale\\\/#respond\"]}]},{\"@type\":\"WebPage\",\"@id\":\"https:\\\/\\\/lasentinelle.dz\\\/index.php\\\/2025\\\/06\\\/02\\\/al-solb-el-hadjar-les-premices-dune-nouvelle-crise-sociale\\\/\",\"url\":\"https:\\\/\\\/lasentinelle.dz\\\/index.php\\\/2025\\\/06\\\/02\\\/al-solb-el-hadjar-les-premices-dune-nouvelle-crise-sociale\\\/\",\"name\":\"Al Solb El Hadjar : Les pr\u00e9mices d&rsquo;une nouvelle crise sociale - La Sentinelle\",\"isPartOf\":{\"@id\":\"https:\\\/\\\/lasentinelle.dz\\\/#website\"},\"primaryImageOfPage\":{\"@id\":\"https:\\\/\\\/lasentinelle.dz\\\/index.php\\\/2025\\\/06\\\/02\\\/al-solb-el-hadjar-les-premices-dune-nouvelle-crise-sociale\\\/#primaryimage\"},\"image\":{\"@id\":\"https:\\\/\\\/lasentinelle.dz\\\/index.php\\\/2025\\\/06\\\/02\\\/al-solb-el-hadjar-les-premices-dune-nouvelle-crise-sociale\\\/#primaryimage\"},\"thumbnailUrl\":\"https:\\\/\\\/lasentinelle.dz\\\/wp-content\\\/uploads\\\/2023\\\/04\\\/complexe-el-hadjar.png\",\"datePublished\":\"2025-06-02T20:30:47+00:00\",\"dateModified\":\"2025-06-02T20:30:48+00:00\",\"breadcrumb\":{\"@id\":\"https:\\\/\\\/lasentinelle.dz\\\/index.php\\\/2025\\\/06\\\/02\\\/al-solb-el-hadjar-les-premices-dune-nouvelle-crise-sociale\\\/#breadcrumb\"},\"inLanguage\":\"fr-FR\",\"potentialAction\":[{\"@type\":\"ReadAction\",\"target\":[\"https:\\\/\\\/lasentinelle.dz\\\/index.php\\\/2025\\\/06\\\/02\\\/al-solb-el-hadjar-les-premices-dune-nouvelle-crise-sociale\\\/\"]}]},{\"@type\":\"ImageObject\",\"inLanguage\":\"fr-FR\",\"@id\":\"https:\\\/\\\/lasentinelle.dz\\\/index.php\\\/2025\\\/06\\\/02\\\/al-solb-el-hadjar-les-premices-dune-nouvelle-crise-sociale\\\/#primaryimage\",\"url\":\"https:\\\/\\\/lasentinelle.dz\\\/wp-content\\\/uploads\\\/2023\\\/04\\\/complexe-el-hadjar.png\",\"contentUrl\":\"https:\\\/\\\/lasentinelle.dz\\\/wp-content\\\/uploads\\\/2023\\\/04\\\/complexe-el-hadjar.png\",\"width\":1491,\"height\":900},{\"@type\":\"BreadcrumbList\",\"@id\":\"https:\\\/\\\/lasentinelle.dz\\\/index.php\\\/2025\\\/06\\\/02\\\/al-solb-el-hadjar-les-premices-dune-nouvelle-crise-sociale\\\/#breadcrumb\",\"itemListElement\":[{\"@type\":\"ListItem\",\"position\":1,\"name\":\"Accueil\",\"item\":\"https:\\\/\\\/lasentinelle.dz\\\/\"},{\"@type\":\"ListItem\",\"position\":2,\"name\":\"Al Solb El Hadjar : Les pr\u00e9mices d&rsquo;une nouvelle crise sociale\"}]},{\"@type\":\"WebSite\",\"@id\":\"https:\\\/\\\/lasentinelle.dz\\\/#website\",\"url\":\"https:\\\/\\\/lasentinelle.dz\\\/\",\"name\":\"La Sentinelle\",\"description\":\"Quotidien national d&#039;information\",\"publisher\":{\"@id\":\"https:\\\/\\\/lasentinelle.dz\\\/#organization\"},\"potentialAction\":[{\"@type\":\"SearchAction\",\"target\":{\"@type\":\"EntryPoint\",\"urlTemplate\":\"https:\\\/\\\/lasentinelle.dz\\\/?s={search_term_string}\"},\"query-input\":{\"@type\":\"PropertyValueSpecification\",\"valueRequired\":true,\"valueName\":\"search_term_string\"}}],\"inLanguage\":\"fr-FR\"},{\"@type\":\"Organization\",\"@id\":\"https:\\\/\\\/lasentinelle.dz\\\/#organization\",\"name\":\"Quotidien La Sentinelle\",\"url\":\"https:\\\/\\\/lasentinelle.dz\\\/\",\"logo\":{\"@type\":\"ImageObject\",\"inLanguage\":\"fr-FR\",\"@id\":\"https:\\\/\\\/lasentinelle.dz\\\/#\\\/schema\\\/logo\\\/image\\\/\",\"url\":\"https:\\\/\\\/lasentinelle.dz\\\/wp-content\\\/uploads\\\/2021\\\/09\\\/logo-sentinelleSLOGAN-1.png\",\"contentUrl\":\"https:\\\/\\\/lasentinelle.dz\\\/wp-content\\\/uploads\\\/2021\\\/09\\\/logo-sentinelleSLOGAN-1.png\",\"width\":615,\"height\":142,\"caption\":\"Quotidien La Sentinelle\"},\"image\":{\"@id\":\"https:\\\/\\\/lasentinelle.dz\\\/#\\\/schema\\\/logo\\\/image\\\/\"},\"sameAs\":[\"https:\\\/\\\/www.facebook.com\\\/La-Sentinelle-104059864394773\"]},{\"@type\":\"Person\",\"@id\":\"https:\\\/\\\/lasentinelle.dz\\\/#\\\/schema\\\/person\\\/729ee0024f24e0b8c5ec17232f8e8b41\",\"name\":\"admin\",\"image\":{\"@type\":\"ImageObject\",\"inLanguage\":\"fr-FR\",\"@id\":\"https:\\\/\\\/secure.gravatar.com\\\/avatar\\\/4c81fed838786e9b53f540bf46533e750f5d292099ae3b66cfc6fb1982e29df7?s=96&d=mm&r=g\",\"url\":\"https:\\\/\\\/secure.gravatar.com\\\/avatar\\\/4c81fed838786e9b53f540bf46533e750f5d292099ae3b66cfc6fb1982e29df7?s=96&d=mm&r=g\",\"contentUrl\":\"https:\\\/\\\/secure.gravatar.com\\\/avatar\\\/4c81fed838786e9b53f540bf46533e750f5d292099ae3b66cfc6fb1982e29df7?s=96&d=mm&r=g\",\"caption\":\"admin\"},\"description\":\"admin\",\"url\":\"https:\\\/\\\/lasentinelle.dz\\\/author\\\/admin\\\/\"}]}<\/script>\n<!-- \/ Yoast SEO plugin. -->","yoast_head_json":{"title":"Al Solb El Hadjar : Les pr\u00e9mices d&rsquo;une nouvelle crise sociale - La Sentinelle","robots":{"index":"index","follow":"follow","max-snippet":"max-snippet:-1","max-image-preview":"max-image-preview:large","max-video-preview":"max-video-preview:-1"},"canonical":"https:\/\/lasentinelle.dz\/index.php\/2025\/06\/02\/al-solb-el-hadjar-les-premices-dune-nouvelle-crise-sociale\/","og_locale":"fr_FR","og_type":"article","og_title":"Al Solb El Hadjar : Les pr\u00e9mices d&rsquo;une nouvelle crise sociale - La Sentinelle","og_description":"La tension entre le syndicat d&rsquo;entreprise et la direction g\u00e9n\u00e9rale du complexe Alsolb El Hadjar est mont\u00e9e d&rsquo;un cran ces","og_url":"https:\/\/lasentinelle.dz\/index.php\/2025\/06\/02\/al-solb-el-hadjar-les-premices-dune-nouvelle-crise-sociale\/","og_site_name":"La Sentinelle","article_publisher":"https:\/\/www.facebook.com\/La-Sentinelle-104059864394773","article_published_time":"2025-06-02T20:30:47+00:00","article_modified_time":"2025-06-02T20:30:48+00:00","og_image":[{"width":1491,"height":900,"url":"https:\/\/lasentinelle.dz\/wp-content\/uploads\/2023\/04\/complexe-el-hadjar.png","type":"image\/png"}],"author":"admin","twitter_card":"summary_large_image","twitter_misc":{"\u00c9crit par":"admin","Dur\u00e9e de lecture estim\u00e9e":"3 minutes"},"schema":{"@context":"https:\/\/schema.org","@graph":[{"@type":"Article","@id":"https:\/\/lasentinelle.dz\/index.php\/2025\/06\/02\/al-solb-el-hadjar-les-premices-dune-nouvelle-crise-sociale\/#article","isPartOf":{"@id":"https:\/\/lasentinelle.dz\/index.php\/2025\/06\/02\/al-solb-el-hadjar-les-premices-dune-nouvelle-crise-sociale\/"},"author":{"name":"admin","@id":"https:\/\/lasentinelle.dz\/#\/schema\/person\/729ee0024f24e0b8c5ec17232f8e8b41"},"headline":"Al Solb El Hadjar : Les pr\u00e9mices d&rsquo;une nouvelle crise sociale","datePublished":"2025-06-02T20:30:47+00:00","dateModified":"2025-06-02T20:30:48+00:00","mainEntityOfPage":{"@id":"https:\/\/lasentinelle.dz\/index.php\/2025\/06\/02\/al-solb-el-hadjar-les-premices-dune-nouvelle-crise-sociale\/"},"wordCount":521,"commentCount":0,"publisher":{"@id":"https:\/\/lasentinelle.dz\/#organization"},"image":{"@id":"https:\/\/lasentinelle.dz\/index.php\/2025\/06\/02\/al-solb-el-hadjar-les-premices-dune-nouvelle-crise-sociale\/#primaryimage"},"thumbnailUrl":"https:\/\/lasentinelle.dz\/wp-content\/uploads\/2023\/04\/complexe-el-hadjar.png","articleSection":["Actualit\u00e9"],"inLanguage":"fr-FR","potentialAction":[{"@type":"CommentAction","name":"Comment","target":["https:\/\/lasentinelle.dz\/index.php\/2025\/06\/02\/al-solb-el-hadjar-les-premices-dune-nouvelle-crise-sociale\/#respond"]}]},{"@type":"WebPage","@id":"https:\/\/lasentinelle.dz\/index.php\/2025\/06\/02\/al-solb-el-hadjar-les-premices-dune-nouvelle-crise-sociale\/","url":"https:\/\/lasentinelle.dz\/index.php\/2025\/06\/02\/al-solb-el-hadjar-les-premices-dune-nouvelle-crise-sociale\/","name":"Al Solb El Hadjar : Les pr\u00e9mices d&rsquo;une nouvelle crise sociale - La Sentinelle","isPartOf":{"@id":"https:\/\/lasentinelle.dz\/#website"},"primaryImageOfPage":{"@id":"https:\/\/lasentinelle.dz\/index.php\/2025\/06\/02\/al-solb-el-hadjar-les-premices-dune-nouvelle-crise-sociale\/#primaryimage"},"image":{"@id":"https:\/\/lasentinelle.dz\/index.php\/2025\/06\/02\/al-solb-el-hadjar-les-premices-dune-nouvelle-crise-sociale\/#primaryimage"},"thumbnailUrl":"https:\/\/lasentinelle.dz\/wp-content\/uploads\/2023\/04\/complexe-el-hadjar.png","datePublished":"2025-06-02T20:30:47+00:00","dateModified":"2025-06-02T20:30:48+00:00","breadcrumb":{"@id":"https:\/\/lasentinelle.dz\/index.php\/2025\/06\/02\/al-solb-el-hadjar-les-premices-dune-nouvelle-crise-sociale\/#breadcrumb"},"inLanguage":"fr-FR","potentialAction":[{"@type":"ReadAction","target":["https:\/\/lasentinelle.dz\/index.php\/2025\/06\/02\/al-solb-el-hadjar-les-premices-dune-nouvelle-crise-sociale\/"]}]},{"@type":"ImageObject","inLanguage":"fr-FR","@id":"https:\/\/lasentinelle.dz\/index.php\/2025\/06\/02\/al-solb-el-hadjar-les-premices-dune-nouvelle-crise-sociale\/#primaryimage","url":"https:\/\/lasentinelle.dz\/wp-content\/uploads\/2023\/04\/complexe-el-hadjar.png","contentUrl":"https:\/\/lasentinelle.dz\/wp-content\/uploads\/2023\/04\/complexe-el-hadjar.png","width":1491,"height":900},{"@type":"BreadcrumbList","@id":"https:\/\/lasentinelle.dz\/index.php\/2025\/06\/02\/al-solb-el-hadjar-les-premices-dune-nouvelle-crise-sociale\/#breadcrumb","itemListElement":[{"@type":"ListItem","position":1,"name":"Accueil","item":"https:\/\/lasentinelle.dz\/"},{"@type":"ListItem","position":2,"name":"Al Solb El Hadjar : Les pr\u00e9mices d&rsquo;une nouvelle crise sociale"}]},{"@type":"WebSite","@id":"https:\/\/lasentinelle.dz\/#website","url":"https:\/\/lasentinelle.dz\/","name":"La Sentinelle","description":"Quotidien national d&#039;information","publisher":{"@id":"https:\/\/lasentinelle.dz\/#organization"},"potentialAction":[{"@type":"SearchAction","target":{"@type":"EntryPoint","urlTemplate":"https:\/\/lasentinelle.dz\/?s={search_term_string}"},"query-input":{"@type":"PropertyValueSpecification","valueRequired":true,"valueName":"search_term_string"}}],"inLanguage":"fr-FR"},{"@type":"Organization","@id":"https:\/\/lasentinelle.dz\/#organization","name":"Quotidien La Sentinelle","url":"https:\/\/lasentinelle.dz\/","logo":{"@type":"ImageObject","inLanguage":"fr-FR","@id":"https:\/\/lasentinelle.dz\/#\/schema\/logo\/image\/","url":"https:\/\/lasentinelle.dz\/wp-content\/uploads\/2021\/09\/logo-sentinelleSLOGAN-1.png","contentUrl":"https:\/\/lasentinelle.dz\/wp-content\/uploads\/2021\/09\/logo-sentinelleSLOGAN-1.png","width":615,"height":142,"caption":"Quotidien La Sentinelle"},"image":{"@id":"https:\/\/lasentinelle.dz\/#\/schema\/logo\/image\/"},"sameAs":["https:\/\/www.facebook.com\/La-Sentinelle-104059864394773"]},{"@type":"Person","@id":"https:\/\/lasentinelle.dz\/#\/schema\/person\/729ee0024f24e0b8c5ec17232f8e8b41","name":"admin","image":{"@type":"ImageObject","inLanguage":"fr-FR","@id":"https:\/\/secure.gravatar.com\/avatar\/4c81fed838786e9b53f540bf46533e750f5d292099ae3b66cfc6fb1982e29df7?s=96&d=mm&r=g","url":"https:\/\/secure.gravatar.com\/avatar\/4c81fed838786e9b53f540bf46533e750f5d292099ae3b66cfc6fb1982e29df7?s=96&d=mm&r=g","contentUrl":"https:\/\/secure.gravatar.com\/avatar\/4c81fed838786e9b53f540bf46533e750f5d292099ae3b66cfc6fb1982e29df7?s=96&d=mm&r=g","caption":"admin"},"description":"admin","url":"https:\/\/lasentinelle.dz\/author\/admin\/"}]}},"_links":{"self":[{"href":"https:\/\/lasentinelle.dz\/index.php\/wp-json\/wp\/v2\/posts\/68377","targetHints":{"allow":["GET"]}}],"collection":[{"href":"https:\/\/lasentinelle.dz\/index.php\/wp-json\/wp\/v2\/posts"}],"about":[{"href":"https:\/\/lasentinelle.dz\/index.php\/wp-json\/wp\/v2\/types\/post"}],"author":[{"embeddable":true,"href":"https:\/\/lasentinelle.dz\/index.php\/wp-json\/wp\/v2\/users\/6"}],"replies":[{"embeddable":true,"href":"https:\/\/lasentinelle.dz\/index.php\/wp-json\/wp\/v2\/comments?post=68377"}],"version-history":[{"count":2,"href":"https:\/\/lasentinelle.dz\/index.php\/wp-json\/wp\/v2\/posts\/68377\/revisions"}],"predecessor-version":[{"id":68379,"href":"https:\/\/lasentinelle.dz\/index.php\/wp-json\/wp\/v2\/posts\/68377\/revisions\/68379"}],"wp:featuredmedia":[{"embeddable":true,"href":"https:\/\/lasentinelle.dz\/index.php\/wp-json\/wp\/v2\/media\/40234"}],"wp:attachment":[{"href":"https:\/\/lasentinelle.dz\/index.php\/wp-json\/wp\/v2\/media?parent=68377"}],"wp:term":[{"taxonomy":"category","embeddable":true,"href":"https:\/\/lasentinelle.dz\/index.php\/wp-json\/wp\/v2\/categories?post=68377"},{"taxonomy":"post_tag","embeddable":true,"href":"https:\/\/lasentinelle.dz\/index.php\/wp-json\/wp\/v2\/tags?post=68377"}],"curies":[{"name":"wp","href":"https:\/\/api.w.org\/{rel}","templated":true}]}}