{"id":68387,"date":"2025-06-02T21:33:19","date_gmt":"2025-06-02T20:33:19","guid":{"rendered":"https:\/\/lasentinelle.dz\/?p=68387"},"modified":"2025-06-02T21:33:20","modified_gmt":"2025-06-02T20:33:20","slug":"le-ministere-du-tourisme-mise-sur-une-revision-du-cadre-legislatif-mettre-fin-au-chaos-sur-les-plages","status":"publish","type":"post","link":"https:\/\/lasentinelle.dz\/index.php\/2025\/06\/02\/le-ministere-du-tourisme-mise-sur-une-revision-du-cadre-legislatif-mettre-fin-au-chaos-sur-les-plages\/","title":{"rendered":"Le minist\u00e8re du Tourisme mise sur une r\u00e9vision du cadre l\u00e9gislatif: Mettre fin au chaos sur les plages"},"content":{"rendered":"\n<p>L&rsquo;Assembl\u00e9e populaire nationale examine actuellement un projet de loi qui pourrait transformer radicalement la gestion des plages en mettant fin aux dysfonctionnements qui g\u00e2chent chaque \u00e9t\u00e9 l&rsquo;exp\u00e9rience des millions d&rsquo;estivants. La ministre du Tourisme et de l&rsquo;Artisanat, Houria Meddahi, a pr\u00e9sent\u00e9 lundi devant la Commission de la culture, de la communication et du tourisme un amendement \u00e0 la loi de 2003 qui r\u00e9git l&rsquo;utilisation touristique du littoral, r\u00e9v\u00e9lant l&rsquo;ampleur des probl\u00e8mes qui gangr\u00e8nent la saison baln\u00e9aire depuis plus de deux d\u00e9cennies. Cette r\u00e9vision intervient apr\u00e8s des ann\u00e9es d&rsquo;application d\u00e9faillante de la r\u00e9glementation en vigueur qui ont conduit \u00e0 une d\u00e9gradation manifeste de la qualit\u00e9 des services sur les plages et \u00e0 une appropriation anarchique des espaces c\u00f4tiers. \u00ab\u00a0L&rsquo;application des dispositions de la loi en vigueur a montr\u00e9 que le retard de l&rsquo;op\u00e9ration d&rsquo;octroi de concession ainsi que la complexit\u00e9 de la proc\u00e9dure d&rsquo;approbation et la r\u00e9ticence des op\u00e9rateurs touristiques qualifi\u00e9s, ont entra\u00een\u00e9 une baisse de la qualit\u00e9 des services au niveau des plages et l&rsquo;appropriation ill\u00e9gale des espaces des plages autoris\u00e9es \u00e0 la baignade\u00a0\u00bb, a expliqu\u00e9 Mme Meddahi lors de sa pr\u00e9sentation devant les d\u00e9put\u00e9s r\u00e9unis en pr\u00e9sence de la ministre des Relations avec le Parlement, Kaouter Krikou. Cette situation critique a eu des r\u00e9percussions directes sur l&rsquo;un des principes fondamentaux de la politique baln\u00e9aire alg\u00e9rienne puisque l&rsquo;appropriation sauvage des espaces c\u00f4tiers \u00ab\u00a0a impact\u00e9 n\u00e9gativement le principe de la gratuit\u00e9 de l&rsquo;acc\u00e8s aux plages, consacr\u00e9 en vertu des dispositions de l&rsquo;article 5\u00a0\u00bb de la loi originelle. Face \u00e0 ces constats alarmants observ\u00e9s \u00ab\u00a0lors des diff\u00e9rentes saisons estivales\u00a0\u00bb, le gouvernement propose une refonte en profondeur du cadre juridique avec la modification de dix articles existants et l&rsquo;introduction de deux nouveaux articles destin\u00e9s \u00e0 \u00ab\u00a0rem\u00e9dier \u00e0 un ensemble de difficult\u00e9s\u00a0\u00bb structurelles. Les nouvelles dispositions pr\u00e9voient notamment de limiter strictement les concessions \u00e0 un maximum de 30% de la superficie totale de chaque plage, garantissant ainsi la pr\u00e9servation de vastes espaces publics gratuits. La proc\u00e9dure d&rsquo;octroi des concessions sera \u00e9galement simplifi\u00e9e puisque \u00ab\u00a0l&rsquo;annulation de la validation de l&rsquo;accord de concession par voie r\u00e9glementaire au profit d&rsquo;une simple approbation par signature du wali territorialement comp\u00e9tent\u00a0\u00bb permettra d&rsquo;acc\u00e9l\u00e9rer les attributions tout en exigeant des op\u00e9rateurs b\u00e9n\u00e9ficiaires qu&rsquo;ils \u00ab\u00a0disposent de qualifications en mati\u00e8re de gestion touristique des plages\u00a0\u00bb. L&rsquo;am\u00e9nagement des plages fera d\u00e9sormais l&rsquo;objet d&rsquo;une planification rigoureuse avec \u00ab\u00a0la d\u00e9limitation d&rsquo;une bande de circulation pour les estivants dans le cadre du plan d&rsquo;am\u00e9nagement et du cahier des charges\u00a0\u00bb, imposant aux concessionnaires de r\u00e9server des passages publics au sein m\u00eame de leurs espaces d&rsquo;exploitation. Pour r\u00e9guler la navigation de plaisance souvent source de conflits et d&rsquo;accidents, \u00ab\u00a0une zone sp\u00e9cifique pour l&rsquo;accueil des engins flottants et des bateaux de plaisance doit \u00eatre r\u00e9serv\u00e9e au niveau des plages autoris\u00e9es \u00e0 la baignade\u00a0\u00bb avec l&rsquo;intervention \u00ab\u00a0d&rsquo;agents qualifi\u00e9s relevant du service national des garde-c\u00f4tes\u00a0\u00bb et l&rsquo;instauration \u00ab\u00a0d&rsquo;une amende financi\u00e8re\u00a0\u00bb pour sanctionner les contrevenants. La responsabilit\u00e9 de l&rsquo;\u00e9laboration des plans d&rsquo;am\u00e9nagement sera confi\u00e9e \u00e0 \u00ab\u00a0l&rsquo;administration locale charg\u00e9e du tourisme\u00a0\u00bb selon les pr\u00e9cisions apport\u00e9es par la ministre, ces documents devant \u00eatre \u00ab\u00a0approuv\u00e9s par arr\u00eat\u00e9 du wali territorialement comp\u00e9tent, apr\u00e8s validation par la commission de wilaya\u00a0\u00bb, cr\u00e9ant ainsi une cha\u00eene de responsabilit\u00e9 claire et d\u00e9centralis\u00e9e pour une meilleure adaptation aux sp\u00e9cificit\u00e9s locales.<\/p>\n\n\n\n<p>Lyna Larbi<\/p>\n","protected":false},"excerpt":{"rendered":"<p>L&rsquo;Assembl\u00e9e populaire nationale examine actuellement un projet de loi qui pourrait transformer radicalement la gestion des plages en mettant fin<\/p>\n","protected":false},"author":6,"featured_media":42634,"comment_status":"open","ping_status":"closed","sticky":false,"template":"","format":"standard","meta":{"colormag_page_container_layout":"default_layout","colormag_page_sidebar_layout":"default_layout","om_disable_all_campaigns":false,"_monsterinsights_skip_tracking":false,"_monsterinsights_sitenote_active":false,"_monsterinsights_sitenote_note":"","_monsterinsights_sitenote_category":0,"footnotes":"","_wpscppro_dont_share_socialmedia":false,"_wpscppro_custom_social_share_image":0,"_facebook_share_type":"default","_twitter_share_type":"default","_linkedin_share_type":"default","_pinterest_share_type":"default","_linkedin_share_type_page":"","_instagram_share_type":"default","_medium_share_type":"default","_threads_share_type":"","_google_business_share_type":"","_selected_social_profile":[],"_wpsp_enable_custom_social_template":false,"_wpsp_social_scheduling":{"enabled":false,"datetime":null,"platforms":[],"status":"template_only","dateOption":"today","timeOption":"now","customDays":"","customHours":"","customDate":"","customTime":"","schedulingType":"absolute"},"_wpsp_active_default_template":true},"categories":[27],"tags":[],"class_list":["post-68387","post","type-post","status-publish","format-standard","has-post-thumbnail","hentry","category-actualite"],"aioseo_notices":[],"yoast_head":"<!-- This site is optimized with the Yoast SEO plugin v27.5 - https:\/\/yoast.com\/product\/yoast-seo-wordpress\/ -->\n<title>Le minist\u00e8re du Tourisme mise sur une r\u00e9vision du cadre l\u00e9gislatif: Mettre fin au chaos sur les plages - La Sentinelle<\/title>\n<meta name=\"robots\" content=\"index, follow, max-snippet:-1, max-image-preview:large, max-video-preview:-1\" \/>\n<link rel=\"canonical\" href=\"https:\/\/lasentinelle.dz\/index.php\/2025\/06\/02\/le-ministere-du-tourisme-mise-sur-une-revision-du-cadre-legislatif-mettre-fin-au-chaos-sur-les-plages\/\" \/>\n<meta property=\"og:locale\" content=\"fr_FR\" \/>\n<meta property=\"og:type\" content=\"article\" \/>\n<meta property=\"og:title\" content=\"Le minist\u00e8re du Tourisme mise sur une r\u00e9vision du cadre l\u00e9gislatif: Mettre fin au chaos sur les plages - La Sentinelle\" \/>\n<meta property=\"og:description\" content=\"L&rsquo;Assembl\u00e9e populaire nationale examine actuellement un projet de loi qui pourrait transformer radicalement la gestion des plages en mettant fin\" \/>\n<meta property=\"og:url\" content=\"https:\/\/lasentinelle.dz\/index.php\/2025\/06\/02\/le-ministere-du-tourisme-mise-sur-une-revision-du-cadre-legislatif-mettre-fin-au-chaos-sur-les-plages\/\" \/>\n<meta property=\"og:site_name\" content=\"La Sentinelle\" \/>\n<meta property=\"article:publisher\" content=\"https:\/\/www.facebook.com\/La-Sentinelle-104059864394773\" \/>\n<meta property=\"article:published_time\" content=\"2025-06-02T20:33:19+00:00\" \/>\n<meta property=\"article:modified_time\" content=\"2025-06-02T20:33:20+00:00\" \/>\n<meta property=\"og:image\" content=\"https:\/\/lasentinelle.dz\/wp-content\/uploads\/2023\/06\/Plages.jpeg\" \/>\n\t<meta property=\"og:image:width\" content=\"620\" \/>\n\t<meta property=\"og:image:height\" content=\"372\" \/>\n\t<meta property=\"og:image:type\" content=\"image\/jpeg\" \/>\n<meta name=\"author\" content=\"admin\" \/>\n<meta name=\"twitter:card\" content=\"summary_large_image\" \/>\n<meta name=\"twitter:label1\" content=\"\u00c9crit par\" \/>\n\t<meta name=\"twitter:data1\" content=\"admin\" \/>\n\t<meta name=\"twitter:label2\" content=\"Dur\u00e9e de lecture estim\u00e9e\" \/>\n\t<meta name=\"twitter:data2\" content=\"3 minutes\" \/>\n<script type=\"application\/ld+json\" class=\"yoast-schema-graph\">{\"@context\":\"https:\\\/\\\/schema.org\",\"@graph\":[{\"@type\":\"Article\",\"@id\":\"https:\\\/\\\/lasentinelle.dz\\\/index.php\\\/2025\\\/06\\\/02\\\/le-ministere-du-tourisme-mise-sur-une-revision-du-cadre-legislatif-mettre-fin-au-chaos-sur-les-plages\\\/#article\",\"isPartOf\":{\"@id\":\"https:\\\/\\\/lasentinelle.dz\\\/index.php\\\/2025\\\/06\\\/02\\\/le-ministere-du-tourisme-mise-sur-une-revision-du-cadre-legislatif-mettre-fin-au-chaos-sur-les-plages\\\/\"},\"author\":{\"name\":\"admin\",\"@id\":\"https:\\\/\\\/lasentinelle.dz\\\/#\\\/schema\\\/person\\\/729ee0024f24e0b8c5ec17232f8e8b41\"},\"headline\":\"Le minist\u00e8re du Tourisme mise sur une r\u00e9vision du cadre l\u00e9gislatif: Mettre fin au chaos sur les plages\",\"datePublished\":\"2025-06-02T20:33:19+00:00\",\"dateModified\":\"2025-06-02T20:33:20+00:00\",\"mainEntityOfPage\":{\"@id\":\"https:\\\/\\\/lasentinelle.dz\\\/index.php\\\/2025\\\/06\\\/02\\\/le-ministere-du-tourisme-mise-sur-une-revision-du-cadre-legislatif-mettre-fin-au-chaos-sur-les-plages\\\/\"},\"wordCount\":659,\"commentCount\":0,\"publisher\":{\"@id\":\"https:\\\/\\\/lasentinelle.dz\\\/#organization\"},\"image\":{\"@id\":\"https:\\\/\\\/lasentinelle.dz\\\/index.php\\\/2025\\\/06\\\/02\\\/le-ministere-du-tourisme-mise-sur-une-revision-du-cadre-legislatif-mettre-fin-au-chaos-sur-les-plages\\\/#primaryimage\"},\"thumbnailUrl\":\"https:\\\/\\\/lasentinelle.dz\\\/wp-content\\\/uploads\\\/2023\\\/06\\\/Plages.jpeg\",\"articleSection\":[\"Actualit\u00e9\"],\"inLanguage\":\"fr-FR\",\"potentialAction\":[{\"@type\":\"CommentAction\",\"name\":\"Comment\",\"target\":[\"https:\\\/\\\/lasentinelle.dz\\\/index.php\\\/2025\\\/06\\\/02\\\/le-ministere-du-tourisme-mise-sur-une-revision-du-cadre-legislatif-mettre-fin-au-chaos-sur-les-plages\\\/#respond\"]}]},{\"@type\":\"WebPage\",\"@id\":\"https:\\\/\\\/lasentinelle.dz\\\/index.php\\\/2025\\\/06\\\/02\\\/le-ministere-du-tourisme-mise-sur-une-revision-du-cadre-legislatif-mettre-fin-au-chaos-sur-les-plages\\\/\",\"url\":\"https:\\\/\\\/lasentinelle.dz\\\/index.php\\\/2025\\\/06\\\/02\\\/le-ministere-du-tourisme-mise-sur-une-revision-du-cadre-legislatif-mettre-fin-au-chaos-sur-les-plages\\\/\",\"name\":\"Le minist\u00e8re du Tourisme mise sur une r\u00e9vision du cadre l\u00e9gislatif: Mettre fin au chaos sur les plages - La Sentinelle\",\"isPartOf\":{\"@id\":\"https:\\\/\\\/lasentinelle.dz\\\/#website\"},\"primaryImageOfPage\":{\"@id\":\"https:\\\/\\\/lasentinelle.dz\\\/index.php\\\/2025\\\/06\\\/02\\\/le-ministere-du-tourisme-mise-sur-une-revision-du-cadre-legislatif-mettre-fin-au-chaos-sur-les-plages\\\/#primaryimage\"},\"image\":{\"@id\":\"https:\\\/\\\/lasentinelle.dz\\\/index.php\\\/2025\\\/06\\\/02\\\/le-ministere-du-tourisme-mise-sur-une-revision-du-cadre-legislatif-mettre-fin-au-chaos-sur-les-plages\\\/#primaryimage\"},\"thumbnailUrl\":\"https:\\\/\\\/lasentinelle.dz\\\/wp-content\\\/uploads\\\/2023\\\/06\\\/Plages.jpeg\",\"datePublished\":\"2025-06-02T20:33:19+00:00\",\"dateModified\":\"2025-06-02T20:33:20+00:00\",\"breadcrumb\":{\"@id\":\"https:\\\/\\\/lasentinelle.dz\\\/index.php\\\/2025\\\/06\\\/02\\\/le-ministere-du-tourisme-mise-sur-une-revision-du-cadre-legislatif-mettre-fin-au-chaos-sur-les-plages\\\/#breadcrumb\"},\"inLanguage\":\"fr-FR\",\"potentialAction\":[{\"@type\":\"ReadAction\",\"target\":[\"https:\\\/\\\/lasentinelle.dz\\\/index.php\\\/2025\\\/06\\\/02\\\/le-ministere-du-tourisme-mise-sur-une-revision-du-cadre-legislatif-mettre-fin-au-chaos-sur-les-plages\\\/\"]}]},{\"@type\":\"ImageObject\",\"inLanguage\":\"fr-FR\",\"@id\":\"https:\\\/\\\/lasentinelle.dz\\\/index.php\\\/2025\\\/06\\\/02\\\/le-ministere-du-tourisme-mise-sur-une-revision-du-cadre-legislatif-mettre-fin-au-chaos-sur-les-plages\\\/#primaryimage\",\"url\":\"https:\\\/\\\/lasentinelle.dz\\\/wp-content\\\/uploads\\\/2023\\\/06\\\/Plages.jpeg\",\"contentUrl\":\"https:\\\/\\\/lasentinelle.dz\\\/wp-content\\\/uploads\\\/2023\\\/06\\\/Plages.jpeg\",\"width\":620,\"height\":372},{\"@type\":\"BreadcrumbList\",\"@id\":\"https:\\\/\\\/lasentinelle.dz\\\/index.php\\\/2025\\\/06\\\/02\\\/le-ministere-du-tourisme-mise-sur-une-revision-du-cadre-legislatif-mettre-fin-au-chaos-sur-les-plages\\\/#breadcrumb\",\"itemListElement\":[{\"@type\":\"ListItem\",\"position\":1,\"name\":\"Accueil\",\"item\":\"https:\\\/\\\/lasentinelle.dz\\\/\"},{\"@type\":\"ListItem\",\"position\":2,\"name\":\"Le minist\u00e8re du Tourisme mise sur une r\u00e9vision du cadre l\u00e9gislatif: Mettre fin au chaos sur les plages\"}]},{\"@type\":\"WebSite\",\"@id\":\"https:\\\/\\\/lasentinelle.dz\\\/#website\",\"url\":\"https:\\\/\\\/lasentinelle.dz\\\/\",\"name\":\"La Sentinelle\",\"description\":\"Quotidien national d&#039;information\",\"publisher\":{\"@id\":\"https:\\\/\\\/lasentinelle.dz\\\/#organization\"},\"potentialAction\":[{\"@type\":\"SearchAction\",\"target\":{\"@type\":\"EntryPoint\",\"urlTemplate\":\"https:\\\/\\\/lasentinelle.dz\\\/?s={search_term_string}\"},\"query-input\":{\"@type\":\"PropertyValueSpecification\",\"valueRequired\":true,\"valueName\":\"search_term_string\"}}],\"inLanguage\":\"fr-FR\"},{\"@type\":\"Organization\",\"@id\":\"https:\\\/\\\/lasentinelle.dz\\\/#organization\",\"name\":\"Quotidien La Sentinelle\",\"url\":\"https:\\\/\\\/lasentinelle.dz\\\/\",\"logo\":{\"@type\":\"ImageObject\",\"inLanguage\":\"fr-FR\",\"@id\":\"https:\\\/\\\/lasentinelle.dz\\\/#\\\/schema\\\/logo\\\/image\\\/\",\"url\":\"https:\\\/\\\/lasentinelle.dz\\\/wp-content\\\/uploads\\\/2021\\\/09\\\/logo-sentinelleSLOGAN-1.png\",\"contentUrl\":\"https:\\\/\\\/lasentinelle.dz\\\/wp-content\\\/uploads\\\/2021\\\/09\\\/logo-sentinelleSLOGAN-1.png\",\"width\":615,\"height\":142,\"caption\":\"Quotidien La Sentinelle\"},\"image\":{\"@id\":\"https:\\\/\\\/lasentinelle.dz\\\/#\\\/schema\\\/logo\\\/image\\\/\"},\"sameAs\":[\"https:\\\/\\\/www.facebook.com\\\/La-Sentinelle-104059864394773\"]},{\"@type\":\"Person\",\"@id\":\"https:\\\/\\\/lasentinelle.dz\\\/#\\\/schema\\\/person\\\/729ee0024f24e0b8c5ec17232f8e8b41\",\"name\":\"admin\",\"image\":{\"@type\":\"ImageObject\",\"inLanguage\":\"fr-FR\",\"@id\":\"https:\\\/\\\/secure.gravatar.com\\\/avatar\\\/4c81fed838786e9b53f540bf46533e750f5d292099ae3b66cfc6fb1982e29df7?s=96&d=mm&r=g\",\"url\":\"https:\\\/\\\/secure.gravatar.com\\\/avatar\\\/4c81fed838786e9b53f540bf46533e750f5d292099ae3b66cfc6fb1982e29df7?s=96&d=mm&r=g\",\"contentUrl\":\"https:\\\/\\\/secure.gravatar.com\\\/avatar\\\/4c81fed838786e9b53f540bf46533e750f5d292099ae3b66cfc6fb1982e29df7?s=96&d=mm&r=g\",\"caption\":\"admin\"},\"description\":\"admin\",\"url\":\"https:\\\/\\\/lasentinelle.dz\\\/author\\\/admin\\\/\"}]}<\/script>\n<!-- \/ Yoast SEO plugin. -->","yoast_head_json":{"title":"Le minist\u00e8re du Tourisme mise sur une r\u00e9vision du cadre l\u00e9gislatif: Mettre fin au chaos sur les plages - La Sentinelle","robots":{"index":"index","follow":"follow","max-snippet":"max-snippet:-1","max-image-preview":"max-image-preview:large","max-video-preview":"max-video-preview:-1"},"canonical":"https:\/\/lasentinelle.dz\/index.php\/2025\/06\/02\/le-ministere-du-tourisme-mise-sur-une-revision-du-cadre-legislatif-mettre-fin-au-chaos-sur-les-plages\/","og_locale":"fr_FR","og_type":"article","og_title":"Le minist\u00e8re du Tourisme mise sur une r\u00e9vision du cadre l\u00e9gislatif: Mettre fin au chaos sur les plages - La Sentinelle","og_description":"L&rsquo;Assembl\u00e9e populaire nationale examine actuellement un projet de loi qui pourrait transformer radicalement la gestion des plages en mettant fin","og_url":"https:\/\/lasentinelle.dz\/index.php\/2025\/06\/02\/le-ministere-du-tourisme-mise-sur-une-revision-du-cadre-legislatif-mettre-fin-au-chaos-sur-les-plages\/","og_site_name":"La Sentinelle","article_publisher":"https:\/\/www.facebook.com\/La-Sentinelle-104059864394773","article_published_time":"2025-06-02T20:33:19+00:00","article_modified_time":"2025-06-02T20:33:20+00:00","og_image":[{"width":620,"height":372,"url":"https:\/\/lasentinelle.dz\/wp-content\/uploads\/2023\/06\/Plages.jpeg","type":"image\/jpeg"}],"author":"admin","twitter_card":"summary_large_image","twitter_misc":{"\u00c9crit par":"admin","Dur\u00e9e de lecture estim\u00e9e":"3 minutes"},"schema":{"@context":"https:\/\/schema.org","@graph":[{"@type":"Article","@id":"https:\/\/lasentinelle.dz\/index.php\/2025\/06\/02\/le-ministere-du-tourisme-mise-sur-une-revision-du-cadre-legislatif-mettre-fin-au-chaos-sur-les-plages\/#article","isPartOf":{"@id":"https:\/\/lasentinelle.dz\/index.php\/2025\/06\/02\/le-ministere-du-tourisme-mise-sur-une-revision-du-cadre-legislatif-mettre-fin-au-chaos-sur-les-plages\/"},"author":{"name":"admin","@id":"https:\/\/lasentinelle.dz\/#\/schema\/person\/729ee0024f24e0b8c5ec17232f8e8b41"},"headline":"Le minist\u00e8re du Tourisme mise sur une r\u00e9vision du cadre l\u00e9gislatif: Mettre fin au chaos sur les plages","datePublished":"2025-06-02T20:33:19+00:00","dateModified":"2025-06-02T20:33:20+00:00","mainEntityOfPage":{"@id":"https:\/\/lasentinelle.dz\/index.php\/2025\/06\/02\/le-ministere-du-tourisme-mise-sur-une-revision-du-cadre-legislatif-mettre-fin-au-chaos-sur-les-plages\/"},"wordCount":659,"commentCount":0,"publisher":{"@id":"https:\/\/lasentinelle.dz\/#organization"},"image":{"@id":"https:\/\/lasentinelle.dz\/index.php\/2025\/06\/02\/le-ministere-du-tourisme-mise-sur-une-revision-du-cadre-legislatif-mettre-fin-au-chaos-sur-les-plages\/#primaryimage"},"thumbnailUrl":"https:\/\/lasentinelle.dz\/wp-content\/uploads\/2023\/06\/Plages.jpeg","articleSection":["Actualit\u00e9"],"inLanguage":"fr-FR","potentialAction":[{"@type":"CommentAction","name":"Comment","target":["https:\/\/lasentinelle.dz\/index.php\/2025\/06\/02\/le-ministere-du-tourisme-mise-sur-une-revision-du-cadre-legislatif-mettre-fin-au-chaos-sur-les-plages\/#respond"]}]},{"@type":"WebPage","@id":"https:\/\/lasentinelle.dz\/index.php\/2025\/06\/02\/le-ministere-du-tourisme-mise-sur-une-revision-du-cadre-legislatif-mettre-fin-au-chaos-sur-les-plages\/","url":"https:\/\/lasentinelle.dz\/index.php\/2025\/06\/02\/le-ministere-du-tourisme-mise-sur-une-revision-du-cadre-legislatif-mettre-fin-au-chaos-sur-les-plages\/","name":"Le minist\u00e8re du Tourisme mise sur une r\u00e9vision du cadre l\u00e9gislatif: Mettre fin au chaos sur les plages - La Sentinelle","isPartOf":{"@id":"https:\/\/lasentinelle.dz\/#website"},"primaryImageOfPage":{"@id":"https:\/\/lasentinelle.dz\/index.php\/2025\/06\/02\/le-ministere-du-tourisme-mise-sur-une-revision-du-cadre-legislatif-mettre-fin-au-chaos-sur-les-plages\/#primaryimage"},"image":{"@id":"https:\/\/lasentinelle.dz\/index.php\/2025\/06\/02\/le-ministere-du-tourisme-mise-sur-une-revision-du-cadre-legislatif-mettre-fin-au-chaos-sur-les-plages\/#primaryimage"},"thumbnailUrl":"https:\/\/lasentinelle.dz\/wp-content\/uploads\/2023\/06\/Plages.jpeg","datePublished":"2025-06-02T20:33:19+00:00","dateModified":"2025-06-02T20:33:20+00:00","breadcrumb":{"@id":"https:\/\/lasentinelle.dz\/index.php\/2025\/06\/02\/le-ministere-du-tourisme-mise-sur-une-revision-du-cadre-legislatif-mettre-fin-au-chaos-sur-les-plages\/#breadcrumb"},"inLanguage":"fr-FR","potentialAction":[{"@type":"ReadAction","target":["https:\/\/lasentinelle.dz\/index.php\/2025\/06\/02\/le-ministere-du-tourisme-mise-sur-une-revision-du-cadre-legislatif-mettre-fin-au-chaos-sur-les-plages\/"]}]},{"@type":"ImageObject","inLanguage":"fr-FR","@id":"https:\/\/lasentinelle.dz\/index.php\/2025\/06\/02\/le-ministere-du-tourisme-mise-sur-une-revision-du-cadre-legislatif-mettre-fin-au-chaos-sur-les-plages\/#primaryimage","url":"https:\/\/lasentinelle.dz\/wp-content\/uploads\/2023\/06\/Plages.jpeg","contentUrl":"https:\/\/lasentinelle.dz\/wp-content\/uploads\/2023\/06\/Plages.jpeg","width":620,"height":372},{"@type":"BreadcrumbList","@id":"https:\/\/lasentinelle.dz\/index.php\/2025\/06\/02\/le-ministere-du-tourisme-mise-sur-une-revision-du-cadre-legislatif-mettre-fin-au-chaos-sur-les-plages\/#breadcrumb","itemListElement":[{"@type":"ListItem","position":1,"name":"Accueil","item":"https:\/\/lasentinelle.dz\/"},{"@type":"ListItem","position":2,"name":"Le minist\u00e8re du Tourisme mise sur une r\u00e9vision du cadre l\u00e9gislatif: Mettre fin au chaos sur les plages"}]},{"@type":"WebSite","@id":"https:\/\/lasentinelle.dz\/#website","url":"https:\/\/lasentinelle.dz\/","name":"La Sentinelle","description":"Quotidien national d&#039;information","publisher":{"@id":"https:\/\/lasentinelle.dz\/#organization"},"potentialAction":[{"@type":"SearchAction","target":{"@type":"EntryPoint","urlTemplate":"https:\/\/lasentinelle.dz\/?s={search_term_string}"},"query-input":{"@type":"PropertyValueSpecification","valueRequired":true,"valueName":"search_term_string"}}],"inLanguage":"fr-FR"},{"@type":"Organization","@id":"https:\/\/lasentinelle.dz\/#organization","name":"Quotidien La Sentinelle","url":"https:\/\/lasentinelle.dz\/","logo":{"@type":"ImageObject","inLanguage":"fr-FR","@id":"https:\/\/lasentinelle.dz\/#\/schema\/logo\/image\/","url":"https:\/\/lasentinelle.dz\/wp-content\/uploads\/2021\/09\/logo-sentinelleSLOGAN-1.png","contentUrl":"https:\/\/lasentinelle.dz\/wp-content\/uploads\/2021\/09\/logo-sentinelleSLOGAN-1.png","width":615,"height":142,"caption":"Quotidien La Sentinelle"},"image":{"@id":"https:\/\/lasentinelle.dz\/#\/schema\/logo\/image\/"},"sameAs":["https:\/\/www.facebook.com\/La-Sentinelle-104059864394773"]},{"@type":"Person","@id":"https:\/\/lasentinelle.dz\/#\/schema\/person\/729ee0024f24e0b8c5ec17232f8e8b41","name":"admin","image":{"@type":"ImageObject","inLanguage":"fr-FR","@id":"https:\/\/secure.gravatar.com\/avatar\/4c81fed838786e9b53f540bf46533e750f5d292099ae3b66cfc6fb1982e29df7?s=96&d=mm&r=g","url":"https:\/\/secure.gravatar.com\/avatar\/4c81fed838786e9b53f540bf46533e750f5d292099ae3b66cfc6fb1982e29df7?s=96&d=mm&r=g","contentUrl":"https:\/\/secure.gravatar.com\/avatar\/4c81fed838786e9b53f540bf46533e750f5d292099ae3b66cfc6fb1982e29df7?s=96&d=mm&r=g","caption":"admin"},"description":"admin","url":"https:\/\/lasentinelle.dz\/author\/admin\/"}]}},"_links":{"self":[{"href":"https:\/\/lasentinelle.dz\/index.php\/wp-json\/wp\/v2\/posts\/68387","targetHints":{"allow":["GET"]}}],"collection":[{"href":"https:\/\/lasentinelle.dz\/index.php\/wp-json\/wp\/v2\/posts"}],"about":[{"href":"https:\/\/lasentinelle.dz\/index.php\/wp-json\/wp\/v2\/types\/post"}],"author":[{"embeddable":true,"href":"https:\/\/lasentinelle.dz\/index.php\/wp-json\/wp\/v2\/users\/6"}],"replies":[{"embeddable":true,"href":"https:\/\/lasentinelle.dz\/index.php\/wp-json\/wp\/v2\/comments?post=68387"}],"version-history":[{"count":1,"href":"https:\/\/lasentinelle.dz\/index.php\/wp-json\/wp\/v2\/posts\/68387\/revisions"}],"predecessor-version":[{"id":68388,"href":"https:\/\/lasentinelle.dz\/index.php\/wp-json\/wp\/v2\/posts\/68387\/revisions\/68388"}],"wp:featuredmedia":[{"embeddable":true,"href":"https:\/\/lasentinelle.dz\/index.php\/wp-json\/wp\/v2\/media\/42634"}],"wp:attachment":[{"href":"https:\/\/lasentinelle.dz\/index.php\/wp-json\/wp\/v2\/media?parent=68387"}],"wp:term":[{"taxonomy":"category","embeddable":true,"href":"https:\/\/lasentinelle.dz\/index.php\/wp-json\/wp\/v2\/categories?post=68387"},{"taxonomy":"post_tag","embeddable":true,"href":"https:\/\/lasentinelle.dz\/index.php\/wp-json\/wp\/v2\/tags?post=68387"}],"curies":[{"name":"wp","href":"https:\/\/api.w.org\/{rel}","templated":true}]}}