{"id":68404,"date":"2025-06-02T21:40:36","date_gmt":"2025-06-02T20:40:36","guid":{"rendered":"https:\/\/lasentinelle.dz\/?p=68404"},"modified":"2025-06-02T21:40:37","modified_gmt":"2025-06-02T20:40:37","slug":"le-president-tebboune-recoit-le-p-dg-de-cma-cgm-prioriser-le-business-en-attendant","status":"publish","type":"post","link":"https:\/\/lasentinelle.dz\/index.php\/2025\/06\/02\/le-president-tebboune-recoit-le-p-dg-de-cma-cgm-prioriser-le-business-en-attendant\/","title":{"rendered":"Le Pr\u00e9sident Tebboune re\u00e7oit le P-DG de CMA CGM: Prioriser le business en attendant&#8230;"},"content":{"rendered":"\n<p>Le pr\u00e9sident de la R\u00e9publique, Abdelmadjid Tebboune, a re\u00e7u lundi le PDG du g\u00e9ant maritime fran\u00e7ais CMA CGM, Rodolphe Saad\u00e9, lequel a soulign\u00e9 l&rsquo;attractivit\u00e9 \u00e9conomique de l&rsquo;Alg\u00e9rie qui continue de s\u00e9duire les investisseurs internationaux.<\/p>\n\n\n\n<p>L&rsquo;entretien s&rsquo;est focalis\u00e9 sur les projets d&rsquo;envergure que le troisi\u00e8me armateur mondial souhaite d\u00e9velopper sur le territoire alg\u00e9rien, d\u00e9montrant la confiance des investisseurs dans le potentiel \u00e9conomique national. Au terme de la rencontre, Rodolphe Saad\u00e9 a exprim\u00e9 sa conviction dans les capacit\u00e9s de d\u00e9veloppement du pays : \u00ab\u00a0Nous croyons beaucoup dans le d\u00e9veloppement de l&rsquo;Alg\u00e9rie, je pense qu&rsquo;elle a un v\u00e9ritable potentiel\u00a0\u00bb. Le dirigeant fran\u00e7ais a \u00e9galement soulign\u00e9 sa d\u00e9termination \u00e0 concr\u00e9tiser les projets en cours : \u00ab\u00a0Cette rencontre avait permis d&rsquo;\u00e9voquer les diff\u00e9rents projets sur lesquels le groupe CMA CGM travaille en Alg\u00e9rie\u00a0\u00bb, pr\u00e9cisant vouloir \u00ab\u00a0avancer sur ces projets, avec l&rsquo;aide du ministre des Transports\u00a0\u00bb. \u00ab Je suis honor\u00e9 de rencontrer le Pr\u00e9sident Tebboune pour aborder les diff\u00e9rents projets de CMA- CGM en Alg\u00e9rie avec l\u2019appui du ministre des Transports, et nous avan\u00e7ons rapidement dans ces diff\u00e9rents projets. Nous croyons en les capacit\u00e9s de d\u00e9veloppement de l\u2019Alg\u00e9rie et je crois qu\u2019il y a de grandes et r\u00e9elles potentialit\u00e9s dans le pays \u00bb, a t-il d\u00e9clar\u00e9 tout en soulignant l\u2019existence d\u2019une volont\u00e9 d\u2019\u0153uvrer \u00e0 \u00ab d\u00e9passer les difficult\u00e9s op\u00e9rationnelles et avancer dans la bonne direction \u00bb. Cette visite rev\u00eat une signification particuli\u00e8re car elle intervient dans un contexte marqu\u00e9 par l&rsquo;escalade des tensions entre Alger et Paris. Rappelons que l&rsquo;homme d&rsquo;affaires franco-libanais r\u00e9put\u00e9 proche du pr\u00e9sident fran\u00e7ais Emmanuel Macron \u00e9tait attendu \u00e0 Alger au mois d&rsquo;avril dernier, laquelle avait \u00e9t\u00e9 report\u00e9e. Le Conseil du renouveau \u00e9conomique alg\u00e9rien avait alors d\u00e9nonc\u00e9 le report de cette visite, estimant qu&rsquo;elle r\u00e9sultait de pressions politiques fran\u00e7aises, une situation qui n&rsquo;a finalement pas entam\u00e9 la volont\u00e9 d&rsquo;investissement du g\u00e9ant maritime. L&rsquo;int\u00e9r\u00eat de CMA CGM pour l&rsquo;Alg\u00e9rie se cristallise autour du port d&rsquo;Oran, selon des sources de l&rsquo;armateur qui avait soulign\u00e9 l&rsquo;int\u00e9r\u00eat pour cette structure \u00e0 l&rsquo;\u00e9poque, soulignant la position g\u00e9ostrat\u00e9gique que convoite le groupe pour y d\u00e9velopper un hub logistique majeur via sa filiale CMA Terminals. Ce projet pharaonique, \u00e9valu\u00e9 \u00e0 plusieurs milliards d&rsquo;euros, pr\u00e9voit, selon les m\u00eames sources la modernisation compl\u00e8te des infrastructures portuaires, la construction de nouveaux terminaux \u00e0 conteneurs et une r\u00e9volution de la gestion logistique nationale. L&rsquo;initiative pourrait cr\u00e9er plus de 2000 emplois directsUne liaison maritime directe entre Marseille et Oran, assur\u00e9e par La M\u00e9ridionale, filiale du groupe, fait \u00e9galement partie des ambitions de l&rsquo;armateur. D\u00e9j\u00e0 implant\u00e9 dans neuf ports alg\u00e9riens strat\u00e9giques, notamment Alger, Annaba, B\u00e9ja\u00efa, Skikda et Ghazaouet, CMA CGM ambitionne d\u00e9sormais d&rsquo;obtenir la gestion exclusive d&rsquo;un terminal de premier plan. Le groupe, dirig\u00e9 par la famille Saad\u00e9 depuis 1996 et fort de ses 160.000 employ\u00e9s g\u00e9n\u00e9rant un chiffre d&rsquo;affaires de plus de 55 milliards de dollars en 2024, m\u00e8ne ainsi une offensive au regard du potentiel \u00e9conomique alg\u00e9rien et de sa position strat\u00e9gique en M\u00e9diterran\u00e9e. Cela laisse aussi esp\u00e9rer que le business et les int\u00e9r\u00eats \u00e9conomiques puissent permettre de rouvrir les voies du dialogue diplomatique.<\/p>\n\n\n\n<p>Amar Malki<\/p>\n","protected":false},"excerpt":{"rendered":"<p>Le pr\u00e9sident de la R\u00e9publique, Abdelmadjid Tebboune, a re\u00e7u lundi le PDG du g\u00e9ant maritime fran\u00e7ais CMA CGM, Rodolphe Saad\u00e9,<\/p>\n","protected":false},"author":6,"featured_media":68405,"comment_status":"open","ping_status":"closed","sticky":false,"template":"","format":"standard","meta":{"colormag_page_container_layout":"default_layout","colormag_page_sidebar_layout":"default_layout","om_disable_all_campaigns":false,"_monsterinsights_skip_tracking":false,"_monsterinsights_sitenote_active":false,"_monsterinsights_sitenote_note":"","_monsterinsights_sitenote_category":0,"footnotes":"","_wpscppro_dont_share_socialmedia":false,"_wpscppro_custom_social_share_image":0,"_facebook_share_type":"default","_twitter_share_type":"default","_linkedin_share_type":"default","_pinterest_share_type":"default","_linkedin_share_type_page":"","_instagram_share_type":"default","_medium_share_type":"default","_threads_share_type":"","_google_business_share_type":"","_selected_social_profile":[],"_wpsp_enable_custom_social_template":false,"_wpsp_social_scheduling":{"enabled":false,"datetime":null,"platforms":[],"status":"template_only","dateOption":"today","timeOption":"now","customDays":"","customHours":"","customDate":"","customTime":"","schedulingType":"absolute"},"_wpsp_active_default_template":true},"categories":[52,27],"tags":[],"class_list":["post-68404","post","type-post","status-publish","format-standard","has-post-thumbnail","hentry","category-a-la-une","category-actualite"],"aioseo_notices":[],"yoast_head":"<!-- This site is optimized with the Yoast SEO plugin v27.5 - https:\/\/yoast.com\/product\/yoast-seo-wordpress\/ -->\n<title>Le Pr\u00e9sident Tebboune re\u00e7oit le P-DG de CMA CGM: Prioriser le business en attendant&#8230; - La Sentinelle<\/title>\n<meta name=\"robots\" content=\"index, follow, max-snippet:-1, max-image-preview:large, max-video-preview:-1\" \/>\n<link rel=\"canonical\" href=\"https:\/\/lasentinelle.dz\/index.php\/2025\/06\/02\/le-president-tebboune-recoit-le-p-dg-de-cma-cgm-prioriser-le-business-en-attendant\/\" \/>\n<meta property=\"og:locale\" content=\"fr_FR\" \/>\n<meta property=\"og:type\" content=\"article\" \/>\n<meta property=\"og:title\" content=\"Le Pr\u00e9sident Tebboune re\u00e7oit le P-DG de CMA CGM: Prioriser le business en attendant&#8230; - La Sentinelle\" \/>\n<meta property=\"og:description\" content=\"Le pr\u00e9sident de la R\u00e9publique, Abdelmadjid Tebboune, a re\u00e7u lundi le PDG du g\u00e9ant maritime fran\u00e7ais CMA CGM, Rodolphe Saad\u00e9,\" \/>\n<meta property=\"og:url\" content=\"https:\/\/lasentinelle.dz\/index.php\/2025\/06\/02\/le-president-tebboune-recoit-le-p-dg-de-cma-cgm-prioriser-le-business-en-attendant\/\" \/>\n<meta property=\"og:site_name\" content=\"La Sentinelle\" \/>\n<meta property=\"article:publisher\" content=\"https:\/\/www.facebook.com\/La-Sentinelle-104059864394773\" \/>\n<meta property=\"article:published_time\" content=\"2025-06-02T20:40:36+00:00\" \/>\n<meta property=\"article:modified_time\" content=\"2025-06-02T20:40:37+00:00\" \/>\n<meta property=\"og:image\" content=\"https:\/\/lasentinelle.dz\/wp-content\/uploads\/2025\/06\/Tebboune-CMA.jpg\" \/>\n\t<meta property=\"og:image:width\" content=\"1280\" \/>\n\t<meta property=\"og:image:height\" content=\"853\" \/>\n\t<meta property=\"og:image:type\" content=\"image\/jpeg\" \/>\n<meta name=\"author\" content=\"admin\" \/>\n<meta name=\"twitter:card\" content=\"summary_large_image\" \/>\n<meta name=\"twitter:label1\" content=\"\u00c9crit par\" \/>\n\t<meta name=\"twitter:data1\" content=\"admin\" \/>\n\t<meta name=\"twitter:label2\" content=\"Dur\u00e9e de lecture estim\u00e9e\" \/>\n\t<meta name=\"twitter:data2\" content=\"3 minutes\" \/>\n<script type=\"application\/ld+json\" class=\"yoast-schema-graph\">{\"@context\":\"https:\\\/\\\/schema.org\",\"@graph\":[{\"@type\":\"Article\",\"@id\":\"https:\\\/\\\/lasentinelle.dz\\\/index.php\\\/2025\\\/06\\\/02\\\/le-president-tebboune-recoit-le-p-dg-de-cma-cgm-prioriser-le-business-en-attendant\\\/#article\",\"isPartOf\":{\"@id\":\"https:\\\/\\\/lasentinelle.dz\\\/index.php\\\/2025\\\/06\\\/02\\\/le-president-tebboune-recoit-le-p-dg-de-cma-cgm-prioriser-le-business-en-attendant\\\/\"},\"author\":{\"name\":\"admin\",\"@id\":\"https:\\\/\\\/lasentinelle.dz\\\/#\\\/schema\\\/person\\\/729ee0024f24e0b8c5ec17232f8e8b41\"},\"headline\":\"Le Pr\u00e9sident Tebboune re\u00e7oit le P-DG de CMA CGM: Prioriser le business en attendant&#8230;\",\"datePublished\":\"2025-06-02T20:40:36+00:00\",\"dateModified\":\"2025-06-02T20:40:37+00:00\",\"mainEntityOfPage\":{\"@id\":\"https:\\\/\\\/lasentinelle.dz\\\/index.php\\\/2025\\\/06\\\/02\\\/le-president-tebboune-recoit-le-p-dg-de-cma-cgm-prioriser-le-business-en-attendant\\\/\"},\"wordCount\":614,\"commentCount\":0,\"publisher\":{\"@id\":\"https:\\\/\\\/lasentinelle.dz\\\/#organization\"},\"image\":{\"@id\":\"https:\\\/\\\/lasentinelle.dz\\\/index.php\\\/2025\\\/06\\\/02\\\/le-president-tebboune-recoit-le-p-dg-de-cma-cgm-prioriser-le-business-en-attendant\\\/#primaryimage\"},\"thumbnailUrl\":\"https:\\\/\\\/lasentinelle.dz\\\/wp-content\\\/uploads\\\/2025\\\/06\\\/Tebboune-CMA.jpg\",\"articleSection\":[\"\u00c0 la Une\",\"Actualit\u00e9\"],\"inLanguage\":\"fr-FR\",\"potentialAction\":[{\"@type\":\"CommentAction\",\"name\":\"Comment\",\"target\":[\"https:\\\/\\\/lasentinelle.dz\\\/index.php\\\/2025\\\/06\\\/02\\\/le-president-tebboune-recoit-le-p-dg-de-cma-cgm-prioriser-le-business-en-attendant\\\/#respond\"]}]},{\"@type\":\"WebPage\",\"@id\":\"https:\\\/\\\/lasentinelle.dz\\\/index.php\\\/2025\\\/06\\\/02\\\/le-president-tebboune-recoit-le-p-dg-de-cma-cgm-prioriser-le-business-en-attendant\\\/\",\"url\":\"https:\\\/\\\/lasentinelle.dz\\\/index.php\\\/2025\\\/06\\\/02\\\/le-president-tebboune-recoit-le-p-dg-de-cma-cgm-prioriser-le-business-en-attendant\\\/\",\"name\":\"Le Pr\u00e9sident Tebboune re\u00e7oit le P-DG de CMA CGM: Prioriser le business en attendant&#8230; - La Sentinelle\",\"isPartOf\":{\"@id\":\"https:\\\/\\\/lasentinelle.dz\\\/#website\"},\"primaryImageOfPage\":{\"@id\":\"https:\\\/\\\/lasentinelle.dz\\\/index.php\\\/2025\\\/06\\\/02\\\/le-president-tebboune-recoit-le-p-dg-de-cma-cgm-prioriser-le-business-en-attendant\\\/#primaryimage\"},\"image\":{\"@id\":\"https:\\\/\\\/lasentinelle.dz\\\/index.php\\\/2025\\\/06\\\/02\\\/le-president-tebboune-recoit-le-p-dg-de-cma-cgm-prioriser-le-business-en-attendant\\\/#primaryimage\"},\"thumbnailUrl\":\"https:\\\/\\\/lasentinelle.dz\\\/wp-content\\\/uploads\\\/2025\\\/06\\\/Tebboune-CMA.jpg\",\"datePublished\":\"2025-06-02T20:40:36+00:00\",\"dateModified\":\"2025-06-02T20:40:37+00:00\",\"breadcrumb\":{\"@id\":\"https:\\\/\\\/lasentinelle.dz\\\/index.php\\\/2025\\\/06\\\/02\\\/le-president-tebboune-recoit-le-p-dg-de-cma-cgm-prioriser-le-business-en-attendant\\\/#breadcrumb\"},\"inLanguage\":\"fr-FR\",\"potentialAction\":[{\"@type\":\"ReadAction\",\"target\":[\"https:\\\/\\\/lasentinelle.dz\\\/index.php\\\/2025\\\/06\\\/02\\\/le-president-tebboune-recoit-le-p-dg-de-cma-cgm-prioriser-le-business-en-attendant\\\/\"]}]},{\"@type\":\"ImageObject\",\"inLanguage\":\"fr-FR\",\"@id\":\"https:\\\/\\\/lasentinelle.dz\\\/index.php\\\/2025\\\/06\\\/02\\\/le-president-tebboune-recoit-le-p-dg-de-cma-cgm-prioriser-le-business-en-attendant\\\/#primaryimage\",\"url\":\"https:\\\/\\\/lasentinelle.dz\\\/wp-content\\\/uploads\\\/2025\\\/06\\\/Tebboune-CMA.jpg\",\"contentUrl\":\"https:\\\/\\\/lasentinelle.dz\\\/wp-content\\\/uploads\\\/2025\\\/06\\\/Tebboune-CMA.jpg\",\"width\":1280,\"height\":853},{\"@type\":\"BreadcrumbList\",\"@id\":\"https:\\\/\\\/lasentinelle.dz\\\/index.php\\\/2025\\\/06\\\/02\\\/le-president-tebboune-recoit-le-p-dg-de-cma-cgm-prioriser-le-business-en-attendant\\\/#breadcrumb\",\"itemListElement\":[{\"@type\":\"ListItem\",\"position\":1,\"name\":\"Accueil\",\"item\":\"https:\\\/\\\/lasentinelle.dz\\\/\"},{\"@type\":\"ListItem\",\"position\":2,\"name\":\"Le Pr\u00e9sident Tebboune re\u00e7oit le P-DG de CMA CGM: Prioriser le business en attendant&#8230;\"}]},{\"@type\":\"WebSite\",\"@id\":\"https:\\\/\\\/lasentinelle.dz\\\/#website\",\"url\":\"https:\\\/\\\/lasentinelle.dz\\\/\",\"name\":\"La Sentinelle\",\"description\":\"Quotidien national d&#039;information\",\"publisher\":{\"@id\":\"https:\\\/\\\/lasentinelle.dz\\\/#organization\"},\"potentialAction\":[{\"@type\":\"SearchAction\",\"target\":{\"@type\":\"EntryPoint\",\"urlTemplate\":\"https:\\\/\\\/lasentinelle.dz\\\/?s={search_term_string}\"},\"query-input\":{\"@type\":\"PropertyValueSpecification\",\"valueRequired\":true,\"valueName\":\"search_term_string\"}}],\"inLanguage\":\"fr-FR\"},{\"@type\":\"Organization\",\"@id\":\"https:\\\/\\\/lasentinelle.dz\\\/#organization\",\"name\":\"Quotidien La Sentinelle\",\"url\":\"https:\\\/\\\/lasentinelle.dz\\\/\",\"logo\":{\"@type\":\"ImageObject\",\"inLanguage\":\"fr-FR\",\"@id\":\"https:\\\/\\\/lasentinelle.dz\\\/#\\\/schema\\\/logo\\\/image\\\/\",\"url\":\"https:\\\/\\\/lasentinelle.dz\\\/wp-content\\\/uploads\\\/2021\\\/09\\\/logo-sentinelleSLOGAN-1.png\",\"contentUrl\":\"https:\\\/\\\/lasentinelle.dz\\\/wp-content\\\/uploads\\\/2021\\\/09\\\/logo-sentinelleSLOGAN-1.png\",\"width\":615,\"height\":142,\"caption\":\"Quotidien La Sentinelle\"},\"image\":{\"@id\":\"https:\\\/\\\/lasentinelle.dz\\\/#\\\/schema\\\/logo\\\/image\\\/\"},\"sameAs\":[\"https:\\\/\\\/www.facebook.com\\\/La-Sentinelle-104059864394773\"]},{\"@type\":\"Person\",\"@id\":\"https:\\\/\\\/lasentinelle.dz\\\/#\\\/schema\\\/person\\\/729ee0024f24e0b8c5ec17232f8e8b41\",\"name\":\"admin\",\"image\":{\"@type\":\"ImageObject\",\"inLanguage\":\"fr-FR\",\"@id\":\"https:\\\/\\\/secure.gravatar.com\\\/avatar\\\/4c81fed838786e9b53f540bf46533e750f5d292099ae3b66cfc6fb1982e29df7?s=96&d=mm&r=g\",\"url\":\"https:\\\/\\\/secure.gravatar.com\\\/avatar\\\/4c81fed838786e9b53f540bf46533e750f5d292099ae3b66cfc6fb1982e29df7?s=96&d=mm&r=g\",\"contentUrl\":\"https:\\\/\\\/secure.gravatar.com\\\/avatar\\\/4c81fed838786e9b53f540bf46533e750f5d292099ae3b66cfc6fb1982e29df7?s=96&d=mm&r=g\",\"caption\":\"admin\"},\"description\":\"admin\",\"url\":\"https:\\\/\\\/lasentinelle.dz\\\/author\\\/admin\\\/\"}]}<\/script>\n<!-- \/ Yoast SEO plugin. -->","yoast_head_json":{"title":"Le Pr\u00e9sident Tebboune re\u00e7oit le P-DG de CMA CGM: Prioriser le business en attendant&#8230; - La Sentinelle","robots":{"index":"index","follow":"follow","max-snippet":"max-snippet:-1","max-image-preview":"max-image-preview:large","max-video-preview":"max-video-preview:-1"},"canonical":"https:\/\/lasentinelle.dz\/index.php\/2025\/06\/02\/le-president-tebboune-recoit-le-p-dg-de-cma-cgm-prioriser-le-business-en-attendant\/","og_locale":"fr_FR","og_type":"article","og_title":"Le Pr\u00e9sident Tebboune re\u00e7oit le P-DG de CMA CGM: Prioriser le business en attendant&#8230; - La Sentinelle","og_description":"Le pr\u00e9sident de la R\u00e9publique, Abdelmadjid Tebboune, a re\u00e7u lundi le PDG du g\u00e9ant maritime fran\u00e7ais CMA CGM, Rodolphe Saad\u00e9,","og_url":"https:\/\/lasentinelle.dz\/index.php\/2025\/06\/02\/le-president-tebboune-recoit-le-p-dg-de-cma-cgm-prioriser-le-business-en-attendant\/","og_site_name":"La Sentinelle","article_publisher":"https:\/\/www.facebook.com\/La-Sentinelle-104059864394773","article_published_time":"2025-06-02T20:40:36+00:00","article_modified_time":"2025-06-02T20:40:37+00:00","og_image":[{"width":1280,"height":853,"url":"https:\/\/lasentinelle.dz\/wp-content\/uploads\/2025\/06\/Tebboune-CMA.jpg","type":"image\/jpeg"}],"author":"admin","twitter_card":"summary_large_image","twitter_misc":{"\u00c9crit par":"admin","Dur\u00e9e de lecture estim\u00e9e":"3 minutes"},"schema":{"@context":"https:\/\/schema.org","@graph":[{"@type":"Article","@id":"https:\/\/lasentinelle.dz\/index.php\/2025\/06\/02\/le-president-tebboune-recoit-le-p-dg-de-cma-cgm-prioriser-le-business-en-attendant\/#article","isPartOf":{"@id":"https:\/\/lasentinelle.dz\/index.php\/2025\/06\/02\/le-president-tebboune-recoit-le-p-dg-de-cma-cgm-prioriser-le-business-en-attendant\/"},"author":{"name":"admin","@id":"https:\/\/lasentinelle.dz\/#\/schema\/person\/729ee0024f24e0b8c5ec17232f8e8b41"},"headline":"Le Pr\u00e9sident Tebboune re\u00e7oit le P-DG de CMA CGM: Prioriser le business en attendant&#8230;","datePublished":"2025-06-02T20:40:36+00:00","dateModified":"2025-06-02T20:40:37+00:00","mainEntityOfPage":{"@id":"https:\/\/lasentinelle.dz\/index.php\/2025\/06\/02\/le-president-tebboune-recoit-le-p-dg-de-cma-cgm-prioriser-le-business-en-attendant\/"},"wordCount":614,"commentCount":0,"publisher":{"@id":"https:\/\/lasentinelle.dz\/#organization"},"image":{"@id":"https:\/\/lasentinelle.dz\/index.php\/2025\/06\/02\/le-president-tebboune-recoit-le-p-dg-de-cma-cgm-prioriser-le-business-en-attendant\/#primaryimage"},"thumbnailUrl":"https:\/\/lasentinelle.dz\/wp-content\/uploads\/2025\/06\/Tebboune-CMA.jpg","articleSection":["\u00c0 la Une","Actualit\u00e9"],"inLanguage":"fr-FR","potentialAction":[{"@type":"CommentAction","name":"Comment","target":["https:\/\/lasentinelle.dz\/index.php\/2025\/06\/02\/le-president-tebboune-recoit-le-p-dg-de-cma-cgm-prioriser-le-business-en-attendant\/#respond"]}]},{"@type":"WebPage","@id":"https:\/\/lasentinelle.dz\/index.php\/2025\/06\/02\/le-president-tebboune-recoit-le-p-dg-de-cma-cgm-prioriser-le-business-en-attendant\/","url":"https:\/\/lasentinelle.dz\/index.php\/2025\/06\/02\/le-president-tebboune-recoit-le-p-dg-de-cma-cgm-prioriser-le-business-en-attendant\/","name":"Le Pr\u00e9sident Tebboune re\u00e7oit le P-DG de CMA CGM: Prioriser le business en attendant&#8230; - La Sentinelle","isPartOf":{"@id":"https:\/\/lasentinelle.dz\/#website"},"primaryImageOfPage":{"@id":"https:\/\/lasentinelle.dz\/index.php\/2025\/06\/02\/le-president-tebboune-recoit-le-p-dg-de-cma-cgm-prioriser-le-business-en-attendant\/#primaryimage"},"image":{"@id":"https:\/\/lasentinelle.dz\/index.php\/2025\/06\/02\/le-president-tebboune-recoit-le-p-dg-de-cma-cgm-prioriser-le-business-en-attendant\/#primaryimage"},"thumbnailUrl":"https:\/\/lasentinelle.dz\/wp-content\/uploads\/2025\/06\/Tebboune-CMA.jpg","datePublished":"2025-06-02T20:40:36+00:00","dateModified":"2025-06-02T20:40:37+00:00","breadcrumb":{"@id":"https:\/\/lasentinelle.dz\/index.php\/2025\/06\/02\/le-president-tebboune-recoit-le-p-dg-de-cma-cgm-prioriser-le-business-en-attendant\/#breadcrumb"},"inLanguage":"fr-FR","potentialAction":[{"@type":"ReadAction","target":["https:\/\/lasentinelle.dz\/index.php\/2025\/06\/02\/le-president-tebboune-recoit-le-p-dg-de-cma-cgm-prioriser-le-business-en-attendant\/"]}]},{"@type":"ImageObject","inLanguage":"fr-FR","@id":"https:\/\/lasentinelle.dz\/index.php\/2025\/06\/02\/le-president-tebboune-recoit-le-p-dg-de-cma-cgm-prioriser-le-business-en-attendant\/#primaryimage","url":"https:\/\/lasentinelle.dz\/wp-content\/uploads\/2025\/06\/Tebboune-CMA.jpg","contentUrl":"https:\/\/lasentinelle.dz\/wp-content\/uploads\/2025\/06\/Tebboune-CMA.jpg","width":1280,"height":853},{"@type":"BreadcrumbList","@id":"https:\/\/lasentinelle.dz\/index.php\/2025\/06\/02\/le-president-tebboune-recoit-le-p-dg-de-cma-cgm-prioriser-le-business-en-attendant\/#breadcrumb","itemListElement":[{"@type":"ListItem","position":1,"name":"Accueil","item":"https:\/\/lasentinelle.dz\/"},{"@type":"ListItem","position":2,"name":"Le Pr\u00e9sident Tebboune re\u00e7oit le P-DG de CMA CGM: Prioriser le business en attendant&#8230;"}]},{"@type":"WebSite","@id":"https:\/\/lasentinelle.dz\/#website","url":"https:\/\/lasentinelle.dz\/","name":"La Sentinelle","description":"Quotidien national d&#039;information","publisher":{"@id":"https:\/\/lasentinelle.dz\/#organization"},"potentialAction":[{"@type":"SearchAction","target":{"@type":"EntryPoint","urlTemplate":"https:\/\/lasentinelle.dz\/?s={search_term_string}"},"query-input":{"@type":"PropertyValueSpecification","valueRequired":true,"valueName":"search_term_string"}}],"inLanguage":"fr-FR"},{"@type":"Organization","@id":"https:\/\/lasentinelle.dz\/#organization","name":"Quotidien La Sentinelle","url":"https:\/\/lasentinelle.dz\/","logo":{"@type":"ImageObject","inLanguage":"fr-FR","@id":"https:\/\/lasentinelle.dz\/#\/schema\/logo\/image\/","url":"https:\/\/lasentinelle.dz\/wp-content\/uploads\/2021\/09\/logo-sentinelleSLOGAN-1.png","contentUrl":"https:\/\/lasentinelle.dz\/wp-content\/uploads\/2021\/09\/logo-sentinelleSLOGAN-1.png","width":615,"height":142,"caption":"Quotidien La Sentinelle"},"image":{"@id":"https:\/\/lasentinelle.dz\/#\/schema\/logo\/image\/"},"sameAs":["https:\/\/www.facebook.com\/La-Sentinelle-104059864394773"]},{"@type":"Person","@id":"https:\/\/lasentinelle.dz\/#\/schema\/person\/729ee0024f24e0b8c5ec17232f8e8b41","name":"admin","image":{"@type":"ImageObject","inLanguage":"fr-FR","@id":"https:\/\/secure.gravatar.com\/avatar\/4c81fed838786e9b53f540bf46533e750f5d292099ae3b66cfc6fb1982e29df7?s=96&d=mm&r=g","url":"https:\/\/secure.gravatar.com\/avatar\/4c81fed838786e9b53f540bf46533e750f5d292099ae3b66cfc6fb1982e29df7?s=96&d=mm&r=g","contentUrl":"https:\/\/secure.gravatar.com\/avatar\/4c81fed838786e9b53f540bf46533e750f5d292099ae3b66cfc6fb1982e29df7?s=96&d=mm&r=g","caption":"admin"},"description":"admin","url":"https:\/\/lasentinelle.dz\/author\/admin\/"}]}},"_links":{"self":[{"href":"https:\/\/lasentinelle.dz\/index.php\/wp-json\/wp\/v2\/posts\/68404","targetHints":{"allow":["GET"]}}],"collection":[{"href":"https:\/\/lasentinelle.dz\/index.php\/wp-json\/wp\/v2\/posts"}],"about":[{"href":"https:\/\/lasentinelle.dz\/index.php\/wp-json\/wp\/v2\/types\/post"}],"author":[{"embeddable":true,"href":"https:\/\/lasentinelle.dz\/index.php\/wp-json\/wp\/v2\/users\/6"}],"replies":[{"embeddable":true,"href":"https:\/\/lasentinelle.dz\/index.php\/wp-json\/wp\/v2\/comments?post=68404"}],"version-history":[{"count":2,"href":"https:\/\/lasentinelle.dz\/index.php\/wp-json\/wp\/v2\/posts\/68404\/revisions"}],"predecessor-version":[{"id":68407,"href":"https:\/\/lasentinelle.dz\/index.php\/wp-json\/wp\/v2\/posts\/68404\/revisions\/68407"}],"wp:featuredmedia":[{"embeddable":true,"href":"https:\/\/lasentinelle.dz\/index.php\/wp-json\/wp\/v2\/media\/68405"}],"wp:attachment":[{"href":"https:\/\/lasentinelle.dz\/index.php\/wp-json\/wp\/v2\/media?parent=68404"}],"wp:term":[{"taxonomy":"category","embeddable":true,"href":"https:\/\/lasentinelle.dz\/index.php\/wp-json\/wp\/v2\/categories?post=68404"},{"taxonomy":"post_tag","embeddable":true,"href":"https:\/\/lasentinelle.dz\/index.php\/wp-json\/wp\/v2\/tags?post=68404"}],"curies":[{"name":"wp","href":"https:\/\/api.w.org\/{rel}","templated":true}]}}